{"id":18375,"date":"2021-11-26T06:24:48","date_gmt":"2021-11-26T13:24:48","guid":{"rendered":"https:\/\/fuentesfidedignas.com.mx\/?p=18375"},"modified":"2021-11-26T06:24:49","modified_gmt":"2021-11-26T13:24:49","slug":"muere-feminista-en-fuego-cruzado-de-ataque-en-el-25n-en-guaymas","status":"publish","type":"post","link":"https:\/\/fuentesfidedignas.com.mx\/index.php\/2021\/11\/26\/muere-feminista-en-fuego-cruzado-de-ataque-en-el-25n-en-guaymas\/","title":{"rendered":"Muere feminista en fuego cruzado de ataque en el 25N en Guaymas"},"content":{"rendered":"\n<p><strong><em>Una integrante del colectivo Feministas del Mar, perdi\u00f3 la vida al quedar atrapada en el fuego cruzado cuando un grupo de sicarios atac\u00f3 a funcionarios del Ayuntamiento <\/em><\/strong><\/p>\n\n\n\n<p>Sonora.- Marisol Cuadras, integrante del colectivo Feministas del Mar, perdi\u00f3 la vida al quedar atrapada en el fuego cruzado cuando un grupo de sicarios atac\u00f3 a funcionarios de la administraci\u00f3n de la alcaldesa Karla C\u00f3rdova, en el Palacio Municipal del Ayuntamiento de Guaymas, Sonora.<\/p>\n\n\n\n<p>Apenas al mediod\u00eda de ayer, Marisol Cuadras, en su perfil personal de Facebook, estuvo convocando a una toma simb\u00f3lica del Palacio Municipal para conmemorar el D\u00eda Internacional de la Eliminaci\u00f3n de la Violencia contra la Mujer, pero, en plena manifestaci\u00f3n, hombres con rifles de asalto y granadas intentaron irrumpir en el recinto, quedando dos hombres muertos: un polic\u00eda y un sicario, adem\u00e1s de la integrante del colectivo feminista, quien no alcanz\u00f3 a huir del enfrentamiento.<\/p>\n\n\n\n<p>Sus compa\u00f1eras del colectivo Feministas del Mar han advertido que las autoridades deben garantizar justicia por la muerte de Marisol Cuadras, \u201cuna v\u00edctima inocente\u201d, o que van a incendiar todo a su paso y vandalizar el Palacio Municipal hasta que caiga todo el peso de la ley sobre los responsables del crimen.<\/p>\n\n\n\n<p>De los dos hombres que tambi\u00e9n perdieron la vida, uno fue identificado como Antelmo Eduardo Guti\u00e9rrez, polic\u00eda municipal que estaba comisionado como escolta personal de la alcaldesa; el otro que muri\u00f3 supuestamente era uno de los sicarios que perpetraron el ataque.<\/p>\n","protected":false},"excerpt":{"rendered":"<p>Una integrante del colectivo Feministas del Mar, perdi\u00f3 la vida al quedar atrapada en el fuego cruzado cuando un grupo de sicarios atac\u00f3 a funcionarios del Ayuntamiento Sonora.- Marisol Cuadras, integrante del colectivo Feministas del Mar, perdi\u00f3 la vida al quedar atrapada en el fuego cruzado cuando un grupo de sicarios atac\u00f3 a funcionarios de [&hellip;]<\/p>\n","protected":false},"author":7,"featured_media":18376,"comment_status":"open","ping_status":"open","sticky":false,"template":"","format":"standard","meta":{"tdm_status":"","tdm_grid_status":"","footnotes":""},"categories":[39],"tags":[],"class_list":{"0":"post-18375","1":"post","2":"type-post","3":"status-publish","4":"format-standard","5":"has-post-thumbnail","7":"category-noticias-nacionales"},"yoast_head":"<!-- This site is optimized with the Yoast SEO plugin v27.5 - https:\/\/yoast.com\/product\/yoast-seo-wordpress\/ -->\n<title>Muere feminista en fuego cruzado de ataque en el 25N en Guaymas - Fuentes Fidedignas<\/title>\n<meta name=\"robots\" content=\"index, follow, max-snippet:-1, max-image-preview:large, max-video-preview:-1\" \/>\n<link rel=\"canonical\" href=\"https:\/\/fuentesfidedignas.com.mx\/index.php\/2021\/11\/26\/muere-feminista-en-fuego-cruzado-de-ataque-en-el-25n-en-guaymas\/\" \/>\n<meta property=\"og:locale\" content=\"es_MX\" \/>\n<meta property=\"og:type\" content=\"article\" \/>\n<meta property=\"og:title\" content=\"Muere feminista en fuego cruzado de ataque en el 25N en Guaymas - Fuentes Fidedignas\" \/>\n<meta property=\"og:description\" content=\"Una integrante del colectivo Feministas del Mar, perdi\u00f3 la vida al quedar atrapada en el fuego cruzado cuando un grupo de sicarios atac\u00f3 a funcionarios del Ayuntamiento Sonora.- Marisol Cuadras, integrante del colectivo Feministas del Mar, perdi\u00f3 la vida al quedar atrapada en el fuego cruzado cuando un grupo de sicarios atac\u00f3 a funcionarios de [&hellip;]\" \/>\n<meta property=\"og:url\" content=\"https:\/\/fuentesfidedignas.com.mx\/index.php\/2021\/11\/26\/muere-feminista-en-fuego-cruzado-de-ataque-en-el-25n-en-guaymas\/\" \/>\n<meta property=\"og:site_name\" content=\"Fuentes Fidedignas\" \/>\n<meta property=\"article:publisher\" content=\"https:\/\/www.facebook.com\/Fuentes-Fidedignas-368234489921644\" \/>\n<meta property=\"article:published_time\" content=\"2021-11-26T13:24:48+00:00\" \/>\n<meta property=\"article:modified_time\" content=\"2021-11-26T13:24:49+00:00\" \/>\n<meta property=\"og:image\" content=\"https:\/\/fuentesfidedignas.com.mx\/wp-content\/uploads\/2021\/11\/2677815.jpg\" \/>\n\t<meta property=\"og:image:width\" content=\"800\" \/>\n\t<meta property=\"og:image:height\" content=\"600\" \/>\n\t<meta property=\"og:image:type\" content=\"image\/jpeg\" \/>\n<meta name=\"author\" content=\"Exc\u00e9lsior\" \/>\n<meta name=\"twitter:card\" content=\"summary_large_image\" \/>\n<meta name=\"twitter:creator\" content=\"@fidedignas\" \/>\n<meta name=\"twitter:site\" content=\"@fidedignas\" \/>\n<meta name=\"twitter:label1\" content=\"Escrito por\" \/>\n\t<meta name=\"twitter:data1\" content=\"Exc\u00e9lsior\" \/>\n\t<meta name=\"twitter:label2\" content=\"Tiempo de lectura\" \/>\n\t<meta name=\"twitter:data2\" content=\"2 minutos\" \/>\n<script type=\"application\/ld+json\" class=\"yoast-schema-graph\">{\"@context\":\"https:\\\/\\\/schema.org\",\"@graph\":[{\"@type\":\"Article\",\"@id\":\"https:\\\/\\\/fuentesfidedignas.com.mx\\\/index.php\\\/2021\\\/11\\\/26\\\/muere-feminista-en-fuego-cruzado-de-ataque-en-el-25n-en-guaymas\\\/#article\",\"isPartOf\":{\"@id\":\"https:\\\/\\\/fuentesfidedignas.com.mx\\\/index.php\\\/2021\\\/11\\\/26\\\/muere-feminista-en-fuego-cruzado-de-ataque-en-el-25n-en-guaymas\\\/\"},\"author\":{\"name\":\"Exc\u00e9lsior\",\"@id\":\"https:\\\/\\\/fuentesfidedignas.com.mx\\\/#\\\/schema\\\/person\\\/ec4edd1fbf5efa3e44fce34fe2787780\"},\"headline\":\"Muere feminista en fuego cruzado de ataque en el 25N en Guaymas\",\"datePublished\":\"2021-11-26T13:24:48+00:00\",\"dateModified\":\"2021-11-26T13:24:49+00:00\",\"mainEntityOfPage\":{\"@id\":\"https:\\\/\\\/fuentesfidedignas.com.mx\\\/index.php\\\/2021\\\/11\\\/26\\\/muere-feminista-en-fuego-cruzado-de-ataque-en-el-25n-en-guaymas\\\/\"},\"wordCount\":266,\"commentCount\":0,\"publisher\":{\"@id\":\"https:\\\/\\\/fuentesfidedignas.com.mx\\\/#organization\"},\"image\":{\"@id\":\"https:\\\/\\\/fuentesfidedignas.com.mx\\\/index.php\\\/2021\\\/11\\\/26\\\/muere-feminista-en-fuego-cruzado-de-ataque-en-el-25n-en-guaymas\\\/#primaryimage\"},\"thumbnailUrl\":\"https:\\\/\\\/fuentesfidedignas.com.mx\\\/wp-content\\\/uploads\\\/2021\\\/11\\\/2677815.jpg\",\"articleSection\":[\"NOTICIAS NACIONALES\"],\"inLanguage\":\"es\",\"potentialAction\":[{\"@type\":\"CommentAction\",\"name\":\"Comment\",\"target\":[\"https:\\\/\\\/fuentesfidedignas.com.mx\\\/index.php\\\/2021\\\/11\\\/26\\\/muere-feminista-en-fuego-cruzado-de-ataque-en-el-25n-en-guaymas\\\/#respond\"]}]},{\"@type\":\"WebPage\",\"@id\":\"https:\\\/\\\/fuentesfidedignas.com.mx\\\/index.php\\\/2021\\\/11\\\/26\\\/muere-feminista-en-fuego-cruzado-de-ataque-en-el-25n-en-guaymas\\\/\",\"url\":\"https:\\\/\\\/fuentesfidedignas.com.mx\\\/index.php\\\/2021\\\/11\\\/26\\\/muere-feminista-en-fuego-cruzado-de-ataque-en-el-25n-en-guaymas\\\/\",\"name\":\"Muere feminista en fuego cruzado de ataque en el 25N en Guaymas - Fuentes Fidedignas\",\"isPartOf\":{\"@id\":\"https:\\\/\\\/fuentesfidedignas.com.mx\\\/#website\"},\"primaryImageOfPage\":{\"@id\":\"https:\\\/\\\/fuentesfidedignas.com.mx\\\/index.php\\\/2021\\\/11\\\/26\\\/muere-feminista-en-fuego-cruzado-de-ataque-en-el-25n-en-guaymas\\\/#primaryimage\"},\"image\":{\"@id\":\"https:\\\/\\\/fuentesfidedignas.com.mx\\\/index.php\\\/2021\\\/11\\\/26\\\/muere-feminista-en-fuego-cruzado-de-ataque-en-el-25n-en-guaymas\\\/#primaryimage\"},\"thumbnailUrl\":\"https:\\\/\\\/fuentesfidedignas.com.mx\\\/wp-content\\\/uploads\\\/2021\\\/11\\\/2677815.jpg\",\"datePublished\":\"2021-11-26T13:24:48+00:00\",\"dateModified\":\"2021-11-26T13:24:49+00:00\",\"breadcrumb\":{\"@id\":\"https:\\\/\\\/fuentesfidedignas.com.mx\\\/index.php\\\/2021\\\/11\\\/26\\\/muere-feminista-en-fuego-cruzado-de-ataque-en-el-25n-en-guaymas\\\/#breadcrumb\"},\"inLanguage\":\"es\",\"potentialAction\":[{\"@type\":\"ReadAction\",\"target\":[\"https:\\\/\\\/fuentesfidedignas.com.mx\\\/index.php\\\/2021\\\/11\\\/26\\\/muere-feminista-en-fuego-cruzado-de-ataque-en-el-25n-en-guaymas\\\/\"]}]},{\"@type\":\"ImageObject\",\"inLanguage\":\"es\",\"@id\":\"https:\\\/\\\/fuentesfidedignas.com.mx\\\/index.php\\\/2021\\\/11\\\/26\\\/muere-feminista-en-fuego-cruzado-de-ataque-en-el-25n-en-guaymas\\\/#primaryimage\",\"url\":\"https:\\\/\\\/fuentesfidedignas.com.mx\\\/wp-content\\\/uploads\\\/2021\\\/11\\\/2677815.jpg\",\"contentUrl\":\"https:\\\/\\\/fuentesfidedignas.com.mx\\\/wp-content\\\/uploads\\\/2021\\\/11\\\/2677815.jpg\",\"width\":800,\"height\":600},{\"@type\":\"BreadcrumbList\",\"@id\":\"https:\\\/\\\/fuentesfidedignas.com.mx\\\/index.php\\\/2021\\\/11\\\/26\\\/muere-feminista-en-fuego-cruzado-de-ataque-en-el-25n-en-guaymas\\\/#breadcrumb\",\"itemListElement\":[{\"@type\":\"ListItem\",\"position\":1,\"name\":\"Inicio\",\"item\":\"https:\\\/\\\/fuentesfidedignas.com.mx\\\/\"},{\"@type\":\"ListItem\",\"position\":2,\"name\":\"Muere feminista en fuego cruzado de ataque en el 25N en Guaymas\"}]},{\"@type\":\"WebSite\",\"@id\":\"https:\\\/\\\/fuentesfidedignas.com.mx\\\/#website\",\"url\":\"https:\\\/\\\/fuentesfidedignas.com.mx\\\/\",\"name\":\"Fuentes Fidedignas\",\"description\":\"Otro sitio realizado con WordPress\",\"publisher\":{\"@id\":\"https:\\\/\\\/fuentesfidedignas.com.mx\\\/#organization\"},\"potentialAction\":[{\"@type\":\"SearchAction\",\"target\":{\"@type\":\"EntryPoint\",\"urlTemplate\":\"https:\\\/\\\/fuentesfidedignas.com.mx\\\/?s={search_term_string}\"},\"query-input\":{\"@type\":\"PropertyValueSpecification\",\"valueRequired\":true,\"valueName\":\"search_term_string\"}}],\"inLanguage\":\"es\"},{\"@type\":\"Organization\",\"@id\":\"https:\\\/\\\/fuentesfidedignas.com.mx\\\/#organization\",\"name\":\"Fuentes Fidedignas\",\"url\":\"https:\\\/\\\/fuentesfidedignas.com.mx\\\/\",\"logo\":{\"@type\":\"ImageObject\",\"inLanguage\":\"es\",\"@id\":\"https:\\\/\\\/fuentesfidedignas.com.mx\\\/#\\\/schema\\\/logo\\\/image\\\/\",\"url\":\"https:\\\/\\\/fuentesfidedignas.com.mx\\\/wp-content\\\/uploads\\\/2021\\\/04\\\/logo-retina.png\",\"contentUrl\":\"https:\\\/\\\/fuentesfidedignas.com.mx\\\/wp-content\\\/uploads\\\/2021\\\/04\\\/logo-retina.png\",\"width\":280,\"height\":51,\"caption\":\"Fuentes Fidedignas\"},\"image\":{\"@id\":\"https:\\\/\\\/fuentesfidedignas.com.mx\\\/#\\\/schema\\\/logo\\\/image\\\/\"},\"sameAs\":[\"https:\\\/\\\/www.facebook.com\\\/Fuentes-Fidedignas-368234489921644\",\"https:\\\/\\\/x.com\\\/fidedignas\"]},{\"@type\":\"Person\",\"@id\":\"https:\\\/\\\/fuentesfidedignas.com.mx\\\/#\\\/schema\\\/person\\\/ec4edd1fbf5efa3e44fce34fe2787780\",\"name\":\"Exc\u00e9lsior\",\"image\":{\"@type\":\"ImageObject\",\"inLanguage\":\"es\",\"@id\":\"https:\\\/\\\/secure.gravatar.com\\\/avatar\\\/4b7ee9206b48be08447852b3f0814dbc7c0f3b51541b164f1464a2725614020b?s=96&d=mm&r=g\",\"url\":\"https:\\\/\\\/secure.gravatar.com\\\/avatar\\\/4b7ee9206b48be08447852b3f0814dbc7c0f3b51541b164f1464a2725614020b?s=96&d=mm&r=g\",\"contentUrl\":\"https:\\\/\\\/secure.gravatar.com\\\/avatar\\\/4b7ee9206b48be08447852b3f0814dbc7c0f3b51541b164f1464a2725614020b?s=96&d=mm&r=g\",\"caption\":\"Exc\u00e9lsior\"},\"url\":\"https:\\\/\\\/fuentesfidedignas.com.mx\\\/index.php\\\/author\\\/excelsior\\\/\"}]}<\/script>\n<!-- \/ Yoast SEO plugin. -->","yoast_head_json":{"title":"Muere feminista en fuego cruzado de ataque en el 25N en Guaymas - Fuentes Fidedignas","robots":{"index":"index","follow":"follow","max-snippet":"max-snippet:-1","max-image-preview":"max-image-preview:large","max-video-preview":"max-video-preview:-1"},"canonical":"https:\/\/fuentesfidedignas.com.mx\/index.php\/2021\/11\/26\/muere-feminista-en-fuego-cruzado-de-ataque-en-el-25n-en-guaymas\/","og_locale":"es_MX","og_type":"article","og_title":"Muere feminista en fuego cruzado de ataque en el 25N en Guaymas - Fuentes Fidedignas","og_description":"Una integrante del colectivo Feministas del Mar, perdi\u00f3 la vida al quedar atrapada en el fuego cruzado cuando un grupo de sicarios atac\u00f3 a funcionarios del Ayuntamiento Sonora.- Marisol Cuadras, integrante del colectivo Feministas del Mar, perdi\u00f3 la vida al quedar atrapada en el fuego cruzado cuando un grupo de sicarios atac\u00f3 a funcionarios de [&hellip;]","og_url":"https:\/\/fuentesfidedignas.com.mx\/index.php\/2021\/11\/26\/muere-feminista-en-fuego-cruzado-de-ataque-en-el-25n-en-guaymas\/","og_site_name":"Fuentes Fidedignas","article_publisher":"https:\/\/www.facebook.com\/Fuentes-Fidedignas-368234489921644","article_published_time":"2021-11-26T13:24:48+00:00","article_modified_time":"2021-11-26T13:24:49+00:00","og_image":[{"width":800,"height":600,"url":"https:\/\/fuentesfidedignas.com.mx\/wp-content\/uploads\/2021\/11\/2677815.jpg","type":"image\/jpeg"}],"author":"Exc\u00e9lsior","twitter_card":"summary_large_image","twitter_creator":"@fidedignas","twitter_site":"@fidedignas","twitter_misc":{"Escrito por":"Exc\u00e9lsior","Tiempo de lectura":"2 minutos"},"schema":{"@context":"https:\/\/schema.org","@graph":[{"@type":"Article","@id":"https:\/\/fuentesfidedignas.com.mx\/index.php\/2021\/11\/26\/muere-feminista-en-fuego-cruzado-de-ataque-en-el-25n-en-guaymas\/#article","isPartOf":{"@id":"https:\/\/fuentesfidedignas.com.mx\/index.php\/2021\/11\/26\/muere-feminista-en-fuego-cruzado-de-ataque-en-el-25n-en-guaymas\/"},"author":{"name":"Exc\u00e9lsior","@id":"https:\/\/fuentesfidedignas.com.mx\/#\/schema\/person\/ec4edd1fbf5efa3e44fce34fe2787780"},"headline":"Muere feminista en fuego cruzado de ataque en el 25N en Guaymas","datePublished":"2021-11-26T13:24:48+00:00","dateModified":"2021-11-26T13:24:49+00:00","mainEntityOfPage":{"@id":"https:\/\/fuentesfidedignas.com.mx\/index.php\/2021\/11\/26\/muere-feminista-en-fuego-cruzado-de-ataque-en-el-25n-en-guaymas\/"},"wordCount":266,"commentCount":0,"publisher":{"@id":"https:\/\/fuentesfidedignas.com.mx\/#organization"},"image":{"@id":"https:\/\/fuentesfidedignas.com.mx\/index.php\/2021\/11\/26\/muere-feminista-en-fuego-cruzado-de-ataque-en-el-25n-en-guaymas\/#primaryimage"},"thumbnailUrl":"https:\/\/fuentesfidedignas.com.mx\/wp-content\/uploads\/2021\/11\/2677815.jpg","articleSection":["NOTICIAS NACIONALES"],"inLanguage":"es","potentialAction":[{"@type":"CommentAction","name":"Comment","target":["https:\/\/fuentesfidedignas.com.mx\/index.php\/2021\/11\/26\/muere-feminista-en-fuego-cruzado-de-ataque-en-el-25n-en-guaymas\/#respond"]}]},{"@type":"WebPage","@id":"https:\/\/fuentesfidedignas.com.mx\/index.php\/2021\/11\/26\/muere-feminista-en-fuego-cruzado-de-ataque-en-el-25n-en-guaymas\/","url":"https:\/\/fuentesfidedignas.com.mx\/index.php\/2021\/11\/26\/muere-feminista-en-fuego-cruzado-de-ataque-en-el-25n-en-guaymas\/","name":"Muere feminista en fuego cruzado de ataque en el 25N en Guaymas - Fuentes Fidedignas","isPartOf":{"@id":"https:\/\/fuentesfidedignas.com.mx\/#website"},"primaryImageOfPage":{"@id":"https:\/\/fuentesfidedignas.com.mx\/index.php\/2021\/11\/26\/muere-feminista-en-fuego-cruzado-de-ataque-en-el-25n-en-guaymas\/#primaryimage"},"image":{"@id":"https:\/\/fuentesfidedignas.com.mx\/index.php\/2021\/11\/26\/muere-feminista-en-fuego-cruzado-de-ataque-en-el-25n-en-guaymas\/#primaryimage"},"thumbnailUrl":"https:\/\/fuentesfidedignas.com.mx\/wp-content\/uploads\/2021\/11\/2677815.jpg","datePublished":"2021-11-26T13:24:48+00:00","dateModified":"2021-11-26T13:24:49+00:00","breadcrumb":{"@id":"https:\/\/fuentesfidedignas.com.mx\/index.php\/2021\/11\/26\/muere-feminista-en-fuego-cruzado-de-ataque-en-el-25n-en-guaymas\/#breadcrumb"},"inLanguage":"es","potentialAction":[{"@type":"ReadAction","target":["https:\/\/fuentesfidedignas.com.mx\/index.php\/2021\/11\/26\/muere-feminista-en-fuego-cruzado-de-ataque-en-el-25n-en-guaymas\/"]}]},{"@type":"ImageObject","inLanguage":"es","@id":"https:\/\/fuentesfidedignas.com.mx\/index.php\/2021\/11\/26\/muere-feminista-en-fuego-cruzado-de-ataque-en-el-25n-en-guaymas\/#primaryimage","url":"https:\/\/fuentesfidedignas.com.mx\/wp-content\/uploads\/2021\/11\/2677815.jpg","contentUrl":"https:\/\/fuentesfidedignas.com.mx\/wp-content\/uploads\/2021\/11\/2677815.jpg","width":800,"height":600},{"@type":"BreadcrumbList","@id":"https:\/\/fuentesfidedignas.com.mx\/index.php\/2021\/11\/26\/muere-feminista-en-fuego-cruzado-de-ataque-en-el-25n-en-guaymas\/#breadcrumb","itemListElement":[{"@type":"ListItem","position":1,"name":"Inicio","item":"https:\/\/fuentesfidedignas.com.mx\/"},{"@type":"ListItem","position":2,"name":"Muere feminista en fuego cruzado de ataque en el 25N en Guaymas"}]},{"@type":"WebSite","@id":"https:\/\/fuentesfidedignas.com.mx\/#website","url":"https:\/\/fuentesfidedignas.com.mx\/","name":"Fuentes Fidedignas","description":"Otro sitio realizado con WordPress","publisher":{"@id":"https:\/\/fuentesfidedignas.com.mx\/#organization"},"potentialAction":[{"@type":"SearchAction","target":{"@type":"EntryPoint","urlTemplate":"https:\/\/fuentesfidedignas.com.mx\/?s={search_term_string}"},"query-input":{"@type":"PropertyValueSpecification","valueRequired":true,"valueName":"search_term_string"}}],"inLanguage":"es"},{"@type":"Organization","@id":"https:\/\/fuentesfidedignas.com.mx\/#organization","name":"Fuentes Fidedignas","url":"https:\/\/fuentesfidedignas.com.mx\/","logo":{"@type":"ImageObject","inLanguage":"es","@id":"https:\/\/fuentesfidedignas.com.mx\/#\/schema\/logo\/image\/","url":"https:\/\/fuentesfidedignas.com.mx\/wp-content\/uploads\/2021\/04\/logo-retina.png","contentUrl":"https:\/\/fuentesfidedignas.com.mx\/wp-content\/uploads\/2021\/04\/logo-retina.png","width":280,"height":51,"caption":"Fuentes Fidedignas"},"image":{"@id":"https:\/\/fuentesfidedignas.com.mx\/#\/schema\/logo\/image\/"},"sameAs":["https:\/\/www.facebook.com\/Fuentes-Fidedignas-368234489921644","https:\/\/x.com\/fidedignas"]},{"@type":"Person","@id":"https:\/\/fuentesfidedignas.com.mx\/#\/schema\/person\/ec4edd1fbf5efa3e44fce34fe2787780","name":"Exc\u00e9lsior","image":{"@type":"ImageObject","inLanguage":"es","@id":"https:\/\/secure.gravatar.com\/avatar\/4b7ee9206b48be08447852b3f0814dbc7c0f3b51541b164f1464a2725614020b?s=96&d=mm&r=g","url":"https:\/\/secure.gravatar.com\/avatar\/4b7ee9206b48be08447852b3f0814dbc7c0f3b51541b164f1464a2725614020b?s=96&d=mm&r=g","contentUrl":"https:\/\/secure.gravatar.com\/avatar\/4b7ee9206b48be08447852b3f0814dbc7c0f3b51541b164f1464a2725614020b?s=96&d=mm&r=g","caption":"Exc\u00e9lsior"},"url":"https:\/\/fuentesfidedignas.com.mx\/index.php\/author\/excelsior\/"}]}},"_links":{"self":[{"href":"https:\/\/fuentesfidedignas.com.mx\/index.php\/wp-json\/wp\/v2\/posts\/18375","targetHints":{"allow":["GET"]}}],"collection":[{"href":"https:\/\/fuentesfidedignas.com.mx\/index.php\/wp-json\/wp\/v2\/posts"}],"about":[{"href":"https:\/\/fuentesfidedignas.com.mx\/index.php\/wp-json\/wp\/v2\/types\/post"}],"author":[{"embeddable":true,"href":"https:\/\/fuentesfidedignas.com.mx\/index.php\/wp-json\/wp\/v2\/users\/7"}],"replies":[{"embeddable":true,"href":"https:\/\/fuentesfidedignas.com.mx\/index.php\/wp-json\/wp\/v2\/comments?post=18375"}],"version-history":[{"count":1,"href":"https:\/\/fuentesfidedignas.com.mx\/index.php\/wp-json\/wp\/v2\/posts\/18375\/revisions"}],"predecessor-version":[{"id":18377,"href":"https:\/\/fuentesfidedignas.com.mx\/index.php\/wp-json\/wp\/v2\/posts\/18375\/revisions\/18377"}],"wp:featuredmedia":[{"embeddable":true,"href":"https:\/\/fuentesfidedignas.com.mx\/index.php\/wp-json\/wp\/v2\/media\/18376"}],"wp:attachment":[{"href":"https:\/\/fuentesfidedignas.com.mx\/index.php\/wp-json\/wp\/v2\/media?parent=18375"}],"wp:term":[{"taxonomy":"category","embeddable":true,"href":"https:\/\/fuentesfidedignas.com.mx\/index.php\/wp-json\/wp\/v2\/categories?post=18375"},{"taxonomy":"post_tag","embeddable":true,"href":"https:\/\/fuentesfidedignas.com.mx\/index.php\/wp-json\/wp\/v2\/tags?post=18375"}],"curies":[{"name":"wp","href":"https:\/\/api.w.org\/{rel}","templated":true}]}}