{"id":18301,"date":"2021-11-25T11:16:29","date_gmt":"2021-11-25T18:16:29","guid":{"rendered":"https:\/\/fuentesfidedignas.com.mx\/?p=18301"},"modified":"2021-11-25T11:16:31","modified_gmt":"2021-11-25T18:16:31","slug":"alarmante-que-culiacan-este-en-los-primeros-lugares-en-feminicidios-a-nivel-nacional-pan","status":"publish","type":"post","link":"https:\/\/fuentesfidedignas.com.mx\/index.php\/2021\/11\/25\/alarmante-que-culiacan-este-en-los-primeros-lugares-en-feminicidios-a-nivel-nacional-pan\/","title":{"rendered":"Alarmante que Culiac\u00e1n est\u00e9 en los primeros lugares en feminicidios a nivel nacional: PAN"},"content":{"rendered":"\n<p>Culiac\u00e1n, Sin. El Regidor por el Partido Acci\u00f3n Nacional, Sadol Osorio Porras, revel\u00f3 que en los propios datos del Presidente de la Rep\u00fablica, Culiac\u00e1n Sinaloa ocupa el tercer lugar en feminicidios a nivel nacional, es por ello que solicita a los tres niveles de gobierno un compromiso real y una coordinaci\u00f3n para prevenir este delito que va en aumento en la capital sinaloense.<\/p>\n\n\n\n<p>\u201cEsto es verdaderamente alarmante, muy preocupante, creo que se deben de hacer pol\u00edticas p\u00fablicas que vengan a bajar de manera significativa este tema, veo con mucha preocupaci\u00f3n que no se est\u00e9 dando el lugar ni la atenci\u00f3n debida, tambi\u00e9n veo como los distintos niveles de gobierno: estatal, federal y municipal no han logrado la transversalidad, que es todos luchar por un mismo objetivo, sino que se est\u00e1n haciendo esfuerzos aislados y eso es lo lamentable\u201d.<\/p>\n\n\n\n<p>Sadol Osorio Porras, Presidente de la Comisi\u00f3n de Equidad de G\u00e9nero del Ayuntamiento de Culiac\u00e1n, resalt\u00f3 que es de suma importancia lograr que tanto el nivel federal, estatal y local sumen esfuerzos y empujen para el mismo rumbo para lograr mejores resultados, ya que pareciera que est\u00e1n haciendo un trabajo con esfuerzos aislados y esto no arroja los resultados que la sociedad culiacanense y sinaloense necesita.<\/p>\n\n\n\n<p>El regidor azul laz\u00f3 un en\u00e9rgico llamado a trabajar unidos para lograr la baja de este delito, ya que no deber\u00eda de ir en aumento, sino en descenso.<\/p>\n\n\n\n<p>\u201cMa\u00f1ana haremos una marcha por el tema del d\u00eda internacional de la eliminaci\u00f3n de la violencia contra la mujer, vamos a tener un activismo de 16 d\u00edas donde nos estamos coordinando con el Instituto de las mujeres esperando que se le d\u00e9 la importancia que se merece a este tipo de delitos que tenemos que ir a la baja, insisto es preocupante el tema del feminicidio y hay que redoblar esfuerzos en el tema de prevenci\u00f3n que es lo que nos toca\u201d, finaliz\u00f3.<\/p>\n","protected":false},"excerpt":{"rendered":"<p>Culiac\u00e1n, Sin. El Regidor por el Partido Acci\u00f3n Nacional, Sadol Osorio Porras, revel\u00f3 que en los propios datos del Presidente de la Rep\u00fablica, Culiac\u00e1n Sinaloa ocupa el tercer lugar en feminicidios a nivel nacional, es por ello que solicita a los tres niveles de gobierno un compromiso real y una coordinaci\u00f3n para prevenir este delito [&hellip;]<\/p>\n","protected":false},"author":4,"featured_media":18302,"comment_status":"open","ping_status":"open","sticky":false,"template":"","format":"standard","meta":{"tdm_status":"","tdm_grid_status":"","footnotes":""},"categories":[37],"tags":[],"class_list":{"0":"post-18301","1":"post","2":"type-post","3":"status-publish","4":"format-standard","5":"has-post-thumbnail","7":"category-nota-principal"},"yoast_head":"<!-- This site is optimized with the Yoast SEO plugin v27.5 - https:\/\/yoast.com\/product\/yoast-seo-wordpress\/ -->\n<title>Alarmante que Culiac\u00e1n est\u00e9 en los primeros lugares en feminicidios a nivel nacional: PAN - Fuentes Fidedignas<\/title>\n<meta name=\"robots\" content=\"index, follow, max-snippet:-1, max-image-preview:large, max-video-preview:-1\" \/>\n<link rel=\"canonical\" href=\"https:\/\/fuentesfidedignas.com.mx\/index.php\/2021\/11\/25\/alarmante-que-culiacan-este-en-los-primeros-lugares-en-feminicidios-a-nivel-nacional-pan\/\" \/>\n<meta property=\"og:locale\" content=\"es_MX\" \/>\n<meta property=\"og:type\" content=\"article\" \/>\n<meta property=\"og:title\" content=\"Alarmante que Culiac\u00e1n est\u00e9 en los primeros lugares en feminicidios a nivel nacional: PAN - Fuentes Fidedignas\" \/>\n<meta property=\"og:description\" content=\"Culiac\u00e1n, Sin. El Regidor por el Partido Acci\u00f3n Nacional, Sadol Osorio Porras, revel\u00f3 que en los propios datos del Presidente de la Rep\u00fablica, Culiac\u00e1n Sinaloa ocupa el tercer lugar en feminicidios a nivel nacional, es por ello que solicita a los tres niveles de gobierno un compromiso real y una coordinaci\u00f3n para prevenir este delito [&hellip;]\" \/>\n<meta property=\"og:url\" content=\"https:\/\/fuentesfidedignas.com.mx\/index.php\/2021\/11\/25\/alarmante-que-culiacan-este-en-los-primeros-lugares-en-feminicidios-a-nivel-nacional-pan\/\" \/>\n<meta property=\"og:site_name\" content=\"Fuentes Fidedignas\" \/>\n<meta property=\"article:publisher\" content=\"https:\/\/www.facebook.com\/Fuentes-Fidedignas-368234489921644\" \/>\n<meta property=\"article:published_time\" content=\"2021-11-25T18:16:29+00:00\" \/>\n<meta property=\"article:modified_time\" content=\"2021-11-25T18:16:31+00:00\" \/>\n<meta property=\"og:image\" content=\"https:\/\/fuentesfidedignas.com.mx\/wp-content\/uploads\/2021\/11\/images-68.jpeg\" \/>\n\t<meta property=\"og:image:width\" content=\"678\" \/>\n\t<meta property=\"og:image:height\" content=\"452\" \/>\n\t<meta property=\"og:image:type\" content=\"image\/jpeg\" \/>\n<meta name=\"author\" content=\"Redacci\u00f3n\" \/>\n<meta name=\"twitter:card\" content=\"summary_large_image\" \/>\n<meta name=\"twitter:creator\" content=\"@fidedignas\" \/>\n<meta name=\"twitter:site\" content=\"@fidedignas\" \/>\n<meta name=\"twitter:label1\" content=\"Escrito por\" \/>\n\t<meta name=\"twitter:data1\" content=\"Redacci\u00f3n\" \/>\n\t<meta name=\"twitter:label2\" content=\"Tiempo de lectura\" \/>\n\t<meta name=\"twitter:data2\" content=\"2 minutos\" \/>\n<script type=\"application\/ld+json\" class=\"yoast-schema-graph\">{\"@context\":\"https:\\\/\\\/schema.org\",\"@graph\":[{\"@type\":\"Article\",\"@id\":\"https:\\\/\\\/fuentesfidedignas.com.mx\\\/index.php\\\/2021\\\/11\\\/25\\\/alarmante-que-culiacan-este-en-los-primeros-lugares-en-feminicidios-a-nivel-nacional-pan\\\/#article\",\"isPartOf\":{\"@id\":\"https:\\\/\\\/fuentesfidedignas.com.mx\\\/index.php\\\/2021\\\/11\\\/25\\\/alarmante-que-culiacan-este-en-los-primeros-lugares-en-feminicidios-a-nivel-nacional-pan\\\/\"},\"author\":{\"name\":\"Redacci\u00f3n\",\"@id\":\"https:\\\/\\\/fuentesfidedignas.com.mx\\\/#\\\/schema\\\/person\\\/331be9283d37198e2acd5750279085b0\"},\"headline\":\"Alarmante que Culiac\u00e1n est\u00e9 en los primeros lugares en feminicidios a nivel nacional: PAN\",\"datePublished\":\"2021-11-25T18:16:29+00:00\",\"dateModified\":\"2021-11-25T18:16:31+00:00\",\"mainEntityOfPage\":{\"@id\":\"https:\\\/\\\/fuentesfidedignas.com.mx\\\/index.php\\\/2021\\\/11\\\/25\\\/alarmante-que-culiacan-este-en-los-primeros-lugares-en-feminicidios-a-nivel-nacional-pan\\\/\"},\"wordCount\":351,\"commentCount\":0,\"publisher\":{\"@id\":\"https:\\\/\\\/fuentesfidedignas.com.mx\\\/#organization\"},\"image\":{\"@id\":\"https:\\\/\\\/fuentesfidedignas.com.mx\\\/index.php\\\/2021\\\/11\\\/25\\\/alarmante-que-culiacan-este-en-los-primeros-lugares-en-feminicidios-a-nivel-nacional-pan\\\/#primaryimage\"},\"thumbnailUrl\":\"https:\\\/\\\/fuentesfidedignas.com.mx\\\/wp-content\\\/uploads\\\/2021\\\/11\\\/images-68.jpeg\",\"articleSection\":[\"NOTA PRINCIPAL\"],\"inLanguage\":\"es\",\"potentialAction\":[{\"@type\":\"CommentAction\",\"name\":\"Comment\",\"target\":[\"https:\\\/\\\/fuentesfidedignas.com.mx\\\/index.php\\\/2021\\\/11\\\/25\\\/alarmante-que-culiacan-este-en-los-primeros-lugares-en-feminicidios-a-nivel-nacional-pan\\\/#respond\"]}]},{\"@type\":\"WebPage\",\"@id\":\"https:\\\/\\\/fuentesfidedignas.com.mx\\\/index.php\\\/2021\\\/11\\\/25\\\/alarmante-que-culiacan-este-en-los-primeros-lugares-en-feminicidios-a-nivel-nacional-pan\\\/\",\"url\":\"https:\\\/\\\/fuentesfidedignas.com.mx\\\/index.php\\\/2021\\\/11\\\/25\\\/alarmante-que-culiacan-este-en-los-primeros-lugares-en-feminicidios-a-nivel-nacional-pan\\\/\",\"name\":\"Alarmante que Culiac\u00e1n est\u00e9 en los primeros lugares en feminicidios a nivel nacional: PAN - Fuentes Fidedignas\",\"isPartOf\":{\"@id\":\"https:\\\/\\\/fuentesfidedignas.com.mx\\\/#website\"},\"primaryImageOfPage\":{\"@id\":\"https:\\\/\\\/fuentesfidedignas.com.mx\\\/index.php\\\/2021\\\/11\\\/25\\\/alarmante-que-culiacan-este-en-los-primeros-lugares-en-feminicidios-a-nivel-nacional-pan\\\/#primaryimage\"},\"image\":{\"@id\":\"https:\\\/\\\/fuentesfidedignas.com.mx\\\/index.php\\\/2021\\\/11\\\/25\\\/alarmante-que-culiacan-este-en-los-primeros-lugares-en-feminicidios-a-nivel-nacional-pan\\\/#primaryimage\"},\"thumbnailUrl\":\"https:\\\/\\\/fuentesfidedignas.com.mx\\\/wp-content\\\/uploads\\\/2021\\\/11\\\/images-68.jpeg\",\"datePublished\":\"2021-11-25T18:16:29+00:00\",\"dateModified\":\"2021-11-25T18:16:31+00:00\",\"breadcrumb\":{\"@id\":\"https:\\\/\\\/fuentesfidedignas.com.mx\\\/index.php\\\/2021\\\/11\\\/25\\\/alarmante-que-culiacan-este-en-los-primeros-lugares-en-feminicidios-a-nivel-nacional-pan\\\/#breadcrumb\"},\"inLanguage\":\"es\",\"potentialAction\":[{\"@type\":\"ReadAction\",\"target\":[\"https:\\\/\\\/fuentesfidedignas.com.mx\\\/index.php\\\/2021\\\/11\\\/25\\\/alarmante-que-culiacan-este-en-los-primeros-lugares-en-feminicidios-a-nivel-nacional-pan\\\/\"]}]},{\"@type\":\"ImageObject\",\"inLanguage\":\"es\",\"@id\":\"https:\\\/\\\/fuentesfidedignas.com.mx\\\/index.php\\\/2021\\\/11\\\/25\\\/alarmante-que-culiacan-este-en-los-primeros-lugares-en-feminicidios-a-nivel-nacional-pan\\\/#primaryimage\",\"url\":\"https:\\\/\\\/fuentesfidedignas.com.mx\\\/wp-content\\\/uploads\\\/2021\\\/11\\\/images-68.jpeg\",\"contentUrl\":\"https:\\\/\\\/fuentesfidedignas.com.mx\\\/wp-content\\\/uploads\\\/2021\\\/11\\\/images-68.jpeg\",\"width\":678,\"height\":452},{\"@type\":\"BreadcrumbList\",\"@id\":\"https:\\\/\\\/fuentesfidedignas.com.mx\\\/index.php\\\/2021\\\/11\\\/25\\\/alarmante-que-culiacan-este-en-los-primeros-lugares-en-feminicidios-a-nivel-nacional-pan\\\/#breadcrumb\",\"itemListElement\":[{\"@type\":\"ListItem\",\"position\":1,\"name\":\"Inicio\",\"item\":\"https:\\\/\\\/fuentesfidedignas.com.mx\\\/\"},{\"@type\":\"ListItem\",\"position\":2,\"name\":\"Alarmante que Culiac\u00e1n est\u00e9 en los primeros lugares en feminicidios a nivel nacional: PAN\"}]},{\"@type\":\"WebSite\",\"@id\":\"https:\\\/\\\/fuentesfidedignas.com.mx\\\/#website\",\"url\":\"https:\\\/\\\/fuentesfidedignas.com.mx\\\/\",\"name\":\"Fuentes Fidedignas\",\"description\":\"Otro sitio realizado con WordPress\",\"publisher\":{\"@id\":\"https:\\\/\\\/fuentesfidedignas.com.mx\\\/#organization\"},\"potentialAction\":[{\"@type\":\"SearchAction\",\"target\":{\"@type\":\"EntryPoint\",\"urlTemplate\":\"https:\\\/\\\/fuentesfidedignas.com.mx\\\/?s={search_term_string}\"},\"query-input\":{\"@type\":\"PropertyValueSpecification\",\"valueRequired\":true,\"valueName\":\"search_term_string\"}}],\"inLanguage\":\"es\"},{\"@type\":\"Organization\",\"@id\":\"https:\\\/\\\/fuentesfidedignas.com.mx\\\/#organization\",\"name\":\"Fuentes Fidedignas\",\"url\":\"https:\\\/\\\/fuentesfidedignas.com.mx\\\/\",\"logo\":{\"@type\":\"ImageObject\",\"inLanguage\":\"es\",\"@id\":\"https:\\\/\\\/fuentesfidedignas.com.mx\\\/#\\\/schema\\\/logo\\\/image\\\/\",\"url\":\"https:\\\/\\\/fuentesfidedignas.com.mx\\\/wp-content\\\/uploads\\\/2021\\\/04\\\/logo-retina.png\",\"contentUrl\":\"https:\\\/\\\/fuentesfidedignas.com.mx\\\/wp-content\\\/uploads\\\/2021\\\/04\\\/logo-retina.png\",\"width\":280,\"height\":51,\"caption\":\"Fuentes Fidedignas\"},\"image\":{\"@id\":\"https:\\\/\\\/fuentesfidedignas.com.mx\\\/#\\\/schema\\\/logo\\\/image\\\/\"},\"sameAs\":[\"https:\\\/\\\/www.facebook.com\\\/Fuentes-Fidedignas-368234489921644\",\"https:\\\/\\\/x.com\\\/fidedignas\"]},{\"@type\":\"Person\",\"@id\":\"https:\\\/\\\/fuentesfidedignas.com.mx\\\/#\\\/schema\\\/person\\\/331be9283d37198e2acd5750279085b0\",\"name\":\"Redacci\u00f3n\",\"image\":{\"@type\":\"ImageObject\",\"inLanguage\":\"es\",\"@id\":\"https:\\\/\\\/secure.gravatar.com\\\/avatar\\\/f6d8782c11d12b2d4ad3fbb6931aeab5309937a4d6cd2fc9cfaa28a6396a5aec?s=96&d=mm&r=g\",\"url\":\"https:\\\/\\\/secure.gravatar.com\\\/avatar\\\/f6d8782c11d12b2d4ad3fbb6931aeab5309937a4d6cd2fc9cfaa28a6396a5aec?s=96&d=mm&r=g\",\"contentUrl\":\"https:\\\/\\\/secure.gravatar.com\\\/avatar\\\/f6d8782c11d12b2d4ad3fbb6931aeab5309937a4d6cd2fc9cfaa28a6396a5aec?s=96&d=mm&r=g\",\"caption\":\"Redacci\u00f3n\"},\"url\":\"https:\\\/\\\/fuentesfidedignas.com.mx\\\/index.php\\\/author\\\/redaccion\\\/\"}]}<\/script>\n<!-- \/ Yoast SEO plugin. -->","yoast_head_json":{"title":"Alarmante que Culiac\u00e1n est\u00e9 en los primeros lugares en feminicidios a nivel nacional: PAN - Fuentes Fidedignas","robots":{"index":"index","follow":"follow","max-snippet":"max-snippet:-1","max-image-preview":"max-image-preview:large","max-video-preview":"max-video-preview:-1"},"canonical":"https:\/\/fuentesfidedignas.com.mx\/index.php\/2021\/11\/25\/alarmante-que-culiacan-este-en-los-primeros-lugares-en-feminicidios-a-nivel-nacional-pan\/","og_locale":"es_MX","og_type":"article","og_title":"Alarmante que Culiac\u00e1n est\u00e9 en los primeros lugares en feminicidios a nivel nacional: PAN - Fuentes Fidedignas","og_description":"Culiac\u00e1n, Sin. El Regidor por el Partido Acci\u00f3n Nacional, Sadol Osorio Porras, revel\u00f3 que en los propios datos del Presidente de la Rep\u00fablica, Culiac\u00e1n Sinaloa ocupa el tercer lugar en feminicidios a nivel nacional, es por ello que solicita a los tres niveles de gobierno un compromiso real y una coordinaci\u00f3n para prevenir este delito [&hellip;]","og_url":"https:\/\/fuentesfidedignas.com.mx\/index.php\/2021\/11\/25\/alarmante-que-culiacan-este-en-los-primeros-lugares-en-feminicidios-a-nivel-nacional-pan\/","og_site_name":"Fuentes Fidedignas","article_publisher":"https:\/\/www.facebook.com\/Fuentes-Fidedignas-368234489921644","article_published_time":"2021-11-25T18:16:29+00:00","article_modified_time":"2021-11-25T18:16:31+00:00","og_image":[{"width":678,"height":452,"url":"https:\/\/fuentesfidedignas.com.mx\/wp-content\/uploads\/2021\/11\/images-68.jpeg","type":"image\/jpeg"}],"author":"Redacci\u00f3n","twitter_card":"summary_large_image","twitter_creator":"@fidedignas","twitter_site":"@fidedignas","twitter_misc":{"Escrito por":"Redacci\u00f3n","Tiempo de lectura":"2 minutos"},"schema":{"@context":"https:\/\/schema.org","@graph":[{"@type":"Article","@id":"https:\/\/fuentesfidedignas.com.mx\/index.php\/2021\/11\/25\/alarmante-que-culiacan-este-en-los-primeros-lugares-en-feminicidios-a-nivel-nacional-pan\/#article","isPartOf":{"@id":"https:\/\/fuentesfidedignas.com.mx\/index.php\/2021\/11\/25\/alarmante-que-culiacan-este-en-los-primeros-lugares-en-feminicidios-a-nivel-nacional-pan\/"},"author":{"name":"Redacci\u00f3n","@id":"https:\/\/fuentesfidedignas.com.mx\/#\/schema\/person\/331be9283d37198e2acd5750279085b0"},"headline":"Alarmante que Culiac\u00e1n est\u00e9 en los primeros lugares en feminicidios a nivel nacional: PAN","datePublished":"2021-11-25T18:16:29+00:00","dateModified":"2021-11-25T18:16:31+00:00","mainEntityOfPage":{"@id":"https:\/\/fuentesfidedignas.com.mx\/index.php\/2021\/11\/25\/alarmante-que-culiacan-este-en-los-primeros-lugares-en-feminicidios-a-nivel-nacional-pan\/"},"wordCount":351,"commentCount":0,"publisher":{"@id":"https:\/\/fuentesfidedignas.com.mx\/#organization"},"image":{"@id":"https:\/\/fuentesfidedignas.com.mx\/index.php\/2021\/11\/25\/alarmante-que-culiacan-este-en-los-primeros-lugares-en-feminicidios-a-nivel-nacional-pan\/#primaryimage"},"thumbnailUrl":"https:\/\/fuentesfidedignas.com.mx\/wp-content\/uploads\/2021\/11\/images-68.jpeg","articleSection":["NOTA PRINCIPAL"],"inLanguage":"es","potentialAction":[{"@type":"CommentAction","name":"Comment","target":["https:\/\/fuentesfidedignas.com.mx\/index.php\/2021\/11\/25\/alarmante-que-culiacan-este-en-los-primeros-lugares-en-feminicidios-a-nivel-nacional-pan\/#respond"]}]},{"@type":"WebPage","@id":"https:\/\/fuentesfidedignas.com.mx\/index.php\/2021\/11\/25\/alarmante-que-culiacan-este-en-los-primeros-lugares-en-feminicidios-a-nivel-nacional-pan\/","url":"https:\/\/fuentesfidedignas.com.mx\/index.php\/2021\/11\/25\/alarmante-que-culiacan-este-en-los-primeros-lugares-en-feminicidios-a-nivel-nacional-pan\/","name":"Alarmante que Culiac\u00e1n est\u00e9 en los primeros lugares en feminicidios a nivel nacional: PAN - Fuentes Fidedignas","isPartOf":{"@id":"https:\/\/fuentesfidedignas.com.mx\/#website"},"primaryImageOfPage":{"@id":"https:\/\/fuentesfidedignas.com.mx\/index.php\/2021\/11\/25\/alarmante-que-culiacan-este-en-los-primeros-lugares-en-feminicidios-a-nivel-nacional-pan\/#primaryimage"},"image":{"@id":"https:\/\/fuentesfidedignas.com.mx\/index.php\/2021\/11\/25\/alarmante-que-culiacan-este-en-los-primeros-lugares-en-feminicidios-a-nivel-nacional-pan\/#primaryimage"},"thumbnailUrl":"https:\/\/fuentesfidedignas.com.mx\/wp-content\/uploads\/2021\/11\/images-68.jpeg","datePublished":"2021-11-25T18:16:29+00:00","dateModified":"2021-11-25T18:16:31+00:00","breadcrumb":{"@id":"https:\/\/fuentesfidedignas.com.mx\/index.php\/2021\/11\/25\/alarmante-que-culiacan-este-en-los-primeros-lugares-en-feminicidios-a-nivel-nacional-pan\/#breadcrumb"},"inLanguage":"es","potentialAction":[{"@type":"ReadAction","target":["https:\/\/fuentesfidedignas.com.mx\/index.php\/2021\/11\/25\/alarmante-que-culiacan-este-en-los-primeros-lugares-en-feminicidios-a-nivel-nacional-pan\/"]}]},{"@type":"ImageObject","inLanguage":"es","@id":"https:\/\/fuentesfidedignas.com.mx\/index.php\/2021\/11\/25\/alarmante-que-culiacan-este-en-los-primeros-lugares-en-feminicidios-a-nivel-nacional-pan\/#primaryimage","url":"https:\/\/fuentesfidedignas.com.mx\/wp-content\/uploads\/2021\/11\/images-68.jpeg","contentUrl":"https:\/\/fuentesfidedignas.com.mx\/wp-content\/uploads\/2021\/11\/images-68.jpeg","width":678,"height":452},{"@type":"BreadcrumbList","@id":"https:\/\/fuentesfidedignas.com.mx\/index.php\/2021\/11\/25\/alarmante-que-culiacan-este-en-los-primeros-lugares-en-feminicidios-a-nivel-nacional-pan\/#breadcrumb","itemListElement":[{"@type":"ListItem","position":1,"name":"Inicio","item":"https:\/\/fuentesfidedignas.com.mx\/"},{"@type":"ListItem","position":2,"name":"Alarmante que Culiac\u00e1n est\u00e9 en los primeros lugares en feminicidios a nivel nacional: PAN"}]},{"@type":"WebSite","@id":"https:\/\/fuentesfidedignas.com.mx\/#website","url":"https:\/\/fuentesfidedignas.com.mx\/","name":"Fuentes Fidedignas","description":"Otro sitio realizado con WordPress","publisher":{"@id":"https:\/\/fuentesfidedignas.com.mx\/#organization"},"potentialAction":[{"@type":"SearchAction","target":{"@type":"EntryPoint","urlTemplate":"https:\/\/fuentesfidedignas.com.mx\/?s={search_term_string}"},"query-input":{"@type":"PropertyValueSpecification","valueRequired":true,"valueName":"search_term_string"}}],"inLanguage":"es"},{"@type":"Organization","@id":"https:\/\/fuentesfidedignas.com.mx\/#organization","name":"Fuentes Fidedignas","url":"https:\/\/fuentesfidedignas.com.mx\/","logo":{"@type":"ImageObject","inLanguage":"es","@id":"https:\/\/fuentesfidedignas.com.mx\/#\/schema\/logo\/image\/","url":"https:\/\/fuentesfidedignas.com.mx\/wp-content\/uploads\/2021\/04\/logo-retina.png","contentUrl":"https:\/\/fuentesfidedignas.com.mx\/wp-content\/uploads\/2021\/04\/logo-retina.png","width":280,"height":51,"caption":"Fuentes Fidedignas"},"image":{"@id":"https:\/\/fuentesfidedignas.com.mx\/#\/schema\/logo\/image\/"},"sameAs":["https:\/\/www.facebook.com\/Fuentes-Fidedignas-368234489921644","https:\/\/x.com\/fidedignas"]},{"@type":"Person","@id":"https:\/\/fuentesfidedignas.com.mx\/#\/schema\/person\/331be9283d37198e2acd5750279085b0","name":"Redacci\u00f3n","image":{"@type":"ImageObject","inLanguage":"es","@id":"https:\/\/secure.gravatar.com\/avatar\/f6d8782c11d12b2d4ad3fbb6931aeab5309937a4d6cd2fc9cfaa28a6396a5aec?s=96&d=mm&r=g","url":"https:\/\/secure.gravatar.com\/avatar\/f6d8782c11d12b2d4ad3fbb6931aeab5309937a4d6cd2fc9cfaa28a6396a5aec?s=96&d=mm&r=g","contentUrl":"https:\/\/secure.gravatar.com\/avatar\/f6d8782c11d12b2d4ad3fbb6931aeab5309937a4d6cd2fc9cfaa28a6396a5aec?s=96&d=mm&r=g","caption":"Redacci\u00f3n"},"url":"https:\/\/fuentesfidedignas.com.mx\/index.php\/author\/redaccion\/"}]}},"_links":{"self":[{"href":"https:\/\/fuentesfidedignas.com.mx\/index.php\/wp-json\/wp\/v2\/posts\/18301","targetHints":{"allow":["GET"]}}],"collection":[{"href":"https:\/\/fuentesfidedignas.com.mx\/index.php\/wp-json\/wp\/v2\/posts"}],"about":[{"href":"https:\/\/fuentesfidedignas.com.mx\/index.php\/wp-json\/wp\/v2\/types\/post"}],"author":[{"embeddable":true,"href":"https:\/\/fuentesfidedignas.com.mx\/index.php\/wp-json\/wp\/v2\/users\/4"}],"replies":[{"embeddable":true,"href":"https:\/\/fuentesfidedignas.com.mx\/index.php\/wp-json\/wp\/v2\/comments?post=18301"}],"version-history":[{"count":1,"href":"https:\/\/fuentesfidedignas.com.mx\/index.php\/wp-json\/wp\/v2\/posts\/18301\/revisions"}],"predecessor-version":[{"id":18303,"href":"https:\/\/fuentesfidedignas.com.mx\/index.php\/wp-json\/wp\/v2\/posts\/18301\/revisions\/18303"}],"wp:featuredmedia":[{"embeddable":true,"href":"https:\/\/fuentesfidedignas.com.mx\/index.php\/wp-json\/wp\/v2\/media\/18302"}],"wp:attachment":[{"href":"https:\/\/fuentesfidedignas.com.mx\/index.php\/wp-json\/wp\/v2\/media?parent=18301"}],"wp:term":[{"taxonomy":"category","embeddable":true,"href":"https:\/\/fuentesfidedignas.com.mx\/index.php\/wp-json\/wp\/v2\/categories?post=18301"},{"taxonomy":"post_tag","embeddable":true,"href":"https:\/\/fuentesfidedignas.com.mx\/index.php\/wp-json\/wp\/v2\/tags?post=18301"}],"curies":[{"name":"wp","href":"https:\/\/api.w.org\/{rel}","templated":true}]}}