{"id":18298,"date":"2021-11-25T09:05:41","date_gmt":"2021-11-25T16:05:41","guid":{"rendered":"https:\/\/fuentesfidedignas.com.mx\/?p=18298"},"modified":"2021-11-25T09:05:44","modified_gmt":"2021-11-25T16:05:44","slug":"relanzan-el-servicio-de-denuncia-anonima-089","status":"publish","type":"post","link":"https:\/\/fuentesfidedignas.com.mx\/index.php\/2021\/11\/25\/relanzan-el-servicio-de-denuncia-anonima-089\/","title":{"rendered":"Relanzan el servicio de denuncia an\u00f3nima 089"},"content":{"rendered":"\n<p><strong><em>Cuatro entidades (Jalisco, Veracruz, Nuevo Le\u00f3n y estado de M\u00e9xico) concentran 59 por ciento de las denuncias de extorsi\u00f3n <\/em><\/strong><\/p>\n\n\n\n<p>Ciudad de M\u00e9xico. La titular de la Secretar\u00eda de Seguridad y Protecci\u00f3n y Seguridad Ciudadana (SSPC), Rosa Icela Rodr\u00edguez Vel\u00e1zquez, llam\u00f3 a la ciudadan\u00eda a denunciar cualquier caso de extorsi\u00f3n, pues es uno de los delitos que m\u00e1s afecta a la poblaci\u00f3n, lo anterior, al relanzar el servicio de denuncia an\u00f3nima 089.<\/p>\n\n\n\n<p>La funcionaria explic\u00f3 que cuatro entidades (Jalisco, Veracruz, Nuevo Le\u00f3n y estado de M\u00e9xico) concentran 59 por ciento de las denuncias de este delito, de acuerdo con cifras del Secretariado Ejecutivo del Sistema Nacional de Seguridad P\u00fablica.<\/p>\n\n\n\n<p>Durante un acto realizado en el Museo de la Guardia Nacional, situado en la Ex Hacienda Bel\u00e9n de las Flores, dentro del complejo que alberga la SSPC, la funcionaria se\u00f1al\u00f3 que el n\u00famero 089 \u201cun servicio seguro y confidencial porque resguarda el anonimato del denunciante y opera a nivel nacional, las 24 horas, los 365 d\u00edas del a\u00f1o.<\/p>\n\n\n\n<p>\u201cEs necesario que m\u00e1s personas conozcan y utilicen este mecanismo contra la impunidad, porque la denuncia an\u00f3nima es un primer paso para la investigaci\u00f3n y sanci\u00f3n del delito de extorsi\u00f3n\u201d, asegur\u00f3.<\/p>\n\n\n\n<p>Rodr\u00edguez Vel\u00e1zquez estuvo acompa\u00f1ada por el secretario ejecutivo del Sistema Nacional de Seguridad P\u00fablica, Leonel Cota; el titular de la Unidad de Inteligencia Financiera, Pablo G\u00f3mez; el subsecretario de Seguridad P\u00fablica, Ricardo Mej\u00eda Berdeja, as\u00ed como las representantes de la Oficina de las Naciones Unidas contra la Droga y el Delito, Stacy de la Torre (Oficial de Programas) y Teresa Navarrete (investigadora en prevenci\u00f3n del delito).<\/p>\n","protected":false},"excerpt":{"rendered":"<p>Cuatro entidades (Jalisco, Veracruz, Nuevo Le\u00f3n y estado de M\u00e9xico) concentran 59 por ciento de las denuncias de extorsi\u00f3n Ciudad de M\u00e9xico. La titular de la Secretar\u00eda de Seguridad y Protecci\u00f3n y Seguridad Ciudadana (SSPC), Rosa Icela Rodr\u00edguez Vel\u00e1zquez, llam\u00f3 a la ciudadan\u00eda a denunciar cualquier caso de extorsi\u00f3n, pues es uno de los delitos [&hellip;]<\/p>\n","protected":false},"author":45,"featured_media":18299,"comment_status":"open","ping_status":"open","sticky":false,"template":"","format":"standard","meta":{"tdm_status":"","tdm_grid_status":"","footnotes":""},"categories":[39],"tags":[],"class_list":{"0":"post-18298","1":"post","2":"type-post","3":"status-publish","4":"format-standard","5":"has-post-thumbnail","7":"category-noticias-nacionales"},"yoast_head":"<!-- This site is optimized with the Yoast SEO plugin v27.4 - https:\/\/yoast.com\/product\/yoast-seo-wordpress\/ -->\n<title>Relanzan el servicio de denuncia an\u00f3nima 089 - Fuentes Fidedignas<\/title>\n<meta name=\"robots\" content=\"index, follow, max-snippet:-1, max-image-preview:large, max-video-preview:-1\" \/>\n<link rel=\"canonical\" href=\"https:\/\/fuentesfidedignas.com.mx\/index.php\/2021\/11\/25\/relanzan-el-servicio-de-denuncia-anonima-089\/\" \/>\n<meta property=\"og:locale\" content=\"es_MX\" \/>\n<meta property=\"og:type\" content=\"article\" \/>\n<meta property=\"og:title\" content=\"Relanzan el servicio de denuncia an\u00f3nima 089 - Fuentes Fidedignas\" \/>\n<meta property=\"og:description\" content=\"Cuatro entidades (Jalisco, Veracruz, Nuevo Le\u00f3n y estado de M\u00e9xico) concentran 59 por ciento de las denuncias de extorsi\u00f3n Ciudad de M\u00e9xico. La titular de la Secretar\u00eda de Seguridad y Protecci\u00f3n y Seguridad Ciudadana (SSPC), Rosa Icela Rodr\u00edguez Vel\u00e1zquez, llam\u00f3 a la ciudadan\u00eda a denunciar cualquier caso de extorsi\u00f3n, pues es uno de los delitos [&hellip;]\" \/>\n<meta property=\"og:url\" content=\"https:\/\/fuentesfidedignas.com.mx\/index.php\/2021\/11\/25\/relanzan-el-servicio-de-denuncia-anonima-089\/\" \/>\n<meta property=\"og:site_name\" content=\"Fuentes Fidedignas\" \/>\n<meta property=\"article:publisher\" content=\"https:\/\/www.facebook.com\/Fuentes-Fidedignas-368234489921644\" \/>\n<meta property=\"article:published_time\" content=\"2021-11-25T16:05:41+00:00\" \/>\n<meta property=\"article:modified_time\" content=\"2021-11-25T16:05:44+00:00\" \/>\n<meta property=\"og:image\" content=\"https:\/\/fuentesfidedignas.com.mx\/wp-content\/uploads\/2021\/11\/images-67.jpeg\" \/>\n\t<meta property=\"og:image:width\" content=\"640\" \/>\n\t<meta property=\"og:image:height\" content=\"480\" \/>\n\t<meta property=\"og:image:type\" content=\"image\/jpeg\" \/>\n<meta name=\"author\" content=\"La Jornada\" \/>\n<meta name=\"twitter:card\" content=\"summary_large_image\" \/>\n<meta name=\"twitter:creator\" content=\"@fidedignas\" \/>\n<meta name=\"twitter:site\" content=\"@fidedignas\" \/>\n<meta name=\"twitter:label1\" content=\"Escrito por\" \/>\n\t<meta name=\"twitter:data1\" content=\"La Jornada\" \/>\n\t<meta name=\"twitter:label2\" content=\"Tiempo de lectura\" \/>\n\t<meta name=\"twitter:data2\" content=\"2 minutos\" \/>\n<script type=\"application\/ld+json\" class=\"yoast-schema-graph\">{\"@context\":\"https:\\\/\\\/schema.org\",\"@graph\":[{\"@type\":\"Article\",\"@id\":\"https:\\\/\\\/fuentesfidedignas.com.mx\\\/index.php\\\/2021\\\/11\\\/25\\\/relanzan-el-servicio-de-denuncia-anonima-089\\\/#article\",\"isPartOf\":{\"@id\":\"https:\\\/\\\/fuentesfidedignas.com.mx\\\/index.php\\\/2021\\\/11\\\/25\\\/relanzan-el-servicio-de-denuncia-anonima-089\\\/\"},\"author\":{\"name\":\"La Jornada\",\"@id\":\"https:\\\/\\\/fuentesfidedignas.com.mx\\\/#\\\/schema\\\/person\\\/87eacee4072e149fccc7de67f9634f35\"},\"headline\":\"Relanzan el servicio de denuncia an\u00f3nima 089\",\"datePublished\":\"2021-11-25T16:05:41+00:00\",\"dateModified\":\"2021-11-25T16:05:44+00:00\",\"mainEntityOfPage\":{\"@id\":\"https:\\\/\\\/fuentesfidedignas.com.mx\\\/index.php\\\/2021\\\/11\\\/25\\\/relanzan-el-servicio-de-denuncia-anonima-089\\\/\"},\"wordCount\":298,\"commentCount\":0,\"publisher\":{\"@id\":\"https:\\\/\\\/fuentesfidedignas.com.mx\\\/#organization\"},\"image\":{\"@id\":\"https:\\\/\\\/fuentesfidedignas.com.mx\\\/index.php\\\/2021\\\/11\\\/25\\\/relanzan-el-servicio-de-denuncia-anonima-089\\\/#primaryimage\"},\"thumbnailUrl\":\"https:\\\/\\\/fuentesfidedignas.com.mx\\\/wp-content\\\/uploads\\\/2021\\\/11\\\/images-67.jpeg\",\"articleSection\":[\"NOTICIAS NACIONALES\"],\"inLanguage\":\"es\",\"potentialAction\":[{\"@type\":\"CommentAction\",\"name\":\"Comment\",\"target\":[\"https:\\\/\\\/fuentesfidedignas.com.mx\\\/index.php\\\/2021\\\/11\\\/25\\\/relanzan-el-servicio-de-denuncia-anonima-089\\\/#respond\"]}]},{\"@type\":\"WebPage\",\"@id\":\"https:\\\/\\\/fuentesfidedignas.com.mx\\\/index.php\\\/2021\\\/11\\\/25\\\/relanzan-el-servicio-de-denuncia-anonima-089\\\/\",\"url\":\"https:\\\/\\\/fuentesfidedignas.com.mx\\\/index.php\\\/2021\\\/11\\\/25\\\/relanzan-el-servicio-de-denuncia-anonima-089\\\/\",\"name\":\"Relanzan el servicio de denuncia an\u00f3nima 089 - Fuentes Fidedignas\",\"isPartOf\":{\"@id\":\"https:\\\/\\\/fuentesfidedignas.com.mx\\\/#website\"},\"primaryImageOfPage\":{\"@id\":\"https:\\\/\\\/fuentesfidedignas.com.mx\\\/index.php\\\/2021\\\/11\\\/25\\\/relanzan-el-servicio-de-denuncia-anonima-089\\\/#primaryimage\"},\"image\":{\"@id\":\"https:\\\/\\\/fuentesfidedignas.com.mx\\\/index.php\\\/2021\\\/11\\\/25\\\/relanzan-el-servicio-de-denuncia-anonima-089\\\/#primaryimage\"},\"thumbnailUrl\":\"https:\\\/\\\/fuentesfidedignas.com.mx\\\/wp-content\\\/uploads\\\/2021\\\/11\\\/images-67.jpeg\",\"datePublished\":\"2021-11-25T16:05:41+00:00\",\"dateModified\":\"2021-11-25T16:05:44+00:00\",\"breadcrumb\":{\"@id\":\"https:\\\/\\\/fuentesfidedignas.com.mx\\\/index.php\\\/2021\\\/11\\\/25\\\/relanzan-el-servicio-de-denuncia-anonima-089\\\/#breadcrumb\"},\"inLanguage\":\"es\",\"potentialAction\":[{\"@type\":\"ReadAction\",\"target\":[\"https:\\\/\\\/fuentesfidedignas.com.mx\\\/index.php\\\/2021\\\/11\\\/25\\\/relanzan-el-servicio-de-denuncia-anonima-089\\\/\"]}]},{\"@type\":\"ImageObject\",\"inLanguage\":\"es\",\"@id\":\"https:\\\/\\\/fuentesfidedignas.com.mx\\\/index.php\\\/2021\\\/11\\\/25\\\/relanzan-el-servicio-de-denuncia-anonima-089\\\/#primaryimage\",\"url\":\"https:\\\/\\\/fuentesfidedignas.com.mx\\\/wp-content\\\/uploads\\\/2021\\\/11\\\/images-67.jpeg\",\"contentUrl\":\"https:\\\/\\\/fuentesfidedignas.com.mx\\\/wp-content\\\/uploads\\\/2021\\\/11\\\/images-67.jpeg\",\"width\":640,\"height\":480},{\"@type\":\"BreadcrumbList\",\"@id\":\"https:\\\/\\\/fuentesfidedignas.com.mx\\\/index.php\\\/2021\\\/11\\\/25\\\/relanzan-el-servicio-de-denuncia-anonima-089\\\/#breadcrumb\",\"itemListElement\":[{\"@type\":\"ListItem\",\"position\":1,\"name\":\"Inicio\",\"item\":\"https:\\\/\\\/fuentesfidedignas.com.mx\\\/\"},{\"@type\":\"ListItem\",\"position\":2,\"name\":\"Relanzan el servicio de denuncia an\u00f3nima 089\"}]},{\"@type\":\"WebSite\",\"@id\":\"https:\\\/\\\/fuentesfidedignas.com.mx\\\/#website\",\"url\":\"https:\\\/\\\/fuentesfidedignas.com.mx\\\/\",\"name\":\"Fuentes Fidedignas\",\"description\":\"Otro sitio realizado con WordPress\",\"publisher\":{\"@id\":\"https:\\\/\\\/fuentesfidedignas.com.mx\\\/#organization\"},\"potentialAction\":[{\"@type\":\"SearchAction\",\"target\":{\"@type\":\"EntryPoint\",\"urlTemplate\":\"https:\\\/\\\/fuentesfidedignas.com.mx\\\/?s={search_term_string}\"},\"query-input\":{\"@type\":\"PropertyValueSpecification\",\"valueRequired\":true,\"valueName\":\"search_term_string\"}}],\"inLanguage\":\"es\"},{\"@type\":\"Organization\",\"@id\":\"https:\\\/\\\/fuentesfidedignas.com.mx\\\/#organization\",\"name\":\"Fuentes Fidedignas\",\"url\":\"https:\\\/\\\/fuentesfidedignas.com.mx\\\/\",\"logo\":{\"@type\":\"ImageObject\",\"inLanguage\":\"es\",\"@id\":\"https:\\\/\\\/fuentesfidedignas.com.mx\\\/#\\\/schema\\\/logo\\\/image\\\/\",\"url\":\"https:\\\/\\\/fuentesfidedignas.com.mx\\\/wp-content\\\/uploads\\\/2021\\\/04\\\/logo-retina.png\",\"contentUrl\":\"https:\\\/\\\/fuentesfidedignas.com.mx\\\/wp-content\\\/uploads\\\/2021\\\/04\\\/logo-retina.png\",\"width\":280,\"height\":51,\"caption\":\"Fuentes Fidedignas\"},\"image\":{\"@id\":\"https:\\\/\\\/fuentesfidedignas.com.mx\\\/#\\\/schema\\\/logo\\\/image\\\/\"},\"sameAs\":[\"https:\\\/\\\/www.facebook.com\\\/Fuentes-Fidedignas-368234489921644\",\"https:\\\/\\\/x.com\\\/fidedignas\"]},{\"@type\":\"Person\",\"@id\":\"https:\\\/\\\/fuentesfidedignas.com.mx\\\/#\\\/schema\\\/person\\\/87eacee4072e149fccc7de67f9634f35\",\"name\":\"La Jornada\",\"image\":{\"@type\":\"ImageObject\",\"inLanguage\":\"es\",\"@id\":\"https:\\\/\\\/secure.gravatar.com\\\/avatar\\\/2b09f15a418e222775ffd645761e3fcecd1fb9d7a38a3ba858adf349aab82c7c?s=96&d=mm&r=g\",\"url\":\"https:\\\/\\\/secure.gravatar.com\\\/avatar\\\/2b09f15a418e222775ffd645761e3fcecd1fb9d7a38a3ba858adf349aab82c7c?s=96&d=mm&r=g\",\"contentUrl\":\"https:\\\/\\\/secure.gravatar.com\\\/avatar\\\/2b09f15a418e222775ffd645761e3fcecd1fb9d7a38a3ba858adf349aab82c7c?s=96&d=mm&r=g\",\"caption\":\"La Jornada\"},\"url\":\"https:\\\/\\\/fuentesfidedignas.com.mx\\\/index.php\\\/author\\\/jornada\\\/\"}]}<\/script>\n<!-- \/ Yoast SEO plugin. -->","yoast_head_json":{"title":"Relanzan el servicio de denuncia an\u00f3nima 089 - Fuentes Fidedignas","robots":{"index":"index","follow":"follow","max-snippet":"max-snippet:-1","max-image-preview":"max-image-preview:large","max-video-preview":"max-video-preview:-1"},"canonical":"https:\/\/fuentesfidedignas.com.mx\/index.php\/2021\/11\/25\/relanzan-el-servicio-de-denuncia-anonima-089\/","og_locale":"es_MX","og_type":"article","og_title":"Relanzan el servicio de denuncia an\u00f3nima 089 - Fuentes Fidedignas","og_description":"Cuatro entidades (Jalisco, Veracruz, Nuevo Le\u00f3n y estado de M\u00e9xico) concentran 59 por ciento de las denuncias de extorsi\u00f3n Ciudad de M\u00e9xico. La titular de la Secretar\u00eda de Seguridad y Protecci\u00f3n y Seguridad Ciudadana (SSPC), Rosa Icela Rodr\u00edguez Vel\u00e1zquez, llam\u00f3 a la ciudadan\u00eda a denunciar cualquier caso de extorsi\u00f3n, pues es uno de los delitos [&hellip;]","og_url":"https:\/\/fuentesfidedignas.com.mx\/index.php\/2021\/11\/25\/relanzan-el-servicio-de-denuncia-anonima-089\/","og_site_name":"Fuentes Fidedignas","article_publisher":"https:\/\/www.facebook.com\/Fuentes-Fidedignas-368234489921644","article_published_time":"2021-11-25T16:05:41+00:00","article_modified_time":"2021-11-25T16:05:44+00:00","og_image":[{"width":640,"height":480,"url":"https:\/\/fuentesfidedignas.com.mx\/wp-content\/uploads\/2021\/11\/images-67.jpeg","type":"image\/jpeg"}],"author":"La Jornada","twitter_card":"summary_large_image","twitter_creator":"@fidedignas","twitter_site":"@fidedignas","twitter_misc":{"Escrito por":"La Jornada","Tiempo de lectura":"2 minutos"},"schema":{"@context":"https:\/\/schema.org","@graph":[{"@type":"Article","@id":"https:\/\/fuentesfidedignas.com.mx\/index.php\/2021\/11\/25\/relanzan-el-servicio-de-denuncia-anonima-089\/#article","isPartOf":{"@id":"https:\/\/fuentesfidedignas.com.mx\/index.php\/2021\/11\/25\/relanzan-el-servicio-de-denuncia-anonima-089\/"},"author":{"name":"La Jornada","@id":"https:\/\/fuentesfidedignas.com.mx\/#\/schema\/person\/87eacee4072e149fccc7de67f9634f35"},"headline":"Relanzan el servicio de denuncia an\u00f3nima 089","datePublished":"2021-11-25T16:05:41+00:00","dateModified":"2021-11-25T16:05:44+00:00","mainEntityOfPage":{"@id":"https:\/\/fuentesfidedignas.com.mx\/index.php\/2021\/11\/25\/relanzan-el-servicio-de-denuncia-anonima-089\/"},"wordCount":298,"commentCount":0,"publisher":{"@id":"https:\/\/fuentesfidedignas.com.mx\/#organization"},"image":{"@id":"https:\/\/fuentesfidedignas.com.mx\/index.php\/2021\/11\/25\/relanzan-el-servicio-de-denuncia-anonima-089\/#primaryimage"},"thumbnailUrl":"https:\/\/fuentesfidedignas.com.mx\/wp-content\/uploads\/2021\/11\/images-67.jpeg","articleSection":["NOTICIAS NACIONALES"],"inLanguage":"es","potentialAction":[{"@type":"CommentAction","name":"Comment","target":["https:\/\/fuentesfidedignas.com.mx\/index.php\/2021\/11\/25\/relanzan-el-servicio-de-denuncia-anonima-089\/#respond"]}]},{"@type":"WebPage","@id":"https:\/\/fuentesfidedignas.com.mx\/index.php\/2021\/11\/25\/relanzan-el-servicio-de-denuncia-anonima-089\/","url":"https:\/\/fuentesfidedignas.com.mx\/index.php\/2021\/11\/25\/relanzan-el-servicio-de-denuncia-anonima-089\/","name":"Relanzan el servicio de denuncia an\u00f3nima 089 - Fuentes Fidedignas","isPartOf":{"@id":"https:\/\/fuentesfidedignas.com.mx\/#website"},"primaryImageOfPage":{"@id":"https:\/\/fuentesfidedignas.com.mx\/index.php\/2021\/11\/25\/relanzan-el-servicio-de-denuncia-anonima-089\/#primaryimage"},"image":{"@id":"https:\/\/fuentesfidedignas.com.mx\/index.php\/2021\/11\/25\/relanzan-el-servicio-de-denuncia-anonima-089\/#primaryimage"},"thumbnailUrl":"https:\/\/fuentesfidedignas.com.mx\/wp-content\/uploads\/2021\/11\/images-67.jpeg","datePublished":"2021-11-25T16:05:41+00:00","dateModified":"2021-11-25T16:05:44+00:00","breadcrumb":{"@id":"https:\/\/fuentesfidedignas.com.mx\/index.php\/2021\/11\/25\/relanzan-el-servicio-de-denuncia-anonima-089\/#breadcrumb"},"inLanguage":"es","potentialAction":[{"@type":"ReadAction","target":["https:\/\/fuentesfidedignas.com.mx\/index.php\/2021\/11\/25\/relanzan-el-servicio-de-denuncia-anonima-089\/"]}]},{"@type":"ImageObject","inLanguage":"es","@id":"https:\/\/fuentesfidedignas.com.mx\/index.php\/2021\/11\/25\/relanzan-el-servicio-de-denuncia-anonima-089\/#primaryimage","url":"https:\/\/fuentesfidedignas.com.mx\/wp-content\/uploads\/2021\/11\/images-67.jpeg","contentUrl":"https:\/\/fuentesfidedignas.com.mx\/wp-content\/uploads\/2021\/11\/images-67.jpeg","width":640,"height":480},{"@type":"BreadcrumbList","@id":"https:\/\/fuentesfidedignas.com.mx\/index.php\/2021\/11\/25\/relanzan-el-servicio-de-denuncia-anonima-089\/#breadcrumb","itemListElement":[{"@type":"ListItem","position":1,"name":"Inicio","item":"https:\/\/fuentesfidedignas.com.mx\/"},{"@type":"ListItem","position":2,"name":"Relanzan el servicio de denuncia an\u00f3nima 089"}]},{"@type":"WebSite","@id":"https:\/\/fuentesfidedignas.com.mx\/#website","url":"https:\/\/fuentesfidedignas.com.mx\/","name":"Fuentes Fidedignas","description":"Otro sitio realizado con WordPress","publisher":{"@id":"https:\/\/fuentesfidedignas.com.mx\/#organization"},"potentialAction":[{"@type":"SearchAction","target":{"@type":"EntryPoint","urlTemplate":"https:\/\/fuentesfidedignas.com.mx\/?s={search_term_string}"},"query-input":{"@type":"PropertyValueSpecification","valueRequired":true,"valueName":"search_term_string"}}],"inLanguage":"es"},{"@type":"Organization","@id":"https:\/\/fuentesfidedignas.com.mx\/#organization","name":"Fuentes Fidedignas","url":"https:\/\/fuentesfidedignas.com.mx\/","logo":{"@type":"ImageObject","inLanguage":"es","@id":"https:\/\/fuentesfidedignas.com.mx\/#\/schema\/logo\/image\/","url":"https:\/\/fuentesfidedignas.com.mx\/wp-content\/uploads\/2021\/04\/logo-retina.png","contentUrl":"https:\/\/fuentesfidedignas.com.mx\/wp-content\/uploads\/2021\/04\/logo-retina.png","width":280,"height":51,"caption":"Fuentes Fidedignas"},"image":{"@id":"https:\/\/fuentesfidedignas.com.mx\/#\/schema\/logo\/image\/"},"sameAs":["https:\/\/www.facebook.com\/Fuentes-Fidedignas-368234489921644","https:\/\/x.com\/fidedignas"]},{"@type":"Person","@id":"https:\/\/fuentesfidedignas.com.mx\/#\/schema\/person\/87eacee4072e149fccc7de67f9634f35","name":"La Jornada","image":{"@type":"ImageObject","inLanguage":"es","@id":"https:\/\/secure.gravatar.com\/avatar\/2b09f15a418e222775ffd645761e3fcecd1fb9d7a38a3ba858adf349aab82c7c?s=96&d=mm&r=g","url":"https:\/\/secure.gravatar.com\/avatar\/2b09f15a418e222775ffd645761e3fcecd1fb9d7a38a3ba858adf349aab82c7c?s=96&d=mm&r=g","contentUrl":"https:\/\/secure.gravatar.com\/avatar\/2b09f15a418e222775ffd645761e3fcecd1fb9d7a38a3ba858adf349aab82c7c?s=96&d=mm&r=g","caption":"La Jornada"},"url":"https:\/\/fuentesfidedignas.com.mx\/index.php\/author\/jornada\/"}]}},"_links":{"self":[{"href":"https:\/\/fuentesfidedignas.com.mx\/index.php\/wp-json\/wp\/v2\/posts\/18298","targetHints":{"allow":["GET"]}}],"collection":[{"href":"https:\/\/fuentesfidedignas.com.mx\/index.php\/wp-json\/wp\/v2\/posts"}],"about":[{"href":"https:\/\/fuentesfidedignas.com.mx\/index.php\/wp-json\/wp\/v2\/types\/post"}],"author":[{"embeddable":true,"href":"https:\/\/fuentesfidedignas.com.mx\/index.php\/wp-json\/wp\/v2\/users\/45"}],"replies":[{"embeddable":true,"href":"https:\/\/fuentesfidedignas.com.mx\/index.php\/wp-json\/wp\/v2\/comments?post=18298"}],"version-history":[{"count":1,"href":"https:\/\/fuentesfidedignas.com.mx\/index.php\/wp-json\/wp\/v2\/posts\/18298\/revisions"}],"predecessor-version":[{"id":18300,"href":"https:\/\/fuentesfidedignas.com.mx\/index.php\/wp-json\/wp\/v2\/posts\/18298\/revisions\/18300"}],"wp:featuredmedia":[{"embeddable":true,"href":"https:\/\/fuentesfidedignas.com.mx\/index.php\/wp-json\/wp\/v2\/media\/18299"}],"wp:attachment":[{"href":"https:\/\/fuentesfidedignas.com.mx\/index.php\/wp-json\/wp\/v2\/media?parent=18298"}],"wp:term":[{"taxonomy":"category","embeddable":true,"href":"https:\/\/fuentesfidedignas.com.mx\/index.php\/wp-json\/wp\/v2\/categories?post=18298"},{"taxonomy":"post_tag","embeddable":true,"href":"https:\/\/fuentesfidedignas.com.mx\/index.php\/wp-json\/wp\/v2\/tags?post=18298"}],"curies":[{"name":"wp","href":"https:\/\/api.w.org\/{rel}","templated":true}]}}