{"id":18197,"date":"2021-11-24T11:03:44","date_gmt":"2021-11-24T18:03:44","guid":{"rendered":"https:\/\/fuentesfidedignas.com.mx\/?p=18197"},"modified":"2021-11-24T11:03:46","modified_gmt":"2021-11-24T18:03:46","slug":"rocha-encabeza-reunion-de-seguridad-en-sinaloa-de-leyva","status":"publish","type":"post","link":"https:\/\/fuentesfidedignas.com.mx\/index.php\/2021\/11\/24\/rocha-encabeza-reunion-de-seguridad-en-sinaloa-de-leyva\/","title":{"rendered":"Rocha encabeza reuni\u00f3n de seguridad en Sinaloa de Leyva"},"content":{"rendered":"\n<p><em><strong>Se trat\u00f3 de la cuarta reuni\u00f3n que se realiza fuera de Palacio de Gobierno; dos fueron en Mazatl\u00e1n y una en Los Mochis<\/strong><\/em><\/p>\n\n\n\n<p>Sinaloa de Leyva, Sin.- Tal como lo adelant\u00f3, el gobernador Rub\u00e9n Rocha Moya encabez\u00f3 este mi\u00e9rcoles por la ma\u00f1ana, la reuni\u00f3n de la Mesa de Coordinaci\u00f3n para la Construcci\u00f3n de la Paz, la cual se celebr\u00f3 en esta ocasi\u00f3n en Sinaloa de Leyva, como fue el compromiso de llevar estos encuentros de trabajo con las autoridades de los tres \u00f3rdenes de gobierno a las zonas del estado que est\u00e1n catalogadas como sedes regionales en la estrategia nacional de seguridad.<\/p>\n\n\n\n<p>Cabe destacar que se trat\u00f3 de la cuarta reuni\u00f3n que se realiza fuera de Palacio de Gobierno en la capital del estado, donde diariamente se lleva a cabo este ejercicio, pues el pasado 5 de noviembre, el gobernador del estado encabez\u00f3 este mismo encuentro en las instalaciones de la Tercera Regi\u00f3n Militar en Mazatl\u00e1n, luego la segunda reuni\u00f3n fue el d\u00eda 19 en la ciudad de Los Mochis, y apenas este lunes 22 de noviembre, de nueva cuenta en Mazatl\u00e1n, esta vez en las instalaciones de la Cuarta Zona Naval, donde se analizaron los indicadores en materia de seguridad de estos municipios de manera particular.<\/p>\n\n\n\n<p>Lo mismo ocurri\u00f3 este mi\u00e9rcoles, ahora en Sinaloa de Leyva, como sede regional, donde el gobernador Rub\u00e9n Rocha Moya se reuni\u00f3 con todo el gabinete de seguridad que participa en esta Mesa de Coordinaci\u00f3n, que incluye desde luego al secretario de Seguridad P\u00fablica, Crist\u00f3bal Casta\u00f1eda Camarillo; y a los representantes del Ej\u00e9rcito Mexicano, Marina Armada de M\u00e9xico, Guardia Nacional, Fiscal\u00eda General del Estado, y de las Secretar\u00edas de Seguridad P\u00fablica Municipales.<\/p>\n","protected":false},"excerpt":{"rendered":"<p>Se trat\u00f3 de la cuarta reuni\u00f3n que se realiza fuera de Palacio de Gobierno; dos fueron en Mazatl\u00e1n y una en Los Mochis Sinaloa de Leyva, Sin.- Tal como lo adelant\u00f3, el gobernador Rub\u00e9n Rocha Moya encabez\u00f3 este mi\u00e9rcoles por la ma\u00f1ana, la reuni\u00f3n de la Mesa de Coordinaci\u00f3n para la Construcci\u00f3n de la Paz, [&hellip;]<\/p>\n","protected":false},"author":4,"featured_media":18198,"comment_status":"open","ping_status":"open","sticky":false,"template":"","format":"standard","meta":{"tdm_status":"","tdm_grid_status":"","footnotes":""},"categories":[37],"tags":[52],"class_list":{"0":"post-18197","1":"post","2":"type-post","3":"status-publish","4":"format-standard","5":"has-post-thumbnail","7":"category-nota-principal","8":"tag-ruben-rocha-moya"},"yoast_head":"<!-- This site is optimized with the Yoast SEO plugin v27.5 - https:\/\/yoast.com\/product\/yoast-seo-wordpress\/ -->\n<title>Rocha encabeza reuni\u00f3n de seguridad en Sinaloa de Leyva - Fuentes Fidedignas<\/title>\n<meta name=\"robots\" content=\"index, follow, max-snippet:-1, max-image-preview:large, max-video-preview:-1\" \/>\n<link rel=\"canonical\" href=\"https:\/\/fuentesfidedignas.com.mx\/index.php\/2021\/11\/24\/rocha-encabeza-reunion-de-seguridad-en-sinaloa-de-leyva\/\" \/>\n<meta property=\"og:locale\" content=\"es_MX\" \/>\n<meta property=\"og:type\" content=\"article\" \/>\n<meta property=\"og:title\" content=\"Rocha encabeza reuni\u00f3n de seguridad en Sinaloa de Leyva - Fuentes Fidedignas\" \/>\n<meta property=\"og:description\" content=\"Se trat\u00f3 de la cuarta reuni\u00f3n que se realiza fuera de Palacio de Gobierno; dos fueron en Mazatl\u00e1n y una en Los Mochis Sinaloa de Leyva, Sin.- Tal como lo adelant\u00f3, el gobernador Rub\u00e9n Rocha Moya encabez\u00f3 este mi\u00e9rcoles por la ma\u00f1ana, la reuni\u00f3n de la Mesa de Coordinaci\u00f3n para la Construcci\u00f3n de la Paz, [&hellip;]\" \/>\n<meta property=\"og:url\" content=\"https:\/\/fuentesfidedignas.com.mx\/index.php\/2021\/11\/24\/rocha-encabeza-reunion-de-seguridad-en-sinaloa-de-leyva\/\" \/>\n<meta property=\"og:site_name\" content=\"Fuentes Fidedignas\" \/>\n<meta property=\"article:publisher\" content=\"https:\/\/www.facebook.com\/Fuentes-Fidedignas-368234489921644\" \/>\n<meta property=\"article:published_time\" content=\"2021-11-24T18:03:44+00:00\" \/>\n<meta property=\"article:modified_time\" content=\"2021-11-24T18:03:46+00:00\" \/>\n<meta property=\"og:image\" content=\"https:\/\/fuentesfidedignas.com.mx\/wp-content\/uploads\/2021\/11\/IMG-20211124-WA0006.jpg\" \/>\n\t<meta property=\"og:image:width\" content=\"1034\" \/>\n\t<meta property=\"og:image:height\" content=\"853\" \/>\n\t<meta property=\"og:image:type\" content=\"image\/jpeg\" \/>\n<meta name=\"author\" content=\"Redacci\u00f3n\" \/>\n<meta name=\"twitter:card\" content=\"summary_large_image\" \/>\n<meta name=\"twitter:creator\" content=\"@fidedignas\" \/>\n<meta name=\"twitter:site\" content=\"@fidedignas\" \/>\n<meta name=\"twitter:label1\" content=\"Escrito por\" \/>\n\t<meta name=\"twitter:data1\" content=\"Redacci\u00f3n\" \/>\n\t<meta name=\"twitter:label2\" content=\"Tiempo de lectura\" \/>\n\t<meta name=\"twitter:data2\" content=\"2 minutos\" \/>\n<script type=\"application\/ld+json\" class=\"yoast-schema-graph\">{\"@context\":\"https:\\\/\\\/schema.org\",\"@graph\":[{\"@type\":\"Article\",\"@id\":\"https:\\\/\\\/fuentesfidedignas.com.mx\\\/index.php\\\/2021\\\/11\\\/24\\\/rocha-encabeza-reunion-de-seguridad-en-sinaloa-de-leyva\\\/#article\",\"isPartOf\":{\"@id\":\"https:\\\/\\\/fuentesfidedignas.com.mx\\\/index.php\\\/2021\\\/11\\\/24\\\/rocha-encabeza-reunion-de-seguridad-en-sinaloa-de-leyva\\\/\"},\"author\":{\"name\":\"Redacci\u00f3n\",\"@id\":\"https:\\\/\\\/fuentesfidedignas.com.mx\\\/#\\\/schema\\\/person\\\/331be9283d37198e2acd5750279085b0\"},\"headline\":\"Rocha encabeza reuni\u00f3n de seguridad en Sinaloa de Leyva\",\"datePublished\":\"2021-11-24T18:03:44+00:00\",\"dateModified\":\"2021-11-24T18:03:46+00:00\",\"mainEntityOfPage\":{\"@id\":\"https:\\\/\\\/fuentesfidedignas.com.mx\\\/index.php\\\/2021\\\/11\\\/24\\\/rocha-encabeza-reunion-de-seguridad-en-sinaloa-de-leyva\\\/\"},\"wordCount\":313,\"commentCount\":0,\"publisher\":{\"@id\":\"https:\\\/\\\/fuentesfidedignas.com.mx\\\/#organization\"},\"image\":{\"@id\":\"https:\\\/\\\/fuentesfidedignas.com.mx\\\/index.php\\\/2021\\\/11\\\/24\\\/rocha-encabeza-reunion-de-seguridad-en-sinaloa-de-leyva\\\/#primaryimage\"},\"thumbnailUrl\":\"https:\\\/\\\/fuentesfidedignas.com.mx\\\/wp-content\\\/uploads\\\/2021\\\/11\\\/IMG-20211124-WA0006.jpg\",\"keywords\":[\"Rub\u00e9n Rocha Moya\"],\"articleSection\":[\"NOTA PRINCIPAL\"],\"inLanguage\":\"es\",\"potentialAction\":[{\"@type\":\"CommentAction\",\"name\":\"Comment\",\"target\":[\"https:\\\/\\\/fuentesfidedignas.com.mx\\\/index.php\\\/2021\\\/11\\\/24\\\/rocha-encabeza-reunion-de-seguridad-en-sinaloa-de-leyva\\\/#respond\"]}]},{\"@type\":\"WebPage\",\"@id\":\"https:\\\/\\\/fuentesfidedignas.com.mx\\\/index.php\\\/2021\\\/11\\\/24\\\/rocha-encabeza-reunion-de-seguridad-en-sinaloa-de-leyva\\\/\",\"url\":\"https:\\\/\\\/fuentesfidedignas.com.mx\\\/index.php\\\/2021\\\/11\\\/24\\\/rocha-encabeza-reunion-de-seguridad-en-sinaloa-de-leyva\\\/\",\"name\":\"Rocha encabeza reuni\u00f3n de seguridad en Sinaloa de Leyva - Fuentes Fidedignas\",\"isPartOf\":{\"@id\":\"https:\\\/\\\/fuentesfidedignas.com.mx\\\/#website\"},\"primaryImageOfPage\":{\"@id\":\"https:\\\/\\\/fuentesfidedignas.com.mx\\\/index.php\\\/2021\\\/11\\\/24\\\/rocha-encabeza-reunion-de-seguridad-en-sinaloa-de-leyva\\\/#primaryimage\"},\"image\":{\"@id\":\"https:\\\/\\\/fuentesfidedignas.com.mx\\\/index.php\\\/2021\\\/11\\\/24\\\/rocha-encabeza-reunion-de-seguridad-en-sinaloa-de-leyva\\\/#primaryimage\"},\"thumbnailUrl\":\"https:\\\/\\\/fuentesfidedignas.com.mx\\\/wp-content\\\/uploads\\\/2021\\\/11\\\/IMG-20211124-WA0006.jpg\",\"datePublished\":\"2021-11-24T18:03:44+00:00\",\"dateModified\":\"2021-11-24T18:03:46+00:00\",\"breadcrumb\":{\"@id\":\"https:\\\/\\\/fuentesfidedignas.com.mx\\\/index.php\\\/2021\\\/11\\\/24\\\/rocha-encabeza-reunion-de-seguridad-en-sinaloa-de-leyva\\\/#breadcrumb\"},\"inLanguage\":\"es\",\"potentialAction\":[{\"@type\":\"ReadAction\",\"target\":[\"https:\\\/\\\/fuentesfidedignas.com.mx\\\/index.php\\\/2021\\\/11\\\/24\\\/rocha-encabeza-reunion-de-seguridad-en-sinaloa-de-leyva\\\/\"]}]},{\"@type\":\"ImageObject\",\"inLanguage\":\"es\",\"@id\":\"https:\\\/\\\/fuentesfidedignas.com.mx\\\/index.php\\\/2021\\\/11\\\/24\\\/rocha-encabeza-reunion-de-seguridad-en-sinaloa-de-leyva\\\/#primaryimage\",\"url\":\"https:\\\/\\\/fuentesfidedignas.com.mx\\\/wp-content\\\/uploads\\\/2021\\\/11\\\/IMG-20211124-WA0006.jpg\",\"contentUrl\":\"https:\\\/\\\/fuentesfidedignas.com.mx\\\/wp-content\\\/uploads\\\/2021\\\/11\\\/IMG-20211124-WA0006.jpg\",\"width\":1034,\"height\":853},{\"@type\":\"BreadcrumbList\",\"@id\":\"https:\\\/\\\/fuentesfidedignas.com.mx\\\/index.php\\\/2021\\\/11\\\/24\\\/rocha-encabeza-reunion-de-seguridad-en-sinaloa-de-leyva\\\/#breadcrumb\",\"itemListElement\":[{\"@type\":\"ListItem\",\"position\":1,\"name\":\"Inicio\",\"item\":\"https:\\\/\\\/fuentesfidedignas.com.mx\\\/\"},{\"@type\":\"ListItem\",\"position\":2,\"name\":\"Rocha encabeza reuni\u00f3n de seguridad en Sinaloa de Leyva\"}]},{\"@type\":\"WebSite\",\"@id\":\"https:\\\/\\\/fuentesfidedignas.com.mx\\\/#website\",\"url\":\"https:\\\/\\\/fuentesfidedignas.com.mx\\\/\",\"name\":\"Fuentes Fidedignas\",\"description\":\"Otro sitio realizado con WordPress\",\"publisher\":{\"@id\":\"https:\\\/\\\/fuentesfidedignas.com.mx\\\/#organization\"},\"potentialAction\":[{\"@type\":\"SearchAction\",\"target\":{\"@type\":\"EntryPoint\",\"urlTemplate\":\"https:\\\/\\\/fuentesfidedignas.com.mx\\\/?s={search_term_string}\"},\"query-input\":{\"@type\":\"PropertyValueSpecification\",\"valueRequired\":true,\"valueName\":\"search_term_string\"}}],\"inLanguage\":\"es\"},{\"@type\":\"Organization\",\"@id\":\"https:\\\/\\\/fuentesfidedignas.com.mx\\\/#organization\",\"name\":\"Fuentes Fidedignas\",\"url\":\"https:\\\/\\\/fuentesfidedignas.com.mx\\\/\",\"logo\":{\"@type\":\"ImageObject\",\"inLanguage\":\"es\",\"@id\":\"https:\\\/\\\/fuentesfidedignas.com.mx\\\/#\\\/schema\\\/logo\\\/image\\\/\",\"url\":\"https:\\\/\\\/fuentesfidedignas.com.mx\\\/wp-content\\\/uploads\\\/2021\\\/04\\\/logo-retina.png\",\"contentUrl\":\"https:\\\/\\\/fuentesfidedignas.com.mx\\\/wp-content\\\/uploads\\\/2021\\\/04\\\/logo-retina.png\",\"width\":280,\"height\":51,\"caption\":\"Fuentes Fidedignas\"},\"image\":{\"@id\":\"https:\\\/\\\/fuentesfidedignas.com.mx\\\/#\\\/schema\\\/logo\\\/image\\\/\"},\"sameAs\":[\"https:\\\/\\\/www.facebook.com\\\/Fuentes-Fidedignas-368234489921644\",\"https:\\\/\\\/x.com\\\/fidedignas\"]},{\"@type\":\"Person\",\"@id\":\"https:\\\/\\\/fuentesfidedignas.com.mx\\\/#\\\/schema\\\/person\\\/331be9283d37198e2acd5750279085b0\",\"name\":\"Redacci\u00f3n\",\"image\":{\"@type\":\"ImageObject\",\"inLanguage\":\"es\",\"@id\":\"https:\\\/\\\/secure.gravatar.com\\\/avatar\\\/f6d8782c11d12b2d4ad3fbb6931aeab5309937a4d6cd2fc9cfaa28a6396a5aec?s=96&d=mm&r=g\",\"url\":\"https:\\\/\\\/secure.gravatar.com\\\/avatar\\\/f6d8782c11d12b2d4ad3fbb6931aeab5309937a4d6cd2fc9cfaa28a6396a5aec?s=96&d=mm&r=g\",\"contentUrl\":\"https:\\\/\\\/secure.gravatar.com\\\/avatar\\\/f6d8782c11d12b2d4ad3fbb6931aeab5309937a4d6cd2fc9cfaa28a6396a5aec?s=96&d=mm&r=g\",\"caption\":\"Redacci\u00f3n\"},\"url\":\"https:\\\/\\\/fuentesfidedignas.com.mx\\\/index.php\\\/author\\\/redaccion\\\/\"}]}<\/script>\n<!-- \/ Yoast SEO plugin. -->","yoast_head_json":{"title":"Rocha encabeza reuni\u00f3n de seguridad en Sinaloa de Leyva - Fuentes Fidedignas","robots":{"index":"index","follow":"follow","max-snippet":"max-snippet:-1","max-image-preview":"max-image-preview:large","max-video-preview":"max-video-preview:-1"},"canonical":"https:\/\/fuentesfidedignas.com.mx\/index.php\/2021\/11\/24\/rocha-encabeza-reunion-de-seguridad-en-sinaloa-de-leyva\/","og_locale":"es_MX","og_type":"article","og_title":"Rocha encabeza reuni\u00f3n de seguridad en Sinaloa de Leyva - Fuentes Fidedignas","og_description":"Se trat\u00f3 de la cuarta reuni\u00f3n que se realiza fuera de Palacio de Gobierno; dos fueron en Mazatl\u00e1n y una en Los Mochis Sinaloa de Leyva, Sin.- Tal como lo adelant\u00f3, el gobernador Rub\u00e9n Rocha Moya encabez\u00f3 este mi\u00e9rcoles por la ma\u00f1ana, la reuni\u00f3n de la Mesa de Coordinaci\u00f3n para la Construcci\u00f3n de la Paz, [&hellip;]","og_url":"https:\/\/fuentesfidedignas.com.mx\/index.php\/2021\/11\/24\/rocha-encabeza-reunion-de-seguridad-en-sinaloa-de-leyva\/","og_site_name":"Fuentes Fidedignas","article_publisher":"https:\/\/www.facebook.com\/Fuentes-Fidedignas-368234489921644","article_published_time":"2021-11-24T18:03:44+00:00","article_modified_time":"2021-11-24T18:03:46+00:00","og_image":[{"width":1034,"height":853,"url":"https:\/\/fuentesfidedignas.com.mx\/wp-content\/uploads\/2021\/11\/IMG-20211124-WA0006.jpg","type":"image\/jpeg"}],"author":"Redacci\u00f3n","twitter_card":"summary_large_image","twitter_creator":"@fidedignas","twitter_site":"@fidedignas","twitter_misc":{"Escrito por":"Redacci\u00f3n","Tiempo de lectura":"2 minutos"},"schema":{"@context":"https:\/\/schema.org","@graph":[{"@type":"Article","@id":"https:\/\/fuentesfidedignas.com.mx\/index.php\/2021\/11\/24\/rocha-encabeza-reunion-de-seguridad-en-sinaloa-de-leyva\/#article","isPartOf":{"@id":"https:\/\/fuentesfidedignas.com.mx\/index.php\/2021\/11\/24\/rocha-encabeza-reunion-de-seguridad-en-sinaloa-de-leyva\/"},"author":{"name":"Redacci\u00f3n","@id":"https:\/\/fuentesfidedignas.com.mx\/#\/schema\/person\/331be9283d37198e2acd5750279085b0"},"headline":"Rocha encabeza reuni\u00f3n de seguridad en Sinaloa de Leyva","datePublished":"2021-11-24T18:03:44+00:00","dateModified":"2021-11-24T18:03:46+00:00","mainEntityOfPage":{"@id":"https:\/\/fuentesfidedignas.com.mx\/index.php\/2021\/11\/24\/rocha-encabeza-reunion-de-seguridad-en-sinaloa-de-leyva\/"},"wordCount":313,"commentCount":0,"publisher":{"@id":"https:\/\/fuentesfidedignas.com.mx\/#organization"},"image":{"@id":"https:\/\/fuentesfidedignas.com.mx\/index.php\/2021\/11\/24\/rocha-encabeza-reunion-de-seguridad-en-sinaloa-de-leyva\/#primaryimage"},"thumbnailUrl":"https:\/\/fuentesfidedignas.com.mx\/wp-content\/uploads\/2021\/11\/IMG-20211124-WA0006.jpg","keywords":["Rub\u00e9n Rocha Moya"],"articleSection":["NOTA PRINCIPAL"],"inLanguage":"es","potentialAction":[{"@type":"CommentAction","name":"Comment","target":["https:\/\/fuentesfidedignas.com.mx\/index.php\/2021\/11\/24\/rocha-encabeza-reunion-de-seguridad-en-sinaloa-de-leyva\/#respond"]}]},{"@type":"WebPage","@id":"https:\/\/fuentesfidedignas.com.mx\/index.php\/2021\/11\/24\/rocha-encabeza-reunion-de-seguridad-en-sinaloa-de-leyva\/","url":"https:\/\/fuentesfidedignas.com.mx\/index.php\/2021\/11\/24\/rocha-encabeza-reunion-de-seguridad-en-sinaloa-de-leyva\/","name":"Rocha encabeza reuni\u00f3n de seguridad en Sinaloa de Leyva - Fuentes Fidedignas","isPartOf":{"@id":"https:\/\/fuentesfidedignas.com.mx\/#website"},"primaryImageOfPage":{"@id":"https:\/\/fuentesfidedignas.com.mx\/index.php\/2021\/11\/24\/rocha-encabeza-reunion-de-seguridad-en-sinaloa-de-leyva\/#primaryimage"},"image":{"@id":"https:\/\/fuentesfidedignas.com.mx\/index.php\/2021\/11\/24\/rocha-encabeza-reunion-de-seguridad-en-sinaloa-de-leyva\/#primaryimage"},"thumbnailUrl":"https:\/\/fuentesfidedignas.com.mx\/wp-content\/uploads\/2021\/11\/IMG-20211124-WA0006.jpg","datePublished":"2021-11-24T18:03:44+00:00","dateModified":"2021-11-24T18:03:46+00:00","breadcrumb":{"@id":"https:\/\/fuentesfidedignas.com.mx\/index.php\/2021\/11\/24\/rocha-encabeza-reunion-de-seguridad-en-sinaloa-de-leyva\/#breadcrumb"},"inLanguage":"es","potentialAction":[{"@type":"ReadAction","target":["https:\/\/fuentesfidedignas.com.mx\/index.php\/2021\/11\/24\/rocha-encabeza-reunion-de-seguridad-en-sinaloa-de-leyva\/"]}]},{"@type":"ImageObject","inLanguage":"es","@id":"https:\/\/fuentesfidedignas.com.mx\/index.php\/2021\/11\/24\/rocha-encabeza-reunion-de-seguridad-en-sinaloa-de-leyva\/#primaryimage","url":"https:\/\/fuentesfidedignas.com.mx\/wp-content\/uploads\/2021\/11\/IMG-20211124-WA0006.jpg","contentUrl":"https:\/\/fuentesfidedignas.com.mx\/wp-content\/uploads\/2021\/11\/IMG-20211124-WA0006.jpg","width":1034,"height":853},{"@type":"BreadcrumbList","@id":"https:\/\/fuentesfidedignas.com.mx\/index.php\/2021\/11\/24\/rocha-encabeza-reunion-de-seguridad-en-sinaloa-de-leyva\/#breadcrumb","itemListElement":[{"@type":"ListItem","position":1,"name":"Inicio","item":"https:\/\/fuentesfidedignas.com.mx\/"},{"@type":"ListItem","position":2,"name":"Rocha encabeza reuni\u00f3n de seguridad en Sinaloa de Leyva"}]},{"@type":"WebSite","@id":"https:\/\/fuentesfidedignas.com.mx\/#website","url":"https:\/\/fuentesfidedignas.com.mx\/","name":"Fuentes Fidedignas","description":"Otro sitio realizado con WordPress","publisher":{"@id":"https:\/\/fuentesfidedignas.com.mx\/#organization"},"potentialAction":[{"@type":"SearchAction","target":{"@type":"EntryPoint","urlTemplate":"https:\/\/fuentesfidedignas.com.mx\/?s={search_term_string}"},"query-input":{"@type":"PropertyValueSpecification","valueRequired":true,"valueName":"search_term_string"}}],"inLanguage":"es"},{"@type":"Organization","@id":"https:\/\/fuentesfidedignas.com.mx\/#organization","name":"Fuentes Fidedignas","url":"https:\/\/fuentesfidedignas.com.mx\/","logo":{"@type":"ImageObject","inLanguage":"es","@id":"https:\/\/fuentesfidedignas.com.mx\/#\/schema\/logo\/image\/","url":"https:\/\/fuentesfidedignas.com.mx\/wp-content\/uploads\/2021\/04\/logo-retina.png","contentUrl":"https:\/\/fuentesfidedignas.com.mx\/wp-content\/uploads\/2021\/04\/logo-retina.png","width":280,"height":51,"caption":"Fuentes Fidedignas"},"image":{"@id":"https:\/\/fuentesfidedignas.com.mx\/#\/schema\/logo\/image\/"},"sameAs":["https:\/\/www.facebook.com\/Fuentes-Fidedignas-368234489921644","https:\/\/x.com\/fidedignas"]},{"@type":"Person","@id":"https:\/\/fuentesfidedignas.com.mx\/#\/schema\/person\/331be9283d37198e2acd5750279085b0","name":"Redacci\u00f3n","image":{"@type":"ImageObject","inLanguage":"es","@id":"https:\/\/secure.gravatar.com\/avatar\/f6d8782c11d12b2d4ad3fbb6931aeab5309937a4d6cd2fc9cfaa28a6396a5aec?s=96&d=mm&r=g","url":"https:\/\/secure.gravatar.com\/avatar\/f6d8782c11d12b2d4ad3fbb6931aeab5309937a4d6cd2fc9cfaa28a6396a5aec?s=96&d=mm&r=g","contentUrl":"https:\/\/secure.gravatar.com\/avatar\/f6d8782c11d12b2d4ad3fbb6931aeab5309937a4d6cd2fc9cfaa28a6396a5aec?s=96&d=mm&r=g","caption":"Redacci\u00f3n"},"url":"https:\/\/fuentesfidedignas.com.mx\/index.php\/author\/redaccion\/"}]}},"_links":{"self":[{"href":"https:\/\/fuentesfidedignas.com.mx\/index.php\/wp-json\/wp\/v2\/posts\/18197","targetHints":{"allow":["GET"]}}],"collection":[{"href":"https:\/\/fuentesfidedignas.com.mx\/index.php\/wp-json\/wp\/v2\/posts"}],"about":[{"href":"https:\/\/fuentesfidedignas.com.mx\/index.php\/wp-json\/wp\/v2\/types\/post"}],"author":[{"embeddable":true,"href":"https:\/\/fuentesfidedignas.com.mx\/index.php\/wp-json\/wp\/v2\/users\/4"}],"replies":[{"embeddable":true,"href":"https:\/\/fuentesfidedignas.com.mx\/index.php\/wp-json\/wp\/v2\/comments?post=18197"}],"version-history":[{"count":1,"href":"https:\/\/fuentesfidedignas.com.mx\/index.php\/wp-json\/wp\/v2\/posts\/18197\/revisions"}],"predecessor-version":[{"id":18199,"href":"https:\/\/fuentesfidedignas.com.mx\/index.php\/wp-json\/wp\/v2\/posts\/18197\/revisions\/18199"}],"wp:featuredmedia":[{"embeddable":true,"href":"https:\/\/fuentesfidedignas.com.mx\/index.php\/wp-json\/wp\/v2\/media\/18198"}],"wp:attachment":[{"href":"https:\/\/fuentesfidedignas.com.mx\/index.php\/wp-json\/wp\/v2\/media?parent=18197"}],"wp:term":[{"taxonomy":"category","embeddable":true,"href":"https:\/\/fuentesfidedignas.com.mx\/index.php\/wp-json\/wp\/v2\/categories?post=18197"},{"taxonomy":"post_tag","embeddable":true,"href":"https:\/\/fuentesfidedignas.com.mx\/index.php\/wp-json\/wp\/v2\/tags?post=18197"}],"curies":[{"name":"wp","href":"https:\/\/api.w.org\/{rel}","templated":true}]}}