{"id":18153,"date":"2021-11-23T20:54:34","date_gmt":"2021-11-24T03:54:34","guid":{"rendered":"https:\/\/fuentesfidedignas.com.mx\/?p=18153"},"modified":"2021-11-24T06:15:42","modified_gmt":"2021-11-24T13:15:42","slug":"manana-miercoles-24-de-noviembre-inicia-la-vacunacion-anticovid-a-jovenes-de-entre-15-y-17-anos-en-sinaloa","status":"publish","type":"post","link":"https:\/\/fuentesfidedignas.com.mx\/index.php\/2021\/11\/23\/manana-miercoles-24-de-noviembre-inicia-la-vacunacion-anticovid-a-jovenes-de-entre-15-y-17-anos-en-sinaloa\/","title":{"rendered":"Hoy inicia la vacunaci\u00f3n anticovid a j\u00f3venes de entre 15 y 17 a\u00f1os en Sinaloa"},"content":{"rendered":"\n<p><strong><em>El secretario de Salud, H\u00e9ctor Melesio Cu\u00e9n Ojeda, invita a los padres de familia par<\/em><\/strong>a <strong><em>que aprovechen esta oportunidad de proteger a los menores de edad y evitar un repunte en los casos de esta enfermedad.<\/em><\/strong><\/p>\n\n\n\n<p>Culiac\u00e1n, Sin.- El Comando Estatal de Vacunaci\u00f3n sostuvo un encuentro este d\u00eda en las instalaciones de la 9na. Zona Militar en la capital sinaloense para llevar a cabo la coordinaci\u00f3n de la vacunaci\u00f3n a menores de 15 a 17 a\u00f1os de edad contra COVID-19 en Sinaloa.<\/p>\n\n\n\n<p>El Secretario de Salud, MC H\u00e9ctor Melesio Cu\u00e9n Ojeda, destac\u00f3 que debido a la demanda de las familias sinaloenses por estar protegidos en la actual pandemia en esta semana dar\u00e1 inicio el proceso de vacunaci\u00f3n a los adolescentes pertenecientes a este rango de edad en Culiac\u00e1n, Mazatl\u00e1n y Ahome.<\/p>\n\n\n\n<p>\u201cNo hay tiempo que no se llegue ni plazo que no se cumpla, ha sido mucha la demanda de parte de la familia mexicana, de la familia sinaloense en torno a la vacunaci\u00f3n para los menores de edad, nuestro Presidente de la Rep\u00fablica, Andr\u00e9s Manuel L\u00f3pez Obrador, tom\u00f3 la estrategia de vacunar primero a los m\u00e1s vulnerables pero hoy hemos llegado ya precisamente sobre todo a las y los adolescentes que tienen entre 15 y 17 a\u00f1os de edad, estamos aqu\u00ed el Comando de Vacunaci\u00f3n del Estado de Sinaloa y ya est\u00e1 semana comienza la vacunaci\u00f3n para los menores de edad, ya se tom\u00f3 la definici\u00f3n y ma\u00f1ana mi\u00e9rcoles iniciamos y va a ser de manera continua hasta el domingo 28 de noviembre, hacemos la invitaci\u00f3n a los padres de familia, a los abuelos, para que lleven a sus hijos, es una gran oportunidad\u201d, puntualiz\u00f3.<\/p>\n\n\n\n<p>Los puntos de vacunaci\u00f3n estar\u00e1n operando en un horario de 9:00 de la ma\u00f1ana a 5:00 de la tarde y ser\u00e1n los siguientes:<\/p>\n\n\n\n<p>Culiac\u00e1n, Explanada del teatro \u00d3scar Liera del IMSS.<\/p>\n\n\n\n<p>Mazatl\u00e1n, Hospital Regional Militar de Especialidades.<\/p>\n\n\n\n<p>Ahome, Hospital Gineco-Pedi\u00e1trico No. 2.<\/p>\n\n\n\n<p>Encabezaron est\u00e1 reuni\u00f3n el General H\u00e9ctor \u00c1vila Alcocer, por parte de las Fuerzas Armadas; Dr. Gerardo Alapizco Castro, Secretario General de la UAS; Dr. Marcial Silva G\u00f3mez, delegado del ISSSTE en Sinaloa; as\u00ed como representantes de la Delegaci\u00f3n de Programas Federales de Bienestar en Sinaloa y del IMSS.<\/p>\n","protected":false},"excerpt":{"rendered":"<p>El secretario de Salud, H\u00e9ctor Melesio Cu\u00e9n Ojeda, invita a los padres de familia para que aprovechen esta oportunidad de proteger a los menores de edad y evitar un repunte en los casos de esta enfermedad. Culiac\u00e1n, Sin.- El Comando Estatal de Vacunaci\u00f3n sostuvo un encuentro este d\u00eda en las instalaciones de la 9na. Zona [&hellip;]<\/p>\n","protected":false},"author":4,"featured_media":18154,"comment_status":"open","ping_status":"open","sticky":false,"template":"","format":"standard","meta":{"tdm_status":"","tdm_grid_status":"","footnotes":""},"categories":[37],"tags":[332,59,416,407],"class_list":{"0":"post-18153","1":"post","2":"type-post","3":"status-publish","4":"format-standard","5":"has-post-thumbnail","7":"category-nota-principal","8":"tag-coronavirus","9":"tag-covid-19","10":"tag-sars-cov-2","11":"tag-vacuna-anticovid"},"yoast_head":"<!-- This site is optimized with the Yoast SEO plugin v27.5 - https:\/\/yoast.com\/product\/yoast-seo-wordpress\/ -->\n<title>Hoy inicia la vacunaci\u00f3n anticovid a j\u00f3venes de entre 15 y 17 a\u00f1os en Sinaloa - Fuentes Fidedignas<\/title>\n<meta name=\"robots\" content=\"index, follow, max-snippet:-1, max-image-preview:large, max-video-preview:-1\" \/>\n<link rel=\"canonical\" href=\"https:\/\/fuentesfidedignas.com.mx\/index.php\/2021\/11\/23\/manana-miercoles-24-de-noviembre-inicia-la-vacunacion-anticovid-a-jovenes-de-entre-15-y-17-anos-en-sinaloa\/\" \/>\n<meta property=\"og:locale\" content=\"es_MX\" \/>\n<meta property=\"og:type\" content=\"article\" \/>\n<meta property=\"og:title\" content=\"Hoy inicia la vacunaci\u00f3n anticovid a j\u00f3venes de entre 15 y 17 a\u00f1os en Sinaloa - Fuentes Fidedignas\" \/>\n<meta property=\"og:description\" content=\"El secretario de Salud, H\u00e9ctor Melesio Cu\u00e9n Ojeda, invita a los padres de familia para que aprovechen esta oportunidad de proteger a los menores de edad y evitar un repunte en los casos de esta enfermedad. Culiac\u00e1n, Sin.- El Comando Estatal de Vacunaci\u00f3n sostuvo un encuentro este d\u00eda en las instalaciones de la 9na. Zona [&hellip;]\" \/>\n<meta property=\"og:url\" content=\"https:\/\/fuentesfidedignas.com.mx\/index.php\/2021\/11\/23\/manana-miercoles-24-de-noviembre-inicia-la-vacunacion-anticovid-a-jovenes-de-entre-15-y-17-anos-en-sinaloa\/\" \/>\n<meta property=\"og:site_name\" content=\"Fuentes Fidedignas\" \/>\n<meta property=\"article:publisher\" content=\"https:\/\/www.facebook.com\/Fuentes-Fidedignas-368234489921644\" \/>\n<meta property=\"article:published_time\" content=\"2021-11-24T03:54:34+00:00\" \/>\n<meta property=\"article:modified_time\" content=\"2021-11-24T13:15:42+00:00\" \/>\n<meta property=\"og:image\" content=\"https:\/\/fuentesfidedignas.com.mx\/wp-content\/uploads\/2021\/11\/PHOTO-2021-11-23-16-40-39.jpg\" \/>\n\t<meta property=\"og:image:width\" content=\"1280\" \/>\n\t<meta property=\"og:image:height\" content=\"853\" \/>\n\t<meta property=\"og:image:type\" content=\"image\/jpeg\" \/>\n<meta name=\"author\" content=\"Redacci\u00f3n\" \/>\n<meta name=\"twitter:card\" content=\"summary_large_image\" \/>\n<meta name=\"twitter:creator\" content=\"@fidedignas\" \/>\n<meta name=\"twitter:site\" content=\"@fidedignas\" \/>\n<meta name=\"twitter:label1\" content=\"Escrito por\" \/>\n\t<meta name=\"twitter:data1\" content=\"Redacci\u00f3n\" \/>\n\t<meta name=\"twitter:label2\" content=\"Tiempo de lectura\" \/>\n\t<meta name=\"twitter:data2\" content=\"2 minutos\" \/>\n<script type=\"application\/ld+json\" class=\"yoast-schema-graph\">{\"@context\":\"https:\\\/\\\/schema.org\",\"@graph\":[{\"@type\":\"Article\",\"@id\":\"https:\\\/\\\/fuentesfidedignas.com.mx\\\/index.php\\\/2021\\\/11\\\/23\\\/manana-miercoles-24-de-noviembre-inicia-la-vacunacion-anticovid-a-jovenes-de-entre-15-y-17-anos-en-sinaloa\\\/#article\",\"isPartOf\":{\"@id\":\"https:\\\/\\\/fuentesfidedignas.com.mx\\\/index.php\\\/2021\\\/11\\\/23\\\/manana-miercoles-24-de-noviembre-inicia-la-vacunacion-anticovid-a-jovenes-de-entre-15-y-17-anos-en-sinaloa\\\/\"},\"author\":{\"name\":\"Redacci\u00f3n\",\"@id\":\"https:\\\/\\\/fuentesfidedignas.com.mx\\\/#\\\/schema\\\/person\\\/331be9283d37198e2acd5750279085b0\"},\"headline\":\"Hoy inicia la vacunaci\u00f3n anticovid a j\u00f3venes de entre 15 y 17 a\u00f1os en Sinaloa\",\"datePublished\":\"2021-11-24T03:54:34+00:00\",\"dateModified\":\"2021-11-24T13:15:42+00:00\",\"mainEntityOfPage\":{\"@id\":\"https:\\\/\\\/fuentesfidedignas.com.mx\\\/index.php\\\/2021\\\/11\\\/23\\\/manana-miercoles-24-de-noviembre-inicia-la-vacunacion-anticovid-a-jovenes-de-entre-15-y-17-anos-en-sinaloa\\\/\"},\"wordCount\":412,\"commentCount\":0,\"publisher\":{\"@id\":\"https:\\\/\\\/fuentesfidedignas.com.mx\\\/#organization\"},\"image\":{\"@id\":\"https:\\\/\\\/fuentesfidedignas.com.mx\\\/index.php\\\/2021\\\/11\\\/23\\\/manana-miercoles-24-de-noviembre-inicia-la-vacunacion-anticovid-a-jovenes-de-entre-15-y-17-anos-en-sinaloa\\\/#primaryimage\"},\"thumbnailUrl\":\"https:\\\/\\\/fuentesfidedignas.com.mx\\\/wp-content\\\/uploads\\\/2021\\\/11\\\/PHOTO-2021-11-23-16-40-39.jpg\",\"keywords\":[\"Coronavirus\",\"Covid-19\",\"SARS-CoV-2\",\"Vacuna anticovid\"],\"articleSection\":[\"NOTA PRINCIPAL\"],\"inLanguage\":\"es\",\"potentialAction\":[{\"@type\":\"CommentAction\",\"name\":\"Comment\",\"target\":[\"https:\\\/\\\/fuentesfidedignas.com.mx\\\/index.php\\\/2021\\\/11\\\/23\\\/manana-miercoles-24-de-noviembre-inicia-la-vacunacion-anticovid-a-jovenes-de-entre-15-y-17-anos-en-sinaloa\\\/#respond\"]}]},{\"@type\":\"WebPage\",\"@id\":\"https:\\\/\\\/fuentesfidedignas.com.mx\\\/index.php\\\/2021\\\/11\\\/23\\\/manana-miercoles-24-de-noviembre-inicia-la-vacunacion-anticovid-a-jovenes-de-entre-15-y-17-anos-en-sinaloa\\\/\",\"url\":\"https:\\\/\\\/fuentesfidedignas.com.mx\\\/index.php\\\/2021\\\/11\\\/23\\\/manana-miercoles-24-de-noviembre-inicia-la-vacunacion-anticovid-a-jovenes-de-entre-15-y-17-anos-en-sinaloa\\\/\",\"name\":\"Hoy inicia la vacunaci\u00f3n anticovid a j\u00f3venes de entre 15 y 17 a\u00f1os en Sinaloa - Fuentes Fidedignas\",\"isPartOf\":{\"@id\":\"https:\\\/\\\/fuentesfidedignas.com.mx\\\/#website\"},\"primaryImageOfPage\":{\"@id\":\"https:\\\/\\\/fuentesfidedignas.com.mx\\\/index.php\\\/2021\\\/11\\\/23\\\/manana-miercoles-24-de-noviembre-inicia-la-vacunacion-anticovid-a-jovenes-de-entre-15-y-17-anos-en-sinaloa\\\/#primaryimage\"},\"image\":{\"@id\":\"https:\\\/\\\/fuentesfidedignas.com.mx\\\/index.php\\\/2021\\\/11\\\/23\\\/manana-miercoles-24-de-noviembre-inicia-la-vacunacion-anticovid-a-jovenes-de-entre-15-y-17-anos-en-sinaloa\\\/#primaryimage\"},\"thumbnailUrl\":\"https:\\\/\\\/fuentesfidedignas.com.mx\\\/wp-content\\\/uploads\\\/2021\\\/11\\\/PHOTO-2021-11-23-16-40-39.jpg\",\"datePublished\":\"2021-11-24T03:54:34+00:00\",\"dateModified\":\"2021-11-24T13:15:42+00:00\",\"breadcrumb\":{\"@id\":\"https:\\\/\\\/fuentesfidedignas.com.mx\\\/index.php\\\/2021\\\/11\\\/23\\\/manana-miercoles-24-de-noviembre-inicia-la-vacunacion-anticovid-a-jovenes-de-entre-15-y-17-anos-en-sinaloa\\\/#breadcrumb\"},\"inLanguage\":\"es\",\"potentialAction\":[{\"@type\":\"ReadAction\",\"target\":[\"https:\\\/\\\/fuentesfidedignas.com.mx\\\/index.php\\\/2021\\\/11\\\/23\\\/manana-miercoles-24-de-noviembre-inicia-la-vacunacion-anticovid-a-jovenes-de-entre-15-y-17-anos-en-sinaloa\\\/\"]}]},{\"@type\":\"ImageObject\",\"inLanguage\":\"es\",\"@id\":\"https:\\\/\\\/fuentesfidedignas.com.mx\\\/index.php\\\/2021\\\/11\\\/23\\\/manana-miercoles-24-de-noviembre-inicia-la-vacunacion-anticovid-a-jovenes-de-entre-15-y-17-anos-en-sinaloa\\\/#primaryimage\",\"url\":\"https:\\\/\\\/fuentesfidedignas.com.mx\\\/wp-content\\\/uploads\\\/2021\\\/11\\\/PHOTO-2021-11-23-16-40-39.jpg\",\"contentUrl\":\"https:\\\/\\\/fuentesfidedignas.com.mx\\\/wp-content\\\/uploads\\\/2021\\\/11\\\/PHOTO-2021-11-23-16-40-39.jpg\",\"width\":1280,\"height\":853},{\"@type\":\"BreadcrumbList\",\"@id\":\"https:\\\/\\\/fuentesfidedignas.com.mx\\\/index.php\\\/2021\\\/11\\\/23\\\/manana-miercoles-24-de-noviembre-inicia-la-vacunacion-anticovid-a-jovenes-de-entre-15-y-17-anos-en-sinaloa\\\/#breadcrumb\",\"itemListElement\":[{\"@type\":\"ListItem\",\"position\":1,\"name\":\"Inicio\",\"item\":\"https:\\\/\\\/fuentesfidedignas.com.mx\\\/\"},{\"@type\":\"ListItem\",\"position\":2,\"name\":\"Hoy inicia la vacunaci\u00f3n anticovid a j\u00f3venes de entre 15 y 17 a\u00f1os en Sinaloa\"}]},{\"@type\":\"WebSite\",\"@id\":\"https:\\\/\\\/fuentesfidedignas.com.mx\\\/#website\",\"url\":\"https:\\\/\\\/fuentesfidedignas.com.mx\\\/\",\"name\":\"Fuentes Fidedignas\",\"description\":\"Otro sitio realizado con WordPress\",\"publisher\":{\"@id\":\"https:\\\/\\\/fuentesfidedignas.com.mx\\\/#organization\"},\"potentialAction\":[{\"@type\":\"SearchAction\",\"target\":{\"@type\":\"EntryPoint\",\"urlTemplate\":\"https:\\\/\\\/fuentesfidedignas.com.mx\\\/?s={search_term_string}\"},\"query-input\":{\"@type\":\"PropertyValueSpecification\",\"valueRequired\":true,\"valueName\":\"search_term_string\"}}],\"inLanguage\":\"es\"},{\"@type\":\"Organization\",\"@id\":\"https:\\\/\\\/fuentesfidedignas.com.mx\\\/#organization\",\"name\":\"Fuentes Fidedignas\",\"url\":\"https:\\\/\\\/fuentesfidedignas.com.mx\\\/\",\"logo\":{\"@type\":\"ImageObject\",\"inLanguage\":\"es\",\"@id\":\"https:\\\/\\\/fuentesfidedignas.com.mx\\\/#\\\/schema\\\/logo\\\/image\\\/\",\"url\":\"https:\\\/\\\/fuentesfidedignas.com.mx\\\/wp-content\\\/uploads\\\/2021\\\/04\\\/logo-retina.png\",\"contentUrl\":\"https:\\\/\\\/fuentesfidedignas.com.mx\\\/wp-content\\\/uploads\\\/2021\\\/04\\\/logo-retina.png\",\"width\":280,\"height\":51,\"caption\":\"Fuentes Fidedignas\"},\"image\":{\"@id\":\"https:\\\/\\\/fuentesfidedignas.com.mx\\\/#\\\/schema\\\/logo\\\/image\\\/\"},\"sameAs\":[\"https:\\\/\\\/www.facebook.com\\\/Fuentes-Fidedignas-368234489921644\",\"https:\\\/\\\/x.com\\\/fidedignas\"]},{\"@type\":\"Person\",\"@id\":\"https:\\\/\\\/fuentesfidedignas.com.mx\\\/#\\\/schema\\\/person\\\/331be9283d37198e2acd5750279085b0\",\"name\":\"Redacci\u00f3n\",\"image\":{\"@type\":\"ImageObject\",\"inLanguage\":\"es\",\"@id\":\"https:\\\/\\\/secure.gravatar.com\\\/avatar\\\/f6d8782c11d12b2d4ad3fbb6931aeab5309937a4d6cd2fc9cfaa28a6396a5aec?s=96&d=mm&r=g\",\"url\":\"https:\\\/\\\/secure.gravatar.com\\\/avatar\\\/f6d8782c11d12b2d4ad3fbb6931aeab5309937a4d6cd2fc9cfaa28a6396a5aec?s=96&d=mm&r=g\",\"contentUrl\":\"https:\\\/\\\/secure.gravatar.com\\\/avatar\\\/f6d8782c11d12b2d4ad3fbb6931aeab5309937a4d6cd2fc9cfaa28a6396a5aec?s=96&d=mm&r=g\",\"caption\":\"Redacci\u00f3n\"},\"url\":\"https:\\\/\\\/fuentesfidedignas.com.mx\\\/index.php\\\/author\\\/redaccion\\\/\"}]}<\/script>\n<!-- \/ Yoast SEO plugin. -->","yoast_head_json":{"title":"Hoy inicia la vacunaci\u00f3n anticovid a j\u00f3venes de entre 15 y 17 a\u00f1os en Sinaloa - Fuentes Fidedignas","robots":{"index":"index","follow":"follow","max-snippet":"max-snippet:-1","max-image-preview":"max-image-preview:large","max-video-preview":"max-video-preview:-1"},"canonical":"https:\/\/fuentesfidedignas.com.mx\/index.php\/2021\/11\/23\/manana-miercoles-24-de-noviembre-inicia-la-vacunacion-anticovid-a-jovenes-de-entre-15-y-17-anos-en-sinaloa\/","og_locale":"es_MX","og_type":"article","og_title":"Hoy inicia la vacunaci\u00f3n anticovid a j\u00f3venes de entre 15 y 17 a\u00f1os en Sinaloa - Fuentes Fidedignas","og_description":"El secretario de Salud, H\u00e9ctor Melesio Cu\u00e9n Ojeda, invita a los padres de familia para que aprovechen esta oportunidad de proteger a los menores de edad y evitar un repunte en los casos de esta enfermedad. Culiac\u00e1n, Sin.- El Comando Estatal de Vacunaci\u00f3n sostuvo un encuentro este d\u00eda en las instalaciones de la 9na. Zona [&hellip;]","og_url":"https:\/\/fuentesfidedignas.com.mx\/index.php\/2021\/11\/23\/manana-miercoles-24-de-noviembre-inicia-la-vacunacion-anticovid-a-jovenes-de-entre-15-y-17-anos-en-sinaloa\/","og_site_name":"Fuentes Fidedignas","article_publisher":"https:\/\/www.facebook.com\/Fuentes-Fidedignas-368234489921644","article_published_time":"2021-11-24T03:54:34+00:00","article_modified_time":"2021-11-24T13:15:42+00:00","og_image":[{"width":1280,"height":853,"url":"https:\/\/fuentesfidedignas.com.mx\/wp-content\/uploads\/2021\/11\/PHOTO-2021-11-23-16-40-39.jpg","type":"image\/jpeg"}],"author":"Redacci\u00f3n","twitter_card":"summary_large_image","twitter_creator":"@fidedignas","twitter_site":"@fidedignas","twitter_misc":{"Escrito por":"Redacci\u00f3n","Tiempo de lectura":"2 minutos"},"schema":{"@context":"https:\/\/schema.org","@graph":[{"@type":"Article","@id":"https:\/\/fuentesfidedignas.com.mx\/index.php\/2021\/11\/23\/manana-miercoles-24-de-noviembre-inicia-la-vacunacion-anticovid-a-jovenes-de-entre-15-y-17-anos-en-sinaloa\/#article","isPartOf":{"@id":"https:\/\/fuentesfidedignas.com.mx\/index.php\/2021\/11\/23\/manana-miercoles-24-de-noviembre-inicia-la-vacunacion-anticovid-a-jovenes-de-entre-15-y-17-anos-en-sinaloa\/"},"author":{"name":"Redacci\u00f3n","@id":"https:\/\/fuentesfidedignas.com.mx\/#\/schema\/person\/331be9283d37198e2acd5750279085b0"},"headline":"Hoy inicia la vacunaci\u00f3n anticovid a j\u00f3venes de entre 15 y 17 a\u00f1os en Sinaloa","datePublished":"2021-11-24T03:54:34+00:00","dateModified":"2021-11-24T13:15:42+00:00","mainEntityOfPage":{"@id":"https:\/\/fuentesfidedignas.com.mx\/index.php\/2021\/11\/23\/manana-miercoles-24-de-noviembre-inicia-la-vacunacion-anticovid-a-jovenes-de-entre-15-y-17-anos-en-sinaloa\/"},"wordCount":412,"commentCount":0,"publisher":{"@id":"https:\/\/fuentesfidedignas.com.mx\/#organization"},"image":{"@id":"https:\/\/fuentesfidedignas.com.mx\/index.php\/2021\/11\/23\/manana-miercoles-24-de-noviembre-inicia-la-vacunacion-anticovid-a-jovenes-de-entre-15-y-17-anos-en-sinaloa\/#primaryimage"},"thumbnailUrl":"https:\/\/fuentesfidedignas.com.mx\/wp-content\/uploads\/2021\/11\/PHOTO-2021-11-23-16-40-39.jpg","keywords":["Coronavirus","Covid-19","SARS-CoV-2","Vacuna anticovid"],"articleSection":["NOTA PRINCIPAL"],"inLanguage":"es","potentialAction":[{"@type":"CommentAction","name":"Comment","target":["https:\/\/fuentesfidedignas.com.mx\/index.php\/2021\/11\/23\/manana-miercoles-24-de-noviembre-inicia-la-vacunacion-anticovid-a-jovenes-de-entre-15-y-17-anos-en-sinaloa\/#respond"]}]},{"@type":"WebPage","@id":"https:\/\/fuentesfidedignas.com.mx\/index.php\/2021\/11\/23\/manana-miercoles-24-de-noviembre-inicia-la-vacunacion-anticovid-a-jovenes-de-entre-15-y-17-anos-en-sinaloa\/","url":"https:\/\/fuentesfidedignas.com.mx\/index.php\/2021\/11\/23\/manana-miercoles-24-de-noviembre-inicia-la-vacunacion-anticovid-a-jovenes-de-entre-15-y-17-anos-en-sinaloa\/","name":"Hoy inicia la vacunaci\u00f3n anticovid a j\u00f3venes de entre 15 y 17 a\u00f1os en Sinaloa - Fuentes Fidedignas","isPartOf":{"@id":"https:\/\/fuentesfidedignas.com.mx\/#website"},"primaryImageOfPage":{"@id":"https:\/\/fuentesfidedignas.com.mx\/index.php\/2021\/11\/23\/manana-miercoles-24-de-noviembre-inicia-la-vacunacion-anticovid-a-jovenes-de-entre-15-y-17-anos-en-sinaloa\/#primaryimage"},"image":{"@id":"https:\/\/fuentesfidedignas.com.mx\/index.php\/2021\/11\/23\/manana-miercoles-24-de-noviembre-inicia-la-vacunacion-anticovid-a-jovenes-de-entre-15-y-17-anos-en-sinaloa\/#primaryimage"},"thumbnailUrl":"https:\/\/fuentesfidedignas.com.mx\/wp-content\/uploads\/2021\/11\/PHOTO-2021-11-23-16-40-39.jpg","datePublished":"2021-11-24T03:54:34+00:00","dateModified":"2021-11-24T13:15:42+00:00","breadcrumb":{"@id":"https:\/\/fuentesfidedignas.com.mx\/index.php\/2021\/11\/23\/manana-miercoles-24-de-noviembre-inicia-la-vacunacion-anticovid-a-jovenes-de-entre-15-y-17-anos-en-sinaloa\/#breadcrumb"},"inLanguage":"es","potentialAction":[{"@type":"ReadAction","target":["https:\/\/fuentesfidedignas.com.mx\/index.php\/2021\/11\/23\/manana-miercoles-24-de-noviembre-inicia-la-vacunacion-anticovid-a-jovenes-de-entre-15-y-17-anos-en-sinaloa\/"]}]},{"@type":"ImageObject","inLanguage":"es","@id":"https:\/\/fuentesfidedignas.com.mx\/index.php\/2021\/11\/23\/manana-miercoles-24-de-noviembre-inicia-la-vacunacion-anticovid-a-jovenes-de-entre-15-y-17-anos-en-sinaloa\/#primaryimage","url":"https:\/\/fuentesfidedignas.com.mx\/wp-content\/uploads\/2021\/11\/PHOTO-2021-11-23-16-40-39.jpg","contentUrl":"https:\/\/fuentesfidedignas.com.mx\/wp-content\/uploads\/2021\/11\/PHOTO-2021-11-23-16-40-39.jpg","width":1280,"height":853},{"@type":"BreadcrumbList","@id":"https:\/\/fuentesfidedignas.com.mx\/index.php\/2021\/11\/23\/manana-miercoles-24-de-noviembre-inicia-la-vacunacion-anticovid-a-jovenes-de-entre-15-y-17-anos-en-sinaloa\/#breadcrumb","itemListElement":[{"@type":"ListItem","position":1,"name":"Inicio","item":"https:\/\/fuentesfidedignas.com.mx\/"},{"@type":"ListItem","position":2,"name":"Hoy inicia la vacunaci\u00f3n anticovid a j\u00f3venes de entre 15 y 17 a\u00f1os en Sinaloa"}]},{"@type":"WebSite","@id":"https:\/\/fuentesfidedignas.com.mx\/#website","url":"https:\/\/fuentesfidedignas.com.mx\/","name":"Fuentes Fidedignas","description":"Otro sitio realizado con WordPress","publisher":{"@id":"https:\/\/fuentesfidedignas.com.mx\/#organization"},"potentialAction":[{"@type":"SearchAction","target":{"@type":"EntryPoint","urlTemplate":"https:\/\/fuentesfidedignas.com.mx\/?s={search_term_string}"},"query-input":{"@type":"PropertyValueSpecification","valueRequired":true,"valueName":"search_term_string"}}],"inLanguage":"es"},{"@type":"Organization","@id":"https:\/\/fuentesfidedignas.com.mx\/#organization","name":"Fuentes Fidedignas","url":"https:\/\/fuentesfidedignas.com.mx\/","logo":{"@type":"ImageObject","inLanguage":"es","@id":"https:\/\/fuentesfidedignas.com.mx\/#\/schema\/logo\/image\/","url":"https:\/\/fuentesfidedignas.com.mx\/wp-content\/uploads\/2021\/04\/logo-retina.png","contentUrl":"https:\/\/fuentesfidedignas.com.mx\/wp-content\/uploads\/2021\/04\/logo-retina.png","width":280,"height":51,"caption":"Fuentes Fidedignas"},"image":{"@id":"https:\/\/fuentesfidedignas.com.mx\/#\/schema\/logo\/image\/"},"sameAs":["https:\/\/www.facebook.com\/Fuentes-Fidedignas-368234489921644","https:\/\/x.com\/fidedignas"]},{"@type":"Person","@id":"https:\/\/fuentesfidedignas.com.mx\/#\/schema\/person\/331be9283d37198e2acd5750279085b0","name":"Redacci\u00f3n","image":{"@type":"ImageObject","inLanguage":"es","@id":"https:\/\/secure.gravatar.com\/avatar\/f6d8782c11d12b2d4ad3fbb6931aeab5309937a4d6cd2fc9cfaa28a6396a5aec?s=96&d=mm&r=g","url":"https:\/\/secure.gravatar.com\/avatar\/f6d8782c11d12b2d4ad3fbb6931aeab5309937a4d6cd2fc9cfaa28a6396a5aec?s=96&d=mm&r=g","contentUrl":"https:\/\/secure.gravatar.com\/avatar\/f6d8782c11d12b2d4ad3fbb6931aeab5309937a4d6cd2fc9cfaa28a6396a5aec?s=96&d=mm&r=g","caption":"Redacci\u00f3n"},"url":"https:\/\/fuentesfidedignas.com.mx\/index.php\/author\/redaccion\/"}]}},"_links":{"self":[{"href":"https:\/\/fuentesfidedignas.com.mx\/index.php\/wp-json\/wp\/v2\/posts\/18153","targetHints":{"allow":["GET"]}}],"collection":[{"href":"https:\/\/fuentesfidedignas.com.mx\/index.php\/wp-json\/wp\/v2\/posts"}],"about":[{"href":"https:\/\/fuentesfidedignas.com.mx\/index.php\/wp-json\/wp\/v2\/types\/post"}],"author":[{"embeddable":true,"href":"https:\/\/fuentesfidedignas.com.mx\/index.php\/wp-json\/wp\/v2\/users\/4"}],"replies":[{"embeddable":true,"href":"https:\/\/fuentesfidedignas.com.mx\/index.php\/wp-json\/wp\/v2\/comments?post=18153"}],"version-history":[{"count":2,"href":"https:\/\/fuentesfidedignas.com.mx\/index.php\/wp-json\/wp\/v2\/posts\/18153\/revisions"}],"predecessor-version":[{"id":18168,"href":"https:\/\/fuentesfidedignas.com.mx\/index.php\/wp-json\/wp\/v2\/posts\/18153\/revisions\/18168"}],"wp:featuredmedia":[{"embeddable":true,"href":"https:\/\/fuentesfidedignas.com.mx\/index.php\/wp-json\/wp\/v2\/media\/18154"}],"wp:attachment":[{"href":"https:\/\/fuentesfidedignas.com.mx\/index.php\/wp-json\/wp\/v2\/media?parent=18153"}],"wp:term":[{"taxonomy":"category","embeddable":true,"href":"https:\/\/fuentesfidedignas.com.mx\/index.php\/wp-json\/wp\/v2\/categories?post=18153"},{"taxonomy":"post_tag","embeddable":true,"href":"https:\/\/fuentesfidedignas.com.mx\/index.php\/wp-json\/wp\/v2\/tags?post=18153"}],"curies":[{"name":"wp","href":"https:\/\/api.w.org\/{rel}","templated":true}]}}