{"id":18150,"date":"2021-11-23T17:40:50","date_gmt":"2021-11-24T00:40:50","guid":{"rendered":"https:\/\/fuentesfidedignas.com.mx\/?p=18150"},"modified":"2021-11-23T17:40:51","modified_gmt":"2021-11-24T00:40:51","slug":"el-presidente-me-informo-su-reconsideracion-para-banxico-hace-una-semana-arturo-herrera","status":"publish","type":"post","link":"https:\/\/fuentesfidedignas.com.mx\/index.php\/2021\/11\/23\/el-presidente-me-informo-su-reconsideracion-para-banxico-hace-una-semana-arturo-herrera\/","title":{"rendered":"El presidente me inform\u00f3 su reconsideraci\u00f3n para Banxico hace una semana: Arturo Herrera"},"content":{"rendered":"\n<p><strong><em>Arturo Herrera, exsecretario de Hacienda y Cr\u00e9dito P\u00fablico, confirm\u00f3 desde su cuenta personal de Twitter la decisi\u00f3n del presidente Andr\u00e9s Manuel L\u00f3pez Obrador.<\/em><\/strong><\/p>\n\n\n\n<p>Ciudad de M\u00e9xico.- El exsecretario de Hacienda y Cr\u00e9dito P\u00fablico, Arturo Herrera Guti\u00e9rrez, confirm\u00f3 que el presidente Andr\u00e9s Manuel L\u00f3pez Obrador le inform\u00f3 hace una semana sobre su decisi\u00f3n de retirar la propuesta ante el Senado de la Rep\u00fablica para nombrarle gobernador del Banco de M\u00e9xico.<\/p>\n\n\n\n<p>&#8220;Con relaci\u00f3n a la informaci\u00f3n que se ha vertido el d\u00eda de hoy, quisiera confirmar que efectivamente el presidente me inform\u00f3 hace una semana que hab\u00eda decidido reconsiderar mi nombramiento al frente del Banco de M\u00e9xico&#8221;, escribi\u00f3 Herrera en su cuenta de Twitter.<\/p>\n\n\n\n<figure class=\"wp-block-embed is-type-rich is-provider-twitter wp-block-embed-twitter\"><div class=\"wp-block-embed__wrapper\">\n<blockquote class=\"twitter-tweet\" data-width=\"550\" data-dnt=\"true\"><p lang=\"es\" dir=\"ltr\">Con relaci\u00f3n a la informaci\u00f3n que se ha vertido el d\u00eda de hoy, quisiera confirmar que efectivamente el presidente me inform\u00f3 hace una semana que hab\u00eda decidido reconsiderar mi nombramiento al frente del Banco de M\u00e9xico.<\/p>&mdash; Arturo Herrera Guti\u00e9rrez (@ArturoHerrera_G) <a href=\"https:\/\/twitter.com\/ArturoHerrera_G\/status\/1463284974409244681?ref_src=twsrc%5Etfw\">November 23, 2021<\/a><\/blockquote><script async src=\"https:\/\/platform.twitter.com\/widgets.js\" charset=\"utf-8\"><\/script>\n<\/div><\/figure>\n\n\n\n<p>El comentario de Herrera se da unas horas despu\u00e9s de que el senador Ricardo Monreal \u00c1vila dio a conocer que el L\u00f3pez Obrador retir\u00f3 desde agosto pasado su propuesta, remitida a la C\u00e1mara de Senadores un mes antes, de proponer al exfuncionario federal como integrante de la Junta de Gobierno del Banxico.<\/p>\n\n\n\n<p>El senador morenista coment\u00f3 que la C\u00e1mara Alta espera la nueva propuesta del titular del Ejecutivo federal para su desahogo y ratificaci\u00f3n o rechazo, en su caso.<\/p>\n\n\n\n<p>Ricardo Monreal sembr\u00f3 cierta confusi\u00f3n sobre qui\u00e9n eventualmente reemplazar\u00e1 a D\u00edaz de Le\u00f3n, sugiriendo que Herrera podr\u00eda ser nominado nuevamente y avivando la incertidumbre en el mercado, en medio de cr\u00edticas de los analistas en redes sociales a la tardanza del gobierno en ratificar a Herrera<\/p>\n\n\n\n<p>&#8220;Espero que en los pr\u00f3ximos d\u00edas se pueda enviar, o el mismo nombre u otro, que es una facultad del presidente de la Rep\u00fablica&#8221;, coment\u00f3 Monreal.<\/p>\n\n\n\n<p>En julio, Rogelio Ram\u00edrez de la O asumi\u00f3 como secretario de Hacienda en reemplazo de Herrera, quien fue nominado por el presidente, Andr\u00e9s Manuel L\u00f3pez Obrador, como gobernador del banco central, en sustituci\u00f3n de Alejandro D\u00edaz de Le\u00f3n, quien dejar\u00e1 el cargo el 31 de diciembre de 2021.<\/p>\n\n\n\n<p>Cabe recordar que el 17 de agosto la presidenta de la Tercera Comisi\u00f3n de Hacienda y Cr\u00e9dito P\u00fablico, Agricultura y Fomento Comunicaciones y Obras P\u00fablicas, Kenia L\u00f3pez Rabad\u00e1n dio a conocer que se postergaba la comparecencia de Herrera Guti\u00e9rrez para conocer su plan de trabajo.<\/p>\n\n\n\n<p>La participaci\u00f3n de Herrera en la Comisi\u00f3n Permanente estaba programada para el jueves 19 de agosto y ten\u00eda tambi\u00e9n el objetivo de conocer los m\u00e9ritos que le acreditaban para desempe\u00f1ar la responsabilidad de gobernador del Banco de M\u00e9xico.<\/p>\n\n\n\n<p>El gobernador del Banxico, tradicionalmente aut\u00f3nomo, tiene una gran influencia sobre los costos del endeudamiento y su funci\u00f3n fundamental es salvaguardar la estabilidad de los precios, mientras la inflaci\u00f3n local ha venido aumentando constantemente este a\u00f1o hasta duplicar el objetivo de 3 por ciento.<\/p>\n\n\n\n<p>Este martes, el peso mexicano alcanz\u00f3 en la jornada su nivel m\u00e1s d\u00e9bil respecto al d\u00f3lar desde marzo en medio de mayores expectativas de que las tasas de inter\u00e9s de la Reserva federal de Estados Unidos suban en 2022.<\/p>\n","protected":false},"excerpt":{"rendered":"<p>Arturo Herrera, exsecretario de Hacienda y Cr\u00e9dito P\u00fablico, confirm\u00f3 desde su cuenta personal de Twitter la decisi\u00f3n del presidente Andr\u00e9s Manuel L\u00f3pez Obrador. Ciudad de M\u00e9xico.- El exsecretario de Hacienda y Cr\u00e9dito P\u00fablico, Arturo Herrera Guti\u00e9rrez, confirm\u00f3 que el presidente Andr\u00e9s Manuel L\u00f3pez Obrador le inform\u00f3 hace una semana sobre su decisi\u00f3n de retirar la [&hellip;]<\/p>\n","protected":false},"author":44,"featured_media":18151,"comment_status":"open","ping_status":"open","sticky":false,"template":"","format":"standard","meta":{"tdm_status":"","tdm_grid_status":"","footnotes":""},"categories":[39],"tags":[493],"class_list":{"0":"post-18150","1":"post","2":"type-post","3":"status-publish","4":"format-standard","5":"has-post-thumbnail","7":"category-noticias-nacionales","8":"tag-banxico"},"yoast_head":"<!-- This site is optimized with the Yoast SEO plugin v27.5 - https:\/\/yoast.com\/product\/yoast-seo-wordpress\/ -->\n<title>El presidente me inform\u00f3 su reconsideraci\u00f3n para Banxico hace una semana: Arturo Herrera - Fuentes Fidedignas<\/title>\n<meta name=\"robots\" content=\"index, follow, max-snippet:-1, max-image-preview:large, max-video-preview:-1\" \/>\n<link rel=\"canonical\" href=\"https:\/\/fuentesfidedignas.com.mx\/index.php\/2021\/11\/23\/el-presidente-me-informo-su-reconsideracion-para-banxico-hace-una-semana-arturo-herrera\/\" \/>\n<meta property=\"og:locale\" content=\"es_MX\" \/>\n<meta property=\"og:type\" content=\"article\" \/>\n<meta property=\"og:title\" content=\"El presidente me inform\u00f3 su reconsideraci\u00f3n para Banxico hace una semana: Arturo Herrera - Fuentes Fidedignas\" \/>\n<meta property=\"og:description\" content=\"Arturo Herrera, exsecretario de Hacienda y Cr\u00e9dito P\u00fablico, confirm\u00f3 desde su cuenta personal de Twitter la decisi\u00f3n del presidente Andr\u00e9s Manuel L\u00f3pez Obrador. Ciudad de M\u00e9xico.- El exsecretario de Hacienda y Cr\u00e9dito P\u00fablico, Arturo Herrera Guti\u00e9rrez, confirm\u00f3 que el presidente Andr\u00e9s Manuel L\u00f3pez Obrador le inform\u00f3 hace una semana sobre su decisi\u00f3n de retirar la [&hellip;]\" \/>\n<meta property=\"og:url\" content=\"https:\/\/fuentesfidedignas.com.mx\/index.php\/2021\/11\/23\/el-presidente-me-informo-su-reconsideracion-para-banxico-hace-una-semana-arturo-herrera\/\" \/>\n<meta property=\"og:site_name\" content=\"Fuentes Fidedignas\" \/>\n<meta property=\"article:publisher\" content=\"https:\/\/www.facebook.com\/Fuentes-Fidedignas-368234489921644\" \/>\n<meta property=\"article:published_time\" content=\"2021-11-24T00:40:50+00:00\" \/>\n<meta property=\"article:modified_time\" content=\"2021-11-24T00:40:51+00:00\" \/>\n<meta property=\"og:image\" content=\"https:\/\/fuentesfidedignas.com.mx\/wp-content\/uploads\/2021\/11\/hacienda-arturo-herrera-640x360-1.jpg\" \/>\n\t<meta property=\"og:image:width\" content=\"640\" \/>\n\t<meta property=\"og:image:height\" content=\"360\" \/>\n\t<meta property=\"og:image:type\" content=\"image\/jpeg\" \/>\n<meta name=\"author\" content=\"El Economista\" \/>\n<meta name=\"twitter:card\" content=\"summary_large_image\" \/>\n<meta name=\"twitter:creator\" content=\"@fidedignas\" \/>\n<meta name=\"twitter:site\" content=\"@fidedignas\" \/>\n<meta name=\"twitter:label1\" content=\"Escrito por\" \/>\n\t<meta name=\"twitter:data1\" content=\"El Economista\" \/>\n\t<meta name=\"twitter:label2\" content=\"Tiempo de lectura\" \/>\n\t<meta name=\"twitter:data2\" content=\"3 minutos\" \/>\n<script type=\"application\/ld+json\" class=\"yoast-schema-graph\">{\"@context\":\"https:\\\/\\\/schema.org\",\"@graph\":[{\"@type\":\"Article\",\"@id\":\"https:\\\/\\\/fuentesfidedignas.com.mx\\\/index.php\\\/2021\\\/11\\\/23\\\/el-presidente-me-informo-su-reconsideracion-para-banxico-hace-una-semana-arturo-herrera\\\/#article\",\"isPartOf\":{\"@id\":\"https:\\\/\\\/fuentesfidedignas.com.mx\\\/index.php\\\/2021\\\/11\\\/23\\\/el-presidente-me-informo-su-reconsideracion-para-banxico-hace-una-semana-arturo-herrera\\\/\"},\"author\":{\"name\":\"El Economista\",\"@id\":\"https:\\\/\\\/fuentesfidedignas.com.mx\\\/#\\\/schema\\\/person\\\/6af43e831c61354ecb5ffe61c99a9bf1\"},\"headline\":\"El presidente me inform\u00f3 su reconsideraci\u00f3n para Banxico hace una semana: Arturo Herrera\",\"datePublished\":\"2021-11-24T00:40:50+00:00\",\"dateModified\":\"2021-11-24T00:40:51+00:00\",\"mainEntityOfPage\":{\"@id\":\"https:\\\/\\\/fuentesfidedignas.com.mx\\\/index.php\\\/2021\\\/11\\\/23\\\/el-presidente-me-informo-su-reconsideracion-para-banxico-hace-una-semana-arturo-herrera\\\/\"},\"wordCount\":553,\"commentCount\":0,\"publisher\":{\"@id\":\"https:\\\/\\\/fuentesfidedignas.com.mx\\\/#organization\"},\"image\":{\"@id\":\"https:\\\/\\\/fuentesfidedignas.com.mx\\\/index.php\\\/2021\\\/11\\\/23\\\/el-presidente-me-informo-su-reconsideracion-para-banxico-hace-una-semana-arturo-herrera\\\/#primaryimage\"},\"thumbnailUrl\":\"https:\\\/\\\/fuentesfidedignas.com.mx\\\/wp-content\\\/uploads\\\/2021\\\/11\\\/hacienda-arturo-herrera-640x360-1.jpg\",\"keywords\":[\"Banxico\"],\"articleSection\":[\"NOTICIAS NACIONALES\"],\"inLanguage\":\"es\",\"potentialAction\":[{\"@type\":\"CommentAction\",\"name\":\"Comment\",\"target\":[\"https:\\\/\\\/fuentesfidedignas.com.mx\\\/index.php\\\/2021\\\/11\\\/23\\\/el-presidente-me-informo-su-reconsideracion-para-banxico-hace-una-semana-arturo-herrera\\\/#respond\"]}]},{\"@type\":\"WebPage\",\"@id\":\"https:\\\/\\\/fuentesfidedignas.com.mx\\\/index.php\\\/2021\\\/11\\\/23\\\/el-presidente-me-informo-su-reconsideracion-para-banxico-hace-una-semana-arturo-herrera\\\/\",\"url\":\"https:\\\/\\\/fuentesfidedignas.com.mx\\\/index.php\\\/2021\\\/11\\\/23\\\/el-presidente-me-informo-su-reconsideracion-para-banxico-hace-una-semana-arturo-herrera\\\/\",\"name\":\"El presidente me inform\u00f3 su reconsideraci\u00f3n para Banxico hace una semana: Arturo Herrera - Fuentes Fidedignas\",\"isPartOf\":{\"@id\":\"https:\\\/\\\/fuentesfidedignas.com.mx\\\/#website\"},\"primaryImageOfPage\":{\"@id\":\"https:\\\/\\\/fuentesfidedignas.com.mx\\\/index.php\\\/2021\\\/11\\\/23\\\/el-presidente-me-informo-su-reconsideracion-para-banxico-hace-una-semana-arturo-herrera\\\/#primaryimage\"},\"image\":{\"@id\":\"https:\\\/\\\/fuentesfidedignas.com.mx\\\/index.php\\\/2021\\\/11\\\/23\\\/el-presidente-me-informo-su-reconsideracion-para-banxico-hace-una-semana-arturo-herrera\\\/#primaryimage\"},\"thumbnailUrl\":\"https:\\\/\\\/fuentesfidedignas.com.mx\\\/wp-content\\\/uploads\\\/2021\\\/11\\\/hacienda-arturo-herrera-640x360-1.jpg\",\"datePublished\":\"2021-11-24T00:40:50+00:00\",\"dateModified\":\"2021-11-24T00:40:51+00:00\",\"breadcrumb\":{\"@id\":\"https:\\\/\\\/fuentesfidedignas.com.mx\\\/index.php\\\/2021\\\/11\\\/23\\\/el-presidente-me-informo-su-reconsideracion-para-banxico-hace-una-semana-arturo-herrera\\\/#breadcrumb\"},\"inLanguage\":\"es\",\"potentialAction\":[{\"@type\":\"ReadAction\",\"target\":[\"https:\\\/\\\/fuentesfidedignas.com.mx\\\/index.php\\\/2021\\\/11\\\/23\\\/el-presidente-me-informo-su-reconsideracion-para-banxico-hace-una-semana-arturo-herrera\\\/\"]}]},{\"@type\":\"ImageObject\",\"inLanguage\":\"es\",\"@id\":\"https:\\\/\\\/fuentesfidedignas.com.mx\\\/index.php\\\/2021\\\/11\\\/23\\\/el-presidente-me-informo-su-reconsideracion-para-banxico-hace-una-semana-arturo-herrera\\\/#primaryimage\",\"url\":\"https:\\\/\\\/fuentesfidedignas.com.mx\\\/wp-content\\\/uploads\\\/2021\\\/11\\\/hacienda-arturo-herrera-640x360-1.jpg\",\"contentUrl\":\"https:\\\/\\\/fuentesfidedignas.com.mx\\\/wp-content\\\/uploads\\\/2021\\\/11\\\/hacienda-arturo-herrera-640x360-1.jpg\",\"width\":640,\"height\":360},{\"@type\":\"BreadcrumbList\",\"@id\":\"https:\\\/\\\/fuentesfidedignas.com.mx\\\/index.php\\\/2021\\\/11\\\/23\\\/el-presidente-me-informo-su-reconsideracion-para-banxico-hace-una-semana-arturo-herrera\\\/#breadcrumb\",\"itemListElement\":[{\"@type\":\"ListItem\",\"position\":1,\"name\":\"Inicio\",\"item\":\"https:\\\/\\\/fuentesfidedignas.com.mx\\\/\"},{\"@type\":\"ListItem\",\"position\":2,\"name\":\"El presidente me inform\u00f3 su reconsideraci\u00f3n para Banxico hace una semana: Arturo Herrera\"}]},{\"@type\":\"WebSite\",\"@id\":\"https:\\\/\\\/fuentesfidedignas.com.mx\\\/#website\",\"url\":\"https:\\\/\\\/fuentesfidedignas.com.mx\\\/\",\"name\":\"Fuentes Fidedignas\",\"description\":\"Otro sitio realizado con WordPress\",\"publisher\":{\"@id\":\"https:\\\/\\\/fuentesfidedignas.com.mx\\\/#organization\"},\"potentialAction\":[{\"@type\":\"SearchAction\",\"target\":{\"@type\":\"EntryPoint\",\"urlTemplate\":\"https:\\\/\\\/fuentesfidedignas.com.mx\\\/?s={search_term_string}\"},\"query-input\":{\"@type\":\"PropertyValueSpecification\",\"valueRequired\":true,\"valueName\":\"search_term_string\"}}],\"inLanguage\":\"es\"},{\"@type\":\"Organization\",\"@id\":\"https:\\\/\\\/fuentesfidedignas.com.mx\\\/#organization\",\"name\":\"Fuentes Fidedignas\",\"url\":\"https:\\\/\\\/fuentesfidedignas.com.mx\\\/\",\"logo\":{\"@type\":\"ImageObject\",\"inLanguage\":\"es\",\"@id\":\"https:\\\/\\\/fuentesfidedignas.com.mx\\\/#\\\/schema\\\/logo\\\/image\\\/\",\"url\":\"https:\\\/\\\/fuentesfidedignas.com.mx\\\/wp-content\\\/uploads\\\/2021\\\/04\\\/logo-retina.png\",\"contentUrl\":\"https:\\\/\\\/fuentesfidedignas.com.mx\\\/wp-content\\\/uploads\\\/2021\\\/04\\\/logo-retina.png\",\"width\":280,\"height\":51,\"caption\":\"Fuentes Fidedignas\"},\"image\":{\"@id\":\"https:\\\/\\\/fuentesfidedignas.com.mx\\\/#\\\/schema\\\/logo\\\/image\\\/\"},\"sameAs\":[\"https:\\\/\\\/www.facebook.com\\\/Fuentes-Fidedignas-368234489921644\",\"https:\\\/\\\/x.com\\\/fidedignas\"]},{\"@type\":\"Person\",\"@id\":\"https:\\\/\\\/fuentesfidedignas.com.mx\\\/#\\\/schema\\\/person\\\/6af43e831c61354ecb5ffe61c99a9bf1\",\"name\":\"El Economista\",\"image\":{\"@type\":\"ImageObject\",\"inLanguage\":\"es\",\"@id\":\"https:\\\/\\\/secure.gravatar.com\\\/avatar\\\/cdb633edc72997b061038aff7c4738bf3a38a4e4089c4c7ba9509ccee48b1447?s=96&d=mm&r=g\",\"url\":\"https:\\\/\\\/secure.gravatar.com\\\/avatar\\\/cdb633edc72997b061038aff7c4738bf3a38a4e4089c4c7ba9509ccee48b1447?s=96&d=mm&r=g\",\"contentUrl\":\"https:\\\/\\\/secure.gravatar.com\\\/avatar\\\/cdb633edc72997b061038aff7c4738bf3a38a4e4089c4c7ba9509ccee48b1447?s=96&d=mm&r=g\",\"caption\":\"El Economista\"},\"url\":\"https:\\\/\\\/fuentesfidedignas.com.mx\\\/index.php\\\/author\\\/economista\\\/\"}]}<\/script>\n<!-- \/ Yoast SEO plugin. -->","yoast_head_json":{"title":"El presidente me inform\u00f3 su reconsideraci\u00f3n para Banxico hace una semana: Arturo Herrera - Fuentes Fidedignas","robots":{"index":"index","follow":"follow","max-snippet":"max-snippet:-1","max-image-preview":"max-image-preview:large","max-video-preview":"max-video-preview:-1"},"canonical":"https:\/\/fuentesfidedignas.com.mx\/index.php\/2021\/11\/23\/el-presidente-me-informo-su-reconsideracion-para-banxico-hace-una-semana-arturo-herrera\/","og_locale":"es_MX","og_type":"article","og_title":"El presidente me inform\u00f3 su reconsideraci\u00f3n para Banxico hace una semana: Arturo Herrera - Fuentes Fidedignas","og_description":"Arturo Herrera, exsecretario de Hacienda y Cr\u00e9dito P\u00fablico, confirm\u00f3 desde su cuenta personal de Twitter la decisi\u00f3n del presidente Andr\u00e9s Manuel L\u00f3pez Obrador. Ciudad de M\u00e9xico.- El exsecretario de Hacienda y Cr\u00e9dito P\u00fablico, Arturo Herrera Guti\u00e9rrez, confirm\u00f3 que el presidente Andr\u00e9s Manuel L\u00f3pez Obrador le inform\u00f3 hace una semana sobre su decisi\u00f3n de retirar la [&hellip;]","og_url":"https:\/\/fuentesfidedignas.com.mx\/index.php\/2021\/11\/23\/el-presidente-me-informo-su-reconsideracion-para-banxico-hace-una-semana-arturo-herrera\/","og_site_name":"Fuentes Fidedignas","article_publisher":"https:\/\/www.facebook.com\/Fuentes-Fidedignas-368234489921644","article_published_time":"2021-11-24T00:40:50+00:00","article_modified_time":"2021-11-24T00:40:51+00:00","og_image":[{"width":640,"height":360,"url":"https:\/\/fuentesfidedignas.com.mx\/wp-content\/uploads\/2021\/11\/hacienda-arturo-herrera-640x360-1.jpg","type":"image\/jpeg"}],"author":"El Economista","twitter_card":"summary_large_image","twitter_creator":"@fidedignas","twitter_site":"@fidedignas","twitter_misc":{"Escrito por":"El Economista","Tiempo de lectura":"3 minutos"},"schema":{"@context":"https:\/\/schema.org","@graph":[{"@type":"Article","@id":"https:\/\/fuentesfidedignas.com.mx\/index.php\/2021\/11\/23\/el-presidente-me-informo-su-reconsideracion-para-banxico-hace-una-semana-arturo-herrera\/#article","isPartOf":{"@id":"https:\/\/fuentesfidedignas.com.mx\/index.php\/2021\/11\/23\/el-presidente-me-informo-su-reconsideracion-para-banxico-hace-una-semana-arturo-herrera\/"},"author":{"name":"El Economista","@id":"https:\/\/fuentesfidedignas.com.mx\/#\/schema\/person\/6af43e831c61354ecb5ffe61c99a9bf1"},"headline":"El presidente me inform\u00f3 su reconsideraci\u00f3n para Banxico hace una semana: Arturo Herrera","datePublished":"2021-11-24T00:40:50+00:00","dateModified":"2021-11-24T00:40:51+00:00","mainEntityOfPage":{"@id":"https:\/\/fuentesfidedignas.com.mx\/index.php\/2021\/11\/23\/el-presidente-me-informo-su-reconsideracion-para-banxico-hace-una-semana-arturo-herrera\/"},"wordCount":553,"commentCount":0,"publisher":{"@id":"https:\/\/fuentesfidedignas.com.mx\/#organization"},"image":{"@id":"https:\/\/fuentesfidedignas.com.mx\/index.php\/2021\/11\/23\/el-presidente-me-informo-su-reconsideracion-para-banxico-hace-una-semana-arturo-herrera\/#primaryimage"},"thumbnailUrl":"https:\/\/fuentesfidedignas.com.mx\/wp-content\/uploads\/2021\/11\/hacienda-arturo-herrera-640x360-1.jpg","keywords":["Banxico"],"articleSection":["NOTICIAS NACIONALES"],"inLanguage":"es","potentialAction":[{"@type":"CommentAction","name":"Comment","target":["https:\/\/fuentesfidedignas.com.mx\/index.php\/2021\/11\/23\/el-presidente-me-informo-su-reconsideracion-para-banxico-hace-una-semana-arturo-herrera\/#respond"]}]},{"@type":"WebPage","@id":"https:\/\/fuentesfidedignas.com.mx\/index.php\/2021\/11\/23\/el-presidente-me-informo-su-reconsideracion-para-banxico-hace-una-semana-arturo-herrera\/","url":"https:\/\/fuentesfidedignas.com.mx\/index.php\/2021\/11\/23\/el-presidente-me-informo-su-reconsideracion-para-banxico-hace-una-semana-arturo-herrera\/","name":"El presidente me inform\u00f3 su reconsideraci\u00f3n para Banxico hace una semana: Arturo Herrera - Fuentes Fidedignas","isPartOf":{"@id":"https:\/\/fuentesfidedignas.com.mx\/#website"},"primaryImageOfPage":{"@id":"https:\/\/fuentesfidedignas.com.mx\/index.php\/2021\/11\/23\/el-presidente-me-informo-su-reconsideracion-para-banxico-hace-una-semana-arturo-herrera\/#primaryimage"},"image":{"@id":"https:\/\/fuentesfidedignas.com.mx\/index.php\/2021\/11\/23\/el-presidente-me-informo-su-reconsideracion-para-banxico-hace-una-semana-arturo-herrera\/#primaryimage"},"thumbnailUrl":"https:\/\/fuentesfidedignas.com.mx\/wp-content\/uploads\/2021\/11\/hacienda-arturo-herrera-640x360-1.jpg","datePublished":"2021-11-24T00:40:50+00:00","dateModified":"2021-11-24T00:40:51+00:00","breadcrumb":{"@id":"https:\/\/fuentesfidedignas.com.mx\/index.php\/2021\/11\/23\/el-presidente-me-informo-su-reconsideracion-para-banxico-hace-una-semana-arturo-herrera\/#breadcrumb"},"inLanguage":"es","potentialAction":[{"@type":"ReadAction","target":["https:\/\/fuentesfidedignas.com.mx\/index.php\/2021\/11\/23\/el-presidente-me-informo-su-reconsideracion-para-banxico-hace-una-semana-arturo-herrera\/"]}]},{"@type":"ImageObject","inLanguage":"es","@id":"https:\/\/fuentesfidedignas.com.mx\/index.php\/2021\/11\/23\/el-presidente-me-informo-su-reconsideracion-para-banxico-hace-una-semana-arturo-herrera\/#primaryimage","url":"https:\/\/fuentesfidedignas.com.mx\/wp-content\/uploads\/2021\/11\/hacienda-arturo-herrera-640x360-1.jpg","contentUrl":"https:\/\/fuentesfidedignas.com.mx\/wp-content\/uploads\/2021\/11\/hacienda-arturo-herrera-640x360-1.jpg","width":640,"height":360},{"@type":"BreadcrumbList","@id":"https:\/\/fuentesfidedignas.com.mx\/index.php\/2021\/11\/23\/el-presidente-me-informo-su-reconsideracion-para-banxico-hace-una-semana-arturo-herrera\/#breadcrumb","itemListElement":[{"@type":"ListItem","position":1,"name":"Inicio","item":"https:\/\/fuentesfidedignas.com.mx\/"},{"@type":"ListItem","position":2,"name":"El presidente me inform\u00f3 su reconsideraci\u00f3n para Banxico hace una semana: Arturo Herrera"}]},{"@type":"WebSite","@id":"https:\/\/fuentesfidedignas.com.mx\/#website","url":"https:\/\/fuentesfidedignas.com.mx\/","name":"Fuentes Fidedignas","description":"Otro sitio realizado con WordPress","publisher":{"@id":"https:\/\/fuentesfidedignas.com.mx\/#organization"},"potentialAction":[{"@type":"SearchAction","target":{"@type":"EntryPoint","urlTemplate":"https:\/\/fuentesfidedignas.com.mx\/?s={search_term_string}"},"query-input":{"@type":"PropertyValueSpecification","valueRequired":true,"valueName":"search_term_string"}}],"inLanguage":"es"},{"@type":"Organization","@id":"https:\/\/fuentesfidedignas.com.mx\/#organization","name":"Fuentes Fidedignas","url":"https:\/\/fuentesfidedignas.com.mx\/","logo":{"@type":"ImageObject","inLanguage":"es","@id":"https:\/\/fuentesfidedignas.com.mx\/#\/schema\/logo\/image\/","url":"https:\/\/fuentesfidedignas.com.mx\/wp-content\/uploads\/2021\/04\/logo-retina.png","contentUrl":"https:\/\/fuentesfidedignas.com.mx\/wp-content\/uploads\/2021\/04\/logo-retina.png","width":280,"height":51,"caption":"Fuentes Fidedignas"},"image":{"@id":"https:\/\/fuentesfidedignas.com.mx\/#\/schema\/logo\/image\/"},"sameAs":["https:\/\/www.facebook.com\/Fuentes-Fidedignas-368234489921644","https:\/\/x.com\/fidedignas"]},{"@type":"Person","@id":"https:\/\/fuentesfidedignas.com.mx\/#\/schema\/person\/6af43e831c61354ecb5ffe61c99a9bf1","name":"El Economista","image":{"@type":"ImageObject","inLanguage":"es","@id":"https:\/\/secure.gravatar.com\/avatar\/cdb633edc72997b061038aff7c4738bf3a38a4e4089c4c7ba9509ccee48b1447?s=96&d=mm&r=g","url":"https:\/\/secure.gravatar.com\/avatar\/cdb633edc72997b061038aff7c4738bf3a38a4e4089c4c7ba9509ccee48b1447?s=96&d=mm&r=g","contentUrl":"https:\/\/secure.gravatar.com\/avatar\/cdb633edc72997b061038aff7c4738bf3a38a4e4089c4c7ba9509ccee48b1447?s=96&d=mm&r=g","caption":"El Economista"},"url":"https:\/\/fuentesfidedignas.com.mx\/index.php\/author\/economista\/"}]}},"_links":{"self":[{"href":"https:\/\/fuentesfidedignas.com.mx\/index.php\/wp-json\/wp\/v2\/posts\/18150","targetHints":{"allow":["GET"]}}],"collection":[{"href":"https:\/\/fuentesfidedignas.com.mx\/index.php\/wp-json\/wp\/v2\/posts"}],"about":[{"href":"https:\/\/fuentesfidedignas.com.mx\/index.php\/wp-json\/wp\/v2\/types\/post"}],"author":[{"embeddable":true,"href":"https:\/\/fuentesfidedignas.com.mx\/index.php\/wp-json\/wp\/v2\/users\/44"}],"replies":[{"embeddable":true,"href":"https:\/\/fuentesfidedignas.com.mx\/index.php\/wp-json\/wp\/v2\/comments?post=18150"}],"version-history":[{"count":1,"href":"https:\/\/fuentesfidedignas.com.mx\/index.php\/wp-json\/wp\/v2\/posts\/18150\/revisions"}],"predecessor-version":[{"id":18152,"href":"https:\/\/fuentesfidedignas.com.mx\/index.php\/wp-json\/wp\/v2\/posts\/18150\/revisions\/18152"}],"wp:featuredmedia":[{"embeddable":true,"href":"https:\/\/fuentesfidedignas.com.mx\/index.php\/wp-json\/wp\/v2\/media\/18151"}],"wp:attachment":[{"href":"https:\/\/fuentesfidedignas.com.mx\/index.php\/wp-json\/wp\/v2\/media?parent=18150"}],"wp:term":[{"taxonomy":"category","embeddable":true,"href":"https:\/\/fuentesfidedignas.com.mx\/index.php\/wp-json\/wp\/v2\/categories?post=18150"},{"taxonomy":"post_tag","embeddable":true,"href":"https:\/\/fuentesfidedignas.com.mx\/index.php\/wp-json\/wp\/v2\/tags?post=18150"}],"curies":[{"name":"wp","href":"https:\/\/api.w.org\/{rel}","templated":true}]}}