{"id":18145,"date":"2021-11-23T16:00:27","date_gmt":"2021-11-23T23:00:27","guid":{"rendered":"https:\/\/fuentesfidedignas.com.mx\/?p=18145"},"modified":"2021-11-23T16:00:28","modified_gmt":"2021-11-23T23:00:28","slug":"rocha-participa-en-reunion-con-comite-de-las-naciones-unidas","status":"publish","type":"post","link":"https:\/\/fuentesfidedignas.com.mx\/index.php\/2021\/11\/23\/rocha-participa-en-reunion-con-comite-de-las-naciones-unidas\/","title":{"rendered":"Rocha participa en reuni\u00f3n con Comit\u00e9 de las Naciones Unidas"},"content":{"rendered":"\n<p><strong><em>Los miembros del Comit\u00e9 contra las Desapariciones Forzadas de la ONU fueron recibidos en Palacio de Gobierno<\/em><\/strong><\/p>\n\n\n\n<p>Culiac\u00e1n, Sin.- Autoridades del Gobierno del Estado y de la Fiscal\u00eda General del Estado se reunieron en Palacio de Gobierno con los visitadores del Comit\u00e9 contra las Desapariciones Forzadas de las Naciones Unidas, encuentro en el que particip\u00f3 a trav\u00e9s de una videoconferencia el gobernador Rub\u00e9n Rocha Moya, quien les dio la bienvenida enlaz\u00e1ndose a trav\u00e9s de esta herramienta digital, ya que en esos momentos se encontraba en la Ciudad de M\u00e9xico, atendiendo una invitaci\u00f3n del presidente Andr\u00e9s Manuel L\u00f3pez Obrador, y del director del IMSS, Zo\u00e9 Robledo.<\/p>\n\n\n\n<p>De manera presencial, la reuni\u00f3n fue encabezada por el secretario general de Gobierno, Enrique Inzunza C\u00e1zarez, quien recibi\u00f3 en el Sal\u00f3n de Gobernadores al doctor Horacio Ravenna, miembro de dicho Comit\u00e9 de la ONU, as\u00ed como a los maestros Al\u00e1n Garc\u00eda Campos y Sergio Guiliano, integrantes de la Oficina del Alto Comisionado de las Naciones Unidas.<\/p>\n\n\n\n<p>El motivo del encuentro fue para que los visitadores de la ONU conocieran de primera mano las acciones, resultados y compromisos asumidos por el gobierno del doctor Rub\u00e9n Rocha Moya en la materia que les ocupa, que es la desaparici\u00f3n forzadas de personas.<\/p>\n\n\n\n<p>Durante la reuni\u00f3n, participaron el comisionado estatal de Atenci\u00f3n Integral a V\u00edctimas, Oscar Fidel Gonz\u00e1lez Mend\u00edvil; el comisionado estatal de B\u00fasqueda de Personas, Juan Carlos Saavedra Ortega; la fiscal general del Estado, Sara Bruna Qui\u00f1\u00f3nez; el fiscal especializado en Desaparici\u00f3n Forzada de Personas, de la FGE, Jos\u00e9 Luis Leyva Roch\u00edn; el secretario de Seguridad P\u00fablica, Crist\u00f3bal Casta\u00f1eda Camarillo; y el presidente de la Comisi\u00f3n Estatal de Derechos Humanos, Jos\u00e9 Carlos \u00c1lvarez Ortega.<\/p>\n","protected":false},"excerpt":{"rendered":"<p>Los miembros del Comit\u00e9 contra las Desapariciones Forzadas de la ONU fueron recibidos en Palacio de Gobierno Culiac\u00e1n, Sin.- Autoridades del Gobierno del Estado y de la Fiscal\u00eda General del Estado se reunieron en Palacio de Gobierno con los visitadores del Comit\u00e9 contra las Desapariciones Forzadas de las Naciones Unidas, encuentro en el que particip\u00f3 [&hellip;]<\/p>\n","protected":false},"author":4,"featured_media":18146,"comment_status":"open","ping_status":"open","sticky":false,"template":"","format":"standard","meta":{"tdm_status":"","tdm_grid_status":"","footnotes":""},"categories":[37],"tags":[52],"class_list":{"0":"post-18145","1":"post","2":"type-post","3":"status-publish","4":"format-standard","5":"has-post-thumbnail","7":"category-nota-principal","8":"tag-ruben-rocha-moya"},"yoast_head":"<!-- This site is optimized with the Yoast SEO plugin v27.5 - https:\/\/yoast.com\/product\/yoast-seo-wordpress\/ -->\n<title>Rocha participa en reuni\u00f3n con Comit\u00e9 de las Naciones Unidas - Fuentes Fidedignas<\/title>\n<meta name=\"robots\" content=\"index, follow, max-snippet:-1, max-image-preview:large, max-video-preview:-1\" \/>\n<link rel=\"canonical\" href=\"https:\/\/fuentesfidedignas.com.mx\/index.php\/2021\/11\/23\/rocha-participa-en-reunion-con-comite-de-las-naciones-unidas\/\" \/>\n<meta property=\"og:locale\" content=\"es_MX\" \/>\n<meta property=\"og:type\" content=\"article\" \/>\n<meta property=\"og:title\" content=\"Rocha participa en reuni\u00f3n con Comit\u00e9 de las Naciones Unidas - Fuentes Fidedignas\" \/>\n<meta property=\"og:description\" content=\"Los miembros del Comit\u00e9 contra las Desapariciones Forzadas de la ONU fueron recibidos en Palacio de Gobierno Culiac\u00e1n, Sin.- Autoridades del Gobierno del Estado y de la Fiscal\u00eda General del Estado se reunieron en Palacio de Gobierno con los visitadores del Comit\u00e9 contra las Desapariciones Forzadas de las Naciones Unidas, encuentro en el que particip\u00f3 [&hellip;]\" \/>\n<meta property=\"og:url\" content=\"https:\/\/fuentesfidedignas.com.mx\/index.php\/2021\/11\/23\/rocha-participa-en-reunion-con-comite-de-las-naciones-unidas\/\" \/>\n<meta property=\"og:site_name\" content=\"Fuentes Fidedignas\" \/>\n<meta property=\"article:publisher\" content=\"https:\/\/www.facebook.com\/Fuentes-Fidedignas-368234489921644\" \/>\n<meta property=\"article:published_time\" content=\"2021-11-23T23:00:27+00:00\" \/>\n<meta property=\"article:modified_time\" content=\"2021-11-23T23:00:28+00:00\" \/>\n<meta property=\"og:image\" content=\"https:\/\/fuentesfidedignas.com.mx\/wp-content\/uploads\/2021\/11\/d2edda15-ced7-4990-9dc5-b246ef5a2842.jpg\" \/>\n\t<meta property=\"og:image:width\" content=\"1280\" \/>\n\t<meta property=\"og:image:height\" content=\"740\" \/>\n\t<meta property=\"og:image:type\" content=\"image\/jpeg\" \/>\n<meta name=\"author\" content=\"Redacci\u00f3n\" \/>\n<meta name=\"twitter:card\" content=\"summary_large_image\" \/>\n<meta name=\"twitter:creator\" content=\"@fidedignas\" \/>\n<meta name=\"twitter:site\" content=\"@fidedignas\" \/>\n<meta name=\"twitter:label1\" content=\"Escrito por\" \/>\n\t<meta name=\"twitter:data1\" content=\"Redacci\u00f3n\" \/>\n\t<meta name=\"twitter:label2\" content=\"Tiempo de lectura\" \/>\n\t<meta name=\"twitter:data2\" content=\"2 minutos\" \/>\n<script type=\"application\/ld+json\" class=\"yoast-schema-graph\">{\"@context\":\"https:\\\/\\\/schema.org\",\"@graph\":[{\"@type\":\"Article\",\"@id\":\"https:\\\/\\\/fuentesfidedignas.com.mx\\\/index.php\\\/2021\\\/11\\\/23\\\/rocha-participa-en-reunion-con-comite-de-las-naciones-unidas\\\/#article\",\"isPartOf\":{\"@id\":\"https:\\\/\\\/fuentesfidedignas.com.mx\\\/index.php\\\/2021\\\/11\\\/23\\\/rocha-participa-en-reunion-con-comite-de-las-naciones-unidas\\\/\"},\"author\":{\"name\":\"Redacci\u00f3n\",\"@id\":\"https:\\\/\\\/fuentesfidedignas.com.mx\\\/#\\\/schema\\\/person\\\/331be9283d37198e2acd5750279085b0\"},\"headline\":\"Rocha participa en reuni\u00f3n con Comit\u00e9 de las Naciones Unidas\",\"datePublished\":\"2021-11-23T23:00:27+00:00\",\"dateModified\":\"2021-11-23T23:00:28+00:00\",\"mainEntityOfPage\":{\"@id\":\"https:\\\/\\\/fuentesfidedignas.com.mx\\\/index.php\\\/2021\\\/11\\\/23\\\/rocha-participa-en-reunion-con-comite-de-las-naciones-unidas\\\/\"},\"wordCount\":318,\"commentCount\":0,\"publisher\":{\"@id\":\"https:\\\/\\\/fuentesfidedignas.com.mx\\\/#organization\"},\"image\":{\"@id\":\"https:\\\/\\\/fuentesfidedignas.com.mx\\\/index.php\\\/2021\\\/11\\\/23\\\/rocha-participa-en-reunion-con-comite-de-las-naciones-unidas\\\/#primaryimage\"},\"thumbnailUrl\":\"https:\\\/\\\/fuentesfidedignas.com.mx\\\/wp-content\\\/uploads\\\/2021\\\/11\\\/d2edda15-ced7-4990-9dc5-b246ef5a2842.jpg\",\"keywords\":[\"Rub\u00e9n Rocha Moya\"],\"articleSection\":[\"NOTA PRINCIPAL\"],\"inLanguage\":\"es\",\"potentialAction\":[{\"@type\":\"CommentAction\",\"name\":\"Comment\",\"target\":[\"https:\\\/\\\/fuentesfidedignas.com.mx\\\/index.php\\\/2021\\\/11\\\/23\\\/rocha-participa-en-reunion-con-comite-de-las-naciones-unidas\\\/#respond\"]}]},{\"@type\":\"WebPage\",\"@id\":\"https:\\\/\\\/fuentesfidedignas.com.mx\\\/index.php\\\/2021\\\/11\\\/23\\\/rocha-participa-en-reunion-con-comite-de-las-naciones-unidas\\\/\",\"url\":\"https:\\\/\\\/fuentesfidedignas.com.mx\\\/index.php\\\/2021\\\/11\\\/23\\\/rocha-participa-en-reunion-con-comite-de-las-naciones-unidas\\\/\",\"name\":\"Rocha participa en reuni\u00f3n con Comit\u00e9 de las Naciones Unidas - Fuentes Fidedignas\",\"isPartOf\":{\"@id\":\"https:\\\/\\\/fuentesfidedignas.com.mx\\\/#website\"},\"primaryImageOfPage\":{\"@id\":\"https:\\\/\\\/fuentesfidedignas.com.mx\\\/index.php\\\/2021\\\/11\\\/23\\\/rocha-participa-en-reunion-con-comite-de-las-naciones-unidas\\\/#primaryimage\"},\"image\":{\"@id\":\"https:\\\/\\\/fuentesfidedignas.com.mx\\\/index.php\\\/2021\\\/11\\\/23\\\/rocha-participa-en-reunion-con-comite-de-las-naciones-unidas\\\/#primaryimage\"},\"thumbnailUrl\":\"https:\\\/\\\/fuentesfidedignas.com.mx\\\/wp-content\\\/uploads\\\/2021\\\/11\\\/d2edda15-ced7-4990-9dc5-b246ef5a2842.jpg\",\"datePublished\":\"2021-11-23T23:00:27+00:00\",\"dateModified\":\"2021-11-23T23:00:28+00:00\",\"breadcrumb\":{\"@id\":\"https:\\\/\\\/fuentesfidedignas.com.mx\\\/index.php\\\/2021\\\/11\\\/23\\\/rocha-participa-en-reunion-con-comite-de-las-naciones-unidas\\\/#breadcrumb\"},\"inLanguage\":\"es\",\"potentialAction\":[{\"@type\":\"ReadAction\",\"target\":[\"https:\\\/\\\/fuentesfidedignas.com.mx\\\/index.php\\\/2021\\\/11\\\/23\\\/rocha-participa-en-reunion-con-comite-de-las-naciones-unidas\\\/\"]}]},{\"@type\":\"ImageObject\",\"inLanguage\":\"es\",\"@id\":\"https:\\\/\\\/fuentesfidedignas.com.mx\\\/index.php\\\/2021\\\/11\\\/23\\\/rocha-participa-en-reunion-con-comite-de-las-naciones-unidas\\\/#primaryimage\",\"url\":\"https:\\\/\\\/fuentesfidedignas.com.mx\\\/wp-content\\\/uploads\\\/2021\\\/11\\\/d2edda15-ced7-4990-9dc5-b246ef5a2842.jpg\",\"contentUrl\":\"https:\\\/\\\/fuentesfidedignas.com.mx\\\/wp-content\\\/uploads\\\/2021\\\/11\\\/d2edda15-ced7-4990-9dc5-b246ef5a2842.jpg\",\"width\":1280,\"height\":740},{\"@type\":\"BreadcrumbList\",\"@id\":\"https:\\\/\\\/fuentesfidedignas.com.mx\\\/index.php\\\/2021\\\/11\\\/23\\\/rocha-participa-en-reunion-con-comite-de-las-naciones-unidas\\\/#breadcrumb\",\"itemListElement\":[{\"@type\":\"ListItem\",\"position\":1,\"name\":\"Inicio\",\"item\":\"https:\\\/\\\/fuentesfidedignas.com.mx\\\/\"},{\"@type\":\"ListItem\",\"position\":2,\"name\":\"Rocha participa en reuni\u00f3n con Comit\u00e9 de las Naciones Unidas\"}]},{\"@type\":\"WebSite\",\"@id\":\"https:\\\/\\\/fuentesfidedignas.com.mx\\\/#website\",\"url\":\"https:\\\/\\\/fuentesfidedignas.com.mx\\\/\",\"name\":\"Fuentes Fidedignas\",\"description\":\"Otro sitio realizado con WordPress\",\"publisher\":{\"@id\":\"https:\\\/\\\/fuentesfidedignas.com.mx\\\/#organization\"},\"potentialAction\":[{\"@type\":\"SearchAction\",\"target\":{\"@type\":\"EntryPoint\",\"urlTemplate\":\"https:\\\/\\\/fuentesfidedignas.com.mx\\\/?s={search_term_string}\"},\"query-input\":{\"@type\":\"PropertyValueSpecification\",\"valueRequired\":true,\"valueName\":\"search_term_string\"}}],\"inLanguage\":\"es\"},{\"@type\":\"Organization\",\"@id\":\"https:\\\/\\\/fuentesfidedignas.com.mx\\\/#organization\",\"name\":\"Fuentes Fidedignas\",\"url\":\"https:\\\/\\\/fuentesfidedignas.com.mx\\\/\",\"logo\":{\"@type\":\"ImageObject\",\"inLanguage\":\"es\",\"@id\":\"https:\\\/\\\/fuentesfidedignas.com.mx\\\/#\\\/schema\\\/logo\\\/image\\\/\",\"url\":\"https:\\\/\\\/fuentesfidedignas.com.mx\\\/wp-content\\\/uploads\\\/2021\\\/04\\\/logo-retina.png\",\"contentUrl\":\"https:\\\/\\\/fuentesfidedignas.com.mx\\\/wp-content\\\/uploads\\\/2021\\\/04\\\/logo-retina.png\",\"width\":280,\"height\":51,\"caption\":\"Fuentes Fidedignas\"},\"image\":{\"@id\":\"https:\\\/\\\/fuentesfidedignas.com.mx\\\/#\\\/schema\\\/logo\\\/image\\\/\"},\"sameAs\":[\"https:\\\/\\\/www.facebook.com\\\/Fuentes-Fidedignas-368234489921644\",\"https:\\\/\\\/x.com\\\/fidedignas\"]},{\"@type\":\"Person\",\"@id\":\"https:\\\/\\\/fuentesfidedignas.com.mx\\\/#\\\/schema\\\/person\\\/331be9283d37198e2acd5750279085b0\",\"name\":\"Redacci\u00f3n\",\"image\":{\"@type\":\"ImageObject\",\"inLanguage\":\"es\",\"@id\":\"https:\\\/\\\/secure.gravatar.com\\\/avatar\\\/f6d8782c11d12b2d4ad3fbb6931aeab5309937a4d6cd2fc9cfaa28a6396a5aec?s=96&d=mm&r=g\",\"url\":\"https:\\\/\\\/secure.gravatar.com\\\/avatar\\\/f6d8782c11d12b2d4ad3fbb6931aeab5309937a4d6cd2fc9cfaa28a6396a5aec?s=96&d=mm&r=g\",\"contentUrl\":\"https:\\\/\\\/secure.gravatar.com\\\/avatar\\\/f6d8782c11d12b2d4ad3fbb6931aeab5309937a4d6cd2fc9cfaa28a6396a5aec?s=96&d=mm&r=g\",\"caption\":\"Redacci\u00f3n\"},\"url\":\"https:\\\/\\\/fuentesfidedignas.com.mx\\\/index.php\\\/author\\\/redaccion\\\/\"}]}<\/script>\n<!-- \/ Yoast SEO plugin. -->","yoast_head_json":{"title":"Rocha participa en reuni\u00f3n con Comit\u00e9 de las Naciones Unidas - Fuentes Fidedignas","robots":{"index":"index","follow":"follow","max-snippet":"max-snippet:-1","max-image-preview":"max-image-preview:large","max-video-preview":"max-video-preview:-1"},"canonical":"https:\/\/fuentesfidedignas.com.mx\/index.php\/2021\/11\/23\/rocha-participa-en-reunion-con-comite-de-las-naciones-unidas\/","og_locale":"es_MX","og_type":"article","og_title":"Rocha participa en reuni\u00f3n con Comit\u00e9 de las Naciones Unidas - Fuentes Fidedignas","og_description":"Los miembros del Comit\u00e9 contra las Desapariciones Forzadas de la ONU fueron recibidos en Palacio de Gobierno Culiac\u00e1n, Sin.- Autoridades del Gobierno del Estado y de la Fiscal\u00eda General del Estado se reunieron en Palacio de Gobierno con los visitadores del Comit\u00e9 contra las Desapariciones Forzadas de las Naciones Unidas, encuentro en el que particip\u00f3 [&hellip;]","og_url":"https:\/\/fuentesfidedignas.com.mx\/index.php\/2021\/11\/23\/rocha-participa-en-reunion-con-comite-de-las-naciones-unidas\/","og_site_name":"Fuentes Fidedignas","article_publisher":"https:\/\/www.facebook.com\/Fuentes-Fidedignas-368234489921644","article_published_time":"2021-11-23T23:00:27+00:00","article_modified_time":"2021-11-23T23:00:28+00:00","og_image":[{"width":1280,"height":740,"url":"https:\/\/fuentesfidedignas.com.mx\/wp-content\/uploads\/2021\/11\/d2edda15-ced7-4990-9dc5-b246ef5a2842.jpg","type":"image\/jpeg"}],"author":"Redacci\u00f3n","twitter_card":"summary_large_image","twitter_creator":"@fidedignas","twitter_site":"@fidedignas","twitter_misc":{"Escrito por":"Redacci\u00f3n","Tiempo de lectura":"2 minutos"},"schema":{"@context":"https:\/\/schema.org","@graph":[{"@type":"Article","@id":"https:\/\/fuentesfidedignas.com.mx\/index.php\/2021\/11\/23\/rocha-participa-en-reunion-con-comite-de-las-naciones-unidas\/#article","isPartOf":{"@id":"https:\/\/fuentesfidedignas.com.mx\/index.php\/2021\/11\/23\/rocha-participa-en-reunion-con-comite-de-las-naciones-unidas\/"},"author":{"name":"Redacci\u00f3n","@id":"https:\/\/fuentesfidedignas.com.mx\/#\/schema\/person\/331be9283d37198e2acd5750279085b0"},"headline":"Rocha participa en reuni\u00f3n con Comit\u00e9 de las Naciones Unidas","datePublished":"2021-11-23T23:00:27+00:00","dateModified":"2021-11-23T23:00:28+00:00","mainEntityOfPage":{"@id":"https:\/\/fuentesfidedignas.com.mx\/index.php\/2021\/11\/23\/rocha-participa-en-reunion-con-comite-de-las-naciones-unidas\/"},"wordCount":318,"commentCount":0,"publisher":{"@id":"https:\/\/fuentesfidedignas.com.mx\/#organization"},"image":{"@id":"https:\/\/fuentesfidedignas.com.mx\/index.php\/2021\/11\/23\/rocha-participa-en-reunion-con-comite-de-las-naciones-unidas\/#primaryimage"},"thumbnailUrl":"https:\/\/fuentesfidedignas.com.mx\/wp-content\/uploads\/2021\/11\/d2edda15-ced7-4990-9dc5-b246ef5a2842.jpg","keywords":["Rub\u00e9n Rocha Moya"],"articleSection":["NOTA PRINCIPAL"],"inLanguage":"es","potentialAction":[{"@type":"CommentAction","name":"Comment","target":["https:\/\/fuentesfidedignas.com.mx\/index.php\/2021\/11\/23\/rocha-participa-en-reunion-con-comite-de-las-naciones-unidas\/#respond"]}]},{"@type":"WebPage","@id":"https:\/\/fuentesfidedignas.com.mx\/index.php\/2021\/11\/23\/rocha-participa-en-reunion-con-comite-de-las-naciones-unidas\/","url":"https:\/\/fuentesfidedignas.com.mx\/index.php\/2021\/11\/23\/rocha-participa-en-reunion-con-comite-de-las-naciones-unidas\/","name":"Rocha participa en reuni\u00f3n con Comit\u00e9 de las Naciones Unidas - Fuentes Fidedignas","isPartOf":{"@id":"https:\/\/fuentesfidedignas.com.mx\/#website"},"primaryImageOfPage":{"@id":"https:\/\/fuentesfidedignas.com.mx\/index.php\/2021\/11\/23\/rocha-participa-en-reunion-con-comite-de-las-naciones-unidas\/#primaryimage"},"image":{"@id":"https:\/\/fuentesfidedignas.com.mx\/index.php\/2021\/11\/23\/rocha-participa-en-reunion-con-comite-de-las-naciones-unidas\/#primaryimage"},"thumbnailUrl":"https:\/\/fuentesfidedignas.com.mx\/wp-content\/uploads\/2021\/11\/d2edda15-ced7-4990-9dc5-b246ef5a2842.jpg","datePublished":"2021-11-23T23:00:27+00:00","dateModified":"2021-11-23T23:00:28+00:00","breadcrumb":{"@id":"https:\/\/fuentesfidedignas.com.mx\/index.php\/2021\/11\/23\/rocha-participa-en-reunion-con-comite-de-las-naciones-unidas\/#breadcrumb"},"inLanguage":"es","potentialAction":[{"@type":"ReadAction","target":["https:\/\/fuentesfidedignas.com.mx\/index.php\/2021\/11\/23\/rocha-participa-en-reunion-con-comite-de-las-naciones-unidas\/"]}]},{"@type":"ImageObject","inLanguage":"es","@id":"https:\/\/fuentesfidedignas.com.mx\/index.php\/2021\/11\/23\/rocha-participa-en-reunion-con-comite-de-las-naciones-unidas\/#primaryimage","url":"https:\/\/fuentesfidedignas.com.mx\/wp-content\/uploads\/2021\/11\/d2edda15-ced7-4990-9dc5-b246ef5a2842.jpg","contentUrl":"https:\/\/fuentesfidedignas.com.mx\/wp-content\/uploads\/2021\/11\/d2edda15-ced7-4990-9dc5-b246ef5a2842.jpg","width":1280,"height":740},{"@type":"BreadcrumbList","@id":"https:\/\/fuentesfidedignas.com.mx\/index.php\/2021\/11\/23\/rocha-participa-en-reunion-con-comite-de-las-naciones-unidas\/#breadcrumb","itemListElement":[{"@type":"ListItem","position":1,"name":"Inicio","item":"https:\/\/fuentesfidedignas.com.mx\/"},{"@type":"ListItem","position":2,"name":"Rocha participa en reuni\u00f3n con Comit\u00e9 de las Naciones Unidas"}]},{"@type":"WebSite","@id":"https:\/\/fuentesfidedignas.com.mx\/#website","url":"https:\/\/fuentesfidedignas.com.mx\/","name":"Fuentes Fidedignas","description":"Otro sitio realizado con WordPress","publisher":{"@id":"https:\/\/fuentesfidedignas.com.mx\/#organization"},"potentialAction":[{"@type":"SearchAction","target":{"@type":"EntryPoint","urlTemplate":"https:\/\/fuentesfidedignas.com.mx\/?s={search_term_string}"},"query-input":{"@type":"PropertyValueSpecification","valueRequired":true,"valueName":"search_term_string"}}],"inLanguage":"es"},{"@type":"Organization","@id":"https:\/\/fuentesfidedignas.com.mx\/#organization","name":"Fuentes Fidedignas","url":"https:\/\/fuentesfidedignas.com.mx\/","logo":{"@type":"ImageObject","inLanguage":"es","@id":"https:\/\/fuentesfidedignas.com.mx\/#\/schema\/logo\/image\/","url":"https:\/\/fuentesfidedignas.com.mx\/wp-content\/uploads\/2021\/04\/logo-retina.png","contentUrl":"https:\/\/fuentesfidedignas.com.mx\/wp-content\/uploads\/2021\/04\/logo-retina.png","width":280,"height":51,"caption":"Fuentes Fidedignas"},"image":{"@id":"https:\/\/fuentesfidedignas.com.mx\/#\/schema\/logo\/image\/"},"sameAs":["https:\/\/www.facebook.com\/Fuentes-Fidedignas-368234489921644","https:\/\/x.com\/fidedignas"]},{"@type":"Person","@id":"https:\/\/fuentesfidedignas.com.mx\/#\/schema\/person\/331be9283d37198e2acd5750279085b0","name":"Redacci\u00f3n","image":{"@type":"ImageObject","inLanguage":"es","@id":"https:\/\/secure.gravatar.com\/avatar\/f6d8782c11d12b2d4ad3fbb6931aeab5309937a4d6cd2fc9cfaa28a6396a5aec?s=96&d=mm&r=g","url":"https:\/\/secure.gravatar.com\/avatar\/f6d8782c11d12b2d4ad3fbb6931aeab5309937a4d6cd2fc9cfaa28a6396a5aec?s=96&d=mm&r=g","contentUrl":"https:\/\/secure.gravatar.com\/avatar\/f6d8782c11d12b2d4ad3fbb6931aeab5309937a4d6cd2fc9cfaa28a6396a5aec?s=96&d=mm&r=g","caption":"Redacci\u00f3n"},"url":"https:\/\/fuentesfidedignas.com.mx\/index.php\/author\/redaccion\/"}]}},"_links":{"self":[{"href":"https:\/\/fuentesfidedignas.com.mx\/index.php\/wp-json\/wp\/v2\/posts\/18145","targetHints":{"allow":["GET"]}}],"collection":[{"href":"https:\/\/fuentesfidedignas.com.mx\/index.php\/wp-json\/wp\/v2\/posts"}],"about":[{"href":"https:\/\/fuentesfidedignas.com.mx\/index.php\/wp-json\/wp\/v2\/types\/post"}],"author":[{"embeddable":true,"href":"https:\/\/fuentesfidedignas.com.mx\/index.php\/wp-json\/wp\/v2\/users\/4"}],"replies":[{"embeddable":true,"href":"https:\/\/fuentesfidedignas.com.mx\/index.php\/wp-json\/wp\/v2\/comments?post=18145"}],"version-history":[{"count":1,"href":"https:\/\/fuentesfidedignas.com.mx\/index.php\/wp-json\/wp\/v2\/posts\/18145\/revisions"}],"predecessor-version":[{"id":18147,"href":"https:\/\/fuentesfidedignas.com.mx\/index.php\/wp-json\/wp\/v2\/posts\/18145\/revisions\/18147"}],"wp:featuredmedia":[{"embeddable":true,"href":"https:\/\/fuentesfidedignas.com.mx\/index.php\/wp-json\/wp\/v2\/media\/18146"}],"wp:attachment":[{"href":"https:\/\/fuentesfidedignas.com.mx\/index.php\/wp-json\/wp\/v2\/media?parent=18145"}],"wp:term":[{"taxonomy":"category","embeddable":true,"href":"https:\/\/fuentesfidedignas.com.mx\/index.php\/wp-json\/wp\/v2\/categories?post=18145"},{"taxonomy":"post_tag","embeddable":true,"href":"https:\/\/fuentesfidedignas.com.mx\/index.php\/wp-json\/wp\/v2\/tags?post=18145"}],"curies":[{"name":"wp","href":"https:\/\/api.w.org\/{rel}","templated":true}]}}