{"id":18135,"date":"2021-11-23T15:24:28","date_gmt":"2021-11-23T22:24:28","guid":{"rendered":"https:\/\/fuentesfidedignas.com.mx\/?p=18135"},"modified":"2021-11-23T15:24:28","modified_gmt":"2021-11-23T22:24:28","slug":"ayuntamiento-de-ahome-se-hara-cargo-de-la-recoleccion-de-la-basura-anuncian","status":"publish","type":"post","link":"https:\/\/fuentesfidedignas.com.mx\/index.php\/2021\/11\/23\/ayuntamiento-de-ahome-se-hara-cargo-de-la-recoleccion-de-la-basura-anuncian\/","title":{"rendered":"Ayuntamiento de Ahome se har\u00e1 cargo de la recolecci\u00f3n de la basura, anuncian"},"content":{"rendered":"\n<p><strong><em>La empresa encargada del servicio est\u00e1 presentando deficiencias m\u00f3dulos de riego apoyar\u00e1n en la zona rural En la ciudad, ayudar\u00e1n los empresarios<\/em><\/strong><\/p>\n\n\n\n<p>Los Mochis, Ahome, Sin.- Con el prop\u00f3sito de resolver el problema de la recolecci\u00f3n de basura, a la brevedad posible, Gerardo Vargas Landeros, presidente municipal de Ahome anunci\u00f3 que a partir de hoy, el Ayuntamiento de Ahome, conjuntamente con los m\u00f3dulos de riego y el sector empresarial utilizar\u00e1n alrededor de 50 camiones para recoger dichos desechos.<\/p>\n\n\n\n<p>Durante conferencia de prensa, el alcalde indic\u00f3 que esto se da en respuesta a la solicitud de la ciudadan\u00eda, ya que la empresa encargada de esta labor est\u00e1 presentando deficiencias en el servicio, por lo que se han acumulado los residuos y esto se convirti\u00f3 en un problema de salud p\u00fablica.<\/p>\n\n\n\n<p>Gerardo Vargas Landeros precis\u00f3 que luego de una reuni\u00f3n que tuvo con los diferentes servidores p\u00fablicos para buscar una soluci\u00f3n al problema, y luego de consultarlo con los regidores, se lleg\u00f3 a la determinaci\u00f3n de que ser\u00e1 el Gobierno Municipal el encargado de la recolecci\u00f3n de basura.<\/p>\n\n\n\n<p>\u201cA partir de hoy, a las 6:30 de la tarde, el Ayuntamiento de Ahome, con ayuda del sector empresarial, de los m\u00f3dulos del riego, con personal y transportes del Ayuntamiento, nos vamos hacer cargo de la recolecci\u00f3n de basura del municipio, es decir ser\u00e1 una responsabilidad directa para que la ciudadan\u00eda tenga la tranquilidad de que este tema de salud p\u00fablica est\u00e1 debidamente atendido por la autoridad\u201d, puntualiz\u00f3 el presidente municipal de Ahome.<\/p>\n\n\n\n<p>Detall\u00f3 que la empresa OP Ecolog\u00eda tiene un plazo conforme a la Ley, el cual culmina hasta el pr\u00f3ximo 4 de diciembre, para manifestar u ofrecer pruebas para resolver el problema que tienen del relleno sanitario, que actualmente es el contratiempo por el cual no se presta un servicio \u00f3ptimo de recolecci\u00f3n de basura en el municipio.<\/p>\n\n\n\n<p>El alcalde de Ahome, asever\u00f3 que ser\u00e1n aproximadamente 50 unidades las que estar\u00e1n participando en el servicio de la recolecci\u00f3n de basura, por lo que exhort\u00f3 a la ciudadan\u00eda a sacar los residuos y tambi\u00e9n aprovech\u00f3 la oportunidad para agradecer al sector empresarial y a los m\u00f3dulos de riego por sumarse a estas acciones para dar respuesta a la demanda de la poblaci\u00f3n.<\/p>\n\n\n\n<p>Por su parte, Feliciano Garc\u00eda Mendoza, Director de Servicios P\u00fablicos Municipales, inform\u00f3 que alrededor de 30 unidades recolectar\u00e1n la basura en todas las colonias, esto con base a una estrategia de cuadrantes, que divide a la ciudad de Los Mochis.<\/p>\n\n\n\n<p>En tanto, Quint\u00edn Su\u00e1rez, presidente del M\u00f3dulo Leyva Solano, explic\u00f3 que los diversos m\u00f3dulos han decidido apoyar estos trabajos, por lo que utilizar\u00e1n aproximadamente 20 camiones para dar soluci\u00f3n al problema de la recolecci\u00f3n de basura que se presenta en el municipio de Ahome.<\/p>\n\n\n\n<p>Por la ma\u00f1ana, Gerardo Vargas Landeros estuvo en Topolobampo, en donde presidi\u00f3 la Quinta Asamblea Informativa para dar a conocer sobre el proceso en que se encuentra el tema de la instalaci\u00f3n de la planta de Fertilizantes en este puerto, la cual es organizada por los Gobiernos Federal, Estatal y Municipal.<\/p>\n\n\n\n<p>En dicho Ejercicio Participativo, el Presidente Municipal de Ahome, estuvo acompa\u00f1ado de Benito Mir\u00f3n L\u00f3pez, Director General de Participaci\u00f3n Social de la Secretar\u00eda de Gobernaci\u00f3n, y Alejandro Mario Olivera Toro Maya, Subsecretario del Sector Primario de la Direcci\u00f3n General de Impacto y Riesgo Ambiental de SEMARNAT.<\/p>\n","protected":false},"excerpt":{"rendered":"<p>La empresa encargada del servicio est\u00e1 presentando deficiencias m\u00f3dulos de riego apoyar\u00e1n en la zona rural En la ciudad, ayudar\u00e1n los empresarios Los Mochis, Ahome, Sin.- Con el prop\u00f3sito de resolver el problema de la recolecci\u00f3n de basura, a la brevedad posible, Gerardo Vargas Landeros, presidente municipal de Ahome anunci\u00f3 que a partir de hoy, [&hellip;]<\/p>\n","protected":false},"author":4,"featured_media":18136,"comment_status":"open","ping_status":"open","sticky":false,"template":"","format":"standard","meta":{"tdm_status":"","tdm_grid_status":"","footnotes":""},"categories":[38],"tags":[278,1715,1654],"class_list":{"0":"post-18135","1":"post","2":"type-post","3":"status-publish","4":"format-standard","5":"has-post-thumbnail","7":"category-noticias-locales","8":"tag-ahome","9":"tag-ayuntamiento-de-ahome","10":"tag-gerardo-vargas-landeros"},"yoast_head":"<!-- This site is optimized with the Yoast SEO plugin v27.5 - https:\/\/yoast.com\/product\/yoast-seo-wordpress\/ -->\n<title>Ayuntamiento de Ahome se har\u00e1 cargo de la recolecci\u00f3n de la basura, anuncian - Fuentes Fidedignas<\/title>\n<meta name=\"robots\" content=\"index, follow, max-snippet:-1, max-image-preview:large, max-video-preview:-1\" \/>\n<link rel=\"canonical\" href=\"https:\/\/fuentesfidedignas.com.mx\/index.php\/2021\/11\/23\/ayuntamiento-de-ahome-se-hara-cargo-de-la-recoleccion-de-la-basura-anuncian\/\" \/>\n<meta property=\"og:locale\" content=\"es_MX\" \/>\n<meta property=\"og:type\" content=\"article\" \/>\n<meta property=\"og:title\" content=\"Ayuntamiento de Ahome se har\u00e1 cargo de la recolecci\u00f3n de la basura, anuncian - Fuentes Fidedignas\" \/>\n<meta property=\"og:description\" content=\"La empresa encargada del servicio est\u00e1 presentando deficiencias m\u00f3dulos de riego apoyar\u00e1n en la zona rural En la ciudad, ayudar\u00e1n los empresarios Los Mochis, Ahome, Sin.- Con el prop\u00f3sito de resolver el problema de la recolecci\u00f3n de basura, a la brevedad posible, Gerardo Vargas Landeros, presidente municipal de Ahome anunci\u00f3 que a partir de hoy, [&hellip;]\" \/>\n<meta property=\"og:url\" content=\"https:\/\/fuentesfidedignas.com.mx\/index.php\/2021\/11\/23\/ayuntamiento-de-ahome-se-hara-cargo-de-la-recoleccion-de-la-basura-anuncian\/\" \/>\n<meta property=\"og:site_name\" content=\"Fuentes Fidedignas\" \/>\n<meta property=\"article:publisher\" content=\"https:\/\/www.facebook.com\/Fuentes-Fidedignas-368234489921644\" \/>\n<meta property=\"article:published_time\" content=\"2021-11-23T22:24:28+00:00\" \/>\n<meta property=\"og:image\" content=\"https:\/\/fuentesfidedignas.com.mx\/wp-content\/uploads\/2021\/11\/GVL.jpg\" \/>\n\t<meta property=\"og:image:width\" content=\"678\" \/>\n\t<meta property=\"og:image:height\" content=\"550\" \/>\n\t<meta property=\"og:image:type\" content=\"image\/jpeg\" \/>\n<meta name=\"author\" content=\"Redacci\u00f3n\" \/>\n<meta name=\"twitter:card\" content=\"summary_large_image\" \/>\n<meta name=\"twitter:creator\" content=\"@fidedignas\" \/>\n<meta name=\"twitter:site\" content=\"@fidedignas\" \/>\n<meta name=\"twitter:label1\" content=\"Escrito por\" \/>\n\t<meta name=\"twitter:data1\" content=\"Redacci\u00f3n\" \/>\n\t<meta name=\"twitter:label2\" content=\"Tiempo de lectura\" \/>\n\t<meta name=\"twitter:data2\" content=\"3 minutos\" \/>\n<script type=\"application\/ld+json\" class=\"yoast-schema-graph\">{\"@context\":\"https:\\\/\\\/schema.org\",\"@graph\":[{\"@type\":\"Article\",\"@id\":\"https:\\\/\\\/fuentesfidedignas.com.mx\\\/index.php\\\/2021\\\/11\\\/23\\\/ayuntamiento-de-ahome-se-hara-cargo-de-la-recoleccion-de-la-basura-anuncian\\\/#article\",\"isPartOf\":{\"@id\":\"https:\\\/\\\/fuentesfidedignas.com.mx\\\/index.php\\\/2021\\\/11\\\/23\\\/ayuntamiento-de-ahome-se-hara-cargo-de-la-recoleccion-de-la-basura-anuncian\\\/\"},\"author\":{\"name\":\"Redacci\u00f3n\",\"@id\":\"https:\\\/\\\/fuentesfidedignas.com.mx\\\/#\\\/schema\\\/person\\\/331be9283d37198e2acd5750279085b0\"},\"headline\":\"Ayuntamiento de Ahome se har\u00e1 cargo de la recolecci\u00f3n de la basura, anuncian\",\"datePublished\":\"2021-11-23T22:24:28+00:00\",\"mainEntityOfPage\":{\"@id\":\"https:\\\/\\\/fuentesfidedignas.com.mx\\\/index.php\\\/2021\\\/11\\\/23\\\/ayuntamiento-de-ahome-se-hara-cargo-de-la-recoleccion-de-la-basura-anuncian\\\/\"},\"wordCount\":606,\"commentCount\":0,\"publisher\":{\"@id\":\"https:\\\/\\\/fuentesfidedignas.com.mx\\\/#organization\"},\"image\":{\"@id\":\"https:\\\/\\\/fuentesfidedignas.com.mx\\\/index.php\\\/2021\\\/11\\\/23\\\/ayuntamiento-de-ahome-se-hara-cargo-de-la-recoleccion-de-la-basura-anuncian\\\/#primaryimage\"},\"thumbnailUrl\":\"https:\\\/\\\/fuentesfidedignas.com.mx\\\/wp-content\\\/uploads\\\/2021\\\/11\\\/GVL.jpg\",\"keywords\":[\"Ahome\",\"Ayuntamiento de Ahome\",\"Gerardo Vargas Landeros\"],\"articleSection\":[\"NOTICIAS LOCALES\"],\"inLanguage\":\"es\",\"potentialAction\":[{\"@type\":\"CommentAction\",\"name\":\"Comment\",\"target\":[\"https:\\\/\\\/fuentesfidedignas.com.mx\\\/index.php\\\/2021\\\/11\\\/23\\\/ayuntamiento-de-ahome-se-hara-cargo-de-la-recoleccion-de-la-basura-anuncian\\\/#respond\"]}]},{\"@type\":\"WebPage\",\"@id\":\"https:\\\/\\\/fuentesfidedignas.com.mx\\\/index.php\\\/2021\\\/11\\\/23\\\/ayuntamiento-de-ahome-se-hara-cargo-de-la-recoleccion-de-la-basura-anuncian\\\/\",\"url\":\"https:\\\/\\\/fuentesfidedignas.com.mx\\\/index.php\\\/2021\\\/11\\\/23\\\/ayuntamiento-de-ahome-se-hara-cargo-de-la-recoleccion-de-la-basura-anuncian\\\/\",\"name\":\"Ayuntamiento de Ahome se har\u00e1 cargo de la recolecci\u00f3n de la basura, anuncian - Fuentes Fidedignas\",\"isPartOf\":{\"@id\":\"https:\\\/\\\/fuentesfidedignas.com.mx\\\/#website\"},\"primaryImageOfPage\":{\"@id\":\"https:\\\/\\\/fuentesfidedignas.com.mx\\\/index.php\\\/2021\\\/11\\\/23\\\/ayuntamiento-de-ahome-se-hara-cargo-de-la-recoleccion-de-la-basura-anuncian\\\/#primaryimage\"},\"image\":{\"@id\":\"https:\\\/\\\/fuentesfidedignas.com.mx\\\/index.php\\\/2021\\\/11\\\/23\\\/ayuntamiento-de-ahome-se-hara-cargo-de-la-recoleccion-de-la-basura-anuncian\\\/#primaryimage\"},\"thumbnailUrl\":\"https:\\\/\\\/fuentesfidedignas.com.mx\\\/wp-content\\\/uploads\\\/2021\\\/11\\\/GVL.jpg\",\"datePublished\":\"2021-11-23T22:24:28+00:00\",\"breadcrumb\":{\"@id\":\"https:\\\/\\\/fuentesfidedignas.com.mx\\\/index.php\\\/2021\\\/11\\\/23\\\/ayuntamiento-de-ahome-se-hara-cargo-de-la-recoleccion-de-la-basura-anuncian\\\/#breadcrumb\"},\"inLanguage\":\"es\",\"potentialAction\":[{\"@type\":\"ReadAction\",\"target\":[\"https:\\\/\\\/fuentesfidedignas.com.mx\\\/index.php\\\/2021\\\/11\\\/23\\\/ayuntamiento-de-ahome-se-hara-cargo-de-la-recoleccion-de-la-basura-anuncian\\\/\"]}]},{\"@type\":\"ImageObject\",\"inLanguage\":\"es\",\"@id\":\"https:\\\/\\\/fuentesfidedignas.com.mx\\\/index.php\\\/2021\\\/11\\\/23\\\/ayuntamiento-de-ahome-se-hara-cargo-de-la-recoleccion-de-la-basura-anuncian\\\/#primaryimage\",\"url\":\"https:\\\/\\\/fuentesfidedignas.com.mx\\\/wp-content\\\/uploads\\\/2021\\\/11\\\/GVL.jpg\",\"contentUrl\":\"https:\\\/\\\/fuentesfidedignas.com.mx\\\/wp-content\\\/uploads\\\/2021\\\/11\\\/GVL.jpg\",\"width\":678,\"height\":550},{\"@type\":\"BreadcrumbList\",\"@id\":\"https:\\\/\\\/fuentesfidedignas.com.mx\\\/index.php\\\/2021\\\/11\\\/23\\\/ayuntamiento-de-ahome-se-hara-cargo-de-la-recoleccion-de-la-basura-anuncian\\\/#breadcrumb\",\"itemListElement\":[{\"@type\":\"ListItem\",\"position\":1,\"name\":\"Inicio\",\"item\":\"https:\\\/\\\/fuentesfidedignas.com.mx\\\/\"},{\"@type\":\"ListItem\",\"position\":2,\"name\":\"Ayuntamiento de Ahome se har\u00e1 cargo de la recolecci\u00f3n de la basura, anuncian\"}]},{\"@type\":\"WebSite\",\"@id\":\"https:\\\/\\\/fuentesfidedignas.com.mx\\\/#website\",\"url\":\"https:\\\/\\\/fuentesfidedignas.com.mx\\\/\",\"name\":\"Fuentes Fidedignas\",\"description\":\"Otro sitio realizado con WordPress\",\"publisher\":{\"@id\":\"https:\\\/\\\/fuentesfidedignas.com.mx\\\/#organization\"},\"potentialAction\":[{\"@type\":\"SearchAction\",\"target\":{\"@type\":\"EntryPoint\",\"urlTemplate\":\"https:\\\/\\\/fuentesfidedignas.com.mx\\\/?s={search_term_string}\"},\"query-input\":{\"@type\":\"PropertyValueSpecification\",\"valueRequired\":true,\"valueName\":\"search_term_string\"}}],\"inLanguage\":\"es\"},{\"@type\":\"Organization\",\"@id\":\"https:\\\/\\\/fuentesfidedignas.com.mx\\\/#organization\",\"name\":\"Fuentes Fidedignas\",\"url\":\"https:\\\/\\\/fuentesfidedignas.com.mx\\\/\",\"logo\":{\"@type\":\"ImageObject\",\"inLanguage\":\"es\",\"@id\":\"https:\\\/\\\/fuentesfidedignas.com.mx\\\/#\\\/schema\\\/logo\\\/image\\\/\",\"url\":\"https:\\\/\\\/fuentesfidedignas.com.mx\\\/wp-content\\\/uploads\\\/2021\\\/04\\\/logo-retina.png\",\"contentUrl\":\"https:\\\/\\\/fuentesfidedignas.com.mx\\\/wp-content\\\/uploads\\\/2021\\\/04\\\/logo-retina.png\",\"width\":280,\"height\":51,\"caption\":\"Fuentes Fidedignas\"},\"image\":{\"@id\":\"https:\\\/\\\/fuentesfidedignas.com.mx\\\/#\\\/schema\\\/logo\\\/image\\\/\"},\"sameAs\":[\"https:\\\/\\\/www.facebook.com\\\/Fuentes-Fidedignas-368234489921644\",\"https:\\\/\\\/x.com\\\/fidedignas\"]},{\"@type\":\"Person\",\"@id\":\"https:\\\/\\\/fuentesfidedignas.com.mx\\\/#\\\/schema\\\/person\\\/331be9283d37198e2acd5750279085b0\",\"name\":\"Redacci\u00f3n\",\"image\":{\"@type\":\"ImageObject\",\"inLanguage\":\"es\",\"@id\":\"https:\\\/\\\/secure.gravatar.com\\\/avatar\\\/f6d8782c11d12b2d4ad3fbb6931aeab5309937a4d6cd2fc9cfaa28a6396a5aec?s=96&d=mm&r=g\",\"url\":\"https:\\\/\\\/secure.gravatar.com\\\/avatar\\\/f6d8782c11d12b2d4ad3fbb6931aeab5309937a4d6cd2fc9cfaa28a6396a5aec?s=96&d=mm&r=g\",\"contentUrl\":\"https:\\\/\\\/secure.gravatar.com\\\/avatar\\\/f6d8782c11d12b2d4ad3fbb6931aeab5309937a4d6cd2fc9cfaa28a6396a5aec?s=96&d=mm&r=g\",\"caption\":\"Redacci\u00f3n\"},\"url\":\"https:\\\/\\\/fuentesfidedignas.com.mx\\\/index.php\\\/author\\\/redaccion\\\/\"}]}<\/script>\n<!-- \/ Yoast SEO plugin. -->","yoast_head_json":{"title":"Ayuntamiento de Ahome se har\u00e1 cargo de la recolecci\u00f3n de la basura, anuncian - Fuentes Fidedignas","robots":{"index":"index","follow":"follow","max-snippet":"max-snippet:-1","max-image-preview":"max-image-preview:large","max-video-preview":"max-video-preview:-1"},"canonical":"https:\/\/fuentesfidedignas.com.mx\/index.php\/2021\/11\/23\/ayuntamiento-de-ahome-se-hara-cargo-de-la-recoleccion-de-la-basura-anuncian\/","og_locale":"es_MX","og_type":"article","og_title":"Ayuntamiento de Ahome se har\u00e1 cargo de la recolecci\u00f3n de la basura, anuncian - Fuentes Fidedignas","og_description":"La empresa encargada del servicio est\u00e1 presentando deficiencias m\u00f3dulos de riego apoyar\u00e1n en la zona rural En la ciudad, ayudar\u00e1n los empresarios Los Mochis, Ahome, Sin.- Con el prop\u00f3sito de resolver el problema de la recolecci\u00f3n de basura, a la brevedad posible, Gerardo Vargas Landeros, presidente municipal de Ahome anunci\u00f3 que a partir de hoy, [&hellip;]","og_url":"https:\/\/fuentesfidedignas.com.mx\/index.php\/2021\/11\/23\/ayuntamiento-de-ahome-se-hara-cargo-de-la-recoleccion-de-la-basura-anuncian\/","og_site_name":"Fuentes Fidedignas","article_publisher":"https:\/\/www.facebook.com\/Fuentes-Fidedignas-368234489921644","article_published_time":"2021-11-23T22:24:28+00:00","og_image":[{"width":678,"height":550,"url":"https:\/\/fuentesfidedignas.com.mx\/wp-content\/uploads\/2021\/11\/GVL.jpg","type":"image\/jpeg"}],"author":"Redacci\u00f3n","twitter_card":"summary_large_image","twitter_creator":"@fidedignas","twitter_site":"@fidedignas","twitter_misc":{"Escrito por":"Redacci\u00f3n","Tiempo de lectura":"3 minutos"},"schema":{"@context":"https:\/\/schema.org","@graph":[{"@type":"Article","@id":"https:\/\/fuentesfidedignas.com.mx\/index.php\/2021\/11\/23\/ayuntamiento-de-ahome-se-hara-cargo-de-la-recoleccion-de-la-basura-anuncian\/#article","isPartOf":{"@id":"https:\/\/fuentesfidedignas.com.mx\/index.php\/2021\/11\/23\/ayuntamiento-de-ahome-se-hara-cargo-de-la-recoleccion-de-la-basura-anuncian\/"},"author":{"name":"Redacci\u00f3n","@id":"https:\/\/fuentesfidedignas.com.mx\/#\/schema\/person\/331be9283d37198e2acd5750279085b0"},"headline":"Ayuntamiento de Ahome se har\u00e1 cargo de la recolecci\u00f3n de la basura, anuncian","datePublished":"2021-11-23T22:24:28+00:00","mainEntityOfPage":{"@id":"https:\/\/fuentesfidedignas.com.mx\/index.php\/2021\/11\/23\/ayuntamiento-de-ahome-se-hara-cargo-de-la-recoleccion-de-la-basura-anuncian\/"},"wordCount":606,"commentCount":0,"publisher":{"@id":"https:\/\/fuentesfidedignas.com.mx\/#organization"},"image":{"@id":"https:\/\/fuentesfidedignas.com.mx\/index.php\/2021\/11\/23\/ayuntamiento-de-ahome-se-hara-cargo-de-la-recoleccion-de-la-basura-anuncian\/#primaryimage"},"thumbnailUrl":"https:\/\/fuentesfidedignas.com.mx\/wp-content\/uploads\/2021\/11\/GVL.jpg","keywords":["Ahome","Ayuntamiento de Ahome","Gerardo Vargas Landeros"],"articleSection":["NOTICIAS LOCALES"],"inLanguage":"es","potentialAction":[{"@type":"CommentAction","name":"Comment","target":["https:\/\/fuentesfidedignas.com.mx\/index.php\/2021\/11\/23\/ayuntamiento-de-ahome-se-hara-cargo-de-la-recoleccion-de-la-basura-anuncian\/#respond"]}]},{"@type":"WebPage","@id":"https:\/\/fuentesfidedignas.com.mx\/index.php\/2021\/11\/23\/ayuntamiento-de-ahome-se-hara-cargo-de-la-recoleccion-de-la-basura-anuncian\/","url":"https:\/\/fuentesfidedignas.com.mx\/index.php\/2021\/11\/23\/ayuntamiento-de-ahome-se-hara-cargo-de-la-recoleccion-de-la-basura-anuncian\/","name":"Ayuntamiento de Ahome se har\u00e1 cargo de la recolecci\u00f3n de la basura, anuncian - Fuentes Fidedignas","isPartOf":{"@id":"https:\/\/fuentesfidedignas.com.mx\/#website"},"primaryImageOfPage":{"@id":"https:\/\/fuentesfidedignas.com.mx\/index.php\/2021\/11\/23\/ayuntamiento-de-ahome-se-hara-cargo-de-la-recoleccion-de-la-basura-anuncian\/#primaryimage"},"image":{"@id":"https:\/\/fuentesfidedignas.com.mx\/index.php\/2021\/11\/23\/ayuntamiento-de-ahome-se-hara-cargo-de-la-recoleccion-de-la-basura-anuncian\/#primaryimage"},"thumbnailUrl":"https:\/\/fuentesfidedignas.com.mx\/wp-content\/uploads\/2021\/11\/GVL.jpg","datePublished":"2021-11-23T22:24:28+00:00","breadcrumb":{"@id":"https:\/\/fuentesfidedignas.com.mx\/index.php\/2021\/11\/23\/ayuntamiento-de-ahome-se-hara-cargo-de-la-recoleccion-de-la-basura-anuncian\/#breadcrumb"},"inLanguage":"es","potentialAction":[{"@type":"ReadAction","target":["https:\/\/fuentesfidedignas.com.mx\/index.php\/2021\/11\/23\/ayuntamiento-de-ahome-se-hara-cargo-de-la-recoleccion-de-la-basura-anuncian\/"]}]},{"@type":"ImageObject","inLanguage":"es","@id":"https:\/\/fuentesfidedignas.com.mx\/index.php\/2021\/11\/23\/ayuntamiento-de-ahome-se-hara-cargo-de-la-recoleccion-de-la-basura-anuncian\/#primaryimage","url":"https:\/\/fuentesfidedignas.com.mx\/wp-content\/uploads\/2021\/11\/GVL.jpg","contentUrl":"https:\/\/fuentesfidedignas.com.mx\/wp-content\/uploads\/2021\/11\/GVL.jpg","width":678,"height":550},{"@type":"BreadcrumbList","@id":"https:\/\/fuentesfidedignas.com.mx\/index.php\/2021\/11\/23\/ayuntamiento-de-ahome-se-hara-cargo-de-la-recoleccion-de-la-basura-anuncian\/#breadcrumb","itemListElement":[{"@type":"ListItem","position":1,"name":"Inicio","item":"https:\/\/fuentesfidedignas.com.mx\/"},{"@type":"ListItem","position":2,"name":"Ayuntamiento de Ahome se har\u00e1 cargo de la recolecci\u00f3n de la basura, anuncian"}]},{"@type":"WebSite","@id":"https:\/\/fuentesfidedignas.com.mx\/#website","url":"https:\/\/fuentesfidedignas.com.mx\/","name":"Fuentes Fidedignas","description":"Otro sitio realizado con WordPress","publisher":{"@id":"https:\/\/fuentesfidedignas.com.mx\/#organization"},"potentialAction":[{"@type":"SearchAction","target":{"@type":"EntryPoint","urlTemplate":"https:\/\/fuentesfidedignas.com.mx\/?s={search_term_string}"},"query-input":{"@type":"PropertyValueSpecification","valueRequired":true,"valueName":"search_term_string"}}],"inLanguage":"es"},{"@type":"Organization","@id":"https:\/\/fuentesfidedignas.com.mx\/#organization","name":"Fuentes Fidedignas","url":"https:\/\/fuentesfidedignas.com.mx\/","logo":{"@type":"ImageObject","inLanguage":"es","@id":"https:\/\/fuentesfidedignas.com.mx\/#\/schema\/logo\/image\/","url":"https:\/\/fuentesfidedignas.com.mx\/wp-content\/uploads\/2021\/04\/logo-retina.png","contentUrl":"https:\/\/fuentesfidedignas.com.mx\/wp-content\/uploads\/2021\/04\/logo-retina.png","width":280,"height":51,"caption":"Fuentes Fidedignas"},"image":{"@id":"https:\/\/fuentesfidedignas.com.mx\/#\/schema\/logo\/image\/"},"sameAs":["https:\/\/www.facebook.com\/Fuentes-Fidedignas-368234489921644","https:\/\/x.com\/fidedignas"]},{"@type":"Person","@id":"https:\/\/fuentesfidedignas.com.mx\/#\/schema\/person\/331be9283d37198e2acd5750279085b0","name":"Redacci\u00f3n","image":{"@type":"ImageObject","inLanguage":"es","@id":"https:\/\/secure.gravatar.com\/avatar\/f6d8782c11d12b2d4ad3fbb6931aeab5309937a4d6cd2fc9cfaa28a6396a5aec?s=96&d=mm&r=g","url":"https:\/\/secure.gravatar.com\/avatar\/f6d8782c11d12b2d4ad3fbb6931aeab5309937a4d6cd2fc9cfaa28a6396a5aec?s=96&d=mm&r=g","contentUrl":"https:\/\/secure.gravatar.com\/avatar\/f6d8782c11d12b2d4ad3fbb6931aeab5309937a4d6cd2fc9cfaa28a6396a5aec?s=96&d=mm&r=g","caption":"Redacci\u00f3n"},"url":"https:\/\/fuentesfidedignas.com.mx\/index.php\/author\/redaccion\/"}]}},"_links":{"self":[{"href":"https:\/\/fuentesfidedignas.com.mx\/index.php\/wp-json\/wp\/v2\/posts\/18135","targetHints":{"allow":["GET"]}}],"collection":[{"href":"https:\/\/fuentesfidedignas.com.mx\/index.php\/wp-json\/wp\/v2\/posts"}],"about":[{"href":"https:\/\/fuentesfidedignas.com.mx\/index.php\/wp-json\/wp\/v2\/types\/post"}],"author":[{"embeddable":true,"href":"https:\/\/fuentesfidedignas.com.mx\/index.php\/wp-json\/wp\/v2\/users\/4"}],"replies":[{"embeddable":true,"href":"https:\/\/fuentesfidedignas.com.mx\/index.php\/wp-json\/wp\/v2\/comments?post=18135"}],"version-history":[{"count":1,"href":"https:\/\/fuentesfidedignas.com.mx\/index.php\/wp-json\/wp\/v2\/posts\/18135\/revisions"}],"predecessor-version":[{"id":18137,"href":"https:\/\/fuentesfidedignas.com.mx\/index.php\/wp-json\/wp\/v2\/posts\/18135\/revisions\/18137"}],"wp:featuredmedia":[{"embeddable":true,"href":"https:\/\/fuentesfidedignas.com.mx\/index.php\/wp-json\/wp\/v2\/media\/18136"}],"wp:attachment":[{"href":"https:\/\/fuentesfidedignas.com.mx\/index.php\/wp-json\/wp\/v2\/media?parent=18135"}],"wp:term":[{"taxonomy":"category","embeddable":true,"href":"https:\/\/fuentesfidedignas.com.mx\/index.php\/wp-json\/wp\/v2\/categories?post=18135"},{"taxonomy":"post_tag","embeddable":true,"href":"https:\/\/fuentesfidedignas.com.mx\/index.php\/wp-json\/wp\/v2\/tags?post=18135"}],"curies":[{"name":"wp","href":"https:\/\/api.w.org\/{rel}","templated":true}]}}