{"id":17981,"date":"2021-11-21T11:30:39","date_gmt":"2021-11-21T18:30:39","guid":{"rendered":"https:\/\/fuentesfidedignas.com.mx\/?p=17981"},"modified":"2021-11-21T11:30:40","modified_gmt":"2021-11-21T18:30:40","slug":"jorge-alcocer-reconocio-que-hay-pequenos-indicios-de-una-cuarta-ola","status":"publish","type":"post","link":"https:\/\/fuentesfidedignas.com.mx\/index.php\/2021\/11\/21\/jorge-alcocer-reconocio-que-hay-pequenos-indicios-de-una-cuarta-ola\/","title":{"rendered":"Jorge Alcocer reconoci\u00f3 que hay \u201cpeque\u00f1os indicios de una cuarta ola\u201d"},"content":{"rendered":"\n<p><strong><em>De acuerdo con los datos de la Secretar\u00eda de Salud, la semana epidemiol\u00f3gica n\u00famero 44 cerr\u00f3 con una disminuci\u00f3n de solo 3% en casos estimados de COVID-19<\/em><\/strong><\/p>\n\n\n\n<p>Ciudad de M\u00e9xico.- El secretario de Salud,\u00a0Jorge Alcocer, reconoci\u00f3 que hay indicios de una\u00a0cuarta ola de coronavirus en M\u00e9xico. Durante el Congreso Internacional de Salud Mental y Prevenci\u00f3n de Adicciones en la Construcci\u00f3n de la Paz, el funcionario dijo que\u00a0no quer\u00eda que su declaraci\u00f3n trascendiera a medios de comunicaci\u00f3n, pues se\u00f1al\u00f3 que muchas veces estos se convierten en \u201cdistorsionadores de la verdad\u201d.<\/p>\n\n\n\n<p>\u201cMe quit\u00e9 el cubrebocas para poder hablar y como cierta sana distancia existe, porque\u00a0hoy se nos presentan peque\u00f1os indicios de una curta ola.\u00a0No quiero que esto pase a la prensa, esos distorsionadores de la verdad\u201d, manifest\u00f3.<\/p>\n\n\n\n<p>De acuerdo con los datos de la dependencia sanitaria, la semana epidemiol\u00f3gica n\u00famero 44 cerr\u00f3 con una\u00a0disminuci\u00f3n de solo 3%\u00a0en casos estimados de coronavirus. Lo anterior salta a la vista debido a que se hab\u00edan presentado decrementos m\u00e1s pronunciados, lo que podr\u00eda significar un ligero repunte de la transmisi\u00f3n del virus SARS-CoV-2.<\/p>\n\n\n\n<p>Desde que comenz\u00f3 la epidemia en M\u00e9xico, se han confirmado\u00a03,862,137 contagios de coronavirus.\u00a0En cuanto al n\u00famero de fallecimientos, hasta el d\u00eda de hoy se report\u00f3 un total de\u00a0292,372 defunciones. Con estos n\u00fameros, en las \u00faltimas 24 horas se registraron\u00a03,306 nuevos contagios\u00a0y 227 muertes por COVID-19.<img decoding=\"async\" height=\"2421\" width=\"3785\" srcset=\"https:\/\/www.infobae.com\/new-resizer\/l1ezYJDT0xRGEelbiCMTdALjI9I=\/420x280\/filters:format(jpg):quality(85)\/cloudfront-us-east-1.images.arcpublishing.com\/infobae\/RS44R6DYQZE3DAF3L62SR5TPKY.jpg 420w,https:\/\/www.infobae.com\/new-resizer\/9kvgUVJJXp4Y9Z8EGiMMI0KoHjM=\/768x512\/filters:format(jpg):quality(85)\/cloudfront-us-east-1.images.arcpublishing.com\/infobae\/RS44R6DYQZE3DAF3L62SR5TPKY.jpg 768w,https:\/\/www.infobae.com\/new-resizer\/bzrLFOG7X7bZWz6sAbmh6f5dp3s=\/992x661\/filters:format(jpg):quality(85)\/cloudfront-us-east-1.images.arcpublishing.com\/infobae\/RS44R6DYQZE3DAF3L62SR5TPKY.jpg 992w,https:\/\/www.infobae.com\/new-resizer\/s0Hs2bFCIPkGUkwiBbuYVjTMKEs=\/1200x800\/filters:format(jpg):quality(85)\/cloudfront-us-east-1.images.arcpublishing.com\/infobae\/RS44R6DYQZE3DAF3L62SR5TPKY.jpg 1200w,https:\/\/www.infobae.com\/new-resizer\/y0e7u3WuVxWhoksdbeWdT0ZfLOQ=\/1440x960\/filters:format(jpg):quality(85)\/cloudfront-us-east-1.images.arcpublishing.com\/infobae\/RS44R6DYQZE3DAF3L62SR5TPKY.jpg 1440w\" alt=\"De acuerdo con los datos de la dependencia sanitaria, la semana epidemiol\u00f3gica n\u00famero 44 cerr\u00f3 con una disminuci\u00f3n de solo 3% en casos estimados de coronavirus (Foto: EFE \/ Joebeth Terriquez)\n\" src=\"https:\/\/www.infobae.com\/new-resizer\/l1ezYJDT0xRGEelbiCMTdALjI9I=\/420x280\/filters:format(jpg):quality(85)\/cloudfront-us-east-1.images.arcpublishing.com\/infobae\/RS44R6DYQZE3DAF3L62SR5TPKY.jpg%20420w\"><em>De acuerdo con los datos de la dependencia sanitaria, la semana epidemiol\u00f3gica n\u00famero 44 cerr\u00f3 con una disminuci\u00f3n de solo 3% en casos estimados de coronavirus (Foto: EFE \/ Joebeth Terriquez)<\/em><\/p>\n\n\n\n<p>Adem\u00e1s, se contabilizaron 555,991 casos sospechosos, 7,281,257 negativos y un total de\u00a021,189 casos activos estimados de la enfermedad; es decir, los enfermos que comenzaron a presentar s\u00edntomas en los \u00faltimos 14 d\u00edas (07 de octubre al 20 de noviembre del 2021). De acuerdo con el comunicado t\u00e9cnico diario, las entidades con\u00a0mayor n\u00famero de casos activos\u00a0de SARS-CoV-2 son:\u00a0Baja California, Baja California Sur, Sonora, Coahuila, Ciudad de M\u00e9xico, Guanajuato, Chihuahua, Quer\u00e9taro, Aguascalientes y San Luis Potos\u00ed.<\/p>\n\n\n\n<p>Asimismo, la SSa ha registrado el total de contagios acumulados por entidad residencia desde que inici\u00f3 la pandemia, en este rubro, los estados con mayor n\u00famero de casos reportados son:\u00a0Ciudad de M\u00e9xico\u00a0(980,197);\u00a0Estado de M\u00e9xico\u00a0(377,543);\u00a0Nuevo Le\u00f3n\u00a0(206,152);\u00a0Guanajuato\u00a0(194,154); Jalisco (162,714); Tabasco (143,380); Puebla (124,780); Veracruz (123,552); Sonora (115,523) y San Luis Potos\u00ed (104,648). Estas entidades representan el\u00a066%, m\u00e1s de dos tercios, del total de casos acumulados en la Rep\u00fablica Mexicana.<\/p>\n\n\n\n<p>Mientras que los\u00a0estados con mayor n\u00famero de fallecidos son: Ciudad de M\u00e9xico (52,439); Estado de M\u00e9xico (32,595); Jalisco (17,323); Puebla (15,492); Veracruz (14,451) y Nuevo Le\u00f3n (13,295).<img decoding=\"async\" height=\"3062\" width=\"4556\" srcset=\"https:\/\/www.infobae.com\/new-resizer\/EWZcjfNhDfPcnk6dlW459JEnRFw=\/420x280\/filters:format(jpg):quality(85)\/cloudfront-us-east-1.images.arcpublishing.com\/infobae\/CZ4HT4DMQJFVRHAEQR7BRNMKPM.jpg 420w,https:\/\/www.infobae.com\/new-resizer\/1RPbGB6GGGbq5m9sGEdHjxESBxE=\/768x512\/filters:format(jpg):quality(85)\/cloudfront-us-east-1.images.arcpublishing.com\/infobae\/CZ4HT4DMQJFVRHAEQR7BRNMKPM.jpg 768w,https:\/\/www.infobae.com\/new-resizer\/gtG3N47vFhOI7IcZluxwtfiMA80=\/992x661\/filters:format(jpg):quality(85)\/cloudfront-us-east-1.images.arcpublishing.com\/infobae\/CZ4HT4DMQJFVRHAEQR7BRNMKPM.jpg 992w,https:\/\/www.infobae.com\/new-resizer\/7l5y4TertyXwtXSEAG0yoYTUhlc=\/1200x800\/filters:format(jpg):quality(85)\/cloudfront-us-east-1.images.arcpublishing.com\/infobae\/CZ4HT4DMQJFVRHAEQR7BRNMKPM.jpg 1200w,https:\/\/www.infobae.com\/new-resizer\/bpU8m-PtExD82wVwcDPjAaVoWRo=\/1440x960\/filters:format(jpg):quality(85)\/cloudfront-us-east-1.images.arcpublishing.com\/infobae\/CZ4HT4DMQJFVRHAEQR7BRNMKPM.jpg 1440w\" alt=\"La vacunaci\u00f3n contra COVID-19 en M\u00e9xico contin\u00faa avanzando (Foto: Alfredo Estrella \/ AFP)\" src=\"https:\/\/www.infobae.com\/new-resizer\/EWZcjfNhDfPcnk6dlW459JEnRFw=\/420x280\/filters:format(jpg):quality(85)\/cloudfront-us-east-1.images.arcpublishing.com\/infobae\/CZ4HT4DMQJFVRHAEQR7BRNMKPM.jpg%20420w\"><em>La vacunaci\u00f3n contra COVID-19 en M\u00e9xico contin\u00faa avanzando (Foto: Alfredo Estrella \/ AFP)<\/em><\/p>\n\n\n\n<p>En tanto, la dependencia indic\u00f3 que la distribuci\u00f3n por sexo en las defunciones confirmadas muestran un\u00a0predomino del 62% en hombres, con un promedio de edad en los decesos de 64 a\u00f1os; por parte de las\u00a0mujeres, ellas predominan los\u00a0casos confirmados de contagios, con un 50.2% y el promedio de edad general es de 39 a\u00f1os.<\/p>\n\n\n\n<p><strong>Avance en la Jornada Nacional de Vacunaci\u00f3n<\/strong><\/p>\n\n\n\n<p>Sobre la Jornada Nacional de Vacunaci\u00f3n contra el COVID-19, la Secretar\u00eda de Salud inform\u00f3 que\u00a0se han aplicado 272,914 dosis hasta el 20 de noviembre.<\/p>\n\n\n\n<p>De ese total,\u00a064,131,916 personas cuentan con el esquema completo, es decir, el 85%, mientras que 11,653,138 (15%) tienen al menos una dosis. Adem\u00e1s, la dependencia detall\u00f3 que 75,785,054 personas han sido vacunadas.<\/p>\n\n\n\n<p>Respecto a la cobertura, la dependencia indic\u00f3 que la\u00a0Ciudad de M\u00e9xico tiene el 99% de su poblaci\u00f3n mayor de 18 a\u00f1os vacunada, le sigue Quintana Roo con 97% y Quer\u00e9taro con 95%.<\/p>\n\n\n\n<p>Finalmente, detall\u00f3 que\u00a0el pa\u00eds ha recibido un total de 167,962,255 vacunas desde el pasado 23 de diciembre del 2020, de ellas, 70,334,200 corresponden a Astra Zeneca, 38,964,705 a Pfizer BioNtech y 20 millones a SinoVac.<\/p>\n","protected":false},"excerpt":{"rendered":"<p>De acuerdo con los datos de la Secretar\u00eda de Salud, la semana epidemiol\u00f3gica n\u00famero 44 cerr\u00f3 con una disminuci\u00f3n de solo 3% en casos estimados de COVID-19 Ciudad de M\u00e9xico.- El secretario de Salud,\u00a0Jorge Alcocer, reconoci\u00f3 que hay indicios de una\u00a0cuarta ola de coronavirus en M\u00e9xico. Durante el Congreso Internacional de Salud Mental y Prevenci\u00f3n [&hellip;]<\/p>\n","protected":false},"author":41,"featured_media":17982,"comment_status":"open","ping_status":"open","sticky":false,"template":"","format":"standard","meta":{"tdm_status":"","tdm_grid_status":"","footnotes":""},"categories":[37],"tags":[332,59,416],"class_list":{"0":"post-17981","1":"post","2":"type-post","3":"status-publish","4":"format-standard","5":"has-post-thumbnail","7":"category-nota-principal","8":"tag-coronavirus","9":"tag-covid-19","10":"tag-sars-cov-2"},"yoast_head":"<!-- This site is optimized with the Yoast SEO plugin v27.5 - https:\/\/yoast.com\/product\/yoast-seo-wordpress\/ -->\n<title>Jorge Alcocer reconoci\u00f3 que hay \u201cpeque\u00f1os indicios de una cuarta ola\u201d - Fuentes Fidedignas<\/title>\n<meta name=\"robots\" content=\"index, follow, max-snippet:-1, max-image-preview:large, max-video-preview:-1\" \/>\n<link rel=\"canonical\" href=\"https:\/\/fuentesfidedignas.com.mx\/index.php\/2021\/11\/21\/jorge-alcocer-reconocio-que-hay-pequenos-indicios-de-una-cuarta-ola\/\" \/>\n<meta property=\"og:locale\" content=\"es_MX\" \/>\n<meta property=\"og:type\" content=\"article\" \/>\n<meta property=\"og:title\" content=\"Jorge Alcocer reconoci\u00f3 que hay \u201cpeque\u00f1os indicios de una cuarta ola\u201d - Fuentes Fidedignas\" \/>\n<meta property=\"og:description\" content=\"De acuerdo con los datos de la Secretar\u00eda de Salud, la semana epidemiol\u00f3gica n\u00famero 44 cerr\u00f3 con una disminuci\u00f3n de solo 3% en casos estimados de COVID-19 Ciudad de M\u00e9xico.- El secretario de Salud,\u00a0Jorge Alcocer, reconoci\u00f3 que hay indicios de una\u00a0cuarta ola de coronavirus en M\u00e9xico. Durante el Congreso Internacional de Salud Mental y Prevenci\u00f3n [&hellip;]\" \/>\n<meta property=\"og:url\" content=\"https:\/\/fuentesfidedignas.com.mx\/index.php\/2021\/11\/21\/jorge-alcocer-reconocio-que-hay-pequenos-indicios-de-una-cuarta-ola\/\" \/>\n<meta property=\"og:site_name\" content=\"Fuentes Fidedignas\" \/>\n<meta property=\"article:publisher\" content=\"https:\/\/www.facebook.com\/Fuentes-Fidedignas-368234489921644\" \/>\n<meta property=\"article:published_time\" content=\"2021-11-21T18:30:39+00:00\" \/>\n<meta property=\"article:modified_time\" content=\"2021-11-21T18:30:40+00:00\" \/>\n<meta property=\"og:image\" content=\"https:\/\/fuentesfidedignas.com.mx\/wp-content\/uploads\/2021\/11\/PERSONAS_COVID.jpg\" \/>\n\t<meta property=\"og:image:width\" content=\"992\" \/>\n\t<meta property=\"og:image:height\" content=\"661\" \/>\n\t<meta property=\"og:image:type\" content=\"image\/jpeg\" \/>\n<meta name=\"author\" content=\"Infobae\" \/>\n<meta name=\"twitter:card\" content=\"summary_large_image\" \/>\n<meta name=\"twitter:creator\" content=\"@fidedignas\" \/>\n<meta name=\"twitter:site\" content=\"@fidedignas\" \/>\n<meta name=\"twitter:label1\" content=\"Escrito por\" \/>\n\t<meta name=\"twitter:data1\" content=\"Infobae\" \/>\n\t<meta name=\"twitter:label2\" content=\"Tiempo de lectura\" \/>\n\t<meta name=\"twitter:data2\" content=\"4 minutos\" \/>\n<script type=\"application\/ld+json\" class=\"yoast-schema-graph\">{\"@context\":\"https:\\\/\\\/schema.org\",\"@graph\":[{\"@type\":\"Article\",\"@id\":\"https:\\\/\\\/fuentesfidedignas.com.mx\\\/index.php\\\/2021\\\/11\\\/21\\\/jorge-alcocer-reconocio-que-hay-pequenos-indicios-de-una-cuarta-ola\\\/#article\",\"isPartOf\":{\"@id\":\"https:\\\/\\\/fuentesfidedignas.com.mx\\\/index.php\\\/2021\\\/11\\\/21\\\/jorge-alcocer-reconocio-que-hay-pequenos-indicios-de-una-cuarta-ola\\\/\"},\"author\":{\"name\":\"Infobae\",\"@id\":\"https:\\\/\\\/fuentesfidedignas.com.mx\\\/#\\\/schema\\\/person\\\/8575896a7c1067d352f6c1cd6582c389\"},\"headline\":\"Jorge Alcocer reconoci\u00f3 que hay \u201cpeque\u00f1os indicios de una cuarta ola\u201d\",\"datePublished\":\"2021-11-21T18:30:39+00:00\",\"dateModified\":\"2021-11-21T18:30:40+00:00\",\"mainEntityOfPage\":{\"@id\":\"https:\\\/\\\/fuentesfidedignas.com.mx\\\/index.php\\\/2021\\\/11\\\/21\\\/jorge-alcocer-reconocio-que-hay-pequenos-indicios-de-una-cuarta-ola\\\/\"},\"wordCount\":665,\"commentCount\":0,\"publisher\":{\"@id\":\"https:\\\/\\\/fuentesfidedignas.com.mx\\\/#organization\"},\"image\":{\"@id\":\"https:\\\/\\\/fuentesfidedignas.com.mx\\\/index.php\\\/2021\\\/11\\\/21\\\/jorge-alcocer-reconocio-que-hay-pequenos-indicios-de-una-cuarta-ola\\\/#primaryimage\"},\"thumbnailUrl\":\"https:\\\/\\\/fuentesfidedignas.com.mx\\\/wp-content\\\/uploads\\\/2021\\\/11\\\/PERSONAS_COVID.jpg\",\"keywords\":[\"Coronavirus\",\"Covid-19\",\"SARS-CoV-2\"],\"articleSection\":[\"NOTA PRINCIPAL\"],\"inLanguage\":\"es\",\"potentialAction\":[{\"@type\":\"CommentAction\",\"name\":\"Comment\",\"target\":[\"https:\\\/\\\/fuentesfidedignas.com.mx\\\/index.php\\\/2021\\\/11\\\/21\\\/jorge-alcocer-reconocio-que-hay-pequenos-indicios-de-una-cuarta-ola\\\/#respond\"]}]},{\"@type\":\"WebPage\",\"@id\":\"https:\\\/\\\/fuentesfidedignas.com.mx\\\/index.php\\\/2021\\\/11\\\/21\\\/jorge-alcocer-reconocio-que-hay-pequenos-indicios-de-una-cuarta-ola\\\/\",\"url\":\"https:\\\/\\\/fuentesfidedignas.com.mx\\\/index.php\\\/2021\\\/11\\\/21\\\/jorge-alcocer-reconocio-que-hay-pequenos-indicios-de-una-cuarta-ola\\\/\",\"name\":\"Jorge Alcocer reconoci\u00f3 que hay \u201cpeque\u00f1os indicios de una cuarta ola\u201d - Fuentes Fidedignas\",\"isPartOf\":{\"@id\":\"https:\\\/\\\/fuentesfidedignas.com.mx\\\/#website\"},\"primaryImageOfPage\":{\"@id\":\"https:\\\/\\\/fuentesfidedignas.com.mx\\\/index.php\\\/2021\\\/11\\\/21\\\/jorge-alcocer-reconocio-que-hay-pequenos-indicios-de-una-cuarta-ola\\\/#primaryimage\"},\"image\":{\"@id\":\"https:\\\/\\\/fuentesfidedignas.com.mx\\\/index.php\\\/2021\\\/11\\\/21\\\/jorge-alcocer-reconocio-que-hay-pequenos-indicios-de-una-cuarta-ola\\\/#primaryimage\"},\"thumbnailUrl\":\"https:\\\/\\\/fuentesfidedignas.com.mx\\\/wp-content\\\/uploads\\\/2021\\\/11\\\/PERSONAS_COVID.jpg\",\"datePublished\":\"2021-11-21T18:30:39+00:00\",\"dateModified\":\"2021-11-21T18:30:40+00:00\",\"breadcrumb\":{\"@id\":\"https:\\\/\\\/fuentesfidedignas.com.mx\\\/index.php\\\/2021\\\/11\\\/21\\\/jorge-alcocer-reconocio-que-hay-pequenos-indicios-de-una-cuarta-ola\\\/#breadcrumb\"},\"inLanguage\":\"es\",\"potentialAction\":[{\"@type\":\"ReadAction\",\"target\":[\"https:\\\/\\\/fuentesfidedignas.com.mx\\\/index.php\\\/2021\\\/11\\\/21\\\/jorge-alcocer-reconocio-que-hay-pequenos-indicios-de-una-cuarta-ola\\\/\"]}]},{\"@type\":\"ImageObject\",\"inLanguage\":\"es\",\"@id\":\"https:\\\/\\\/fuentesfidedignas.com.mx\\\/index.php\\\/2021\\\/11\\\/21\\\/jorge-alcocer-reconocio-que-hay-pequenos-indicios-de-una-cuarta-ola\\\/#primaryimage\",\"url\":\"https:\\\/\\\/fuentesfidedignas.com.mx\\\/wp-content\\\/uploads\\\/2021\\\/11\\\/PERSONAS_COVID.jpg\",\"contentUrl\":\"https:\\\/\\\/fuentesfidedignas.com.mx\\\/wp-content\\\/uploads\\\/2021\\\/11\\\/PERSONAS_COVID.jpg\",\"width\":992,\"height\":661},{\"@type\":\"BreadcrumbList\",\"@id\":\"https:\\\/\\\/fuentesfidedignas.com.mx\\\/index.php\\\/2021\\\/11\\\/21\\\/jorge-alcocer-reconocio-que-hay-pequenos-indicios-de-una-cuarta-ola\\\/#breadcrumb\",\"itemListElement\":[{\"@type\":\"ListItem\",\"position\":1,\"name\":\"Inicio\",\"item\":\"https:\\\/\\\/fuentesfidedignas.com.mx\\\/\"},{\"@type\":\"ListItem\",\"position\":2,\"name\":\"Jorge Alcocer reconoci\u00f3 que hay \u201cpeque\u00f1os indicios de una cuarta ola\u201d\"}]},{\"@type\":\"WebSite\",\"@id\":\"https:\\\/\\\/fuentesfidedignas.com.mx\\\/#website\",\"url\":\"https:\\\/\\\/fuentesfidedignas.com.mx\\\/\",\"name\":\"Fuentes Fidedignas\",\"description\":\"Otro sitio realizado con WordPress\",\"publisher\":{\"@id\":\"https:\\\/\\\/fuentesfidedignas.com.mx\\\/#organization\"},\"potentialAction\":[{\"@type\":\"SearchAction\",\"target\":{\"@type\":\"EntryPoint\",\"urlTemplate\":\"https:\\\/\\\/fuentesfidedignas.com.mx\\\/?s={search_term_string}\"},\"query-input\":{\"@type\":\"PropertyValueSpecification\",\"valueRequired\":true,\"valueName\":\"search_term_string\"}}],\"inLanguage\":\"es\"},{\"@type\":\"Organization\",\"@id\":\"https:\\\/\\\/fuentesfidedignas.com.mx\\\/#organization\",\"name\":\"Fuentes Fidedignas\",\"url\":\"https:\\\/\\\/fuentesfidedignas.com.mx\\\/\",\"logo\":{\"@type\":\"ImageObject\",\"inLanguage\":\"es\",\"@id\":\"https:\\\/\\\/fuentesfidedignas.com.mx\\\/#\\\/schema\\\/logo\\\/image\\\/\",\"url\":\"https:\\\/\\\/fuentesfidedignas.com.mx\\\/wp-content\\\/uploads\\\/2021\\\/04\\\/logo-retina.png\",\"contentUrl\":\"https:\\\/\\\/fuentesfidedignas.com.mx\\\/wp-content\\\/uploads\\\/2021\\\/04\\\/logo-retina.png\",\"width\":280,\"height\":51,\"caption\":\"Fuentes Fidedignas\"},\"image\":{\"@id\":\"https:\\\/\\\/fuentesfidedignas.com.mx\\\/#\\\/schema\\\/logo\\\/image\\\/\"},\"sameAs\":[\"https:\\\/\\\/www.facebook.com\\\/Fuentes-Fidedignas-368234489921644\",\"https:\\\/\\\/x.com\\\/fidedignas\"]},{\"@type\":\"Person\",\"@id\":\"https:\\\/\\\/fuentesfidedignas.com.mx\\\/#\\\/schema\\\/person\\\/8575896a7c1067d352f6c1cd6582c389\",\"name\":\"Infobae\",\"image\":{\"@type\":\"ImageObject\",\"inLanguage\":\"es\",\"@id\":\"https:\\\/\\\/secure.gravatar.com\\\/avatar\\\/e4ec95706f8d1670343f6526fdcec45474bab17475a851434a64ca12b5acba1c?s=96&d=mm&r=g\",\"url\":\"https:\\\/\\\/secure.gravatar.com\\\/avatar\\\/e4ec95706f8d1670343f6526fdcec45474bab17475a851434a64ca12b5acba1c?s=96&d=mm&r=g\",\"contentUrl\":\"https:\\\/\\\/secure.gravatar.com\\\/avatar\\\/e4ec95706f8d1670343f6526fdcec45474bab17475a851434a64ca12b5acba1c?s=96&d=mm&r=g\",\"caption\":\"Infobae\"},\"url\":\"https:\\\/\\\/fuentesfidedignas.com.mx\\\/index.php\\\/author\\\/infobae\\\/\"}]}<\/script>\n<!-- \/ Yoast SEO plugin. -->","yoast_head_json":{"title":"Jorge Alcocer reconoci\u00f3 que hay \u201cpeque\u00f1os indicios de una cuarta ola\u201d - Fuentes Fidedignas","robots":{"index":"index","follow":"follow","max-snippet":"max-snippet:-1","max-image-preview":"max-image-preview:large","max-video-preview":"max-video-preview:-1"},"canonical":"https:\/\/fuentesfidedignas.com.mx\/index.php\/2021\/11\/21\/jorge-alcocer-reconocio-que-hay-pequenos-indicios-de-una-cuarta-ola\/","og_locale":"es_MX","og_type":"article","og_title":"Jorge Alcocer reconoci\u00f3 que hay \u201cpeque\u00f1os indicios de una cuarta ola\u201d - Fuentes Fidedignas","og_description":"De acuerdo con los datos de la Secretar\u00eda de Salud, la semana epidemiol\u00f3gica n\u00famero 44 cerr\u00f3 con una disminuci\u00f3n de solo 3% en casos estimados de COVID-19 Ciudad de M\u00e9xico.- El secretario de Salud,\u00a0Jorge Alcocer, reconoci\u00f3 que hay indicios de una\u00a0cuarta ola de coronavirus en M\u00e9xico. Durante el Congreso Internacional de Salud Mental y Prevenci\u00f3n [&hellip;]","og_url":"https:\/\/fuentesfidedignas.com.mx\/index.php\/2021\/11\/21\/jorge-alcocer-reconocio-que-hay-pequenos-indicios-de-una-cuarta-ola\/","og_site_name":"Fuentes Fidedignas","article_publisher":"https:\/\/www.facebook.com\/Fuentes-Fidedignas-368234489921644","article_published_time":"2021-11-21T18:30:39+00:00","article_modified_time":"2021-11-21T18:30:40+00:00","og_image":[{"width":992,"height":661,"url":"https:\/\/fuentesfidedignas.com.mx\/wp-content\/uploads\/2021\/11\/PERSONAS_COVID.jpg","type":"image\/jpeg"}],"author":"Infobae","twitter_card":"summary_large_image","twitter_creator":"@fidedignas","twitter_site":"@fidedignas","twitter_misc":{"Escrito por":"Infobae","Tiempo de lectura":"4 minutos"},"schema":{"@context":"https:\/\/schema.org","@graph":[{"@type":"Article","@id":"https:\/\/fuentesfidedignas.com.mx\/index.php\/2021\/11\/21\/jorge-alcocer-reconocio-que-hay-pequenos-indicios-de-una-cuarta-ola\/#article","isPartOf":{"@id":"https:\/\/fuentesfidedignas.com.mx\/index.php\/2021\/11\/21\/jorge-alcocer-reconocio-que-hay-pequenos-indicios-de-una-cuarta-ola\/"},"author":{"name":"Infobae","@id":"https:\/\/fuentesfidedignas.com.mx\/#\/schema\/person\/8575896a7c1067d352f6c1cd6582c389"},"headline":"Jorge Alcocer reconoci\u00f3 que hay \u201cpeque\u00f1os indicios de una cuarta ola\u201d","datePublished":"2021-11-21T18:30:39+00:00","dateModified":"2021-11-21T18:30:40+00:00","mainEntityOfPage":{"@id":"https:\/\/fuentesfidedignas.com.mx\/index.php\/2021\/11\/21\/jorge-alcocer-reconocio-que-hay-pequenos-indicios-de-una-cuarta-ola\/"},"wordCount":665,"commentCount":0,"publisher":{"@id":"https:\/\/fuentesfidedignas.com.mx\/#organization"},"image":{"@id":"https:\/\/fuentesfidedignas.com.mx\/index.php\/2021\/11\/21\/jorge-alcocer-reconocio-que-hay-pequenos-indicios-de-una-cuarta-ola\/#primaryimage"},"thumbnailUrl":"https:\/\/fuentesfidedignas.com.mx\/wp-content\/uploads\/2021\/11\/PERSONAS_COVID.jpg","keywords":["Coronavirus","Covid-19","SARS-CoV-2"],"articleSection":["NOTA PRINCIPAL"],"inLanguage":"es","potentialAction":[{"@type":"CommentAction","name":"Comment","target":["https:\/\/fuentesfidedignas.com.mx\/index.php\/2021\/11\/21\/jorge-alcocer-reconocio-que-hay-pequenos-indicios-de-una-cuarta-ola\/#respond"]}]},{"@type":"WebPage","@id":"https:\/\/fuentesfidedignas.com.mx\/index.php\/2021\/11\/21\/jorge-alcocer-reconocio-que-hay-pequenos-indicios-de-una-cuarta-ola\/","url":"https:\/\/fuentesfidedignas.com.mx\/index.php\/2021\/11\/21\/jorge-alcocer-reconocio-que-hay-pequenos-indicios-de-una-cuarta-ola\/","name":"Jorge Alcocer reconoci\u00f3 que hay \u201cpeque\u00f1os indicios de una cuarta ola\u201d - Fuentes Fidedignas","isPartOf":{"@id":"https:\/\/fuentesfidedignas.com.mx\/#website"},"primaryImageOfPage":{"@id":"https:\/\/fuentesfidedignas.com.mx\/index.php\/2021\/11\/21\/jorge-alcocer-reconocio-que-hay-pequenos-indicios-de-una-cuarta-ola\/#primaryimage"},"image":{"@id":"https:\/\/fuentesfidedignas.com.mx\/index.php\/2021\/11\/21\/jorge-alcocer-reconocio-que-hay-pequenos-indicios-de-una-cuarta-ola\/#primaryimage"},"thumbnailUrl":"https:\/\/fuentesfidedignas.com.mx\/wp-content\/uploads\/2021\/11\/PERSONAS_COVID.jpg","datePublished":"2021-11-21T18:30:39+00:00","dateModified":"2021-11-21T18:30:40+00:00","breadcrumb":{"@id":"https:\/\/fuentesfidedignas.com.mx\/index.php\/2021\/11\/21\/jorge-alcocer-reconocio-que-hay-pequenos-indicios-de-una-cuarta-ola\/#breadcrumb"},"inLanguage":"es","potentialAction":[{"@type":"ReadAction","target":["https:\/\/fuentesfidedignas.com.mx\/index.php\/2021\/11\/21\/jorge-alcocer-reconocio-que-hay-pequenos-indicios-de-una-cuarta-ola\/"]}]},{"@type":"ImageObject","inLanguage":"es","@id":"https:\/\/fuentesfidedignas.com.mx\/index.php\/2021\/11\/21\/jorge-alcocer-reconocio-que-hay-pequenos-indicios-de-una-cuarta-ola\/#primaryimage","url":"https:\/\/fuentesfidedignas.com.mx\/wp-content\/uploads\/2021\/11\/PERSONAS_COVID.jpg","contentUrl":"https:\/\/fuentesfidedignas.com.mx\/wp-content\/uploads\/2021\/11\/PERSONAS_COVID.jpg","width":992,"height":661},{"@type":"BreadcrumbList","@id":"https:\/\/fuentesfidedignas.com.mx\/index.php\/2021\/11\/21\/jorge-alcocer-reconocio-que-hay-pequenos-indicios-de-una-cuarta-ola\/#breadcrumb","itemListElement":[{"@type":"ListItem","position":1,"name":"Inicio","item":"https:\/\/fuentesfidedignas.com.mx\/"},{"@type":"ListItem","position":2,"name":"Jorge Alcocer reconoci\u00f3 que hay \u201cpeque\u00f1os indicios de una cuarta ola\u201d"}]},{"@type":"WebSite","@id":"https:\/\/fuentesfidedignas.com.mx\/#website","url":"https:\/\/fuentesfidedignas.com.mx\/","name":"Fuentes Fidedignas","description":"Otro sitio realizado con WordPress","publisher":{"@id":"https:\/\/fuentesfidedignas.com.mx\/#organization"},"potentialAction":[{"@type":"SearchAction","target":{"@type":"EntryPoint","urlTemplate":"https:\/\/fuentesfidedignas.com.mx\/?s={search_term_string}"},"query-input":{"@type":"PropertyValueSpecification","valueRequired":true,"valueName":"search_term_string"}}],"inLanguage":"es"},{"@type":"Organization","@id":"https:\/\/fuentesfidedignas.com.mx\/#organization","name":"Fuentes Fidedignas","url":"https:\/\/fuentesfidedignas.com.mx\/","logo":{"@type":"ImageObject","inLanguage":"es","@id":"https:\/\/fuentesfidedignas.com.mx\/#\/schema\/logo\/image\/","url":"https:\/\/fuentesfidedignas.com.mx\/wp-content\/uploads\/2021\/04\/logo-retina.png","contentUrl":"https:\/\/fuentesfidedignas.com.mx\/wp-content\/uploads\/2021\/04\/logo-retina.png","width":280,"height":51,"caption":"Fuentes Fidedignas"},"image":{"@id":"https:\/\/fuentesfidedignas.com.mx\/#\/schema\/logo\/image\/"},"sameAs":["https:\/\/www.facebook.com\/Fuentes-Fidedignas-368234489921644","https:\/\/x.com\/fidedignas"]},{"@type":"Person","@id":"https:\/\/fuentesfidedignas.com.mx\/#\/schema\/person\/8575896a7c1067d352f6c1cd6582c389","name":"Infobae","image":{"@type":"ImageObject","inLanguage":"es","@id":"https:\/\/secure.gravatar.com\/avatar\/e4ec95706f8d1670343f6526fdcec45474bab17475a851434a64ca12b5acba1c?s=96&d=mm&r=g","url":"https:\/\/secure.gravatar.com\/avatar\/e4ec95706f8d1670343f6526fdcec45474bab17475a851434a64ca12b5acba1c?s=96&d=mm&r=g","contentUrl":"https:\/\/secure.gravatar.com\/avatar\/e4ec95706f8d1670343f6526fdcec45474bab17475a851434a64ca12b5acba1c?s=96&d=mm&r=g","caption":"Infobae"},"url":"https:\/\/fuentesfidedignas.com.mx\/index.php\/author\/infobae\/"}]}},"_links":{"self":[{"href":"https:\/\/fuentesfidedignas.com.mx\/index.php\/wp-json\/wp\/v2\/posts\/17981","targetHints":{"allow":["GET"]}}],"collection":[{"href":"https:\/\/fuentesfidedignas.com.mx\/index.php\/wp-json\/wp\/v2\/posts"}],"about":[{"href":"https:\/\/fuentesfidedignas.com.mx\/index.php\/wp-json\/wp\/v2\/types\/post"}],"author":[{"embeddable":true,"href":"https:\/\/fuentesfidedignas.com.mx\/index.php\/wp-json\/wp\/v2\/users\/41"}],"replies":[{"embeddable":true,"href":"https:\/\/fuentesfidedignas.com.mx\/index.php\/wp-json\/wp\/v2\/comments?post=17981"}],"version-history":[{"count":1,"href":"https:\/\/fuentesfidedignas.com.mx\/index.php\/wp-json\/wp\/v2\/posts\/17981\/revisions"}],"predecessor-version":[{"id":17983,"href":"https:\/\/fuentesfidedignas.com.mx\/index.php\/wp-json\/wp\/v2\/posts\/17981\/revisions\/17983"}],"wp:featuredmedia":[{"embeddable":true,"href":"https:\/\/fuentesfidedignas.com.mx\/index.php\/wp-json\/wp\/v2\/media\/17982"}],"wp:attachment":[{"href":"https:\/\/fuentesfidedignas.com.mx\/index.php\/wp-json\/wp\/v2\/media?parent=17981"}],"wp:term":[{"taxonomy":"category","embeddable":true,"href":"https:\/\/fuentesfidedignas.com.mx\/index.php\/wp-json\/wp\/v2\/categories?post=17981"},{"taxonomy":"post_tag","embeddable":true,"href":"https:\/\/fuentesfidedignas.com.mx\/index.php\/wp-json\/wp\/v2\/tags?post=17981"}],"curies":[{"name":"wp","href":"https:\/\/api.w.org\/{rel}","templated":true}]}}