{"id":17939,"date":"2021-11-20T13:52:25","date_gmt":"2021-11-20T20:52:25","guid":{"rendered":"https:\/\/fuentesfidedignas.com.mx\/?p=17939"},"modified":"2021-11-20T13:53:22","modified_gmt":"2021-11-20T20:53:22","slug":"cae-banda-dedicada-al-robo-de-cuenta-habientes-en-culiacan","status":"publish","type":"post","link":"https:\/\/fuentesfidedignas.com.mx\/index.php\/2021\/11\/20\/cae-banda-dedicada-al-robo-de-cuenta-habientes-en-culiacan\/","title":{"rendered":"Cae banda dedicada al robo de cuentahabientes en Culiac\u00e1n"},"content":{"rendered":"\n<p> <strong><em>De acuerdo a informaci\u00f3n, detectaban a sus v\u00edctimas a quienes asaltaban a la salida de la instituci\u00f3n bancaria<\/em><\/strong><\/p>\n\n\n\n<p>Culiac\u00e1n, Sin.- Tres personas y un arma de fuego fueron asegurados por elementos de la Polic\u00eda Estatal Preventiva durante un operativo en Culiac\u00e1n, inform\u00f3 el Subsecretario de Seguridad P\u00fablica, Prevenci\u00f3n y Reinserci\u00f3n Social, Carlos Alberto Hern\u00e1ndez Leyva.<\/p>\n\n\n\n<p>Dijo que se trata de tres j\u00f3venes de entre 28 y 30 a\u00f1os de edad a quienes se les localiz\u00f3 un arma de fuego corta con su respectivo cargador abastecido y que, de acuerdo a informaci\u00f3n de las diferentes autoridades, pudieran pertenecer a una banda dedicada al robo de cuentahabientes a las afueras de centros bancarios en la capital del estado.<\/p>\n\n\n\n<figure class=\"wp-block-gallery columns-3 is-cropped wp-block-gallery-1 is-layout-flex wp-block-gallery-is-layout-flex\"><ul class=\"blocks-gallery-grid\"><li class=\"blocks-gallery-item\"><figure><img decoding=\"async\" width=\"737\" height=\"689\" src=\"https:\/\/fuentesfidedignas.com.mx\/wp-content\/uploads\/2021\/11\/ASEGURADOS-4.jpeg\" alt=\"\" data-id=\"17941\" data-full-url=\"https:\/\/fuentesfidedignas.com.mx\/wp-content\/uploads\/2021\/11\/ASEGURADOS-4.jpeg\" data-link=\"https:\/\/fuentesfidedignas.com.mx\/?attachment_id=17941\" class=\"wp-image-17941\" srcset=\"https:\/\/fuentesfidedignas.com.mx\/wp-content\/uploads\/2021\/11\/ASEGURADOS-4.jpeg 737w, https:\/\/fuentesfidedignas.com.mx\/wp-content\/uploads\/2021\/11\/ASEGURADOS-4-300x280.jpeg 300w\" sizes=\"(max-width: 737px) 100vw, 737px\" \/><\/figure><\/li><li class=\"blocks-gallery-item\"><figure><img decoding=\"async\" width=\"737\" height=\"689\" src=\"https:\/\/fuentesfidedignas.com.mx\/wp-content\/uploads\/2021\/11\/ASEGURADOS-2.jpeg\" alt=\"\" data-id=\"17942\" data-full-url=\"https:\/\/fuentesfidedignas.com.mx\/wp-content\/uploads\/2021\/11\/ASEGURADOS-2.jpeg\" data-link=\"https:\/\/fuentesfidedignas.com.mx\/?attachment_id=17942\" class=\"wp-image-17942\" srcset=\"https:\/\/fuentesfidedignas.com.mx\/wp-content\/uploads\/2021\/11\/ASEGURADOS-2.jpeg 737w, https:\/\/fuentesfidedignas.com.mx\/wp-content\/uploads\/2021\/11\/ASEGURADOS-2-300x280.jpeg 300w\" sizes=\"(max-width: 737px) 100vw, 737px\" \/><\/figure><\/li><li class=\"blocks-gallery-item\"><figure><img decoding=\"async\" width=\"737\" height=\"689\" src=\"https:\/\/fuentesfidedignas.com.mx\/wp-content\/uploads\/2021\/11\/ASEGURADOS-3.jpeg\" alt=\"\" data-id=\"17943\" data-full-url=\"https:\/\/fuentesfidedignas.com.mx\/wp-content\/uploads\/2021\/11\/ASEGURADOS-3.jpeg\" data-link=\"https:\/\/fuentesfidedignas.com.mx\/?attachment_id=17943\" class=\"wp-image-17943\" srcset=\"https:\/\/fuentesfidedignas.com.mx\/wp-content\/uploads\/2021\/11\/ASEGURADOS-3.jpeg 737w, https:\/\/fuentesfidedignas.com.mx\/wp-content\/uploads\/2021\/11\/ASEGURADOS-3-300x280.jpeg 300w\" sizes=\"(max-width: 737px) 100vw, 737px\" \/><\/figure><\/li><\/ul><\/figure>\n\n\n\n<p>Se\u00f1al\u00f3 que, de acuerdo al cruce de informaci\u00f3n, se detect\u00f3 que el modus operandi era ingresar a alguna instituci\u00f3n bancaria para detectar a su posible v\u00edctima y posteriormente abordarla a la salida para asaltarla con el uso de arma de fuego.<\/p>\n\n\n\n<p>Hern\u00e1ndez Leyva expres\u00f3 que los tres presuntos responsables y el arma de fuego fueron asegurados y puestos a disposici\u00f3n de las autoridades correspondientes quienes ser\u00e1n las encargadas de realizar las investigaciones.<\/p>\n\n\n\n<p>Finalmente recalc\u00f3 la importancia de que la poblaci\u00f3n acuda a interponer las denuncias correspondientes ante las autoridades en caso de haber sido v\u00edctima de estos presuntos delincuentes.<\/p>\n","protected":false},"excerpt":{"rendered":"<p>De acuerdo a informaci\u00f3n, detectaban a sus v\u00edctimas a quienes asaltaban a la salida de la instituci\u00f3n bancaria Culiac\u00e1n, Sin.- Tres personas y un arma de fuego fueron asegurados por elementos de la Polic\u00eda Estatal Preventiva durante un operativo en Culiac\u00e1n, inform\u00f3 el Subsecretario de Seguridad P\u00fablica, Prevenci\u00f3n y Reinserci\u00f3n Social, Carlos Alberto Hern\u00e1ndez Leyva. [&hellip;]<\/p>\n","protected":false},"author":4,"featured_media":17940,"comment_status":"open","ping_status":"open","sticky":false,"template":"","format":"standard","meta":{"tdm_status":"","tdm_grid_status":"","footnotes":""},"categories":[37],"tags":[],"class_list":{"0":"post-17939","1":"post","2":"type-post","3":"status-publish","4":"format-standard","5":"has-post-thumbnail","7":"category-nota-principal"},"yoast_head":"<!-- This site is optimized with the Yoast SEO plugin v27.5 - https:\/\/yoast.com\/product\/yoast-seo-wordpress\/ -->\n<title>Cae banda dedicada al robo de cuentahabientes en Culiac\u00e1n - Fuentes Fidedignas<\/title>\n<meta name=\"robots\" content=\"index, follow, max-snippet:-1, max-image-preview:large, max-video-preview:-1\" \/>\n<link rel=\"canonical\" href=\"https:\/\/fuentesfidedignas.com.mx\/index.php\/2021\/11\/20\/cae-banda-dedicada-al-robo-de-cuenta-habientes-en-culiacan\/\" \/>\n<meta property=\"og:locale\" content=\"es_MX\" \/>\n<meta property=\"og:type\" content=\"article\" \/>\n<meta property=\"og:title\" content=\"Cae banda dedicada al robo de cuentahabientes en Culiac\u00e1n - Fuentes Fidedignas\" \/>\n<meta property=\"og:description\" content=\"De acuerdo a informaci\u00f3n, detectaban a sus v\u00edctimas a quienes asaltaban a la salida de la instituci\u00f3n bancaria Culiac\u00e1n, Sin.- Tres personas y un arma de fuego fueron asegurados por elementos de la Polic\u00eda Estatal Preventiva durante un operativo en Culiac\u00e1n, inform\u00f3 el Subsecretario de Seguridad P\u00fablica, Prevenci\u00f3n y Reinserci\u00f3n Social, Carlos Alberto Hern\u00e1ndez Leyva. [&hellip;]\" \/>\n<meta property=\"og:url\" content=\"https:\/\/fuentesfidedignas.com.mx\/index.php\/2021\/11\/20\/cae-banda-dedicada-al-robo-de-cuenta-habientes-en-culiacan\/\" \/>\n<meta property=\"og:site_name\" content=\"Fuentes Fidedignas\" \/>\n<meta property=\"article:publisher\" content=\"https:\/\/www.facebook.com\/Fuentes-Fidedignas-368234489921644\" \/>\n<meta property=\"article:published_time\" content=\"2021-11-20T20:52:25+00:00\" \/>\n<meta property=\"article:modified_time\" content=\"2021-11-20T20:53:22+00:00\" \/>\n<meta property=\"og:image\" content=\"https:\/\/fuentesfidedignas.com.mx\/wp-content\/uploads\/2021\/11\/IMG_20211120_134931.jpg\" \/>\n\t<meta property=\"og:image:width\" content=\"1600\" \/>\n\t<meta property=\"og:image:height\" content=\"900\" \/>\n\t<meta property=\"og:image:type\" content=\"image\/jpeg\" \/>\n<meta name=\"author\" content=\"Redacci\u00f3n\" \/>\n<meta name=\"twitter:card\" content=\"summary_large_image\" \/>\n<meta name=\"twitter:creator\" content=\"@fidedignas\" \/>\n<meta name=\"twitter:site\" content=\"@fidedignas\" \/>\n<meta name=\"twitter:label1\" content=\"Escrito por\" \/>\n\t<meta name=\"twitter:data1\" content=\"Redacci\u00f3n\" \/>\n\t<meta name=\"twitter:label2\" content=\"Tiempo de lectura\" \/>\n\t<meta name=\"twitter:data2\" content=\"2 minutos\" \/>\n<script type=\"application\/ld+json\" class=\"yoast-schema-graph\">{\"@context\":\"https:\\\/\\\/schema.org\",\"@graph\":[{\"@type\":\"Article\",\"@id\":\"https:\\\/\\\/fuentesfidedignas.com.mx\\\/index.php\\\/2021\\\/11\\\/20\\\/cae-banda-dedicada-al-robo-de-cuenta-habientes-en-culiacan\\\/#article\",\"isPartOf\":{\"@id\":\"https:\\\/\\\/fuentesfidedignas.com.mx\\\/index.php\\\/2021\\\/11\\\/20\\\/cae-banda-dedicada-al-robo-de-cuenta-habientes-en-culiacan\\\/\"},\"author\":{\"name\":\"Redacci\u00f3n\",\"@id\":\"https:\\\/\\\/fuentesfidedignas.com.mx\\\/#\\\/schema\\\/person\\\/331be9283d37198e2acd5750279085b0\"},\"headline\":\"Cae banda dedicada al robo de cuentahabientes en Culiac\u00e1n\",\"datePublished\":\"2021-11-20T20:52:25+00:00\",\"dateModified\":\"2021-11-20T20:53:22+00:00\",\"mainEntityOfPage\":{\"@id\":\"https:\\\/\\\/fuentesfidedignas.com.mx\\\/index.php\\\/2021\\\/11\\\/20\\\/cae-banda-dedicada-al-robo-de-cuenta-habientes-en-culiacan\\\/\"},\"wordCount\":246,\"commentCount\":0,\"publisher\":{\"@id\":\"https:\\\/\\\/fuentesfidedignas.com.mx\\\/#organization\"},\"image\":{\"@id\":\"https:\\\/\\\/fuentesfidedignas.com.mx\\\/index.php\\\/2021\\\/11\\\/20\\\/cae-banda-dedicada-al-robo-de-cuenta-habientes-en-culiacan\\\/#primaryimage\"},\"thumbnailUrl\":\"https:\\\/\\\/fuentesfidedignas.com.mx\\\/wp-content\\\/uploads\\\/2021\\\/11\\\/IMG_20211120_134931.jpg\",\"articleSection\":[\"NOTA PRINCIPAL\"],\"inLanguage\":\"es\",\"potentialAction\":[{\"@type\":\"CommentAction\",\"name\":\"Comment\",\"target\":[\"https:\\\/\\\/fuentesfidedignas.com.mx\\\/index.php\\\/2021\\\/11\\\/20\\\/cae-banda-dedicada-al-robo-de-cuenta-habientes-en-culiacan\\\/#respond\"]}]},{\"@type\":\"WebPage\",\"@id\":\"https:\\\/\\\/fuentesfidedignas.com.mx\\\/index.php\\\/2021\\\/11\\\/20\\\/cae-banda-dedicada-al-robo-de-cuenta-habientes-en-culiacan\\\/\",\"url\":\"https:\\\/\\\/fuentesfidedignas.com.mx\\\/index.php\\\/2021\\\/11\\\/20\\\/cae-banda-dedicada-al-robo-de-cuenta-habientes-en-culiacan\\\/\",\"name\":\"Cae banda dedicada al robo de cuentahabientes en Culiac\u00e1n - Fuentes Fidedignas\",\"isPartOf\":{\"@id\":\"https:\\\/\\\/fuentesfidedignas.com.mx\\\/#website\"},\"primaryImageOfPage\":{\"@id\":\"https:\\\/\\\/fuentesfidedignas.com.mx\\\/index.php\\\/2021\\\/11\\\/20\\\/cae-banda-dedicada-al-robo-de-cuenta-habientes-en-culiacan\\\/#primaryimage\"},\"image\":{\"@id\":\"https:\\\/\\\/fuentesfidedignas.com.mx\\\/index.php\\\/2021\\\/11\\\/20\\\/cae-banda-dedicada-al-robo-de-cuenta-habientes-en-culiacan\\\/#primaryimage\"},\"thumbnailUrl\":\"https:\\\/\\\/fuentesfidedignas.com.mx\\\/wp-content\\\/uploads\\\/2021\\\/11\\\/IMG_20211120_134931.jpg\",\"datePublished\":\"2021-11-20T20:52:25+00:00\",\"dateModified\":\"2021-11-20T20:53:22+00:00\",\"breadcrumb\":{\"@id\":\"https:\\\/\\\/fuentesfidedignas.com.mx\\\/index.php\\\/2021\\\/11\\\/20\\\/cae-banda-dedicada-al-robo-de-cuenta-habientes-en-culiacan\\\/#breadcrumb\"},\"inLanguage\":\"es\",\"potentialAction\":[{\"@type\":\"ReadAction\",\"target\":[\"https:\\\/\\\/fuentesfidedignas.com.mx\\\/index.php\\\/2021\\\/11\\\/20\\\/cae-banda-dedicada-al-robo-de-cuenta-habientes-en-culiacan\\\/\"]}]},{\"@type\":\"ImageObject\",\"inLanguage\":\"es\",\"@id\":\"https:\\\/\\\/fuentesfidedignas.com.mx\\\/index.php\\\/2021\\\/11\\\/20\\\/cae-banda-dedicada-al-robo-de-cuenta-habientes-en-culiacan\\\/#primaryimage\",\"url\":\"https:\\\/\\\/fuentesfidedignas.com.mx\\\/wp-content\\\/uploads\\\/2021\\\/11\\\/IMG_20211120_134931.jpg\",\"contentUrl\":\"https:\\\/\\\/fuentesfidedignas.com.mx\\\/wp-content\\\/uploads\\\/2021\\\/11\\\/IMG_20211120_134931.jpg\",\"width\":1600,\"height\":900},{\"@type\":\"BreadcrumbList\",\"@id\":\"https:\\\/\\\/fuentesfidedignas.com.mx\\\/index.php\\\/2021\\\/11\\\/20\\\/cae-banda-dedicada-al-robo-de-cuenta-habientes-en-culiacan\\\/#breadcrumb\",\"itemListElement\":[{\"@type\":\"ListItem\",\"position\":1,\"name\":\"Inicio\",\"item\":\"https:\\\/\\\/fuentesfidedignas.com.mx\\\/\"},{\"@type\":\"ListItem\",\"position\":2,\"name\":\"Cae banda dedicada al robo de cuentahabientes en Culiac\u00e1n\"}]},{\"@type\":\"WebSite\",\"@id\":\"https:\\\/\\\/fuentesfidedignas.com.mx\\\/#website\",\"url\":\"https:\\\/\\\/fuentesfidedignas.com.mx\\\/\",\"name\":\"Fuentes Fidedignas\",\"description\":\"Otro sitio realizado con WordPress\",\"publisher\":{\"@id\":\"https:\\\/\\\/fuentesfidedignas.com.mx\\\/#organization\"},\"potentialAction\":[{\"@type\":\"SearchAction\",\"target\":{\"@type\":\"EntryPoint\",\"urlTemplate\":\"https:\\\/\\\/fuentesfidedignas.com.mx\\\/?s={search_term_string}\"},\"query-input\":{\"@type\":\"PropertyValueSpecification\",\"valueRequired\":true,\"valueName\":\"search_term_string\"}}],\"inLanguage\":\"es\"},{\"@type\":\"Organization\",\"@id\":\"https:\\\/\\\/fuentesfidedignas.com.mx\\\/#organization\",\"name\":\"Fuentes Fidedignas\",\"url\":\"https:\\\/\\\/fuentesfidedignas.com.mx\\\/\",\"logo\":{\"@type\":\"ImageObject\",\"inLanguage\":\"es\",\"@id\":\"https:\\\/\\\/fuentesfidedignas.com.mx\\\/#\\\/schema\\\/logo\\\/image\\\/\",\"url\":\"https:\\\/\\\/fuentesfidedignas.com.mx\\\/wp-content\\\/uploads\\\/2021\\\/04\\\/logo-retina.png\",\"contentUrl\":\"https:\\\/\\\/fuentesfidedignas.com.mx\\\/wp-content\\\/uploads\\\/2021\\\/04\\\/logo-retina.png\",\"width\":280,\"height\":51,\"caption\":\"Fuentes Fidedignas\"},\"image\":{\"@id\":\"https:\\\/\\\/fuentesfidedignas.com.mx\\\/#\\\/schema\\\/logo\\\/image\\\/\"},\"sameAs\":[\"https:\\\/\\\/www.facebook.com\\\/Fuentes-Fidedignas-368234489921644\",\"https:\\\/\\\/x.com\\\/fidedignas\"]},{\"@type\":\"Person\",\"@id\":\"https:\\\/\\\/fuentesfidedignas.com.mx\\\/#\\\/schema\\\/person\\\/331be9283d37198e2acd5750279085b0\",\"name\":\"Redacci\u00f3n\",\"image\":{\"@type\":\"ImageObject\",\"inLanguage\":\"es\",\"@id\":\"https:\\\/\\\/secure.gravatar.com\\\/avatar\\\/f6d8782c11d12b2d4ad3fbb6931aeab5309937a4d6cd2fc9cfaa28a6396a5aec?s=96&d=mm&r=g\",\"url\":\"https:\\\/\\\/secure.gravatar.com\\\/avatar\\\/f6d8782c11d12b2d4ad3fbb6931aeab5309937a4d6cd2fc9cfaa28a6396a5aec?s=96&d=mm&r=g\",\"contentUrl\":\"https:\\\/\\\/secure.gravatar.com\\\/avatar\\\/f6d8782c11d12b2d4ad3fbb6931aeab5309937a4d6cd2fc9cfaa28a6396a5aec?s=96&d=mm&r=g\",\"caption\":\"Redacci\u00f3n\"},\"url\":\"https:\\\/\\\/fuentesfidedignas.com.mx\\\/index.php\\\/author\\\/redaccion\\\/\"}]}<\/script>\n<!-- \/ Yoast SEO plugin. -->","yoast_head_json":{"title":"Cae banda dedicada al robo de cuentahabientes en Culiac\u00e1n - Fuentes Fidedignas","robots":{"index":"index","follow":"follow","max-snippet":"max-snippet:-1","max-image-preview":"max-image-preview:large","max-video-preview":"max-video-preview:-1"},"canonical":"https:\/\/fuentesfidedignas.com.mx\/index.php\/2021\/11\/20\/cae-banda-dedicada-al-robo-de-cuenta-habientes-en-culiacan\/","og_locale":"es_MX","og_type":"article","og_title":"Cae banda dedicada al robo de cuentahabientes en Culiac\u00e1n - Fuentes Fidedignas","og_description":"De acuerdo a informaci\u00f3n, detectaban a sus v\u00edctimas a quienes asaltaban a la salida de la instituci\u00f3n bancaria Culiac\u00e1n, Sin.- Tres personas y un arma de fuego fueron asegurados por elementos de la Polic\u00eda Estatal Preventiva durante un operativo en Culiac\u00e1n, inform\u00f3 el Subsecretario de Seguridad P\u00fablica, Prevenci\u00f3n y Reinserci\u00f3n Social, Carlos Alberto Hern\u00e1ndez Leyva. [&hellip;]","og_url":"https:\/\/fuentesfidedignas.com.mx\/index.php\/2021\/11\/20\/cae-banda-dedicada-al-robo-de-cuenta-habientes-en-culiacan\/","og_site_name":"Fuentes Fidedignas","article_publisher":"https:\/\/www.facebook.com\/Fuentes-Fidedignas-368234489921644","article_published_time":"2021-11-20T20:52:25+00:00","article_modified_time":"2021-11-20T20:53:22+00:00","og_image":[{"width":1600,"height":900,"url":"https:\/\/fuentesfidedignas.com.mx\/wp-content\/uploads\/2021\/11\/IMG_20211120_134931.jpg","type":"image\/jpeg"}],"author":"Redacci\u00f3n","twitter_card":"summary_large_image","twitter_creator":"@fidedignas","twitter_site":"@fidedignas","twitter_misc":{"Escrito por":"Redacci\u00f3n","Tiempo de lectura":"2 minutos"},"schema":{"@context":"https:\/\/schema.org","@graph":[{"@type":"Article","@id":"https:\/\/fuentesfidedignas.com.mx\/index.php\/2021\/11\/20\/cae-banda-dedicada-al-robo-de-cuenta-habientes-en-culiacan\/#article","isPartOf":{"@id":"https:\/\/fuentesfidedignas.com.mx\/index.php\/2021\/11\/20\/cae-banda-dedicada-al-robo-de-cuenta-habientes-en-culiacan\/"},"author":{"name":"Redacci\u00f3n","@id":"https:\/\/fuentesfidedignas.com.mx\/#\/schema\/person\/331be9283d37198e2acd5750279085b0"},"headline":"Cae banda dedicada al robo de cuentahabientes en Culiac\u00e1n","datePublished":"2021-11-20T20:52:25+00:00","dateModified":"2021-11-20T20:53:22+00:00","mainEntityOfPage":{"@id":"https:\/\/fuentesfidedignas.com.mx\/index.php\/2021\/11\/20\/cae-banda-dedicada-al-robo-de-cuenta-habientes-en-culiacan\/"},"wordCount":246,"commentCount":0,"publisher":{"@id":"https:\/\/fuentesfidedignas.com.mx\/#organization"},"image":{"@id":"https:\/\/fuentesfidedignas.com.mx\/index.php\/2021\/11\/20\/cae-banda-dedicada-al-robo-de-cuenta-habientes-en-culiacan\/#primaryimage"},"thumbnailUrl":"https:\/\/fuentesfidedignas.com.mx\/wp-content\/uploads\/2021\/11\/IMG_20211120_134931.jpg","articleSection":["NOTA PRINCIPAL"],"inLanguage":"es","potentialAction":[{"@type":"CommentAction","name":"Comment","target":["https:\/\/fuentesfidedignas.com.mx\/index.php\/2021\/11\/20\/cae-banda-dedicada-al-robo-de-cuenta-habientes-en-culiacan\/#respond"]}]},{"@type":"WebPage","@id":"https:\/\/fuentesfidedignas.com.mx\/index.php\/2021\/11\/20\/cae-banda-dedicada-al-robo-de-cuenta-habientes-en-culiacan\/","url":"https:\/\/fuentesfidedignas.com.mx\/index.php\/2021\/11\/20\/cae-banda-dedicada-al-robo-de-cuenta-habientes-en-culiacan\/","name":"Cae banda dedicada al robo de cuentahabientes en Culiac\u00e1n - Fuentes Fidedignas","isPartOf":{"@id":"https:\/\/fuentesfidedignas.com.mx\/#website"},"primaryImageOfPage":{"@id":"https:\/\/fuentesfidedignas.com.mx\/index.php\/2021\/11\/20\/cae-banda-dedicada-al-robo-de-cuenta-habientes-en-culiacan\/#primaryimage"},"image":{"@id":"https:\/\/fuentesfidedignas.com.mx\/index.php\/2021\/11\/20\/cae-banda-dedicada-al-robo-de-cuenta-habientes-en-culiacan\/#primaryimage"},"thumbnailUrl":"https:\/\/fuentesfidedignas.com.mx\/wp-content\/uploads\/2021\/11\/IMG_20211120_134931.jpg","datePublished":"2021-11-20T20:52:25+00:00","dateModified":"2021-11-20T20:53:22+00:00","breadcrumb":{"@id":"https:\/\/fuentesfidedignas.com.mx\/index.php\/2021\/11\/20\/cae-banda-dedicada-al-robo-de-cuenta-habientes-en-culiacan\/#breadcrumb"},"inLanguage":"es","potentialAction":[{"@type":"ReadAction","target":["https:\/\/fuentesfidedignas.com.mx\/index.php\/2021\/11\/20\/cae-banda-dedicada-al-robo-de-cuenta-habientes-en-culiacan\/"]}]},{"@type":"ImageObject","inLanguage":"es","@id":"https:\/\/fuentesfidedignas.com.mx\/index.php\/2021\/11\/20\/cae-banda-dedicada-al-robo-de-cuenta-habientes-en-culiacan\/#primaryimage","url":"https:\/\/fuentesfidedignas.com.mx\/wp-content\/uploads\/2021\/11\/IMG_20211120_134931.jpg","contentUrl":"https:\/\/fuentesfidedignas.com.mx\/wp-content\/uploads\/2021\/11\/IMG_20211120_134931.jpg","width":1600,"height":900},{"@type":"BreadcrumbList","@id":"https:\/\/fuentesfidedignas.com.mx\/index.php\/2021\/11\/20\/cae-banda-dedicada-al-robo-de-cuenta-habientes-en-culiacan\/#breadcrumb","itemListElement":[{"@type":"ListItem","position":1,"name":"Inicio","item":"https:\/\/fuentesfidedignas.com.mx\/"},{"@type":"ListItem","position":2,"name":"Cae banda dedicada al robo de cuentahabientes en Culiac\u00e1n"}]},{"@type":"WebSite","@id":"https:\/\/fuentesfidedignas.com.mx\/#website","url":"https:\/\/fuentesfidedignas.com.mx\/","name":"Fuentes Fidedignas","description":"Otro sitio realizado con WordPress","publisher":{"@id":"https:\/\/fuentesfidedignas.com.mx\/#organization"},"potentialAction":[{"@type":"SearchAction","target":{"@type":"EntryPoint","urlTemplate":"https:\/\/fuentesfidedignas.com.mx\/?s={search_term_string}"},"query-input":{"@type":"PropertyValueSpecification","valueRequired":true,"valueName":"search_term_string"}}],"inLanguage":"es"},{"@type":"Organization","@id":"https:\/\/fuentesfidedignas.com.mx\/#organization","name":"Fuentes Fidedignas","url":"https:\/\/fuentesfidedignas.com.mx\/","logo":{"@type":"ImageObject","inLanguage":"es","@id":"https:\/\/fuentesfidedignas.com.mx\/#\/schema\/logo\/image\/","url":"https:\/\/fuentesfidedignas.com.mx\/wp-content\/uploads\/2021\/04\/logo-retina.png","contentUrl":"https:\/\/fuentesfidedignas.com.mx\/wp-content\/uploads\/2021\/04\/logo-retina.png","width":280,"height":51,"caption":"Fuentes Fidedignas"},"image":{"@id":"https:\/\/fuentesfidedignas.com.mx\/#\/schema\/logo\/image\/"},"sameAs":["https:\/\/www.facebook.com\/Fuentes-Fidedignas-368234489921644","https:\/\/x.com\/fidedignas"]},{"@type":"Person","@id":"https:\/\/fuentesfidedignas.com.mx\/#\/schema\/person\/331be9283d37198e2acd5750279085b0","name":"Redacci\u00f3n","image":{"@type":"ImageObject","inLanguage":"es","@id":"https:\/\/secure.gravatar.com\/avatar\/f6d8782c11d12b2d4ad3fbb6931aeab5309937a4d6cd2fc9cfaa28a6396a5aec?s=96&d=mm&r=g","url":"https:\/\/secure.gravatar.com\/avatar\/f6d8782c11d12b2d4ad3fbb6931aeab5309937a4d6cd2fc9cfaa28a6396a5aec?s=96&d=mm&r=g","contentUrl":"https:\/\/secure.gravatar.com\/avatar\/f6d8782c11d12b2d4ad3fbb6931aeab5309937a4d6cd2fc9cfaa28a6396a5aec?s=96&d=mm&r=g","caption":"Redacci\u00f3n"},"url":"https:\/\/fuentesfidedignas.com.mx\/index.php\/author\/redaccion\/"}]}},"_links":{"self":[{"href":"https:\/\/fuentesfidedignas.com.mx\/index.php\/wp-json\/wp\/v2\/posts\/17939","targetHints":{"allow":["GET"]}}],"collection":[{"href":"https:\/\/fuentesfidedignas.com.mx\/index.php\/wp-json\/wp\/v2\/posts"}],"about":[{"href":"https:\/\/fuentesfidedignas.com.mx\/index.php\/wp-json\/wp\/v2\/types\/post"}],"author":[{"embeddable":true,"href":"https:\/\/fuentesfidedignas.com.mx\/index.php\/wp-json\/wp\/v2\/users\/4"}],"replies":[{"embeddable":true,"href":"https:\/\/fuentesfidedignas.com.mx\/index.php\/wp-json\/wp\/v2\/comments?post=17939"}],"version-history":[{"count":2,"href":"https:\/\/fuentesfidedignas.com.mx\/index.php\/wp-json\/wp\/v2\/posts\/17939\/revisions"}],"predecessor-version":[{"id":17945,"href":"https:\/\/fuentesfidedignas.com.mx\/index.php\/wp-json\/wp\/v2\/posts\/17939\/revisions\/17945"}],"wp:featuredmedia":[{"embeddable":true,"href":"https:\/\/fuentesfidedignas.com.mx\/index.php\/wp-json\/wp\/v2\/media\/17940"}],"wp:attachment":[{"href":"https:\/\/fuentesfidedignas.com.mx\/index.php\/wp-json\/wp\/v2\/media?parent=17939"}],"wp:term":[{"taxonomy":"category","embeddable":true,"href":"https:\/\/fuentesfidedignas.com.mx\/index.php\/wp-json\/wp\/v2\/categories?post=17939"},{"taxonomy":"post_tag","embeddable":true,"href":"https:\/\/fuentesfidedignas.com.mx\/index.php\/wp-json\/wp\/v2\/tags?post=17939"}],"curies":[{"name":"wp","href":"https:\/\/api.w.org\/{rel}","templated":true}]}}