{"id":17926,"date":"2021-11-20T11:48:29","date_gmt":"2021-11-20T18:48:29","guid":{"rendered":"https:\/\/fuentesfidedignas.com.mx\/?p=17926"},"modified":"2021-11-20T11:48:31","modified_gmt":"2021-11-20T18:48:31","slug":"rocha-advierte-que-no-faltara-el-apoyo-para-deportistas","status":"publish","type":"post","link":"https:\/\/fuentesfidedignas.com.mx\/index.php\/2021\/11\/20\/rocha-advierte-que-no-faltara-el-apoyo-para-deportistas\/","title":{"rendered":"Rocha advierte que no faltar\u00e1 el apoyo para deportistas"},"content":{"rendered":"\n<p><em><strong>El Gobernador del estado hizo entrega del Premio Estatal del Deporte, a los ganadores Luz Daniela Gaxiola y Juan Diego Garc\u00eda, ol\u00edmpicos de Tokio 2020<\/strong><\/em><\/p>\n\n\n\n<p>Culiac\u00e1n, Sin.- Luego de galardonar con el Premio Estatal del Deporte, tanto a deportistas como entrenadores, el gobernador Rub\u00e9n Rocha Moya advirti\u00f3 que en su administraci\u00f3n no les faltar\u00e1n los apoyos para que representen dignamente a Sinaloa en sus competencias, pues se dotar\u00e1 de uniformes, de vi\u00e1ticos para los viajes y continuar\u00e1n las becas para la excelencia deportiva.<\/p>\n\n\n\n<p>En una ceremonia que tuvo lugar en el Sal\u00f3n de Gobernadores, el mandatario estatal entreg\u00f3 estos premios, cuyos m\u00e1ximos ganadores fueron los ol\u00edmpicos de Tokio 2020, la ciclista de pista, Luz Daniela Gaxiola Gonz\u00e1lez, quien obtuvo un sexto lugar en estas Olimpiadas, y el parataekwondo\u00edn Juan Diego Garc\u00eda L\u00f3pez, flamante campe\u00f3n paraol\u00edmpico en la modalidad de deporte adaptado.<\/p>\n\n\n\n<figure class=\"wp-block-image size-large\"><img decoding=\"async\" width=\"1024\" height=\"682\" src=\"https:\/\/fuentesfidedignas.com.mx\/wp-content\/uploads\/2021\/11\/IMG-20211120-WA0034-1024x682.jpg\" alt=\"\" class=\"wp-image-17927\" srcset=\"https:\/\/fuentesfidedignas.com.mx\/wp-content\/uploads\/2021\/11\/IMG-20211120-WA0034-1024x682.jpg 1024w, https:\/\/fuentesfidedignas.com.mx\/wp-content\/uploads\/2021\/11\/IMG-20211120-WA0034-300x200.jpg 300w, https:\/\/fuentesfidedignas.com.mx\/wp-content\/uploads\/2021\/11\/IMG-20211120-WA0034-768x512.jpg 768w, https:\/\/fuentesfidedignas.com.mx\/wp-content\/uploads\/2021\/11\/IMG-20211120-WA0034.jpg 1280w\" sizes=\"(max-width: 1024px) 100vw, 1024px\" \/><\/figure>\n\n\n\n<p>Rocha Moya asegur\u00f3 que ahora los deportistas de alto rendimiento que representan a Sinaloa y a M\u00e9xico ya no van a andar batallando para asistir a sus competencias nacionales e internacionales, pues no faltar\u00e1n los apoyos que su gobierno otorgar\u00e1, pues su compromiso es estar muy atentos de los deportistas.<\/p>\n\n\n\n<p>Destac\u00f3 que \u00e9l en lo personal es un amante del deporte, y record\u00f3 que siendo rector de la Universidad Aut\u00f3noma de Sinaloa, se construy\u00f3 la pista de tart\u00e1n de atletismo junto con la alberca ol\u00edmpica en Ciudad Universitaria, que fueron las primeras instalaciones en su tipo en Sinaloa.<\/p>\n\n\n\n<p>Ahora en su etapa como gobernador, adelant\u00f3 que su objetivo es popularizar el deporte, para que llegue a todas las comunidades del estado, y coment\u00f3 que la excelente infraestructura deportiva con que cuenta Culiac\u00e1n, tambi\u00e9n se ampliar\u00e1 al resto de las ciudades, ya que precis\u00f3 que los pa\u00edses considerados como potencias deportivas mantienen esa misma estrategia de ofrecer las condiciones \u00f3ptimas para que desde su infancia, los deportistas desarrollen sus talentos y cualidades en la disciplina de su elecci\u00f3n.<\/p>\n\n\n\n<p>A nombre de los galardonados, el campe\u00f3n paral\u00edmpico Juan Diego Garc\u00eda, agradeci\u00f3 al gobernador Rub\u00e9n Rocha Moya la distinci\u00f3n que les confiere a sus compa\u00f1eros, y a t\u00edtulo personal, coment\u00f3 lo que pens\u00f3 cuando recibi\u00f3 la medalla de oro en lo m\u00e1s alto del p\u00f3dium en Tokio, que fue: \u201clo logr\u00e9, Sinaloa, lo logramos\u201d.<\/p>\n\n\n\n<p>Al dar la bienvenida, el director del ISDE, Julio C\u00e9sar Cascajares Ram\u00edrez, le agradeci\u00f3 el mandatario estatal el esfuerzo presupuestal realizado para conceder el Premio Estatal del Deporte, pues cada uno de los m\u00e1ximos ganadores tanto en modalidad de deportistas como entrenadores, se hicieron acreedores a un cheque por 100 mil pesos como est\u00edmulo econ\u00f3mico.<\/p>\n\n\n\n<p><em>Premio Estatal del Deporte 2021<\/em><br><em>Deportista convencional<\/em><br>Primer Lugar: Luz Daniela Gaxiola Gonz\u00e1lez, ciclismo de pista (Culiac\u00e1n)<br>Segundo Lugar: Jorge Ad\u00e1n C\u00e1rdenas Estrada, Levantamiento de pesas (Culiac\u00e1n)<br>Tercer Lugar: Josu\u00e9 Gast\u00f3n Gaxiola, voleibol de playa (Guasave)<\/p>\n\n\n\n<p><em>Deportista paral\u00edmpico:<\/em><br>Primer Lugar: Juan Diego Garc\u00eda L\u00f3pez, Tae Kwon Do (Culiac\u00e1n)<br>Segundo Lugar: Rosa Mar\u00eda Guerrero C\u00e1zarez, atletismo (Mazatl\u00e1n)<br>Tercer Lugar: Paulette Mej\u00eda Hern\u00e1ndez, atletismo (Guasave)<\/p>\n\n\n\n<p><em>Entrenador convencional:<\/em><br>Primer Lugar: Jorge H\u00fcie Molinet, Levantamiento de pesas (Culiac\u00e1n)<br>Segundo Lugar: Radam\u00e9s Hern\u00e1ndez C\u00e1zarez, Boxeo (Mazatl\u00e1n)<br>Tercer Lugar: Gerardo Roch\u00edn Torres, Basquetbol (Culiac\u00e1n)<\/p>\n\n\n\n<p><em>Entrenador paral\u00edmpico:<\/em><br>Primer Lugar: Jorge Luis S\u00e1nchez Jim\u00e9nez, atletismo (Culiac\u00e1n)<br>Segundo Lugar: Juan Antonio Castellanos Velarde, atletismo (Mazatl\u00e1n)<br>Tercer Lugar: Francisco Javier Galarza Meraz, atletismo (Guasave)<\/p>\n","protected":false},"excerpt":{"rendered":"<p>El Gobernador del estado hizo entrega del Premio Estatal del Deporte, a los ganadores Luz Daniela Gaxiola y Juan Diego Garc\u00eda, ol\u00edmpicos de Tokio 2020 Culiac\u00e1n, Sin.- Luego de galardonar con el Premio Estatal del Deporte, tanto a deportistas como entrenadores, el gobernador Rub\u00e9n Rocha Moya advirti\u00f3 que en su administraci\u00f3n no les faltar\u00e1n los [&hellip;]<\/p>\n","protected":false},"author":4,"featured_media":17928,"comment_status":"open","ping_status":"open","sticky":false,"template":"","format":"standard","meta":{"tdm_status":"","tdm_grid_status":"","footnotes":""},"categories":[37],"tags":[],"class_list":{"0":"post-17926","1":"post","2":"type-post","3":"status-publish","4":"format-standard","5":"has-post-thumbnail","7":"category-nota-principal"},"yoast_head":"<!-- This site is optimized with the Yoast SEO plugin v27.5 - https:\/\/yoast.com\/product\/yoast-seo-wordpress\/ -->\n<title>Rocha advierte que no faltar\u00e1 el apoyo para deportistas - Fuentes Fidedignas<\/title>\n<meta name=\"robots\" content=\"index, follow, max-snippet:-1, max-image-preview:large, max-video-preview:-1\" \/>\n<link rel=\"canonical\" href=\"https:\/\/fuentesfidedignas.com.mx\/index.php\/2021\/11\/20\/rocha-advierte-que-no-faltara-el-apoyo-para-deportistas\/\" \/>\n<meta property=\"og:locale\" content=\"es_MX\" \/>\n<meta property=\"og:type\" content=\"article\" \/>\n<meta property=\"og:title\" content=\"Rocha advierte que no faltar\u00e1 el apoyo para deportistas - Fuentes Fidedignas\" \/>\n<meta property=\"og:description\" content=\"El Gobernador del estado hizo entrega del Premio Estatal del Deporte, a los ganadores Luz Daniela Gaxiola y Juan Diego Garc\u00eda, ol\u00edmpicos de Tokio 2020 Culiac\u00e1n, Sin.- Luego de galardonar con el Premio Estatal del Deporte, tanto a deportistas como entrenadores, el gobernador Rub\u00e9n Rocha Moya advirti\u00f3 que en su administraci\u00f3n no les faltar\u00e1n los [&hellip;]\" \/>\n<meta property=\"og:url\" content=\"https:\/\/fuentesfidedignas.com.mx\/index.php\/2021\/11\/20\/rocha-advierte-que-no-faltara-el-apoyo-para-deportistas\/\" \/>\n<meta property=\"og:site_name\" content=\"Fuentes Fidedignas\" \/>\n<meta property=\"article:publisher\" content=\"https:\/\/www.facebook.com\/Fuentes-Fidedignas-368234489921644\" \/>\n<meta property=\"article:published_time\" content=\"2021-11-20T18:48:29+00:00\" \/>\n<meta property=\"article:modified_time\" content=\"2021-11-20T18:48:31+00:00\" \/>\n<meta property=\"og:image\" content=\"https:\/\/fuentesfidedignas.com.mx\/wp-content\/uploads\/2021\/11\/IMG-20211120-WA0036.jpg\" \/>\n\t<meta property=\"og:image:width\" content=\"1280\" \/>\n\t<meta property=\"og:image:height\" content=\"853\" \/>\n\t<meta property=\"og:image:type\" content=\"image\/jpeg\" \/>\n<meta name=\"author\" content=\"Redacci\u00f3n\" \/>\n<meta name=\"twitter:card\" content=\"summary_large_image\" \/>\n<meta name=\"twitter:creator\" content=\"@fidedignas\" \/>\n<meta name=\"twitter:site\" content=\"@fidedignas\" \/>\n<meta name=\"twitter:label1\" content=\"Escrito por\" \/>\n\t<meta name=\"twitter:data1\" content=\"Redacci\u00f3n\" \/>\n\t<meta name=\"twitter:label2\" content=\"Tiempo de lectura\" \/>\n\t<meta name=\"twitter:data2\" content=\"3 minutos\" \/>\n<script type=\"application\/ld+json\" class=\"yoast-schema-graph\">{\"@context\":\"https:\\\/\\\/schema.org\",\"@graph\":[{\"@type\":\"Article\",\"@id\":\"https:\\\/\\\/fuentesfidedignas.com.mx\\\/index.php\\\/2021\\\/11\\\/20\\\/rocha-advierte-que-no-faltara-el-apoyo-para-deportistas\\\/#article\",\"isPartOf\":{\"@id\":\"https:\\\/\\\/fuentesfidedignas.com.mx\\\/index.php\\\/2021\\\/11\\\/20\\\/rocha-advierte-que-no-faltara-el-apoyo-para-deportistas\\\/\"},\"author\":{\"name\":\"Redacci\u00f3n\",\"@id\":\"https:\\\/\\\/fuentesfidedignas.com.mx\\\/#\\\/schema\\\/person\\\/331be9283d37198e2acd5750279085b0\"},\"headline\":\"Rocha advierte que no faltar\u00e1 el apoyo para deportistas\",\"datePublished\":\"2021-11-20T18:48:29+00:00\",\"dateModified\":\"2021-11-20T18:48:31+00:00\",\"mainEntityOfPage\":{\"@id\":\"https:\\\/\\\/fuentesfidedignas.com.mx\\\/index.php\\\/2021\\\/11\\\/20\\\/rocha-advierte-que-no-faltara-el-apoyo-para-deportistas\\\/\"},\"wordCount\":615,\"commentCount\":0,\"publisher\":{\"@id\":\"https:\\\/\\\/fuentesfidedignas.com.mx\\\/#organization\"},\"image\":{\"@id\":\"https:\\\/\\\/fuentesfidedignas.com.mx\\\/index.php\\\/2021\\\/11\\\/20\\\/rocha-advierte-que-no-faltara-el-apoyo-para-deportistas\\\/#primaryimage\"},\"thumbnailUrl\":\"https:\\\/\\\/fuentesfidedignas.com.mx\\\/wp-content\\\/uploads\\\/2021\\\/11\\\/IMG-20211120-WA0036.jpg\",\"articleSection\":[\"NOTA PRINCIPAL\"],\"inLanguage\":\"es\",\"potentialAction\":[{\"@type\":\"CommentAction\",\"name\":\"Comment\",\"target\":[\"https:\\\/\\\/fuentesfidedignas.com.mx\\\/index.php\\\/2021\\\/11\\\/20\\\/rocha-advierte-que-no-faltara-el-apoyo-para-deportistas\\\/#respond\"]}]},{\"@type\":\"WebPage\",\"@id\":\"https:\\\/\\\/fuentesfidedignas.com.mx\\\/index.php\\\/2021\\\/11\\\/20\\\/rocha-advierte-que-no-faltara-el-apoyo-para-deportistas\\\/\",\"url\":\"https:\\\/\\\/fuentesfidedignas.com.mx\\\/index.php\\\/2021\\\/11\\\/20\\\/rocha-advierte-que-no-faltara-el-apoyo-para-deportistas\\\/\",\"name\":\"Rocha advierte que no faltar\u00e1 el apoyo para deportistas - Fuentes Fidedignas\",\"isPartOf\":{\"@id\":\"https:\\\/\\\/fuentesfidedignas.com.mx\\\/#website\"},\"primaryImageOfPage\":{\"@id\":\"https:\\\/\\\/fuentesfidedignas.com.mx\\\/index.php\\\/2021\\\/11\\\/20\\\/rocha-advierte-que-no-faltara-el-apoyo-para-deportistas\\\/#primaryimage\"},\"image\":{\"@id\":\"https:\\\/\\\/fuentesfidedignas.com.mx\\\/index.php\\\/2021\\\/11\\\/20\\\/rocha-advierte-que-no-faltara-el-apoyo-para-deportistas\\\/#primaryimage\"},\"thumbnailUrl\":\"https:\\\/\\\/fuentesfidedignas.com.mx\\\/wp-content\\\/uploads\\\/2021\\\/11\\\/IMG-20211120-WA0036.jpg\",\"datePublished\":\"2021-11-20T18:48:29+00:00\",\"dateModified\":\"2021-11-20T18:48:31+00:00\",\"breadcrumb\":{\"@id\":\"https:\\\/\\\/fuentesfidedignas.com.mx\\\/index.php\\\/2021\\\/11\\\/20\\\/rocha-advierte-que-no-faltara-el-apoyo-para-deportistas\\\/#breadcrumb\"},\"inLanguage\":\"es\",\"potentialAction\":[{\"@type\":\"ReadAction\",\"target\":[\"https:\\\/\\\/fuentesfidedignas.com.mx\\\/index.php\\\/2021\\\/11\\\/20\\\/rocha-advierte-que-no-faltara-el-apoyo-para-deportistas\\\/\"]}]},{\"@type\":\"ImageObject\",\"inLanguage\":\"es\",\"@id\":\"https:\\\/\\\/fuentesfidedignas.com.mx\\\/index.php\\\/2021\\\/11\\\/20\\\/rocha-advierte-que-no-faltara-el-apoyo-para-deportistas\\\/#primaryimage\",\"url\":\"https:\\\/\\\/fuentesfidedignas.com.mx\\\/wp-content\\\/uploads\\\/2021\\\/11\\\/IMG-20211120-WA0036.jpg\",\"contentUrl\":\"https:\\\/\\\/fuentesfidedignas.com.mx\\\/wp-content\\\/uploads\\\/2021\\\/11\\\/IMG-20211120-WA0036.jpg\",\"width\":1280,\"height\":853},{\"@type\":\"BreadcrumbList\",\"@id\":\"https:\\\/\\\/fuentesfidedignas.com.mx\\\/index.php\\\/2021\\\/11\\\/20\\\/rocha-advierte-que-no-faltara-el-apoyo-para-deportistas\\\/#breadcrumb\",\"itemListElement\":[{\"@type\":\"ListItem\",\"position\":1,\"name\":\"Inicio\",\"item\":\"https:\\\/\\\/fuentesfidedignas.com.mx\\\/\"},{\"@type\":\"ListItem\",\"position\":2,\"name\":\"Rocha advierte que no faltar\u00e1 el apoyo para deportistas\"}]},{\"@type\":\"WebSite\",\"@id\":\"https:\\\/\\\/fuentesfidedignas.com.mx\\\/#website\",\"url\":\"https:\\\/\\\/fuentesfidedignas.com.mx\\\/\",\"name\":\"Fuentes Fidedignas\",\"description\":\"Otro sitio realizado con WordPress\",\"publisher\":{\"@id\":\"https:\\\/\\\/fuentesfidedignas.com.mx\\\/#organization\"},\"potentialAction\":[{\"@type\":\"SearchAction\",\"target\":{\"@type\":\"EntryPoint\",\"urlTemplate\":\"https:\\\/\\\/fuentesfidedignas.com.mx\\\/?s={search_term_string}\"},\"query-input\":{\"@type\":\"PropertyValueSpecification\",\"valueRequired\":true,\"valueName\":\"search_term_string\"}}],\"inLanguage\":\"es\"},{\"@type\":\"Organization\",\"@id\":\"https:\\\/\\\/fuentesfidedignas.com.mx\\\/#organization\",\"name\":\"Fuentes Fidedignas\",\"url\":\"https:\\\/\\\/fuentesfidedignas.com.mx\\\/\",\"logo\":{\"@type\":\"ImageObject\",\"inLanguage\":\"es\",\"@id\":\"https:\\\/\\\/fuentesfidedignas.com.mx\\\/#\\\/schema\\\/logo\\\/image\\\/\",\"url\":\"https:\\\/\\\/fuentesfidedignas.com.mx\\\/wp-content\\\/uploads\\\/2021\\\/04\\\/logo-retina.png\",\"contentUrl\":\"https:\\\/\\\/fuentesfidedignas.com.mx\\\/wp-content\\\/uploads\\\/2021\\\/04\\\/logo-retina.png\",\"width\":280,\"height\":51,\"caption\":\"Fuentes Fidedignas\"},\"image\":{\"@id\":\"https:\\\/\\\/fuentesfidedignas.com.mx\\\/#\\\/schema\\\/logo\\\/image\\\/\"},\"sameAs\":[\"https:\\\/\\\/www.facebook.com\\\/Fuentes-Fidedignas-368234489921644\",\"https:\\\/\\\/x.com\\\/fidedignas\"]},{\"@type\":\"Person\",\"@id\":\"https:\\\/\\\/fuentesfidedignas.com.mx\\\/#\\\/schema\\\/person\\\/331be9283d37198e2acd5750279085b0\",\"name\":\"Redacci\u00f3n\",\"image\":{\"@type\":\"ImageObject\",\"inLanguage\":\"es\",\"@id\":\"https:\\\/\\\/secure.gravatar.com\\\/avatar\\\/f6d8782c11d12b2d4ad3fbb6931aeab5309937a4d6cd2fc9cfaa28a6396a5aec?s=96&d=mm&r=g\",\"url\":\"https:\\\/\\\/secure.gravatar.com\\\/avatar\\\/f6d8782c11d12b2d4ad3fbb6931aeab5309937a4d6cd2fc9cfaa28a6396a5aec?s=96&d=mm&r=g\",\"contentUrl\":\"https:\\\/\\\/secure.gravatar.com\\\/avatar\\\/f6d8782c11d12b2d4ad3fbb6931aeab5309937a4d6cd2fc9cfaa28a6396a5aec?s=96&d=mm&r=g\",\"caption\":\"Redacci\u00f3n\"},\"url\":\"https:\\\/\\\/fuentesfidedignas.com.mx\\\/index.php\\\/author\\\/redaccion\\\/\"}]}<\/script>\n<!-- \/ Yoast SEO plugin. -->","yoast_head_json":{"title":"Rocha advierte que no faltar\u00e1 el apoyo para deportistas - Fuentes Fidedignas","robots":{"index":"index","follow":"follow","max-snippet":"max-snippet:-1","max-image-preview":"max-image-preview:large","max-video-preview":"max-video-preview:-1"},"canonical":"https:\/\/fuentesfidedignas.com.mx\/index.php\/2021\/11\/20\/rocha-advierte-que-no-faltara-el-apoyo-para-deportistas\/","og_locale":"es_MX","og_type":"article","og_title":"Rocha advierte que no faltar\u00e1 el apoyo para deportistas - Fuentes Fidedignas","og_description":"El Gobernador del estado hizo entrega del Premio Estatal del Deporte, a los ganadores Luz Daniela Gaxiola y Juan Diego Garc\u00eda, ol\u00edmpicos de Tokio 2020 Culiac\u00e1n, Sin.- Luego de galardonar con el Premio Estatal del Deporte, tanto a deportistas como entrenadores, el gobernador Rub\u00e9n Rocha Moya advirti\u00f3 que en su administraci\u00f3n no les faltar\u00e1n los [&hellip;]","og_url":"https:\/\/fuentesfidedignas.com.mx\/index.php\/2021\/11\/20\/rocha-advierte-que-no-faltara-el-apoyo-para-deportistas\/","og_site_name":"Fuentes Fidedignas","article_publisher":"https:\/\/www.facebook.com\/Fuentes-Fidedignas-368234489921644","article_published_time":"2021-11-20T18:48:29+00:00","article_modified_time":"2021-11-20T18:48:31+00:00","og_image":[{"width":1280,"height":853,"url":"https:\/\/fuentesfidedignas.com.mx\/wp-content\/uploads\/2021\/11\/IMG-20211120-WA0036.jpg","type":"image\/jpeg"}],"author":"Redacci\u00f3n","twitter_card":"summary_large_image","twitter_creator":"@fidedignas","twitter_site":"@fidedignas","twitter_misc":{"Escrito por":"Redacci\u00f3n","Tiempo de lectura":"3 minutos"},"schema":{"@context":"https:\/\/schema.org","@graph":[{"@type":"Article","@id":"https:\/\/fuentesfidedignas.com.mx\/index.php\/2021\/11\/20\/rocha-advierte-que-no-faltara-el-apoyo-para-deportistas\/#article","isPartOf":{"@id":"https:\/\/fuentesfidedignas.com.mx\/index.php\/2021\/11\/20\/rocha-advierte-que-no-faltara-el-apoyo-para-deportistas\/"},"author":{"name":"Redacci\u00f3n","@id":"https:\/\/fuentesfidedignas.com.mx\/#\/schema\/person\/331be9283d37198e2acd5750279085b0"},"headline":"Rocha advierte que no faltar\u00e1 el apoyo para deportistas","datePublished":"2021-11-20T18:48:29+00:00","dateModified":"2021-11-20T18:48:31+00:00","mainEntityOfPage":{"@id":"https:\/\/fuentesfidedignas.com.mx\/index.php\/2021\/11\/20\/rocha-advierte-que-no-faltara-el-apoyo-para-deportistas\/"},"wordCount":615,"commentCount":0,"publisher":{"@id":"https:\/\/fuentesfidedignas.com.mx\/#organization"},"image":{"@id":"https:\/\/fuentesfidedignas.com.mx\/index.php\/2021\/11\/20\/rocha-advierte-que-no-faltara-el-apoyo-para-deportistas\/#primaryimage"},"thumbnailUrl":"https:\/\/fuentesfidedignas.com.mx\/wp-content\/uploads\/2021\/11\/IMG-20211120-WA0036.jpg","articleSection":["NOTA PRINCIPAL"],"inLanguage":"es","potentialAction":[{"@type":"CommentAction","name":"Comment","target":["https:\/\/fuentesfidedignas.com.mx\/index.php\/2021\/11\/20\/rocha-advierte-que-no-faltara-el-apoyo-para-deportistas\/#respond"]}]},{"@type":"WebPage","@id":"https:\/\/fuentesfidedignas.com.mx\/index.php\/2021\/11\/20\/rocha-advierte-que-no-faltara-el-apoyo-para-deportistas\/","url":"https:\/\/fuentesfidedignas.com.mx\/index.php\/2021\/11\/20\/rocha-advierte-que-no-faltara-el-apoyo-para-deportistas\/","name":"Rocha advierte que no faltar\u00e1 el apoyo para deportistas - Fuentes Fidedignas","isPartOf":{"@id":"https:\/\/fuentesfidedignas.com.mx\/#website"},"primaryImageOfPage":{"@id":"https:\/\/fuentesfidedignas.com.mx\/index.php\/2021\/11\/20\/rocha-advierte-que-no-faltara-el-apoyo-para-deportistas\/#primaryimage"},"image":{"@id":"https:\/\/fuentesfidedignas.com.mx\/index.php\/2021\/11\/20\/rocha-advierte-que-no-faltara-el-apoyo-para-deportistas\/#primaryimage"},"thumbnailUrl":"https:\/\/fuentesfidedignas.com.mx\/wp-content\/uploads\/2021\/11\/IMG-20211120-WA0036.jpg","datePublished":"2021-11-20T18:48:29+00:00","dateModified":"2021-11-20T18:48:31+00:00","breadcrumb":{"@id":"https:\/\/fuentesfidedignas.com.mx\/index.php\/2021\/11\/20\/rocha-advierte-que-no-faltara-el-apoyo-para-deportistas\/#breadcrumb"},"inLanguage":"es","potentialAction":[{"@type":"ReadAction","target":["https:\/\/fuentesfidedignas.com.mx\/index.php\/2021\/11\/20\/rocha-advierte-que-no-faltara-el-apoyo-para-deportistas\/"]}]},{"@type":"ImageObject","inLanguage":"es","@id":"https:\/\/fuentesfidedignas.com.mx\/index.php\/2021\/11\/20\/rocha-advierte-que-no-faltara-el-apoyo-para-deportistas\/#primaryimage","url":"https:\/\/fuentesfidedignas.com.mx\/wp-content\/uploads\/2021\/11\/IMG-20211120-WA0036.jpg","contentUrl":"https:\/\/fuentesfidedignas.com.mx\/wp-content\/uploads\/2021\/11\/IMG-20211120-WA0036.jpg","width":1280,"height":853},{"@type":"BreadcrumbList","@id":"https:\/\/fuentesfidedignas.com.mx\/index.php\/2021\/11\/20\/rocha-advierte-que-no-faltara-el-apoyo-para-deportistas\/#breadcrumb","itemListElement":[{"@type":"ListItem","position":1,"name":"Inicio","item":"https:\/\/fuentesfidedignas.com.mx\/"},{"@type":"ListItem","position":2,"name":"Rocha advierte que no faltar\u00e1 el apoyo para deportistas"}]},{"@type":"WebSite","@id":"https:\/\/fuentesfidedignas.com.mx\/#website","url":"https:\/\/fuentesfidedignas.com.mx\/","name":"Fuentes Fidedignas","description":"Otro sitio realizado con WordPress","publisher":{"@id":"https:\/\/fuentesfidedignas.com.mx\/#organization"},"potentialAction":[{"@type":"SearchAction","target":{"@type":"EntryPoint","urlTemplate":"https:\/\/fuentesfidedignas.com.mx\/?s={search_term_string}"},"query-input":{"@type":"PropertyValueSpecification","valueRequired":true,"valueName":"search_term_string"}}],"inLanguage":"es"},{"@type":"Organization","@id":"https:\/\/fuentesfidedignas.com.mx\/#organization","name":"Fuentes Fidedignas","url":"https:\/\/fuentesfidedignas.com.mx\/","logo":{"@type":"ImageObject","inLanguage":"es","@id":"https:\/\/fuentesfidedignas.com.mx\/#\/schema\/logo\/image\/","url":"https:\/\/fuentesfidedignas.com.mx\/wp-content\/uploads\/2021\/04\/logo-retina.png","contentUrl":"https:\/\/fuentesfidedignas.com.mx\/wp-content\/uploads\/2021\/04\/logo-retina.png","width":280,"height":51,"caption":"Fuentes Fidedignas"},"image":{"@id":"https:\/\/fuentesfidedignas.com.mx\/#\/schema\/logo\/image\/"},"sameAs":["https:\/\/www.facebook.com\/Fuentes-Fidedignas-368234489921644","https:\/\/x.com\/fidedignas"]},{"@type":"Person","@id":"https:\/\/fuentesfidedignas.com.mx\/#\/schema\/person\/331be9283d37198e2acd5750279085b0","name":"Redacci\u00f3n","image":{"@type":"ImageObject","inLanguage":"es","@id":"https:\/\/secure.gravatar.com\/avatar\/f6d8782c11d12b2d4ad3fbb6931aeab5309937a4d6cd2fc9cfaa28a6396a5aec?s=96&d=mm&r=g","url":"https:\/\/secure.gravatar.com\/avatar\/f6d8782c11d12b2d4ad3fbb6931aeab5309937a4d6cd2fc9cfaa28a6396a5aec?s=96&d=mm&r=g","contentUrl":"https:\/\/secure.gravatar.com\/avatar\/f6d8782c11d12b2d4ad3fbb6931aeab5309937a4d6cd2fc9cfaa28a6396a5aec?s=96&d=mm&r=g","caption":"Redacci\u00f3n"},"url":"https:\/\/fuentesfidedignas.com.mx\/index.php\/author\/redaccion\/"}]}},"_links":{"self":[{"href":"https:\/\/fuentesfidedignas.com.mx\/index.php\/wp-json\/wp\/v2\/posts\/17926","targetHints":{"allow":["GET"]}}],"collection":[{"href":"https:\/\/fuentesfidedignas.com.mx\/index.php\/wp-json\/wp\/v2\/posts"}],"about":[{"href":"https:\/\/fuentesfidedignas.com.mx\/index.php\/wp-json\/wp\/v2\/types\/post"}],"author":[{"embeddable":true,"href":"https:\/\/fuentesfidedignas.com.mx\/index.php\/wp-json\/wp\/v2\/users\/4"}],"replies":[{"embeddable":true,"href":"https:\/\/fuentesfidedignas.com.mx\/index.php\/wp-json\/wp\/v2\/comments?post=17926"}],"version-history":[{"count":1,"href":"https:\/\/fuentesfidedignas.com.mx\/index.php\/wp-json\/wp\/v2\/posts\/17926\/revisions"}],"predecessor-version":[{"id":17929,"href":"https:\/\/fuentesfidedignas.com.mx\/index.php\/wp-json\/wp\/v2\/posts\/17926\/revisions\/17929"}],"wp:featuredmedia":[{"embeddable":true,"href":"https:\/\/fuentesfidedignas.com.mx\/index.php\/wp-json\/wp\/v2\/media\/17928"}],"wp:attachment":[{"href":"https:\/\/fuentesfidedignas.com.mx\/index.php\/wp-json\/wp\/v2\/media?parent=17926"}],"wp:term":[{"taxonomy":"category","embeddable":true,"href":"https:\/\/fuentesfidedignas.com.mx\/index.php\/wp-json\/wp\/v2\/categories?post=17926"},{"taxonomy":"post_tag","embeddable":true,"href":"https:\/\/fuentesfidedignas.com.mx\/index.php\/wp-json\/wp\/v2\/tags?post=17926"}],"curies":[{"name":"wp","href":"https:\/\/api.w.org\/{rel}","templated":true}]}}