{"id":17877,"date":"2021-11-19T15:59:19","date_gmt":"2021-11-19T22:59:19","guid":{"rendered":"https:\/\/fuentesfidedignas.com.mx\/?p=17877"},"modified":"2021-11-19T15:59:20","modified_gmt":"2021-11-19T22:59:20","slug":"personal-de-centros-penitenciarios-de-sinaloa-recibe-capacitacion-en-derechos-humanos","status":"publish","type":"post","link":"https:\/\/fuentesfidedignas.com.mx\/index.php\/2021\/11\/19\/personal-de-centros-penitenciarios-de-sinaloa-recibe-capacitacion-en-derechos-humanos\/","title":{"rendered":"Personal de Centros Penitenciarios de Sinaloa recibe capacitaci\u00f3n en Derechos   Humanos"},"content":{"rendered":"\n<p><strong><em>Entre las personas que recibieron dicha formaci\u00f3n se encuentra personal operativo como administrativo<\/em><\/strong><\/p>\n\n\n\n<p>Culiac\u00e1n, Sin.- Personal operativo y administrativo que se desempe\u00f1a en los tres centros penitenciarios del estado de Sinaloa recibieron una capacitaci\u00f3n por la Comisi\u00f3n Estatal de Derechos Humanos (CEDH) a fin de que cuenten con las herramientas para mejorar el ejercicio de sus labores.<\/p>\n\n\n\n<p>Fue un total de 128 personas del Centro Penitenciario de Aguaruto, Centro Penitenciario Goros II y Centro Penitenciario El Castillo pertenecientes a la zona centro, norte y sur del estado respectivamente, las que asistieron a la capacitaci\u00f3n \u201cLos Derechos Humanos, el uso de la fuerza y el Sistema Penitenciario\u201d.<\/p>\n\n\n\n<p>En este acercamiento por parte de la CEDH con una duraci\u00f3n de tres d\u00edas los servidores p\u00fablicos recibieron diversas herramientas en pro de los derechos humanos de las personas privadas de la libertad (PPL) y sus familias.<\/p>\n\n\n\n<p>Cabe se\u00f1alar que esta capacitaci\u00f3n ser\u00e1 de gran utilidad para el desarrollo de las actividades cotidianas en cada uno de los centros penitenciarios, pues este personal diariamente atiende a quienes buscan reinsertarse a la sociedad.<\/p>\n","protected":false},"excerpt":{"rendered":"<p>Entre las personas que recibieron dicha formaci\u00f3n se encuentra personal operativo como administrativo Culiac\u00e1n, Sin.- Personal operativo y administrativo que se desempe\u00f1a en los tres centros penitenciarios del estado de Sinaloa recibieron una capacitaci\u00f3n por la Comisi\u00f3n Estatal de Derechos Humanos (CEDH) a fin de que cuenten con las herramientas para mejorar el ejercicio de [&hellip;]<\/p>\n","protected":false},"author":4,"featured_media":17878,"comment_status":"open","ping_status":"open","sticky":false,"template":"","format":"standard","meta":{"tdm_status":"","tdm_grid_status":"","footnotes":""},"categories":[38],"tags":[2172,2174,2171,2173],"class_list":{"0":"post-17877","1":"post","2":"type-post","3":"status-publish","4":"format-standard","5":"has-post-thumbnail","7":"category-noticias-locales","8":"tag-capacitacion","9":"tag-cedh","10":"tag-centros-penitenciarios-de-sinaloa","11":"tag-comision-estatal-de-derechos-humanos"},"yoast_head":"<!-- This site is optimized with the Yoast SEO plugin v27.5 - https:\/\/yoast.com\/product\/yoast-seo-wordpress\/ -->\n<title>Personal de Centros Penitenciarios de Sinaloa recibe capacitaci\u00f3n en Derechos  Humanos - Fuentes Fidedignas<\/title>\n<meta name=\"robots\" content=\"index, follow, max-snippet:-1, max-image-preview:large, max-video-preview:-1\" \/>\n<link rel=\"canonical\" href=\"https:\/\/fuentesfidedignas.com.mx\/index.php\/2021\/11\/19\/personal-de-centros-penitenciarios-de-sinaloa-recibe-capacitacion-en-derechos-humanos\/\" \/>\n<meta property=\"og:locale\" content=\"es_MX\" \/>\n<meta property=\"og:type\" content=\"article\" \/>\n<meta property=\"og:title\" content=\"Personal de Centros Penitenciarios de Sinaloa recibe capacitaci\u00f3n en Derechos  Humanos - Fuentes Fidedignas\" \/>\n<meta property=\"og:description\" content=\"Entre las personas que recibieron dicha formaci\u00f3n se encuentra personal operativo como administrativo Culiac\u00e1n, Sin.- Personal operativo y administrativo que se desempe\u00f1a en los tres centros penitenciarios del estado de Sinaloa recibieron una capacitaci\u00f3n por la Comisi\u00f3n Estatal de Derechos Humanos (CEDH) a fin de que cuenten con las herramientas para mejorar el ejercicio de [&hellip;]\" \/>\n<meta property=\"og:url\" content=\"https:\/\/fuentesfidedignas.com.mx\/index.php\/2021\/11\/19\/personal-de-centros-penitenciarios-de-sinaloa-recibe-capacitacion-en-derechos-humanos\/\" \/>\n<meta property=\"og:site_name\" content=\"Fuentes Fidedignas\" \/>\n<meta property=\"article:publisher\" content=\"https:\/\/www.facebook.com\/Fuentes-Fidedignas-368234489921644\" \/>\n<meta property=\"article:published_time\" content=\"2021-11-19T22:59:19+00:00\" \/>\n<meta property=\"article:modified_time\" content=\"2021-11-19T22:59:20+00:00\" \/>\n<meta property=\"og:image\" content=\"https:\/\/fuentesfidedignas.com.mx\/wp-content\/uploads\/2021\/11\/CAPACITACION.jpeg\" \/>\n\t<meta property=\"og:image:width\" content=\"1156\" \/>\n\t<meta property=\"og:image:height\" content=\"521\" \/>\n\t<meta property=\"og:image:type\" content=\"image\/jpeg\" \/>\n<meta name=\"author\" content=\"Redacci\u00f3n\" \/>\n<meta name=\"twitter:card\" content=\"summary_large_image\" \/>\n<meta name=\"twitter:creator\" content=\"@fidedignas\" \/>\n<meta name=\"twitter:site\" content=\"@fidedignas\" \/>\n<meta name=\"twitter:label1\" content=\"Escrito por\" \/>\n\t<meta name=\"twitter:data1\" content=\"Redacci\u00f3n\" \/>\n\t<meta name=\"twitter:label2\" content=\"Tiempo de lectura\" \/>\n\t<meta name=\"twitter:data2\" content=\"1 minuto\" \/>\n<script type=\"application\/ld+json\" class=\"yoast-schema-graph\">{\"@context\":\"https:\\\/\\\/schema.org\",\"@graph\":[{\"@type\":\"Article\",\"@id\":\"https:\\\/\\\/fuentesfidedignas.com.mx\\\/index.php\\\/2021\\\/11\\\/19\\\/personal-de-centros-penitenciarios-de-sinaloa-recibe-capacitacion-en-derechos-humanos\\\/#article\",\"isPartOf\":{\"@id\":\"https:\\\/\\\/fuentesfidedignas.com.mx\\\/index.php\\\/2021\\\/11\\\/19\\\/personal-de-centros-penitenciarios-de-sinaloa-recibe-capacitacion-en-derechos-humanos\\\/\"},\"author\":{\"name\":\"Redacci\u00f3n\",\"@id\":\"https:\\\/\\\/fuentesfidedignas.com.mx\\\/#\\\/schema\\\/person\\\/331be9283d37198e2acd5750279085b0\"},\"headline\":\"Personal de Centros Penitenciarios de Sinaloa recibe capacitaci\u00f3n en Derechos Humanos\",\"datePublished\":\"2021-11-19T22:59:19+00:00\",\"dateModified\":\"2021-11-19T22:59:20+00:00\",\"mainEntityOfPage\":{\"@id\":\"https:\\\/\\\/fuentesfidedignas.com.mx\\\/index.php\\\/2021\\\/11\\\/19\\\/personal-de-centros-penitenciarios-de-sinaloa-recibe-capacitacion-en-derechos-humanos\\\/\"},\"wordCount\":201,\"commentCount\":0,\"publisher\":{\"@id\":\"https:\\\/\\\/fuentesfidedignas.com.mx\\\/#organization\"},\"image\":{\"@id\":\"https:\\\/\\\/fuentesfidedignas.com.mx\\\/index.php\\\/2021\\\/11\\\/19\\\/personal-de-centros-penitenciarios-de-sinaloa-recibe-capacitacion-en-derechos-humanos\\\/#primaryimage\"},\"thumbnailUrl\":\"https:\\\/\\\/fuentesfidedignas.com.mx\\\/wp-content\\\/uploads\\\/2021\\\/11\\\/CAPACITACION.jpeg\",\"keywords\":[\"Capacitaci\u00f3n\",\"CEDH\",\"Centros Penitenciarios de Sinaloa\",\"Comisi\u00f3n Estatal de Derechos Humanos\"],\"articleSection\":[\"NOTICIAS LOCALES\"],\"inLanguage\":\"es\",\"potentialAction\":[{\"@type\":\"CommentAction\",\"name\":\"Comment\",\"target\":[\"https:\\\/\\\/fuentesfidedignas.com.mx\\\/index.php\\\/2021\\\/11\\\/19\\\/personal-de-centros-penitenciarios-de-sinaloa-recibe-capacitacion-en-derechos-humanos\\\/#respond\"]}]},{\"@type\":\"WebPage\",\"@id\":\"https:\\\/\\\/fuentesfidedignas.com.mx\\\/index.php\\\/2021\\\/11\\\/19\\\/personal-de-centros-penitenciarios-de-sinaloa-recibe-capacitacion-en-derechos-humanos\\\/\",\"url\":\"https:\\\/\\\/fuentesfidedignas.com.mx\\\/index.php\\\/2021\\\/11\\\/19\\\/personal-de-centros-penitenciarios-de-sinaloa-recibe-capacitacion-en-derechos-humanos\\\/\",\"name\":\"Personal de Centros Penitenciarios de Sinaloa recibe capacitaci\u00f3n en Derechos Humanos - Fuentes Fidedignas\",\"isPartOf\":{\"@id\":\"https:\\\/\\\/fuentesfidedignas.com.mx\\\/#website\"},\"primaryImageOfPage\":{\"@id\":\"https:\\\/\\\/fuentesfidedignas.com.mx\\\/index.php\\\/2021\\\/11\\\/19\\\/personal-de-centros-penitenciarios-de-sinaloa-recibe-capacitacion-en-derechos-humanos\\\/#primaryimage\"},\"image\":{\"@id\":\"https:\\\/\\\/fuentesfidedignas.com.mx\\\/index.php\\\/2021\\\/11\\\/19\\\/personal-de-centros-penitenciarios-de-sinaloa-recibe-capacitacion-en-derechos-humanos\\\/#primaryimage\"},\"thumbnailUrl\":\"https:\\\/\\\/fuentesfidedignas.com.mx\\\/wp-content\\\/uploads\\\/2021\\\/11\\\/CAPACITACION.jpeg\",\"datePublished\":\"2021-11-19T22:59:19+00:00\",\"dateModified\":\"2021-11-19T22:59:20+00:00\",\"breadcrumb\":{\"@id\":\"https:\\\/\\\/fuentesfidedignas.com.mx\\\/index.php\\\/2021\\\/11\\\/19\\\/personal-de-centros-penitenciarios-de-sinaloa-recibe-capacitacion-en-derechos-humanos\\\/#breadcrumb\"},\"inLanguage\":\"es\",\"potentialAction\":[{\"@type\":\"ReadAction\",\"target\":[\"https:\\\/\\\/fuentesfidedignas.com.mx\\\/index.php\\\/2021\\\/11\\\/19\\\/personal-de-centros-penitenciarios-de-sinaloa-recibe-capacitacion-en-derechos-humanos\\\/\"]}]},{\"@type\":\"ImageObject\",\"inLanguage\":\"es\",\"@id\":\"https:\\\/\\\/fuentesfidedignas.com.mx\\\/index.php\\\/2021\\\/11\\\/19\\\/personal-de-centros-penitenciarios-de-sinaloa-recibe-capacitacion-en-derechos-humanos\\\/#primaryimage\",\"url\":\"https:\\\/\\\/fuentesfidedignas.com.mx\\\/wp-content\\\/uploads\\\/2021\\\/11\\\/CAPACITACION.jpeg\",\"contentUrl\":\"https:\\\/\\\/fuentesfidedignas.com.mx\\\/wp-content\\\/uploads\\\/2021\\\/11\\\/CAPACITACION.jpeg\",\"width\":1156,\"height\":521},{\"@type\":\"BreadcrumbList\",\"@id\":\"https:\\\/\\\/fuentesfidedignas.com.mx\\\/index.php\\\/2021\\\/11\\\/19\\\/personal-de-centros-penitenciarios-de-sinaloa-recibe-capacitacion-en-derechos-humanos\\\/#breadcrumb\",\"itemListElement\":[{\"@type\":\"ListItem\",\"position\":1,\"name\":\"Inicio\",\"item\":\"https:\\\/\\\/fuentesfidedignas.com.mx\\\/\"},{\"@type\":\"ListItem\",\"position\":2,\"name\":\"Personal de Centros Penitenciarios de Sinaloa recibe capacitaci\u00f3n en Derechos Humanos\"}]},{\"@type\":\"WebSite\",\"@id\":\"https:\\\/\\\/fuentesfidedignas.com.mx\\\/#website\",\"url\":\"https:\\\/\\\/fuentesfidedignas.com.mx\\\/\",\"name\":\"Fuentes Fidedignas\",\"description\":\"Otro sitio realizado con WordPress\",\"publisher\":{\"@id\":\"https:\\\/\\\/fuentesfidedignas.com.mx\\\/#organization\"},\"potentialAction\":[{\"@type\":\"SearchAction\",\"target\":{\"@type\":\"EntryPoint\",\"urlTemplate\":\"https:\\\/\\\/fuentesfidedignas.com.mx\\\/?s={search_term_string}\"},\"query-input\":{\"@type\":\"PropertyValueSpecification\",\"valueRequired\":true,\"valueName\":\"search_term_string\"}}],\"inLanguage\":\"es\"},{\"@type\":\"Organization\",\"@id\":\"https:\\\/\\\/fuentesfidedignas.com.mx\\\/#organization\",\"name\":\"Fuentes Fidedignas\",\"url\":\"https:\\\/\\\/fuentesfidedignas.com.mx\\\/\",\"logo\":{\"@type\":\"ImageObject\",\"inLanguage\":\"es\",\"@id\":\"https:\\\/\\\/fuentesfidedignas.com.mx\\\/#\\\/schema\\\/logo\\\/image\\\/\",\"url\":\"https:\\\/\\\/fuentesfidedignas.com.mx\\\/wp-content\\\/uploads\\\/2021\\\/04\\\/logo-retina.png\",\"contentUrl\":\"https:\\\/\\\/fuentesfidedignas.com.mx\\\/wp-content\\\/uploads\\\/2021\\\/04\\\/logo-retina.png\",\"width\":280,\"height\":51,\"caption\":\"Fuentes Fidedignas\"},\"image\":{\"@id\":\"https:\\\/\\\/fuentesfidedignas.com.mx\\\/#\\\/schema\\\/logo\\\/image\\\/\"},\"sameAs\":[\"https:\\\/\\\/www.facebook.com\\\/Fuentes-Fidedignas-368234489921644\",\"https:\\\/\\\/x.com\\\/fidedignas\"]},{\"@type\":\"Person\",\"@id\":\"https:\\\/\\\/fuentesfidedignas.com.mx\\\/#\\\/schema\\\/person\\\/331be9283d37198e2acd5750279085b0\",\"name\":\"Redacci\u00f3n\",\"image\":{\"@type\":\"ImageObject\",\"inLanguage\":\"es\",\"@id\":\"https:\\\/\\\/secure.gravatar.com\\\/avatar\\\/f6d8782c11d12b2d4ad3fbb6931aeab5309937a4d6cd2fc9cfaa28a6396a5aec?s=96&d=mm&r=g\",\"url\":\"https:\\\/\\\/secure.gravatar.com\\\/avatar\\\/f6d8782c11d12b2d4ad3fbb6931aeab5309937a4d6cd2fc9cfaa28a6396a5aec?s=96&d=mm&r=g\",\"contentUrl\":\"https:\\\/\\\/secure.gravatar.com\\\/avatar\\\/f6d8782c11d12b2d4ad3fbb6931aeab5309937a4d6cd2fc9cfaa28a6396a5aec?s=96&d=mm&r=g\",\"caption\":\"Redacci\u00f3n\"},\"url\":\"https:\\\/\\\/fuentesfidedignas.com.mx\\\/index.php\\\/author\\\/redaccion\\\/\"}]}<\/script>\n<!-- \/ Yoast SEO plugin. -->","yoast_head_json":{"title":"Personal de Centros Penitenciarios de Sinaloa recibe capacitaci\u00f3n en Derechos  Humanos - Fuentes Fidedignas","robots":{"index":"index","follow":"follow","max-snippet":"max-snippet:-1","max-image-preview":"max-image-preview:large","max-video-preview":"max-video-preview:-1"},"canonical":"https:\/\/fuentesfidedignas.com.mx\/index.php\/2021\/11\/19\/personal-de-centros-penitenciarios-de-sinaloa-recibe-capacitacion-en-derechos-humanos\/","og_locale":"es_MX","og_type":"article","og_title":"Personal de Centros Penitenciarios de Sinaloa recibe capacitaci\u00f3n en Derechos  Humanos - Fuentes Fidedignas","og_description":"Entre las personas que recibieron dicha formaci\u00f3n se encuentra personal operativo como administrativo Culiac\u00e1n, Sin.- Personal operativo y administrativo que se desempe\u00f1a en los tres centros penitenciarios del estado de Sinaloa recibieron una capacitaci\u00f3n por la Comisi\u00f3n Estatal de Derechos Humanos (CEDH) a fin de que cuenten con las herramientas para mejorar el ejercicio de [&hellip;]","og_url":"https:\/\/fuentesfidedignas.com.mx\/index.php\/2021\/11\/19\/personal-de-centros-penitenciarios-de-sinaloa-recibe-capacitacion-en-derechos-humanos\/","og_site_name":"Fuentes Fidedignas","article_publisher":"https:\/\/www.facebook.com\/Fuentes-Fidedignas-368234489921644","article_published_time":"2021-11-19T22:59:19+00:00","article_modified_time":"2021-11-19T22:59:20+00:00","og_image":[{"width":1156,"height":521,"url":"https:\/\/fuentesfidedignas.com.mx\/wp-content\/uploads\/2021\/11\/CAPACITACION.jpeg","type":"image\/jpeg"}],"author":"Redacci\u00f3n","twitter_card":"summary_large_image","twitter_creator":"@fidedignas","twitter_site":"@fidedignas","twitter_misc":{"Escrito por":"Redacci\u00f3n","Tiempo de lectura":"1 minuto"},"schema":{"@context":"https:\/\/schema.org","@graph":[{"@type":"Article","@id":"https:\/\/fuentesfidedignas.com.mx\/index.php\/2021\/11\/19\/personal-de-centros-penitenciarios-de-sinaloa-recibe-capacitacion-en-derechos-humanos\/#article","isPartOf":{"@id":"https:\/\/fuentesfidedignas.com.mx\/index.php\/2021\/11\/19\/personal-de-centros-penitenciarios-de-sinaloa-recibe-capacitacion-en-derechos-humanos\/"},"author":{"name":"Redacci\u00f3n","@id":"https:\/\/fuentesfidedignas.com.mx\/#\/schema\/person\/331be9283d37198e2acd5750279085b0"},"headline":"Personal de Centros Penitenciarios de Sinaloa recibe capacitaci\u00f3n en Derechos Humanos","datePublished":"2021-11-19T22:59:19+00:00","dateModified":"2021-11-19T22:59:20+00:00","mainEntityOfPage":{"@id":"https:\/\/fuentesfidedignas.com.mx\/index.php\/2021\/11\/19\/personal-de-centros-penitenciarios-de-sinaloa-recibe-capacitacion-en-derechos-humanos\/"},"wordCount":201,"commentCount":0,"publisher":{"@id":"https:\/\/fuentesfidedignas.com.mx\/#organization"},"image":{"@id":"https:\/\/fuentesfidedignas.com.mx\/index.php\/2021\/11\/19\/personal-de-centros-penitenciarios-de-sinaloa-recibe-capacitacion-en-derechos-humanos\/#primaryimage"},"thumbnailUrl":"https:\/\/fuentesfidedignas.com.mx\/wp-content\/uploads\/2021\/11\/CAPACITACION.jpeg","keywords":["Capacitaci\u00f3n","CEDH","Centros Penitenciarios de Sinaloa","Comisi\u00f3n Estatal de Derechos Humanos"],"articleSection":["NOTICIAS LOCALES"],"inLanguage":"es","potentialAction":[{"@type":"CommentAction","name":"Comment","target":["https:\/\/fuentesfidedignas.com.mx\/index.php\/2021\/11\/19\/personal-de-centros-penitenciarios-de-sinaloa-recibe-capacitacion-en-derechos-humanos\/#respond"]}]},{"@type":"WebPage","@id":"https:\/\/fuentesfidedignas.com.mx\/index.php\/2021\/11\/19\/personal-de-centros-penitenciarios-de-sinaloa-recibe-capacitacion-en-derechos-humanos\/","url":"https:\/\/fuentesfidedignas.com.mx\/index.php\/2021\/11\/19\/personal-de-centros-penitenciarios-de-sinaloa-recibe-capacitacion-en-derechos-humanos\/","name":"Personal de Centros Penitenciarios de Sinaloa recibe capacitaci\u00f3n en Derechos Humanos - Fuentes Fidedignas","isPartOf":{"@id":"https:\/\/fuentesfidedignas.com.mx\/#website"},"primaryImageOfPage":{"@id":"https:\/\/fuentesfidedignas.com.mx\/index.php\/2021\/11\/19\/personal-de-centros-penitenciarios-de-sinaloa-recibe-capacitacion-en-derechos-humanos\/#primaryimage"},"image":{"@id":"https:\/\/fuentesfidedignas.com.mx\/index.php\/2021\/11\/19\/personal-de-centros-penitenciarios-de-sinaloa-recibe-capacitacion-en-derechos-humanos\/#primaryimage"},"thumbnailUrl":"https:\/\/fuentesfidedignas.com.mx\/wp-content\/uploads\/2021\/11\/CAPACITACION.jpeg","datePublished":"2021-11-19T22:59:19+00:00","dateModified":"2021-11-19T22:59:20+00:00","breadcrumb":{"@id":"https:\/\/fuentesfidedignas.com.mx\/index.php\/2021\/11\/19\/personal-de-centros-penitenciarios-de-sinaloa-recibe-capacitacion-en-derechos-humanos\/#breadcrumb"},"inLanguage":"es","potentialAction":[{"@type":"ReadAction","target":["https:\/\/fuentesfidedignas.com.mx\/index.php\/2021\/11\/19\/personal-de-centros-penitenciarios-de-sinaloa-recibe-capacitacion-en-derechos-humanos\/"]}]},{"@type":"ImageObject","inLanguage":"es","@id":"https:\/\/fuentesfidedignas.com.mx\/index.php\/2021\/11\/19\/personal-de-centros-penitenciarios-de-sinaloa-recibe-capacitacion-en-derechos-humanos\/#primaryimage","url":"https:\/\/fuentesfidedignas.com.mx\/wp-content\/uploads\/2021\/11\/CAPACITACION.jpeg","contentUrl":"https:\/\/fuentesfidedignas.com.mx\/wp-content\/uploads\/2021\/11\/CAPACITACION.jpeg","width":1156,"height":521},{"@type":"BreadcrumbList","@id":"https:\/\/fuentesfidedignas.com.mx\/index.php\/2021\/11\/19\/personal-de-centros-penitenciarios-de-sinaloa-recibe-capacitacion-en-derechos-humanos\/#breadcrumb","itemListElement":[{"@type":"ListItem","position":1,"name":"Inicio","item":"https:\/\/fuentesfidedignas.com.mx\/"},{"@type":"ListItem","position":2,"name":"Personal de Centros Penitenciarios de Sinaloa recibe capacitaci\u00f3n en Derechos Humanos"}]},{"@type":"WebSite","@id":"https:\/\/fuentesfidedignas.com.mx\/#website","url":"https:\/\/fuentesfidedignas.com.mx\/","name":"Fuentes Fidedignas","description":"Otro sitio realizado con WordPress","publisher":{"@id":"https:\/\/fuentesfidedignas.com.mx\/#organization"},"potentialAction":[{"@type":"SearchAction","target":{"@type":"EntryPoint","urlTemplate":"https:\/\/fuentesfidedignas.com.mx\/?s={search_term_string}"},"query-input":{"@type":"PropertyValueSpecification","valueRequired":true,"valueName":"search_term_string"}}],"inLanguage":"es"},{"@type":"Organization","@id":"https:\/\/fuentesfidedignas.com.mx\/#organization","name":"Fuentes Fidedignas","url":"https:\/\/fuentesfidedignas.com.mx\/","logo":{"@type":"ImageObject","inLanguage":"es","@id":"https:\/\/fuentesfidedignas.com.mx\/#\/schema\/logo\/image\/","url":"https:\/\/fuentesfidedignas.com.mx\/wp-content\/uploads\/2021\/04\/logo-retina.png","contentUrl":"https:\/\/fuentesfidedignas.com.mx\/wp-content\/uploads\/2021\/04\/logo-retina.png","width":280,"height":51,"caption":"Fuentes Fidedignas"},"image":{"@id":"https:\/\/fuentesfidedignas.com.mx\/#\/schema\/logo\/image\/"},"sameAs":["https:\/\/www.facebook.com\/Fuentes-Fidedignas-368234489921644","https:\/\/x.com\/fidedignas"]},{"@type":"Person","@id":"https:\/\/fuentesfidedignas.com.mx\/#\/schema\/person\/331be9283d37198e2acd5750279085b0","name":"Redacci\u00f3n","image":{"@type":"ImageObject","inLanguage":"es","@id":"https:\/\/secure.gravatar.com\/avatar\/f6d8782c11d12b2d4ad3fbb6931aeab5309937a4d6cd2fc9cfaa28a6396a5aec?s=96&d=mm&r=g","url":"https:\/\/secure.gravatar.com\/avatar\/f6d8782c11d12b2d4ad3fbb6931aeab5309937a4d6cd2fc9cfaa28a6396a5aec?s=96&d=mm&r=g","contentUrl":"https:\/\/secure.gravatar.com\/avatar\/f6d8782c11d12b2d4ad3fbb6931aeab5309937a4d6cd2fc9cfaa28a6396a5aec?s=96&d=mm&r=g","caption":"Redacci\u00f3n"},"url":"https:\/\/fuentesfidedignas.com.mx\/index.php\/author\/redaccion\/"}]}},"_links":{"self":[{"href":"https:\/\/fuentesfidedignas.com.mx\/index.php\/wp-json\/wp\/v2\/posts\/17877","targetHints":{"allow":["GET"]}}],"collection":[{"href":"https:\/\/fuentesfidedignas.com.mx\/index.php\/wp-json\/wp\/v2\/posts"}],"about":[{"href":"https:\/\/fuentesfidedignas.com.mx\/index.php\/wp-json\/wp\/v2\/types\/post"}],"author":[{"embeddable":true,"href":"https:\/\/fuentesfidedignas.com.mx\/index.php\/wp-json\/wp\/v2\/users\/4"}],"replies":[{"embeddable":true,"href":"https:\/\/fuentesfidedignas.com.mx\/index.php\/wp-json\/wp\/v2\/comments?post=17877"}],"version-history":[{"count":1,"href":"https:\/\/fuentesfidedignas.com.mx\/index.php\/wp-json\/wp\/v2\/posts\/17877\/revisions"}],"predecessor-version":[{"id":17879,"href":"https:\/\/fuentesfidedignas.com.mx\/index.php\/wp-json\/wp\/v2\/posts\/17877\/revisions\/17879"}],"wp:featuredmedia":[{"embeddable":true,"href":"https:\/\/fuentesfidedignas.com.mx\/index.php\/wp-json\/wp\/v2\/media\/17878"}],"wp:attachment":[{"href":"https:\/\/fuentesfidedignas.com.mx\/index.php\/wp-json\/wp\/v2\/media?parent=17877"}],"wp:term":[{"taxonomy":"category","embeddable":true,"href":"https:\/\/fuentesfidedignas.com.mx\/index.php\/wp-json\/wp\/v2\/categories?post=17877"},{"taxonomy":"post_tag","embeddable":true,"href":"https:\/\/fuentesfidedignas.com.mx\/index.php\/wp-json\/wp\/v2\/tags?post=17877"}],"curies":[{"name":"wp","href":"https:\/\/api.w.org\/{rel}","templated":true}]}}