{"id":17869,"date":"2021-11-19T15:18:31","date_gmt":"2021-11-19T22:18:31","guid":{"rendered":"https:\/\/fuentesfidedignas.com.mx\/?p=17869"},"modified":"2021-11-19T15:18:32","modified_gmt":"2021-11-19T22:18:32","slug":"gira-de-trabajo-del-gobernador-por-ahome-lleva-mas-de-50-mdp-de-inversion-en-obras-de-impacto-social","status":"publish","type":"post","link":"https:\/\/fuentesfidedignas.com.mx\/index.php\/2021\/11\/19\/gira-de-trabajo-del-gobernador-por-ahome-lleva-mas-de-50-mdp-de-inversion-en-obras-de-impacto-social\/","title":{"rendered":"Gira de trabajo del gobernador por Ahome, lleva m\u00e1s de 50 mdp de inversi\u00f3n en obras de impacto social"},"content":{"rendered":"\n<p><strong><em>Acompa\u00f1ado del Alcalde Gerardo Vargas Landeros, de diputadas locales, funcionarios y l\u00edderes comunitarios, el Gobernador Rub\u00e9n Rocha Moya puso en marcha trabajos de agua potable y carreteras en los ejidos Benito Ju\u00e1rez y 20 de Noviembre\u2026<\/em><\/strong><\/p>\n\n\n\n<p>Ejido 20 de Noviembre, Ahome, Sin.- El Presidente Municipal Gerardo Octavio Vargas Landeros recibi\u00f3 este viernes al Gobernador de Sinaloa Rub\u00e9n Rocha Moya, quien realiz\u00f3 su primera gira de trabajo por el Municipio de Ahome para dar el banderazo de inicio de dos importantes obras para mejorar y dignificar las condiciones de vida de las familias ahomenses, en las que se invierten alrededor de 50 millones de pesos.<\/p>\n\n\n\n<p>La visita del Gobernador inici\u00f3 en el Ejido Benito Ju\u00e1rez, con el banderazo de inicio de los trabajos de construcci\u00f3n de c\u00e1rcamo de agua potable para conectarlo con la ciudad de Los Mochis y multiplicar la producci\u00f3n del vital l\u00edquido hasta 100 litros por segundo en beneficio de alrededor de 100 mil habitantes.<\/p>\n\n\n\n<p>En dicha obra se hace una inversi\u00f3n de alrededor de 42 millones de pesos.<\/p>\n\n\n\n<p>Ah\u00ed, el Gobernador hizo compromiso con el Alcalde y los vecinos de ese sector del Municipio de que en breve se iniciar\u00e1n los trabajos de construcci\u00f3n de techumbre en la cancha de la comunidad y cerca perimetral en la escuela.<\/p>\n\n\n\n<p>\u201cPero lo m\u00e1s importante es que tambi\u00e9n en breve iniciaremos la rehabilitaci\u00f3n integral de la carretera que conecta sus comunidades con la ciudad de Los Mochis como lo han venido pidiendo desde hace mucho tiempo\u201d, expres\u00f3.<\/p>\n\n\n\n<p>De ah\u00ed, el Gobernador Rub\u00e9n Rocha Moya y el Alcalde Gerardo Vargas Landeros, se trasladaron al Ejido 20 de Noviembre, para poner en marcha los trabajos de rehabilitaci\u00f3n integral de la carretera del Libramiento Lateral 18, desde la carretera Internacional M\u00e9xico 15 hasta el entronque con esta comunidad ejidal.<\/p>\n\n\n\n<p>La informaci\u00f3n indica que con inversi\u00f3n de aproximadamente 10 millones 300 mil pesos se reconstruir\u00e1n 5.5 kil\u00f3metros de dicha r\u00faa, para agilizar el tr\u00e1nsito de unidades de carga pesadas hacia el puerto de Topolobampo, sin necesidad que crucen por la ciudad de Los Mochis.<\/p>\n\n\n\n<p>Rocha Moya dijo al Alcalde y a los ahomenses que este tipo de obras de gran impacto social para beneficio de los sectores sociales m\u00e1s vulnerables y necesitados, como lo estipulan las pol\u00edticas p\u00fablicas de la 4T, de atender primero a los pobres e impactar para dignificar y mejorar las condiciones de vida de todos los ciudadanos, ser\u00e1n el sello del Gobierno que encabeza en Sinaloa y que hoy llegan a Ahome con este tipo de acciones.<\/p>\n\n\n\n<p>En el recorrido por el Municipio, el Gobernador estuvo acompa\u00f1ado tambi\u00e9n de las diputadas locales representantes del Municipio de Ahome, Cecilia Covarrubias, Juana Minerva V\u00e1zquez y Elizabeth Ch\u00eda, as\u00ed como funcionarios estatales y municipales, y l\u00edderes comunitarios, quienes agradecieron la visita del mandatario y de los beneficios que les trae y los que anunci\u00f3 para pr\u00f3ximas fechas en Ahome.<\/p>\n\n\n\n<p>En su mensaje, el Alcalde Gerardo Vargas Landeros, expres\u00f3 su benepl\u00e1cito por la visita del Gobernador y por el gran beneficio que deja para los ahomenses, y en especial por el anuncio de que continuar\u00e1 viviendo para trae m\u00e1s obras y acciones de gobierno para las familias ahomenses.<\/p>\n\n\n\n<p>A nombre de los ciudadanos ahomenses particip\u00f3 el comisariado municipal del Ejido Benito Ju\u00e1rez, Jes\u00fas Manuel Parra, quien adem\u00e1s de agradecer los beneficios aprovech\u00f3 para solicitar otras obras y acciones que de inmediato fueron registradas por el Alcalde y el Gobernador, quienes hicieron compromiso de atenderlas a la mayor brevedad.<\/p>\n","protected":false},"excerpt":{"rendered":"<p>Acompa\u00f1ado del Alcalde Gerardo Vargas Landeros, de diputadas locales, funcionarios y l\u00edderes comunitarios, el Gobernador Rub\u00e9n Rocha Moya puso en marcha trabajos de agua potable y carreteras en los ejidos Benito Ju\u00e1rez y 20 de Noviembre\u2026 Ejido 20 de Noviembre, Ahome, Sin.- El Presidente Municipal Gerardo Octavio Vargas Landeros recibi\u00f3 este viernes al Gobernador de [&hellip;]<\/p>\n","protected":false},"author":4,"featured_media":0,"comment_status":"open","ping_status":"open","sticky":false,"template":"","format":"standard","meta":{"tdm_status":"","tdm_grid_status":"","footnotes":""},"categories":[38],"tags":[278,1654,52],"class_list":{"0":"post-17869","1":"post","2":"type-post","3":"status-publish","4":"format-standard","6":"category-noticias-locales","7":"tag-ahome","8":"tag-gerardo-vargas-landeros","9":"tag-ruben-rocha-moya"},"yoast_head":"<!-- This site is optimized with the Yoast SEO plugin v27.5 - https:\/\/yoast.com\/product\/yoast-seo-wordpress\/ -->\n<title>Gira de trabajo del gobernador por Ahome, lleva m\u00e1s de 50 mdp de inversi\u00f3n en obras de impacto social - Fuentes Fidedignas<\/title>\n<meta name=\"robots\" content=\"index, follow, max-snippet:-1, max-image-preview:large, max-video-preview:-1\" \/>\n<link rel=\"canonical\" href=\"https:\/\/fuentesfidedignas.com.mx\/index.php\/2021\/11\/19\/gira-de-trabajo-del-gobernador-por-ahome-lleva-mas-de-50-mdp-de-inversion-en-obras-de-impacto-social\/\" \/>\n<meta property=\"og:locale\" content=\"es_MX\" \/>\n<meta property=\"og:type\" content=\"article\" \/>\n<meta property=\"og:title\" content=\"Gira de trabajo del gobernador por Ahome, lleva m\u00e1s de 50 mdp de inversi\u00f3n en obras de impacto social - Fuentes Fidedignas\" \/>\n<meta property=\"og:description\" content=\"Acompa\u00f1ado del Alcalde Gerardo Vargas Landeros, de diputadas locales, funcionarios y l\u00edderes comunitarios, el Gobernador Rub\u00e9n Rocha Moya puso en marcha trabajos de agua potable y carreteras en los ejidos Benito Ju\u00e1rez y 20 de Noviembre\u2026 Ejido 20 de Noviembre, Ahome, Sin.- El Presidente Municipal Gerardo Octavio Vargas Landeros recibi\u00f3 este viernes al Gobernador de [&hellip;]\" \/>\n<meta property=\"og:url\" content=\"https:\/\/fuentesfidedignas.com.mx\/index.php\/2021\/11\/19\/gira-de-trabajo-del-gobernador-por-ahome-lleva-mas-de-50-mdp-de-inversion-en-obras-de-impacto-social\/\" \/>\n<meta property=\"og:site_name\" content=\"Fuentes Fidedignas\" \/>\n<meta property=\"article:publisher\" content=\"https:\/\/www.facebook.com\/Fuentes-Fidedignas-368234489921644\" \/>\n<meta property=\"article:published_time\" content=\"2021-11-19T22:18:31+00:00\" \/>\n<meta property=\"article:modified_time\" content=\"2021-11-19T22:18:32+00:00\" \/>\n<meta property=\"og:image\" content=\"https:\/\/fuentesfidedignas.com.mx\/wp-content\/uploads\/2021\/11\/WhatsApp-Image-2021-11-19-at-2.57.14-PM.jpeg\" \/>\n\t<meta property=\"og:image:width\" content=\"497\" \/>\n\t<meta property=\"og:image:height\" content=\"458\" \/>\n\t<meta property=\"og:image:type\" content=\"image\/jpeg\" \/>\n<meta name=\"author\" content=\"Redacci\u00f3n\" \/>\n<meta name=\"twitter:card\" content=\"summary_large_image\" \/>\n<meta name=\"twitter:creator\" content=\"@fidedignas\" \/>\n<meta name=\"twitter:site\" content=\"@fidedignas\" \/>\n<meta name=\"twitter:label1\" content=\"Escrito por\" \/>\n\t<meta name=\"twitter:data1\" content=\"Redacci\u00f3n\" \/>\n\t<meta name=\"twitter:label2\" content=\"Tiempo de lectura\" \/>\n\t<meta name=\"twitter:data2\" content=\"3 minutos\" \/>\n<script type=\"application\/ld+json\" class=\"yoast-schema-graph\">{\"@context\":\"https:\\\/\\\/schema.org\",\"@graph\":[{\"@type\":\"Article\",\"@id\":\"https:\\\/\\\/fuentesfidedignas.com.mx\\\/index.php\\\/2021\\\/11\\\/19\\\/gira-de-trabajo-del-gobernador-por-ahome-lleva-mas-de-50-mdp-de-inversion-en-obras-de-impacto-social\\\/#article\",\"isPartOf\":{\"@id\":\"https:\\\/\\\/fuentesfidedignas.com.mx\\\/index.php\\\/2021\\\/11\\\/19\\\/gira-de-trabajo-del-gobernador-por-ahome-lleva-mas-de-50-mdp-de-inversion-en-obras-de-impacto-social\\\/\"},\"author\":{\"name\":\"Redacci\u00f3n\",\"@id\":\"https:\\\/\\\/fuentesfidedignas.com.mx\\\/#\\\/schema\\\/person\\\/331be9283d37198e2acd5750279085b0\"},\"headline\":\"Gira de trabajo del gobernador por Ahome, lleva m\u00e1s de 50 mdp de inversi\u00f3n en obras de impacto social\",\"datePublished\":\"2021-11-19T22:18:31+00:00\",\"dateModified\":\"2021-11-19T22:18:32+00:00\",\"mainEntityOfPage\":{\"@id\":\"https:\\\/\\\/fuentesfidedignas.com.mx\\\/index.php\\\/2021\\\/11\\\/19\\\/gira-de-trabajo-del-gobernador-por-ahome-lleva-mas-de-50-mdp-de-inversion-en-obras-de-impacto-social\\\/\"},\"wordCount\":623,\"commentCount\":0,\"publisher\":{\"@id\":\"https:\\\/\\\/fuentesfidedignas.com.mx\\\/#organization\"},\"keywords\":[\"Ahome\",\"Gerardo Vargas Landeros\",\"Rub\u00e9n Rocha Moya\"],\"articleSection\":[\"NOTICIAS LOCALES\"],\"inLanguage\":\"es\",\"potentialAction\":[{\"@type\":\"CommentAction\",\"name\":\"Comment\",\"target\":[\"https:\\\/\\\/fuentesfidedignas.com.mx\\\/index.php\\\/2021\\\/11\\\/19\\\/gira-de-trabajo-del-gobernador-por-ahome-lleva-mas-de-50-mdp-de-inversion-en-obras-de-impacto-social\\\/#respond\"]}]},{\"@type\":\"WebPage\",\"@id\":\"https:\\\/\\\/fuentesfidedignas.com.mx\\\/index.php\\\/2021\\\/11\\\/19\\\/gira-de-trabajo-del-gobernador-por-ahome-lleva-mas-de-50-mdp-de-inversion-en-obras-de-impacto-social\\\/\",\"url\":\"https:\\\/\\\/fuentesfidedignas.com.mx\\\/index.php\\\/2021\\\/11\\\/19\\\/gira-de-trabajo-del-gobernador-por-ahome-lleva-mas-de-50-mdp-de-inversion-en-obras-de-impacto-social\\\/\",\"name\":\"Gira de trabajo del gobernador por Ahome, lleva m\u00e1s de 50 mdp de inversi\u00f3n en obras de impacto social - Fuentes Fidedignas\",\"isPartOf\":{\"@id\":\"https:\\\/\\\/fuentesfidedignas.com.mx\\\/#website\"},\"datePublished\":\"2021-11-19T22:18:31+00:00\",\"dateModified\":\"2021-11-19T22:18:32+00:00\",\"breadcrumb\":{\"@id\":\"https:\\\/\\\/fuentesfidedignas.com.mx\\\/index.php\\\/2021\\\/11\\\/19\\\/gira-de-trabajo-del-gobernador-por-ahome-lleva-mas-de-50-mdp-de-inversion-en-obras-de-impacto-social\\\/#breadcrumb\"},\"inLanguage\":\"es\",\"potentialAction\":[{\"@type\":\"ReadAction\",\"target\":[\"https:\\\/\\\/fuentesfidedignas.com.mx\\\/index.php\\\/2021\\\/11\\\/19\\\/gira-de-trabajo-del-gobernador-por-ahome-lleva-mas-de-50-mdp-de-inversion-en-obras-de-impacto-social\\\/\"]}]},{\"@type\":\"BreadcrumbList\",\"@id\":\"https:\\\/\\\/fuentesfidedignas.com.mx\\\/index.php\\\/2021\\\/11\\\/19\\\/gira-de-trabajo-del-gobernador-por-ahome-lleva-mas-de-50-mdp-de-inversion-en-obras-de-impacto-social\\\/#breadcrumb\",\"itemListElement\":[{\"@type\":\"ListItem\",\"position\":1,\"name\":\"Inicio\",\"item\":\"https:\\\/\\\/fuentesfidedignas.com.mx\\\/\"},{\"@type\":\"ListItem\",\"position\":2,\"name\":\"Gira de trabajo del gobernador por Ahome, lleva m\u00e1s de 50 mdp de inversi\u00f3n en obras de impacto social\"}]},{\"@type\":\"WebSite\",\"@id\":\"https:\\\/\\\/fuentesfidedignas.com.mx\\\/#website\",\"url\":\"https:\\\/\\\/fuentesfidedignas.com.mx\\\/\",\"name\":\"Fuentes Fidedignas\",\"description\":\"Otro sitio realizado con WordPress\",\"publisher\":{\"@id\":\"https:\\\/\\\/fuentesfidedignas.com.mx\\\/#organization\"},\"potentialAction\":[{\"@type\":\"SearchAction\",\"target\":{\"@type\":\"EntryPoint\",\"urlTemplate\":\"https:\\\/\\\/fuentesfidedignas.com.mx\\\/?s={search_term_string}\"},\"query-input\":{\"@type\":\"PropertyValueSpecification\",\"valueRequired\":true,\"valueName\":\"search_term_string\"}}],\"inLanguage\":\"es\"},{\"@type\":\"Organization\",\"@id\":\"https:\\\/\\\/fuentesfidedignas.com.mx\\\/#organization\",\"name\":\"Fuentes Fidedignas\",\"url\":\"https:\\\/\\\/fuentesfidedignas.com.mx\\\/\",\"logo\":{\"@type\":\"ImageObject\",\"inLanguage\":\"es\",\"@id\":\"https:\\\/\\\/fuentesfidedignas.com.mx\\\/#\\\/schema\\\/logo\\\/image\\\/\",\"url\":\"https:\\\/\\\/fuentesfidedignas.com.mx\\\/wp-content\\\/uploads\\\/2021\\\/04\\\/logo-retina.png\",\"contentUrl\":\"https:\\\/\\\/fuentesfidedignas.com.mx\\\/wp-content\\\/uploads\\\/2021\\\/04\\\/logo-retina.png\",\"width\":280,\"height\":51,\"caption\":\"Fuentes Fidedignas\"},\"image\":{\"@id\":\"https:\\\/\\\/fuentesfidedignas.com.mx\\\/#\\\/schema\\\/logo\\\/image\\\/\"},\"sameAs\":[\"https:\\\/\\\/www.facebook.com\\\/Fuentes-Fidedignas-368234489921644\",\"https:\\\/\\\/x.com\\\/fidedignas\"]},{\"@type\":\"Person\",\"@id\":\"https:\\\/\\\/fuentesfidedignas.com.mx\\\/#\\\/schema\\\/person\\\/331be9283d37198e2acd5750279085b0\",\"name\":\"Redacci\u00f3n\",\"image\":{\"@type\":\"ImageObject\",\"inLanguage\":\"es\",\"@id\":\"https:\\\/\\\/secure.gravatar.com\\\/avatar\\\/f6d8782c11d12b2d4ad3fbb6931aeab5309937a4d6cd2fc9cfaa28a6396a5aec?s=96&d=mm&r=g\",\"url\":\"https:\\\/\\\/secure.gravatar.com\\\/avatar\\\/f6d8782c11d12b2d4ad3fbb6931aeab5309937a4d6cd2fc9cfaa28a6396a5aec?s=96&d=mm&r=g\",\"contentUrl\":\"https:\\\/\\\/secure.gravatar.com\\\/avatar\\\/f6d8782c11d12b2d4ad3fbb6931aeab5309937a4d6cd2fc9cfaa28a6396a5aec?s=96&d=mm&r=g\",\"caption\":\"Redacci\u00f3n\"},\"url\":\"https:\\\/\\\/fuentesfidedignas.com.mx\\\/index.php\\\/author\\\/redaccion\\\/\"}]}<\/script>\n<!-- \/ Yoast SEO plugin. -->","yoast_head_json":{"title":"Gira de trabajo del gobernador por Ahome, lleva m\u00e1s de 50 mdp de inversi\u00f3n en obras de impacto social - Fuentes Fidedignas","robots":{"index":"index","follow":"follow","max-snippet":"max-snippet:-1","max-image-preview":"max-image-preview:large","max-video-preview":"max-video-preview:-1"},"canonical":"https:\/\/fuentesfidedignas.com.mx\/index.php\/2021\/11\/19\/gira-de-trabajo-del-gobernador-por-ahome-lleva-mas-de-50-mdp-de-inversion-en-obras-de-impacto-social\/","og_locale":"es_MX","og_type":"article","og_title":"Gira de trabajo del gobernador por Ahome, lleva m\u00e1s de 50 mdp de inversi\u00f3n en obras de impacto social - Fuentes Fidedignas","og_description":"Acompa\u00f1ado del Alcalde Gerardo Vargas Landeros, de diputadas locales, funcionarios y l\u00edderes comunitarios, el Gobernador Rub\u00e9n Rocha Moya puso en marcha trabajos de agua potable y carreteras en los ejidos Benito Ju\u00e1rez y 20 de Noviembre\u2026 Ejido 20 de Noviembre, Ahome, Sin.- El Presidente Municipal Gerardo Octavio Vargas Landeros recibi\u00f3 este viernes al Gobernador de [&hellip;]","og_url":"https:\/\/fuentesfidedignas.com.mx\/index.php\/2021\/11\/19\/gira-de-trabajo-del-gobernador-por-ahome-lleva-mas-de-50-mdp-de-inversion-en-obras-de-impacto-social\/","og_site_name":"Fuentes Fidedignas","article_publisher":"https:\/\/www.facebook.com\/Fuentes-Fidedignas-368234489921644","article_published_time":"2021-11-19T22:18:31+00:00","article_modified_time":"2021-11-19T22:18:32+00:00","og_image":[{"width":497,"height":458,"url":"https:\/\/fuentesfidedignas.com.mx\/wp-content\/uploads\/2021\/11\/WhatsApp-Image-2021-11-19-at-2.57.14-PM.jpeg","type":"image\/jpeg"}],"author":"Redacci\u00f3n","twitter_card":"summary_large_image","twitter_creator":"@fidedignas","twitter_site":"@fidedignas","twitter_misc":{"Escrito por":"Redacci\u00f3n","Tiempo de lectura":"3 minutos"},"schema":{"@context":"https:\/\/schema.org","@graph":[{"@type":"Article","@id":"https:\/\/fuentesfidedignas.com.mx\/index.php\/2021\/11\/19\/gira-de-trabajo-del-gobernador-por-ahome-lleva-mas-de-50-mdp-de-inversion-en-obras-de-impacto-social\/#article","isPartOf":{"@id":"https:\/\/fuentesfidedignas.com.mx\/index.php\/2021\/11\/19\/gira-de-trabajo-del-gobernador-por-ahome-lleva-mas-de-50-mdp-de-inversion-en-obras-de-impacto-social\/"},"author":{"name":"Redacci\u00f3n","@id":"https:\/\/fuentesfidedignas.com.mx\/#\/schema\/person\/331be9283d37198e2acd5750279085b0"},"headline":"Gira de trabajo del gobernador por Ahome, lleva m\u00e1s de 50 mdp de inversi\u00f3n en obras de impacto social","datePublished":"2021-11-19T22:18:31+00:00","dateModified":"2021-11-19T22:18:32+00:00","mainEntityOfPage":{"@id":"https:\/\/fuentesfidedignas.com.mx\/index.php\/2021\/11\/19\/gira-de-trabajo-del-gobernador-por-ahome-lleva-mas-de-50-mdp-de-inversion-en-obras-de-impacto-social\/"},"wordCount":623,"commentCount":0,"publisher":{"@id":"https:\/\/fuentesfidedignas.com.mx\/#organization"},"keywords":["Ahome","Gerardo Vargas Landeros","Rub\u00e9n Rocha Moya"],"articleSection":["NOTICIAS LOCALES"],"inLanguage":"es","potentialAction":[{"@type":"CommentAction","name":"Comment","target":["https:\/\/fuentesfidedignas.com.mx\/index.php\/2021\/11\/19\/gira-de-trabajo-del-gobernador-por-ahome-lleva-mas-de-50-mdp-de-inversion-en-obras-de-impacto-social\/#respond"]}]},{"@type":"WebPage","@id":"https:\/\/fuentesfidedignas.com.mx\/index.php\/2021\/11\/19\/gira-de-trabajo-del-gobernador-por-ahome-lleva-mas-de-50-mdp-de-inversion-en-obras-de-impacto-social\/","url":"https:\/\/fuentesfidedignas.com.mx\/index.php\/2021\/11\/19\/gira-de-trabajo-del-gobernador-por-ahome-lleva-mas-de-50-mdp-de-inversion-en-obras-de-impacto-social\/","name":"Gira de trabajo del gobernador por Ahome, lleva m\u00e1s de 50 mdp de inversi\u00f3n en obras de impacto social - Fuentes Fidedignas","isPartOf":{"@id":"https:\/\/fuentesfidedignas.com.mx\/#website"},"datePublished":"2021-11-19T22:18:31+00:00","dateModified":"2021-11-19T22:18:32+00:00","breadcrumb":{"@id":"https:\/\/fuentesfidedignas.com.mx\/index.php\/2021\/11\/19\/gira-de-trabajo-del-gobernador-por-ahome-lleva-mas-de-50-mdp-de-inversion-en-obras-de-impacto-social\/#breadcrumb"},"inLanguage":"es","potentialAction":[{"@type":"ReadAction","target":["https:\/\/fuentesfidedignas.com.mx\/index.php\/2021\/11\/19\/gira-de-trabajo-del-gobernador-por-ahome-lleva-mas-de-50-mdp-de-inversion-en-obras-de-impacto-social\/"]}]},{"@type":"BreadcrumbList","@id":"https:\/\/fuentesfidedignas.com.mx\/index.php\/2021\/11\/19\/gira-de-trabajo-del-gobernador-por-ahome-lleva-mas-de-50-mdp-de-inversion-en-obras-de-impacto-social\/#breadcrumb","itemListElement":[{"@type":"ListItem","position":1,"name":"Inicio","item":"https:\/\/fuentesfidedignas.com.mx\/"},{"@type":"ListItem","position":2,"name":"Gira de trabajo del gobernador por Ahome, lleva m\u00e1s de 50 mdp de inversi\u00f3n en obras de impacto social"}]},{"@type":"WebSite","@id":"https:\/\/fuentesfidedignas.com.mx\/#website","url":"https:\/\/fuentesfidedignas.com.mx\/","name":"Fuentes Fidedignas","description":"Otro sitio realizado con WordPress","publisher":{"@id":"https:\/\/fuentesfidedignas.com.mx\/#organization"},"potentialAction":[{"@type":"SearchAction","target":{"@type":"EntryPoint","urlTemplate":"https:\/\/fuentesfidedignas.com.mx\/?s={search_term_string}"},"query-input":{"@type":"PropertyValueSpecification","valueRequired":true,"valueName":"search_term_string"}}],"inLanguage":"es"},{"@type":"Organization","@id":"https:\/\/fuentesfidedignas.com.mx\/#organization","name":"Fuentes Fidedignas","url":"https:\/\/fuentesfidedignas.com.mx\/","logo":{"@type":"ImageObject","inLanguage":"es","@id":"https:\/\/fuentesfidedignas.com.mx\/#\/schema\/logo\/image\/","url":"https:\/\/fuentesfidedignas.com.mx\/wp-content\/uploads\/2021\/04\/logo-retina.png","contentUrl":"https:\/\/fuentesfidedignas.com.mx\/wp-content\/uploads\/2021\/04\/logo-retina.png","width":280,"height":51,"caption":"Fuentes Fidedignas"},"image":{"@id":"https:\/\/fuentesfidedignas.com.mx\/#\/schema\/logo\/image\/"},"sameAs":["https:\/\/www.facebook.com\/Fuentes-Fidedignas-368234489921644","https:\/\/x.com\/fidedignas"]},{"@type":"Person","@id":"https:\/\/fuentesfidedignas.com.mx\/#\/schema\/person\/331be9283d37198e2acd5750279085b0","name":"Redacci\u00f3n","image":{"@type":"ImageObject","inLanguage":"es","@id":"https:\/\/secure.gravatar.com\/avatar\/f6d8782c11d12b2d4ad3fbb6931aeab5309937a4d6cd2fc9cfaa28a6396a5aec?s=96&d=mm&r=g","url":"https:\/\/secure.gravatar.com\/avatar\/f6d8782c11d12b2d4ad3fbb6931aeab5309937a4d6cd2fc9cfaa28a6396a5aec?s=96&d=mm&r=g","contentUrl":"https:\/\/secure.gravatar.com\/avatar\/f6d8782c11d12b2d4ad3fbb6931aeab5309937a4d6cd2fc9cfaa28a6396a5aec?s=96&d=mm&r=g","caption":"Redacci\u00f3n"},"url":"https:\/\/fuentesfidedignas.com.mx\/index.php\/author\/redaccion\/"}]}},"_links":{"self":[{"href":"https:\/\/fuentesfidedignas.com.mx\/index.php\/wp-json\/wp\/v2\/posts\/17869","targetHints":{"allow":["GET"]}}],"collection":[{"href":"https:\/\/fuentesfidedignas.com.mx\/index.php\/wp-json\/wp\/v2\/posts"}],"about":[{"href":"https:\/\/fuentesfidedignas.com.mx\/index.php\/wp-json\/wp\/v2\/types\/post"}],"author":[{"embeddable":true,"href":"https:\/\/fuentesfidedignas.com.mx\/index.php\/wp-json\/wp\/v2\/users\/4"}],"replies":[{"embeddable":true,"href":"https:\/\/fuentesfidedignas.com.mx\/index.php\/wp-json\/wp\/v2\/comments?post=17869"}],"version-history":[{"count":1,"href":"https:\/\/fuentesfidedignas.com.mx\/index.php\/wp-json\/wp\/v2\/posts\/17869\/revisions"}],"predecessor-version":[{"id":17871,"href":"https:\/\/fuentesfidedignas.com.mx\/index.php\/wp-json\/wp\/v2\/posts\/17869\/revisions\/17871"}],"wp:attachment":[{"href":"https:\/\/fuentesfidedignas.com.mx\/index.php\/wp-json\/wp\/v2\/media?parent=17869"}],"wp:term":[{"taxonomy":"category","embeddable":true,"href":"https:\/\/fuentesfidedignas.com.mx\/index.php\/wp-json\/wp\/v2\/categories?post=17869"},{"taxonomy":"post_tag","embeddable":true,"href":"https:\/\/fuentesfidedignas.com.mx\/index.php\/wp-json\/wp\/v2\/tags?post=17869"}],"curies":[{"name":"wp","href":"https:\/\/api.w.org\/{rel}","templated":true}]}}