{"id":17781,"date":"2021-11-18T15:44:48","date_gmt":"2021-11-18T22:44:48","guid":{"rendered":"https:\/\/fuentesfidedignas.com.mx\/?p=17781"},"modified":"2021-11-18T15:44:49","modified_gmt":"2021-11-18T22:44:49","slug":"agradecemos-que-eu-nos-de-trato-de-iguales-y-no-de-patio-trasero-amlo-a-biden","status":"publish","type":"post","link":"https:\/\/fuentesfidedignas.com.mx\/index.php\/2021\/11\/18\/agradecemos-que-eu-nos-de-trato-de-iguales-y-no-de-patio-trasero-amlo-a-biden\/","title":{"rendered":"Agradecemos que EU nos d\u00e9 trato de iguales y no de patio trasero: AMLO a Biden"},"content":{"rendered":"\n<p><strong><em>L\u00f3pez Obrador tambi\u00e9n agradeci\u00f3 a Biden por haber mandado al Congreso estadounidense una reforma migratoria para legalizar a 11 millones de mexicanos<\/em><\/strong>.<\/p>\n\n\n\n<p>Ciudad de M\u00e9xico.- Ante el presidente Joe Biden, Andr\u00e9s Manuel L\u00f3pez Obrador agradeci\u00f3 que en una nueva era de las relaciones bilaterales, el trato hacia M\u00e9xico sea como igual y no como el patio trasero de Estados Unidos.<\/p>\n\n\n\n<p>En declaraciones conjuntas previo a su encuentro bilateral, el mandatario mexicano agradeci\u00f3 la visi\u00f3n que Biden ha puesto en su enfoque con M\u00e9xico basado en el respeto y la soberan\u00eda nacionales.<\/p>\n\n\n\n<p>\u201c(El presidente Biden) Me dijo que no nos iban a ver como patio trasero, cosa que agradecemos porque de esa manera no necesitamos estar reafirmando nuestros principios de independencia y soberan\u00eda\u201d, dijo el jefe del Ejecutivo mexicano.<\/p>\n\n\n\n<p>\u201cEn esta nueva etapa de nuestra relaci\u00f3n se nos facilita porque como lo ha expresado el presidente Biden, \u00e9l quiere que el trato sea respetuoso y entre iguales\u201d, sostuvo.<\/p>\n\n\n\n<p>Como lo hizo con la vicepresidenta Kamala Harris, el tabasque\u00f1o agradeci\u00f3 a su par estadounidense haber mandado al Congreso estadounidense una reforma migratoria para legalizar a 11 millones de mexicanos.<\/p>\n\n\n\n<p>L\u00f3pez Obrador agreg\u00f3 que le dijo a Biden que estar\u00edan pendientes del proceso y confi\u00f3 que los legisladores apoyen dicha iniciativa ya que los connacionales han contribuido al crecimiento de Estados Unidos.<\/p>\n\n\n\n<p>En su intervenci\u00f3n, el presidente Joe Biden reconoci\u00f3 las relaciones hist\u00f3ricas entre ambos pa\u00edses y la necesidad en que se refrende el compromiso de un trato entre iguales y no como meros socios comerciales.<\/p>\n\n\n\n<p>El mandatario estadounidense tambi\u00e9n coment\u00f3 sobre los planes de su administraci\u00f3n sobre infraestructura y contribuir a la reactivaci\u00f3n econ\u00f3mica en su pa\u00eds.<\/p>\n\n\n\n<p>Destac\u00f3 que como parte del nuevo di\u00e1logo entre M\u00e9xico y Estados Unidos, durante este a\u00f1o se han reactivado importantes conversaciones bilaterales en materia econ\u00f3mica, de seguridad y entorno al bicentenario de las relaciones diplom\u00e1ticas.<\/p>\n\n\n\n<p>\u201cMuchas gracias por su compromiso por nuestra relaci\u00f3n y espero podemos a hablar de diversos temas de nuestra agenda\u201d, indic\u00f3 Biden.<\/p>\n","protected":false},"excerpt":{"rendered":"<p>L\u00f3pez Obrador tambi\u00e9n agradeci\u00f3 a Biden por haber mandado al Congreso estadounidense una reforma migratoria para legalizar a 11 millones de mexicanos. Ciudad de M\u00e9xico.- Ante el presidente Joe Biden, Andr\u00e9s Manuel L\u00f3pez Obrador agradeci\u00f3 que en una nueva era de las relaciones bilaterales, el trato hacia M\u00e9xico sea como igual y no como el [&hellip;]<\/p>\n","protected":false},"author":5,"featured_media":17783,"comment_status":"open","ping_status":"open","sticky":false,"template":"","format":"standard","meta":{"tdm_status":"","tdm_grid_status":"","footnotes":""},"categories":[39],"tags":[247,297,315,90,311],"class_list":{"0":"post-17781","1":"post","2":"type-post","3":"status-publish","4":"format-standard","5":"has-post-thumbnail","7":"category-noticias-nacionales","8":"tag-amlo","9":"tag-andres-manuel-lopez-obrador","10":"tag-estados-unidos","11":"tag-joe-biden","12":"tag-mexico"},"yoast_head":"<!-- This site is optimized with the Yoast SEO plugin v27.5 - https:\/\/yoast.com\/product\/yoast-seo-wordpress\/ -->\n<title>Agradecemos que EU nos d\u00e9 trato de iguales y no de patio trasero: AMLO a Biden - Fuentes Fidedignas<\/title>\n<meta name=\"robots\" content=\"index, follow, max-snippet:-1, max-image-preview:large, max-video-preview:-1\" \/>\n<link rel=\"canonical\" href=\"https:\/\/fuentesfidedignas.com.mx\/index.php\/2021\/11\/18\/agradecemos-que-eu-nos-de-trato-de-iguales-y-no-de-patio-trasero-amlo-a-biden\/\" \/>\n<meta property=\"og:locale\" content=\"es_MX\" \/>\n<meta property=\"og:type\" content=\"article\" \/>\n<meta property=\"og:title\" content=\"Agradecemos que EU nos d\u00e9 trato de iguales y no de patio trasero: AMLO a Biden - Fuentes Fidedignas\" \/>\n<meta property=\"og:description\" content=\"L\u00f3pez Obrador tambi\u00e9n agradeci\u00f3 a Biden por haber mandado al Congreso estadounidense una reforma migratoria para legalizar a 11 millones de mexicanos. Ciudad de M\u00e9xico.- Ante el presidente Joe Biden, Andr\u00e9s Manuel L\u00f3pez Obrador agradeci\u00f3 que en una nueva era de las relaciones bilaterales, el trato hacia M\u00e9xico sea como igual y no como el [&hellip;]\" \/>\n<meta property=\"og:url\" content=\"https:\/\/fuentesfidedignas.com.mx\/index.php\/2021\/11\/18\/agradecemos-que-eu-nos-de-trato-de-iguales-y-no-de-patio-trasero-amlo-a-biden\/\" \/>\n<meta property=\"og:site_name\" content=\"Fuentes Fidedignas\" \/>\n<meta property=\"article:publisher\" content=\"https:\/\/www.facebook.com\/Fuentes-Fidedignas-368234489921644\" \/>\n<meta property=\"article:published_time\" content=\"2021-11-18T22:44:48+00:00\" \/>\n<meta property=\"article:modified_time\" content=\"2021-11-18T22:44:49+00:00\" \/>\n<meta property=\"og:image\" content=\"https:\/\/fuentesfidedignas.com.mx\/wp-content\/uploads\/2021\/11\/AMLO_BIDEN.jpeg\" \/>\n\t<meta property=\"og:image:width\" content=\"640\" \/>\n\t<meta property=\"og:image:height\" content=\"360\" \/>\n\t<meta property=\"og:image:type\" content=\"image\/jpeg\" \/>\n<meta name=\"author\" content=\"Forbes\" \/>\n<meta name=\"twitter:card\" content=\"summary_large_image\" \/>\n<meta name=\"twitter:creator\" content=\"@fidedignas\" \/>\n<meta name=\"twitter:site\" content=\"@fidedignas\" \/>\n<meta name=\"twitter:label1\" content=\"Escrito por\" \/>\n\t<meta name=\"twitter:data1\" content=\"Forbes\" \/>\n\t<meta name=\"twitter:label2\" content=\"Tiempo de lectura\" \/>\n\t<meta name=\"twitter:data2\" content=\"2 minutos\" \/>\n<script type=\"application\/ld+json\" class=\"yoast-schema-graph\">{\"@context\":\"https:\\\/\\\/schema.org\",\"@graph\":[{\"@type\":\"Article\",\"@id\":\"https:\\\/\\\/fuentesfidedignas.com.mx\\\/index.php\\\/2021\\\/11\\\/18\\\/agradecemos-que-eu-nos-de-trato-de-iguales-y-no-de-patio-trasero-amlo-a-biden\\\/#article\",\"isPartOf\":{\"@id\":\"https:\\\/\\\/fuentesfidedignas.com.mx\\\/index.php\\\/2021\\\/11\\\/18\\\/agradecemos-que-eu-nos-de-trato-de-iguales-y-no-de-patio-trasero-amlo-a-biden\\\/\"},\"author\":{\"name\":\"Forbes\",\"@id\":\"https:\\\/\\\/fuentesfidedignas.com.mx\\\/#\\\/schema\\\/person\\\/5623d53fe2e579d825b1679734abcc44\"},\"headline\":\"Agradecemos que EU nos d\u00e9 trato de iguales y no de patio trasero: AMLO a Biden\",\"datePublished\":\"2021-11-18T22:44:48+00:00\",\"dateModified\":\"2021-11-18T22:44:49+00:00\",\"mainEntityOfPage\":{\"@id\":\"https:\\\/\\\/fuentesfidedignas.com.mx\\\/index.php\\\/2021\\\/11\\\/18\\\/agradecemos-que-eu-nos-de-trato-de-iguales-y-no-de-patio-trasero-amlo-a-biden\\\/\"},\"wordCount\":373,\"commentCount\":0,\"publisher\":{\"@id\":\"https:\\\/\\\/fuentesfidedignas.com.mx\\\/#organization\"},\"image\":{\"@id\":\"https:\\\/\\\/fuentesfidedignas.com.mx\\\/index.php\\\/2021\\\/11\\\/18\\\/agradecemos-que-eu-nos-de-trato-de-iguales-y-no-de-patio-trasero-amlo-a-biden\\\/#primaryimage\"},\"thumbnailUrl\":\"https:\\\/\\\/fuentesfidedignas.com.mx\\\/wp-content\\\/uploads\\\/2021\\\/11\\\/AMLO_BIDEN.jpeg\",\"keywords\":[\"AMLO\",\"Andr\u00e9s Manuel L\u00f3pez Obrador\",\"Estados Unidos\",\"Joe Biden\",\"M\u00e9xico\"],\"articleSection\":[\"NOTICIAS NACIONALES\"],\"inLanguage\":\"es\",\"potentialAction\":[{\"@type\":\"CommentAction\",\"name\":\"Comment\",\"target\":[\"https:\\\/\\\/fuentesfidedignas.com.mx\\\/index.php\\\/2021\\\/11\\\/18\\\/agradecemos-que-eu-nos-de-trato-de-iguales-y-no-de-patio-trasero-amlo-a-biden\\\/#respond\"]}]},{\"@type\":\"WebPage\",\"@id\":\"https:\\\/\\\/fuentesfidedignas.com.mx\\\/index.php\\\/2021\\\/11\\\/18\\\/agradecemos-que-eu-nos-de-trato-de-iguales-y-no-de-patio-trasero-amlo-a-biden\\\/\",\"url\":\"https:\\\/\\\/fuentesfidedignas.com.mx\\\/index.php\\\/2021\\\/11\\\/18\\\/agradecemos-que-eu-nos-de-trato-de-iguales-y-no-de-patio-trasero-amlo-a-biden\\\/\",\"name\":\"Agradecemos que EU nos d\u00e9 trato de iguales y no de patio trasero: AMLO a Biden - Fuentes Fidedignas\",\"isPartOf\":{\"@id\":\"https:\\\/\\\/fuentesfidedignas.com.mx\\\/#website\"},\"primaryImageOfPage\":{\"@id\":\"https:\\\/\\\/fuentesfidedignas.com.mx\\\/index.php\\\/2021\\\/11\\\/18\\\/agradecemos-que-eu-nos-de-trato-de-iguales-y-no-de-patio-trasero-amlo-a-biden\\\/#primaryimage\"},\"image\":{\"@id\":\"https:\\\/\\\/fuentesfidedignas.com.mx\\\/index.php\\\/2021\\\/11\\\/18\\\/agradecemos-que-eu-nos-de-trato-de-iguales-y-no-de-patio-trasero-amlo-a-biden\\\/#primaryimage\"},\"thumbnailUrl\":\"https:\\\/\\\/fuentesfidedignas.com.mx\\\/wp-content\\\/uploads\\\/2021\\\/11\\\/AMLO_BIDEN.jpeg\",\"datePublished\":\"2021-11-18T22:44:48+00:00\",\"dateModified\":\"2021-11-18T22:44:49+00:00\",\"breadcrumb\":{\"@id\":\"https:\\\/\\\/fuentesfidedignas.com.mx\\\/index.php\\\/2021\\\/11\\\/18\\\/agradecemos-que-eu-nos-de-trato-de-iguales-y-no-de-patio-trasero-amlo-a-biden\\\/#breadcrumb\"},\"inLanguage\":\"es\",\"potentialAction\":[{\"@type\":\"ReadAction\",\"target\":[\"https:\\\/\\\/fuentesfidedignas.com.mx\\\/index.php\\\/2021\\\/11\\\/18\\\/agradecemos-que-eu-nos-de-trato-de-iguales-y-no-de-patio-trasero-amlo-a-biden\\\/\"]}]},{\"@type\":\"ImageObject\",\"inLanguage\":\"es\",\"@id\":\"https:\\\/\\\/fuentesfidedignas.com.mx\\\/index.php\\\/2021\\\/11\\\/18\\\/agradecemos-que-eu-nos-de-trato-de-iguales-y-no-de-patio-trasero-amlo-a-biden\\\/#primaryimage\",\"url\":\"https:\\\/\\\/fuentesfidedignas.com.mx\\\/wp-content\\\/uploads\\\/2021\\\/11\\\/AMLO_BIDEN.jpeg\",\"contentUrl\":\"https:\\\/\\\/fuentesfidedignas.com.mx\\\/wp-content\\\/uploads\\\/2021\\\/11\\\/AMLO_BIDEN.jpeg\",\"width\":640,\"height\":360},{\"@type\":\"BreadcrumbList\",\"@id\":\"https:\\\/\\\/fuentesfidedignas.com.mx\\\/index.php\\\/2021\\\/11\\\/18\\\/agradecemos-que-eu-nos-de-trato-de-iguales-y-no-de-patio-trasero-amlo-a-biden\\\/#breadcrumb\",\"itemListElement\":[{\"@type\":\"ListItem\",\"position\":1,\"name\":\"Inicio\",\"item\":\"https:\\\/\\\/fuentesfidedignas.com.mx\\\/\"},{\"@type\":\"ListItem\",\"position\":2,\"name\":\"Agradecemos que EU nos d\u00e9 trato de iguales y no de patio trasero: AMLO a Biden\"}]},{\"@type\":\"WebSite\",\"@id\":\"https:\\\/\\\/fuentesfidedignas.com.mx\\\/#website\",\"url\":\"https:\\\/\\\/fuentesfidedignas.com.mx\\\/\",\"name\":\"Fuentes Fidedignas\",\"description\":\"Otro sitio realizado con WordPress\",\"publisher\":{\"@id\":\"https:\\\/\\\/fuentesfidedignas.com.mx\\\/#organization\"},\"potentialAction\":[{\"@type\":\"SearchAction\",\"target\":{\"@type\":\"EntryPoint\",\"urlTemplate\":\"https:\\\/\\\/fuentesfidedignas.com.mx\\\/?s={search_term_string}\"},\"query-input\":{\"@type\":\"PropertyValueSpecification\",\"valueRequired\":true,\"valueName\":\"search_term_string\"}}],\"inLanguage\":\"es\"},{\"@type\":\"Organization\",\"@id\":\"https:\\\/\\\/fuentesfidedignas.com.mx\\\/#organization\",\"name\":\"Fuentes Fidedignas\",\"url\":\"https:\\\/\\\/fuentesfidedignas.com.mx\\\/\",\"logo\":{\"@type\":\"ImageObject\",\"inLanguage\":\"es\",\"@id\":\"https:\\\/\\\/fuentesfidedignas.com.mx\\\/#\\\/schema\\\/logo\\\/image\\\/\",\"url\":\"https:\\\/\\\/fuentesfidedignas.com.mx\\\/wp-content\\\/uploads\\\/2021\\\/04\\\/logo-retina.png\",\"contentUrl\":\"https:\\\/\\\/fuentesfidedignas.com.mx\\\/wp-content\\\/uploads\\\/2021\\\/04\\\/logo-retina.png\",\"width\":280,\"height\":51,\"caption\":\"Fuentes Fidedignas\"},\"image\":{\"@id\":\"https:\\\/\\\/fuentesfidedignas.com.mx\\\/#\\\/schema\\\/logo\\\/image\\\/\"},\"sameAs\":[\"https:\\\/\\\/www.facebook.com\\\/Fuentes-Fidedignas-368234489921644\",\"https:\\\/\\\/x.com\\\/fidedignas\"]},{\"@type\":\"Person\",\"@id\":\"https:\\\/\\\/fuentesfidedignas.com.mx\\\/#\\\/schema\\\/person\\\/5623d53fe2e579d825b1679734abcc44\",\"name\":\"Forbes\",\"image\":{\"@type\":\"ImageObject\",\"inLanguage\":\"es\",\"@id\":\"https:\\\/\\\/secure.gravatar.com\\\/avatar\\\/87ce3dd4e41e60c22a79c758614f01a6bc2469255fc936ec7b15efb9bb5cb66f?s=96&d=mm&r=g\",\"url\":\"https:\\\/\\\/secure.gravatar.com\\\/avatar\\\/87ce3dd4e41e60c22a79c758614f01a6bc2469255fc936ec7b15efb9bb5cb66f?s=96&d=mm&r=g\",\"contentUrl\":\"https:\\\/\\\/secure.gravatar.com\\\/avatar\\\/87ce3dd4e41e60c22a79c758614f01a6bc2469255fc936ec7b15efb9bb5cb66f?s=96&d=mm&r=g\",\"caption\":\"Forbes\"},\"url\":\"https:\\\/\\\/fuentesfidedignas.com.mx\\\/index.php\\\/author\\\/forbes\\\/\"}]}<\/script>\n<!-- \/ Yoast SEO plugin. -->","yoast_head_json":{"title":"Agradecemos que EU nos d\u00e9 trato de iguales y no de patio trasero: AMLO a Biden - Fuentes Fidedignas","robots":{"index":"index","follow":"follow","max-snippet":"max-snippet:-1","max-image-preview":"max-image-preview:large","max-video-preview":"max-video-preview:-1"},"canonical":"https:\/\/fuentesfidedignas.com.mx\/index.php\/2021\/11\/18\/agradecemos-que-eu-nos-de-trato-de-iguales-y-no-de-patio-trasero-amlo-a-biden\/","og_locale":"es_MX","og_type":"article","og_title":"Agradecemos que EU nos d\u00e9 trato de iguales y no de patio trasero: AMLO a Biden - Fuentes Fidedignas","og_description":"L\u00f3pez Obrador tambi\u00e9n agradeci\u00f3 a Biden por haber mandado al Congreso estadounidense una reforma migratoria para legalizar a 11 millones de mexicanos. Ciudad de M\u00e9xico.- Ante el presidente Joe Biden, Andr\u00e9s Manuel L\u00f3pez Obrador agradeci\u00f3 que en una nueva era de las relaciones bilaterales, el trato hacia M\u00e9xico sea como igual y no como el [&hellip;]","og_url":"https:\/\/fuentesfidedignas.com.mx\/index.php\/2021\/11\/18\/agradecemos-que-eu-nos-de-trato-de-iguales-y-no-de-patio-trasero-amlo-a-biden\/","og_site_name":"Fuentes Fidedignas","article_publisher":"https:\/\/www.facebook.com\/Fuentes-Fidedignas-368234489921644","article_published_time":"2021-11-18T22:44:48+00:00","article_modified_time":"2021-11-18T22:44:49+00:00","og_image":[{"width":640,"height":360,"url":"https:\/\/fuentesfidedignas.com.mx\/wp-content\/uploads\/2021\/11\/AMLO_BIDEN.jpeg","type":"image\/jpeg"}],"author":"Forbes","twitter_card":"summary_large_image","twitter_creator":"@fidedignas","twitter_site":"@fidedignas","twitter_misc":{"Escrito por":"Forbes","Tiempo de lectura":"2 minutos"},"schema":{"@context":"https:\/\/schema.org","@graph":[{"@type":"Article","@id":"https:\/\/fuentesfidedignas.com.mx\/index.php\/2021\/11\/18\/agradecemos-que-eu-nos-de-trato-de-iguales-y-no-de-patio-trasero-amlo-a-biden\/#article","isPartOf":{"@id":"https:\/\/fuentesfidedignas.com.mx\/index.php\/2021\/11\/18\/agradecemos-que-eu-nos-de-trato-de-iguales-y-no-de-patio-trasero-amlo-a-biden\/"},"author":{"name":"Forbes","@id":"https:\/\/fuentesfidedignas.com.mx\/#\/schema\/person\/5623d53fe2e579d825b1679734abcc44"},"headline":"Agradecemos que EU nos d\u00e9 trato de iguales y no de patio trasero: AMLO a Biden","datePublished":"2021-11-18T22:44:48+00:00","dateModified":"2021-11-18T22:44:49+00:00","mainEntityOfPage":{"@id":"https:\/\/fuentesfidedignas.com.mx\/index.php\/2021\/11\/18\/agradecemos-que-eu-nos-de-trato-de-iguales-y-no-de-patio-trasero-amlo-a-biden\/"},"wordCount":373,"commentCount":0,"publisher":{"@id":"https:\/\/fuentesfidedignas.com.mx\/#organization"},"image":{"@id":"https:\/\/fuentesfidedignas.com.mx\/index.php\/2021\/11\/18\/agradecemos-que-eu-nos-de-trato-de-iguales-y-no-de-patio-trasero-amlo-a-biden\/#primaryimage"},"thumbnailUrl":"https:\/\/fuentesfidedignas.com.mx\/wp-content\/uploads\/2021\/11\/AMLO_BIDEN.jpeg","keywords":["AMLO","Andr\u00e9s Manuel L\u00f3pez Obrador","Estados Unidos","Joe Biden","M\u00e9xico"],"articleSection":["NOTICIAS NACIONALES"],"inLanguage":"es","potentialAction":[{"@type":"CommentAction","name":"Comment","target":["https:\/\/fuentesfidedignas.com.mx\/index.php\/2021\/11\/18\/agradecemos-que-eu-nos-de-trato-de-iguales-y-no-de-patio-trasero-amlo-a-biden\/#respond"]}]},{"@type":"WebPage","@id":"https:\/\/fuentesfidedignas.com.mx\/index.php\/2021\/11\/18\/agradecemos-que-eu-nos-de-trato-de-iguales-y-no-de-patio-trasero-amlo-a-biden\/","url":"https:\/\/fuentesfidedignas.com.mx\/index.php\/2021\/11\/18\/agradecemos-que-eu-nos-de-trato-de-iguales-y-no-de-patio-trasero-amlo-a-biden\/","name":"Agradecemos que EU nos d\u00e9 trato de iguales y no de patio trasero: AMLO a Biden - Fuentes Fidedignas","isPartOf":{"@id":"https:\/\/fuentesfidedignas.com.mx\/#website"},"primaryImageOfPage":{"@id":"https:\/\/fuentesfidedignas.com.mx\/index.php\/2021\/11\/18\/agradecemos-que-eu-nos-de-trato-de-iguales-y-no-de-patio-trasero-amlo-a-biden\/#primaryimage"},"image":{"@id":"https:\/\/fuentesfidedignas.com.mx\/index.php\/2021\/11\/18\/agradecemos-que-eu-nos-de-trato-de-iguales-y-no-de-patio-trasero-amlo-a-biden\/#primaryimage"},"thumbnailUrl":"https:\/\/fuentesfidedignas.com.mx\/wp-content\/uploads\/2021\/11\/AMLO_BIDEN.jpeg","datePublished":"2021-11-18T22:44:48+00:00","dateModified":"2021-11-18T22:44:49+00:00","breadcrumb":{"@id":"https:\/\/fuentesfidedignas.com.mx\/index.php\/2021\/11\/18\/agradecemos-que-eu-nos-de-trato-de-iguales-y-no-de-patio-trasero-amlo-a-biden\/#breadcrumb"},"inLanguage":"es","potentialAction":[{"@type":"ReadAction","target":["https:\/\/fuentesfidedignas.com.mx\/index.php\/2021\/11\/18\/agradecemos-que-eu-nos-de-trato-de-iguales-y-no-de-patio-trasero-amlo-a-biden\/"]}]},{"@type":"ImageObject","inLanguage":"es","@id":"https:\/\/fuentesfidedignas.com.mx\/index.php\/2021\/11\/18\/agradecemos-que-eu-nos-de-trato-de-iguales-y-no-de-patio-trasero-amlo-a-biden\/#primaryimage","url":"https:\/\/fuentesfidedignas.com.mx\/wp-content\/uploads\/2021\/11\/AMLO_BIDEN.jpeg","contentUrl":"https:\/\/fuentesfidedignas.com.mx\/wp-content\/uploads\/2021\/11\/AMLO_BIDEN.jpeg","width":640,"height":360},{"@type":"BreadcrumbList","@id":"https:\/\/fuentesfidedignas.com.mx\/index.php\/2021\/11\/18\/agradecemos-que-eu-nos-de-trato-de-iguales-y-no-de-patio-trasero-amlo-a-biden\/#breadcrumb","itemListElement":[{"@type":"ListItem","position":1,"name":"Inicio","item":"https:\/\/fuentesfidedignas.com.mx\/"},{"@type":"ListItem","position":2,"name":"Agradecemos que EU nos d\u00e9 trato de iguales y no de patio trasero: AMLO a Biden"}]},{"@type":"WebSite","@id":"https:\/\/fuentesfidedignas.com.mx\/#website","url":"https:\/\/fuentesfidedignas.com.mx\/","name":"Fuentes Fidedignas","description":"Otro sitio realizado con WordPress","publisher":{"@id":"https:\/\/fuentesfidedignas.com.mx\/#organization"},"potentialAction":[{"@type":"SearchAction","target":{"@type":"EntryPoint","urlTemplate":"https:\/\/fuentesfidedignas.com.mx\/?s={search_term_string}"},"query-input":{"@type":"PropertyValueSpecification","valueRequired":true,"valueName":"search_term_string"}}],"inLanguage":"es"},{"@type":"Organization","@id":"https:\/\/fuentesfidedignas.com.mx\/#organization","name":"Fuentes Fidedignas","url":"https:\/\/fuentesfidedignas.com.mx\/","logo":{"@type":"ImageObject","inLanguage":"es","@id":"https:\/\/fuentesfidedignas.com.mx\/#\/schema\/logo\/image\/","url":"https:\/\/fuentesfidedignas.com.mx\/wp-content\/uploads\/2021\/04\/logo-retina.png","contentUrl":"https:\/\/fuentesfidedignas.com.mx\/wp-content\/uploads\/2021\/04\/logo-retina.png","width":280,"height":51,"caption":"Fuentes Fidedignas"},"image":{"@id":"https:\/\/fuentesfidedignas.com.mx\/#\/schema\/logo\/image\/"},"sameAs":["https:\/\/www.facebook.com\/Fuentes-Fidedignas-368234489921644","https:\/\/x.com\/fidedignas"]},{"@type":"Person","@id":"https:\/\/fuentesfidedignas.com.mx\/#\/schema\/person\/5623d53fe2e579d825b1679734abcc44","name":"Forbes","image":{"@type":"ImageObject","inLanguage":"es","@id":"https:\/\/secure.gravatar.com\/avatar\/87ce3dd4e41e60c22a79c758614f01a6bc2469255fc936ec7b15efb9bb5cb66f?s=96&d=mm&r=g","url":"https:\/\/secure.gravatar.com\/avatar\/87ce3dd4e41e60c22a79c758614f01a6bc2469255fc936ec7b15efb9bb5cb66f?s=96&d=mm&r=g","contentUrl":"https:\/\/secure.gravatar.com\/avatar\/87ce3dd4e41e60c22a79c758614f01a6bc2469255fc936ec7b15efb9bb5cb66f?s=96&d=mm&r=g","caption":"Forbes"},"url":"https:\/\/fuentesfidedignas.com.mx\/index.php\/author\/forbes\/"}]}},"_links":{"self":[{"href":"https:\/\/fuentesfidedignas.com.mx\/index.php\/wp-json\/wp\/v2\/posts\/17781","targetHints":{"allow":["GET"]}}],"collection":[{"href":"https:\/\/fuentesfidedignas.com.mx\/index.php\/wp-json\/wp\/v2\/posts"}],"about":[{"href":"https:\/\/fuentesfidedignas.com.mx\/index.php\/wp-json\/wp\/v2\/types\/post"}],"author":[{"embeddable":true,"href":"https:\/\/fuentesfidedignas.com.mx\/index.php\/wp-json\/wp\/v2\/users\/5"}],"replies":[{"embeddable":true,"href":"https:\/\/fuentesfidedignas.com.mx\/index.php\/wp-json\/wp\/v2\/comments?post=17781"}],"version-history":[{"count":1,"href":"https:\/\/fuentesfidedignas.com.mx\/index.php\/wp-json\/wp\/v2\/posts\/17781\/revisions"}],"predecessor-version":[{"id":17786,"href":"https:\/\/fuentesfidedignas.com.mx\/index.php\/wp-json\/wp\/v2\/posts\/17781\/revisions\/17786"}],"wp:featuredmedia":[{"embeddable":true,"href":"https:\/\/fuentesfidedignas.com.mx\/index.php\/wp-json\/wp\/v2\/media\/17783"}],"wp:attachment":[{"href":"https:\/\/fuentesfidedignas.com.mx\/index.php\/wp-json\/wp\/v2\/media?parent=17781"}],"wp:term":[{"taxonomy":"category","embeddable":true,"href":"https:\/\/fuentesfidedignas.com.mx\/index.php\/wp-json\/wp\/v2\/categories?post=17781"},{"taxonomy":"post_tag","embeddable":true,"href":"https:\/\/fuentesfidedignas.com.mx\/index.php\/wp-json\/wp\/v2\/tags?post=17781"}],"curies":[{"name":"wp","href":"https:\/\/api.w.org\/{rel}","templated":true}]}}