{"id":17764,"date":"2021-11-18T13:55:03","date_gmt":"2021-11-18T20:55:03","guid":{"rendered":"https:\/\/fuentesfidedignas.com.mx\/?p=17764"},"modified":"2021-11-18T13:55:04","modified_gmt":"2021-11-18T20:55:04","slug":"senado-entrega-reconocimiento-a-edy-reynoso-y-al-canelo-alvarez","status":"publish","type":"post","link":"https:\/\/fuentesfidedignas.com.mx\/index.php\/2021\/11\/18\/senado-entrega-reconocimiento-a-edy-reynoso-y-al-canelo-alvarez\/","title":{"rendered":"Senado entrega reconocimiento a Edy Reynoso y al \u2018Canelo\u2019 \u00c1lvarez"},"content":{"rendered":"\n<p><strong><em>El Senado reconoci\u00f3 la trayectoria del entrenador &#8216;Edy&#8217; Reynoso y de Sa\u00fal &#8216;Canelo&#8217; \u00c1lvarez en el boxeo, as\u00ed como su impulso al deporte.<\/em><\/strong><\/p>\n\n\n\n<p>Ciudad de M\u00e9xico.- El Senado, a trav\u00e9s de la Junta de Coordinaci\u00f3n Pol\u00edtica (Jucopo), entreg\u00f3 un reconocimiento a Edison Omar Reynoso Sandoval, mejor conocido como \u201cEdy Reynoso\u201d, por su amplia trayectoria en favor del boxeo mexicano, as\u00ed como a su pupilo, el campe\u00f3n mundial Sa\u00fal \u201cCanelo\u201d \u00c1lvarez.<\/p>\n\n\n\n<p>\u201cEdy Reynoso\u201d lleva 20 a\u00f1os como entrenador; cuenta con 35 campeonatos mundiales en 13 diferentes asociaciones de boxeo mundial; adem\u00e1s, form\u00f3 al \u201cCanelo\u201d \u00c1lvarez, actual campe\u00f3n mundial de la AMB, CMB, OMB y FIB de peso supermediano.<\/p>\n\n\n\n<p>El zacatecano agradeci\u00f3 el reconocimiento a los senadores, y a su familia, el haberlo impulsado en el boxeo.<\/p>\n\n\n\n<figure class=\"wp-block-embed is-type-rich is-provider-twitter wp-block-embed-twitter\"><div class=\"wp-block-embed__wrapper\">\n<blockquote class=\"twitter-tweet\" data-width=\"550\" data-dnt=\"true\"><p lang=\"es\" dir=\"ltr\">Con dos campeones de la vida y del boxeo. Su sencillez y talento son dignos de admiraci\u00f3n; gracias por acompa\u00f1arnos, Eddy Reynoso ( <a href=\"https:\/\/twitter.com\/CANELOTEAM?ref_src=twsrc%5Etfw\">@CANELOTEAM<\/a>) y <a href=\"https:\/\/twitter.com\/Canelo?ref_src=twsrc%5Etfw\">@Canelo<\/a> \u00c1lvarez. <a href=\"https:\/\/t.co\/uN3Q7E15Kx\">pic.twitter.com\/uN3Q7E15Kx<\/a><\/p>&mdash; Ricardo Monreal A. (@RicardoMonrealA) <a href=\"https:\/\/twitter.com\/RicardoMonrealA\/status\/1461407286795157504?ref_src=twsrc%5Etfw\">November 18, 2021<\/a><\/blockquote><script async src=\"https:\/\/platform.twitter.com\/widgets.js\" charset=\"utf-8\"><\/script>\n<\/div><\/figure>\n\n\n\n<p>\u201cLa verdad estoy muy emocionado, porque ha sido muy dif\u00edcil estar donde estamos. Soy muy chill\u00f3n como ustedes ven, pero me siento muy orgulloso de todo el trabajo. Todo esto es dedicado a mis dos hijas, a mi familia, mis boxeadores, a todos los mexicanos que siempre est\u00e1n apoy\u00e1ndonos en la arena\u201d, dijo Edy Reynoso.<\/p>\n\n\n\n<p>Al entregar el reconocimiento, el presidente de la Jucopo, Ricardo Monreal, coment\u00f3 que esta es la primera vez que la Junta de Coordinaci\u00f3n del Senado reconoce a un entrenador de boxeo por su trayectoria, su liderazgo e impulso al deporte mexicano.<\/p>\n\n\n\n<p>\u201cLa Jucopo abre sus puertas a los mexicanos de excepci\u00f3n. Hoy estamos homenajeando a un entrenador de campeones junto con un campe\u00f3n. Es un entrenador considerado uno de los mejores entrenadores\u201d, enfatiz\u00f3.<\/p>\n","protected":false},"excerpt":{"rendered":"<p>El Senado reconoci\u00f3 la trayectoria del entrenador &#8216;Edy&#8217; Reynoso y de Sa\u00fal &#8216;Canelo&#8217; \u00c1lvarez en el boxeo, as\u00ed como su impulso al deporte. Ciudad de M\u00e9xico.- El Senado, a trav\u00e9s de la Junta de Coordinaci\u00f3n Pol\u00edtica (Jucopo), entreg\u00f3 un reconocimiento a Edison Omar Reynoso Sandoval, mejor conocido como \u201cEdy Reynoso\u201d, por su amplia trayectoria en [&hellip;]<\/p>\n","protected":false},"author":5,"featured_media":17765,"comment_status":"open","ping_status":"closed","sticky":false,"template":"","format":"standard","meta":{"tdm_status":"","tdm_grid_status":"","footnotes":""},"categories":[39],"tags":[365,366,1936],"class_list":{"0":"post-17764","1":"post","2":"type-post","3":"status-publish","4":"format-standard","5":"has-post-thumbnail","7":"category-noticias-nacionales","8":"tag-canelo-alvarez","9":"tag-saul-canelo-alvarez","10":"tag-senado"},"yoast_head":"<!-- This site is optimized with the Yoast SEO plugin v27.4 - https:\/\/yoast.com\/product\/yoast-seo-wordpress\/ -->\n<title>Senado entrega reconocimiento a Edy Reynoso y al \u2018Canelo\u2019 \u00c1lvarez - Fuentes Fidedignas<\/title>\n<meta name=\"robots\" content=\"index, follow, max-snippet:-1, max-image-preview:large, max-video-preview:-1\" \/>\n<link rel=\"canonical\" href=\"https:\/\/fuentesfidedignas.com.mx\/index.php\/2021\/11\/18\/senado-entrega-reconocimiento-a-edy-reynoso-y-al-canelo-alvarez\/\" \/>\n<meta property=\"og:locale\" content=\"es_MX\" \/>\n<meta property=\"og:type\" content=\"article\" \/>\n<meta property=\"og:title\" content=\"Senado entrega reconocimiento a Edy Reynoso y al \u2018Canelo\u2019 \u00c1lvarez - Fuentes Fidedignas\" \/>\n<meta property=\"og:description\" content=\"El Senado reconoci\u00f3 la trayectoria del entrenador &#8216;Edy&#8217; Reynoso y de Sa\u00fal &#8216;Canelo&#8217; \u00c1lvarez en el boxeo, as\u00ed como su impulso al deporte. Ciudad de M\u00e9xico.- El Senado, a trav\u00e9s de la Junta de Coordinaci\u00f3n Pol\u00edtica (Jucopo), entreg\u00f3 un reconocimiento a Edison Omar Reynoso Sandoval, mejor conocido como \u201cEdy Reynoso\u201d, por su amplia trayectoria en [&hellip;]\" \/>\n<meta property=\"og:url\" content=\"https:\/\/fuentesfidedignas.com.mx\/index.php\/2021\/11\/18\/senado-entrega-reconocimiento-a-edy-reynoso-y-al-canelo-alvarez\/\" \/>\n<meta property=\"og:site_name\" content=\"Fuentes Fidedignas\" \/>\n<meta property=\"article:publisher\" content=\"https:\/\/www.facebook.com\/Fuentes-Fidedignas-368234489921644\" \/>\n<meta property=\"article:published_time\" content=\"2021-11-18T20:55:03+00:00\" \/>\n<meta property=\"article:modified_time\" content=\"2021-11-18T20:55:04+00:00\" \/>\n<meta property=\"og:image\" content=\"https:\/\/fuentesfidedignas.com.mx\/wp-content\/uploads\/2021\/11\/SENADO_CANELO.jpg\" \/>\n\t<meta property=\"og:image:width\" content=\"640\" \/>\n\t<meta property=\"og:image:height\" content=\"360\" \/>\n\t<meta property=\"og:image:type\" content=\"image\/jpeg\" \/>\n<meta name=\"author\" content=\"Forbes\" \/>\n<meta name=\"twitter:card\" content=\"summary_large_image\" \/>\n<meta name=\"twitter:creator\" content=\"@fidedignas\" \/>\n<meta name=\"twitter:site\" content=\"@fidedignas\" \/>\n<meta name=\"twitter:label1\" content=\"Escrito por\" \/>\n\t<meta name=\"twitter:data1\" content=\"Forbes\" \/>\n\t<meta name=\"twitter:label2\" content=\"Tiempo de lectura\" \/>\n\t<meta name=\"twitter:data2\" content=\"2 minutos\" \/>\n<script type=\"application\/ld+json\" class=\"yoast-schema-graph\">{\"@context\":\"https:\\\/\\\/schema.org\",\"@graph\":[{\"@type\":\"Article\",\"@id\":\"https:\\\/\\\/fuentesfidedignas.com.mx\\\/index.php\\\/2021\\\/11\\\/18\\\/senado-entrega-reconocimiento-a-edy-reynoso-y-al-canelo-alvarez\\\/#article\",\"isPartOf\":{\"@id\":\"https:\\\/\\\/fuentesfidedignas.com.mx\\\/index.php\\\/2021\\\/11\\\/18\\\/senado-entrega-reconocimiento-a-edy-reynoso-y-al-canelo-alvarez\\\/\"},\"author\":{\"name\":\"Forbes\",\"@id\":\"https:\\\/\\\/fuentesfidedignas.com.mx\\\/#\\\/schema\\\/person\\\/5623d53fe2e579d825b1679734abcc44\"},\"headline\":\"Senado entrega reconocimiento a Edy Reynoso y al \u2018Canelo\u2019 \u00c1lvarez\",\"datePublished\":\"2021-11-18T20:55:03+00:00\",\"dateModified\":\"2021-11-18T20:55:04+00:00\",\"mainEntityOfPage\":{\"@id\":\"https:\\\/\\\/fuentesfidedignas.com.mx\\\/index.php\\\/2021\\\/11\\\/18\\\/senado-entrega-reconocimiento-a-edy-reynoso-y-al-canelo-alvarez\\\/\"},\"wordCount\":283,\"commentCount\":0,\"publisher\":{\"@id\":\"https:\\\/\\\/fuentesfidedignas.com.mx\\\/#organization\"},\"image\":{\"@id\":\"https:\\\/\\\/fuentesfidedignas.com.mx\\\/index.php\\\/2021\\\/11\\\/18\\\/senado-entrega-reconocimiento-a-edy-reynoso-y-al-canelo-alvarez\\\/#primaryimage\"},\"thumbnailUrl\":\"https:\\\/\\\/fuentesfidedignas.com.mx\\\/wp-content\\\/uploads\\\/2021\\\/11\\\/SENADO_CANELO.jpg\",\"keywords\":[\"Canelo \u00c1lvarez\",\"Sa\u00fal &quot;Canelo&quot; \u00c1lvarez\",\"Senado\"],\"articleSection\":[\"NOTICIAS NACIONALES\"],\"inLanguage\":\"es\",\"potentialAction\":[{\"@type\":\"CommentAction\",\"name\":\"Comment\",\"target\":[\"https:\\\/\\\/fuentesfidedignas.com.mx\\\/index.php\\\/2021\\\/11\\\/18\\\/senado-entrega-reconocimiento-a-edy-reynoso-y-al-canelo-alvarez\\\/#respond\"]}]},{\"@type\":\"WebPage\",\"@id\":\"https:\\\/\\\/fuentesfidedignas.com.mx\\\/index.php\\\/2021\\\/11\\\/18\\\/senado-entrega-reconocimiento-a-edy-reynoso-y-al-canelo-alvarez\\\/\",\"url\":\"https:\\\/\\\/fuentesfidedignas.com.mx\\\/index.php\\\/2021\\\/11\\\/18\\\/senado-entrega-reconocimiento-a-edy-reynoso-y-al-canelo-alvarez\\\/\",\"name\":\"Senado entrega reconocimiento a Edy Reynoso y al \u2018Canelo\u2019 \u00c1lvarez - Fuentes Fidedignas\",\"isPartOf\":{\"@id\":\"https:\\\/\\\/fuentesfidedignas.com.mx\\\/#website\"},\"primaryImageOfPage\":{\"@id\":\"https:\\\/\\\/fuentesfidedignas.com.mx\\\/index.php\\\/2021\\\/11\\\/18\\\/senado-entrega-reconocimiento-a-edy-reynoso-y-al-canelo-alvarez\\\/#primaryimage\"},\"image\":{\"@id\":\"https:\\\/\\\/fuentesfidedignas.com.mx\\\/index.php\\\/2021\\\/11\\\/18\\\/senado-entrega-reconocimiento-a-edy-reynoso-y-al-canelo-alvarez\\\/#primaryimage\"},\"thumbnailUrl\":\"https:\\\/\\\/fuentesfidedignas.com.mx\\\/wp-content\\\/uploads\\\/2021\\\/11\\\/SENADO_CANELO.jpg\",\"datePublished\":\"2021-11-18T20:55:03+00:00\",\"dateModified\":\"2021-11-18T20:55:04+00:00\",\"breadcrumb\":{\"@id\":\"https:\\\/\\\/fuentesfidedignas.com.mx\\\/index.php\\\/2021\\\/11\\\/18\\\/senado-entrega-reconocimiento-a-edy-reynoso-y-al-canelo-alvarez\\\/#breadcrumb\"},\"inLanguage\":\"es\",\"potentialAction\":[{\"@type\":\"ReadAction\",\"target\":[\"https:\\\/\\\/fuentesfidedignas.com.mx\\\/index.php\\\/2021\\\/11\\\/18\\\/senado-entrega-reconocimiento-a-edy-reynoso-y-al-canelo-alvarez\\\/\"]}]},{\"@type\":\"ImageObject\",\"inLanguage\":\"es\",\"@id\":\"https:\\\/\\\/fuentesfidedignas.com.mx\\\/index.php\\\/2021\\\/11\\\/18\\\/senado-entrega-reconocimiento-a-edy-reynoso-y-al-canelo-alvarez\\\/#primaryimage\",\"url\":\"https:\\\/\\\/fuentesfidedignas.com.mx\\\/wp-content\\\/uploads\\\/2021\\\/11\\\/SENADO_CANELO.jpg\",\"contentUrl\":\"https:\\\/\\\/fuentesfidedignas.com.mx\\\/wp-content\\\/uploads\\\/2021\\\/11\\\/SENADO_CANELO.jpg\",\"width\":640,\"height\":360},{\"@type\":\"BreadcrumbList\",\"@id\":\"https:\\\/\\\/fuentesfidedignas.com.mx\\\/index.php\\\/2021\\\/11\\\/18\\\/senado-entrega-reconocimiento-a-edy-reynoso-y-al-canelo-alvarez\\\/#breadcrumb\",\"itemListElement\":[{\"@type\":\"ListItem\",\"position\":1,\"name\":\"Inicio\",\"item\":\"https:\\\/\\\/fuentesfidedignas.com.mx\\\/\"},{\"@type\":\"ListItem\",\"position\":2,\"name\":\"Senado entrega reconocimiento a Edy Reynoso y al \u2018Canelo\u2019 \u00c1lvarez\"}]},{\"@type\":\"WebSite\",\"@id\":\"https:\\\/\\\/fuentesfidedignas.com.mx\\\/#website\",\"url\":\"https:\\\/\\\/fuentesfidedignas.com.mx\\\/\",\"name\":\"Fuentes Fidedignas\",\"description\":\"Otro sitio realizado con WordPress\",\"publisher\":{\"@id\":\"https:\\\/\\\/fuentesfidedignas.com.mx\\\/#organization\"},\"potentialAction\":[{\"@type\":\"SearchAction\",\"target\":{\"@type\":\"EntryPoint\",\"urlTemplate\":\"https:\\\/\\\/fuentesfidedignas.com.mx\\\/?s={search_term_string}\"},\"query-input\":{\"@type\":\"PropertyValueSpecification\",\"valueRequired\":true,\"valueName\":\"search_term_string\"}}],\"inLanguage\":\"es\"},{\"@type\":\"Organization\",\"@id\":\"https:\\\/\\\/fuentesfidedignas.com.mx\\\/#organization\",\"name\":\"Fuentes Fidedignas\",\"url\":\"https:\\\/\\\/fuentesfidedignas.com.mx\\\/\",\"logo\":{\"@type\":\"ImageObject\",\"inLanguage\":\"es\",\"@id\":\"https:\\\/\\\/fuentesfidedignas.com.mx\\\/#\\\/schema\\\/logo\\\/image\\\/\",\"url\":\"https:\\\/\\\/fuentesfidedignas.com.mx\\\/wp-content\\\/uploads\\\/2021\\\/04\\\/logo-retina.png\",\"contentUrl\":\"https:\\\/\\\/fuentesfidedignas.com.mx\\\/wp-content\\\/uploads\\\/2021\\\/04\\\/logo-retina.png\",\"width\":280,\"height\":51,\"caption\":\"Fuentes Fidedignas\"},\"image\":{\"@id\":\"https:\\\/\\\/fuentesfidedignas.com.mx\\\/#\\\/schema\\\/logo\\\/image\\\/\"},\"sameAs\":[\"https:\\\/\\\/www.facebook.com\\\/Fuentes-Fidedignas-368234489921644\",\"https:\\\/\\\/x.com\\\/fidedignas\"]},{\"@type\":\"Person\",\"@id\":\"https:\\\/\\\/fuentesfidedignas.com.mx\\\/#\\\/schema\\\/person\\\/5623d53fe2e579d825b1679734abcc44\",\"name\":\"Forbes\",\"image\":{\"@type\":\"ImageObject\",\"inLanguage\":\"es\",\"@id\":\"https:\\\/\\\/secure.gravatar.com\\\/avatar\\\/87ce3dd4e41e60c22a79c758614f01a6bc2469255fc936ec7b15efb9bb5cb66f?s=96&d=mm&r=g\",\"url\":\"https:\\\/\\\/secure.gravatar.com\\\/avatar\\\/87ce3dd4e41e60c22a79c758614f01a6bc2469255fc936ec7b15efb9bb5cb66f?s=96&d=mm&r=g\",\"contentUrl\":\"https:\\\/\\\/secure.gravatar.com\\\/avatar\\\/87ce3dd4e41e60c22a79c758614f01a6bc2469255fc936ec7b15efb9bb5cb66f?s=96&d=mm&r=g\",\"caption\":\"Forbes\"},\"url\":\"https:\\\/\\\/fuentesfidedignas.com.mx\\\/index.php\\\/author\\\/forbes\\\/\"}]}<\/script>\n<!-- \/ Yoast SEO plugin. -->","yoast_head_json":{"title":"Senado entrega reconocimiento a Edy Reynoso y al \u2018Canelo\u2019 \u00c1lvarez - Fuentes Fidedignas","robots":{"index":"index","follow":"follow","max-snippet":"max-snippet:-1","max-image-preview":"max-image-preview:large","max-video-preview":"max-video-preview:-1"},"canonical":"https:\/\/fuentesfidedignas.com.mx\/index.php\/2021\/11\/18\/senado-entrega-reconocimiento-a-edy-reynoso-y-al-canelo-alvarez\/","og_locale":"es_MX","og_type":"article","og_title":"Senado entrega reconocimiento a Edy Reynoso y al \u2018Canelo\u2019 \u00c1lvarez - Fuentes Fidedignas","og_description":"El Senado reconoci\u00f3 la trayectoria del entrenador &#8216;Edy&#8217; Reynoso y de Sa\u00fal &#8216;Canelo&#8217; \u00c1lvarez en el boxeo, as\u00ed como su impulso al deporte. Ciudad de M\u00e9xico.- El Senado, a trav\u00e9s de la Junta de Coordinaci\u00f3n Pol\u00edtica (Jucopo), entreg\u00f3 un reconocimiento a Edison Omar Reynoso Sandoval, mejor conocido como \u201cEdy Reynoso\u201d, por su amplia trayectoria en [&hellip;]","og_url":"https:\/\/fuentesfidedignas.com.mx\/index.php\/2021\/11\/18\/senado-entrega-reconocimiento-a-edy-reynoso-y-al-canelo-alvarez\/","og_site_name":"Fuentes Fidedignas","article_publisher":"https:\/\/www.facebook.com\/Fuentes-Fidedignas-368234489921644","article_published_time":"2021-11-18T20:55:03+00:00","article_modified_time":"2021-11-18T20:55:04+00:00","og_image":[{"width":640,"height":360,"url":"https:\/\/fuentesfidedignas.com.mx\/wp-content\/uploads\/2021\/11\/SENADO_CANELO.jpg","type":"image\/jpeg"}],"author":"Forbes","twitter_card":"summary_large_image","twitter_creator":"@fidedignas","twitter_site":"@fidedignas","twitter_misc":{"Escrito por":"Forbes","Tiempo de lectura":"2 minutos"},"schema":{"@context":"https:\/\/schema.org","@graph":[{"@type":"Article","@id":"https:\/\/fuentesfidedignas.com.mx\/index.php\/2021\/11\/18\/senado-entrega-reconocimiento-a-edy-reynoso-y-al-canelo-alvarez\/#article","isPartOf":{"@id":"https:\/\/fuentesfidedignas.com.mx\/index.php\/2021\/11\/18\/senado-entrega-reconocimiento-a-edy-reynoso-y-al-canelo-alvarez\/"},"author":{"name":"Forbes","@id":"https:\/\/fuentesfidedignas.com.mx\/#\/schema\/person\/5623d53fe2e579d825b1679734abcc44"},"headline":"Senado entrega reconocimiento a Edy Reynoso y al \u2018Canelo\u2019 \u00c1lvarez","datePublished":"2021-11-18T20:55:03+00:00","dateModified":"2021-11-18T20:55:04+00:00","mainEntityOfPage":{"@id":"https:\/\/fuentesfidedignas.com.mx\/index.php\/2021\/11\/18\/senado-entrega-reconocimiento-a-edy-reynoso-y-al-canelo-alvarez\/"},"wordCount":283,"commentCount":0,"publisher":{"@id":"https:\/\/fuentesfidedignas.com.mx\/#organization"},"image":{"@id":"https:\/\/fuentesfidedignas.com.mx\/index.php\/2021\/11\/18\/senado-entrega-reconocimiento-a-edy-reynoso-y-al-canelo-alvarez\/#primaryimage"},"thumbnailUrl":"https:\/\/fuentesfidedignas.com.mx\/wp-content\/uploads\/2021\/11\/SENADO_CANELO.jpg","keywords":["Canelo \u00c1lvarez","Sa\u00fal &quot;Canelo&quot; \u00c1lvarez","Senado"],"articleSection":["NOTICIAS NACIONALES"],"inLanguage":"es","potentialAction":[{"@type":"CommentAction","name":"Comment","target":["https:\/\/fuentesfidedignas.com.mx\/index.php\/2021\/11\/18\/senado-entrega-reconocimiento-a-edy-reynoso-y-al-canelo-alvarez\/#respond"]}]},{"@type":"WebPage","@id":"https:\/\/fuentesfidedignas.com.mx\/index.php\/2021\/11\/18\/senado-entrega-reconocimiento-a-edy-reynoso-y-al-canelo-alvarez\/","url":"https:\/\/fuentesfidedignas.com.mx\/index.php\/2021\/11\/18\/senado-entrega-reconocimiento-a-edy-reynoso-y-al-canelo-alvarez\/","name":"Senado entrega reconocimiento a Edy Reynoso y al \u2018Canelo\u2019 \u00c1lvarez - Fuentes Fidedignas","isPartOf":{"@id":"https:\/\/fuentesfidedignas.com.mx\/#website"},"primaryImageOfPage":{"@id":"https:\/\/fuentesfidedignas.com.mx\/index.php\/2021\/11\/18\/senado-entrega-reconocimiento-a-edy-reynoso-y-al-canelo-alvarez\/#primaryimage"},"image":{"@id":"https:\/\/fuentesfidedignas.com.mx\/index.php\/2021\/11\/18\/senado-entrega-reconocimiento-a-edy-reynoso-y-al-canelo-alvarez\/#primaryimage"},"thumbnailUrl":"https:\/\/fuentesfidedignas.com.mx\/wp-content\/uploads\/2021\/11\/SENADO_CANELO.jpg","datePublished":"2021-11-18T20:55:03+00:00","dateModified":"2021-11-18T20:55:04+00:00","breadcrumb":{"@id":"https:\/\/fuentesfidedignas.com.mx\/index.php\/2021\/11\/18\/senado-entrega-reconocimiento-a-edy-reynoso-y-al-canelo-alvarez\/#breadcrumb"},"inLanguage":"es","potentialAction":[{"@type":"ReadAction","target":["https:\/\/fuentesfidedignas.com.mx\/index.php\/2021\/11\/18\/senado-entrega-reconocimiento-a-edy-reynoso-y-al-canelo-alvarez\/"]}]},{"@type":"ImageObject","inLanguage":"es","@id":"https:\/\/fuentesfidedignas.com.mx\/index.php\/2021\/11\/18\/senado-entrega-reconocimiento-a-edy-reynoso-y-al-canelo-alvarez\/#primaryimage","url":"https:\/\/fuentesfidedignas.com.mx\/wp-content\/uploads\/2021\/11\/SENADO_CANELO.jpg","contentUrl":"https:\/\/fuentesfidedignas.com.mx\/wp-content\/uploads\/2021\/11\/SENADO_CANELO.jpg","width":640,"height":360},{"@type":"BreadcrumbList","@id":"https:\/\/fuentesfidedignas.com.mx\/index.php\/2021\/11\/18\/senado-entrega-reconocimiento-a-edy-reynoso-y-al-canelo-alvarez\/#breadcrumb","itemListElement":[{"@type":"ListItem","position":1,"name":"Inicio","item":"https:\/\/fuentesfidedignas.com.mx\/"},{"@type":"ListItem","position":2,"name":"Senado entrega reconocimiento a Edy Reynoso y al \u2018Canelo\u2019 \u00c1lvarez"}]},{"@type":"WebSite","@id":"https:\/\/fuentesfidedignas.com.mx\/#website","url":"https:\/\/fuentesfidedignas.com.mx\/","name":"Fuentes Fidedignas","description":"Otro sitio realizado con WordPress","publisher":{"@id":"https:\/\/fuentesfidedignas.com.mx\/#organization"},"potentialAction":[{"@type":"SearchAction","target":{"@type":"EntryPoint","urlTemplate":"https:\/\/fuentesfidedignas.com.mx\/?s={search_term_string}"},"query-input":{"@type":"PropertyValueSpecification","valueRequired":true,"valueName":"search_term_string"}}],"inLanguage":"es"},{"@type":"Organization","@id":"https:\/\/fuentesfidedignas.com.mx\/#organization","name":"Fuentes Fidedignas","url":"https:\/\/fuentesfidedignas.com.mx\/","logo":{"@type":"ImageObject","inLanguage":"es","@id":"https:\/\/fuentesfidedignas.com.mx\/#\/schema\/logo\/image\/","url":"https:\/\/fuentesfidedignas.com.mx\/wp-content\/uploads\/2021\/04\/logo-retina.png","contentUrl":"https:\/\/fuentesfidedignas.com.mx\/wp-content\/uploads\/2021\/04\/logo-retina.png","width":280,"height":51,"caption":"Fuentes Fidedignas"},"image":{"@id":"https:\/\/fuentesfidedignas.com.mx\/#\/schema\/logo\/image\/"},"sameAs":["https:\/\/www.facebook.com\/Fuentes-Fidedignas-368234489921644","https:\/\/x.com\/fidedignas"]},{"@type":"Person","@id":"https:\/\/fuentesfidedignas.com.mx\/#\/schema\/person\/5623d53fe2e579d825b1679734abcc44","name":"Forbes","image":{"@type":"ImageObject","inLanguage":"es","@id":"https:\/\/secure.gravatar.com\/avatar\/87ce3dd4e41e60c22a79c758614f01a6bc2469255fc936ec7b15efb9bb5cb66f?s=96&d=mm&r=g","url":"https:\/\/secure.gravatar.com\/avatar\/87ce3dd4e41e60c22a79c758614f01a6bc2469255fc936ec7b15efb9bb5cb66f?s=96&d=mm&r=g","contentUrl":"https:\/\/secure.gravatar.com\/avatar\/87ce3dd4e41e60c22a79c758614f01a6bc2469255fc936ec7b15efb9bb5cb66f?s=96&d=mm&r=g","caption":"Forbes"},"url":"https:\/\/fuentesfidedignas.com.mx\/index.php\/author\/forbes\/"}]}},"_links":{"self":[{"href":"https:\/\/fuentesfidedignas.com.mx\/index.php\/wp-json\/wp\/v2\/posts\/17764","targetHints":{"allow":["GET"]}}],"collection":[{"href":"https:\/\/fuentesfidedignas.com.mx\/index.php\/wp-json\/wp\/v2\/posts"}],"about":[{"href":"https:\/\/fuentesfidedignas.com.mx\/index.php\/wp-json\/wp\/v2\/types\/post"}],"author":[{"embeddable":true,"href":"https:\/\/fuentesfidedignas.com.mx\/index.php\/wp-json\/wp\/v2\/users\/5"}],"replies":[{"embeddable":true,"href":"https:\/\/fuentesfidedignas.com.mx\/index.php\/wp-json\/wp\/v2\/comments?post=17764"}],"version-history":[{"count":1,"href":"https:\/\/fuentesfidedignas.com.mx\/index.php\/wp-json\/wp\/v2\/posts\/17764\/revisions"}],"predecessor-version":[{"id":17766,"href":"https:\/\/fuentesfidedignas.com.mx\/index.php\/wp-json\/wp\/v2\/posts\/17764\/revisions\/17766"}],"wp:featuredmedia":[{"embeddable":true,"href":"https:\/\/fuentesfidedignas.com.mx\/index.php\/wp-json\/wp\/v2\/media\/17765"}],"wp:attachment":[{"href":"https:\/\/fuentesfidedignas.com.mx\/index.php\/wp-json\/wp\/v2\/media?parent=17764"}],"wp:term":[{"taxonomy":"category","embeddable":true,"href":"https:\/\/fuentesfidedignas.com.mx\/index.php\/wp-json\/wp\/v2\/categories?post=17764"},{"taxonomy":"post_tag","embeddable":true,"href":"https:\/\/fuentesfidedignas.com.mx\/index.php\/wp-json\/wp\/v2\/tags?post=17764"}],"curies":[{"name":"wp","href":"https:\/\/api.w.org\/{rel}","templated":true}]}}