{"id":17690,"date":"2021-11-17T12:58:31","date_gmt":"2021-11-17T19:58:31","guid":{"rendered":"https:\/\/fuentesfidedignas.com.mx\/?p=17690"},"modified":"2021-11-17T16:46:31","modified_gmt":"2021-11-17T23:46:31","slug":"conmemoran-el-135-aniversario-de-la-fundacion-del-puerto-de-topolobampo","status":"publish","type":"post","link":"https:\/\/fuentesfidedignas.com.mx\/index.php\/2021\/11\/17\/conmemoran-el-135-aniversario-de-la-fundacion-del-puerto-de-topolobampo\/","title":{"rendered":"Conmemoran el 135 Aniversario de la Fundaci\u00f3n del Puerto de Topolobampo"},"content":{"rendered":"\n<p><em><strong>El alcalde de Ahome, licenciado Gerardo Octavio Vargas Landeros, estuvo presidiendo Sesi\u00f3n Solemne de Cabildo y Traslado de Poderes, evento que se llev\u00f3 a cabo en el Centro Cultural, donde tambi\u00e9n se reconoci\u00f3 a personas distinguidas de dicha sindicatura\u2026<\/strong><\/em><\/p>\n\n\n\n<p>Puerto de Topolobampo, Ahome, Sin.- Dentro del marco del 135 Aniversario de la Fundaci\u00f3n del Puerto de Topolobampo, autoridades municipales realizaron Sesi\u00f3n Solemne de Cabildo y Traslado de Poderes, la cual tuvo lugar en el Centro Cultural de dicha sindicatura.<\/p>\n\n\n\n<p>El evento fue encabezado por el Presidente Municipal de Ahome, licenciado Gerardo Octavio Vargas Landeros, quien fue acompa\u00f1ado por el licenciado Genaro Garc\u00eda Castro, Secretario del Ayuntamiento; licenciada Cecilia Hern\u00e1ndez Flores, S\u00edndica Procuradora, as\u00ed como por los integrantes del H. Cuerpo de Regidores y funcionarios municipales.<\/p>\n\n\n\n<p>En el lugar tambi\u00e9n estuvieron presentes el Capit\u00e1n de Nav\u00edo Ulises Rojas, quien acudi\u00f3 en representaci\u00f3n del contralmirante Anselmo Osorio Fraga, Comandante del Sector Naval de Topolobampo; el Capit\u00e1n de Puerto Jes\u00fas L\u00f3pez; el Vicealmirante Marco Antonio Ibarra Olaje, director de API Topolobampo; as\u00ed como D\u00e9bora Preciado Valencia, S\u00edndica de Topolobampo.<\/p>\n\n\n\n<p>Al finalizar la Sesi\u00f3n Solemne de Cabildo, el Presidente Municipal Gerardo Vargas hizo entrega de reconocimientos a distinguidos ciudadanos, como fueron Brando Michel Espinoza Vega, por su destacada participaci\u00f3n deportiva; la profesora Cinthia Jacqueline F\u00e9lix Machado, por su compromiso al servicio educativo durante 30 a\u00f1os ininterrumpidos; Monserrat Samaniego Sing, por su labor incansable como gestora social de las necesidades de los habitantes de su sindicatura; y a Alexis Emanuel Castro Ochoa, por su reciente hallazgo de siete balas en las profundidades del mar, pertenecientes a la Guerra del Primer Combate Aeronaval, ocurrido en 1914 en aguas del Puerto de Topolobampo.<\/p>\n\n\n\n<p>En su mensaje el Presidente Municipal expres\u00f3 que desde que asumi\u00f3 la responsabilidad de alcalde tom\u00f3 la decisi\u00f3n de trabajar cercano a la ciudadan\u00eda, ya que es la sociedad la que tiene que tomar el mandato y las autoridades ejercer la voz del pueblo con acciones de gobierno.<\/p>\n\n\n\n<p>Destac\u00f3 que su compromiso con la Cuarta Transformaci\u00f3n es cumplirle a la gente y no defraudar a la ciudadan\u00eda, por lo que aprovech\u00f3 para felicitar a las personas que hoy recibieron un reconocimiento por ser ciudadanos distinguidos.<\/p>\n\n\n\n<p>\u201cOjal\u00e1 que Topolobampo siga dando grandes h\u00e9roes como estos hombres, como estas mujeres, y que los pr\u00f3ximos d\u00edas que se presenten para Topolobampo y para el Municipio de Ahome sean de gran futuro porque esta regi\u00f3n se lo merece\u201d, expres\u00f3 Vargas Landeros.<\/p>\n\n\n\n<p>Por su parte el historiador Alfredo Salazar Hermosillo explic\u00f3 que la primera vez que lleg\u00f3 Albert K. Owen fue en el a\u00f1o 1872, y catorce a\u00f1os despu\u00e9s regresar\u00eda para fundar el Puerto de Topolobampo, con una colonia americana que deton\u00f3 el desarrollo en la zona norte del estado.<\/p>\n","protected":false},"excerpt":{"rendered":"<p>El alcalde de Ahome, licenciado Gerardo Octavio Vargas Landeros, estuvo presidiendo Sesi\u00f3n Solemne de Cabildo y Traslado de Poderes, evento que se llev\u00f3 a cabo en el Centro Cultural, donde tambi\u00e9n se reconoci\u00f3 a personas distinguidas de dicha sindicatura\u2026 Puerto de Topolobampo, Ahome, Sin.- Dentro del marco del 135 Aniversario de la Fundaci\u00f3n del Puerto [&hellip;]<\/p>\n","protected":false},"author":4,"featured_media":17691,"comment_status":"open","ping_status":"open","sticky":false,"template":"","format":"standard","meta":{"tdm_status":"","tdm_grid_status":"","footnotes":""},"categories":[38],"tags":[278,1715,1654,333],"class_list":{"0":"post-17690","1":"post","2":"type-post","3":"status-publish","4":"format-standard","5":"has-post-thumbnail","7":"category-noticias-locales","8":"tag-ahome","9":"tag-ayuntamiento-de-ahome","10":"tag-gerardo-vargas-landeros","11":"tag-topolobampo"},"yoast_head":"<!-- This site is optimized with the Yoast SEO plugin v27.5 - https:\/\/yoast.com\/product\/yoast-seo-wordpress\/ -->\n<title>Conmemoran el 135 Aniversario de la Fundaci\u00f3n del Puerto de Topolobampo - Fuentes Fidedignas<\/title>\n<meta name=\"robots\" content=\"index, follow, max-snippet:-1, max-image-preview:large, max-video-preview:-1\" \/>\n<link rel=\"canonical\" href=\"https:\/\/fuentesfidedignas.com.mx\/index.php\/2021\/11\/17\/conmemoran-el-135-aniversario-de-la-fundacion-del-puerto-de-topolobampo\/\" \/>\n<meta property=\"og:locale\" content=\"es_MX\" \/>\n<meta property=\"og:type\" content=\"article\" \/>\n<meta property=\"og:title\" content=\"Conmemoran el 135 Aniversario de la Fundaci\u00f3n del Puerto de Topolobampo - Fuentes Fidedignas\" \/>\n<meta property=\"og:description\" content=\"El alcalde de Ahome, licenciado Gerardo Octavio Vargas Landeros, estuvo presidiendo Sesi\u00f3n Solemne de Cabildo y Traslado de Poderes, evento que se llev\u00f3 a cabo en el Centro Cultural, donde tambi\u00e9n se reconoci\u00f3 a personas distinguidas de dicha sindicatura\u2026 Puerto de Topolobampo, Ahome, Sin.- Dentro del marco del 135 Aniversario de la Fundaci\u00f3n del Puerto [&hellip;]\" \/>\n<meta property=\"og:url\" content=\"https:\/\/fuentesfidedignas.com.mx\/index.php\/2021\/11\/17\/conmemoran-el-135-aniversario-de-la-fundacion-del-puerto-de-topolobampo\/\" \/>\n<meta property=\"og:site_name\" content=\"Fuentes Fidedignas\" \/>\n<meta property=\"article:publisher\" content=\"https:\/\/www.facebook.com\/Fuentes-Fidedignas-368234489921644\" \/>\n<meta property=\"article:published_time\" content=\"2021-11-17T19:58:31+00:00\" \/>\n<meta property=\"article:modified_time\" content=\"2021-11-17T23:46:31+00:00\" \/>\n<meta property=\"og:image\" content=\"https:\/\/fuentesfidedignas.com.mx\/wp-content\/uploads\/2021\/11\/ANIV_TOPO.jpg\" \/>\n\t<meta property=\"og:image:width\" content=\"837\" \/>\n\t<meta property=\"og:image:height\" content=\"556\" \/>\n\t<meta property=\"og:image:type\" content=\"image\/jpeg\" \/>\n<meta name=\"author\" content=\"Redacci\u00f3n\" \/>\n<meta name=\"twitter:card\" content=\"summary_large_image\" \/>\n<meta name=\"twitter:creator\" content=\"@fidedignas\" \/>\n<meta name=\"twitter:site\" content=\"@fidedignas\" \/>\n<meta name=\"twitter:label1\" content=\"Escrito por\" \/>\n\t<meta name=\"twitter:data1\" content=\"Redacci\u00f3n\" \/>\n\t<meta name=\"twitter:label2\" content=\"Tiempo de lectura\" \/>\n\t<meta name=\"twitter:data2\" content=\"2 minutos\" \/>\n<script type=\"application\/ld+json\" class=\"yoast-schema-graph\">{\"@context\":\"https:\\\/\\\/schema.org\",\"@graph\":[{\"@type\":\"Article\",\"@id\":\"https:\\\/\\\/fuentesfidedignas.com.mx\\\/index.php\\\/2021\\\/11\\\/17\\\/conmemoran-el-135-aniversario-de-la-fundacion-del-puerto-de-topolobampo\\\/#article\",\"isPartOf\":{\"@id\":\"https:\\\/\\\/fuentesfidedignas.com.mx\\\/index.php\\\/2021\\\/11\\\/17\\\/conmemoran-el-135-aniversario-de-la-fundacion-del-puerto-de-topolobampo\\\/\"},\"author\":{\"name\":\"Redacci\u00f3n\",\"@id\":\"https:\\\/\\\/fuentesfidedignas.com.mx\\\/#\\\/schema\\\/person\\\/331be9283d37198e2acd5750279085b0\"},\"headline\":\"Conmemoran el 135 Aniversario de la Fundaci\u00f3n del Puerto de Topolobampo\",\"datePublished\":\"2021-11-17T19:58:31+00:00\",\"dateModified\":\"2021-11-17T23:46:31+00:00\",\"mainEntityOfPage\":{\"@id\":\"https:\\\/\\\/fuentesfidedignas.com.mx\\\/index.php\\\/2021\\\/11\\\/17\\\/conmemoran-el-135-aniversario-de-la-fundacion-del-puerto-de-topolobampo\\\/\"},\"wordCount\":492,\"commentCount\":0,\"publisher\":{\"@id\":\"https:\\\/\\\/fuentesfidedignas.com.mx\\\/#organization\"},\"image\":{\"@id\":\"https:\\\/\\\/fuentesfidedignas.com.mx\\\/index.php\\\/2021\\\/11\\\/17\\\/conmemoran-el-135-aniversario-de-la-fundacion-del-puerto-de-topolobampo\\\/#primaryimage\"},\"thumbnailUrl\":\"https:\\\/\\\/fuentesfidedignas.com.mx\\\/wp-content\\\/uploads\\\/2021\\\/11\\\/ANIV_TOPO.jpg\",\"keywords\":[\"Ahome\",\"Ayuntamiento de Ahome\",\"Gerardo Vargas Landeros\",\"Topolobampo\"],\"articleSection\":[\"NOTICIAS LOCALES\"],\"inLanguage\":\"es\",\"potentialAction\":[{\"@type\":\"CommentAction\",\"name\":\"Comment\",\"target\":[\"https:\\\/\\\/fuentesfidedignas.com.mx\\\/index.php\\\/2021\\\/11\\\/17\\\/conmemoran-el-135-aniversario-de-la-fundacion-del-puerto-de-topolobampo\\\/#respond\"]}]},{\"@type\":\"WebPage\",\"@id\":\"https:\\\/\\\/fuentesfidedignas.com.mx\\\/index.php\\\/2021\\\/11\\\/17\\\/conmemoran-el-135-aniversario-de-la-fundacion-del-puerto-de-topolobampo\\\/\",\"url\":\"https:\\\/\\\/fuentesfidedignas.com.mx\\\/index.php\\\/2021\\\/11\\\/17\\\/conmemoran-el-135-aniversario-de-la-fundacion-del-puerto-de-topolobampo\\\/\",\"name\":\"Conmemoran el 135 Aniversario de la Fundaci\u00f3n del Puerto de Topolobampo - Fuentes Fidedignas\",\"isPartOf\":{\"@id\":\"https:\\\/\\\/fuentesfidedignas.com.mx\\\/#website\"},\"primaryImageOfPage\":{\"@id\":\"https:\\\/\\\/fuentesfidedignas.com.mx\\\/index.php\\\/2021\\\/11\\\/17\\\/conmemoran-el-135-aniversario-de-la-fundacion-del-puerto-de-topolobampo\\\/#primaryimage\"},\"image\":{\"@id\":\"https:\\\/\\\/fuentesfidedignas.com.mx\\\/index.php\\\/2021\\\/11\\\/17\\\/conmemoran-el-135-aniversario-de-la-fundacion-del-puerto-de-topolobampo\\\/#primaryimage\"},\"thumbnailUrl\":\"https:\\\/\\\/fuentesfidedignas.com.mx\\\/wp-content\\\/uploads\\\/2021\\\/11\\\/ANIV_TOPO.jpg\",\"datePublished\":\"2021-11-17T19:58:31+00:00\",\"dateModified\":\"2021-11-17T23:46:31+00:00\",\"breadcrumb\":{\"@id\":\"https:\\\/\\\/fuentesfidedignas.com.mx\\\/index.php\\\/2021\\\/11\\\/17\\\/conmemoran-el-135-aniversario-de-la-fundacion-del-puerto-de-topolobampo\\\/#breadcrumb\"},\"inLanguage\":\"es\",\"potentialAction\":[{\"@type\":\"ReadAction\",\"target\":[\"https:\\\/\\\/fuentesfidedignas.com.mx\\\/index.php\\\/2021\\\/11\\\/17\\\/conmemoran-el-135-aniversario-de-la-fundacion-del-puerto-de-topolobampo\\\/\"]}]},{\"@type\":\"ImageObject\",\"inLanguage\":\"es\",\"@id\":\"https:\\\/\\\/fuentesfidedignas.com.mx\\\/index.php\\\/2021\\\/11\\\/17\\\/conmemoran-el-135-aniversario-de-la-fundacion-del-puerto-de-topolobampo\\\/#primaryimage\",\"url\":\"https:\\\/\\\/fuentesfidedignas.com.mx\\\/wp-content\\\/uploads\\\/2021\\\/11\\\/ANIV_TOPO.jpg\",\"contentUrl\":\"https:\\\/\\\/fuentesfidedignas.com.mx\\\/wp-content\\\/uploads\\\/2021\\\/11\\\/ANIV_TOPO.jpg\",\"width\":837,\"height\":556},{\"@type\":\"BreadcrumbList\",\"@id\":\"https:\\\/\\\/fuentesfidedignas.com.mx\\\/index.php\\\/2021\\\/11\\\/17\\\/conmemoran-el-135-aniversario-de-la-fundacion-del-puerto-de-topolobampo\\\/#breadcrumb\",\"itemListElement\":[{\"@type\":\"ListItem\",\"position\":1,\"name\":\"Inicio\",\"item\":\"https:\\\/\\\/fuentesfidedignas.com.mx\\\/\"},{\"@type\":\"ListItem\",\"position\":2,\"name\":\"Conmemoran el 135 Aniversario de la Fundaci\u00f3n del Puerto de Topolobampo\"}]},{\"@type\":\"WebSite\",\"@id\":\"https:\\\/\\\/fuentesfidedignas.com.mx\\\/#website\",\"url\":\"https:\\\/\\\/fuentesfidedignas.com.mx\\\/\",\"name\":\"Fuentes Fidedignas\",\"description\":\"Otro sitio realizado con WordPress\",\"publisher\":{\"@id\":\"https:\\\/\\\/fuentesfidedignas.com.mx\\\/#organization\"},\"potentialAction\":[{\"@type\":\"SearchAction\",\"target\":{\"@type\":\"EntryPoint\",\"urlTemplate\":\"https:\\\/\\\/fuentesfidedignas.com.mx\\\/?s={search_term_string}\"},\"query-input\":{\"@type\":\"PropertyValueSpecification\",\"valueRequired\":true,\"valueName\":\"search_term_string\"}}],\"inLanguage\":\"es\"},{\"@type\":\"Organization\",\"@id\":\"https:\\\/\\\/fuentesfidedignas.com.mx\\\/#organization\",\"name\":\"Fuentes Fidedignas\",\"url\":\"https:\\\/\\\/fuentesfidedignas.com.mx\\\/\",\"logo\":{\"@type\":\"ImageObject\",\"inLanguage\":\"es\",\"@id\":\"https:\\\/\\\/fuentesfidedignas.com.mx\\\/#\\\/schema\\\/logo\\\/image\\\/\",\"url\":\"https:\\\/\\\/fuentesfidedignas.com.mx\\\/wp-content\\\/uploads\\\/2021\\\/04\\\/logo-retina.png\",\"contentUrl\":\"https:\\\/\\\/fuentesfidedignas.com.mx\\\/wp-content\\\/uploads\\\/2021\\\/04\\\/logo-retina.png\",\"width\":280,\"height\":51,\"caption\":\"Fuentes Fidedignas\"},\"image\":{\"@id\":\"https:\\\/\\\/fuentesfidedignas.com.mx\\\/#\\\/schema\\\/logo\\\/image\\\/\"},\"sameAs\":[\"https:\\\/\\\/www.facebook.com\\\/Fuentes-Fidedignas-368234489921644\",\"https:\\\/\\\/x.com\\\/fidedignas\"]},{\"@type\":\"Person\",\"@id\":\"https:\\\/\\\/fuentesfidedignas.com.mx\\\/#\\\/schema\\\/person\\\/331be9283d37198e2acd5750279085b0\",\"name\":\"Redacci\u00f3n\",\"image\":{\"@type\":\"ImageObject\",\"inLanguage\":\"es\",\"@id\":\"https:\\\/\\\/secure.gravatar.com\\\/avatar\\\/f6d8782c11d12b2d4ad3fbb6931aeab5309937a4d6cd2fc9cfaa28a6396a5aec?s=96&d=mm&r=g\",\"url\":\"https:\\\/\\\/secure.gravatar.com\\\/avatar\\\/f6d8782c11d12b2d4ad3fbb6931aeab5309937a4d6cd2fc9cfaa28a6396a5aec?s=96&d=mm&r=g\",\"contentUrl\":\"https:\\\/\\\/secure.gravatar.com\\\/avatar\\\/f6d8782c11d12b2d4ad3fbb6931aeab5309937a4d6cd2fc9cfaa28a6396a5aec?s=96&d=mm&r=g\",\"caption\":\"Redacci\u00f3n\"},\"url\":\"https:\\\/\\\/fuentesfidedignas.com.mx\\\/index.php\\\/author\\\/redaccion\\\/\"}]}<\/script>\n<!-- \/ Yoast SEO plugin. -->","yoast_head_json":{"title":"Conmemoran el 135 Aniversario de la Fundaci\u00f3n del Puerto de Topolobampo - Fuentes Fidedignas","robots":{"index":"index","follow":"follow","max-snippet":"max-snippet:-1","max-image-preview":"max-image-preview:large","max-video-preview":"max-video-preview:-1"},"canonical":"https:\/\/fuentesfidedignas.com.mx\/index.php\/2021\/11\/17\/conmemoran-el-135-aniversario-de-la-fundacion-del-puerto-de-topolobampo\/","og_locale":"es_MX","og_type":"article","og_title":"Conmemoran el 135 Aniversario de la Fundaci\u00f3n del Puerto de Topolobampo - Fuentes Fidedignas","og_description":"El alcalde de Ahome, licenciado Gerardo Octavio Vargas Landeros, estuvo presidiendo Sesi\u00f3n Solemne de Cabildo y Traslado de Poderes, evento que se llev\u00f3 a cabo en el Centro Cultural, donde tambi\u00e9n se reconoci\u00f3 a personas distinguidas de dicha sindicatura\u2026 Puerto de Topolobampo, Ahome, Sin.- Dentro del marco del 135 Aniversario de la Fundaci\u00f3n del Puerto [&hellip;]","og_url":"https:\/\/fuentesfidedignas.com.mx\/index.php\/2021\/11\/17\/conmemoran-el-135-aniversario-de-la-fundacion-del-puerto-de-topolobampo\/","og_site_name":"Fuentes Fidedignas","article_publisher":"https:\/\/www.facebook.com\/Fuentes-Fidedignas-368234489921644","article_published_time":"2021-11-17T19:58:31+00:00","article_modified_time":"2021-11-17T23:46:31+00:00","og_image":[{"width":837,"height":556,"url":"https:\/\/fuentesfidedignas.com.mx\/wp-content\/uploads\/2021\/11\/ANIV_TOPO.jpg","type":"image\/jpeg"}],"author":"Redacci\u00f3n","twitter_card":"summary_large_image","twitter_creator":"@fidedignas","twitter_site":"@fidedignas","twitter_misc":{"Escrito por":"Redacci\u00f3n","Tiempo de lectura":"2 minutos"},"schema":{"@context":"https:\/\/schema.org","@graph":[{"@type":"Article","@id":"https:\/\/fuentesfidedignas.com.mx\/index.php\/2021\/11\/17\/conmemoran-el-135-aniversario-de-la-fundacion-del-puerto-de-topolobampo\/#article","isPartOf":{"@id":"https:\/\/fuentesfidedignas.com.mx\/index.php\/2021\/11\/17\/conmemoran-el-135-aniversario-de-la-fundacion-del-puerto-de-topolobampo\/"},"author":{"name":"Redacci\u00f3n","@id":"https:\/\/fuentesfidedignas.com.mx\/#\/schema\/person\/331be9283d37198e2acd5750279085b0"},"headline":"Conmemoran el 135 Aniversario de la Fundaci\u00f3n del Puerto de Topolobampo","datePublished":"2021-11-17T19:58:31+00:00","dateModified":"2021-11-17T23:46:31+00:00","mainEntityOfPage":{"@id":"https:\/\/fuentesfidedignas.com.mx\/index.php\/2021\/11\/17\/conmemoran-el-135-aniversario-de-la-fundacion-del-puerto-de-topolobampo\/"},"wordCount":492,"commentCount":0,"publisher":{"@id":"https:\/\/fuentesfidedignas.com.mx\/#organization"},"image":{"@id":"https:\/\/fuentesfidedignas.com.mx\/index.php\/2021\/11\/17\/conmemoran-el-135-aniversario-de-la-fundacion-del-puerto-de-topolobampo\/#primaryimage"},"thumbnailUrl":"https:\/\/fuentesfidedignas.com.mx\/wp-content\/uploads\/2021\/11\/ANIV_TOPO.jpg","keywords":["Ahome","Ayuntamiento de Ahome","Gerardo Vargas Landeros","Topolobampo"],"articleSection":["NOTICIAS LOCALES"],"inLanguage":"es","potentialAction":[{"@type":"CommentAction","name":"Comment","target":["https:\/\/fuentesfidedignas.com.mx\/index.php\/2021\/11\/17\/conmemoran-el-135-aniversario-de-la-fundacion-del-puerto-de-topolobampo\/#respond"]}]},{"@type":"WebPage","@id":"https:\/\/fuentesfidedignas.com.mx\/index.php\/2021\/11\/17\/conmemoran-el-135-aniversario-de-la-fundacion-del-puerto-de-topolobampo\/","url":"https:\/\/fuentesfidedignas.com.mx\/index.php\/2021\/11\/17\/conmemoran-el-135-aniversario-de-la-fundacion-del-puerto-de-topolobampo\/","name":"Conmemoran el 135 Aniversario de la Fundaci\u00f3n del Puerto de Topolobampo - Fuentes Fidedignas","isPartOf":{"@id":"https:\/\/fuentesfidedignas.com.mx\/#website"},"primaryImageOfPage":{"@id":"https:\/\/fuentesfidedignas.com.mx\/index.php\/2021\/11\/17\/conmemoran-el-135-aniversario-de-la-fundacion-del-puerto-de-topolobampo\/#primaryimage"},"image":{"@id":"https:\/\/fuentesfidedignas.com.mx\/index.php\/2021\/11\/17\/conmemoran-el-135-aniversario-de-la-fundacion-del-puerto-de-topolobampo\/#primaryimage"},"thumbnailUrl":"https:\/\/fuentesfidedignas.com.mx\/wp-content\/uploads\/2021\/11\/ANIV_TOPO.jpg","datePublished":"2021-11-17T19:58:31+00:00","dateModified":"2021-11-17T23:46:31+00:00","breadcrumb":{"@id":"https:\/\/fuentesfidedignas.com.mx\/index.php\/2021\/11\/17\/conmemoran-el-135-aniversario-de-la-fundacion-del-puerto-de-topolobampo\/#breadcrumb"},"inLanguage":"es","potentialAction":[{"@type":"ReadAction","target":["https:\/\/fuentesfidedignas.com.mx\/index.php\/2021\/11\/17\/conmemoran-el-135-aniversario-de-la-fundacion-del-puerto-de-topolobampo\/"]}]},{"@type":"ImageObject","inLanguage":"es","@id":"https:\/\/fuentesfidedignas.com.mx\/index.php\/2021\/11\/17\/conmemoran-el-135-aniversario-de-la-fundacion-del-puerto-de-topolobampo\/#primaryimage","url":"https:\/\/fuentesfidedignas.com.mx\/wp-content\/uploads\/2021\/11\/ANIV_TOPO.jpg","contentUrl":"https:\/\/fuentesfidedignas.com.mx\/wp-content\/uploads\/2021\/11\/ANIV_TOPO.jpg","width":837,"height":556},{"@type":"BreadcrumbList","@id":"https:\/\/fuentesfidedignas.com.mx\/index.php\/2021\/11\/17\/conmemoran-el-135-aniversario-de-la-fundacion-del-puerto-de-topolobampo\/#breadcrumb","itemListElement":[{"@type":"ListItem","position":1,"name":"Inicio","item":"https:\/\/fuentesfidedignas.com.mx\/"},{"@type":"ListItem","position":2,"name":"Conmemoran el 135 Aniversario de la Fundaci\u00f3n del Puerto de Topolobampo"}]},{"@type":"WebSite","@id":"https:\/\/fuentesfidedignas.com.mx\/#website","url":"https:\/\/fuentesfidedignas.com.mx\/","name":"Fuentes Fidedignas","description":"Otro sitio realizado con WordPress","publisher":{"@id":"https:\/\/fuentesfidedignas.com.mx\/#organization"},"potentialAction":[{"@type":"SearchAction","target":{"@type":"EntryPoint","urlTemplate":"https:\/\/fuentesfidedignas.com.mx\/?s={search_term_string}"},"query-input":{"@type":"PropertyValueSpecification","valueRequired":true,"valueName":"search_term_string"}}],"inLanguage":"es"},{"@type":"Organization","@id":"https:\/\/fuentesfidedignas.com.mx\/#organization","name":"Fuentes Fidedignas","url":"https:\/\/fuentesfidedignas.com.mx\/","logo":{"@type":"ImageObject","inLanguage":"es","@id":"https:\/\/fuentesfidedignas.com.mx\/#\/schema\/logo\/image\/","url":"https:\/\/fuentesfidedignas.com.mx\/wp-content\/uploads\/2021\/04\/logo-retina.png","contentUrl":"https:\/\/fuentesfidedignas.com.mx\/wp-content\/uploads\/2021\/04\/logo-retina.png","width":280,"height":51,"caption":"Fuentes Fidedignas"},"image":{"@id":"https:\/\/fuentesfidedignas.com.mx\/#\/schema\/logo\/image\/"},"sameAs":["https:\/\/www.facebook.com\/Fuentes-Fidedignas-368234489921644","https:\/\/x.com\/fidedignas"]},{"@type":"Person","@id":"https:\/\/fuentesfidedignas.com.mx\/#\/schema\/person\/331be9283d37198e2acd5750279085b0","name":"Redacci\u00f3n","image":{"@type":"ImageObject","inLanguage":"es","@id":"https:\/\/secure.gravatar.com\/avatar\/f6d8782c11d12b2d4ad3fbb6931aeab5309937a4d6cd2fc9cfaa28a6396a5aec?s=96&d=mm&r=g","url":"https:\/\/secure.gravatar.com\/avatar\/f6d8782c11d12b2d4ad3fbb6931aeab5309937a4d6cd2fc9cfaa28a6396a5aec?s=96&d=mm&r=g","contentUrl":"https:\/\/secure.gravatar.com\/avatar\/f6d8782c11d12b2d4ad3fbb6931aeab5309937a4d6cd2fc9cfaa28a6396a5aec?s=96&d=mm&r=g","caption":"Redacci\u00f3n"},"url":"https:\/\/fuentesfidedignas.com.mx\/index.php\/author\/redaccion\/"}]}},"_links":{"self":[{"href":"https:\/\/fuentesfidedignas.com.mx\/index.php\/wp-json\/wp\/v2\/posts\/17690","targetHints":{"allow":["GET"]}}],"collection":[{"href":"https:\/\/fuentesfidedignas.com.mx\/index.php\/wp-json\/wp\/v2\/posts"}],"about":[{"href":"https:\/\/fuentesfidedignas.com.mx\/index.php\/wp-json\/wp\/v2\/types\/post"}],"author":[{"embeddable":true,"href":"https:\/\/fuentesfidedignas.com.mx\/index.php\/wp-json\/wp\/v2\/users\/4"}],"replies":[{"embeddable":true,"href":"https:\/\/fuentesfidedignas.com.mx\/index.php\/wp-json\/wp\/v2\/comments?post=17690"}],"version-history":[{"count":2,"href":"https:\/\/fuentesfidedignas.com.mx\/index.php\/wp-json\/wp\/v2\/posts\/17690\/revisions"}],"predecessor-version":[{"id":17714,"href":"https:\/\/fuentesfidedignas.com.mx\/index.php\/wp-json\/wp\/v2\/posts\/17690\/revisions\/17714"}],"wp:featuredmedia":[{"embeddable":true,"href":"https:\/\/fuentesfidedignas.com.mx\/index.php\/wp-json\/wp\/v2\/media\/17691"}],"wp:attachment":[{"href":"https:\/\/fuentesfidedignas.com.mx\/index.php\/wp-json\/wp\/v2\/media?parent=17690"}],"wp:term":[{"taxonomy":"category","embeddable":true,"href":"https:\/\/fuentesfidedignas.com.mx\/index.php\/wp-json\/wp\/v2\/categories?post=17690"},{"taxonomy":"post_tag","embeddable":true,"href":"https:\/\/fuentesfidedignas.com.mx\/index.php\/wp-json\/wp\/v2\/tags?post=17690"}],"curies":[{"name":"wp","href":"https:\/\/api.w.org\/{rel}","templated":true}]}}