{"id":17687,"date":"2021-11-17T12:40:24","date_gmt":"2021-11-17T19:40:24","guid":{"rendered":"https:\/\/fuentesfidedignas.com.mx\/?p=17687"},"modified":"2021-11-17T12:40:27","modified_gmt":"2021-11-17T19:40:27","slug":"dictan-prision-preventiva-a-esposa-de-el-mencho-se-queda-en-penal-de-morelos","status":"publish","type":"post","link":"https:\/\/fuentesfidedignas.com.mx\/index.php\/2021\/11\/17\/dictan-prision-preventiva-a-esposa-de-el-mencho-se-queda-en-penal-de-morelos\/","title":{"rendered":"Dictan prisi\u00f3n preventiva a esposa de &#8216;El Mencho&#8217;; se queda en penal de Morelos"},"content":{"rendered":"\n<p><strong><em>Un juez modific\u00f3 la medida cautelar a Rosalinda &#8216;N&#8217; y le dict\u00f3 prisi\u00f3n preventiva tras no acudir a firmar por el proceso en su contra que data de 2018 por lavado de dinero.<\/em><\/strong><\/p>\n\n\n\n<p>Ciudad de M\u00e9xico.- Rosalinda &#8216;N&#8217;, esposa de Nemesio Oseguera Cervantes, El Mencho, se quedar\u00e1 en el penal femenil de Morelos luego de que un juez le dict\u00f3 prisi\u00f3n preventiva justificada al modificarle la medida cautelar por el proceso en su contra por lavado de dinero.<\/p>\n\n\n\n<p>Al ser presentada ante el juez de control, los fiscales solicitaron el cambio de la medida cautelar ante la posibilidad de fuga, as\u00ed como por incumplimiento al no acudir a firmar al juzgado como estaba establecido tras permitirle llevar en libertad el proceso en su contra. Tras escuchar los argumentos, el juez autoriz\u00f3 la prisi\u00f3n preventiva justificada.<\/p>\n\n\n\n<p>Rosalinda &#8216;N&#8217; permanecer\u00e1 recluida en el penal de Morelos hasta que se dicte sentencia en el el proceso que se le inici\u00f3 en 2018. En mayo de ese a\u00f1o fue detenida por los delitos de operaciones con recursos de procedencia il\u00edcita y delincuencia organizada, sin embargo, su defensa aport\u00f3 datos de prueba para anular este \u00faltimo delito.<\/p>\n\n\n\n<p>La esposa de El Mencho fue recapturada la tarde del lunes por la Secretar\u00eda de la Defensa Nacional (Sedena), de la Fiscalia General de la Rep\u00fablica (FGR) y del Centro Nacional de Inteligencia (CNI).<\/p>\n\n\n\n<p>A trav\u00e9s de un comunicado de prensa, la Sedena asegur\u00f3 que la detenci\u00f3n se llev\u00f3 a cabo en cumplimiento a una orden por diversos delitos, a quien seg\u00fan los indicios, est\u00e1 relacionada con la operaci\u00f3n financiera del C\u00e1rtel de Jalisco Nueva Generaci\u00f3n.<\/p>\n\n\n\n<p>&#8220;Mediante la planeaci\u00f3n y puesta en marcha de manera coordinada de actividades de inteligencia en el municipio de Zapopan, Jalisco, elementosdel Ej\u00e9rcito Mexicano, lograron la ubicaci\u00f3n, identificaci\u00f3n y detenci\u00f3n de Rosalinda &#8216;N&#8217;, lo que se considera un golpe significativo para la estructura financiera de la delincuencia organizada en el estado de Jalisco&#8221;.<\/p>\n\n\n\n<p>Despu\u00e9s de ser detenida, la esposa de El Mencho fue puesta a disposici\u00f3n de las autoridades judiciales del Centro Federal de Readaptaci\u00f3n Social 16 \u201cCPS Femenil Morelos\u201d en Coatl\u00e1n del R\u00edo, Morelos.<\/p>\n","protected":false},"excerpt":{"rendered":"<p>Un juez modific\u00f3 la medida cautelar a Rosalinda &#8216;N&#8217; y le dict\u00f3 prisi\u00f3n preventiva tras no acudir a firmar por el proceso en su contra que data de 2018 por lavado de dinero. Ciudad de M\u00e9xico.- Rosalinda &#8216;N&#8217;, esposa de Nemesio Oseguera Cervantes, El Mencho, se quedar\u00e1 en el penal femenil de Morelos luego de [&hellip;]<\/p>\n","protected":false},"author":7,"featured_media":17688,"comment_status":"open","ping_status":"open","sticky":false,"template":"","format":"standard","meta":{"tdm_status":"","tdm_grid_status":"","footnotes":""},"categories":[39],"tags":[357],"class_list":{"0":"post-17687","1":"post","2":"type-post","3":"status-publish","4":"format-standard","5":"has-post-thumbnail","7":"category-noticias-nacionales","8":"tag-el-mencho"},"yoast_head":"<!-- This site is optimized with the Yoast SEO plugin v27.5 - https:\/\/yoast.com\/product\/yoast-seo-wordpress\/ -->\n<title>Dictan prisi\u00f3n preventiva a esposa de &#039;El Mencho&#039;; se queda en penal de Morelos - Fuentes Fidedignas<\/title>\n<meta name=\"robots\" content=\"index, follow, max-snippet:-1, max-image-preview:large, max-video-preview:-1\" \/>\n<link rel=\"canonical\" href=\"https:\/\/fuentesfidedignas.com.mx\/index.php\/2021\/11\/17\/dictan-prision-preventiva-a-esposa-de-el-mencho-se-queda-en-penal-de-morelos\/\" \/>\n<meta property=\"og:locale\" content=\"es_MX\" \/>\n<meta property=\"og:type\" content=\"article\" \/>\n<meta property=\"og:title\" content=\"Dictan prisi\u00f3n preventiva a esposa de &#039;El Mencho&#039;; se queda en penal de Morelos - Fuentes Fidedignas\" \/>\n<meta property=\"og:description\" content=\"Un juez modific\u00f3 la medida cautelar a Rosalinda &#8216;N&#8217; y le dict\u00f3 prisi\u00f3n preventiva tras no acudir a firmar por el proceso en su contra que data de 2018 por lavado de dinero. Ciudad de M\u00e9xico.- Rosalinda &#8216;N&#8217;, esposa de Nemesio Oseguera Cervantes, El Mencho, se quedar\u00e1 en el penal femenil de Morelos luego de [&hellip;]\" \/>\n<meta property=\"og:url\" content=\"https:\/\/fuentesfidedignas.com.mx\/index.php\/2021\/11\/17\/dictan-prision-preventiva-a-esposa-de-el-mencho-se-queda-en-penal-de-morelos\/\" \/>\n<meta property=\"og:site_name\" content=\"Fuentes Fidedignas\" \/>\n<meta property=\"article:publisher\" content=\"https:\/\/www.facebook.com\/Fuentes-Fidedignas-368234489921644\" \/>\n<meta property=\"article:published_time\" content=\"2021-11-17T19:40:24+00:00\" \/>\n<meta property=\"article:modified_time\" content=\"2021-11-17T19:40:27+00:00\" \/>\n<meta property=\"og:image\" content=\"https:\/\/fuentesfidedignas.com.mx\/wp-content\/uploads\/2021\/11\/ESP_MENCHO.jpg\" \/>\n\t<meta property=\"og:image:width\" content=\"800\" \/>\n\t<meta property=\"og:image:height\" content=\"600\" \/>\n\t<meta property=\"og:image:type\" content=\"image\/jpeg\" \/>\n<meta name=\"author\" content=\"Exc\u00e9lsior\" \/>\n<meta name=\"twitter:card\" content=\"summary_large_image\" \/>\n<meta name=\"twitter:creator\" content=\"@fidedignas\" \/>\n<meta name=\"twitter:site\" content=\"@fidedignas\" \/>\n<meta name=\"twitter:label1\" content=\"Escrito por\" \/>\n\t<meta name=\"twitter:data1\" content=\"Exc\u00e9lsior\" \/>\n\t<meta name=\"twitter:label2\" content=\"Tiempo de lectura\" \/>\n\t<meta name=\"twitter:data2\" content=\"2 minutos\" \/>\n<script type=\"application\/ld+json\" class=\"yoast-schema-graph\">{\"@context\":\"https:\\\/\\\/schema.org\",\"@graph\":[{\"@type\":\"Article\",\"@id\":\"https:\\\/\\\/fuentesfidedignas.com.mx\\\/index.php\\\/2021\\\/11\\\/17\\\/dictan-prision-preventiva-a-esposa-de-el-mencho-se-queda-en-penal-de-morelos\\\/#article\",\"isPartOf\":{\"@id\":\"https:\\\/\\\/fuentesfidedignas.com.mx\\\/index.php\\\/2021\\\/11\\\/17\\\/dictan-prision-preventiva-a-esposa-de-el-mencho-se-queda-en-penal-de-morelos\\\/\"},\"author\":{\"name\":\"Exc\u00e9lsior\",\"@id\":\"https:\\\/\\\/fuentesfidedignas.com.mx\\\/#\\\/schema\\\/person\\\/ec4edd1fbf5efa3e44fce34fe2787780\"},\"headline\":\"Dictan prisi\u00f3n preventiva a esposa de &#8216;El Mencho&#8217;; se queda en penal de Morelos\",\"datePublished\":\"2021-11-17T19:40:24+00:00\",\"dateModified\":\"2021-11-17T19:40:27+00:00\",\"mainEntityOfPage\":{\"@id\":\"https:\\\/\\\/fuentesfidedignas.com.mx\\\/index.php\\\/2021\\\/11\\\/17\\\/dictan-prision-preventiva-a-esposa-de-el-mencho-se-queda-en-penal-de-morelos\\\/\"},\"wordCount\":389,\"commentCount\":0,\"publisher\":{\"@id\":\"https:\\\/\\\/fuentesfidedignas.com.mx\\\/#organization\"},\"image\":{\"@id\":\"https:\\\/\\\/fuentesfidedignas.com.mx\\\/index.php\\\/2021\\\/11\\\/17\\\/dictan-prision-preventiva-a-esposa-de-el-mencho-se-queda-en-penal-de-morelos\\\/#primaryimage\"},\"thumbnailUrl\":\"https:\\\/\\\/fuentesfidedignas.com.mx\\\/wp-content\\\/uploads\\\/2021\\\/11\\\/ESP_MENCHO.jpg\",\"keywords\":[\"El Mencho\"],\"articleSection\":[\"NOTICIAS NACIONALES\"],\"inLanguage\":\"es\",\"potentialAction\":[{\"@type\":\"CommentAction\",\"name\":\"Comment\",\"target\":[\"https:\\\/\\\/fuentesfidedignas.com.mx\\\/index.php\\\/2021\\\/11\\\/17\\\/dictan-prision-preventiva-a-esposa-de-el-mencho-se-queda-en-penal-de-morelos\\\/#respond\"]}]},{\"@type\":\"WebPage\",\"@id\":\"https:\\\/\\\/fuentesfidedignas.com.mx\\\/index.php\\\/2021\\\/11\\\/17\\\/dictan-prision-preventiva-a-esposa-de-el-mencho-se-queda-en-penal-de-morelos\\\/\",\"url\":\"https:\\\/\\\/fuentesfidedignas.com.mx\\\/index.php\\\/2021\\\/11\\\/17\\\/dictan-prision-preventiva-a-esposa-de-el-mencho-se-queda-en-penal-de-morelos\\\/\",\"name\":\"Dictan prisi\u00f3n preventiva a esposa de 'El Mencho'; se queda en penal de Morelos - Fuentes Fidedignas\",\"isPartOf\":{\"@id\":\"https:\\\/\\\/fuentesfidedignas.com.mx\\\/#website\"},\"primaryImageOfPage\":{\"@id\":\"https:\\\/\\\/fuentesfidedignas.com.mx\\\/index.php\\\/2021\\\/11\\\/17\\\/dictan-prision-preventiva-a-esposa-de-el-mencho-se-queda-en-penal-de-morelos\\\/#primaryimage\"},\"image\":{\"@id\":\"https:\\\/\\\/fuentesfidedignas.com.mx\\\/index.php\\\/2021\\\/11\\\/17\\\/dictan-prision-preventiva-a-esposa-de-el-mencho-se-queda-en-penal-de-morelos\\\/#primaryimage\"},\"thumbnailUrl\":\"https:\\\/\\\/fuentesfidedignas.com.mx\\\/wp-content\\\/uploads\\\/2021\\\/11\\\/ESP_MENCHO.jpg\",\"datePublished\":\"2021-11-17T19:40:24+00:00\",\"dateModified\":\"2021-11-17T19:40:27+00:00\",\"breadcrumb\":{\"@id\":\"https:\\\/\\\/fuentesfidedignas.com.mx\\\/index.php\\\/2021\\\/11\\\/17\\\/dictan-prision-preventiva-a-esposa-de-el-mencho-se-queda-en-penal-de-morelos\\\/#breadcrumb\"},\"inLanguage\":\"es\",\"potentialAction\":[{\"@type\":\"ReadAction\",\"target\":[\"https:\\\/\\\/fuentesfidedignas.com.mx\\\/index.php\\\/2021\\\/11\\\/17\\\/dictan-prision-preventiva-a-esposa-de-el-mencho-se-queda-en-penal-de-morelos\\\/\"]}]},{\"@type\":\"ImageObject\",\"inLanguage\":\"es\",\"@id\":\"https:\\\/\\\/fuentesfidedignas.com.mx\\\/index.php\\\/2021\\\/11\\\/17\\\/dictan-prision-preventiva-a-esposa-de-el-mencho-se-queda-en-penal-de-morelos\\\/#primaryimage\",\"url\":\"https:\\\/\\\/fuentesfidedignas.com.mx\\\/wp-content\\\/uploads\\\/2021\\\/11\\\/ESP_MENCHO.jpg\",\"contentUrl\":\"https:\\\/\\\/fuentesfidedignas.com.mx\\\/wp-content\\\/uploads\\\/2021\\\/11\\\/ESP_MENCHO.jpg\",\"width\":800,\"height\":600},{\"@type\":\"BreadcrumbList\",\"@id\":\"https:\\\/\\\/fuentesfidedignas.com.mx\\\/index.php\\\/2021\\\/11\\\/17\\\/dictan-prision-preventiva-a-esposa-de-el-mencho-se-queda-en-penal-de-morelos\\\/#breadcrumb\",\"itemListElement\":[{\"@type\":\"ListItem\",\"position\":1,\"name\":\"Inicio\",\"item\":\"https:\\\/\\\/fuentesfidedignas.com.mx\\\/\"},{\"@type\":\"ListItem\",\"position\":2,\"name\":\"Dictan prisi\u00f3n preventiva a esposa de &#8216;El Mencho&#8217;; se queda en penal de Morelos\"}]},{\"@type\":\"WebSite\",\"@id\":\"https:\\\/\\\/fuentesfidedignas.com.mx\\\/#website\",\"url\":\"https:\\\/\\\/fuentesfidedignas.com.mx\\\/\",\"name\":\"Fuentes Fidedignas\",\"description\":\"Otro sitio realizado con WordPress\",\"publisher\":{\"@id\":\"https:\\\/\\\/fuentesfidedignas.com.mx\\\/#organization\"},\"potentialAction\":[{\"@type\":\"SearchAction\",\"target\":{\"@type\":\"EntryPoint\",\"urlTemplate\":\"https:\\\/\\\/fuentesfidedignas.com.mx\\\/?s={search_term_string}\"},\"query-input\":{\"@type\":\"PropertyValueSpecification\",\"valueRequired\":true,\"valueName\":\"search_term_string\"}}],\"inLanguage\":\"es\"},{\"@type\":\"Organization\",\"@id\":\"https:\\\/\\\/fuentesfidedignas.com.mx\\\/#organization\",\"name\":\"Fuentes Fidedignas\",\"url\":\"https:\\\/\\\/fuentesfidedignas.com.mx\\\/\",\"logo\":{\"@type\":\"ImageObject\",\"inLanguage\":\"es\",\"@id\":\"https:\\\/\\\/fuentesfidedignas.com.mx\\\/#\\\/schema\\\/logo\\\/image\\\/\",\"url\":\"https:\\\/\\\/fuentesfidedignas.com.mx\\\/wp-content\\\/uploads\\\/2021\\\/04\\\/logo-retina.png\",\"contentUrl\":\"https:\\\/\\\/fuentesfidedignas.com.mx\\\/wp-content\\\/uploads\\\/2021\\\/04\\\/logo-retina.png\",\"width\":280,\"height\":51,\"caption\":\"Fuentes Fidedignas\"},\"image\":{\"@id\":\"https:\\\/\\\/fuentesfidedignas.com.mx\\\/#\\\/schema\\\/logo\\\/image\\\/\"},\"sameAs\":[\"https:\\\/\\\/www.facebook.com\\\/Fuentes-Fidedignas-368234489921644\",\"https:\\\/\\\/x.com\\\/fidedignas\"]},{\"@type\":\"Person\",\"@id\":\"https:\\\/\\\/fuentesfidedignas.com.mx\\\/#\\\/schema\\\/person\\\/ec4edd1fbf5efa3e44fce34fe2787780\",\"name\":\"Exc\u00e9lsior\",\"image\":{\"@type\":\"ImageObject\",\"inLanguage\":\"es\",\"@id\":\"https:\\\/\\\/secure.gravatar.com\\\/avatar\\\/4b7ee9206b48be08447852b3f0814dbc7c0f3b51541b164f1464a2725614020b?s=96&d=mm&r=g\",\"url\":\"https:\\\/\\\/secure.gravatar.com\\\/avatar\\\/4b7ee9206b48be08447852b3f0814dbc7c0f3b51541b164f1464a2725614020b?s=96&d=mm&r=g\",\"contentUrl\":\"https:\\\/\\\/secure.gravatar.com\\\/avatar\\\/4b7ee9206b48be08447852b3f0814dbc7c0f3b51541b164f1464a2725614020b?s=96&d=mm&r=g\",\"caption\":\"Exc\u00e9lsior\"},\"url\":\"https:\\\/\\\/fuentesfidedignas.com.mx\\\/index.php\\\/author\\\/excelsior\\\/\"}]}<\/script>\n<!-- \/ Yoast SEO plugin. -->","yoast_head_json":{"title":"Dictan prisi\u00f3n preventiva a esposa de 'El Mencho'; se queda en penal de Morelos - Fuentes Fidedignas","robots":{"index":"index","follow":"follow","max-snippet":"max-snippet:-1","max-image-preview":"max-image-preview:large","max-video-preview":"max-video-preview:-1"},"canonical":"https:\/\/fuentesfidedignas.com.mx\/index.php\/2021\/11\/17\/dictan-prision-preventiva-a-esposa-de-el-mencho-se-queda-en-penal-de-morelos\/","og_locale":"es_MX","og_type":"article","og_title":"Dictan prisi\u00f3n preventiva a esposa de 'El Mencho'; se queda en penal de Morelos - Fuentes Fidedignas","og_description":"Un juez modific\u00f3 la medida cautelar a Rosalinda &#8216;N&#8217; y le dict\u00f3 prisi\u00f3n preventiva tras no acudir a firmar por el proceso en su contra que data de 2018 por lavado de dinero. Ciudad de M\u00e9xico.- Rosalinda &#8216;N&#8217;, esposa de Nemesio Oseguera Cervantes, El Mencho, se quedar\u00e1 en el penal femenil de Morelos luego de [&hellip;]","og_url":"https:\/\/fuentesfidedignas.com.mx\/index.php\/2021\/11\/17\/dictan-prision-preventiva-a-esposa-de-el-mencho-se-queda-en-penal-de-morelos\/","og_site_name":"Fuentes Fidedignas","article_publisher":"https:\/\/www.facebook.com\/Fuentes-Fidedignas-368234489921644","article_published_time":"2021-11-17T19:40:24+00:00","article_modified_time":"2021-11-17T19:40:27+00:00","og_image":[{"width":800,"height":600,"url":"https:\/\/fuentesfidedignas.com.mx\/wp-content\/uploads\/2021\/11\/ESP_MENCHO.jpg","type":"image\/jpeg"}],"author":"Exc\u00e9lsior","twitter_card":"summary_large_image","twitter_creator":"@fidedignas","twitter_site":"@fidedignas","twitter_misc":{"Escrito por":"Exc\u00e9lsior","Tiempo de lectura":"2 minutos"},"schema":{"@context":"https:\/\/schema.org","@graph":[{"@type":"Article","@id":"https:\/\/fuentesfidedignas.com.mx\/index.php\/2021\/11\/17\/dictan-prision-preventiva-a-esposa-de-el-mencho-se-queda-en-penal-de-morelos\/#article","isPartOf":{"@id":"https:\/\/fuentesfidedignas.com.mx\/index.php\/2021\/11\/17\/dictan-prision-preventiva-a-esposa-de-el-mencho-se-queda-en-penal-de-morelos\/"},"author":{"name":"Exc\u00e9lsior","@id":"https:\/\/fuentesfidedignas.com.mx\/#\/schema\/person\/ec4edd1fbf5efa3e44fce34fe2787780"},"headline":"Dictan prisi\u00f3n preventiva a esposa de &#8216;El Mencho&#8217;; se queda en penal de Morelos","datePublished":"2021-11-17T19:40:24+00:00","dateModified":"2021-11-17T19:40:27+00:00","mainEntityOfPage":{"@id":"https:\/\/fuentesfidedignas.com.mx\/index.php\/2021\/11\/17\/dictan-prision-preventiva-a-esposa-de-el-mencho-se-queda-en-penal-de-morelos\/"},"wordCount":389,"commentCount":0,"publisher":{"@id":"https:\/\/fuentesfidedignas.com.mx\/#organization"},"image":{"@id":"https:\/\/fuentesfidedignas.com.mx\/index.php\/2021\/11\/17\/dictan-prision-preventiva-a-esposa-de-el-mencho-se-queda-en-penal-de-morelos\/#primaryimage"},"thumbnailUrl":"https:\/\/fuentesfidedignas.com.mx\/wp-content\/uploads\/2021\/11\/ESP_MENCHO.jpg","keywords":["El Mencho"],"articleSection":["NOTICIAS NACIONALES"],"inLanguage":"es","potentialAction":[{"@type":"CommentAction","name":"Comment","target":["https:\/\/fuentesfidedignas.com.mx\/index.php\/2021\/11\/17\/dictan-prision-preventiva-a-esposa-de-el-mencho-se-queda-en-penal-de-morelos\/#respond"]}]},{"@type":"WebPage","@id":"https:\/\/fuentesfidedignas.com.mx\/index.php\/2021\/11\/17\/dictan-prision-preventiva-a-esposa-de-el-mencho-se-queda-en-penal-de-morelos\/","url":"https:\/\/fuentesfidedignas.com.mx\/index.php\/2021\/11\/17\/dictan-prision-preventiva-a-esposa-de-el-mencho-se-queda-en-penal-de-morelos\/","name":"Dictan prisi\u00f3n preventiva a esposa de 'El Mencho'; se queda en penal de Morelos - Fuentes Fidedignas","isPartOf":{"@id":"https:\/\/fuentesfidedignas.com.mx\/#website"},"primaryImageOfPage":{"@id":"https:\/\/fuentesfidedignas.com.mx\/index.php\/2021\/11\/17\/dictan-prision-preventiva-a-esposa-de-el-mencho-se-queda-en-penal-de-morelos\/#primaryimage"},"image":{"@id":"https:\/\/fuentesfidedignas.com.mx\/index.php\/2021\/11\/17\/dictan-prision-preventiva-a-esposa-de-el-mencho-se-queda-en-penal-de-morelos\/#primaryimage"},"thumbnailUrl":"https:\/\/fuentesfidedignas.com.mx\/wp-content\/uploads\/2021\/11\/ESP_MENCHO.jpg","datePublished":"2021-11-17T19:40:24+00:00","dateModified":"2021-11-17T19:40:27+00:00","breadcrumb":{"@id":"https:\/\/fuentesfidedignas.com.mx\/index.php\/2021\/11\/17\/dictan-prision-preventiva-a-esposa-de-el-mencho-se-queda-en-penal-de-morelos\/#breadcrumb"},"inLanguage":"es","potentialAction":[{"@type":"ReadAction","target":["https:\/\/fuentesfidedignas.com.mx\/index.php\/2021\/11\/17\/dictan-prision-preventiva-a-esposa-de-el-mencho-se-queda-en-penal-de-morelos\/"]}]},{"@type":"ImageObject","inLanguage":"es","@id":"https:\/\/fuentesfidedignas.com.mx\/index.php\/2021\/11\/17\/dictan-prision-preventiva-a-esposa-de-el-mencho-se-queda-en-penal-de-morelos\/#primaryimage","url":"https:\/\/fuentesfidedignas.com.mx\/wp-content\/uploads\/2021\/11\/ESP_MENCHO.jpg","contentUrl":"https:\/\/fuentesfidedignas.com.mx\/wp-content\/uploads\/2021\/11\/ESP_MENCHO.jpg","width":800,"height":600},{"@type":"BreadcrumbList","@id":"https:\/\/fuentesfidedignas.com.mx\/index.php\/2021\/11\/17\/dictan-prision-preventiva-a-esposa-de-el-mencho-se-queda-en-penal-de-morelos\/#breadcrumb","itemListElement":[{"@type":"ListItem","position":1,"name":"Inicio","item":"https:\/\/fuentesfidedignas.com.mx\/"},{"@type":"ListItem","position":2,"name":"Dictan prisi\u00f3n preventiva a esposa de &#8216;El Mencho&#8217;; se queda en penal de Morelos"}]},{"@type":"WebSite","@id":"https:\/\/fuentesfidedignas.com.mx\/#website","url":"https:\/\/fuentesfidedignas.com.mx\/","name":"Fuentes Fidedignas","description":"Otro sitio realizado con WordPress","publisher":{"@id":"https:\/\/fuentesfidedignas.com.mx\/#organization"},"potentialAction":[{"@type":"SearchAction","target":{"@type":"EntryPoint","urlTemplate":"https:\/\/fuentesfidedignas.com.mx\/?s={search_term_string}"},"query-input":{"@type":"PropertyValueSpecification","valueRequired":true,"valueName":"search_term_string"}}],"inLanguage":"es"},{"@type":"Organization","@id":"https:\/\/fuentesfidedignas.com.mx\/#organization","name":"Fuentes Fidedignas","url":"https:\/\/fuentesfidedignas.com.mx\/","logo":{"@type":"ImageObject","inLanguage":"es","@id":"https:\/\/fuentesfidedignas.com.mx\/#\/schema\/logo\/image\/","url":"https:\/\/fuentesfidedignas.com.mx\/wp-content\/uploads\/2021\/04\/logo-retina.png","contentUrl":"https:\/\/fuentesfidedignas.com.mx\/wp-content\/uploads\/2021\/04\/logo-retina.png","width":280,"height":51,"caption":"Fuentes Fidedignas"},"image":{"@id":"https:\/\/fuentesfidedignas.com.mx\/#\/schema\/logo\/image\/"},"sameAs":["https:\/\/www.facebook.com\/Fuentes-Fidedignas-368234489921644","https:\/\/x.com\/fidedignas"]},{"@type":"Person","@id":"https:\/\/fuentesfidedignas.com.mx\/#\/schema\/person\/ec4edd1fbf5efa3e44fce34fe2787780","name":"Exc\u00e9lsior","image":{"@type":"ImageObject","inLanguage":"es","@id":"https:\/\/secure.gravatar.com\/avatar\/4b7ee9206b48be08447852b3f0814dbc7c0f3b51541b164f1464a2725614020b?s=96&d=mm&r=g","url":"https:\/\/secure.gravatar.com\/avatar\/4b7ee9206b48be08447852b3f0814dbc7c0f3b51541b164f1464a2725614020b?s=96&d=mm&r=g","contentUrl":"https:\/\/secure.gravatar.com\/avatar\/4b7ee9206b48be08447852b3f0814dbc7c0f3b51541b164f1464a2725614020b?s=96&d=mm&r=g","caption":"Exc\u00e9lsior"},"url":"https:\/\/fuentesfidedignas.com.mx\/index.php\/author\/excelsior\/"}]}},"_links":{"self":[{"href":"https:\/\/fuentesfidedignas.com.mx\/index.php\/wp-json\/wp\/v2\/posts\/17687","targetHints":{"allow":["GET"]}}],"collection":[{"href":"https:\/\/fuentesfidedignas.com.mx\/index.php\/wp-json\/wp\/v2\/posts"}],"about":[{"href":"https:\/\/fuentesfidedignas.com.mx\/index.php\/wp-json\/wp\/v2\/types\/post"}],"author":[{"embeddable":true,"href":"https:\/\/fuentesfidedignas.com.mx\/index.php\/wp-json\/wp\/v2\/users\/7"}],"replies":[{"embeddable":true,"href":"https:\/\/fuentesfidedignas.com.mx\/index.php\/wp-json\/wp\/v2\/comments?post=17687"}],"version-history":[{"count":1,"href":"https:\/\/fuentesfidedignas.com.mx\/index.php\/wp-json\/wp\/v2\/posts\/17687\/revisions"}],"predecessor-version":[{"id":17689,"href":"https:\/\/fuentesfidedignas.com.mx\/index.php\/wp-json\/wp\/v2\/posts\/17687\/revisions\/17689"}],"wp:featuredmedia":[{"embeddable":true,"href":"https:\/\/fuentesfidedignas.com.mx\/index.php\/wp-json\/wp\/v2\/media\/17688"}],"wp:attachment":[{"href":"https:\/\/fuentesfidedignas.com.mx\/index.php\/wp-json\/wp\/v2\/media?parent=17687"}],"wp:term":[{"taxonomy":"category","embeddable":true,"href":"https:\/\/fuentesfidedignas.com.mx\/index.php\/wp-json\/wp\/v2\/categories?post=17687"},{"taxonomy":"post_tag","embeddable":true,"href":"https:\/\/fuentesfidedignas.com.mx\/index.php\/wp-json\/wp\/v2\/tags?post=17687"}],"curies":[{"name":"wp","href":"https:\/\/api.w.org\/{rel}","templated":true}]}}