{"id":17681,"date":"2021-11-17T10:04:17","date_gmt":"2021-11-17T17:04:17","guid":{"rendered":"https:\/\/fuentesfidedignas.com.mx\/?p=17681"},"modified":"2021-11-17T13:42:04","modified_gmt":"2021-11-17T20:42:04","slug":"oms-alerta-que-europa-es-el-unico-continente-con-aumento-de-muertes-por-covid-19","status":"publish","type":"post","link":"https:\/\/fuentesfidedignas.com.mx\/index.php\/2021\/11\/17\/oms-alerta-que-europa-es-el-unico-continente-con-aumento-de-muertes-por-covid-19\/","title":{"rendered":"OMS alerta que Europa es el \u00fanico continente con aumento de muertes por Covid-19"},"content":{"rendered":"\n<p><strong><em>Europa report\u00f3 un aumento del 5% de muertes por Covid-19 en la \u00faltima semana a comparaci\u00f3n con otros continentes, alert\u00f3 la OMS.<\/em><\/strong><\/p>\n\n\n\n<p>Ciudad de M\u00e9xico.- Europa report\u00f3 en la \u00faltima semana un aumento del 5% de muertes por Covid-19, mientras que en el resto de continentes el n\u00famero de decesos se mantuvo estable o disminuy\u00f3, seg\u00fan muestra el \u00faltimo informe epidemiol\u00f3gico de la Organizaci\u00f3n Mundial de la Salud (OMS), publicado hoy.<\/p>\n\n\n\n<p>En Am\u00e9rica los fallecimientos por esta causa descendieron un 3%, en la regi\u00f3n de Pac\u00edfico occidental -que incluye China- un 5% y en el Mediterr\u00e1neo oriental un 14%.<\/p>\n\n\n\n<p>En el sur y este de Asia -que abarca India- las muertes en el contexto de la pandemia aumentaron un 1%, y un 3% en \u00c1frica.<\/p>\n\n\n\n<p>A nivel global se registraron 50,000 muertes adicionales, seg\u00fan las notificaciones de todos los pa\u00edses que recibe la OMS, una cifra que se mantuvo estable.<\/p>\n\n\n\n<p>El n\u00famero de contagios aument\u00f3 un 6% a nivel global y ahora suman 252 millones en 23 meses.<\/p>\n\n\n\n<p><strong>Crecen contagios de menores en Alemania<\/strong><br>Las escuelas en Alemania temen un nuevo cierre ante la elevada incidencia en la franja de edad entre los 5 y los 14 a\u00f1os, que duplica a la del conjunto de la poblaci\u00f3n alemana.<\/p>\n\n\n\n<p>El presidente de la Asociaci\u00f3n Alemana de Docentes (DL), Heinz-Peter Meidinger, se\u00f1al\u00f3 en declaraciones a la cadena ntv que \u201cla incertidumbre crece\u201d y hay un \u201ccierto fatalismo\u201d, porque hace un a\u00f1o, la misma situaci\u00f3n pero con incidencias menores llev\u00f3 al cierre de colegios.<\/p>\n\n\n\n<p>En el conjunto de Alemania, los nuevos contagios con coronavirus en un d\u00eda se dispararon a un nuevo m\u00e1ximo diario de 52.826, al igual que la incidencia acumulada en siete d\u00edas, que alcanz\u00f3 la cifra r\u00e9cord de 319.5 nuevas infecciones por cada 100,000 habitantes.<\/p>\n\n\n\n<p><strong>Francia estudia regresar al home office<\/strong><br>El Gobierno franc\u00e9s estudia reimponer el teletrabajo para intentar contener la quinta ola del coronavirus que ha provocado m\u00e1s de 10,000 contagios diarios en la \u00faltima semana y casi 20,000 este lunes, pero considera \u201cdesproporcionado\u201d un nuevo confinamiento.<\/p>\n\n\n\n<p>Este martes se comunicaron 19,778 nuevos contagios y 47 muertos por Covid-19 en Francia. Adem\u00e1s, hab\u00eda 7,535 personas hospitalizadas (174 m\u00e1s que la v\u00edspera) y 1.277 en las unidades de cuidados intensivos (20 m\u00e1s).<\/p>\n\n\n\n<p>\u201cEsta ola epid\u00e9mica -reconoci\u00f3- podr\u00eda prolongarse en diciembre y enero y tener un impacto sanitario importante. Sin duda menor que en las dos primeras olas. Pero si se a\u00f1ade a eso la bronquiolitis, la gripe, las gastroenteritis, tenemos una situaci\u00f3n de fragilidad para todo nuestro sistema sanitario\u201d, asegur\u00f3 el ministro de Sanidad, Olivier V\u00e9ran.<\/p>\n\n\n\n<p><strong>Noruega registra nuevo r\u00e9cord de contagios<\/strong><br>Noruega, uno de los pa\u00edses menos afectados hasta ahora en Europa por la pandemia de coronavirus, registr\u00f3 este mi\u00e9rcoles un r\u00e9cord de nuevos contagios diarios, 2,552, un 20% m\u00e1s que el anterior m\u00e1ximo de hace una semana.<\/p>\n\n\n\n<p>El Gobierno elimin\u00f3 todas las restricciones a finales de septiembre debido a la mejora de la situaci\u00f3n epid\u00e9mica, pero la semana pasada las autoridades anunciaron otras medidas como permitir que se exija un pasaporte covid en municipios de alto contagio, que el personal sanitario se someta a dos test semanales y lleve cubrebeocas y ofrecer la dosis de refuerzo de la vacuna a todos los mayores de 18 a\u00f1os.<\/p>\n","protected":false},"excerpt":{"rendered":"<p>Europa report\u00f3 un aumento del 5% de muertes por Covid-19 en la \u00faltima semana a comparaci\u00f3n con otros continentes, alert\u00f3 la OMS. Ciudad de M\u00e9xico.- Europa report\u00f3 en la \u00faltima semana un aumento del 5% de muertes por Covid-19, mientras que en el resto de continentes el n\u00famero de decesos se mantuvo estable o disminuy\u00f3, [&hellip;]<\/p>\n","protected":false},"author":5,"featured_media":17700,"comment_status":"open","ping_status":"open","sticky":false,"template":"","format":"standard","meta":{"tdm_status":"","tdm_grid_status":"","footnotes":""},"categories":[39],"tags":[332,59,416,407],"class_list":{"0":"post-17681","1":"post","2":"type-post","3":"status-publish","4":"format-standard","5":"has-post-thumbnail","7":"category-noticias-nacionales","8":"tag-coronavirus","9":"tag-covid-19","10":"tag-sars-cov-2","11":"tag-vacuna-anticovid"},"yoast_head":"<!-- This site is optimized with the Yoast SEO plugin v27.5 - https:\/\/yoast.com\/product\/yoast-seo-wordpress\/ -->\n<title>OMS alerta que Europa es el \u00fanico continente con aumento de muertes por Covid-19 - Fuentes Fidedignas<\/title>\n<meta name=\"robots\" content=\"index, follow, max-snippet:-1, max-image-preview:large, max-video-preview:-1\" \/>\n<link rel=\"canonical\" href=\"https:\/\/fuentesfidedignas.com.mx\/index.php\/2021\/11\/17\/oms-alerta-que-europa-es-el-unico-continente-con-aumento-de-muertes-por-covid-19\/\" \/>\n<meta property=\"og:locale\" content=\"es_MX\" \/>\n<meta property=\"og:type\" content=\"article\" \/>\n<meta property=\"og:title\" content=\"OMS alerta que Europa es el \u00fanico continente con aumento de muertes por Covid-19 - Fuentes Fidedignas\" \/>\n<meta property=\"og:description\" content=\"Europa report\u00f3 un aumento del 5% de muertes por Covid-19 en la \u00faltima semana a comparaci\u00f3n con otros continentes, alert\u00f3 la OMS. Ciudad de M\u00e9xico.- Europa report\u00f3 en la \u00faltima semana un aumento del 5% de muertes por Covid-19, mientras que en el resto de continentes el n\u00famero de decesos se mantuvo estable o disminuy\u00f3, [&hellip;]\" \/>\n<meta property=\"og:url\" content=\"https:\/\/fuentesfidedignas.com.mx\/index.php\/2021\/11\/17\/oms-alerta-que-europa-es-el-unico-continente-con-aumento-de-muertes-por-covid-19\/\" \/>\n<meta property=\"og:site_name\" content=\"Fuentes Fidedignas\" \/>\n<meta property=\"article:publisher\" content=\"https:\/\/www.facebook.com\/Fuentes-Fidedignas-368234489921644\" \/>\n<meta property=\"article:published_time\" content=\"2021-11-17T17:04:17+00:00\" \/>\n<meta property=\"article:modified_time\" content=\"2021-11-17T20:42:04+00:00\" \/>\n<meta property=\"og:image\" content=\"https:\/\/fuentesfidedignas.com.mx\/wp-content\/uploads\/2021\/11\/images-61.jpeg\" \/>\n\t<meta property=\"og:image:width\" content=\"739\" \/>\n\t<meta property=\"og:image:height\" content=\"415\" \/>\n\t<meta property=\"og:image:type\" content=\"image\/jpeg\" \/>\n<meta name=\"author\" content=\"Forbes\" \/>\n<meta name=\"twitter:card\" content=\"summary_large_image\" \/>\n<meta name=\"twitter:creator\" content=\"@fidedignas\" \/>\n<meta name=\"twitter:site\" content=\"@fidedignas\" \/>\n<meta name=\"twitter:label1\" content=\"Escrito por\" \/>\n\t<meta name=\"twitter:data1\" content=\"Forbes\" \/>\n\t<meta name=\"twitter:label2\" content=\"Tiempo de lectura\" \/>\n\t<meta name=\"twitter:data2\" content=\"3 minutos\" \/>\n<script type=\"application\/ld+json\" class=\"yoast-schema-graph\">{\"@context\":\"https:\\\/\\\/schema.org\",\"@graph\":[{\"@type\":\"Article\",\"@id\":\"https:\\\/\\\/fuentesfidedignas.com.mx\\\/index.php\\\/2021\\\/11\\\/17\\\/oms-alerta-que-europa-es-el-unico-continente-con-aumento-de-muertes-por-covid-19\\\/#article\",\"isPartOf\":{\"@id\":\"https:\\\/\\\/fuentesfidedignas.com.mx\\\/index.php\\\/2021\\\/11\\\/17\\\/oms-alerta-que-europa-es-el-unico-continente-con-aumento-de-muertes-por-covid-19\\\/\"},\"author\":{\"name\":\"Forbes\",\"@id\":\"https:\\\/\\\/fuentesfidedignas.com.mx\\\/#\\\/schema\\\/person\\\/5623d53fe2e579d825b1679734abcc44\"},\"headline\":\"OMS alerta que Europa es el \u00fanico continente con aumento de muertes por Covid-19\",\"datePublished\":\"2021-11-17T17:04:17+00:00\",\"dateModified\":\"2021-11-17T20:42:04+00:00\",\"mainEntityOfPage\":{\"@id\":\"https:\\\/\\\/fuentesfidedignas.com.mx\\\/index.php\\\/2021\\\/11\\\/17\\\/oms-alerta-que-europa-es-el-unico-continente-con-aumento-de-muertes-por-covid-19\\\/\"},\"wordCount\":572,\"commentCount\":0,\"publisher\":{\"@id\":\"https:\\\/\\\/fuentesfidedignas.com.mx\\\/#organization\"},\"image\":{\"@id\":\"https:\\\/\\\/fuentesfidedignas.com.mx\\\/index.php\\\/2021\\\/11\\\/17\\\/oms-alerta-que-europa-es-el-unico-continente-con-aumento-de-muertes-por-covid-19\\\/#primaryimage\"},\"thumbnailUrl\":\"https:\\\/\\\/fuentesfidedignas.com.mx\\\/wp-content\\\/uploads\\\/2021\\\/11\\\/images-61.jpeg\",\"keywords\":[\"Coronavirus\",\"Covid-19\",\"SARS-CoV-2\",\"Vacuna anticovid\"],\"articleSection\":[\"NOTICIAS NACIONALES\"],\"inLanguage\":\"es\",\"potentialAction\":[{\"@type\":\"CommentAction\",\"name\":\"Comment\",\"target\":[\"https:\\\/\\\/fuentesfidedignas.com.mx\\\/index.php\\\/2021\\\/11\\\/17\\\/oms-alerta-que-europa-es-el-unico-continente-con-aumento-de-muertes-por-covid-19\\\/#respond\"]}]},{\"@type\":\"WebPage\",\"@id\":\"https:\\\/\\\/fuentesfidedignas.com.mx\\\/index.php\\\/2021\\\/11\\\/17\\\/oms-alerta-que-europa-es-el-unico-continente-con-aumento-de-muertes-por-covid-19\\\/\",\"url\":\"https:\\\/\\\/fuentesfidedignas.com.mx\\\/index.php\\\/2021\\\/11\\\/17\\\/oms-alerta-que-europa-es-el-unico-continente-con-aumento-de-muertes-por-covid-19\\\/\",\"name\":\"OMS alerta que Europa es el \u00fanico continente con aumento de muertes por Covid-19 - Fuentes Fidedignas\",\"isPartOf\":{\"@id\":\"https:\\\/\\\/fuentesfidedignas.com.mx\\\/#website\"},\"primaryImageOfPage\":{\"@id\":\"https:\\\/\\\/fuentesfidedignas.com.mx\\\/index.php\\\/2021\\\/11\\\/17\\\/oms-alerta-que-europa-es-el-unico-continente-con-aumento-de-muertes-por-covid-19\\\/#primaryimage\"},\"image\":{\"@id\":\"https:\\\/\\\/fuentesfidedignas.com.mx\\\/index.php\\\/2021\\\/11\\\/17\\\/oms-alerta-que-europa-es-el-unico-continente-con-aumento-de-muertes-por-covid-19\\\/#primaryimage\"},\"thumbnailUrl\":\"https:\\\/\\\/fuentesfidedignas.com.mx\\\/wp-content\\\/uploads\\\/2021\\\/11\\\/images-61.jpeg\",\"datePublished\":\"2021-11-17T17:04:17+00:00\",\"dateModified\":\"2021-11-17T20:42:04+00:00\",\"breadcrumb\":{\"@id\":\"https:\\\/\\\/fuentesfidedignas.com.mx\\\/index.php\\\/2021\\\/11\\\/17\\\/oms-alerta-que-europa-es-el-unico-continente-con-aumento-de-muertes-por-covid-19\\\/#breadcrumb\"},\"inLanguage\":\"es\",\"potentialAction\":[{\"@type\":\"ReadAction\",\"target\":[\"https:\\\/\\\/fuentesfidedignas.com.mx\\\/index.php\\\/2021\\\/11\\\/17\\\/oms-alerta-que-europa-es-el-unico-continente-con-aumento-de-muertes-por-covid-19\\\/\"]}]},{\"@type\":\"ImageObject\",\"inLanguage\":\"es\",\"@id\":\"https:\\\/\\\/fuentesfidedignas.com.mx\\\/index.php\\\/2021\\\/11\\\/17\\\/oms-alerta-que-europa-es-el-unico-continente-con-aumento-de-muertes-por-covid-19\\\/#primaryimage\",\"url\":\"https:\\\/\\\/fuentesfidedignas.com.mx\\\/wp-content\\\/uploads\\\/2021\\\/11\\\/images-61.jpeg\",\"contentUrl\":\"https:\\\/\\\/fuentesfidedignas.com.mx\\\/wp-content\\\/uploads\\\/2021\\\/11\\\/images-61.jpeg\",\"width\":739,\"height\":415},{\"@type\":\"BreadcrumbList\",\"@id\":\"https:\\\/\\\/fuentesfidedignas.com.mx\\\/index.php\\\/2021\\\/11\\\/17\\\/oms-alerta-que-europa-es-el-unico-continente-con-aumento-de-muertes-por-covid-19\\\/#breadcrumb\",\"itemListElement\":[{\"@type\":\"ListItem\",\"position\":1,\"name\":\"Inicio\",\"item\":\"https:\\\/\\\/fuentesfidedignas.com.mx\\\/\"},{\"@type\":\"ListItem\",\"position\":2,\"name\":\"OMS alerta que Europa es el \u00fanico continente con aumento de muertes por Covid-19\"}]},{\"@type\":\"WebSite\",\"@id\":\"https:\\\/\\\/fuentesfidedignas.com.mx\\\/#website\",\"url\":\"https:\\\/\\\/fuentesfidedignas.com.mx\\\/\",\"name\":\"Fuentes Fidedignas\",\"description\":\"Otro sitio realizado con WordPress\",\"publisher\":{\"@id\":\"https:\\\/\\\/fuentesfidedignas.com.mx\\\/#organization\"},\"potentialAction\":[{\"@type\":\"SearchAction\",\"target\":{\"@type\":\"EntryPoint\",\"urlTemplate\":\"https:\\\/\\\/fuentesfidedignas.com.mx\\\/?s={search_term_string}\"},\"query-input\":{\"@type\":\"PropertyValueSpecification\",\"valueRequired\":true,\"valueName\":\"search_term_string\"}}],\"inLanguage\":\"es\"},{\"@type\":\"Organization\",\"@id\":\"https:\\\/\\\/fuentesfidedignas.com.mx\\\/#organization\",\"name\":\"Fuentes Fidedignas\",\"url\":\"https:\\\/\\\/fuentesfidedignas.com.mx\\\/\",\"logo\":{\"@type\":\"ImageObject\",\"inLanguage\":\"es\",\"@id\":\"https:\\\/\\\/fuentesfidedignas.com.mx\\\/#\\\/schema\\\/logo\\\/image\\\/\",\"url\":\"https:\\\/\\\/fuentesfidedignas.com.mx\\\/wp-content\\\/uploads\\\/2021\\\/04\\\/logo-retina.png\",\"contentUrl\":\"https:\\\/\\\/fuentesfidedignas.com.mx\\\/wp-content\\\/uploads\\\/2021\\\/04\\\/logo-retina.png\",\"width\":280,\"height\":51,\"caption\":\"Fuentes Fidedignas\"},\"image\":{\"@id\":\"https:\\\/\\\/fuentesfidedignas.com.mx\\\/#\\\/schema\\\/logo\\\/image\\\/\"},\"sameAs\":[\"https:\\\/\\\/www.facebook.com\\\/Fuentes-Fidedignas-368234489921644\",\"https:\\\/\\\/x.com\\\/fidedignas\"]},{\"@type\":\"Person\",\"@id\":\"https:\\\/\\\/fuentesfidedignas.com.mx\\\/#\\\/schema\\\/person\\\/5623d53fe2e579d825b1679734abcc44\",\"name\":\"Forbes\",\"image\":{\"@type\":\"ImageObject\",\"inLanguage\":\"es\",\"@id\":\"https:\\\/\\\/secure.gravatar.com\\\/avatar\\\/87ce3dd4e41e60c22a79c758614f01a6bc2469255fc936ec7b15efb9bb5cb66f?s=96&d=mm&r=g\",\"url\":\"https:\\\/\\\/secure.gravatar.com\\\/avatar\\\/87ce3dd4e41e60c22a79c758614f01a6bc2469255fc936ec7b15efb9bb5cb66f?s=96&d=mm&r=g\",\"contentUrl\":\"https:\\\/\\\/secure.gravatar.com\\\/avatar\\\/87ce3dd4e41e60c22a79c758614f01a6bc2469255fc936ec7b15efb9bb5cb66f?s=96&d=mm&r=g\",\"caption\":\"Forbes\"},\"url\":\"https:\\\/\\\/fuentesfidedignas.com.mx\\\/index.php\\\/author\\\/forbes\\\/\"}]}<\/script>\n<!-- \/ Yoast SEO plugin. -->","yoast_head_json":{"title":"OMS alerta que Europa es el \u00fanico continente con aumento de muertes por Covid-19 - Fuentes Fidedignas","robots":{"index":"index","follow":"follow","max-snippet":"max-snippet:-1","max-image-preview":"max-image-preview:large","max-video-preview":"max-video-preview:-1"},"canonical":"https:\/\/fuentesfidedignas.com.mx\/index.php\/2021\/11\/17\/oms-alerta-que-europa-es-el-unico-continente-con-aumento-de-muertes-por-covid-19\/","og_locale":"es_MX","og_type":"article","og_title":"OMS alerta que Europa es el \u00fanico continente con aumento de muertes por Covid-19 - Fuentes Fidedignas","og_description":"Europa report\u00f3 un aumento del 5% de muertes por Covid-19 en la \u00faltima semana a comparaci\u00f3n con otros continentes, alert\u00f3 la OMS. Ciudad de M\u00e9xico.- Europa report\u00f3 en la \u00faltima semana un aumento del 5% de muertes por Covid-19, mientras que en el resto de continentes el n\u00famero de decesos se mantuvo estable o disminuy\u00f3, [&hellip;]","og_url":"https:\/\/fuentesfidedignas.com.mx\/index.php\/2021\/11\/17\/oms-alerta-que-europa-es-el-unico-continente-con-aumento-de-muertes-por-covid-19\/","og_site_name":"Fuentes Fidedignas","article_publisher":"https:\/\/www.facebook.com\/Fuentes-Fidedignas-368234489921644","article_published_time":"2021-11-17T17:04:17+00:00","article_modified_time":"2021-11-17T20:42:04+00:00","og_image":[{"width":739,"height":415,"url":"https:\/\/fuentesfidedignas.com.mx\/wp-content\/uploads\/2021\/11\/images-61.jpeg","type":"image\/jpeg"}],"author":"Forbes","twitter_card":"summary_large_image","twitter_creator":"@fidedignas","twitter_site":"@fidedignas","twitter_misc":{"Escrito por":"Forbes","Tiempo de lectura":"3 minutos"},"schema":{"@context":"https:\/\/schema.org","@graph":[{"@type":"Article","@id":"https:\/\/fuentesfidedignas.com.mx\/index.php\/2021\/11\/17\/oms-alerta-que-europa-es-el-unico-continente-con-aumento-de-muertes-por-covid-19\/#article","isPartOf":{"@id":"https:\/\/fuentesfidedignas.com.mx\/index.php\/2021\/11\/17\/oms-alerta-que-europa-es-el-unico-continente-con-aumento-de-muertes-por-covid-19\/"},"author":{"name":"Forbes","@id":"https:\/\/fuentesfidedignas.com.mx\/#\/schema\/person\/5623d53fe2e579d825b1679734abcc44"},"headline":"OMS alerta que Europa es el \u00fanico continente con aumento de muertes por Covid-19","datePublished":"2021-11-17T17:04:17+00:00","dateModified":"2021-11-17T20:42:04+00:00","mainEntityOfPage":{"@id":"https:\/\/fuentesfidedignas.com.mx\/index.php\/2021\/11\/17\/oms-alerta-que-europa-es-el-unico-continente-con-aumento-de-muertes-por-covid-19\/"},"wordCount":572,"commentCount":0,"publisher":{"@id":"https:\/\/fuentesfidedignas.com.mx\/#organization"},"image":{"@id":"https:\/\/fuentesfidedignas.com.mx\/index.php\/2021\/11\/17\/oms-alerta-que-europa-es-el-unico-continente-con-aumento-de-muertes-por-covid-19\/#primaryimage"},"thumbnailUrl":"https:\/\/fuentesfidedignas.com.mx\/wp-content\/uploads\/2021\/11\/images-61.jpeg","keywords":["Coronavirus","Covid-19","SARS-CoV-2","Vacuna anticovid"],"articleSection":["NOTICIAS NACIONALES"],"inLanguage":"es","potentialAction":[{"@type":"CommentAction","name":"Comment","target":["https:\/\/fuentesfidedignas.com.mx\/index.php\/2021\/11\/17\/oms-alerta-que-europa-es-el-unico-continente-con-aumento-de-muertes-por-covid-19\/#respond"]}]},{"@type":"WebPage","@id":"https:\/\/fuentesfidedignas.com.mx\/index.php\/2021\/11\/17\/oms-alerta-que-europa-es-el-unico-continente-con-aumento-de-muertes-por-covid-19\/","url":"https:\/\/fuentesfidedignas.com.mx\/index.php\/2021\/11\/17\/oms-alerta-que-europa-es-el-unico-continente-con-aumento-de-muertes-por-covid-19\/","name":"OMS alerta que Europa es el \u00fanico continente con aumento de muertes por Covid-19 - Fuentes Fidedignas","isPartOf":{"@id":"https:\/\/fuentesfidedignas.com.mx\/#website"},"primaryImageOfPage":{"@id":"https:\/\/fuentesfidedignas.com.mx\/index.php\/2021\/11\/17\/oms-alerta-que-europa-es-el-unico-continente-con-aumento-de-muertes-por-covid-19\/#primaryimage"},"image":{"@id":"https:\/\/fuentesfidedignas.com.mx\/index.php\/2021\/11\/17\/oms-alerta-que-europa-es-el-unico-continente-con-aumento-de-muertes-por-covid-19\/#primaryimage"},"thumbnailUrl":"https:\/\/fuentesfidedignas.com.mx\/wp-content\/uploads\/2021\/11\/images-61.jpeg","datePublished":"2021-11-17T17:04:17+00:00","dateModified":"2021-11-17T20:42:04+00:00","breadcrumb":{"@id":"https:\/\/fuentesfidedignas.com.mx\/index.php\/2021\/11\/17\/oms-alerta-que-europa-es-el-unico-continente-con-aumento-de-muertes-por-covid-19\/#breadcrumb"},"inLanguage":"es","potentialAction":[{"@type":"ReadAction","target":["https:\/\/fuentesfidedignas.com.mx\/index.php\/2021\/11\/17\/oms-alerta-que-europa-es-el-unico-continente-con-aumento-de-muertes-por-covid-19\/"]}]},{"@type":"ImageObject","inLanguage":"es","@id":"https:\/\/fuentesfidedignas.com.mx\/index.php\/2021\/11\/17\/oms-alerta-que-europa-es-el-unico-continente-con-aumento-de-muertes-por-covid-19\/#primaryimage","url":"https:\/\/fuentesfidedignas.com.mx\/wp-content\/uploads\/2021\/11\/images-61.jpeg","contentUrl":"https:\/\/fuentesfidedignas.com.mx\/wp-content\/uploads\/2021\/11\/images-61.jpeg","width":739,"height":415},{"@type":"BreadcrumbList","@id":"https:\/\/fuentesfidedignas.com.mx\/index.php\/2021\/11\/17\/oms-alerta-que-europa-es-el-unico-continente-con-aumento-de-muertes-por-covid-19\/#breadcrumb","itemListElement":[{"@type":"ListItem","position":1,"name":"Inicio","item":"https:\/\/fuentesfidedignas.com.mx\/"},{"@type":"ListItem","position":2,"name":"OMS alerta que Europa es el \u00fanico continente con aumento de muertes por Covid-19"}]},{"@type":"WebSite","@id":"https:\/\/fuentesfidedignas.com.mx\/#website","url":"https:\/\/fuentesfidedignas.com.mx\/","name":"Fuentes Fidedignas","description":"Otro sitio realizado con WordPress","publisher":{"@id":"https:\/\/fuentesfidedignas.com.mx\/#organization"},"potentialAction":[{"@type":"SearchAction","target":{"@type":"EntryPoint","urlTemplate":"https:\/\/fuentesfidedignas.com.mx\/?s={search_term_string}"},"query-input":{"@type":"PropertyValueSpecification","valueRequired":true,"valueName":"search_term_string"}}],"inLanguage":"es"},{"@type":"Organization","@id":"https:\/\/fuentesfidedignas.com.mx\/#organization","name":"Fuentes Fidedignas","url":"https:\/\/fuentesfidedignas.com.mx\/","logo":{"@type":"ImageObject","inLanguage":"es","@id":"https:\/\/fuentesfidedignas.com.mx\/#\/schema\/logo\/image\/","url":"https:\/\/fuentesfidedignas.com.mx\/wp-content\/uploads\/2021\/04\/logo-retina.png","contentUrl":"https:\/\/fuentesfidedignas.com.mx\/wp-content\/uploads\/2021\/04\/logo-retina.png","width":280,"height":51,"caption":"Fuentes Fidedignas"},"image":{"@id":"https:\/\/fuentesfidedignas.com.mx\/#\/schema\/logo\/image\/"},"sameAs":["https:\/\/www.facebook.com\/Fuentes-Fidedignas-368234489921644","https:\/\/x.com\/fidedignas"]},{"@type":"Person","@id":"https:\/\/fuentesfidedignas.com.mx\/#\/schema\/person\/5623d53fe2e579d825b1679734abcc44","name":"Forbes","image":{"@type":"ImageObject","inLanguage":"es","@id":"https:\/\/secure.gravatar.com\/avatar\/87ce3dd4e41e60c22a79c758614f01a6bc2469255fc936ec7b15efb9bb5cb66f?s=96&d=mm&r=g","url":"https:\/\/secure.gravatar.com\/avatar\/87ce3dd4e41e60c22a79c758614f01a6bc2469255fc936ec7b15efb9bb5cb66f?s=96&d=mm&r=g","contentUrl":"https:\/\/secure.gravatar.com\/avatar\/87ce3dd4e41e60c22a79c758614f01a6bc2469255fc936ec7b15efb9bb5cb66f?s=96&d=mm&r=g","caption":"Forbes"},"url":"https:\/\/fuentesfidedignas.com.mx\/index.php\/author\/forbes\/"}]}},"_links":{"self":[{"href":"https:\/\/fuentesfidedignas.com.mx\/index.php\/wp-json\/wp\/v2\/posts\/17681","targetHints":{"allow":["GET"]}}],"collection":[{"href":"https:\/\/fuentesfidedignas.com.mx\/index.php\/wp-json\/wp\/v2\/posts"}],"about":[{"href":"https:\/\/fuentesfidedignas.com.mx\/index.php\/wp-json\/wp\/v2\/types\/post"}],"author":[{"embeddable":true,"href":"https:\/\/fuentesfidedignas.com.mx\/index.php\/wp-json\/wp\/v2\/users\/5"}],"replies":[{"embeddable":true,"href":"https:\/\/fuentesfidedignas.com.mx\/index.php\/wp-json\/wp\/v2\/comments?post=17681"}],"version-history":[{"count":1,"href":"https:\/\/fuentesfidedignas.com.mx\/index.php\/wp-json\/wp\/v2\/posts\/17681\/revisions"}],"predecessor-version":[{"id":17683,"href":"https:\/\/fuentesfidedignas.com.mx\/index.php\/wp-json\/wp\/v2\/posts\/17681\/revisions\/17683"}],"wp:featuredmedia":[{"embeddable":true,"href":"https:\/\/fuentesfidedignas.com.mx\/index.php\/wp-json\/wp\/v2\/media\/17700"}],"wp:attachment":[{"href":"https:\/\/fuentesfidedignas.com.mx\/index.php\/wp-json\/wp\/v2\/media?parent=17681"}],"wp:term":[{"taxonomy":"category","embeddable":true,"href":"https:\/\/fuentesfidedignas.com.mx\/index.php\/wp-json\/wp\/v2\/categories?post=17681"},{"taxonomy":"post_tag","embeddable":true,"href":"https:\/\/fuentesfidedignas.com.mx\/index.php\/wp-json\/wp\/v2\/tags?post=17681"}],"curies":[{"name":"wp","href":"https:\/\/api.w.org\/{rel}","templated":true}]}}