{"id":17665,"date":"2021-11-17T07:01:57","date_gmt":"2021-11-17T14:01:57","guid":{"rendered":"https:\/\/fuentesfidedignas.com.mx\/?p=17665"},"modified":"2021-11-17T07:01:58","modified_gmt":"2021-11-17T14:01:58","slug":"el-papa-francisco-apuesta-moderadamente-por-las-mujeres","status":"publish","type":"post","link":"https:\/\/fuentesfidedignas.com.mx\/index.php\/2021\/11\/17\/el-papa-francisco-apuesta-moderadamente-por-las-mujeres\/","title":{"rendered":"El papa Francisco apuesta, moderadamente, por las mujeres"},"content":{"rendered":"\n<p><strong><em>El Pont\u00edfice ha nombrado a una decena de f\u00e9minas en altos cargos pero estas siguen apartadas de la cima del poder en el Vaticano<\/em><\/strong><\/p>\n\n\n\n<p>Ciudad del Vaticano.- La arquitectura interior del Vaticano aporta algunas pistas de sus costumbres y organizaci\u00f3n pol\u00edtica. Muchos departamentos de la curia vaticana, como la poderosa Secretar\u00eda de Estado, apenas ten\u00edan ba\u00f1os de mujer hasta hace relativamente poco. La situaci\u00f3n se ha transformado en los \u00faltimos tiempos. Pero las empleadas de algunas \u00e1reas tienen todav\u00eda que recorrer varios pasillos para encontrar alg\u00fan servicio que se ha ido improvisando o construyendo con el cambio de era. Un s\u00edntoma de lo que ha sucedido dentro de los muros leoninos, donde la presencia de la mujer ha aumentado en la \u00faltima d\u00e9cada en alrededor de un 6% en la Ciudad del Vaticano y casi se ha doblado en los dicasterios, seg\u00fan datos de la Santa Sede.<\/p>\n\n\n\n<p>Jorge Mario Bergoglio se fij\u00f3 en 2013 aumentar el n\u00famero de mujeres en la Iglesia, especialmente en puestos relevantes que marcasen la direcci\u00f3n que tomar\u00e1 la instituci\u00f3n en los pr\u00f3ximos a\u00f1os. Los cambios no han sido enormes pero se asienta la idea de una cierta normalidad. \u201cNo es bueno hacerlo muy r\u00e1pido. Todav\u00eda hay reticencias y los cambios en la Iglesia han de ser suaves. Aqu\u00ed se mide en siglos, no en a\u00f1os\u201d, se\u00f1ala una persona que despacha con el Papa.<\/p>\n\n\n\n<p>El \u00faltimo nombramiento ha sido el de la monja Raffaella Petrini como n\u00famero dos de la Ciudad del Vaticano, la mujer de mayor rango en el Estado m\u00e1s peque\u00f1o del mundo. Su funci\u00f3n ser\u00e1 de car\u00e1cter organizativo y de gesti\u00f3n. Tendr\u00e1 a un superior masculino. Pero supone otro escal\u00f3n en las reformas del Papa en esta \u00e1rea que se suma a la designaci\u00f3n de Charlotte Kreuter-Kirchhof, nueva n\u00famero dos del Consejo de Econom\u00eda hace solo 20 d\u00edas.<\/p>\n\n\n\n<p>El primer gran nombramiento femenino que hizo Francisco fue el de la nueva directora de los Museos Vaticanos. Barbara Jatta se convirti\u00f3 en diciembre de 2016 en la primera mujer en ocupar ese puesto, sustituyendo al carism\u00e1tico Antonio Paolucci. La instituci\u00f3n que dirige es fundamental para la difusi\u00f3n de la cultura. Pero es tambi\u00e9n la principal fuente de ingresos de unas finanzas en n\u00fameros rojos. Jatta era hasta ese momento la \u00fanica mujer que iba a las reuniones de la Curia. Y hoy sigue siendo la \u00fanica que no tiene por encima a un hombre.<\/p>\n\n\n\n<p>Francisco hab\u00eda designado, tambi\u00e9n pocos meses antes, a la corresponsal de la Cope Paloma Garc\u00eda Ovejero como vicedirectora de la oficina de prensa del Vaticano. Dimiti\u00f3 un a\u00f1o y medio despu\u00e9s junto al entonces director, Greg Burke, por desavenencias en la manera de gestionar la comunicaci\u00f3n. El Papa tambi\u00e9n contempl\u00f3 despu\u00e9s de aquello nombrar como responsable de los dicasterios de Econom\u00eda y Comunicaci\u00f3n a una mujer, pero finalmente no cuaj\u00f3 por distintos motivos. S\u00ed se materializ\u00f3, en cambio, la llegada de la monja salesiana Alessandra Smerilli como n\u00famero dos del Servicio del Desarrollo Humano Integral que, entre otros, promueve proyectos a favor de los refugiados. O el de la italiana Francesca Di Giovanni como subsecretaria de la Secci\u00f3n para las Relaciones con los Estados, lo que supone el mayor cargo ocupado por una mujer en la sala de mandos de la Santa Sede. En la misma l\u00ednea, en agosto de 2020, el Papa argentino fich\u00f3 a las abogadas espa\u00f1olas, Concha Osacar y Eva Castillo, a las brit\u00e1nicas Ruth Mary Kelly y Leslie Jane Ferrar, y a la germana Marija Kolak como integrantes del Consejo para la Econom\u00eda de la Santa Sede.<\/p>\n\n\n\n<p>El Vaticano deb\u00eda marcar una direcci\u00f3n clara para las conferencias episcopales. Tambi\u00e9n en la prevenci\u00f3n de abusos sexuales y de poder sobre las religiosas, una de las peores y m\u00e1s silenciosas lacras de la Iglesia. Pero su implantaci\u00f3n sigue siendo irregular en cada pa\u00eds. Lucetta Scaraffia, exdirectora del suplemento femenino de L\u2019Osservatore Romano Mujeres, Iglesia, Mundo mira hacia Francia para celebrar las \u201cpocas\u201d aperturas que considera de calado. \u201cLos \u00faltimos nombramientos son buenos, pero corren el riesgo de terminar siendo solo de fachada. Las mujeres est\u00e1n muy esparcidas y son pocas en un ambiente clerical masculino. Dir\u00eda que faltan reformas m\u00e1s sustanciales, como la que ha hecho Francia para los seminarios\u201d.<\/p>\n\n\n\n<p>Scaraffia se refiere a una iniciativa que obligar\u00e1 a todos los seminarios a contar con presencia femenina a la hora de evaluar la idoneidad de los candidatos a entrar en la instituci\u00f3n. Tambi\u00e9n para dar la aprobaci\u00f3n definitiva en su ingreso en el sacerdocio. Una idea lanzada ya por el cardenal Marc Ouellet, prefecto de la Congregaci\u00f3n de los Obispos. \u201cPara un cura o un seminarista, la mujer representa el peligro. En realidad, el verdadero peligro son los hombres que no tienen una relaci\u00f3n equilibrada con las mujeres. Ese es el peligro del sacerdocio y lo que debemos cambiar radicalmente\u201d, se\u00f1al\u00f3 en una entrevista.<\/p>\n\n\n\n<p>Los avances en otros pa\u00edses, como Alemania, tambi\u00e9n se producen a mayor velocidad. La Iglesia germ\u00e1nica, de hecho, comenz\u00f3 un s\u00ednodo el a\u00f1o pasado para estudiar la posible expansi\u00f3n de los l\u00edmites de la Iglesia en cuestiones como la homosexualidad y el celibato. Tambi\u00e9n la posibilidad de ordenar a mujeres. El Papa acept\u00f3 entonces que se estudiase el papel femenino en los primeros a\u00f1os del cristianismo mediante una comisi\u00f3n para determinar si podr\u00edan llegar a ser diaconisas. Un grado inferior al sacerdocio. Esa es la frontera.<\/p>\n\n\n\n<p>Uno de los cambios m\u00e1s importantes lleg\u00f3 el pasado febrero, cuando el Papa eligi\u00f3 por primera vez a una mujer como subsecretaria del S\u00ednodo de los Obispos: la religiosa francesa Nathalie Becquart. Se trata de una asamblea de obispos de las distintas regiones del mundo que asesora al Pont\u00edfice y debate sobre cuestiones doctrinales y pastorales espec\u00edficas. La religiosa, nacida en Fontainebleau (Francia) en 1969 y que ya era consultora de la Secretar\u00eda General del S\u00ednodo de los Obispos desde 2019, es la primera mujer con derecho a voto. Pero el sector femenino pide que se extienda ese derecho a cada una de esas asambleas espec\u00edficas.<\/p>\n\n\n\n<p>La espa\u00f1ola Cristina Inog\u00e9s, precisamente, fue la encargada de abrir el \u00faltimo s\u00ednodo en el Vaticano dedicado a la sinodalidad (a c\u00f3mo tomar decisiones de forma m\u00e1s colegiada en la Iglesia) a comienzos de octubre. La te\u00f3loga cree que \u201clos cambios recientes marcan una l\u00ednea en la que no habr\u00e1 vuelta atr\u00e1s\u201d. \u201cSe asientan muchas mujeres en puestos claves. El nombramiento de Petrini rompe otro techo de cristal, pero la presencia de la mujer es m\u00e1s real y sustancial desde que Francisco lleg\u00f3. Queda mucho por hacer y el gran reto son los encargos pastorales, ah\u00ed est\u00e1 la batalla. Eso supondr\u00eda la reestructuraci\u00f3n de muchos puestos de la Iglesia, que es de lo que iba este s\u00ednodo. Un replanteamiento de las propias di\u00f3cesis. Y eso son ya retos de largo plazo\u201d. Tocar\u00e1, entonces, hacer reformas en los interiores de la Santa Sede.<\/p>\n","protected":false},"excerpt":{"rendered":"<p>El Pont\u00edfice ha nombrado a una decena de f\u00e9minas en altos cargos pero estas siguen apartadas de la cima del poder en el Vaticano Ciudad del Vaticano.- La arquitectura interior del Vaticano aporta algunas pistas de sus costumbres y organizaci\u00f3n pol\u00edtica. Muchos departamentos de la curia vaticana, como la poderosa Secretar\u00eda de Estado, apenas ten\u00edan [&hellip;]<\/p>\n","protected":false},"author":43,"featured_media":17666,"comment_status":"open","ping_status":"open","sticky":false,"template":"","format":"standard","meta":{"tdm_status":"","tdm_grid_status":"","footnotes":""},"categories":[33],"tags":[1127,299],"class_list":{"0":"post-17665","1":"post","2":"type-post","3":"status-publish","4":"format-standard","5":"has-post-thumbnail","7":"category-igualdad-sustantiva","8":"tag-papa","9":"tag-papa-francisco"},"yoast_head":"<!-- This site is optimized with the Yoast SEO plugin v27.5 - https:\/\/yoast.com\/product\/yoast-seo-wordpress\/ -->\n<title>El papa Francisco apuesta, moderadamente, por las mujeres - Fuentes Fidedignas<\/title>\n<meta name=\"robots\" content=\"index, follow, max-snippet:-1, max-image-preview:large, max-video-preview:-1\" \/>\n<link rel=\"canonical\" href=\"https:\/\/fuentesfidedignas.com.mx\/index.php\/2021\/11\/17\/el-papa-francisco-apuesta-moderadamente-por-las-mujeres\/\" \/>\n<meta property=\"og:locale\" content=\"es_MX\" \/>\n<meta property=\"og:type\" content=\"article\" \/>\n<meta property=\"og:title\" content=\"El papa Francisco apuesta, moderadamente, por las mujeres - Fuentes Fidedignas\" \/>\n<meta property=\"og:description\" content=\"El Pont\u00edfice ha nombrado a una decena de f\u00e9minas en altos cargos pero estas siguen apartadas de la cima del poder en el Vaticano Ciudad del Vaticano.- La arquitectura interior del Vaticano aporta algunas pistas de sus costumbres y organizaci\u00f3n pol\u00edtica. Muchos departamentos de la curia vaticana, como la poderosa Secretar\u00eda de Estado, apenas ten\u00edan [&hellip;]\" \/>\n<meta property=\"og:url\" content=\"https:\/\/fuentesfidedignas.com.mx\/index.php\/2021\/11\/17\/el-papa-francisco-apuesta-moderadamente-por-las-mujeres\/\" \/>\n<meta property=\"og:site_name\" content=\"Fuentes Fidedignas\" \/>\n<meta property=\"article:publisher\" content=\"https:\/\/www.facebook.com\/Fuentes-Fidedignas-368234489921644\" \/>\n<meta property=\"article:published_time\" content=\"2021-11-17T14:01:57+00:00\" \/>\n<meta property=\"article:modified_time\" content=\"2021-11-17T14:01:58+00:00\" \/>\n<meta property=\"og:image\" content=\"https:\/\/fuentesfidedignas.com.mx\/wp-content\/uploads\/2021\/11\/PAPA_MUJERES.jpg\" \/>\n\t<meta property=\"og:image:width\" content=\"1960\" \/>\n\t<meta property=\"og:image:height\" content=\"1304\" \/>\n\t<meta property=\"og:image:type\" content=\"image\/jpeg\" \/>\n<meta name=\"author\" content=\"El Pa\u00eds\" \/>\n<meta name=\"twitter:card\" content=\"summary_large_image\" \/>\n<meta name=\"twitter:creator\" content=\"@fidedignas\" \/>\n<meta name=\"twitter:site\" content=\"@fidedignas\" \/>\n<meta name=\"twitter:label1\" content=\"Escrito por\" \/>\n\t<meta name=\"twitter:data1\" content=\"El Pa\u00eds\" \/>\n\t<meta name=\"twitter:label2\" content=\"Tiempo de lectura\" \/>\n\t<meta name=\"twitter:data2\" content=\"5 minutos\" \/>\n<script type=\"application\/ld+json\" class=\"yoast-schema-graph\">{\"@context\":\"https:\\\/\\\/schema.org\",\"@graph\":[{\"@type\":\"Article\",\"@id\":\"https:\\\/\\\/fuentesfidedignas.com.mx\\\/index.php\\\/2021\\\/11\\\/17\\\/el-papa-francisco-apuesta-moderadamente-por-las-mujeres\\\/#article\",\"isPartOf\":{\"@id\":\"https:\\\/\\\/fuentesfidedignas.com.mx\\\/index.php\\\/2021\\\/11\\\/17\\\/el-papa-francisco-apuesta-moderadamente-por-las-mujeres\\\/\"},\"author\":{\"name\":\"El Pa\u00eds\",\"@id\":\"https:\\\/\\\/fuentesfidedignas.com.mx\\\/#\\\/schema\\\/person\\\/42bdf714e4f73e0780424244e8488f91\"},\"headline\":\"El papa Francisco apuesta, moderadamente, por las mujeres\",\"datePublished\":\"2021-11-17T14:01:57+00:00\",\"dateModified\":\"2021-11-17T14:01:58+00:00\",\"mainEntityOfPage\":{\"@id\":\"https:\\\/\\\/fuentesfidedignas.com.mx\\\/index.php\\\/2021\\\/11\\\/17\\\/el-papa-francisco-apuesta-moderadamente-por-las-mujeres\\\/\"},\"wordCount\":1244,\"commentCount\":0,\"publisher\":{\"@id\":\"https:\\\/\\\/fuentesfidedignas.com.mx\\\/#organization\"},\"image\":{\"@id\":\"https:\\\/\\\/fuentesfidedignas.com.mx\\\/index.php\\\/2021\\\/11\\\/17\\\/el-papa-francisco-apuesta-moderadamente-por-las-mujeres\\\/#primaryimage\"},\"thumbnailUrl\":\"https:\\\/\\\/fuentesfidedignas.com.mx\\\/wp-content\\\/uploads\\\/2021\\\/11\\\/PAPA_MUJERES.jpg\",\"keywords\":[\"Papa\",\"Papa Francisco\"],\"articleSection\":[\"IGUALDAD SUSTANTIVA\"],\"inLanguage\":\"es\",\"potentialAction\":[{\"@type\":\"CommentAction\",\"name\":\"Comment\",\"target\":[\"https:\\\/\\\/fuentesfidedignas.com.mx\\\/index.php\\\/2021\\\/11\\\/17\\\/el-papa-francisco-apuesta-moderadamente-por-las-mujeres\\\/#respond\"]}]},{\"@type\":\"WebPage\",\"@id\":\"https:\\\/\\\/fuentesfidedignas.com.mx\\\/index.php\\\/2021\\\/11\\\/17\\\/el-papa-francisco-apuesta-moderadamente-por-las-mujeres\\\/\",\"url\":\"https:\\\/\\\/fuentesfidedignas.com.mx\\\/index.php\\\/2021\\\/11\\\/17\\\/el-papa-francisco-apuesta-moderadamente-por-las-mujeres\\\/\",\"name\":\"El papa Francisco apuesta, moderadamente, por las mujeres - Fuentes Fidedignas\",\"isPartOf\":{\"@id\":\"https:\\\/\\\/fuentesfidedignas.com.mx\\\/#website\"},\"primaryImageOfPage\":{\"@id\":\"https:\\\/\\\/fuentesfidedignas.com.mx\\\/index.php\\\/2021\\\/11\\\/17\\\/el-papa-francisco-apuesta-moderadamente-por-las-mujeres\\\/#primaryimage\"},\"image\":{\"@id\":\"https:\\\/\\\/fuentesfidedignas.com.mx\\\/index.php\\\/2021\\\/11\\\/17\\\/el-papa-francisco-apuesta-moderadamente-por-las-mujeres\\\/#primaryimage\"},\"thumbnailUrl\":\"https:\\\/\\\/fuentesfidedignas.com.mx\\\/wp-content\\\/uploads\\\/2021\\\/11\\\/PAPA_MUJERES.jpg\",\"datePublished\":\"2021-11-17T14:01:57+00:00\",\"dateModified\":\"2021-11-17T14:01:58+00:00\",\"breadcrumb\":{\"@id\":\"https:\\\/\\\/fuentesfidedignas.com.mx\\\/index.php\\\/2021\\\/11\\\/17\\\/el-papa-francisco-apuesta-moderadamente-por-las-mujeres\\\/#breadcrumb\"},\"inLanguage\":\"es\",\"potentialAction\":[{\"@type\":\"ReadAction\",\"target\":[\"https:\\\/\\\/fuentesfidedignas.com.mx\\\/index.php\\\/2021\\\/11\\\/17\\\/el-papa-francisco-apuesta-moderadamente-por-las-mujeres\\\/\"]}]},{\"@type\":\"ImageObject\",\"inLanguage\":\"es\",\"@id\":\"https:\\\/\\\/fuentesfidedignas.com.mx\\\/index.php\\\/2021\\\/11\\\/17\\\/el-papa-francisco-apuesta-moderadamente-por-las-mujeres\\\/#primaryimage\",\"url\":\"https:\\\/\\\/fuentesfidedignas.com.mx\\\/wp-content\\\/uploads\\\/2021\\\/11\\\/PAPA_MUJERES.jpg\",\"contentUrl\":\"https:\\\/\\\/fuentesfidedignas.com.mx\\\/wp-content\\\/uploads\\\/2021\\\/11\\\/PAPA_MUJERES.jpg\",\"width\":1960,\"height\":1304},{\"@type\":\"BreadcrumbList\",\"@id\":\"https:\\\/\\\/fuentesfidedignas.com.mx\\\/index.php\\\/2021\\\/11\\\/17\\\/el-papa-francisco-apuesta-moderadamente-por-las-mujeres\\\/#breadcrumb\",\"itemListElement\":[{\"@type\":\"ListItem\",\"position\":1,\"name\":\"Inicio\",\"item\":\"https:\\\/\\\/fuentesfidedignas.com.mx\\\/\"},{\"@type\":\"ListItem\",\"position\":2,\"name\":\"El papa Francisco apuesta, moderadamente, por las mujeres\"}]},{\"@type\":\"WebSite\",\"@id\":\"https:\\\/\\\/fuentesfidedignas.com.mx\\\/#website\",\"url\":\"https:\\\/\\\/fuentesfidedignas.com.mx\\\/\",\"name\":\"Fuentes Fidedignas\",\"description\":\"Otro sitio realizado con WordPress\",\"publisher\":{\"@id\":\"https:\\\/\\\/fuentesfidedignas.com.mx\\\/#organization\"},\"potentialAction\":[{\"@type\":\"SearchAction\",\"target\":{\"@type\":\"EntryPoint\",\"urlTemplate\":\"https:\\\/\\\/fuentesfidedignas.com.mx\\\/?s={search_term_string}\"},\"query-input\":{\"@type\":\"PropertyValueSpecification\",\"valueRequired\":true,\"valueName\":\"search_term_string\"}}],\"inLanguage\":\"es\"},{\"@type\":\"Organization\",\"@id\":\"https:\\\/\\\/fuentesfidedignas.com.mx\\\/#organization\",\"name\":\"Fuentes Fidedignas\",\"url\":\"https:\\\/\\\/fuentesfidedignas.com.mx\\\/\",\"logo\":{\"@type\":\"ImageObject\",\"inLanguage\":\"es\",\"@id\":\"https:\\\/\\\/fuentesfidedignas.com.mx\\\/#\\\/schema\\\/logo\\\/image\\\/\",\"url\":\"https:\\\/\\\/fuentesfidedignas.com.mx\\\/wp-content\\\/uploads\\\/2021\\\/04\\\/logo-retina.png\",\"contentUrl\":\"https:\\\/\\\/fuentesfidedignas.com.mx\\\/wp-content\\\/uploads\\\/2021\\\/04\\\/logo-retina.png\",\"width\":280,\"height\":51,\"caption\":\"Fuentes Fidedignas\"},\"image\":{\"@id\":\"https:\\\/\\\/fuentesfidedignas.com.mx\\\/#\\\/schema\\\/logo\\\/image\\\/\"},\"sameAs\":[\"https:\\\/\\\/www.facebook.com\\\/Fuentes-Fidedignas-368234489921644\",\"https:\\\/\\\/x.com\\\/fidedignas\"]},{\"@type\":\"Person\",\"@id\":\"https:\\\/\\\/fuentesfidedignas.com.mx\\\/#\\\/schema\\\/person\\\/42bdf714e4f73e0780424244e8488f91\",\"name\":\"El Pa\u00eds\",\"image\":{\"@type\":\"ImageObject\",\"inLanguage\":\"es\",\"@id\":\"https:\\\/\\\/secure.gravatar.com\\\/avatar\\\/6636c472d7bfdc69e13b0df7d51eabe5cc52061ae5c95fa7fab7e1bbc4a56a19?s=96&d=mm&r=g\",\"url\":\"https:\\\/\\\/secure.gravatar.com\\\/avatar\\\/6636c472d7bfdc69e13b0df7d51eabe5cc52061ae5c95fa7fab7e1bbc4a56a19?s=96&d=mm&r=g\",\"contentUrl\":\"https:\\\/\\\/secure.gravatar.com\\\/avatar\\\/6636c472d7bfdc69e13b0df7d51eabe5cc52061ae5c95fa7fab7e1bbc4a56a19?s=96&d=mm&r=g\",\"caption\":\"El Pa\u00eds\"},\"sameAs\":[\"https:\\\/\\\/elpais.com\"],\"url\":\"https:\\\/\\\/fuentesfidedignas.com.mx\\\/index.php\\\/author\\\/elpais\\\/\"}]}<\/script>\n<!-- \/ Yoast SEO plugin. -->","yoast_head_json":{"title":"El papa Francisco apuesta, moderadamente, por las mujeres - Fuentes Fidedignas","robots":{"index":"index","follow":"follow","max-snippet":"max-snippet:-1","max-image-preview":"max-image-preview:large","max-video-preview":"max-video-preview:-1"},"canonical":"https:\/\/fuentesfidedignas.com.mx\/index.php\/2021\/11\/17\/el-papa-francisco-apuesta-moderadamente-por-las-mujeres\/","og_locale":"es_MX","og_type":"article","og_title":"El papa Francisco apuesta, moderadamente, por las mujeres - Fuentes Fidedignas","og_description":"El Pont\u00edfice ha nombrado a una decena de f\u00e9minas en altos cargos pero estas siguen apartadas de la cima del poder en el Vaticano Ciudad del Vaticano.- La arquitectura interior del Vaticano aporta algunas pistas de sus costumbres y organizaci\u00f3n pol\u00edtica. Muchos departamentos de la curia vaticana, como la poderosa Secretar\u00eda de Estado, apenas ten\u00edan [&hellip;]","og_url":"https:\/\/fuentesfidedignas.com.mx\/index.php\/2021\/11\/17\/el-papa-francisco-apuesta-moderadamente-por-las-mujeres\/","og_site_name":"Fuentes Fidedignas","article_publisher":"https:\/\/www.facebook.com\/Fuentes-Fidedignas-368234489921644","article_published_time":"2021-11-17T14:01:57+00:00","article_modified_time":"2021-11-17T14:01:58+00:00","og_image":[{"width":1960,"height":1304,"url":"https:\/\/fuentesfidedignas.com.mx\/wp-content\/uploads\/2021\/11\/PAPA_MUJERES.jpg","type":"image\/jpeg"}],"author":"El Pa\u00eds","twitter_card":"summary_large_image","twitter_creator":"@fidedignas","twitter_site":"@fidedignas","twitter_misc":{"Escrito por":"El Pa\u00eds","Tiempo de lectura":"5 minutos"},"schema":{"@context":"https:\/\/schema.org","@graph":[{"@type":"Article","@id":"https:\/\/fuentesfidedignas.com.mx\/index.php\/2021\/11\/17\/el-papa-francisco-apuesta-moderadamente-por-las-mujeres\/#article","isPartOf":{"@id":"https:\/\/fuentesfidedignas.com.mx\/index.php\/2021\/11\/17\/el-papa-francisco-apuesta-moderadamente-por-las-mujeres\/"},"author":{"name":"El Pa\u00eds","@id":"https:\/\/fuentesfidedignas.com.mx\/#\/schema\/person\/42bdf714e4f73e0780424244e8488f91"},"headline":"El papa Francisco apuesta, moderadamente, por las mujeres","datePublished":"2021-11-17T14:01:57+00:00","dateModified":"2021-11-17T14:01:58+00:00","mainEntityOfPage":{"@id":"https:\/\/fuentesfidedignas.com.mx\/index.php\/2021\/11\/17\/el-papa-francisco-apuesta-moderadamente-por-las-mujeres\/"},"wordCount":1244,"commentCount":0,"publisher":{"@id":"https:\/\/fuentesfidedignas.com.mx\/#organization"},"image":{"@id":"https:\/\/fuentesfidedignas.com.mx\/index.php\/2021\/11\/17\/el-papa-francisco-apuesta-moderadamente-por-las-mujeres\/#primaryimage"},"thumbnailUrl":"https:\/\/fuentesfidedignas.com.mx\/wp-content\/uploads\/2021\/11\/PAPA_MUJERES.jpg","keywords":["Papa","Papa Francisco"],"articleSection":["IGUALDAD SUSTANTIVA"],"inLanguage":"es","potentialAction":[{"@type":"CommentAction","name":"Comment","target":["https:\/\/fuentesfidedignas.com.mx\/index.php\/2021\/11\/17\/el-papa-francisco-apuesta-moderadamente-por-las-mujeres\/#respond"]}]},{"@type":"WebPage","@id":"https:\/\/fuentesfidedignas.com.mx\/index.php\/2021\/11\/17\/el-papa-francisco-apuesta-moderadamente-por-las-mujeres\/","url":"https:\/\/fuentesfidedignas.com.mx\/index.php\/2021\/11\/17\/el-papa-francisco-apuesta-moderadamente-por-las-mujeres\/","name":"El papa Francisco apuesta, moderadamente, por las mujeres - Fuentes Fidedignas","isPartOf":{"@id":"https:\/\/fuentesfidedignas.com.mx\/#website"},"primaryImageOfPage":{"@id":"https:\/\/fuentesfidedignas.com.mx\/index.php\/2021\/11\/17\/el-papa-francisco-apuesta-moderadamente-por-las-mujeres\/#primaryimage"},"image":{"@id":"https:\/\/fuentesfidedignas.com.mx\/index.php\/2021\/11\/17\/el-papa-francisco-apuesta-moderadamente-por-las-mujeres\/#primaryimage"},"thumbnailUrl":"https:\/\/fuentesfidedignas.com.mx\/wp-content\/uploads\/2021\/11\/PAPA_MUJERES.jpg","datePublished":"2021-11-17T14:01:57+00:00","dateModified":"2021-11-17T14:01:58+00:00","breadcrumb":{"@id":"https:\/\/fuentesfidedignas.com.mx\/index.php\/2021\/11\/17\/el-papa-francisco-apuesta-moderadamente-por-las-mujeres\/#breadcrumb"},"inLanguage":"es","potentialAction":[{"@type":"ReadAction","target":["https:\/\/fuentesfidedignas.com.mx\/index.php\/2021\/11\/17\/el-papa-francisco-apuesta-moderadamente-por-las-mujeres\/"]}]},{"@type":"ImageObject","inLanguage":"es","@id":"https:\/\/fuentesfidedignas.com.mx\/index.php\/2021\/11\/17\/el-papa-francisco-apuesta-moderadamente-por-las-mujeres\/#primaryimage","url":"https:\/\/fuentesfidedignas.com.mx\/wp-content\/uploads\/2021\/11\/PAPA_MUJERES.jpg","contentUrl":"https:\/\/fuentesfidedignas.com.mx\/wp-content\/uploads\/2021\/11\/PAPA_MUJERES.jpg","width":1960,"height":1304},{"@type":"BreadcrumbList","@id":"https:\/\/fuentesfidedignas.com.mx\/index.php\/2021\/11\/17\/el-papa-francisco-apuesta-moderadamente-por-las-mujeres\/#breadcrumb","itemListElement":[{"@type":"ListItem","position":1,"name":"Inicio","item":"https:\/\/fuentesfidedignas.com.mx\/"},{"@type":"ListItem","position":2,"name":"El papa Francisco apuesta, moderadamente, por las mujeres"}]},{"@type":"WebSite","@id":"https:\/\/fuentesfidedignas.com.mx\/#website","url":"https:\/\/fuentesfidedignas.com.mx\/","name":"Fuentes Fidedignas","description":"Otro sitio realizado con WordPress","publisher":{"@id":"https:\/\/fuentesfidedignas.com.mx\/#organization"},"potentialAction":[{"@type":"SearchAction","target":{"@type":"EntryPoint","urlTemplate":"https:\/\/fuentesfidedignas.com.mx\/?s={search_term_string}"},"query-input":{"@type":"PropertyValueSpecification","valueRequired":true,"valueName":"search_term_string"}}],"inLanguage":"es"},{"@type":"Organization","@id":"https:\/\/fuentesfidedignas.com.mx\/#organization","name":"Fuentes Fidedignas","url":"https:\/\/fuentesfidedignas.com.mx\/","logo":{"@type":"ImageObject","inLanguage":"es","@id":"https:\/\/fuentesfidedignas.com.mx\/#\/schema\/logo\/image\/","url":"https:\/\/fuentesfidedignas.com.mx\/wp-content\/uploads\/2021\/04\/logo-retina.png","contentUrl":"https:\/\/fuentesfidedignas.com.mx\/wp-content\/uploads\/2021\/04\/logo-retina.png","width":280,"height":51,"caption":"Fuentes Fidedignas"},"image":{"@id":"https:\/\/fuentesfidedignas.com.mx\/#\/schema\/logo\/image\/"},"sameAs":["https:\/\/www.facebook.com\/Fuentes-Fidedignas-368234489921644","https:\/\/x.com\/fidedignas"]},{"@type":"Person","@id":"https:\/\/fuentesfidedignas.com.mx\/#\/schema\/person\/42bdf714e4f73e0780424244e8488f91","name":"El Pa\u00eds","image":{"@type":"ImageObject","inLanguage":"es","@id":"https:\/\/secure.gravatar.com\/avatar\/6636c472d7bfdc69e13b0df7d51eabe5cc52061ae5c95fa7fab7e1bbc4a56a19?s=96&d=mm&r=g","url":"https:\/\/secure.gravatar.com\/avatar\/6636c472d7bfdc69e13b0df7d51eabe5cc52061ae5c95fa7fab7e1bbc4a56a19?s=96&d=mm&r=g","contentUrl":"https:\/\/secure.gravatar.com\/avatar\/6636c472d7bfdc69e13b0df7d51eabe5cc52061ae5c95fa7fab7e1bbc4a56a19?s=96&d=mm&r=g","caption":"El Pa\u00eds"},"sameAs":["https:\/\/elpais.com"],"url":"https:\/\/fuentesfidedignas.com.mx\/index.php\/author\/elpais\/"}]}},"_links":{"self":[{"href":"https:\/\/fuentesfidedignas.com.mx\/index.php\/wp-json\/wp\/v2\/posts\/17665","targetHints":{"allow":["GET"]}}],"collection":[{"href":"https:\/\/fuentesfidedignas.com.mx\/index.php\/wp-json\/wp\/v2\/posts"}],"about":[{"href":"https:\/\/fuentesfidedignas.com.mx\/index.php\/wp-json\/wp\/v2\/types\/post"}],"author":[{"embeddable":true,"href":"https:\/\/fuentesfidedignas.com.mx\/index.php\/wp-json\/wp\/v2\/users\/43"}],"replies":[{"embeddable":true,"href":"https:\/\/fuentesfidedignas.com.mx\/index.php\/wp-json\/wp\/v2\/comments?post=17665"}],"version-history":[{"count":1,"href":"https:\/\/fuentesfidedignas.com.mx\/index.php\/wp-json\/wp\/v2\/posts\/17665\/revisions"}],"predecessor-version":[{"id":17667,"href":"https:\/\/fuentesfidedignas.com.mx\/index.php\/wp-json\/wp\/v2\/posts\/17665\/revisions\/17667"}],"wp:featuredmedia":[{"embeddable":true,"href":"https:\/\/fuentesfidedignas.com.mx\/index.php\/wp-json\/wp\/v2\/media\/17666"}],"wp:attachment":[{"href":"https:\/\/fuentesfidedignas.com.mx\/index.php\/wp-json\/wp\/v2\/media?parent=17665"}],"wp:term":[{"taxonomy":"category","embeddable":true,"href":"https:\/\/fuentesfidedignas.com.mx\/index.php\/wp-json\/wp\/v2\/categories?post=17665"},{"taxonomy":"post_tag","embeddable":true,"href":"https:\/\/fuentesfidedignas.com.mx\/index.php\/wp-json\/wp\/v2\/tags?post=17665"}],"curies":[{"name":"wp","href":"https:\/\/api.w.org\/{rel}","templated":true}]}}