{"id":17630,"date":"2021-11-16T17:13:46","date_gmt":"2021-11-17T00:13:46","guid":{"rendered":"https:\/\/fuentesfidedignas.com.mx\/?p=17630"},"modified":"2021-11-16T17:13:47","modified_gmt":"2021-11-17T00:13:47","slug":"adopta-un-arbol-y-celebra-el-aniversario-de-jardin-botanico-culiacan","status":"publish","type":"post","link":"https:\/\/fuentesfidedignas.com.mx\/index.php\/2021\/11\/16\/adopta-un-arbol-y-celebra-el-aniversario-de-jardin-botanico-culiacan\/","title":{"rendered":"\u00a1Adopta un \u00e1rbol y celebra el aniversario de Jard\u00edn Bot\u00e1nico Culiac\u00e1n!"},"content":{"rendered":"\n<p><strong><em>\u00a1Continuamos con el festejo de nuestro aniversario y queremos compartirlo con toda la comunidad!<\/em><\/strong><\/p>\n\n\n\n<p>Culiac\u00e1n, Sin.- Sociedad Bot\u00e1nica y Zool\u00f3gica de Sinaloa IAP, con motivo de los 35 a\u00f1os de Jard\u00edn Bot\u00e1nico Culiac\u00e1n y Parque Ecol\u00f3gico, invita a la segunda entrega de Adopta un \u00e1rbol del a\u00f1o.<\/p>\n\n\n\n<p>La adopci\u00f3n ser\u00e1 exclusiva a mayores de edad y se llevar\u00e1 a cabo en El Vivero del Bot\u00e1nico el jueves 18 de noviembre, de 8:00 a. m. a 5:00 p. m.<\/p>\n\n\n\n<p>Se donar\u00e1n 50 \u00e1rboles regionales, las especies ser\u00e1n venadillo y tabach\u00edn (sujetos a disponibilidad). Se limitar\u00e1 la adopci\u00f3n a un \u00e1rbol por persona, por lo tanto, solicitamos la identificaci\u00f3n oficial de los asistentes.<\/p>\n\n\n\n<p>Ser\u00e1 indispensable acudir con cubrebocas y pasar por el filtro sanitario como protocolo de seguridad.<\/p>\n\n\n\n<p>Los participantes recibir\u00e1n un certificado de adopci\u00f3n, gu\u00eda de cuidado y c\u00f3mo plantar un \u00e1rbol, y formar\u00e1n parte de la red ciudadana de conservaci\u00f3n vegetal.<\/p>\n\n\n\n<p>\u00a1Plantemos vida, y as\u00ed, el futuro de todos!<\/p>\n\n\n\n<figure class=\"wp-block-image size-large\"><img decoding=\"async\" width=\"893\" height=\"1024\" src=\"https:\/\/fuentesfidedignas.com.mx\/wp-content\/uploads\/2021\/11\/unnamed-6-893x1024.jpg\" alt=\"\" class=\"wp-image-17631\" srcset=\"https:\/\/fuentesfidedignas.com.mx\/wp-content\/uploads\/2021\/11\/unnamed-6-893x1024.jpg 893w, https:\/\/fuentesfidedignas.com.mx\/wp-content\/uploads\/2021\/11\/unnamed-6-262x300.jpg 262w, https:\/\/fuentesfidedignas.com.mx\/wp-content\/uploads\/2021\/11\/unnamed-6-768x881.jpg 768w, https:\/\/fuentesfidedignas.com.mx\/wp-content\/uploads\/2021\/11\/unnamed-6-696x798.jpg 696w, https:\/\/fuentesfidedignas.com.mx\/wp-content\/uploads\/2021\/11\/unnamed-6-366x420.jpg 366w, https:\/\/fuentesfidedignas.com.mx\/wp-content\/uploads\/2021\/11\/unnamed-6.jpg 1000w\" sizes=\"(max-width: 893px) 100vw, 893px\" \/><\/figure>\n","protected":false},"excerpt":{"rendered":"<p>\u00a1Continuamos con el festejo de nuestro aniversario y queremos compartirlo con toda la comunidad! Culiac\u00e1n, Sin.- Sociedad Bot\u00e1nica y Zool\u00f3gica de Sinaloa IAP, con motivo de los 35 a\u00f1os de Jard\u00edn Bot\u00e1nico Culiac\u00e1n y Parque Ecol\u00f3gico, invita a la segunda entrega de Adopta un \u00e1rbol del a\u00f1o. La adopci\u00f3n ser\u00e1 exclusiva a mayores de edad [&hellip;]<\/p>\n","protected":false},"author":4,"featured_media":10126,"comment_status":"open","ping_status":"open","sticky":false,"template":"","format":"standard","meta":{"tdm_status":"","tdm_grid_status":"","footnotes":""},"categories":[38],"tags":[],"class_list":{"0":"post-17630","1":"post","2":"type-post","3":"status-publish","4":"format-standard","5":"has-post-thumbnail","7":"category-noticias-locales"},"yoast_head":"<!-- This site is optimized with the Yoast SEO plugin v27.5 - https:\/\/yoast.com\/product\/yoast-seo-wordpress\/ -->\n<title>\u00a1Adopta un \u00e1rbol y celebra el aniversario de Jard\u00edn Bot\u00e1nico Culiac\u00e1n! - Fuentes Fidedignas<\/title>\n<meta name=\"robots\" content=\"index, follow, max-snippet:-1, max-image-preview:large, max-video-preview:-1\" \/>\n<link rel=\"canonical\" href=\"https:\/\/fuentesfidedignas.com.mx\/index.php\/2021\/11\/16\/adopta-un-arbol-y-celebra-el-aniversario-de-jardin-botanico-culiacan\/\" \/>\n<meta property=\"og:locale\" content=\"es_MX\" \/>\n<meta property=\"og:type\" content=\"article\" \/>\n<meta property=\"og:title\" content=\"\u00a1Adopta un \u00e1rbol y celebra el aniversario de Jard\u00edn Bot\u00e1nico Culiac\u00e1n! - Fuentes Fidedignas\" \/>\n<meta property=\"og:description\" content=\"\u00a1Continuamos con el festejo de nuestro aniversario y queremos compartirlo con toda la comunidad! Culiac\u00e1n, Sin.- Sociedad Bot\u00e1nica y Zool\u00f3gica de Sinaloa IAP, con motivo de los 35 a\u00f1os de Jard\u00edn Bot\u00e1nico Culiac\u00e1n y Parque Ecol\u00f3gico, invita a la segunda entrega de Adopta un \u00e1rbol del a\u00f1o. La adopci\u00f3n ser\u00e1 exclusiva a mayores de edad [&hellip;]\" \/>\n<meta property=\"og:url\" content=\"https:\/\/fuentesfidedignas.com.mx\/index.php\/2021\/11\/16\/adopta-un-arbol-y-celebra-el-aniversario-de-jardin-botanico-culiacan\/\" \/>\n<meta property=\"og:site_name\" content=\"Fuentes Fidedignas\" \/>\n<meta property=\"article:publisher\" content=\"https:\/\/www.facebook.com\/Fuentes-Fidedignas-368234489921644\" \/>\n<meta property=\"article:published_time\" content=\"2021-11-17T00:13:46+00:00\" \/>\n<meta property=\"article:modified_time\" content=\"2021-11-17T00:13:47+00:00\" \/>\n<meta property=\"og:image\" content=\"https:\/\/fuentesfidedignas.com.mx\/wp-content\/uploads\/2021\/08\/JARDIN_BOTANICO2.jpg\" \/>\n\t<meta property=\"og:image:width\" content=\"512\" \/>\n\t<meta property=\"og:image:height\" content=\"288\" \/>\n\t<meta property=\"og:image:type\" content=\"image\/jpeg\" \/>\n<meta name=\"author\" content=\"Redacci\u00f3n\" \/>\n<meta name=\"twitter:card\" content=\"summary_large_image\" \/>\n<meta name=\"twitter:creator\" content=\"@fidedignas\" \/>\n<meta name=\"twitter:site\" content=\"@fidedignas\" \/>\n<meta name=\"twitter:label1\" content=\"Escrito por\" \/>\n\t<meta name=\"twitter:data1\" content=\"Redacci\u00f3n\" \/>\n\t<meta name=\"twitter:label2\" content=\"Tiempo de lectura\" \/>\n\t<meta name=\"twitter:data2\" content=\"1 minuto\" \/>\n<script type=\"application\/ld+json\" class=\"yoast-schema-graph\">{\"@context\":\"https:\\\/\\\/schema.org\",\"@graph\":[{\"@type\":\"Article\",\"@id\":\"https:\\\/\\\/fuentesfidedignas.com.mx\\\/index.php\\\/2021\\\/11\\\/16\\\/adopta-un-arbol-y-celebra-el-aniversario-de-jardin-botanico-culiacan\\\/#article\",\"isPartOf\":{\"@id\":\"https:\\\/\\\/fuentesfidedignas.com.mx\\\/index.php\\\/2021\\\/11\\\/16\\\/adopta-un-arbol-y-celebra-el-aniversario-de-jardin-botanico-culiacan\\\/\"},\"author\":{\"name\":\"Redacci\u00f3n\",\"@id\":\"https:\\\/\\\/fuentesfidedignas.com.mx\\\/#\\\/schema\\\/person\\\/331be9283d37198e2acd5750279085b0\"},\"headline\":\"\u00a1Adopta un \u00e1rbol y celebra el aniversario de Jard\u00edn Bot\u00e1nico Culiac\u00e1n!\",\"datePublished\":\"2021-11-17T00:13:46+00:00\",\"dateModified\":\"2021-11-17T00:13:47+00:00\",\"mainEntityOfPage\":{\"@id\":\"https:\\\/\\\/fuentesfidedignas.com.mx\\\/index.php\\\/2021\\\/11\\\/16\\\/adopta-un-arbol-y-celebra-el-aniversario-de-jardin-botanico-culiacan\\\/\"},\"wordCount\":191,\"commentCount\":0,\"publisher\":{\"@id\":\"https:\\\/\\\/fuentesfidedignas.com.mx\\\/#organization\"},\"image\":{\"@id\":\"https:\\\/\\\/fuentesfidedignas.com.mx\\\/index.php\\\/2021\\\/11\\\/16\\\/adopta-un-arbol-y-celebra-el-aniversario-de-jardin-botanico-culiacan\\\/#primaryimage\"},\"thumbnailUrl\":\"https:\\\/\\\/fuentesfidedignas.com.mx\\\/wp-content\\\/uploads\\\/2021\\\/08\\\/JARDIN_BOTANICO2.jpg\",\"articleSection\":[\"NOTICIAS LOCALES\"],\"inLanguage\":\"es\",\"potentialAction\":[{\"@type\":\"CommentAction\",\"name\":\"Comment\",\"target\":[\"https:\\\/\\\/fuentesfidedignas.com.mx\\\/index.php\\\/2021\\\/11\\\/16\\\/adopta-un-arbol-y-celebra-el-aniversario-de-jardin-botanico-culiacan\\\/#respond\"]}]},{\"@type\":\"WebPage\",\"@id\":\"https:\\\/\\\/fuentesfidedignas.com.mx\\\/index.php\\\/2021\\\/11\\\/16\\\/adopta-un-arbol-y-celebra-el-aniversario-de-jardin-botanico-culiacan\\\/\",\"url\":\"https:\\\/\\\/fuentesfidedignas.com.mx\\\/index.php\\\/2021\\\/11\\\/16\\\/adopta-un-arbol-y-celebra-el-aniversario-de-jardin-botanico-culiacan\\\/\",\"name\":\"\u00a1Adopta un \u00e1rbol y celebra el aniversario de Jard\u00edn Bot\u00e1nico Culiac\u00e1n! - Fuentes Fidedignas\",\"isPartOf\":{\"@id\":\"https:\\\/\\\/fuentesfidedignas.com.mx\\\/#website\"},\"primaryImageOfPage\":{\"@id\":\"https:\\\/\\\/fuentesfidedignas.com.mx\\\/index.php\\\/2021\\\/11\\\/16\\\/adopta-un-arbol-y-celebra-el-aniversario-de-jardin-botanico-culiacan\\\/#primaryimage\"},\"image\":{\"@id\":\"https:\\\/\\\/fuentesfidedignas.com.mx\\\/index.php\\\/2021\\\/11\\\/16\\\/adopta-un-arbol-y-celebra-el-aniversario-de-jardin-botanico-culiacan\\\/#primaryimage\"},\"thumbnailUrl\":\"https:\\\/\\\/fuentesfidedignas.com.mx\\\/wp-content\\\/uploads\\\/2021\\\/08\\\/JARDIN_BOTANICO2.jpg\",\"datePublished\":\"2021-11-17T00:13:46+00:00\",\"dateModified\":\"2021-11-17T00:13:47+00:00\",\"breadcrumb\":{\"@id\":\"https:\\\/\\\/fuentesfidedignas.com.mx\\\/index.php\\\/2021\\\/11\\\/16\\\/adopta-un-arbol-y-celebra-el-aniversario-de-jardin-botanico-culiacan\\\/#breadcrumb\"},\"inLanguage\":\"es\",\"potentialAction\":[{\"@type\":\"ReadAction\",\"target\":[\"https:\\\/\\\/fuentesfidedignas.com.mx\\\/index.php\\\/2021\\\/11\\\/16\\\/adopta-un-arbol-y-celebra-el-aniversario-de-jardin-botanico-culiacan\\\/\"]}]},{\"@type\":\"ImageObject\",\"inLanguage\":\"es\",\"@id\":\"https:\\\/\\\/fuentesfidedignas.com.mx\\\/index.php\\\/2021\\\/11\\\/16\\\/adopta-un-arbol-y-celebra-el-aniversario-de-jardin-botanico-culiacan\\\/#primaryimage\",\"url\":\"https:\\\/\\\/fuentesfidedignas.com.mx\\\/wp-content\\\/uploads\\\/2021\\\/08\\\/JARDIN_BOTANICO2.jpg\",\"contentUrl\":\"https:\\\/\\\/fuentesfidedignas.com.mx\\\/wp-content\\\/uploads\\\/2021\\\/08\\\/JARDIN_BOTANICO2.jpg\",\"width\":512,\"height\":288},{\"@type\":\"BreadcrumbList\",\"@id\":\"https:\\\/\\\/fuentesfidedignas.com.mx\\\/index.php\\\/2021\\\/11\\\/16\\\/adopta-un-arbol-y-celebra-el-aniversario-de-jardin-botanico-culiacan\\\/#breadcrumb\",\"itemListElement\":[{\"@type\":\"ListItem\",\"position\":1,\"name\":\"Inicio\",\"item\":\"https:\\\/\\\/fuentesfidedignas.com.mx\\\/\"},{\"@type\":\"ListItem\",\"position\":2,\"name\":\"\u00a1Adopta un \u00e1rbol y celebra el aniversario de Jard\u00edn Bot\u00e1nico Culiac\u00e1n!\"}]},{\"@type\":\"WebSite\",\"@id\":\"https:\\\/\\\/fuentesfidedignas.com.mx\\\/#website\",\"url\":\"https:\\\/\\\/fuentesfidedignas.com.mx\\\/\",\"name\":\"Fuentes Fidedignas\",\"description\":\"Otro sitio realizado con WordPress\",\"publisher\":{\"@id\":\"https:\\\/\\\/fuentesfidedignas.com.mx\\\/#organization\"},\"potentialAction\":[{\"@type\":\"SearchAction\",\"target\":{\"@type\":\"EntryPoint\",\"urlTemplate\":\"https:\\\/\\\/fuentesfidedignas.com.mx\\\/?s={search_term_string}\"},\"query-input\":{\"@type\":\"PropertyValueSpecification\",\"valueRequired\":true,\"valueName\":\"search_term_string\"}}],\"inLanguage\":\"es\"},{\"@type\":\"Organization\",\"@id\":\"https:\\\/\\\/fuentesfidedignas.com.mx\\\/#organization\",\"name\":\"Fuentes Fidedignas\",\"url\":\"https:\\\/\\\/fuentesfidedignas.com.mx\\\/\",\"logo\":{\"@type\":\"ImageObject\",\"inLanguage\":\"es\",\"@id\":\"https:\\\/\\\/fuentesfidedignas.com.mx\\\/#\\\/schema\\\/logo\\\/image\\\/\",\"url\":\"https:\\\/\\\/fuentesfidedignas.com.mx\\\/wp-content\\\/uploads\\\/2021\\\/04\\\/logo-retina.png\",\"contentUrl\":\"https:\\\/\\\/fuentesfidedignas.com.mx\\\/wp-content\\\/uploads\\\/2021\\\/04\\\/logo-retina.png\",\"width\":280,\"height\":51,\"caption\":\"Fuentes Fidedignas\"},\"image\":{\"@id\":\"https:\\\/\\\/fuentesfidedignas.com.mx\\\/#\\\/schema\\\/logo\\\/image\\\/\"},\"sameAs\":[\"https:\\\/\\\/www.facebook.com\\\/Fuentes-Fidedignas-368234489921644\",\"https:\\\/\\\/x.com\\\/fidedignas\"]},{\"@type\":\"Person\",\"@id\":\"https:\\\/\\\/fuentesfidedignas.com.mx\\\/#\\\/schema\\\/person\\\/331be9283d37198e2acd5750279085b0\",\"name\":\"Redacci\u00f3n\",\"image\":{\"@type\":\"ImageObject\",\"inLanguage\":\"es\",\"@id\":\"https:\\\/\\\/secure.gravatar.com\\\/avatar\\\/f6d8782c11d12b2d4ad3fbb6931aeab5309937a4d6cd2fc9cfaa28a6396a5aec?s=96&d=mm&r=g\",\"url\":\"https:\\\/\\\/secure.gravatar.com\\\/avatar\\\/f6d8782c11d12b2d4ad3fbb6931aeab5309937a4d6cd2fc9cfaa28a6396a5aec?s=96&d=mm&r=g\",\"contentUrl\":\"https:\\\/\\\/secure.gravatar.com\\\/avatar\\\/f6d8782c11d12b2d4ad3fbb6931aeab5309937a4d6cd2fc9cfaa28a6396a5aec?s=96&d=mm&r=g\",\"caption\":\"Redacci\u00f3n\"},\"url\":\"https:\\\/\\\/fuentesfidedignas.com.mx\\\/index.php\\\/author\\\/redaccion\\\/\"}]}<\/script>\n<!-- \/ Yoast SEO plugin. -->","yoast_head_json":{"title":"\u00a1Adopta un \u00e1rbol y celebra el aniversario de Jard\u00edn Bot\u00e1nico Culiac\u00e1n! - Fuentes Fidedignas","robots":{"index":"index","follow":"follow","max-snippet":"max-snippet:-1","max-image-preview":"max-image-preview:large","max-video-preview":"max-video-preview:-1"},"canonical":"https:\/\/fuentesfidedignas.com.mx\/index.php\/2021\/11\/16\/adopta-un-arbol-y-celebra-el-aniversario-de-jardin-botanico-culiacan\/","og_locale":"es_MX","og_type":"article","og_title":"\u00a1Adopta un \u00e1rbol y celebra el aniversario de Jard\u00edn Bot\u00e1nico Culiac\u00e1n! - Fuentes Fidedignas","og_description":"\u00a1Continuamos con el festejo de nuestro aniversario y queremos compartirlo con toda la comunidad! Culiac\u00e1n, Sin.- Sociedad Bot\u00e1nica y Zool\u00f3gica de Sinaloa IAP, con motivo de los 35 a\u00f1os de Jard\u00edn Bot\u00e1nico Culiac\u00e1n y Parque Ecol\u00f3gico, invita a la segunda entrega de Adopta un \u00e1rbol del a\u00f1o. La adopci\u00f3n ser\u00e1 exclusiva a mayores de edad [&hellip;]","og_url":"https:\/\/fuentesfidedignas.com.mx\/index.php\/2021\/11\/16\/adopta-un-arbol-y-celebra-el-aniversario-de-jardin-botanico-culiacan\/","og_site_name":"Fuentes Fidedignas","article_publisher":"https:\/\/www.facebook.com\/Fuentes-Fidedignas-368234489921644","article_published_time":"2021-11-17T00:13:46+00:00","article_modified_time":"2021-11-17T00:13:47+00:00","og_image":[{"width":512,"height":288,"url":"https:\/\/fuentesfidedignas.com.mx\/wp-content\/uploads\/2021\/08\/JARDIN_BOTANICO2.jpg","type":"image\/jpeg"}],"author":"Redacci\u00f3n","twitter_card":"summary_large_image","twitter_creator":"@fidedignas","twitter_site":"@fidedignas","twitter_misc":{"Escrito por":"Redacci\u00f3n","Tiempo de lectura":"1 minuto"},"schema":{"@context":"https:\/\/schema.org","@graph":[{"@type":"Article","@id":"https:\/\/fuentesfidedignas.com.mx\/index.php\/2021\/11\/16\/adopta-un-arbol-y-celebra-el-aniversario-de-jardin-botanico-culiacan\/#article","isPartOf":{"@id":"https:\/\/fuentesfidedignas.com.mx\/index.php\/2021\/11\/16\/adopta-un-arbol-y-celebra-el-aniversario-de-jardin-botanico-culiacan\/"},"author":{"name":"Redacci\u00f3n","@id":"https:\/\/fuentesfidedignas.com.mx\/#\/schema\/person\/331be9283d37198e2acd5750279085b0"},"headline":"\u00a1Adopta un \u00e1rbol y celebra el aniversario de Jard\u00edn Bot\u00e1nico Culiac\u00e1n!","datePublished":"2021-11-17T00:13:46+00:00","dateModified":"2021-11-17T00:13:47+00:00","mainEntityOfPage":{"@id":"https:\/\/fuentesfidedignas.com.mx\/index.php\/2021\/11\/16\/adopta-un-arbol-y-celebra-el-aniversario-de-jardin-botanico-culiacan\/"},"wordCount":191,"commentCount":0,"publisher":{"@id":"https:\/\/fuentesfidedignas.com.mx\/#organization"},"image":{"@id":"https:\/\/fuentesfidedignas.com.mx\/index.php\/2021\/11\/16\/adopta-un-arbol-y-celebra-el-aniversario-de-jardin-botanico-culiacan\/#primaryimage"},"thumbnailUrl":"https:\/\/fuentesfidedignas.com.mx\/wp-content\/uploads\/2021\/08\/JARDIN_BOTANICO2.jpg","articleSection":["NOTICIAS LOCALES"],"inLanguage":"es","potentialAction":[{"@type":"CommentAction","name":"Comment","target":["https:\/\/fuentesfidedignas.com.mx\/index.php\/2021\/11\/16\/adopta-un-arbol-y-celebra-el-aniversario-de-jardin-botanico-culiacan\/#respond"]}]},{"@type":"WebPage","@id":"https:\/\/fuentesfidedignas.com.mx\/index.php\/2021\/11\/16\/adopta-un-arbol-y-celebra-el-aniversario-de-jardin-botanico-culiacan\/","url":"https:\/\/fuentesfidedignas.com.mx\/index.php\/2021\/11\/16\/adopta-un-arbol-y-celebra-el-aniversario-de-jardin-botanico-culiacan\/","name":"\u00a1Adopta un \u00e1rbol y celebra el aniversario de Jard\u00edn Bot\u00e1nico Culiac\u00e1n! - Fuentes Fidedignas","isPartOf":{"@id":"https:\/\/fuentesfidedignas.com.mx\/#website"},"primaryImageOfPage":{"@id":"https:\/\/fuentesfidedignas.com.mx\/index.php\/2021\/11\/16\/adopta-un-arbol-y-celebra-el-aniversario-de-jardin-botanico-culiacan\/#primaryimage"},"image":{"@id":"https:\/\/fuentesfidedignas.com.mx\/index.php\/2021\/11\/16\/adopta-un-arbol-y-celebra-el-aniversario-de-jardin-botanico-culiacan\/#primaryimage"},"thumbnailUrl":"https:\/\/fuentesfidedignas.com.mx\/wp-content\/uploads\/2021\/08\/JARDIN_BOTANICO2.jpg","datePublished":"2021-11-17T00:13:46+00:00","dateModified":"2021-11-17T00:13:47+00:00","breadcrumb":{"@id":"https:\/\/fuentesfidedignas.com.mx\/index.php\/2021\/11\/16\/adopta-un-arbol-y-celebra-el-aniversario-de-jardin-botanico-culiacan\/#breadcrumb"},"inLanguage":"es","potentialAction":[{"@type":"ReadAction","target":["https:\/\/fuentesfidedignas.com.mx\/index.php\/2021\/11\/16\/adopta-un-arbol-y-celebra-el-aniversario-de-jardin-botanico-culiacan\/"]}]},{"@type":"ImageObject","inLanguage":"es","@id":"https:\/\/fuentesfidedignas.com.mx\/index.php\/2021\/11\/16\/adopta-un-arbol-y-celebra-el-aniversario-de-jardin-botanico-culiacan\/#primaryimage","url":"https:\/\/fuentesfidedignas.com.mx\/wp-content\/uploads\/2021\/08\/JARDIN_BOTANICO2.jpg","contentUrl":"https:\/\/fuentesfidedignas.com.mx\/wp-content\/uploads\/2021\/08\/JARDIN_BOTANICO2.jpg","width":512,"height":288},{"@type":"BreadcrumbList","@id":"https:\/\/fuentesfidedignas.com.mx\/index.php\/2021\/11\/16\/adopta-un-arbol-y-celebra-el-aniversario-de-jardin-botanico-culiacan\/#breadcrumb","itemListElement":[{"@type":"ListItem","position":1,"name":"Inicio","item":"https:\/\/fuentesfidedignas.com.mx\/"},{"@type":"ListItem","position":2,"name":"\u00a1Adopta un \u00e1rbol y celebra el aniversario de Jard\u00edn Bot\u00e1nico Culiac\u00e1n!"}]},{"@type":"WebSite","@id":"https:\/\/fuentesfidedignas.com.mx\/#website","url":"https:\/\/fuentesfidedignas.com.mx\/","name":"Fuentes Fidedignas","description":"Otro sitio realizado con WordPress","publisher":{"@id":"https:\/\/fuentesfidedignas.com.mx\/#organization"},"potentialAction":[{"@type":"SearchAction","target":{"@type":"EntryPoint","urlTemplate":"https:\/\/fuentesfidedignas.com.mx\/?s={search_term_string}"},"query-input":{"@type":"PropertyValueSpecification","valueRequired":true,"valueName":"search_term_string"}}],"inLanguage":"es"},{"@type":"Organization","@id":"https:\/\/fuentesfidedignas.com.mx\/#organization","name":"Fuentes Fidedignas","url":"https:\/\/fuentesfidedignas.com.mx\/","logo":{"@type":"ImageObject","inLanguage":"es","@id":"https:\/\/fuentesfidedignas.com.mx\/#\/schema\/logo\/image\/","url":"https:\/\/fuentesfidedignas.com.mx\/wp-content\/uploads\/2021\/04\/logo-retina.png","contentUrl":"https:\/\/fuentesfidedignas.com.mx\/wp-content\/uploads\/2021\/04\/logo-retina.png","width":280,"height":51,"caption":"Fuentes Fidedignas"},"image":{"@id":"https:\/\/fuentesfidedignas.com.mx\/#\/schema\/logo\/image\/"},"sameAs":["https:\/\/www.facebook.com\/Fuentes-Fidedignas-368234489921644","https:\/\/x.com\/fidedignas"]},{"@type":"Person","@id":"https:\/\/fuentesfidedignas.com.mx\/#\/schema\/person\/331be9283d37198e2acd5750279085b0","name":"Redacci\u00f3n","image":{"@type":"ImageObject","inLanguage":"es","@id":"https:\/\/secure.gravatar.com\/avatar\/f6d8782c11d12b2d4ad3fbb6931aeab5309937a4d6cd2fc9cfaa28a6396a5aec?s=96&d=mm&r=g","url":"https:\/\/secure.gravatar.com\/avatar\/f6d8782c11d12b2d4ad3fbb6931aeab5309937a4d6cd2fc9cfaa28a6396a5aec?s=96&d=mm&r=g","contentUrl":"https:\/\/secure.gravatar.com\/avatar\/f6d8782c11d12b2d4ad3fbb6931aeab5309937a4d6cd2fc9cfaa28a6396a5aec?s=96&d=mm&r=g","caption":"Redacci\u00f3n"},"url":"https:\/\/fuentesfidedignas.com.mx\/index.php\/author\/redaccion\/"}]}},"_links":{"self":[{"href":"https:\/\/fuentesfidedignas.com.mx\/index.php\/wp-json\/wp\/v2\/posts\/17630","targetHints":{"allow":["GET"]}}],"collection":[{"href":"https:\/\/fuentesfidedignas.com.mx\/index.php\/wp-json\/wp\/v2\/posts"}],"about":[{"href":"https:\/\/fuentesfidedignas.com.mx\/index.php\/wp-json\/wp\/v2\/types\/post"}],"author":[{"embeddable":true,"href":"https:\/\/fuentesfidedignas.com.mx\/index.php\/wp-json\/wp\/v2\/users\/4"}],"replies":[{"embeddable":true,"href":"https:\/\/fuentesfidedignas.com.mx\/index.php\/wp-json\/wp\/v2\/comments?post=17630"}],"version-history":[{"count":1,"href":"https:\/\/fuentesfidedignas.com.mx\/index.php\/wp-json\/wp\/v2\/posts\/17630\/revisions"}],"predecessor-version":[{"id":17632,"href":"https:\/\/fuentesfidedignas.com.mx\/index.php\/wp-json\/wp\/v2\/posts\/17630\/revisions\/17632"}],"wp:featuredmedia":[{"embeddable":true,"href":"https:\/\/fuentesfidedignas.com.mx\/index.php\/wp-json\/wp\/v2\/media\/10126"}],"wp:attachment":[{"href":"https:\/\/fuentesfidedignas.com.mx\/index.php\/wp-json\/wp\/v2\/media?parent=17630"}],"wp:term":[{"taxonomy":"category","embeddable":true,"href":"https:\/\/fuentesfidedignas.com.mx\/index.php\/wp-json\/wp\/v2\/categories?post=17630"},{"taxonomy":"post_tag","embeddable":true,"href":"https:\/\/fuentesfidedignas.com.mx\/index.php\/wp-json\/wp\/v2\/tags?post=17630"}],"curies":[{"name":"wp","href":"https:\/\/api.w.org\/{rel}","templated":true}]}}