{"id":1763,"date":"2021-05-12T06:20:42","date_gmt":"2021-05-12T13:20:42","guid":{"rendered":"https:\/\/fuentesfidedignas.com.mx\/?p=1763"},"modified":"2021-05-12T06:20:43","modified_gmt":"2021-05-12T13:20:43","slug":"israel-y-palestina-se-encaminan-hacia-una-guerra-a-gran-escala-onu","status":"publish","type":"post","link":"https:\/\/fuentesfidedignas.com.mx\/index.php\/2021\/05\/12\/israel-y-palestina-se-encaminan-hacia-una-guerra-a-gran-escala-onu\/","title":{"rendered":"Israel y Palestina se encaminan hacia una guerra a gran escala: ONU"},"content":{"rendered":"\n<p><strong><em>El costo de la guerra en Gaza es devastador y lo est\u00e1 pagando la gente com\u00fan&#8217;, dice Tor Wennesland<\/em><\/strong><\/p>\n\n\n\n<p>Ciudad de M\u00e9xico.- Israel y Palestina se encaminan hacia una guerra a gran escala, advirti\u00f3 el martes el Enviado Especial de la ONU para el Proceso de Paz de Oriente Medio.<\/p>\n\n\n\n<p>&#8220;Det\u00e9n el fuego de inmediato. Estamos escalando hacia una guerra a gran escala. Los l\u00edderes de todos los lados tienen que asumir la responsabilidad de reducir la escalada&#8221;, escribi\u00f3 Tor Wennesland en Twitter.<\/p>\n\n\n\n<p>&#8220;El costo de la guerra en Gaza es devastador y lo est\u00e1 pagando la gente com\u00fan. La ONU est\u00e1 trabajando con todas las partes para restaurar la calma. Detengan la violencia ahora&#8221;, dijo.<\/p>\n\n\n\n<p>Su advertencia se produjo despu\u00e9s de que aviones de combate israel\u00edes lanzaran redadas que comenzaron el lunes por la noche en la Franja de Gaza en una ofensiva que el ej\u00e9rcito llam\u00f3 Operaci\u00f3n Guardianes del Muro.<\/p>\n\n\n\n<p>El n\u00famero de muertos palestinos asesinados por las fuerzas israel\u00edes desde el inicio de la ofensiva en la Franja de Gaza ha aumentado a 30, incluida una mujer y 10 ni\u00f1os, seg\u00fan el Ministerio de Salud palestino.<\/p>\n\n\n\n<p>El ministerio dijo el martes que el n\u00famero de heridos tambi\u00e9n subi\u00f3 a 203.<\/p>\n\n\n\n<p>Las tensiones han aumentado en el barrio de Sheikh Jarrah de Jerusal\u00e9n Este desde la semana pasada, despu\u00e9s de que un tribunal israel\u00ed ordenara los desalojos de familias palestinas.<\/p>\n\n\n\n<p>Los palestinos que protestan en solidaridad con los residentes de Sheikh Jarrah han sido atacados por las fuerzas israel\u00edes.<\/p>\n\n\n\n<p>Tres israel\u00edes tambi\u00e9n murieron y otros 31 resultaron heridos en ataques con cohetes palestinos.<\/p>\n\n\n\n<p>Israel ocup\u00f3 Jerusal\u00e9n Este durante la guerra \u00e1rabe-israel\u00ed de 1967 y se anex\u00f3 toda la ciudad en 1980, una medida que nunca ha sido reconocida por la comunidad internacional.<\/p>\n","protected":false},"excerpt":{"rendered":"<p>El costo de la guerra en Gaza es devastador y lo est\u00e1 pagando la gente com\u00fan&#8217;, dice Tor Wennesland Ciudad de M\u00e9xico.- Israel y Palestina se encaminan hacia una guerra a gran escala, advirti\u00f3 el martes el Enviado Especial de la ONU para el Proceso de Paz de Oriente Medio. &#8220;Det\u00e9n el fuego de inmediato. [&hellip;]<\/p>\n","protected":false},"author":14,"featured_media":1764,"comment_status":"open","ping_status":"open","sticky":false,"template":"","format":"standard","meta":{"tdm_status":"","tdm_grid_status":"","footnotes":""},"categories":[39],"tags":[360,368,370,369],"class_list":{"0":"post-1763","1":"post","2":"type-post","3":"status-publish","4":"format-standard","5":"has-post-thumbnail","7":"category-noticias-nacionales","8":"tag-gaza","9":"tag-israel","10":"tag-onu","11":"tag-palestina"},"yoast_head":"<!-- This site is optimized with the Yoast SEO plugin v27.5 - https:\/\/yoast.com\/product\/yoast-seo-wordpress\/ -->\n<title>Israel y Palestina se encaminan hacia una guerra a gran escala: ONU - Fuentes Fidedignas<\/title>\n<meta name=\"robots\" content=\"index, follow, max-snippet:-1, max-image-preview:large, max-video-preview:-1\" \/>\n<link rel=\"canonical\" href=\"https:\/\/fuentesfidedignas.com.mx\/index.php\/2021\/05\/12\/israel-y-palestina-se-encaminan-hacia-una-guerra-a-gran-escala-onu\/\" \/>\n<meta property=\"og:locale\" content=\"es_MX\" \/>\n<meta property=\"og:type\" content=\"article\" \/>\n<meta property=\"og:title\" content=\"Israel y Palestina se encaminan hacia una guerra a gran escala: ONU - Fuentes Fidedignas\" \/>\n<meta property=\"og:description\" content=\"El costo de la guerra en Gaza es devastador y lo est\u00e1 pagando la gente com\u00fan&#8217;, dice Tor Wennesland Ciudad de M\u00e9xico.- Israel y Palestina se encaminan hacia una guerra a gran escala, advirti\u00f3 el martes el Enviado Especial de la ONU para el Proceso de Paz de Oriente Medio. &#8220;Det\u00e9n el fuego de inmediato. [&hellip;]\" \/>\n<meta property=\"og:url\" content=\"https:\/\/fuentesfidedignas.com.mx\/index.php\/2021\/05\/12\/israel-y-palestina-se-encaminan-hacia-una-guerra-a-gran-escala-onu\/\" \/>\n<meta property=\"og:site_name\" content=\"Fuentes Fidedignas\" \/>\n<meta property=\"article:publisher\" content=\"https:\/\/www.facebook.com\/Fuentes-Fidedignas-368234489921644\" \/>\n<meta property=\"article:published_time\" content=\"2021-05-12T13:20:42+00:00\" \/>\n<meta property=\"article:modified_time\" content=\"2021-05-12T13:20:43+00:00\" \/>\n<meta property=\"og:image\" content=\"https:\/\/fuentesfidedignas.com.mx\/wp-content\/uploads\/2021\/05\/gaza_59.jpg\" \/>\n\t<meta property=\"og:image:width\" content=\"980\" \/>\n\t<meta property=\"og:image:height\" content=\"551\" \/>\n\t<meta property=\"og:image:type\" content=\"image\/jpeg\" \/>\n<meta name=\"author\" content=\"Vanguardia\" \/>\n<meta name=\"twitter:card\" content=\"summary_large_image\" \/>\n<meta name=\"twitter:creator\" content=\"@fidedignas\" \/>\n<meta name=\"twitter:site\" content=\"@fidedignas\" \/>\n<meta name=\"twitter:label1\" content=\"Escrito por\" \/>\n\t<meta name=\"twitter:data1\" content=\"Vanguardia\" \/>\n\t<meta name=\"twitter:label2\" content=\"Tiempo de lectura\" \/>\n\t<meta name=\"twitter:data2\" content=\"2 minutos\" \/>\n<script type=\"application\/ld+json\" class=\"yoast-schema-graph\">{\"@context\":\"https:\\\/\\\/schema.org\",\"@graph\":[{\"@type\":\"Article\",\"@id\":\"https:\\\/\\\/fuentesfidedignas.com.mx\\\/index.php\\\/2021\\\/05\\\/12\\\/israel-y-palestina-se-encaminan-hacia-una-guerra-a-gran-escala-onu\\\/#article\",\"isPartOf\":{\"@id\":\"https:\\\/\\\/fuentesfidedignas.com.mx\\\/index.php\\\/2021\\\/05\\\/12\\\/israel-y-palestina-se-encaminan-hacia-una-guerra-a-gran-escala-onu\\\/\"},\"author\":{\"name\":\"Vanguardia\",\"@id\":\"https:\\\/\\\/fuentesfidedignas.com.mx\\\/#\\\/schema\\\/person\\\/bce747fb6a0b0feefab1e3e7c4e84d2b\"},\"headline\":\"Israel y Palestina se encaminan hacia una guerra a gran escala: ONU\",\"datePublished\":\"2021-05-12T13:20:42+00:00\",\"dateModified\":\"2021-05-12T13:20:43+00:00\",\"mainEntityOfPage\":{\"@id\":\"https:\\\/\\\/fuentesfidedignas.com.mx\\\/index.php\\\/2021\\\/05\\\/12\\\/israel-y-palestina-se-encaminan-hacia-una-guerra-a-gran-escala-onu\\\/\"},\"wordCount\":322,\"commentCount\":0,\"publisher\":{\"@id\":\"https:\\\/\\\/fuentesfidedignas.com.mx\\\/#organization\"},\"image\":{\"@id\":\"https:\\\/\\\/fuentesfidedignas.com.mx\\\/index.php\\\/2021\\\/05\\\/12\\\/israel-y-palestina-se-encaminan-hacia-una-guerra-a-gran-escala-onu\\\/#primaryimage\"},\"thumbnailUrl\":\"https:\\\/\\\/fuentesfidedignas.com.mx\\\/wp-content\\\/uploads\\\/2021\\\/05\\\/gaza_59.jpg\",\"keywords\":[\"Gaza\",\"Israel\",\"ONU\",\"Palestina\"],\"articleSection\":[\"NOTICIAS NACIONALES\"],\"inLanguage\":\"es\",\"potentialAction\":[{\"@type\":\"CommentAction\",\"name\":\"Comment\",\"target\":[\"https:\\\/\\\/fuentesfidedignas.com.mx\\\/index.php\\\/2021\\\/05\\\/12\\\/israel-y-palestina-se-encaminan-hacia-una-guerra-a-gran-escala-onu\\\/#respond\"]}]},{\"@type\":\"WebPage\",\"@id\":\"https:\\\/\\\/fuentesfidedignas.com.mx\\\/index.php\\\/2021\\\/05\\\/12\\\/israel-y-palestina-se-encaminan-hacia-una-guerra-a-gran-escala-onu\\\/\",\"url\":\"https:\\\/\\\/fuentesfidedignas.com.mx\\\/index.php\\\/2021\\\/05\\\/12\\\/israel-y-palestina-se-encaminan-hacia-una-guerra-a-gran-escala-onu\\\/\",\"name\":\"Israel y Palestina se encaminan hacia una guerra a gran escala: ONU - Fuentes Fidedignas\",\"isPartOf\":{\"@id\":\"https:\\\/\\\/fuentesfidedignas.com.mx\\\/#website\"},\"primaryImageOfPage\":{\"@id\":\"https:\\\/\\\/fuentesfidedignas.com.mx\\\/index.php\\\/2021\\\/05\\\/12\\\/israel-y-palestina-se-encaminan-hacia-una-guerra-a-gran-escala-onu\\\/#primaryimage\"},\"image\":{\"@id\":\"https:\\\/\\\/fuentesfidedignas.com.mx\\\/index.php\\\/2021\\\/05\\\/12\\\/israel-y-palestina-se-encaminan-hacia-una-guerra-a-gran-escala-onu\\\/#primaryimage\"},\"thumbnailUrl\":\"https:\\\/\\\/fuentesfidedignas.com.mx\\\/wp-content\\\/uploads\\\/2021\\\/05\\\/gaza_59.jpg\",\"datePublished\":\"2021-05-12T13:20:42+00:00\",\"dateModified\":\"2021-05-12T13:20:43+00:00\",\"breadcrumb\":{\"@id\":\"https:\\\/\\\/fuentesfidedignas.com.mx\\\/index.php\\\/2021\\\/05\\\/12\\\/israel-y-palestina-se-encaminan-hacia-una-guerra-a-gran-escala-onu\\\/#breadcrumb\"},\"inLanguage\":\"es\",\"potentialAction\":[{\"@type\":\"ReadAction\",\"target\":[\"https:\\\/\\\/fuentesfidedignas.com.mx\\\/index.php\\\/2021\\\/05\\\/12\\\/israel-y-palestina-se-encaminan-hacia-una-guerra-a-gran-escala-onu\\\/\"]}]},{\"@type\":\"ImageObject\",\"inLanguage\":\"es\",\"@id\":\"https:\\\/\\\/fuentesfidedignas.com.mx\\\/index.php\\\/2021\\\/05\\\/12\\\/israel-y-palestina-se-encaminan-hacia-una-guerra-a-gran-escala-onu\\\/#primaryimage\",\"url\":\"https:\\\/\\\/fuentesfidedignas.com.mx\\\/wp-content\\\/uploads\\\/2021\\\/05\\\/gaza_59.jpg\",\"contentUrl\":\"https:\\\/\\\/fuentesfidedignas.com.mx\\\/wp-content\\\/uploads\\\/2021\\\/05\\\/gaza_59.jpg\",\"width\":980,\"height\":551},{\"@type\":\"BreadcrumbList\",\"@id\":\"https:\\\/\\\/fuentesfidedignas.com.mx\\\/index.php\\\/2021\\\/05\\\/12\\\/israel-y-palestina-se-encaminan-hacia-una-guerra-a-gran-escala-onu\\\/#breadcrumb\",\"itemListElement\":[{\"@type\":\"ListItem\",\"position\":1,\"name\":\"Inicio\",\"item\":\"https:\\\/\\\/fuentesfidedignas.com.mx\\\/\"},{\"@type\":\"ListItem\",\"position\":2,\"name\":\"Israel y Palestina se encaminan hacia una guerra a gran escala: ONU\"}]},{\"@type\":\"WebSite\",\"@id\":\"https:\\\/\\\/fuentesfidedignas.com.mx\\\/#website\",\"url\":\"https:\\\/\\\/fuentesfidedignas.com.mx\\\/\",\"name\":\"Fuentes Fidedignas\",\"description\":\"Otro sitio realizado con WordPress\",\"publisher\":{\"@id\":\"https:\\\/\\\/fuentesfidedignas.com.mx\\\/#organization\"},\"potentialAction\":[{\"@type\":\"SearchAction\",\"target\":{\"@type\":\"EntryPoint\",\"urlTemplate\":\"https:\\\/\\\/fuentesfidedignas.com.mx\\\/?s={search_term_string}\"},\"query-input\":{\"@type\":\"PropertyValueSpecification\",\"valueRequired\":true,\"valueName\":\"search_term_string\"}}],\"inLanguage\":\"es\"},{\"@type\":\"Organization\",\"@id\":\"https:\\\/\\\/fuentesfidedignas.com.mx\\\/#organization\",\"name\":\"Fuentes Fidedignas\",\"url\":\"https:\\\/\\\/fuentesfidedignas.com.mx\\\/\",\"logo\":{\"@type\":\"ImageObject\",\"inLanguage\":\"es\",\"@id\":\"https:\\\/\\\/fuentesfidedignas.com.mx\\\/#\\\/schema\\\/logo\\\/image\\\/\",\"url\":\"https:\\\/\\\/fuentesfidedignas.com.mx\\\/wp-content\\\/uploads\\\/2021\\\/04\\\/logo-retina.png\",\"contentUrl\":\"https:\\\/\\\/fuentesfidedignas.com.mx\\\/wp-content\\\/uploads\\\/2021\\\/04\\\/logo-retina.png\",\"width\":280,\"height\":51,\"caption\":\"Fuentes Fidedignas\"},\"image\":{\"@id\":\"https:\\\/\\\/fuentesfidedignas.com.mx\\\/#\\\/schema\\\/logo\\\/image\\\/\"},\"sameAs\":[\"https:\\\/\\\/www.facebook.com\\\/Fuentes-Fidedignas-368234489921644\",\"https:\\\/\\\/x.com\\\/fidedignas\"]},{\"@type\":\"Person\",\"@id\":\"https:\\\/\\\/fuentesfidedignas.com.mx\\\/#\\\/schema\\\/person\\\/bce747fb6a0b0feefab1e3e7c4e84d2b\",\"name\":\"Vanguardia\",\"image\":{\"@type\":\"ImageObject\",\"inLanguage\":\"es\",\"@id\":\"https:\\\/\\\/secure.gravatar.com\\\/avatar\\\/6d7e1e0fdcdef594fdfc9206070adafb95cd5cd9b47c113cb987d91ee74e35df?s=96&d=mm&r=g\",\"url\":\"https:\\\/\\\/secure.gravatar.com\\\/avatar\\\/6d7e1e0fdcdef594fdfc9206070adafb95cd5cd9b47c113cb987d91ee74e35df?s=96&d=mm&r=g\",\"contentUrl\":\"https:\\\/\\\/secure.gravatar.com\\\/avatar\\\/6d7e1e0fdcdef594fdfc9206070adafb95cd5cd9b47c113cb987d91ee74e35df?s=96&d=mm&r=g\",\"caption\":\"Vanguardia\"},\"url\":\"https:\\\/\\\/fuentesfidedignas.com.mx\\\/index.php\\\/author\\\/vanguardia\\\/\"}]}<\/script>\n<!-- \/ Yoast SEO plugin. -->","yoast_head_json":{"title":"Israel y Palestina se encaminan hacia una guerra a gran escala: ONU - Fuentes Fidedignas","robots":{"index":"index","follow":"follow","max-snippet":"max-snippet:-1","max-image-preview":"max-image-preview:large","max-video-preview":"max-video-preview:-1"},"canonical":"https:\/\/fuentesfidedignas.com.mx\/index.php\/2021\/05\/12\/israel-y-palestina-se-encaminan-hacia-una-guerra-a-gran-escala-onu\/","og_locale":"es_MX","og_type":"article","og_title":"Israel y Palestina se encaminan hacia una guerra a gran escala: ONU - Fuentes Fidedignas","og_description":"El costo de la guerra en Gaza es devastador y lo est\u00e1 pagando la gente com\u00fan&#8217;, dice Tor Wennesland Ciudad de M\u00e9xico.- Israel y Palestina se encaminan hacia una guerra a gran escala, advirti\u00f3 el martes el Enviado Especial de la ONU para el Proceso de Paz de Oriente Medio. &#8220;Det\u00e9n el fuego de inmediato. [&hellip;]","og_url":"https:\/\/fuentesfidedignas.com.mx\/index.php\/2021\/05\/12\/israel-y-palestina-se-encaminan-hacia-una-guerra-a-gran-escala-onu\/","og_site_name":"Fuentes Fidedignas","article_publisher":"https:\/\/www.facebook.com\/Fuentes-Fidedignas-368234489921644","article_published_time":"2021-05-12T13:20:42+00:00","article_modified_time":"2021-05-12T13:20:43+00:00","og_image":[{"width":980,"height":551,"url":"https:\/\/fuentesfidedignas.com.mx\/wp-content\/uploads\/2021\/05\/gaza_59.jpg","type":"image\/jpeg"}],"author":"Vanguardia","twitter_card":"summary_large_image","twitter_creator":"@fidedignas","twitter_site":"@fidedignas","twitter_misc":{"Escrito por":"Vanguardia","Tiempo de lectura":"2 minutos"},"schema":{"@context":"https:\/\/schema.org","@graph":[{"@type":"Article","@id":"https:\/\/fuentesfidedignas.com.mx\/index.php\/2021\/05\/12\/israel-y-palestina-se-encaminan-hacia-una-guerra-a-gran-escala-onu\/#article","isPartOf":{"@id":"https:\/\/fuentesfidedignas.com.mx\/index.php\/2021\/05\/12\/israel-y-palestina-se-encaminan-hacia-una-guerra-a-gran-escala-onu\/"},"author":{"name":"Vanguardia","@id":"https:\/\/fuentesfidedignas.com.mx\/#\/schema\/person\/bce747fb6a0b0feefab1e3e7c4e84d2b"},"headline":"Israel y Palestina se encaminan hacia una guerra a gran escala: ONU","datePublished":"2021-05-12T13:20:42+00:00","dateModified":"2021-05-12T13:20:43+00:00","mainEntityOfPage":{"@id":"https:\/\/fuentesfidedignas.com.mx\/index.php\/2021\/05\/12\/israel-y-palestina-se-encaminan-hacia-una-guerra-a-gran-escala-onu\/"},"wordCount":322,"commentCount":0,"publisher":{"@id":"https:\/\/fuentesfidedignas.com.mx\/#organization"},"image":{"@id":"https:\/\/fuentesfidedignas.com.mx\/index.php\/2021\/05\/12\/israel-y-palestina-se-encaminan-hacia-una-guerra-a-gran-escala-onu\/#primaryimage"},"thumbnailUrl":"https:\/\/fuentesfidedignas.com.mx\/wp-content\/uploads\/2021\/05\/gaza_59.jpg","keywords":["Gaza","Israel","ONU","Palestina"],"articleSection":["NOTICIAS NACIONALES"],"inLanguage":"es","potentialAction":[{"@type":"CommentAction","name":"Comment","target":["https:\/\/fuentesfidedignas.com.mx\/index.php\/2021\/05\/12\/israel-y-palestina-se-encaminan-hacia-una-guerra-a-gran-escala-onu\/#respond"]}]},{"@type":"WebPage","@id":"https:\/\/fuentesfidedignas.com.mx\/index.php\/2021\/05\/12\/israel-y-palestina-se-encaminan-hacia-una-guerra-a-gran-escala-onu\/","url":"https:\/\/fuentesfidedignas.com.mx\/index.php\/2021\/05\/12\/israel-y-palestina-se-encaminan-hacia-una-guerra-a-gran-escala-onu\/","name":"Israel y Palestina se encaminan hacia una guerra a gran escala: ONU - Fuentes Fidedignas","isPartOf":{"@id":"https:\/\/fuentesfidedignas.com.mx\/#website"},"primaryImageOfPage":{"@id":"https:\/\/fuentesfidedignas.com.mx\/index.php\/2021\/05\/12\/israel-y-palestina-se-encaminan-hacia-una-guerra-a-gran-escala-onu\/#primaryimage"},"image":{"@id":"https:\/\/fuentesfidedignas.com.mx\/index.php\/2021\/05\/12\/israel-y-palestina-se-encaminan-hacia-una-guerra-a-gran-escala-onu\/#primaryimage"},"thumbnailUrl":"https:\/\/fuentesfidedignas.com.mx\/wp-content\/uploads\/2021\/05\/gaza_59.jpg","datePublished":"2021-05-12T13:20:42+00:00","dateModified":"2021-05-12T13:20:43+00:00","breadcrumb":{"@id":"https:\/\/fuentesfidedignas.com.mx\/index.php\/2021\/05\/12\/israel-y-palestina-se-encaminan-hacia-una-guerra-a-gran-escala-onu\/#breadcrumb"},"inLanguage":"es","potentialAction":[{"@type":"ReadAction","target":["https:\/\/fuentesfidedignas.com.mx\/index.php\/2021\/05\/12\/israel-y-palestina-se-encaminan-hacia-una-guerra-a-gran-escala-onu\/"]}]},{"@type":"ImageObject","inLanguage":"es","@id":"https:\/\/fuentesfidedignas.com.mx\/index.php\/2021\/05\/12\/israel-y-palestina-se-encaminan-hacia-una-guerra-a-gran-escala-onu\/#primaryimage","url":"https:\/\/fuentesfidedignas.com.mx\/wp-content\/uploads\/2021\/05\/gaza_59.jpg","contentUrl":"https:\/\/fuentesfidedignas.com.mx\/wp-content\/uploads\/2021\/05\/gaza_59.jpg","width":980,"height":551},{"@type":"BreadcrumbList","@id":"https:\/\/fuentesfidedignas.com.mx\/index.php\/2021\/05\/12\/israel-y-palestina-se-encaminan-hacia-una-guerra-a-gran-escala-onu\/#breadcrumb","itemListElement":[{"@type":"ListItem","position":1,"name":"Inicio","item":"https:\/\/fuentesfidedignas.com.mx\/"},{"@type":"ListItem","position":2,"name":"Israel y Palestina se encaminan hacia una guerra a gran escala: ONU"}]},{"@type":"WebSite","@id":"https:\/\/fuentesfidedignas.com.mx\/#website","url":"https:\/\/fuentesfidedignas.com.mx\/","name":"Fuentes Fidedignas","description":"Otro sitio realizado con WordPress","publisher":{"@id":"https:\/\/fuentesfidedignas.com.mx\/#organization"},"potentialAction":[{"@type":"SearchAction","target":{"@type":"EntryPoint","urlTemplate":"https:\/\/fuentesfidedignas.com.mx\/?s={search_term_string}"},"query-input":{"@type":"PropertyValueSpecification","valueRequired":true,"valueName":"search_term_string"}}],"inLanguage":"es"},{"@type":"Organization","@id":"https:\/\/fuentesfidedignas.com.mx\/#organization","name":"Fuentes Fidedignas","url":"https:\/\/fuentesfidedignas.com.mx\/","logo":{"@type":"ImageObject","inLanguage":"es","@id":"https:\/\/fuentesfidedignas.com.mx\/#\/schema\/logo\/image\/","url":"https:\/\/fuentesfidedignas.com.mx\/wp-content\/uploads\/2021\/04\/logo-retina.png","contentUrl":"https:\/\/fuentesfidedignas.com.mx\/wp-content\/uploads\/2021\/04\/logo-retina.png","width":280,"height":51,"caption":"Fuentes Fidedignas"},"image":{"@id":"https:\/\/fuentesfidedignas.com.mx\/#\/schema\/logo\/image\/"},"sameAs":["https:\/\/www.facebook.com\/Fuentes-Fidedignas-368234489921644","https:\/\/x.com\/fidedignas"]},{"@type":"Person","@id":"https:\/\/fuentesfidedignas.com.mx\/#\/schema\/person\/bce747fb6a0b0feefab1e3e7c4e84d2b","name":"Vanguardia","image":{"@type":"ImageObject","inLanguage":"es","@id":"https:\/\/secure.gravatar.com\/avatar\/6d7e1e0fdcdef594fdfc9206070adafb95cd5cd9b47c113cb987d91ee74e35df?s=96&d=mm&r=g","url":"https:\/\/secure.gravatar.com\/avatar\/6d7e1e0fdcdef594fdfc9206070adafb95cd5cd9b47c113cb987d91ee74e35df?s=96&d=mm&r=g","contentUrl":"https:\/\/secure.gravatar.com\/avatar\/6d7e1e0fdcdef594fdfc9206070adafb95cd5cd9b47c113cb987d91ee74e35df?s=96&d=mm&r=g","caption":"Vanguardia"},"url":"https:\/\/fuentesfidedignas.com.mx\/index.php\/author\/vanguardia\/"}]}},"_links":{"self":[{"href":"https:\/\/fuentesfidedignas.com.mx\/index.php\/wp-json\/wp\/v2\/posts\/1763","targetHints":{"allow":["GET"]}}],"collection":[{"href":"https:\/\/fuentesfidedignas.com.mx\/index.php\/wp-json\/wp\/v2\/posts"}],"about":[{"href":"https:\/\/fuentesfidedignas.com.mx\/index.php\/wp-json\/wp\/v2\/types\/post"}],"author":[{"embeddable":true,"href":"https:\/\/fuentesfidedignas.com.mx\/index.php\/wp-json\/wp\/v2\/users\/14"}],"replies":[{"embeddable":true,"href":"https:\/\/fuentesfidedignas.com.mx\/index.php\/wp-json\/wp\/v2\/comments?post=1763"}],"version-history":[{"count":1,"href":"https:\/\/fuentesfidedignas.com.mx\/index.php\/wp-json\/wp\/v2\/posts\/1763\/revisions"}],"predecessor-version":[{"id":1765,"href":"https:\/\/fuentesfidedignas.com.mx\/index.php\/wp-json\/wp\/v2\/posts\/1763\/revisions\/1765"}],"wp:featuredmedia":[{"embeddable":true,"href":"https:\/\/fuentesfidedignas.com.mx\/index.php\/wp-json\/wp\/v2\/media\/1764"}],"wp:attachment":[{"href":"https:\/\/fuentesfidedignas.com.mx\/index.php\/wp-json\/wp\/v2\/media?parent=1763"}],"wp:term":[{"taxonomy":"category","embeddable":true,"href":"https:\/\/fuentesfidedignas.com.mx\/index.php\/wp-json\/wp\/v2\/categories?post=1763"},{"taxonomy":"post_tag","embeddable":true,"href":"https:\/\/fuentesfidedignas.com.mx\/index.php\/wp-json\/wp\/v2\/tags?post=1763"}],"curies":[{"name":"wp","href":"https:\/\/api.w.org\/{rel}","templated":true}]}}