{"id":17568,"date":"2021-11-16T06:39:34","date_gmt":"2021-11-16T13:39:34","guid":{"rendered":"https:\/\/fuentesfidedignas.com.mx\/?p=17568"},"modified":"2021-11-16T06:39:36","modified_gmt":"2021-11-16T13:39:36","slug":"christian-nodal-frena-el-veto-de-universal-music-y-podra-volver-a-cantar-ante-su-publico","status":"publish","type":"post","link":"https:\/\/fuentesfidedignas.com.mx\/index.php\/2021\/11\/16\/christian-nodal-frena-el-veto-de-universal-music-y-podra-volver-a-cantar-ante-su-publico\/","title":{"rendered":"Christian Nodal frena el veto de Universal Music y podr\u00e1 volver a cantar ante su p\u00fablico"},"content":{"rendered":"\n<p><strong><em>Fren\u00f3 el veto de Universal Music y su representante legal, Ulrich Richter Morales, por lo que podr\u00e1 volver a cantar ante su p\u00fablico<\/em><\/strong><\/p>\n\n\n\n<p>Ciudad de M\u00e9xico. Christian Nodal, el cantante mexicano de 22 a\u00f1os de m\u00fasica regional, obtuvo una suspensi\u00f3n contra el veto en su contra que hab\u00edan logrado Universal Music y su representante legal, Ulrich Richter Morales, el cual le imped\u00eda tener presentaciones en M\u00e9xico, Estados Unidos, Colombia, Espa\u00f1a, Sudam\u00e9rica, Centroam\u00e9rica y el resto del mundo.<\/p>\n\n\n\n<p>\u201cSe concede la suspensi\u00f3n definitiva solicitada por los quejosos para efecto de que no se ejecuten las providencias precautorias de car\u00e1cter conservativo, las cuales se dictaron el 7 de octubre de 2021\u201d, dice la jueza de Distrito del Juzgado Decimotercero de Distrito en Materia Civil en la Ciudad de M\u00e9xico a un amparo interpuesto por el m\u00fasico.<\/p>\n\n\n\n<p>As\u00ed el cantante, uno de los m\u00e1s populares del momento, logr\u00f3 la suspensi\u00f3n definitiva el 8 de noviembre de 2021 en contra de los actos interpuestos por el Juez Trig\u00e9simo Cuarto de lo Civil del Tribunal Superior de Justicia de la Ciudad de M\u00e9xico.<\/p>\n\n\n\n<p>Dicho juez hab\u00eda determinado que los medios de comunicaci\u00f3n, promotoras, plataformas digitales, empresarios y artistas no pod\u00edan usar o difundir la m\u00fasica de Cristian Nodal, as\u00ed como tampoco comercializar su imagen por una supuesta obligaci\u00f3n de exclusividad y cesi\u00f3n de derechos del int\u00e9rprete en favor de Universal Music.<\/p>\n\n\n\n<p>Las medidas judiciales en contra del cantante, adem\u00e1s del veto, establecieron una multa de 8,464 pesos en caso de incumplimiento y ordenaban notificar a las empresas de entretenimiento y espect\u00e1culos para que consignar\u00e1n ante el Juzgado \u201cla cantidad que corresponda a Universal Music como contraprestaci\u00f3n por cada concierto o presentaci\u00f3n en vivo que promuevan o realicen de Christian Nodal, en los porcentajes establecidos en el contrato de exclusividad\u201d.<\/p>\n\n\n\n<p>La contraprestaci\u00f3n para presentaciones en M\u00e9xico, Estados Unidos, Centroam\u00e9rica y Colombia fue fijada entre 10% y 12.5% sobre el ingreso neto. Todo esto en funci\u00f3n del ingreso bruto de la presentaci\u00f3n, es decir, si es menor o mayor a 150 mil d\u00f3lares.<\/p>\n\n\n\n<p>En el caso de presentaciones en Espa\u00f1a o Sudam\u00e9rica (incluyendo a la regi\u00f3n de la cordillera de los Andes) y en cualquier otro pa\u00eds del mundo fue de entre 12.5% al 15% sobre el ingreso neto.<\/p>\n\n\n\n<p>Tambi\u00e9n ordenaba notificar a Belinda Peregr\u00edn Sch\u00fcll, su pareja sentimental, \u201cpara que se abstenga de realizar, producir, explotar, promover, comercializar, difundir o grabar cualquier videoclip, videograma, fonograma, grabaci\u00f3n sonora con la interpretaci\u00f3n como solista y\/o conjunta de Christian Nodal sin el consentimiento de Universal Music\u201d.<\/p>\n\n\n\n<p>El Juez Trig\u00e9simo Cuarto de lo Civil del Tribunal Superior de Justicia de la Ciudad de M\u00e9xico dict\u00f3 el acuerdo de medidas cautelares en el juicio identificado con el n\u00famero de expediente 703\/2021 promovido por Universal Music Group M\u00e9xico S.A. de C.V. (Universal Music) en contra de Christian Jes\u00fas Gonz\u00e1lez Nodal (Christian Nodal), Jes\u00fas Jaime Gonz\u00e1lez Terrazas, Silvia Cristina Nodal Jim\u00e9nez y JG Music.<\/p>\n\n\n\n<p>\u201cTengo la orden de la jueza que ordena que no se haga posible todo lo que est\u00e1 pidiendo Universal, que es vetarme en todas partes, no tengo un contrato vigente con ellos y est\u00e1n haciendo todo esto a la mala y as\u00ed como me lo hacen a m\u00ed, se lo quieren hacer a miles de artistas y as\u00ed les ha pasado a muchos artistas m\u00e1s, as\u00ed que quiero hacer consciencia de esto\u2026\u201d, coment\u00f3 el cantante a trav\u00e9s de su cuenta de Instagram.<\/p>\n\n\n\n<p>Christian Nodal logr\u00f3 derrotar a Universal Music y a su apoderado legal Ulrich Richter Morales, quien gan\u00f3 notoriedad hace meses por demandar a Google para que eliminara informaci\u00f3n que lo inculpaba de blanqueo de capitales.<\/p>\n\n\n\n<p>Richter Morales, fundador y presidente de Ser Mexicano Es, fue denunciado ante la Unidad de Inteligencia Financiera (UIF) y la Fiscal\u00eda General de la Rep\u00fablica (FGR) por supuestos v\u00ednculos con Genaro Garc\u00eda Luna, el exsecretario de Seguridad P\u00fablica de Felipe Calder\u00f3n, quien enfrenta cargos ante las autoridades de Estados Unidos por presunto narcotr\u00e1fico.<\/p>\n\n\n\n<p>A inicios de este a\u00f1o, Ulrich Richter y su esposa, Claudia Ram\u00edrez Tavera, tambi\u00e9n fueron denunciados ante las autoridades por presuntamente recibir en sus oficinas a gente de Genaro Garc\u00eda Luna, quien seg\u00fan la denuncia, es uno de los principales clientes del despacho.<\/p>\n\n\n\n<p>Otros de los clientes de Ulrich Richter son Carlos Salinas de Gortari, Juan Collado, la empresa Oceanograf\u00eda y Humberto Moreira, expresidente del Partido Revolucionario Institucional (PRI) detenido en Madrid por los presuntos delitos de blanqueo de capitales e integraci\u00f3n en la banda criminal de \u201cLos Zetas\u201d.<\/p>\n\n\n\n<p>Ulrich Richter y su despacho Richter-Ram\u00edrez y Asociados han obtenido 6.5 millones de pesos del gobierno federal a trav\u00e9s de nueve contratos adjudicados de manera directa.<\/p>\n\n\n\n<p>Durante el sexenio de Enrique Pe\u00f1a Nieto, Pron\u00f3sticos para la Asistencia P\u00fablica le asign\u00f3 los contratos 73-2016, 126-2016 y 127-2016 por 4 millones de pesos para brindar asesor\u00eda jur\u00eddica especializada en materia penal.<\/p>\n\n\n\n<p>En 2020 y 2021, Nacional Financiera (Nafin) ha sido su \u00fanico cliente en la administraci\u00f3n p\u00fablica, ya que le asign\u00f3 por adjudicaci\u00f3n directa seis contratos por 2 millones 538 mil pesos para \u201casesor\u00edas, auditor\u00edas y abogados externos\u201d.<\/p>\n","protected":false},"excerpt":{"rendered":"<p>Fren\u00f3 el veto de Universal Music y su representante legal, Ulrich Richter Morales, por lo que podr\u00e1 volver a cantar ante su p\u00fablico Ciudad de M\u00e9xico. Christian Nodal, el cantante mexicano de 22 a\u00f1os de m\u00fasica regional, obtuvo una suspensi\u00f3n contra el veto en su contra que hab\u00edan logrado Universal Music y su representante legal, [&hellip;]<\/p>\n","protected":false},"author":5,"featured_media":17569,"comment_status":"open","ping_status":"open","sticky":false,"template":"","format":"standard","meta":{"tdm_status":"","tdm_grid_status":"","footnotes":""},"categories":[39],"tags":[],"class_list":{"0":"post-17568","1":"post","2":"type-post","3":"status-publish","4":"format-standard","5":"has-post-thumbnail","7":"category-noticias-nacionales"},"yoast_head":"<!-- This site is optimized with the Yoast SEO plugin v27.5 - https:\/\/yoast.com\/product\/yoast-seo-wordpress\/ -->\n<title>Christian Nodal frena el veto de Universal Music y podr\u00e1 volver a cantar ante su p\u00fablico - Fuentes Fidedignas<\/title>\n<meta name=\"robots\" content=\"index, follow, max-snippet:-1, max-image-preview:large, max-video-preview:-1\" \/>\n<link rel=\"canonical\" href=\"https:\/\/fuentesfidedignas.com.mx\/index.php\/2021\/11\/16\/christian-nodal-frena-el-veto-de-universal-music-y-podra-volver-a-cantar-ante-su-publico\/\" \/>\n<meta property=\"og:locale\" content=\"es_MX\" \/>\n<meta property=\"og:type\" content=\"article\" \/>\n<meta property=\"og:title\" content=\"Christian Nodal frena el veto de Universal Music y podr\u00e1 volver a cantar ante su p\u00fablico - Fuentes Fidedignas\" \/>\n<meta property=\"og:description\" content=\"Fren\u00f3 el veto de Universal Music y su representante legal, Ulrich Richter Morales, por lo que podr\u00e1 volver a cantar ante su p\u00fablico Ciudad de M\u00e9xico. Christian Nodal, el cantante mexicano de 22 a\u00f1os de m\u00fasica regional, obtuvo una suspensi\u00f3n contra el veto en su contra que hab\u00edan logrado Universal Music y su representante legal, [&hellip;]\" \/>\n<meta property=\"og:url\" content=\"https:\/\/fuentesfidedignas.com.mx\/index.php\/2021\/11\/16\/christian-nodal-frena-el-veto-de-universal-music-y-podra-volver-a-cantar-ante-su-publico\/\" \/>\n<meta property=\"og:site_name\" content=\"Fuentes Fidedignas\" \/>\n<meta property=\"article:publisher\" content=\"https:\/\/www.facebook.com\/Fuentes-Fidedignas-368234489921644\" \/>\n<meta property=\"article:published_time\" content=\"2021-11-16T13:39:34+00:00\" \/>\n<meta property=\"article:modified_time\" content=\"2021-11-16T13:39:36+00:00\" \/>\n<meta property=\"og:image\" content=\"https:\/\/fuentesfidedignas.com.mx\/wp-content\/uploads\/2021\/11\/christian-nodal-768x432-1.jpg\" \/>\n\t<meta property=\"og:image:width\" content=\"768\" \/>\n\t<meta property=\"og:image:height\" content=\"432\" \/>\n\t<meta property=\"og:image:type\" content=\"image\/jpeg\" \/>\n<meta name=\"author\" content=\"Forbes\" \/>\n<meta name=\"twitter:card\" content=\"summary_large_image\" \/>\n<meta name=\"twitter:creator\" content=\"@fidedignas\" \/>\n<meta name=\"twitter:site\" content=\"@fidedignas\" \/>\n<meta name=\"twitter:label1\" content=\"Escrito por\" \/>\n\t<meta name=\"twitter:data1\" content=\"Forbes\" \/>\n\t<meta name=\"twitter:label2\" content=\"Tiempo de lectura\" \/>\n\t<meta name=\"twitter:data2\" content=\"4 minutos\" \/>\n<script type=\"application\/ld+json\" class=\"yoast-schema-graph\">{\"@context\":\"https:\\\/\\\/schema.org\",\"@graph\":[{\"@type\":\"Article\",\"@id\":\"https:\\\/\\\/fuentesfidedignas.com.mx\\\/index.php\\\/2021\\\/11\\\/16\\\/christian-nodal-frena-el-veto-de-universal-music-y-podra-volver-a-cantar-ante-su-publico\\\/#article\",\"isPartOf\":{\"@id\":\"https:\\\/\\\/fuentesfidedignas.com.mx\\\/index.php\\\/2021\\\/11\\\/16\\\/christian-nodal-frena-el-veto-de-universal-music-y-podra-volver-a-cantar-ante-su-publico\\\/\"},\"author\":{\"name\":\"Forbes\",\"@id\":\"https:\\\/\\\/fuentesfidedignas.com.mx\\\/#\\\/schema\\\/person\\\/5623d53fe2e579d825b1679734abcc44\"},\"headline\":\"Christian Nodal frena el veto de Universal Music y podr\u00e1 volver a cantar ante su p\u00fablico\",\"datePublished\":\"2021-11-16T13:39:34+00:00\",\"dateModified\":\"2021-11-16T13:39:36+00:00\",\"mainEntityOfPage\":{\"@id\":\"https:\\\/\\\/fuentesfidedignas.com.mx\\\/index.php\\\/2021\\\/11\\\/16\\\/christian-nodal-frena-el-veto-de-universal-music-y-podra-volver-a-cantar-ante-su-publico\\\/\"},\"wordCount\":923,\"commentCount\":0,\"publisher\":{\"@id\":\"https:\\\/\\\/fuentesfidedignas.com.mx\\\/#organization\"},\"image\":{\"@id\":\"https:\\\/\\\/fuentesfidedignas.com.mx\\\/index.php\\\/2021\\\/11\\\/16\\\/christian-nodal-frena-el-veto-de-universal-music-y-podra-volver-a-cantar-ante-su-publico\\\/#primaryimage\"},\"thumbnailUrl\":\"https:\\\/\\\/fuentesfidedignas.com.mx\\\/wp-content\\\/uploads\\\/2021\\\/11\\\/christian-nodal-768x432-1.jpg\",\"articleSection\":[\"NOTICIAS NACIONALES\"],\"inLanguage\":\"es\",\"potentialAction\":[{\"@type\":\"CommentAction\",\"name\":\"Comment\",\"target\":[\"https:\\\/\\\/fuentesfidedignas.com.mx\\\/index.php\\\/2021\\\/11\\\/16\\\/christian-nodal-frena-el-veto-de-universal-music-y-podra-volver-a-cantar-ante-su-publico\\\/#respond\"]}]},{\"@type\":\"WebPage\",\"@id\":\"https:\\\/\\\/fuentesfidedignas.com.mx\\\/index.php\\\/2021\\\/11\\\/16\\\/christian-nodal-frena-el-veto-de-universal-music-y-podra-volver-a-cantar-ante-su-publico\\\/\",\"url\":\"https:\\\/\\\/fuentesfidedignas.com.mx\\\/index.php\\\/2021\\\/11\\\/16\\\/christian-nodal-frena-el-veto-de-universal-music-y-podra-volver-a-cantar-ante-su-publico\\\/\",\"name\":\"Christian Nodal frena el veto de Universal Music y podr\u00e1 volver a cantar ante su p\u00fablico - Fuentes Fidedignas\",\"isPartOf\":{\"@id\":\"https:\\\/\\\/fuentesfidedignas.com.mx\\\/#website\"},\"primaryImageOfPage\":{\"@id\":\"https:\\\/\\\/fuentesfidedignas.com.mx\\\/index.php\\\/2021\\\/11\\\/16\\\/christian-nodal-frena-el-veto-de-universal-music-y-podra-volver-a-cantar-ante-su-publico\\\/#primaryimage\"},\"image\":{\"@id\":\"https:\\\/\\\/fuentesfidedignas.com.mx\\\/index.php\\\/2021\\\/11\\\/16\\\/christian-nodal-frena-el-veto-de-universal-music-y-podra-volver-a-cantar-ante-su-publico\\\/#primaryimage\"},\"thumbnailUrl\":\"https:\\\/\\\/fuentesfidedignas.com.mx\\\/wp-content\\\/uploads\\\/2021\\\/11\\\/christian-nodal-768x432-1.jpg\",\"datePublished\":\"2021-11-16T13:39:34+00:00\",\"dateModified\":\"2021-11-16T13:39:36+00:00\",\"breadcrumb\":{\"@id\":\"https:\\\/\\\/fuentesfidedignas.com.mx\\\/index.php\\\/2021\\\/11\\\/16\\\/christian-nodal-frena-el-veto-de-universal-music-y-podra-volver-a-cantar-ante-su-publico\\\/#breadcrumb\"},\"inLanguage\":\"es\",\"potentialAction\":[{\"@type\":\"ReadAction\",\"target\":[\"https:\\\/\\\/fuentesfidedignas.com.mx\\\/index.php\\\/2021\\\/11\\\/16\\\/christian-nodal-frena-el-veto-de-universal-music-y-podra-volver-a-cantar-ante-su-publico\\\/\"]}]},{\"@type\":\"ImageObject\",\"inLanguage\":\"es\",\"@id\":\"https:\\\/\\\/fuentesfidedignas.com.mx\\\/index.php\\\/2021\\\/11\\\/16\\\/christian-nodal-frena-el-veto-de-universal-music-y-podra-volver-a-cantar-ante-su-publico\\\/#primaryimage\",\"url\":\"https:\\\/\\\/fuentesfidedignas.com.mx\\\/wp-content\\\/uploads\\\/2021\\\/11\\\/christian-nodal-768x432-1.jpg\",\"contentUrl\":\"https:\\\/\\\/fuentesfidedignas.com.mx\\\/wp-content\\\/uploads\\\/2021\\\/11\\\/christian-nodal-768x432-1.jpg\",\"width\":768,\"height\":432},{\"@type\":\"BreadcrumbList\",\"@id\":\"https:\\\/\\\/fuentesfidedignas.com.mx\\\/index.php\\\/2021\\\/11\\\/16\\\/christian-nodal-frena-el-veto-de-universal-music-y-podra-volver-a-cantar-ante-su-publico\\\/#breadcrumb\",\"itemListElement\":[{\"@type\":\"ListItem\",\"position\":1,\"name\":\"Inicio\",\"item\":\"https:\\\/\\\/fuentesfidedignas.com.mx\\\/\"},{\"@type\":\"ListItem\",\"position\":2,\"name\":\"Christian Nodal frena el veto de Universal Music y podr\u00e1 volver a cantar ante su p\u00fablico\"}]},{\"@type\":\"WebSite\",\"@id\":\"https:\\\/\\\/fuentesfidedignas.com.mx\\\/#website\",\"url\":\"https:\\\/\\\/fuentesfidedignas.com.mx\\\/\",\"name\":\"Fuentes Fidedignas\",\"description\":\"Otro sitio realizado con WordPress\",\"publisher\":{\"@id\":\"https:\\\/\\\/fuentesfidedignas.com.mx\\\/#organization\"},\"potentialAction\":[{\"@type\":\"SearchAction\",\"target\":{\"@type\":\"EntryPoint\",\"urlTemplate\":\"https:\\\/\\\/fuentesfidedignas.com.mx\\\/?s={search_term_string}\"},\"query-input\":{\"@type\":\"PropertyValueSpecification\",\"valueRequired\":true,\"valueName\":\"search_term_string\"}}],\"inLanguage\":\"es\"},{\"@type\":\"Organization\",\"@id\":\"https:\\\/\\\/fuentesfidedignas.com.mx\\\/#organization\",\"name\":\"Fuentes Fidedignas\",\"url\":\"https:\\\/\\\/fuentesfidedignas.com.mx\\\/\",\"logo\":{\"@type\":\"ImageObject\",\"inLanguage\":\"es\",\"@id\":\"https:\\\/\\\/fuentesfidedignas.com.mx\\\/#\\\/schema\\\/logo\\\/image\\\/\",\"url\":\"https:\\\/\\\/fuentesfidedignas.com.mx\\\/wp-content\\\/uploads\\\/2021\\\/04\\\/logo-retina.png\",\"contentUrl\":\"https:\\\/\\\/fuentesfidedignas.com.mx\\\/wp-content\\\/uploads\\\/2021\\\/04\\\/logo-retina.png\",\"width\":280,\"height\":51,\"caption\":\"Fuentes Fidedignas\"},\"image\":{\"@id\":\"https:\\\/\\\/fuentesfidedignas.com.mx\\\/#\\\/schema\\\/logo\\\/image\\\/\"},\"sameAs\":[\"https:\\\/\\\/www.facebook.com\\\/Fuentes-Fidedignas-368234489921644\",\"https:\\\/\\\/x.com\\\/fidedignas\"]},{\"@type\":\"Person\",\"@id\":\"https:\\\/\\\/fuentesfidedignas.com.mx\\\/#\\\/schema\\\/person\\\/5623d53fe2e579d825b1679734abcc44\",\"name\":\"Forbes\",\"image\":{\"@type\":\"ImageObject\",\"inLanguage\":\"es\",\"@id\":\"https:\\\/\\\/secure.gravatar.com\\\/avatar\\\/87ce3dd4e41e60c22a79c758614f01a6bc2469255fc936ec7b15efb9bb5cb66f?s=96&d=mm&r=g\",\"url\":\"https:\\\/\\\/secure.gravatar.com\\\/avatar\\\/87ce3dd4e41e60c22a79c758614f01a6bc2469255fc936ec7b15efb9bb5cb66f?s=96&d=mm&r=g\",\"contentUrl\":\"https:\\\/\\\/secure.gravatar.com\\\/avatar\\\/87ce3dd4e41e60c22a79c758614f01a6bc2469255fc936ec7b15efb9bb5cb66f?s=96&d=mm&r=g\",\"caption\":\"Forbes\"},\"url\":\"https:\\\/\\\/fuentesfidedignas.com.mx\\\/index.php\\\/author\\\/forbes\\\/\"}]}<\/script>\n<!-- \/ Yoast SEO plugin. -->","yoast_head_json":{"title":"Christian Nodal frena el veto de Universal Music y podr\u00e1 volver a cantar ante su p\u00fablico - Fuentes Fidedignas","robots":{"index":"index","follow":"follow","max-snippet":"max-snippet:-1","max-image-preview":"max-image-preview:large","max-video-preview":"max-video-preview:-1"},"canonical":"https:\/\/fuentesfidedignas.com.mx\/index.php\/2021\/11\/16\/christian-nodal-frena-el-veto-de-universal-music-y-podra-volver-a-cantar-ante-su-publico\/","og_locale":"es_MX","og_type":"article","og_title":"Christian Nodal frena el veto de Universal Music y podr\u00e1 volver a cantar ante su p\u00fablico - Fuentes Fidedignas","og_description":"Fren\u00f3 el veto de Universal Music y su representante legal, Ulrich Richter Morales, por lo que podr\u00e1 volver a cantar ante su p\u00fablico Ciudad de M\u00e9xico. Christian Nodal, el cantante mexicano de 22 a\u00f1os de m\u00fasica regional, obtuvo una suspensi\u00f3n contra el veto en su contra que hab\u00edan logrado Universal Music y su representante legal, [&hellip;]","og_url":"https:\/\/fuentesfidedignas.com.mx\/index.php\/2021\/11\/16\/christian-nodal-frena-el-veto-de-universal-music-y-podra-volver-a-cantar-ante-su-publico\/","og_site_name":"Fuentes Fidedignas","article_publisher":"https:\/\/www.facebook.com\/Fuentes-Fidedignas-368234489921644","article_published_time":"2021-11-16T13:39:34+00:00","article_modified_time":"2021-11-16T13:39:36+00:00","og_image":[{"width":768,"height":432,"url":"https:\/\/fuentesfidedignas.com.mx\/wp-content\/uploads\/2021\/11\/christian-nodal-768x432-1.jpg","type":"image\/jpeg"}],"author":"Forbes","twitter_card":"summary_large_image","twitter_creator":"@fidedignas","twitter_site":"@fidedignas","twitter_misc":{"Escrito por":"Forbes","Tiempo de lectura":"4 minutos"},"schema":{"@context":"https:\/\/schema.org","@graph":[{"@type":"Article","@id":"https:\/\/fuentesfidedignas.com.mx\/index.php\/2021\/11\/16\/christian-nodal-frena-el-veto-de-universal-music-y-podra-volver-a-cantar-ante-su-publico\/#article","isPartOf":{"@id":"https:\/\/fuentesfidedignas.com.mx\/index.php\/2021\/11\/16\/christian-nodal-frena-el-veto-de-universal-music-y-podra-volver-a-cantar-ante-su-publico\/"},"author":{"name":"Forbes","@id":"https:\/\/fuentesfidedignas.com.mx\/#\/schema\/person\/5623d53fe2e579d825b1679734abcc44"},"headline":"Christian Nodal frena el veto de Universal Music y podr\u00e1 volver a cantar ante su p\u00fablico","datePublished":"2021-11-16T13:39:34+00:00","dateModified":"2021-11-16T13:39:36+00:00","mainEntityOfPage":{"@id":"https:\/\/fuentesfidedignas.com.mx\/index.php\/2021\/11\/16\/christian-nodal-frena-el-veto-de-universal-music-y-podra-volver-a-cantar-ante-su-publico\/"},"wordCount":923,"commentCount":0,"publisher":{"@id":"https:\/\/fuentesfidedignas.com.mx\/#organization"},"image":{"@id":"https:\/\/fuentesfidedignas.com.mx\/index.php\/2021\/11\/16\/christian-nodal-frena-el-veto-de-universal-music-y-podra-volver-a-cantar-ante-su-publico\/#primaryimage"},"thumbnailUrl":"https:\/\/fuentesfidedignas.com.mx\/wp-content\/uploads\/2021\/11\/christian-nodal-768x432-1.jpg","articleSection":["NOTICIAS NACIONALES"],"inLanguage":"es","potentialAction":[{"@type":"CommentAction","name":"Comment","target":["https:\/\/fuentesfidedignas.com.mx\/index.php\/2021\/11\/16\/christian-nodal-frena-el-veto-de-universal-music-y-podra-volver-a-cantar-ante-su-publico\/#respond"]}]},{"@type":"WebPage","@id":"https:\/\/fuentesfidedignas.com.mx\/index.php\/2021\/11\/16\/christian-nodal-frena-el-veto-de-universal-music-y-podra-volver-a-cantar-ante-su-publico\/","url":"https:\/\/fuentesfidedignas.com.mx\/index.php\/2021\/11\/16\/christian-nodal-frena-el-veto-de-universal-music-y-podra-volver-a-cantar-ante-su-publico\/","name":"Christian Nodal frena el veto de Universal Music y podr\u00e1 volver a cantar ante su p\u00fablico - Fuentes Fidedignas","isPartOf":{"@id":"https:\/\/fuentesfidedignas.com.mx\/#website"},"primaryImageOfPage":{"@id":"https:\/\/fuentesfidedignas.com.mx\/index.php\/2021\/11\/16\/christian-nodal-frena-el-veto-de-universal-music-y-podra-volver-a-cantar-ante-su-publico\/#primaryimage"},"image":{"@id":"https:\/\/fuentesfidedignas.com.mx\/index.php\/2021\/11\/16\/christian-nodal-frena-el-veto-de-universal-music-y-podra-volver-a-cantar-ante-su-publico\/#primaryimage"},"thumbnailUrl":"https:\/\/fuentesfidedignas.com.mx\/wp-content\/uploads\/2021\/11\/christian-nodal-768x432-1.jpg","datePublished":"2021-11-16T13:39:34+00:00","dateModified":"2021-11-16T13:39:36+00:00","breadcrumb":{"@id":"https:\/\/fuentesfidedignas.com.mx\/index.php\/2021\/11\/16\/christian-nodal-frena-el-veto-de-universal-music-y-podra-volver-a-cantar-ante-su-publico\/#breadcrumb"},"inLanguage":"es","potentialAction":[{"@type":"ReadAction","target":["https:\/\/fuentesfidedignas.com.mx\/index.php\/2021\/11\/16\/christian-nodal-frena-el-veto-de-universal-music-y-podra-volver-a-cantar-ante-su-publico\/"]}]},{"@type":"ImageObject","inLanguage":"es","@id":"https:\/\/fuentesfidedignas.com.mx\/index.php\/2021\/11\/16\/christian-nodal-frena-el-veto-de-universal-music-y-podra-volver-a-cantar-ante-su-publico\/#primaryimage","url":"https:\/\/fuentesfidedignas.com.mx\/wp-content\/uploads\/2021\/11\/christian-nodal-768x432-1.jpg","contentUrl":"https:\/\/fuentesfidedignas.com.mx\/wp-content\/uploads\/2021\/11\/christian-nodal-768x432-1.jpg","width":768,"height":432},{"@type":"BreadcrumbList","@id":"https:\/\/fuentesfidedignas.com.mx\/index.php\/2021\/11\/16\/christian-nodal-frena-el-veto-de-universal-music-y-podra-volver-a-cantar-ante-su-publico\/#breadcrumb","itemListElement":[{"@type":"ListItem","position":1,"name":"Inicio","item":"https:\/\/fuentesfidedignas.com.mx\/"},{"@type":"ListItem","position":2,"name":"Christian Nodal frena el veto de Universal Music y podr\u00e1 volver a cantar ante su p\u00fablico"}]},{"@type":"WebSite","@id":"https:\/\/fuentesfidedignas.com.mx\/#website","url":"https:\/\/fuentesfidedignas.com.mx\/","name":"Fuentes Fidedignas","description":"Otro sitio realizado con WordPress","publisher":{"@id":"https:\/\/fuentesfidedignas.com.mx\/#organization"},"potentialAction":[{"@type":"SearchAction","target":{"@type":"EntryPoint","urlTemplate":"https:\/\/fuentesfidedignas.com.mx\/?s={search_term_string}"},"query-input":{"@type":"PropertyValueSpecification","valueRequired":true,"valueName":"search_term_string"}}],"inLanguage":"es"},{"@type":"Organization","@id":"https:\/\/fuentesfidedignas.com.mx\/#organization","name":"Fuentes Fidedignas","url":"https:\/\/fuentesfidedignas.com.mx\/","logo":{"@type":"ImageObject","inLanguage":"es","@id":"https:\/\/fuentesfidedignas.com.mx\/#\/schema\/logo\/image\/","url":"https:\/\/fuentesfidedignas.com.mx\/wp-content\/uploads\/2021\/04\/logo-retina.png","contentUrl":"https:\/\/fuentesfidedignas.com.mx\/wp-content\/uploads\/2021\/04\/logo-retina.png","width":280,"height":51,"caption":"Fuentes Fidedignas"},"image":{"@id":"https:\/\/fuentesfidedignas.com.mx\/#\/schema\/logo\/image\/"},"sameAs":["https:\/\/www.facebook.com\/Fuentes-Fidedignas-368234489921644","https:\/\/x.com\/fidedignas"]},{"@type":"Person","@id":"https:\/\/fuentesfidedignas.com.mx\/#\/schema\/person\/5623d53fe2e579d825b1679734abcc44","name":"Forbes","image":{"@type":"ImageObject","inLanguage":"es","@id":"https:\/\/secure.gravatar.com\/avatar\/87ce3dd4e41e60c22a79c758614f01a6bc2469255fc936ec7b15efb9bb5cb66f?s=96&d=mm&r=g","url":"https:\/\/secure.gravatar.com\/avatar\/87ce3dd4e41e60c22a79c758614f01a6bc2469255fc936ec7b15efb9bb5cb66f?s=96&d=mm&r=g","contentUrl":"https:\/\/secure.gravatar.com\/avatar\/87ce3dd4e41e60c22a79c758614f01a6bc2469255fc936ec7b15efb9bb5cb66f?s=96&d=mm&r=g","caption":"Forbes"},"url":"https:\/\/fuentesfidedignas.com.mx\/index.php\/author\/forbes\/"}]}},"_links":{"self":[{"href":"https:\/\/fuentesfidedignas.com.mx\/index.php\/wp-json\/wp\/v2\/posts\/17568","targetHints":{"allow":["GET"]}}],"collection":[{"href":"https:\/\/fuentesfidedignas.com.mx\/index.php\/wp-json\/wp\/v2\/posts"}],"about":[{"href":"https:\/\/fuentesfidedignas.com.mx\/index.php\/wp-json\/wp\/v2\/types\/post"}],"author":[{"embeddable":true,"href":"https:\/\/fuentesfidedignas.com.mx\/index.php\/wp-json\/wp\/v2\/users\/5"}],"replies":[{"embeddable":true,"href":"https:\/\/fuentesfidedignas.com.mx\/index.php\/wp-json\/wp\/v2\/comments?post=17568"}],"version-history":[{"count":1,"href":"https:\/\/fuentesfidedignas.com.mx\/index.php\/wp-json\/wp\/v2\/posts\/17568\/revisions"}],"predecessor-version":[{"id":17570,"href":"https:\/\/fuentesfidedignas.com.mx\/index.php\/wp-json\/wp\/v2\/posts\/17568\/revisions\/17570"}],"wp:featuredmedia":[{"embeddable":true,"href":"https:\/\/fuentesfidedignas.com.mx\/index.php\/wp-json\/wp\/v2\/media\/17569"}],"wp:attachment":[{"href":"https:\/\/fuentesfidedignas.com.mx\/index.php\/wp-json\/wp\/v2\/media?parent=17568"}],"wp:term":[{"taxonomy":"category","embeddable":true,"href":"https:\/\/fuentesfidedignas.com.mx\/index.php\/wp-json\/wp\/v2\/categories?post=17568"},{"taxonomy":"post_tag","embeddable":true,"href":"https:\/\/fuentesfidedignas.com.mx\/index.php\/wp-json\/wp\/v2\/tags?post=17568"}],"curies":[{"name":"wp","href":"https:\/\/api.w.org\/{rel}","templated":true}]}}