{"id":17298,"date":"2021-11-12T10:11:27","date_gmt":"2021-11-12T17:11:27","guid":{"rendered":"https:\/\/fuentesfidedignas.com.mx\/?p=17298"},"modified":"2021-11-12T10:11:29","modified_gmt":"2021-11-12T17:11:29","slug":"sonora-segundo-lugar-en-feminicidios-y-septimo-en-homicidios-dolosos-en-el-pais","status":"publish","type":"post","link":"https:\/\/fuentesfidedignas.com.mx\/index.php\/2021\/11\/12\/sonora-segundo-lugar-en-feminicidios-y-septimo-en-homicidios-dolosos-en-el-pais\/","title":{"rendered":"Sonora, segundo lugar en feminicidios y s\u00e9ptimo en homicidios dolosos en el pa\u00eds"},"content":{"rendered":"\n<p><br><strong><em><br>El gobernador de Sonora, Alfonso Durazo, tambi\u00e9n dijo que lo es pol\u00edticamente se lo debe a L\u00f3pez Obrador y a la cuarta transformaci\u00f3n<\/em><\/strong>.<br><br>Ciudad de M\u00e9xico. El gobernador de Sonora, Alfonso Durazo, revel\u00f3 que el estado es el segundo lugar en feminicidios en el pa\u00eds, el s\u00e9ptimo en homicidios dolosos y el d\u00e9cimo sexto lugar en violencia familiar.<\/p>\n\n\n\n<p>Durante la conferencia matutina del presidente Andr\u00e9s Manuel L\u00f3pez Obrador realizada en Sonora, Durazo se\u00f1al\u00f3 que el feminicidio es uno de los grandes retos en su administraci\u00f3n.<\/p>\n\n\n\n<p>El extitular de la Secretar\u00eda de Seguridad y Protecci\u00f3n Ciudadana se\u00f1al\u00f3 que Sonora ocupa el lugar 26 en cantidad de elementos de la polic\u00eda estatal, porque desde 2015 no ha crecido, por lo tanto, se comprometi\u00f3 a que al final de su administraci\u00f3n habr\u00e1 4 mil elementos.<\/p>\n\n\n\n<p>\u201cEl presidente ha dado la instrucci\u00f3n de fortalecer la presencia de la Guardia Nacional para que los recursos que est\u00e1bamos programando destinar este a\u00f1o para duplicar el estado de fuerza de la polic\u00eda estatal, lo destinemos a preparar a los elementos actuales y que la Guardia Nacional crezca en presencia para cumplir con lo que atender\u00edan los elementos adicionales\u201d, inform\u00f3 el gobernador.<\/p>\n\n\n\n<p>Mientras, el titular de la Secretar\u00eda de la Defensa Nacional (Sedena), Luis Crescencio Sandoval Gonz\u00e1lez, coment\u00f3 que Sonora ocupa el s\u00e9ptimo lugar, a nivel nacional, en delitos de alto impacto como el homicidio doloso.<\/p>\n\n\n\n<p>El funcionario mencion\u00f3 que los delitos que van a la baja son el secuestro, que tiene el 27 lugar; el robo de veh\u00edculos, con el lugar 20.<\/p>\n\n\n\n<p>Los delitos que van al alza son las extorsiones, que est\u00e1n en el lugar 25 a nivel nacional; robo a casa habitaci\u00f3n, que est\u00e1 en el 22; el robo simple, en lugar 20; homicidio doloso, en el lugar 7.<\/p>\n\n\n\n<p>En homicidios dolosos van 1,207 en lo que va del a\u00f1o; robo de veh\u00edculos, 1,106; extorsiones, 62; trata de personas, 1; robo a casa habitaci\u00f3n, 814; robo de transporte, 38. Total de delitos de alto impacto van 13,910, cuando el a\u00f1o pasado fueron 16,025.<\/p>\n\n\n\n<p>Hermosillo, Cajeme, San Luis R\u00edo Colorado, Caborca y Nogales son los municipios de mayor incidencia delictiva en la presente administraci\u00f3n, pues en ellos se concentra 68% de los il\u00edcitos.<\/p>\n\n\n\n<p><strong>Todo lo que somos pol\u00edticamente se lo debo a usted: Durazo a AMLO<\/strong><\/p>\n\n\n\n<p>Durante la conferencia del presidente Andr\u00e9s Manuel L\u00f3pez Obrador en Sonora, el actual gobernador Alfonso Durazo le agradeci\u00f3 al mandatario federal su visita y prometi\u00f3 no fallarle.<\/p>\n","protected":false},"excerpt":{"rendered":"<p>El gobernador de Sonora, Alfonso Durazo, tambi\u00e9n dijo que lo es pol\u00edticamente se lo debe a L\u00f3pez Obrador y a la cuarta transformaci\u00f3n. Ciudad de M\u00e9xico. El gobernador de Sonora, Alfonso Durazo, revel\u00f3 que el estado es el segundo lugar en feminicidios en el pa\u00eds, el s\u00e9ptimo en homicidios dolosos y el d\u00e9cimo sexto lugar [&hellip;]<\/p>\n","protected":false},"author":5,"featured_media":17299,"comment_status":"open","ping_status":"open","sticky":false,"template":"","format":"standard","meta":{"tdm_status":"","tdm_grid_status":"","footnotes":""},"categories":[39],"tags":[],"class_list":{"0":"post-17298","1":"post","2":"type-post","3":"status-publish","4":"format-standard","5":"has-post-thumbnail","7":"category-noticias-nacionales"},"yoast_head":"<!-- This site is optimized with the Yoast SEO plugin v27.5 - https:\/\/yoast.com\/product\/yoast-seo-wordpress\/ -->\n<title>Sonora, segundo lugar en feminicidios y s\u00e9ptimo en homicidios dolosos en el pa\u00eds - Fuentes Fidedignas<\/title>\n<meta name=\"robots\" content=\"index, follow, max-snippet:-1, max-image-preview:large, max-video-preview:-1\" \/>\n<link rel=\"canonical\" href=\"https:\/\/fuentesfidedignas.com.mx\/index.php\/2021\/11\/12\/sonora-segundo-lugar-en-feminicidios-y-septimo-en-homicidios-dolosos-en-el-pais\/\" \/>\n<meta property=\"og:locale\" content=\"es_MX\" \/>\n<meta property=\"og:type\" content=\"article\" \/>\n<meta property=\"og:title\" content=\"Sonora, segundo lugar en feminicidios y s\u00e9ptimo en homicidios dolosos en el pa\u00eds - Fuentes Fidedignas\" \/>\n<meta property=\"og:description\" content=\"El gobernador de Sonora, Alfonso Durazo, tambi\u00e9n dijo que lo es pol\u00edticamente se lo debe a L\u00f3pez Obrador y a la cuarta transformaci\u00f3n. Ciudad de M\u00e9xico. El gobernador de Sonora, Alfonso Durazo, revel\u00f3 que el estado es el segundo lugar en feminicidios en el pa\u00eds, el s\u00e9ptimo en homicidios dolosos y el d\u00e9cimo sexto lugar [&hellip;]\" \/>\n<meta property=\"og:url\" content=\"https:\/\/fuentesfidedignas.com.mx\/index.php\/2021\/11\/12\/sonora-segundo-lugar-en-feminicidios-y-septimo-en-homicidios-dolosos-en-el-pais\/\" \/>\n<meta property=\"og:site_name\" content=\"Fuentes Fidedignas\" \/>\n<meta property=\"article:publisher\" content=\"https:\/\/www.facebook.com\/Fuentes-Fidedignas-368234489921644\" \/>\n<meta property=\"article:published_time\" content=\"2021-11-12T17:11:27+00:00\" \/>\n<meta property=\"article:modified_time\" content=\"2021-11-12T17:11:29+00:00\" \/>\n<meta property=\"og:image\" content=\"https:\/\/fuentesfidedignas.com.mx\/wp-content\/uploads\/2021\/11\/amlo-2-640x360-1.jpg\" \/>\n\t<meta property=\"og:image:width\" content=\"640\" \/>\n\t<meta property=\"og:image:height\" content=\"360\" \/>\n\t<meta property=\"og:image:type\" content=\"image\/jpeg\" \/>\n<meta name=\"author\" content=\"Forbes\" \/>\n<meta name=\"twitter:card\" content=\"summary_large_image\" \/>\n<meta name=\"twitter:creator\" content=\"@fidedignas\" \/>\n<meta name=\"twitter:site\" content=\"@fidedignas\" \/>\n<meta name=\"twitter:label1\" content=\"Escrito por\" \/>\n\t<meta name=\"twitter:data1\" content=\"Forbes\" \/>\n\t<meta name=\"twitter:label2\" content=\"Tiempo de lectura\" \/>\n\t<meta name=\"twitter:data2\" content=\"2 minutos\" \/>\n<script type=\"application\/ld+json\" class=\"yoast-schema-graph\">{\"@context\":\"https:\\\/\\\/schema.org\",\"@graph\":[{\"@type\":\"Article\",\"@id\":\"https:\\\/\\\/fuentesfidedignas.com.mx\\\/index.php\\\/2021\\\/11\\\/12\\\/sonora-segundo-lugar-en-feminicidios-y-septimo-en-homicidios-dolosos-en-el-pais\\\/#article\",\"isPartOf\":{\"@id\":\"https:\\\/\\\/fuentesfidedignas.com.mx\\\/index.php\\\/2021\\\/11\\\/12\\\/sonora-segundo-lugar-en-feminicidios-y-septimo-en-homicidios-dolosos-en-el-pais\\\/\"},\"author\":{\"name\":\"Forbes\",\"@id\":\"https:\\\/\\\/fuentesfidedignas.com.mx\\\/#\\\/schema\\\/person\\\/5623d53fe2e579d825b1679734abcc44\"},\"headline\":\"Sonora, segundo lugar en feminicidios y s\u00e9ptimo en homicidios dolosos en el pa\u00eds\",\"datePublished\":\"2021-11-12T17:11:27+00:00\",\"dateModified\":\"2021-11-12T17:11:29+00:00\",\"mainEntityOfPage\":{\"@id\":\"https:\\\/\\\/fuentesfidedignas.com.mx\\\/index.php\\\/2021\\\/11\\\/12\\\/sonora-segundo-lugar-en-feminicidios-y-septimo-en-homicidios-dolosos-en-el-pais\\\/\"},\"wordCount\":442,\"commentCount\":0,\"publisher\":{\"@id\":\"https:\\\/\\\/fuentesfidedignas.com.mx\\\/#organization\"},\"image\":{\"@id\":\"https:\\\/\\\/fuentesfidedignas.com.mx\\\/index.php\\\/2021\\\/11\\\/12\\\/sonora-segundo-lugar-en-feminicidios-y-septimo-en-homicidios-dolosos-en-el-pais\\\/#primaryimage\"},\"thumbnailUrl\":\"https:\\\/\\\/fuentesfidedignas.com.mx\\\/wp-content\\\/uploads\\\/2021\\\/11\\\/amlo-2-640x360-1.jpg\",\"articleSection\":[\"NOTICIAS NACIONALES\"],\"inLanguage\":\"es\",\"potentialAction\":[{\"@type\":\"CommentAction\",\"name\":\"Comment\",\"target\":[\"https:\\\/\\\/fuentesfidedignas.com.mx\\\/index.php\\\/2021\\\/11\\\/12\\\/sonora-segundo-lugar-en-feminicidios-y-septimo-en-homicidios-dolosos-en-el-pais\\\/#respond\"]}]},{\"@type\":\"WebPage\",\"@id\":\"https:\\\/\\\/fuentesfidedignas.com.mx\\\/index.php\\\/2021\\\/11\\\/12\\\/sonora-segundo-lugar-en-feminicidios-y-septimo-en-homicidios-dolosos-en-el-pais\\\/\",\"url\":\"https:\\\/\\\/fuentesfidedignas.com.mx\\\/index.php\\\/2021\\\/11\\\/12\\\/sonora-segundo-lugar-en-feminicidios-y-septimo-en-homicidios-dolosos-en-el-pais\\\/\",\"name\":\"Sonora, segundo lugar en feminicidios y s\u00e9ptimo en homicidios dolosos en el pa\u00eds - Fuentes Fidedignas\",\"isPartOf\":{\"@id\":\"https:\\\/\\\/fuentesfidedignas.com.mx\\\/#website\"},\"primaryImageOfPage\":{\"@id\":\"https:\\\/\\\/fuentesfidedignas.com.mx\\\/index.php\\\/2021\\\/11\\\/12\\\/sonora-segundo-lugar-en-feminicidios-y-septimo-en-homicidios-dolosos-en-el-pais\\\/#primaryimage\"},\"image\":{\"@id\":\"https:\\\/\\\/fuentesfidedignas.com.mx\\\/index.php\\\/2021\\\/11\\\/12\\\/sonora-segundo-lugar-en-feminicidios-y-septimo-en-homicidios-dolosos-en-el-pais\\\/#primaryimage\"},\"thumbnailUrl\":\"https:\\\/\\\/fuentesfidedignas.com.mx\\\/wp-content\\\/uploads\\\/2021\\\/11\\\/amlo-2-640x360-1.jpg\",\"datePublished\":\"2021-11-12T17:11:27+00:00\",\"dateModified\":\"2021-11-12T17:11:29+00:00\",\"breadcrumb\":{\"@id\":\"https:\\\/\\\/fuentesfidedignas.com.mx\\\/index.php\\\/2021\\\/11\\\/12\\\/sonora-segundo-lugar-en-feminicidios-y-septimo-en-homicidios-dolosos-en-el-pais\\\/#breadcrumb\"},\"inLanguage\":\"es\",\"potentialAction\":[{\"@type\":\"ReadAction\",\"target\":[\"https:\\\/\\\/fuentesfidedignas.com.mx\\\/index.php\\\/2021\\\/11\\\/12\\\/sonora-segundo-lugar-en-feminicidios-y-septimo-en-homicidios-dolosos-en-el-pais\\\/\"]}]},{\"@type\":\"ImageObject\",\"inLanguage\":\"es\",\"@id\":\"https:\\\/\\\/fuentesfidedignas.com.mx\\\/index.php\\\/2021\\\/11\\\/12\\\/sonora-segundo-lugar-en-feminicidios-y-septimo-en-homicidios-dolosos-en-el-pais\\\/#primaryimage\",\"url\":\"https:\\\/\\\/fuentesfidedignas.com.mx\\\/wp-content\\\/uploads\\\/2021\\\/11\\\/amlo-2-640x360-1.jpg\",\"contentUrl\":\"https:\\\/\\\/fuentesfidedignas.com.mx\\\/wp-content\\\/uploads\\\/2021\\\/11\\\/amlo-2-640x360-1.jpg\",\"width\":640,\"height\":360},{\"@type\":\"BreadcrumbList\",\"@id\":\"https:\\\/\\\/fuentesfidedignas.com.mx\\\/index.php\\\/2021\\\/11\\\/12\\\/sonora-segundo-lugar-en-feminicidios-y-septimo-en-homicidios-dolosos-en-el-pais\\\/#breadcrumb\",\"itemListElement\":[{\"@type\":\"ListItem\",\"position\":1,\"name\":\"Inicio\",\"item\":\"https:\\\/\\\/fuentesfidedignas.com.mx\\\/\"},{\"@type\":\"ListItem\",\"position\":2,\"name\":\"Sonora, segundo lugar en feminicidios y s\u00e9ptimo en homicidios dolosos en el pa\u00eds\"}]},{\"@type\":\"WebSite\",\"@id\":\"https:\\\/\\\/fuentesfidedignas.com.mx\\\/#website\",\"url\":\"https:\\\/\\\/fuentesfidedignas.com.mx\\\/\",\"name\":\"Fuentes Fidedignas\",\"description\":\"Otro sitio realizado con WordPress\",\"publisher\":{\"@id\":\"https:\\\/\\\/fuentesfidedignas.com.mx\\\/#organization\"},\"potentialAction\":[{\"@type\":\"SearchAction\",\"target\":{\"@type\":\"EntryPoint\",\"urlTemplate\":\"https:\\\/\\\/fuentesfidedignas.com.mx\\\/?s={search_term_string}\"},\"query-input\":{\"@type\":\"PropertyValueSpecification\",\"valueRequired\":true,\"valueName\":\"search_term_string\"}}],\"inLanguage\":\"es\"},{\"@type\":\"Organization\",\"@id\":\"https:\\\/\\\/fuentesfidedignas.com.mx\\\/#organization\",\"name\":\"Fuentes Fidedignas\",\"url\":\"https:\\\/\\\/fuentesfidedignas.com.mx\\\/\",\"logo\":{\"@type\":\"ImageObject\",\"inLanguage\":\"es\",\"@id\":\"https:\\\/\\\/fuentesfidedignas.com.mx\\\/#\\\/schema\\\/logo\\\/image\\\/\",\"url\":\"https:\\\/\\\/fuentesfidedignas.com.mx\\\/wp-content\\\/uploads\\\/2021\\\/04\\\/logo-retina.png\",\"contentUrl\":\"https:\\\/\\\/fuentesfidedignas.com.mx\\\/wp-content\\\/uploads\\\/2021\\\/04\\\/logo-retina.png\",\"width\":280,\"height\":51,\"caption\":\"Fuentes Fidedignas\"},\"image\":{\"@id\":\"https:\\\/\\\/fuentesfidedignas.com.mx\\\/#\\\/schema\\\/logo\\\/image\\\/\"},\"sameAs\":[\"https:\\\/\\\/www.facebook.com\\\/Fuentes-Fidedignas-368234489921644\",\"https:\\\/\\\/x.com\\\/fidedignas\"]},{\"@type\":\"Person\",\"@id\":\"https:\\\/\\\/fuentesfidedignas.com.mx\\\/#\\\/schema\\\/person\\\/5623d53fe2e579d825b1679734abcc44\",\"name\":\"Forbes\",\"image\":{\"@type\":\"ImageObject\",\"inLanguage\":\"es\",\"@id\":\"https:\\\/\\\/secure.gravatar.com\\\/avatar\\\/87ce3dd4e41e60c22a79c758614f01a6bc2469255fc936ec7b15efb9bb5cb66f?s=96&d=mm&r=g\",\"url\":\"https:\\\/\\\/secure.gravatar.com\\\/avatar\\\/87ce3dd4e41e60c22a79c758614f01a6bc2469255fc936ec7b15efb9bb5cb66f?s=96&d=mm&r=g\",\"contentUrl\":\"https:\\\/\\\/secure.gravatar.com\\\/avatar\\\/87ce3dd4e41e60c22a79c758614f01a6bc2469255fc936ec7b15efb9bb5cb66f?s=96&d=mm&r=g\",\"caption\":\"Forbes\"},\"url\":\"https:\\\/\\\/fuentesfidedignas.com.mx\\\/index.php\\\/author\\\/forbes\\\/\"}]}<\/script>\n<!-- \/ Yoast SEO plugin. -->","yoast_head_json":{"title":"Sonora, segundo lugar en feminicidios y s\u00e9ptimo en homicidios dolosos en el pa\u00eds - Fuentes Fidedignas","robots":{"index":"index","follow":"follow","max-snippet":"max-snippet:-1","max-image-preview":"max-image-preview:large","max-video-preview":"max-video-preview:-1"},"canonical":"https:\/\/fuentesfidedignas.com.mx\/index.php\/2021\/11\/12\/sonora-segundo-lugar-en-feminicidios-y-septimo-en-homicidios-dolosos-en-el-pais\/","og_locale":"es_MX","og_type":"article","og_title":"Sonora, segundo lugar en feminicidios y s\u00e9ptimo en homicidios dolosos en el pa\u00eds - Fuentes Fidedignas","og_description":"El gobernador de Sonora, Alfonso Durazo, tambi\u00e9n dijo que lo es pol\u00edticamente se lo debe a L\u00f3pez Obrador y a la cuarta transformaci\u00f3n. Ciudad de M\u00e9xico. El gobernador de Sonora, Alfonso Durazo, revel\u00f3 que el estado es el segundo lugar en feminicidios en el pa\u00eds, el s\u00e9ptimo en homicidios dolosos y el d\u00e9cimo sexto lugar [&hellip;]","og_url":"https:\/\/fuentesfidedignas.com.mx\/index.php\/2021\/11\/12\/sonora-segundo-lugar-en-feminicidios-y-septimo-en-homicidios-dolosos-en-el-pais\/","og_site_name":"Fuentes Fidedignas","article_publisher":"https:\/\/www.facebook.com\/Fuentes-Fidedignas-368234489921644","article_published_time":"2021-11-12T17:11:27+00:00","article_modified_time":"2021-11-12T17:11:29+00:00","og_image":[{"width":640,"height":360,"url":"https:\/\/fuentesfidedignas.com.mx\/wp-content\/uploads\/2021\/11\/amlo-2-640x360-1.jpg","type":"image\/jpeg"}],"author":"Forbes","twitter_card":"summary_large_image","twitter_creator":"@fidedignas","twitter_site":"@fidedignas","twitter_misc":{"Escrito por":"Forbes","Tiempo de lectura":"2 minutos"},"schema":{"@context":"https:\/\/schema.org","@graph":[{"@type":"Article","@id":"https:\/\/fuentesfidedignas.com.mx\/index.php\/2021\/11\/12\/sonora-segundo-lugar-en-feminicidios-y-septimo-en-homicidios-dolosos-en-el-pais\/#article","isPartOf":{"@id":"https:\/\/fuentesfidedignas.com.mx\/index.php\/2021\/11\/12\/sonora-segundo-lugar-en-feminicidios-y-septimo-en-homicidios-dolosos-en-el-pais\/"},"author":{"name":"Forbes","@id":"https:\/\/fuentesfidedignas.com.mx\/#\/schema\/person\/5623d53fe2e579d825b1679734abcc44"},"headline":"Sonora, segundo lugar en feminicidios y s\u00e9ptimo en homicidios dolosos en el pa\u00eds","datePublished":"2021-11-12T17:11:27+00:00","dateModified":"2021-11-12T17:11:29+00:00","mainEntityOfPage":{"@id":"https:\/\/fuentesfidedignas.com.mx\/index.php\/2021\/11\/12\/sonora-segundo-lugar-en-feminicidios-y-septimo-en-homicidios-dolosos-en-el-pais\/"},"wordCount":442,"commentCount":0,"publisher":{"@id":"https:\/\/fuentesfidedignas.com.mx\/#organization"},"image":{"@id":"https:\/\/fuentesfidedignas.com.mx\/index.php\/2021\/11\/12\/sonora-segundo-lugar-en-feminicidios-y-septimo-en-homicidios-dolosos-en-el-pais\/#primaryimage"},"thumbnailUrl":"https:\/\/fuentesfidedignas.com.mx\/wp-content\/uploads\/2021\/11\/amlo-2-640x360-1.jpg","articleSection":["NOTICIAS NACIONALES"],"inLanguage":"es","potentialAction":[{"@type":"CommentAction","name":"Comment","target":["https:\/\/fuentesfidedignas.com.mx\/index.php\/2021\/11\/12\/sonora-segundo-lugar-en-feminicidios-y-septimo-en-homicidios-dolosos-en-el-pais\/#respond"]}]},{"@type":"WebPage","@id":"https:\/\/fuentesfidedignas.com.mx\/index.php\/2021\/11\/12\/sonora-segundo-lugar-en-feminicidios-y-septimo-en-homicidios-dolosos-en-el-pais\/","url":"https:\/\/fuentesfidedignas.com.mx\/index.php\/2021\/11\/12\/sonora-segundo-lugar-en-feminicidios-y-septimo-en-homicidios-dolosos-en-el-pais\/","name":"Sonora, segundo lugar en feminicidios y s\u00e9ptimo en homicidios dolosos en el pa\u00eds - Fuentes Fidedignas","isPartOf":{"@id":"https:\/\/fuentesfidedignas.com.mx\/#website"},"primaryImageOfPage":{"@id":"https:\/\/fuentesfidedignas.com.mx\/index.php\/2021\/11\/12\/sonora-segundo-lugar-en-feminicidios-y-septimo-en-homicidios-dolosos-en-el-pais\/#primaryimage"},"image":{"@id":"https:\/\/fuentesfidedignas.com.mx\/index.php\/2021\/11\/12\/sonora-segundo-lugar-en-feminicidios-y-septimo-en-homicidios-dolosos-en-el-pais\/#primaryimage"},"thumbnailUrl":"https:\/\/fuentesfidedignas.com.mx\/wp-content\/uploads\/2021\/11\/amlo-2-640x360-1.jpg","datePublished":"2021-11-12T17:11:27+00:00","dateModified":"2021-11-12T17:11:29+00:00","breadcrumb":{"@id":"https:\/\/fuentesfidedignas.com.mx\/index.php\/2021\/11\/12\/sonora-segundo-lugar-en-feminicidios-y-septimo-en-homicidios-dolosos-en-el-pais\/#breadcrumb"},"inLanguage":"es","potentialAction":[{"@type":"ReadAction","target":["https:\/\/fuentesfidedignas.com.mx\/index.php\/2021\/11\/12\/sonora-segundo-lugar-en-feminicidios-y-septimo-en-homicidios-dolosos-en-el-pais\/"]}]},{"@type":"ImageObject","inLanguage":"es","@id":"https:\/\/fuentesfidedignas.com.mx\/index.php\/2021\/11\/12\/sonora-segundo-lugar-en-feminicidios-y-septimo-en-homicidios-dolosos-en-el-pais\/#primaryimage","url":"https:\/\/fuentesfidedignas.com.mx\/wp-content\/uploads\/2021\/11\/amlo-2-640x360-1.jpg","contentUrl":"https:\/\/fuentesfidedignas.com.mx\/wp-content\/uploads\/2021\/11\/amlo-2-640x360-1.jpg","width":640,"height":360},{"@type":"BreadcrumbList","@id":"https:\/\/fuentesfidedignas.com.mx\/index.php\/2021\/11\/12\/sonora-segundo-lugar-en-feminicidios-y-septimo-en-homicidios-dolosos-en-el-pais\/#breadcrumb","itemListElement":[{"@type":"ListItem","position":1,"name":"Inicio","item":"https:\/\/fuentesfidedignas.com.mx\/"},{"@type":"ListItem","position":2,"name":"Sonora, segundo lugar en feminicidios y s\u00e9ptimo en homicidios dolosos en el pa\u00eds"}]},{"@type":"WebSite","@id":"https:\/\/fuentesfidedignas.com.mx\/#website","url":"https:\/\/fuentesfidedignas.com.mx\/","name":"Fuentes Fidedignas","description":"Otro sitio realizado con WordPress","publisher":{"@id":"https:\/\/fuentesfidedignas.com.mx\/#organization"},"potentialAction":[{"@type":"SearchAction","target":{"@type":"EntryPoint","urlTemplate":"https:\/\/fuentesfidedignas.com.mx\/?s={search_term_string}"},"query-input":{"@type":"PropertyValueSpecification","valueRequired":true,"valueName":"search_term_string"}}],"inLanguage":"es"},{"@type":"Organization","@id":"https:\/\/fuentesfidedignas.com.mx\/#organization","name":"Fuentes Fidedignas","url":"https:\/\/fuentesfidedignas.com.mx\/","logo":{"@type":"ImageObject","inLanguage":"es","@id":"https:\/\/fuentesfidedignas.com.mx\/#\/schema\/logo\/image\/","url":"https:\/\/fuentesfidedignas.com.mx\/wp-content\/uploads\/2021\/04\/logo-retina.png","contentUrl":"https:\/\/fuentesfidedignas.com.mx\/wp-content\/uploads\/2021\/04\/logo-retina.png","width":280,"height":51,"caption":"Fuentes Fidedignas"},"image":{"@id":"https:\/\/fuentesfidedignas.com.mx\/#\/schema\/logo\/image\/"},"sameAs":["https:\/\/www.facebook.com\/Fuentes-Fidedignas-368234489921644","https:\/\/x.com\/fidedignas"]},{"@type":"Person","@id":"https:\/\/fuentesfidedignas.com.mx\/#\/schema\/person\/5623d53fe2e579d825b1679734abcc44","name":"Forbes","image":{"@type":"ImageObject","inLanguage":"es","@id":"https:\/\/secure.gravatar.com\/avatar\/87ce3dd4e41e60c22a79c758614f01a6bc2469255fc936ec7b15efb9bb5cb66f?s=96&d=mm&r=g","url":"https:\/\/secure.gravatar.com\/avatar\/87ce3dd4e41e60c22a79c758614f01a6bc2469255fc936ec7b15efb9bb5cb66f?s=96&d=mm&r=g","contentUrl":"https:\/\/secure.gravatar.com\/avatar\/87ce3dd4e41e60c22a79c758614f01a6bc2469255fc936ec7b15efb9bb5cb66f?s=96&d=mm&r=g","caption":"Forbes"},"url":"https:\/\/fuentesfidedignas.com.mx\/index.php\/author\/forbes\/"}]}},"_links":{"self":[{"href":"https:\/\/fuentesfidedignas.com.mx\/index.php\/wp-json\/wp\/v2\/posts\/17298","targetHints":{"allow":["GET"]}}],"collection":[{"href":"https:\/\/fuentesfidedignas.com.mx\/index.php\/wp-json\/wp\/v2\/posts"}],"about":[{"href":"https:\/\/fuentesfidedignas.com.mx\/index.php\/wp-json\/wp\/v2\/types\/post"}],"author":[{"embeddable":true,"href":"https:\/\/fuentesfidedignas.com.mx\/index.php\/wp-json\/wp\/v2\/users\/5"}],"replies":[{"embeddable":true,"href":"https:\/\/fuentesfidedignas.com.mx\/index.php\/wp-json\/wp\/v2\/comments?post=17298"}],"version-history":[{"count":1,"href":"https:\/\/fuentesfidedignas.com.mx\/index.php\/wp-json\/wp\/v2\/posts\/17298\/revisions"}],"predecessor-version":[{"id":17300,"href":"https:\/\/fuentesfidedignas.com.mx\/index.php\/wp-json\/wp\/v2\/posts\/17298\/revisions\/17300"}],"wp:featuredmedia":[{"embeddable":true,"href":"https:\/\/fuentesfidedignas.com.mx\/index.php\/wp-json\/wp\/v2\/media\/17299"}],"wp:attachment":[{"href":"https:\/\/fuentesfidedignas.com.mx\/index.php\/wp-json\/wp\/v2\/media?parent=17298"}],"wp:term":[{"taxonomy":"category","embeddable":true,"href":"https:\/\/fuentesfidedignas.com.mx\/index.php\/wp-json\/wp\/v2\/categories?post=17298"},{"taxonomy":"post_tag","embeddable":true,"href":"https:\/\/fuentesfidedignas.com.mx\/index.php\/wp-json\/wp\/v2\/tags?post=17298"}],"curies":[{"name":"wp","href":"https:\/\/api.w.org\/{rel}","templated":true}]}}