{"id":17257,"date":"2021-11-11T19:16:48","date_gmt":"2021-11-12T02:16:48","guid":{"rendered":"https:\/\/fuentesfidedignas.com.mx\/?p=17257"},"modified":"2021-11-11T19:17:33","modified_gmt":"2021-11-12T02:17:33","slug":"es-fundamental-dotar-de-mayor-presupuesto-a-la-ciencia-tecnologia-e-innovacion-pri","status":"publish","type":"post","link":"https:\/\/fuentesfidedignas.com.mx\/index.php\/2021\/11\/11\/es-fundamental-dotar-de-mayor-presupuesto-a-la-ciencia-tecnologia-e-innovacion-pri\/","title":{"rendered":"Es fundamental dotar de mayor presupuesto a la ciencia, tecnolog\u00eda e innovaci\u00f3n: PRI"},"content":{"rendered":"\n<p><strong><em>En Sinaloa se tiene talento y gran potencial para avanzar en el tema.<\/em><\/strong><\/p>\n\n\n\n<p>Culiac\u00e1n, Sin.- \u201cEs fundamental dotar de mayor presupuesto a la ciencia, tecnolog\u00eda e innovaci\u00f3n y fortalecer sus instituciones\u201d, se\u00f1al\u00f3 la diputada local, Cinthia Valenzuela Langarica, al pronunciarse en el marco del \u201cD\u00eda mundial de la ciencia para la paz y el desarrollo\u201d.<\/p>\n\n\n\n<p>\u201cNos compete hacer un an\u00e1lisis y revisi\u00f3n con la finalidad que efectivamente se vea reflejado con mayores recursos y realmente responda a las necesidades del sector, ya que en Sinaloa tenemos talento y gran potencial para avanzar en el tema, que no solo se quede en buenas intenciones, seamos ejemplo a nivel nacional, es por el bien de nuestros j\u00f3venes y de las futuras generaciones\u201d, dijo Valenzuela Langarica.<\/p>\n\n\n\n<p>La legisladora priista, dijo que en d\u00edas pasados, el gobernador del estado anunci\u00f3 la Iniciativa que ya se encuentra en el poder legislativo, sobre la fusi\u00f3n del Instituto de apoyo a la Investigaci\u00f3n e Innovaci\u00f3n (INAPI) y el Centro de Ciencias, con la intenci\u00f3n de mejorar el presupuesto en la materia.<\/p>\n\n\n\n<p>\u201cCabe resaltar, que el pasado 26 de octubre, present\u00e9 una Iniciativa de reforma a la Ley de Ciencia, Tecnolog\u00eda e Innovaci\u00f3n del Estado de Sinaloa, para que en la Ley de Ingresos y Egresos del Estado, que estaremos revisando en las pr\u00f3ximas semanas, deber\u00e1 contener un gasto m\u00ednimo del 1 por ciento del gasto total de dicho proyecto de presupuesto para este rubro\u201d, extern\u00f3 la diputada priista.<\/p>\n\n\n\n<p>Valenzuela Langarica, manifest\u00f3 que de la Comisi\u00f3n que preside, integrada por un conjunto de juventud y experiencia, estar\u00e1n muy atentos a las conclusiones que se generen en los distintos espacios de discusi\u00f3n relativos al d\u00eda 10 de noviembre, \u201cD\u00eda mundial de la ciencia para la paz y el desarrollo\u201d.<\/p>\n\n\n\n<p>\u201cDe acuerdo con informaci\u00f3n de la ONU, la celebraci\u00f3n de este a\u00f1o, aborda el tema que destaca la importancia de \u201cconstruir comunidades preparadas para el cambio clim\u00e1tico\u201d, donde el objetivo es acercar la ciencia, la tecnolog\u00eda y la innovaci\u00f3n a la sociedad y destacar las posibles soluciones, que estas brindan a algunos de los principales desaf\u00edos globales a los que se enfrenta la sociedad\u201d, inform\u00f3 Valenzuela Langarica.<\/p>\n\n\n\n<p>De igual manera, la presidenta de la comisi\u00f3n, a\u00f1adi\u00f3 que se tiene que tener como objetivo lograr una mayor concientizaci\u00f3n en la opini\u00f3n p\u00fablica sobre la importancia de la ciencia; y hacer hincapi\u00e9 en el uso responsable para el beneficio de las sociedades, en particular, para la erradicaci\u00f3n de la pobreza.<\/p>\n","protected":false},"excerpt":{"rendered":"<p>En Sinaloa se tiene talento y gran potencial para avanzar en el tema. Culiac\u00e1n, Sin.- \u201cEs fundamental dotar de mayor presupuesto a la ciencia, tecnolog\u00eda e innovaci\u00f3n y fortalecer sus instituciones\u201d, se\u00f1al\u00f3 la diputada local, Cinthia Valenzuela Langarica, al pronunciarse en el marco del \u201cD\u00eda mundial de la ciencia para la paz y el desarrollo\u201d. [&hellip;]<\/p>\n","protected":false},"author":4,"featured_media":17258,"comment_status":"open","ping_status":"open","sticky":false,"template":"","format":"standard","meta":{"tdm_status":"","tdm_grid_status":"","footnotes":""},"categories":[38],"tags":[799,212],"class_list":{"0":"post-17257","1":"post","2":"type-post","3":"status-publish","4":"format-standard","5":"has-post-thumbnail","7":"category-noticias-locales","8":"tag-partido-revolucionario-institucional","9":"tag-pri"},"yoast_head":"<!-- This site is optimized with the Yoast SEO plugin v27.5 - https:\/\/yoast.com\/product\/yoast-seo-wordpress\/ -->\n<title>Es fundamental dotar de mayor presupuesto a la ciencia, tecnolog\u00eda e innovaci\u00f3n: PRI - Fuentes Fidedignas<\/title>\n<meta name=\"robots\" content=\"index, follow, max-snippet:-1, max-image-preview:large, max-video-preview:-1\" \/>\n<link rel=\"canonical\" href=\"https:\/\/fuentesfidedignas.com.mx\/index.php\/2021\/11\/11\/es-fundamental-dotar-de-mayor-presupuesto-a-la-ciencia-tecnologia-e-innovacion-pri\/\" \/>\n<meta property=\"og:locale\" content=\"es_MX\" \/>\n<meta property=\"og:type\" content=\"article\" \/>\n<meta property=\"og:title\" content=\"Es fundamental dotar de mayor presupuesto a la ciencia, tecnolog\u00eda e innovaci\u00f3n: PRI - Fuentes Fidedignas\" \/>\n<meta property=\"og:description\" content=\"En Sinaloa se tiene talento y gran potencial para avanzar en el tema. Culiac\u00e1n, Sin.- \u201cEs fundamental dotar de mayor presupuesto a la ciencia, tecnolog\u00eda e innovaci\u00f3n y fortalecer sus instituciones\u201d, se\u00f1al\u00f3 la diputada local, Cinthia Valenzuela Langarica, al pronunciarse en el marco del \u201cD\u00eda mundial de la ciencia para la paz y el desarrollo\u201d. [&hellip;]\" \/>\n<meta property=\"og:url\" content=\"https:\/\/fuentesfidedignas.com.mx\/index.php\/2021\/11\/11\/es-fundamental-dotar-de-mayor-presupuesto-a-la-ciencia-tecnologia-e-innovacion-pri\/\" \/>\n<meta property=\"og:site_name\" content=\"Fuentes Fidedignas\" \/>\n<meta property=\"article:publisher\" content=\"https:\/\/www.facebook.com\/Fuentes-Fidedignas-368234489921644\" \/>\n<meta property=\"article:published_time\" content=\"2021-11-12T02:16:48+00:00\" \/>\n<meta property=\"article:modified_time\" content=\"2021-11-12T02:17:33+00:00\" \/>\n<meta property=\"og:image\" content=\"https:\/\/fuentesfidedignas.com.mx\/wp-content\/uploads\/2021\/11\/1-4.jpg\" \/>\n\t<meta property=\"og:image:width\" content=\"1280\" \/>\n\t<meta property=\"og:image:height\" content=\"855\" \/>\n\t<meta property=\"og:image:type\" content=\"image\/jpeg\" \/>\n<meta name=\"author\" content=\"Redacci\u00f3n\" \/>\n<meta name=\"twitter:card\" content=\"summary_large_image\" \/>\n<meta name=\"twitter:creator\" content=\"@fidedignas\" \/>\n<meta name=\"twitter:site\" content=\"@fidedignas\" \/>\n<meta name=\"twitter:label1\" content=\"Escrito por\" \/>\n\t<meta name=\"twitter:data1\" content=\"Redacci\u00f3n\" \/>\n\t<meta name=\"twitter:label2\" content=\"Tiempo de lectura\" \/>\n\t<meta name=\"twitter:data2\" content=\"2 minutos\" \/>\n<script type=\"application\/ld+json\" class=\"yoast-schema-graph\">{\"@context\":\"https:\\\/\\\/schema.org\",\"@graph\":[{\"@type\":\"Article\",\"@id\":\"https:\\\/\\\/fuentesfidedignas.com.mx\\\/index.php\\\/2021\\\/11\\\/11\\\/es-fundamental-dotar-de-mayor-presupuesto-a-la-ciencia-tecnologia-e-innovacion-pri\\\/#article\",\"isPartOf\":{\"@id\":\"https:\\\/\\\/fuentesfidedignas.com.mx\\\/index.php\\\/2021\\\/11\\\/11\\\/es-fundamental-dotar-de-mayor-presupuesto-a-la-ciencia-tecnologia-e-innovacion-pri\\\/\"},\"author\":{\"name\":\"Redacci\u00f3n\",\"@id\":\"https:\\\/\\\/fuentesfidedignas.com.mx\\\/#\\\/schema\\\/person\\\/331be9283d37198e2acd5750279085b0\"},\"headline\":\"Es fundamental dotar de mayor presupuesto a la ciencia, tecnolog\u00eda e innovaci\u00f3n: PRI\",\"datePublished\":\"2021-11-12T02:16:48+00:00\",\"dateModified\":\"2021-11-12T02:17:33+00:00\",\"mainEntityOfPage\":{\"@id\":\"https:\\\/\\\/fuentesfidedignas.com.mx\\\/index.php\\\/2021\\\/11\\\/11\\\/es-fundamental-dotar-de-mayor-presupuesto-a-la-ciencia-tecnologia-e-innovacion-pri\\\/\"},\"wordCount\":456,\"commentCount\":0,\"publisher\":{\"@id\":\"https:\\\/\\\/fuentesfidedignas.com.mx\\\/#organization\"},\"image\":{\"@id\":\"https:\\\/\\\/fuentesfidedignas.com.mx\\\/index.php\\\/2021\\\/11\\\/11\\\/es-fundamental-dotar-de-mayor-presupuesto-a-la-ciencia-tecnologia-e-innovacion-pri\\\/#primaryimage\"},\"thumbnailUrl\":\"https:\\\/\\\/fuentesfidedignas.com.mx\\\/wp-content\\\/uploads\\\/2021\\\/11\\\/1-4.jpg\",\"keywords\":[\"Partido Revolucionario Institucional\",\"PRI\"],\"articleSection\":[\"NOTICIAS LOCALES\"],\"inLanguage\":\"es\",\"potentialAction\":[{\"@type\":\"CommentAction\",\"name\":\"Comment\",\"target\":[\"https:\\\/\\\/fuentesfidedignas.com.mx\\\/index.php\\\/2021\\\/11\\\/11\\\/es-fundamental-dotar-de-mayor-presupuesto-a-la-ciencia-tecnologia-e-innovacion-pri\\\/#respond\"]}]},{\"@type\":\"WebPage\",\"@id\":\"https:\\\/\\\/fuentesfidedignas.com.mx\\\/index.php\\\/2021\\\/11\\\/11\\\/es-fundamental-dotar-de-mayor-presupuesto-a-la-ciencia-tecnologia-e-innovacion-pri\\\/\",\"url\":\"https:\\\/\\\/fuentesfidedignas.com.mx\\\/index.php\\\/2021\\\/11\\\/11\\\/es-fundamental-dotar-de-mayor-presupuesto-a-la-ciencia-tecnologia-e-innovacion-pri\\\/\",\"name\":\"Es fundamental dotar de mayor presupuesto a la ciencia, tecnolog\u00eda e innovaci\u00f3n: PRI - Fuentes Fidedignas\",\"isPartOf\":{\"@id\":\"https:\\\/\\\/fuentesfidedignas.com.mx\\\/#website\"},\"primaryImageOfPage\":{\"@id\":\"https:\\\/\\\/fuentesfidedignas.com.mx\\\/index.php\\\/2021\\\/11\\\/11\\\/es-fundamental-dotar-de-mayor-presupuesto-a-la-ciencia-tecnologia-e-innovacion-pri\\\/#primaryimage\"},\"image\":{\"@id\":\"https:\\\/\\\/fuentesfidedignas.com.mx\\\/index.php\\\/2021\\\/11\\\/11\\\/es-fundamental-dotar-de-mayor-presupuesto-a-la-ciencia-tecnologia-e-innovacion-pri\\\/#primaryimage\"},\"thumbnailUrl\":\"https:\\\/\\\/fuentesfidedignas.com.mx\\\/wp-content\\\/uploads\\\/2021\\\/11\\\/1-4.jpg\",\"datePublished\":\"2021-11-12T02:16:48+00:00\",\"dateModified\":\"2021-11-12T02:17:33+00:00\",\"breadcrumb\":{\"@id\":\"https:\\\/\\\/fuentesfidedignas.com.mx\\\/index.php\\\/2021\\\/11\\\/11\\\/es-fundamental-dotar-de-mayor-presupuesto-a-la-ciencia-tecnologia-e-innovacion-pri\\\/#breadcrumb\"},\"inLanguage\":\"es\",\"potentialAction\":[{\"@type\":\"ReadAction\",\"target\":[\"https:\\\/\\\/fuentesfidedignas.com.mx\\\/index.php\\\/2021\\\/11\\\/11\\\/es-fundamental-dotar-de-mayor-presupuesto-a-la-ciencia-tecnologia-e-innovacion-pri\\\/\"]}]},{\"@type\":\"ImageObject\",\"inLanguage\":\"es\",\"@id\":\"https:\\\/\\\/fuentesfidedignas.com.mx\\\/index.php\\\/2021\\\/11\\\/11\\\/es-fundamental-dotar-de-mayor-presupuesto-a-la-ciencia-tecnologia-e-innovacion-pri\\\/#primaryimage\",\"url\":\"https:\\\/\\\/fuentesfidedignas.com.mx\\\/wp-content\\\/uploads\\\/2021\\\/11\\\/1-4.jpg\",\"contentUrl\":\"https:\\\/\\\/fuentesfidedignas.com.mx\\\/wp-content\\\/uploads\\\/2021\\\/11\\\/1-4.jpg\",\"width\":1280,\"height\":855},{\"@type\":\"BreadcrumbList\",\"@id\":\"https:\\\/\\\/fuentesfidedignas.com.mx\\\/index.php\\\/2021\\\/11\\\/11\\\/es-fundamental-dotar-de-mayor-presupuesto-a-la-ciencia-tecnologia-e-innovacion-pri\\\/#breadcrumb\",\"itemListElement\":[{\"@type\":\"ListItem\",\"position\":1,\"name\":\"Inicio\",\"item\":\"https:\\\/\\\/fuentesfidedignas.com.mx\\\/\"},{\"@type\":\"ListItem\",\"position\":2,\"name\":\"Es fundamental dotar de mayor presupuesto a la ciencia, tecnolog\u00eda e innovaci\u00f3n: PRI\"}]},{\"@type\":\"WebSite\",\"@id\":\"https:\\\/\\\/fuentesfidedignas.com.mx\\\/#website\",\"url\":\"https:\\\/\\\/fuentesfidedignas.com.mx\\\/\",\"name\":\"Fuentes Fidedignas\",\"description\":\"Otro sitio realizado con WordPress\",\"publisher\":{\"@id\":\"https:\\\/\\\/fuentesfidedignas.com.mx\\\/#organization\"},\"potentialAction\":[{\"@type\":\"SearchAction\",\"target\":{\"@type\":\"EntryPoint\",\"urlTemplate\":\"https:\\\/\\\/fuentesfidedignas.com.mx\\\/?s={search_term_string}\"},\"query-input\":{\"@type\":\"PropertyValueSpecification\",\"valueRequired\":true,\"valueName\":\"search_term_string\"}}],\"inLanguage\":\"es\"},{\"@type\":\"Organization\",\"@id\":\"https:\\\/\\\/fuentesfidedignas.com.mx\\\/#organization\",\"name\":\"Fuentes Fidedignas\",\"url\":\"https:\\\/\\\/fuentesfidedignas.com.mx\\\/\",\"logo\":{\"@type\":\"ImageObject\",\"inLanguage\":\"es\",\"@id\":\"https:\\\/\\\/fuentesfidedignas.com.mx\\\/#\\\/schema\\\/logo\\\/image\\\/\",\"url\":\"https:\\\/\\\/fuentesfidedignas.com.mx\\\/wp-content\\\/uploads\\\/2021\\\/04\\\/logo-retina.png\",\"contentUrl\":\"https:\\\/\\\/fuentesfidedignas.com.mx\\\/wp-content\\\/uploads\\\/2021\\\/04\\\/logo-retina.png\",\"width\":280,\"height\":51,\"caption\":\"Fuentes Fidedignas\"},\"image\":{\"@id\":\"https:\\\/\\\/fuentesfidedignas.com.mx\\\/#\\\/schema\\\/logo\\\/image\\\/\"},\"sameAs\":[\"https:\\\/\\\/www.facebook.com\\\/Fuentes-Fidedignas-368234489921644\",\"https:\\\/\\\/x.com\\\/fidedignas\"]},{\"@type\":\"Person\",\"@id\":\"https:\\\/\\\/fuentesfidedignas.com.mx\\\/#\\\/schema\\\/person\\\/331be9283d37198e2acd5750279085b0\",\"name\":\"Redacci\u00f3n\",\"image\":{\"@type\":\"ImageObject\",\"inLanguage\":\"es\",\"@id\":\"https:\\\/\\\/secure.gravatar.com\\\/avatar\\\/f6d8782c11d12b2d4ad3fbb6931aeab5309937a4d6cd2fc9cfaa28a6396a5aec?s=96&d=mm&r=g\",\"url\":\"https:\\\/\\\/secure.gravatar.com\\\/avatar\\\/f6d8782c11d12b2d4ad3fbb6931aeab5309937a4d6cd2fc9cfaa28a6396a5aec?s=96&d=mm&r=g\",\"contentUrl\":\"https:\\\/\\\/secure.gravatar.com\\\/avatar\\\/f6d8782c11d12b2d4ad3fbb6931aeab5309937a4d6cd2fc9cfaa28a6396a5aec?s=96&d=mm&r=g\",\"caption\":\"Redacci\u00f3n\"},\"url\":\"https:\\\/\\\/fuentesfidedignas.com.mx\\\/index.php\\\/author\\\/redaccion\\\/\"}]}<\/script>\n<!-- \/ Yoast SEO plugin. -->","yoast_head_json":{"title":"Es fundamental dotar de mayor presupuesto a la ciencia, tecnolog\u00eda e innovaci\u00f3n: PRI - Fuentes Fidedignas","robots":{"index":"index","follow":"follow","max-snippet":"max-snippet:-1","max-image-preview":"max-image-preview:large","max-video-preview":"max-video-preview:-1"},"canonical":"https:\/\/fuentesfidedignas.com.mx\/index.php\/2021\/11\/11\/es-fundamental-dotar-de-mayor-presupuesto-a-la-ciencia-tecnologia-e-innovacion-pri\/","og_locale":"es_MX","og_type":"article","og_title":"Es fundamental dotar de mayor presupuesto a la ciencia, tecnolog\u00eda e innovaci\u00f3n: PRI - Fuentes Fidedignas","og_description":"En Sinaloa se tiene talento y gran potencial para avanzar en el tema. Culiac\u00e1n, Sin.- \u201cEs fundamental dotar de mayor presupuesto a la ciencia, tecnolog\u00eda e innovaci\u00f3n y fortalecer sus instituciones\u201d, se\u00f1al\u00f3 la diputada local, Cinthia Valenzuela Langarica, al pronunciarse en el marco del \u201cD\u00eda mundial de la ciencia para la paz y el desarrollo\u201d. [&hellip;]","og_url":"https:\/\/fuentesfidedignas.com.mx\/index.php\/2021\/11\/11\/es-fundamental-dotar-de-mayor-presupuesto-a-la-ciencia-tecnologia-e-innovacion-pri\/","og_site_name":"Fuentes Fidedignas","article_publisher":"https:\/\/www.facebook.com\/Fuentes-Fidedignas-368234489921644","article_published_time":"2021-11-12T02:16:48+00:00","article_modified_time":"2021-11-12T02:17:33+00:00","og_image":[{"width":1280,"height":855,"url":"https:\/\/fuentesfidedignas.com.mx\/wp-content\/uploads\/2021\/11\/1-4.jpg","type":"image\/jpeg"}],"author":"Redacci\u00f3n","twitter_card":"summary_large_image","twitter_creator":"@fidedignas","twitter_site":"@fidedignas","twitter_misc":{"Escrito por":"Redacci\u00f3n","Tiempo de lectura":"2 minutos"},"schema":{"@context":"https:\/\/schema.org","@graph":[{"@type":"Article","@id":"https:\/\/fuentesfidedignas.com.mx\/index.php\/2021\/11\/11\/es-fundamental-dotar-de-mayor-presupuesto-a-la-ciencia-tecnologia-e-innovacion-pri\/#article","isPartOf":{"@id":"https:\/\/fuentesfidedignas.com.mx\/index.php\/2021\/11\/11\/es-fundamental-dotar-de-mayor-presupuesto-a-la-ciencia-tecnologia-e-innovacion-pri\/"},"author":{"name":"Redacci\u00f3n","@id":"https:\/\/fuentesfidedignas.com.mx\/#\/schema\/person\/331be9283d37198e2acd5750279085b0"},"headline":"Es fundamental dotar de mayor presupuesto a la ciencia, tecnolog\u00eda e innovaci\u00f3n: PRI","datePublished":"2021-11-12T02:16:48+00:00","dateModified":"2021-11-12T02:17:33+00:00","mainEntityOfPage":{"@id":"https:\/\/fuentesfidedignas.com.mx\/index.php\/2021\/11\/11\/es-fundamental-dotar-de-mayor-presupuesto-a-la-ciencia-tecnologia-e-innovacion-pri\/"},"wordCount":456,"commentCount":0,"publisher":{"@id":"https:\/\/fuentesfidedignas.com.mx\/#organization"},"image":{"@id":"https:\/\/fuentesfidedignas.com.mx\/index.php\/2021\/11\/11\/es-fundamental-dotar-de-mayor-presupuesto-a-la-ciencia-tecnologia-e-innovacion-pri\/#primaryimage"},"thumbnailUrl":"https:\/\/fuentesfidedignas.com.mx\/wp-content\/uploads\/2021\/11\/1-4.jpg","keywords":["Partido Revolucionario Institucional","PRI"],"articleSection":["NOTICIAS LOCALES"],"inLanguage":"es","potentialAction":[{"@type":"CommentAction","name":"Comment","target":["https:\/\/fuentesfidedignas.com.mx\/index.php\/2021\/11\/11\/es-fundamental-dotar-de-mayor-presupuesto-a-la-ciencia-tecnologia-e-innovacion-pri\/#respond"]}]},{"@type":"WebPage","@id":"https:\/\/fuentesfidedignas.com.mx\/index.php\/2021\/11\/11\/es-fundamental-dotar-de-mayor-presupuesto-a-la-ciencia-tecnologia-e-innovacion-pri\/","url":"https:\/\/fuentesfidedignas.com.mx\/index.php\/2021\/11\/11\/es-fundamental-dotar-de-mayor-presupuesto-a-la-ciencia-tecnologia-e-innovacion-pri\/","name":"Es fundamental dotar de mayor presupuesto a la ciencia, tecnolog\u00eda e innovaci\u00f3n: PRI - Fuentes Fidedignas","isPartOf":{"@id":"https:\/\/fuentesfidedignas.com.mx\/#website"},"primaryImageOfPage":{"@id":"https:\/\/fuentesfidedignas.com.mx\/index.php\/2021\/11\/11\/es-fundamental-dotar-de-mayor-presupuesto-a-la-ciencia-tecnologia-e-innovacion-pri\/#primaryimage"},"image":{"@id":"https:\/\/fuentesfidedignas.com.mx\/index.php\/2021\/11\/11\/es-fundamental-dotar-de-mayor-presupuesto-a-la-ciencia-tecnologia-e-innovacion-pri\/#primaryimage"},"thumbnailUrl":"https:\/\/fuentesfidedignas.com.mx\/wp-content\/uploads\/2021\/11\/1-4.jpg","datePublished":"2021-11-12T02:16:48+00:00","dateModified":"2021-11-12T02:17:33+00:00","breadcrumb":{"@id":"https:\/\/fuentesfidedignas.com.mx\/index.php\/2021\/11\/11\/es-fundamental-dotar-de-mayor-presupuesto-a-la-ciencia-tecnologia-e-innovacion-pri\/#breadcrumb"},"inLanguage":"es","potentialAction":[{"@type":"ReadAction","target":["https:\/\/fuentesfidedignas.com.mx\/index.php\/2021\/11\/11\/es-fundamental-dotar-de-mayor-presupuesto-a-la-ciencia-tecnologia-e-innovacion-pri\/"]}]},{"@type":"ImageObject","inLanguage":"es","@id":"https:\/\/fuentesfidedignas.com.mx\/index.php\/2021\/11\/11\/es-fundamental-dotar-de-mayor-presupuesto-a-la-ciencia-tecnologia-e-innovacion-pri\/#primaryimage","url":"https:\/\/fuentesfidedignas.com.mx\/wp-content\/uploads\/2021\/11\/1-4.jpg","contentUrl":"https:\/\/fuentesfidedignas.com.mx\/wp-content\/uploads\/2021\/11\/1-4.jpg","width":1280,"height":855},{"@type":"BreadcrumbList","@id":"https:\/\/fuentesfidedignas.com.mx\/index.php\/2021\/11\/11\/es-fundamental-dotar-de-mayor-presupuesto-a-la-ciencia-tecnologia-e-innovacion-pri\/#breadcrumb","itemListElement":[{"@type":"ListItem","position":1,"name":"Inicio","item":"https:\/\/fuentesfidedignas.com.mx\/"},{"@type":"ListItem","position":2,"name":"Es fundamental dotar de mayor presupuesto a la ciencia, tecnolog\u00eda e innovaci\u00f3n: PRI"}]},{"@type":"WebSite","@id":"https:\/\/fuentesfidedignas.com.mx\/#website","url":"https:\/\/fuentesfidedignas.com.mx\/","name":"Fuentes Fidedignas","description":"Otro sitio realizado con WordPress","publisher":{"@id":"https:\/\/fuentesfidedignas.com.mx\/#organization"},"potentialAction":[{"@type":"SearchAction","target":{"@type":"EntryPoint","urlTemplate":"https:\/\/fuentesfidedignas.com.mx\/?s={search_term_string}"},"query-input":{"@type":"PropertyValueSpecification","valueRequired":true,"valueName":"search_term_string"}}],"inLanguage":"es"},{"@type":"Organization","@id":"https:\/\/fuentesfidedignas.com.mx\/#organization","name":"Fuentes Fidedignas","url":"https:\/\/fuentesfidedignas.com.mx\/","logo":{"@type":"ImageObject","inLanguage":"es","@id":"https:\/\/fuentesfidedignas.com.mx\/#\/schema\/logo\/image\/","url":"https:\/\/fuentesfidedignas.com.mx\/wp-content\/uploads\/2021\/04\/logo-retina.png","contentUrl":"https:\/\/fuentesfidedignas.com.mx\/wp-content\/uploads\/2021\/04\/logo-retina.png","width":280,"height":51,"caption":"Fuentes Fidedignas"},"image":{"@id":"https:\/\/fuentesfidedignas.com.mx\/#\/schema\/logo\/image\/"},"sameAs":["https:\/\/www.facebook.com\/Fuentes-Fidedignas-368234489921644","https:\/\/x.com\/fidedignas"]},{"@type":"Person","@id":"https:\/\/fuentesfidedignas.com.mx\/#\/schema\/person\/331be9283d37198e2acd5750279085b0","name":"Redacci\u00f3n","image":{"@type":"ImageObject","inLanguage":"es","@id":"https:\/\/secure.gravatar.com\/avatar\/f6d8782c11d12b2d4ad3fbb6931aeab5309937a4d6cd2fc9cfaa28a6396a5aec?s=96&d=mm&r=g","url":"https:\/\/secure.gravatar.com\/avatar\/f6d8782c11d12b2d4ad3fbb6931aeab5309937a4d6cd2fc9cfaa28a6396a5aec?s=96&d=mm&r=g","contentUrl":"https:\/\/secure.gravatar.com\/avatar\/f6d8782c11d12b2d4ad3fbb6931aeab5309937a4d6cd2fc9cfaa28a6396a5aec?s=96&d=mm&r=g","caption":"Redacci\u00f3n"},"url":"https:\/\/fuentesfidedignas.com.mx\/index.php\/author\/redaccion\/"}]}},"_links":{"self":[{"href":"https:\/\/fuentesfidedignas.com.mx\/index.php\/wp-json\/wp\/v2\/posts\/17257","targetHints":{"allow":["GET"]}}],"collection":[{"href":"https:\/\/fuentesfidedignas.com.mx\/index.php\/wp-json\/wp\/v2\/posts"}],"about":[{"href":"https:\/\/fuentesfidedignas.com.mx\/index.php\/wp-json\/wp\/v2\/types\/post"}],"author":[{"embeddable":true,"href":"https:\/\/fuentesfidedignas.com.mx\/index.php\/wp-json\/wp\/v2\/users\/4"}],"replies":[{"embeddable":true,"href":"https:\/\/fuentesfidedignas.com.mx\/index.php\/wp-json\/wp\/v2\/comments?post=17257"}],"version-history":[{"count":3,"href":"https:\/\/fuentesfidedignas.com.mx\/index.php\/wp-json\/wp\/v2\/posts\/17257\/revisions"}],"predecessor-version":[{"id":17261,"href":"https:\/\/fuentesfidedignas.com.mx\/index.php\/wp-json\/wp\/v2\/posts\/17257\/revisions\/17261"}],"wp:featuredmedia":[{"embeddable":true,"href":"https:\/\/fuentesfidedignas.com.mx\/index.php\/wp-json\/wp\/v2\/media\/17258"}],"wp:attachment":[{"href":"https:\/\/fuentesfidedignas.com.mx\/index.php\/wp-json\/wp\/v2\/media?parent=17257"}],"wp:term":[{"taxonomy":"category","embeddable":true,"href":"https:\/\/fuentesfidedignas.com.mx\/index.php\/wp-json\/wp\/v2\/categories?post=17257"},{"taxonomy":"post_tag","embeddable":true,"href":"https:\/\/fuentesfidedignas.com.mx\/index.php\/wp-json\/wp\/v2\/tags?post=17257"}],"curies":[{"name":"wp","href":"https:\/\/api.w.org\/{rel}","templated":true}]}}