{"id":17127,"date":"2021-11-10T13:10:35","date_gmt":"2021-11-10T20:10:35","guid":{"rendered":"https:\/\/fuentesfidedignas.com.mx\/?p=17127"},"modified":"2021-11-10T13:10:36","modified_gmt":"2021-11-10T20:10:36","slug":"acuerdan-trabajar-en-union-por-la-prevencion-y-erradicacion-de-la-violencia-hacia-las-mujeres","status":"publish","type":"post","link":"https:\/\/fuentesfidedignas.com.mx\/index.php\/2021\/11\/10\/acuerdan-trabajar-en-union-por-la-prevencion-y-erradicacion-de-la-violencia-hacia-las-mujeres\/","title":{"rendered":"Acuerdan trabajar en uni\u00f3n por la prevenci\u00f3n y erradicaci\u00f3n de la violencia hacia las mujeres"},"content":{"rendered":"\n<p><strong><em>La secretaria Tere Guerra y el secretario Enrique Inzunza C\u00e1zarez, se reunieron con integrantes de la Comisi\u00f3n de Igualdad de G\u00e9nero y Familia<\/em><\/strong><\/p>\n\n\n\n<p>Culiac\u00e1n, Sin.- Con el prop\u00f3sito de acordar las acciones a desplegar e iniciativas de pol\u00edticas p\u00fablicas en pro de construir una sociedad libre de violencia contra la mujer, la secretaria de las Mujeres, Teresa Guerra Ochoa y el secretario general de Gobierno, Enrique Inzunza C\u00e1zarez, se reunieron con los integrantes de la Comisi\u00f3n de Igualdad de G\u00e9nero y Familia del Congreso del Estado.<\/p>\n\n\n\n<p>En este encuentro, la titular de la SEMUJERES rindi\u00f3 un informe detallado de las \u00faltimas actividades realizadas por su dependencia y aprovech\u00f3 la ocasi\u00f3n para reconocer el trabajo en conjunto con la Secretar\u00eda General de Gobierno para tomar acciones ante el hecho ocurrido en un bar de la ciudad de Culiac\u00e1n, en donde se hac\u00eda apolog\u00eda al delito de feminicidio, lo que accion\u00f3 la actuaci\u00f3n oportuna de la Fiscal\u00eda General del Estado de Sinaloa ante un hecho que caus\u00f3 conmoci\u00f3n e indagaci\u00f3n en la sociedad sinaloense y que deriv\u00f3 en la clausura y sanciones por parte del Ayuntamiento de Culiac\u00e1n.<\/p>\n\n\n\n<p>A la reuni\u00f3n asistieron la diputada Almendra Ernestina Negrete S\u00e1nchez, presidenta la Comisi\u00f3n de Igualdad de G\u00e9nero y Familia de la LXIV Legislatura y las diputadas Mar\u00eda del Rosario Osuna Guti\u00e9rrez, Concepci\u00f3n Zazueta Castro, Rita Fierro Reyes y Juana Minerva V\u00e1zquez Gonz\u00e1lez, integrantes de dicha comisi\u00f3n.<\/p>\n\n\n\n<p>\u201cAntes de que fijara un posicionamiento en el Senado, antes de que el Congreso del Estado se ocupara del tema ya se estaba fijando un posicionamiento en el sentido de cu\u00e1les eran los reglamentos municipales que se estaban violentando, y cu\u00e1l era el art\u00edculo del C\u00f3digo Penal que se pod\u00eda invocar para efecto de abrir la carpeta de investigaci\u00f3n de oficio. Incluso seguimos cruzando en el trascurso del d\u00eda mensajes con el secretario para articular esto de la Fiscal\u00eda, y ustedes se dieron cuenta que tres horas despu\u00e9s de que se fija un posicionamiento, ya estaba la Fiscal\u00eda abriendo la carpeta de investigaci\u00f3n y esto fue en coordinaci\u00f3n con la Secretar\u00eda General de Gobierno y la Secretar\u00eda de las Mujeres y pudo darse respuesta inmediata\u201d, manifest\u00f3 la secretaria Tere Guerra respecto a esos desafortunados hechos.<\/p>\n\n\n\n<p>Agreg\u00f3 que, ante la naturalizaci\u00f3n de la violencia, ciertos sectores de la sociedad son permisivos y legitiman las agresiones contra las mujeres, por lo que es necesario trabajar desde lo cultural y lo educativo, dando con ello un acercamiento con el director del Instituto Sinaloense de Cultura, Juan Salvador Avil\u00e9s Ochoa y la Secretaria de Educaci\u00f3n P\u00fablica y Cultura, Graciela Dom\u00ednguez Nava, para reivindicar y establecer programas que desestimulen esos antivalores que permiten la agresi\u00f3n de manera inconsciente.<\/p>\n\n\n\n<p>Enrique Inzunza C\u00e1zarez, manifest\u00f3 que hay una agenda de acciones en pro de garantizar los derechos humanos de la sociedad sinaloense y trabajar en acciones iniciales como lo es la garant\u00eda a una vida libre de violencia de las mujeres, por lo que la creaci\u00f3n de la Secretaria de las Mujeres viene a transformar y dar capacidad de generar pol\u00edtica p\u00fablica trasversal a las dem\u00e1s dependencias y hacia fuera, as\u00ed como la propuesta de creaci\u00f3n de una Fiscal\u00eda Especializada en Delitos de Violencia de G\u00e9nero y la iniciativa de creaci\u00f3n de la Universidad de la Polic\u00eda con perspectiva de g\u00e9nero.<\/p>\n\n\n\n<p>\u201cSabemos que \u00e9ste es un tema que requiere de acciones y de pol\u00edtica p\u00fablica en muchos entes, entiendo que la reci\u00e9n creada Secretar\u00eda de las Mujeres evidentemente tiene un trabajo urgente frente s\u00ed, estamos dando los primeros pasos, yo les pedir\u00eda nos ayuden a ir articulando a trav\u00e9s del an\u00e1lisis, me gustar\u00eda un parlamento abierto de estas iniciativas a fin de que sean enriquecidas, deliberadas y conocidas por todos los actores que tengan inter\u00e9s en estos temas\u201d, enfatiz\u00f3 el Secretario General de Gobierno.<\/p>\n\n\n\n<p>En esta reuni\u00f3n tambi\u00e9n estuvieron presentes la subsecretaria de Acceso de las Mujeres a una Vida Libre de Violencia de la SEMUJERES, M.C. Consuelo Guti\u00e9rrez Guti\u00e9rrez y la Lcda. Alma Leticia Cruz Montoya, titular de Vinculaci\u00f3n de SEMUJERES.<\/p>\n","protected":false},"excerpt":{"rendered":"<p>La secretaria Tere Guerra y el secretario Enrique Inzunza C\u00e1zarez, se reunieron con integrantes de la Comisi\u00f3n de Igualdad de G\u00e9nero y Familia Culiac\u00e1n, Sin.- Con el prop\u00f3sito de acordar las acciones a desplegar e iniciativas de pol\u00edticas p\u00fablicas en pro de construir una sociedad libre de violencia contra la mujer, la secretaria de las [&hellip;]<\/p>\n","protected":false},"author":4,"featured_media":17128,"comment_status":"open","ping_status":"open","sticky":false,"template":"","format":"standard","meta":{"tdm_status":"","tdm_grid_status":"","footnotes":""},"categories":[38],"tags":[2082,2148,2147],"class_list":{"0":"post-17127","1":"post","2":"type-post","3":"status-publish","4":"format-standard","5":"has-post-thumbnail","7":"category-noticias-locales","8":"tag-secretaria-de-las-mujeres","9":"tag-semujeres","10":"tag-tere-guerra"},"yoast_head":"<!-- This site is optimized with the Yoast SEO plugin v27.5 - https:\/\/yoast.com\/product\/yoast-seo-wordpress\/ -->\n<title>Acuerdan trabajar en uni\u00f3n por la prevenci\u00f3n y erradicaci\u00f3n de la violencia hacia las mujeres - Fuentes Fidedignas<\/title>\n<meta name=\"robots\" content=\"index, follow, max-snippet:-1, max-image-preview:large, max-video-preview:-1\" \/>\n<link rel=\"canonical\" href=\"https:\/\/fuentesfidedignas.com.mx\/index.php\/2021\/11\/10\/acuerdan-trabajar-en-union-por-la-prevencion-y-erradicacion-de-la-violencia-hacia-las-mujeres\/\" \/>\n<meta property=\"og:locale\" content=\"es_MX\" \/>\n<meta property=\"og:type\" content=\"article\" \/>\n<meta property=\"og:title\" content=\"Acuerdan trabajar en uni\u00f3n por la prevenci\u00f3n y erradicaci\u00f3n de la violencia hacia las mujeres - Fuentes Fidedignas\" \/>\n<meta property=\"og:description\" content=\"La secretaria Tere Guerra y el secretario Enrique Inzunza C\u00e1zarez, se reunieron con integrantes de la Comisi\u00f3n de Igualdad de G\u00e9nero y Familia Culiac\u00e1n, Sin.- Con el prop\u00f3sito de acordar las acciones a desplegar e iniciativas de pol\u00edticas p\u00fablicas en pro de construir una sociedad libre de violencia contra la mujer, la secretaria de las [&hellip;]\" \/>\n<meta property=\"og:url\" content=\"https:\/\/fuentesfidedignas.com.mx\/index.php\/2021\/11\/10\/acuerdan-trabajar-en-union-por-la-prevencion-y-erradicacion-de-la-violencia-hacia-las-mujeres\/\" \/>\n<meta property=\"og:site_name\" content=\"Fuentes Fidedignas\" \/>\n<meta property=\"article:publisher\" content=\"https:\/\/www.facebook.com\/Fuentes-Fidedignas-368234489921644\" \/>\n<meta property=\"article:published_time\" content=\"2021-11-10T20:10:35+00:00\" \/>\n<meta property=\"article:modified_time\" content=\"2021-11-10T20:10:36+00:00\" \/>\n<meta property=\"og:image\" content=\"https:\/\/fuentesfidedignas.com.mx\/wp-content\/uploads\/2021\/11\/0acac9af-da94-41a8-b584-1869fa313090.jpg\" \/>\n\t<meta property=\"og:image:width\" content=\"1280\" \/>\n\t<meta property=\"og:image:height\" content=\"853\" \/>\n\t<meta property=\"og:image:type\" content=\"image\/jpeg\" \/>\n<meta name=\"author\" content=\"Redacci\u00f3n\" \/>\n<meta name=\"twitter:card\" content=\"summary_large_image\" \/>\n<meta name=\"twitter:creator\" content=\"@fidedignas\" \/>\n<meta name=\"twitter:site\" content=\"@fidedignas\" \/>\n<meta name=\"twitter:label1\" content=\"Escrito por\" \/>\n\t<meta name=\"twitter:data1\" content=\"Redacci\u00f3n\" \/>\n\t<meta name=\"twitter:label2\" content=\"Tiempo de lectura\" \/>\n\t<meta name=\"twitter:data2\" content=\"3 minutos\" \/>\n<script type=\"application\/ld+json\" class=\"yoast-schema-graph\">{\"@context\":\"https:\\\/\\\/schema.org\",\"@graph\":[{\"@type\":\"Article\",\"@id\":\"https:\\\/\\\/fuentesfidedignas.com.mx\\\/index.php\\\/2021\\\/11\\\/10\\\/acuerdan-trabajar-en-union-por-la-prevencion-y-erradicacion-de-la-violencia-hacia-las-mujeres\\\/#article\",\"isPartOf\":{\"@id\":\"https:\\\/\\\/fuentesfidedignas.com.mx\\\/index.php\\\/2021\\\/11\\\/10\\\/acuerdan-trabajar-en-union-por-la-prevencion-y-erradicacion-de-la-violencia-hacia-las-mujeres\\\/\"},\"author\":{\"name\":\"Redacci\u00f3n\",\"@id\":\"https:\\\/\\\/fuentesfidedignas.com.mx\\\/#\\\/schema\\\/person\\\/331be9283d37198e2acd5750279085b0\"},\"headline\":\"Acuerdan trabajar en uni\u00f3n por la prevenci\u00f3n y erradicaci\u00f3n de la violencia hacia las mujeres\",\"datePublished\":\"2021-11-10T20:10:35+00:00\",\"dateModified\":\"2021-11-10T20:10:36+00:00\",\"mainEntityOfPage\":{\"@id\":\"https:\\\/\\\/fuentesfidedignas.com.mx\\\/index.php\\\/2021\\\/11\\\/10\\\/acuerdan-trabajar-en-union-por-la-prevencion-y-erradicacion-de-la-violencia-hacia-las-mujeres\\\/\"},\"wordCount\":762,\"commentCount\":0,\"publisher\":{\"@id\":\"https:\\\/\\\/fuentesfidedignas.com.mx\\\/#organization\"},\"image\":{\"@id\":\"https:\\\/\\\/fuentesfidedignas.com.mx\\\/index.php\\\/2021\\\/11\\\/10\\\/acuerdan-trabajar-en-union-por-la-prevencion-y-erradicacion-de-la-violencia-hacia-las-mujeres\\\/#primaryimage\"},\"thumbnailUrl\":\"https:\\\/\\\/fuentesfidedignas.com.mx\\\/wp-content\\\/uploads\\\/2021\\\/11\\\/0acac9af-da94-41a8-b584-1869fa313090.jpg\",\"keywords\":[\"Secretar\u00eda de las Mujeres\",\"Semujeres\",\"Tere Guerra\"],\"articleSection\":[\"NOTICIAS LOCALES\"],\"inLanguage\":\"es\",\"potentialAction\":[{\"@type\":\"CommentAction\",\"name\":\"Comment\",\"target\":[\"https:\\\/\\\/fuentesfidedignas.com.mx\\\/index.php\\\/2021\\\/11\\\/10\\\/acuerdan-trabajar-en-union-por-la-prevencion-y-erradicacion-de-la-violencia-hacia-las-mujeres\\\/#respond\"]}]},{\"@type\":\"WebPage\",\"@id\":\"https:\\\/\\\/fuentesfidedignas.com.mx\\\/index.php\\\/2021\\\/11\\\/10\\\/acuerdan-trabajar-en-union-por-la-prevencion-y-erradicacion-de-la-violencia-hacia-las-mujeres\\\/\",\"url\":\"https:\\\/\\\/fuentesfidedignas.com.mx\\\/index.php\\\/2021\\\/11\\\/10\\\/acuerdan-trabajar-en-union-por-la-prevencion-y-erradicacion-de-la-violencia-hacia-las-mujeres\\\/\",\"name\":\"Acuerdan trabajar en uni\u00f3n por la prevenci\u00f3n y erradicaci\u00f3n de la violencia hacia las mujeres - Fuentes Fidedignas\",\"isPartOf\":{\"@id\":\"https:\\\/\\\/fuentesfidedignas.com.mx\\\/#website\"},\"primaryImageOfPage\":{\"@id\":\"https:\\\/\\\/fuentesfidedignas.com.mx\\\/index.php\\\/2021\\\/11\\\/10\\\/acuerdan-trabajar-en-union-por-la-prevencion-y-erradicacion-de-la-violencia-hacia-las-mujeres\\\/#primaryimage\"},\"image\":{\"@id\":\"https:\\\/\\\/fuentesfidedignas.com.mx\\\/index.php\\\/2021\\\/11\\\/10\\\/acuerdan-trabajar-en-union-por-la-prevencion-y-erradicacion-de-la-violencia-hacia-las-mujeres\\\/#primaryimage\"},\"thumbnailUrl\":\"https:\\\/\\\/fuentesfidedignas.com.mx\\\/wp-content\\\/uploads\\\/2021\\\/11\\\/0acac9af-da94-41a8-b584-1869fa313090.jpg\",\"datePublished\":\"2021-11-10T20:10:35+00:00\",\"dateModified\":\"2021-11-10T20:10:36+00:00\",\"breadcrumb\":{\"@id\":\"https:\\\/\\\/fuentesfidedignas.com.mx\\\/index.php\\\/2021\\\/11\\\/10\\\/acuerdan-trabajar-en-union-por-la-prevencion-y-erradicacion-de-la-violencia-hacia-las-mujeres\\\/#breadcrumb\"},\"inLanguage\":\"es\",\"potentialAction\":[{\"@type\":\"ReadAction\",\"target\":[\"https:\\\/\\\/fuentesfidedignas.com.mx\\\/index.php\\\/2021\\\/11\\\/10\\\/acuerdan-trabajar-en-union-por-la-prevencion-y-erradicacion-de-la-violencia-hacia-las-mujeres\\\/\"]}]},{\"@type\":\"ImageObject\",\"inLanguage\":\"es\",\"@id\":\"https:\\\/\\\/fuentesfidedignas.com.mx\\\/index.php\\\/2021\\\/11\\\/10\\\/acuerdan-trabajar-en-union-por-la-prevencion-y-erradicacion-de-la-violencia-hacia-las-mujeres\\\/#primaryimage\",\"url\":\"https:\\\/\\\/fuentesfidedignas.com.mx\\\/wp-content\\\/uploads\\\/2021\\\/11\\\/0acac9af-da94-41a8-b584-1869fa313090.jpg\",\"contentUrl\":\"https:\\\/\\\/fuentesfidedignas.com.mx\\\/wp-content\\\/uploads\\\/2021\\\/11\\\/0acac9af-da94-41a8-b584-1869fa313090.jpg\",\"width\":1280,\"height\":853},{\"@type\":\"BreadcrumbList\",\"@id\":\"https:\\\/\\\/fuentesfidedignas.com.mx\\\/index.php\\\/2021\\\/11\\\/10\\\/acuerdan-trabajar-en-union-por-la-prevencion-y-erradicacion-de-la-violencia-hacia-las-mujeres\\\/#breadcrumb\",\"itemListElement\":[{\"@type\":\"ListItem\",\"position\":1,\"name\":\"Inicio\",\"item\":\"https:\\\/\\\/fuentesfidedignas.com.mx\\\/\"},{\"@type\":\"ListItem\",\"position\":2,\"name\":\"Acuerdan trabajar en uni\u00f3n por la prevenci\u00f3n y erradicaci\u00f3n de la violencia hacia las mujeres\"}]},{\"@type\":\"WebSite\",\"@id\":\"https:\\\/\\\/fuentesfidedignas.com.mx\\\/#website\",\"url\":\"https:\\\/\\\/fuentesfidedignas.com.mx\\\/\",\"name\":\"Fuentes Fidedignas\",\"description\":\"Otro sitio realizado con WordPress\",\"publisher\":{\"@id\":\"https:\\\/\\\/fuentesfidedignas.com.mx\\\/#organization\"},\"potentialAction\":[{\"@type\":\"SearchAction\",\"target\":{\"@type\":\"EntryPoint\",\"urlTemplate\":\"https:\\\/\\\/fuentesfidedignas.com.mx\\\/?s={search_term_string}\"},\"query-input\":{\"@type\":\"PropertyValueSpecification\",\"valueRequired\":true,\"valueName\":\"search_term_string\"}}],\"inLanguage\":\"es\"},{\"@type\":\"Organization\",\"@id\":\"https:\\\/\\\/fuentesfidedignas.com.mx\\\/#organization\",\"name\":\"Fuentes Fidedignas\",\"url\":\"https:\\\/\\\/fuentesfidedignas.com.mx\\\/\",\"logo\":{\"@type\":\"ImageObject\",\"inLanguage\":\"es\",\"@id\":\"https:\\\/\\\/fuentesfidedignas.com.mx\\\/#\\\/schema\\\/logo\\\/image\\\/\",\"url\":\"https:\\\/\\\/fuentesfidedignas.com.mx\\\/wp-content\\\/uploads\\\/2021\\\/04\\\/logo-retina.png\",\"contentUrl\":\"https:\\\/\\\/fuentesfidedignas.com.mx\\\/wp-content\\\/uploads\\\/2021\\\/04\\\/logo-retina.png\",\"width\":280,\"height\":51,\"caption\":\"Fuentes Fidedignas\"},\"image\":{\"@id\":\"https:\\\/\\\/fuentesfidedignas.com.mx\\\/#\\\/schema\\\/logo\\\/image\\\/\"},\"sameAs\":[\"https:\\\/\\\/www.facebook.com\\\/Fuentes-Fidedignas-368234489921644\",\"https:\\\/\\\/x.com\\\/fidedignas\"]},{\"@type\":\"Person\",\"@id\":\"https:\\\/\\\/fuentesfidedignas.com.mx\\\/#\\\/schema\\\/person\\\/331be9283d37198e2acd5750279085b0\",\"name\":\"Redacci\u00f3n\",\"image\":{\"@type\":\"ImageObject\",\"inLanguage\":\"es\",\"@id\":\"https:\\\/\\\/secure.gravatar.com\\\/avatar\\\/f6d8782c11d12b2d4ad3fbb6931aeab5309937a4d6cd2fc9cfaa28a6396a5aec?s=96&d=mm&r=g\",\"url\":\"https:\\\/\\\/secure.gravatar.com\\\/avatar\\\/f6d8782c11d12b2d4ad3fbb6931aeab5309937a4d6cd2fc9cfaa28a6396a5aec?s=96&d=mm&r=g\",\"contentUrl\":\"https:\\\/\\\/secure.gravatar.com\\\/avatar\\\/f6d8782c11d12b2d4ad3fbb6931aeab5309937a4d6cd2fc9cfaa28a6396a5aec?s=96&d=mm&r=g\",\"caption\":\"Redacci\u00f3n\"},\"url\":\"https:\\\/\\\/fuentesfidedignas.com.mx\\\/index.php\\\/author\\\/redaccion\\\/\"}]}<\/script>\n<!-- \/ Yoast SEO plugin. -->","yoast_head_json":{"title":"Acuerdan trabajar en uni\u00f3n por la prevenci\u00f3n y erradicaci\u00f3n de la violencia hacia las mujeres - Fuentes Fidedignas","robots":{"index":"index","follow":"follow","max-snippet":"max-snippet:-1","max-image-preview":"max-image-preview:large","max-video-preview":"max-video-preview:-1"},"canonical":"https:\/\/fuentesfidedignas.com.mx\/index.php\/2021\/11\/10\/acuerdan-trabajar-en-union-por-la-prevencion-y-erradicacion-de-la-violencia-hacia-las-mujeres\/","og_locale":"es_MX","og_type":"article","og_title":"Acuerdan trabajar en uni\u00f3n por la prevenci\u00f3n y erradicaci\u00f3n de la violencia hacia las mujeres - Fuentes Fidedignas","og_description":"La secretaria Tere Guerra y el secretario Enrique Inzunza C\u00e1zarez, se reunieron con integrantes de la Comisi\u00f3n de Igualdad de G\u00e9nero y Familia Culiac\u00e1n, Sin.- Con el prop\u00f3sito de acordar las acciones a desplegar e iniciativas de pol\u00edticas p\u00fablicas en pro de construir una sociedad libre de violencia contra la mujer, la secretaria de las [&hellip;]","og_url":"https:\/\/fuentesfidedignas.com.mx\/index.php\/2021\/11\/10\/acuerdan-trabajar-en-union-por-la-prevencion-y-erradicacion-de-la-violencia-hacia-las-mujeres\/","og_site_name":"Fuentes Fidedignas","article_publisher":"https:\/\/www.facebook.com\/Fuentes-Fidedignas-368234489921644","article_published_time":"2021-11-10T20:10:35+00:00","article_modified_time":"2021-11-10T20:10:36+00:00","og_image":[{"width":1280,"height":853,"url":"https:\/\/fuentesfidedignas.com.mx\/wp-content\/uploads\/2021\/11\/0acac9af-da94-41a8-b584-1869fa313090.jpg","type":"image\/jpeg"}],"author":"Redacci\u00f3n","twitter_card":"summary_large_image","twitter_creator":"@fidedignas","twitter_site":"@fidedignas","twitter_misc":{"Escrito por":"Redacci\u00f3n","Tiempo de lectura":"3 minutos"},"schema":{"@context":"https:\/\/schema.org","@graph":[{"@type":"Article","@id":"https:\/\/fuentesfidedignas.com.mx\/index.php\/2021\/11\/10\/acuerdan-trabajar-en-union-por-la-prevencion-y-erradicacion-de-la-violencia-hacia-las-mujeres\/#article","isPartOf":{"@id":"https:\/\/fuentesfidedignas.com.mx\/index.php\/2021\/11\/10\/acuerdan-trabajar-en-union-por-la-prevencion-y-erradicacion-de-la-violencia-hacia-las-mujeres\/"},"author":{"name":"Redacci\u00f3n","@id":"https:\/\/fuentesfidedignas.com.mx\/#\/schema\/person\/331be9283d37198e2acd5750279085b0"},"headline":"Acuerdan trabajar en uni\u00f3n por la prevenci\u00f3n y erradicaci\u00f3n de la violencia hacia las mujeres","datePublished":"2021-11-10T20:10:35+00:00","dateModified":"2021-11-10T20:10:36+00:00","mainEntityOfPage":{"@id":"https:\/\/fuentesfidedignas.com.mx\/index.php\/2021\/11\/10\/acuerdan-trabajar-en-union-por-la-prevencion-y-erradicacion-de-la-violencia-hacia-las-mujeres\/"},"wordCount":762,"commentCount":0,"publisher":{"@id":"https:\/\/fuentesfidedignas.com.mx\/#organization"},"image":{"@id":"https:\/\/fuentesfidedignas.com.mx\/index.php\/2021\/11\/10\/acuerdan-trabajar-en-union-por-la-prevencion-y-erradicacion-de-la-violencia-hacia-las-mujeres\/#primaryimage"},"thumbnailUrl":"https:\/\/fuentesfidedignas.com.mx\/wp-content\/uploads\/2021\/11\/0acac9af-da94-41a8-b584-1869fa313090.jpg","keywords":["Secretar\u00eda de las Mujeres","Semujeres","Tere Guerra"],"articleSection":["NOTICIAS LOCALES"],"inLanguage":"es","potentialAction":[{"@type":"CommentAction","name":"Comment","target":["https:\/\/fuentesfidedignas.com.mx\/index.php\/2021\/11\/10\/acuerdan-trabajar-en-union-por-la-prevencion-y-erradicacion-de-la-violencia-hacia-las-mujeres\/#respond"]}]},{"@type":"WebPage","@id":"https:\/\/fuentesfidedignas.com.mx\/index.php\/2021\/11\/10\/acuerdan-trabajar-en-union-por-la-prevencion-y-erradicacion-de-la-violencia-hacia-las-mujeres\/","url":"https:\/\/fuentesfidedignas.com.mx\/index.php\/2021\/11\/10\/acuerdan-trabajar-en-union-por-la-prevencion-y-erradicacion-de-la-violencia-hacia-las-mujeres\/","name":"Acuerdan trabajar en uni\u00f3n por la prevenci\u00f3n y erradicaci\u00f3n de la violencia hacia las mujeres - Fuentes Fidedignas","isPartOf":{"@id":"https:\/\/fuentesfidedignas.com.mx\/#website"},"primaryImageOfPage":{"@id":"https:\/\/fuentesfidedignas.com.mx\/index.php\/2021\/11\/10\/acuerdan-trabajar-en-union-por-la-prevencion-y-erradicacion-de-la-violencia-hacia-las-mujeres\/#primaryimage"},"image":{"@id":"https:\/\/fuentesfidedignas.com.mx\/index.php\/2021\/11\/10\/acuerdan-trabajar-en-union-por-la-prevencion-y-erradicacion-de-la-violencia-hacia-las-mujeres\/#primaryimage"},"thumbnailUrl":"https:\/\/fuentesfidedignas.com.mx\/wp-content\/uploads\/2021\/11\/0acac9af-da94-41a8-b584-1869fa313090.jpg","datePublished":"2021-11-10T20:10:35+00:00","dateModified":"2021-11-10T20:10:36+00:00","breadcrumb":{"@id":"https:\/\/fuentesfidedignas.com.mx\/index.php\/2021\/11\/10\/acuerdan-trabajar-en-union-por-la-prevencion-y-erradicacion-de-la-violencia-hacia-las-mujeres\/#breadcrumb"},"inLanguage":"es","potentialAction":[{"@type":"ReadAction","target":["https:\/\/fuentesfidedignas.com.mx\/index.php\/2021\/11\/10\/acuerdan-trabajar-en-union-por-la-prevencion-y-erradicacion-de-la-violencia-hacia-las-mujeres\/"]}]},{"@type":"ImageObject","inLanguage":"es","@id":"https:\/\/fuentesfidedignas.com.mx\/index.php\/2021\/11\/10\/acuerdan-trabajar-en-union-por-la-prevencion-y-erradicacion-de-la-violencia-hacia-las-mujeres\/#primaryimage","url":"https:\/\/fuentesfidedignas.com.mx\/wp-content\/uploads\/2021\/11\/0acac9af-da94-41a8-b584-1869fa313090.jpg","contentUrl":"https:\/\/fuentesfidedignas.com.mx\/wp-content\/uploads\/2021\/11\/0acac9af-da94-41a8-b584-1869fa313090.jpg","width":1280,"height":853},{"@type":"BreadcrumbList","@id":"https:\/\/fuentesfidedignas.com.mx\/index.php\/2021\/11\/10\/acuerdan-trabajar-en-union-por-la-prevencion-y-erradicacion-de-la-violencia-hacia-las-mujeres\/#breadcrumb","itemListElement":[{"@type":"ListItem","position":1,"name":"Inicio","item":"https:\/\/fuentesfidedignas.com.mx\/"},{"@type":"ListItem","position":2,"name":"Acuerdan trabajar en uni\u00f3n por la prevenci\u00f3n y erradicaci\u00f3n de la violencia hacia las mujeres"}]},{"@type":"WebSite","@id":"https:\/\/fuentesfidedignas.com.mx\/#website","url":"https:\/\/fuentesfidedignas.com.mx\/","name":"Fuentes Fidedignas","description":"Otro sitio realizado con WordPress","publisher":{"@id":"https:\/\/fuentesfidedignas.com.mx\/#organization"},"potentialAction":[{"@type":"SearchAction","target":{"@type":"EntryPoint","urlTemplate":"https:\/\/fuentesfidedignas.com.mx\/?s={search_term_string}"},"query-input":{"@type":"PropertyValueSpecification","valueRequired":true,"valueName":"search_term_string"}}],"inLanguage":"es"},{"@type":"Organization","@id":"https:\/\/fuentesfidedignas.com.mx\/#organization","name":"Fuentes Fidedignas","url":"https:\/\/fuentesfidedignas.com.mx\/","logo":{"@type":"ImageObject","inLanguage":"es","@id":"https:\/\/fuentesfidedignas.com.mx\/#\/schema\/logo\/image\/","url":"https:\/\/fuentesfidedignas.com.mx\/wp-content\/uploads\/2021\/04\/logo-retina.png","contentUrl":"https:\/\/fuentesfidedignas.com.mx\/wp-content\/uploads\/2021\/04\/logo-retina.png","width":280,"height":51,"caption":"Fuentes Fidedignas"},"image":{"@id":"https:\/\/fuentesfidedignas.com.mx\/#\/schema\/logo\/image\/"},"sameAs":["https:\/\/www.facebook.com\/Fuentes-Fidedignas-368234489921644","https:\/\/x.com\/fidedignas"]},{"@type":"Person","@id":"https:\/\/fuentesfidedignas.com.mx\/#\/schema\/person\/331be9283d37198e2acd5750279085b0","name":"Redacci\u00f3n","image":{"@type":"ImageObject","inLanguage":"es","@id":"https:\/\/secure.gravatar.com\/avatar\/f6d8782c11d12b2d4ad3fbb6931aeab5309937a4d6cd2fc9cfaa28a6396a5aec?s=96&d=mm&r=g","url":"https:\/\/secure.gravatar.com\/avatar\/f6d8782c11d12b2d4ad3fbb6931aeab5309937a4d6cd2fc9cfaa28a6396a5aec?s=96&d=mm&r=g","contentUrl":"https:\/\/secure.gravatar.com\/avatar\/f6d8782c11d12b2d4ad3fbb6931aeab5309937a4d6cd2fc9cfaa28a6396a5aec?s=96&d=mm&r=g","caption":"Redacci\u00f3n"},"url":"https:\/\/fuentesfidedignas.com.mx\/index.php\/author\/redaccion\/"}]}},"_links":{"self":[{"href":"https:\/\/fuentesfidedignas.com.mx\/index.php\/wp-json\/wp\/v2\/posts\/17127","targetHints":{"allow":["GET"]}}],"collection":[{"href":"https:\/\/fuentesfidedignas.com.mx\/index.php\/wp-json\/wp\/v2\/posts"}],"about":[{"href":"https:\/\/fuentesfidedignas.com.mx\/index.php\/wp-json\/wp\/v2\/types\/post"}],"author":[{"embeddable":true,"href":"https:\/\/fuentesfidedignas.com.mx\/index.php\/wp-json\/wp\/v2\/users\/4"}],"replies":[{"embeddable":true,"href":"https:\/\/fuentesfidedignas.com.mx\/index.php\/wp-json\/wp\/v2\/comments?post=17127"}],"version-history":[{"count":1,"href":"https:\/\/fuentesfidedignas.com.mx\/index.php\/wp-json\/wp\/v2\/posts\/17127\/revisions"}],"predecessor-version":[{"id":17129,"href":"https:\/\/fuentesfidedignas.com.mx\/index.php\/wp-json\/wp\/v2\/posts\/17127\/revisions\/17129"}],"wp:featuredmedia":[{"embeddable":true,"href":"https:\/\/fuentesfidedignas.com.mx\/index.php\/wp-json\/wp\/v2\/media\/17128"}],"wp:attachment":[{"href":"https:\/\/fuentesfidedignas.com.mx\/index.php\/wp-json\/wp\/v2\/media?parent=17127"}],"wp:term":[{"taxonomy":"category","embeddable":true,"href":"https:\/\/fuentesfidedignas.com.mx\/index.php\/wp-json\/wp\/v2\/categories?post=17127"},{"taxonomy":"post_tag","embeddable":true,"href":"https:\/\/fuentesfidedignas.com.mx\/index.php\/wp-json\/wp\/v2\/tags?post=17127"}],"curies":[{"name":"wp","href":"https:\/\/api.w.org\/{rel}","templated":true}]}}