{"id":17058,"date":"2021-11-09T14:20:52","date_gmt":"2021-11-09T21:20:52","guid":{"rendered":"https:\/\/fuentesfidedignas.com.mx\/?p=17058"},"modified":"2021-11-09T14:20:53","modified_gmt":"2021-11-09T21:20:53","slug":"se-dignificaran-los-mercados-de-ahome-gerardo-vargas","status":"publish","type":"post","link":"https:\/\/fuentesfidedignas.com.mx\/index.php\/2021\/11\/09\/se-dignificaran-los-mercados-de-ahome-gerardo-vargas\/","title":{"rendered":"Se dignificar\u00e1n los mercados de Ahome: Gerardo Vargas"},"content":{"rendered":"\n<p><strong><em>Acudi\u00f3 al festejo del 70 aniversario del Centro de Abastos.<\/em><\/strong><\/p>\n\n\n\n<p>Los Mochis, Ahome, Sin.-\u00a0 Durante los festejos para conmemorar el 70 aniversario del Centro de Abastos, Gerardo Vargas Landeros, presidente municipal de Ahome se comprometi\u00f3 a mejorar las condiciones de los 11 mercados instalados en Ahome, porque la ciudadan\u00eda y locatarios se lo merecen, as\u00ed tambi\u00e9n van a tener mucho apoyo durante mi gesti\u00f3n de gobierno.<\/p>\n\n\n\n<p>As\u00ed lo expres\u00f3 durante la visita a dicho mercado para conmemorar el 70 aniversario del centro de abastos, donde dijo que apoyar\u00e1 para dignificar todos los mercados del Municipio.<\/p>\n\n\n\n<p>Al son de los acordes musicales de la tambora sinaloense recibieron locatarios del Mercado Popular de Los Mochis, al Alcalde Gerardo Vargas Landeros, para conmemorar juntos el 70 aniversario de dicho centro de abastos, icono de la ciudad.<\/p>\n\n\n\n<p>En su mensaje, Gerardo Vargas dijo sentirse orgulloso de acompa\u00f1arlos para entregarles reconocimientos a locatarios y fundadores y coronar a su Reyna del 70 aniversario Marlen Berenice Schwartz Leyva, quien es trabajadora del Ayuntamiento en Servicios Municipales y es una persona del sector social de inclusi\u00f3n.<\/p>\n\n\n\n<p>Asimismo, expres\u00f3 \u201csoy un convencido de que tenemos que consumir lo local, productos frescos que se originan en nuestra comunidad como frutas, verduras, carnes y pescados, porque de esta forma tambi\u00e9n apoyaremos al comercio local\u201d.<\/p>\n\n\n\n<p>El presidente municipal tambi\u00e9n agreg\u00f3 que apoyar\u00e1 con otras peticiones como mejorar las \u00e1reas de estacionamiento, otorgar cr\u00e9ditos a locatarios, y abrir y rehabilitar el pavimento del callej\u00f3n.<\/p>\n\n\n\n<p>Por su parte la Presidente de la Uni\u00f3n de Locatarios de dicho Mercado, Citlali Gonz\u00e1lez L\u00f3pez, expres\u00f3: \u201cCon desilusi\u00f3n hemos visto pasar a muchas administraciones sin pena ni gloria para nosotros, porque nos dejan solos, y la verdad sin el apoyo de ustedes es dif\u00edcil prestar un servicio de calidad a nuestros clientes. Todos ustedes merecen nuestro reconocimiento\u201d, dijo.<\/p>\n\n\n\n<p>\u201cSabemos que Usted se\u00f1or Presidente Gerardo Vargas Landeros, ser\u00e1 un alcalde diferente, porque est\u00e1 demostrando que viene a trabajar para el beneficio de todos los ahomenses y vemos con mucho agrado que se ha puesto las pilas desde el primer minuto, y nos hace que renazca la esperanza\u201d, agreg\u00f3.<\/p>\n\n\n\n<p>El Presidente Municipal, que estuvo acompa\u00f1ado de la regidora Ofelia Rodr\u00edguez, y de diversos funcionarios como Bernardo C\u00e1rdenas, Secretario de Desarrollo Econ\u00f3mico SEDECO, Feliciano Garc\u00eda, Director de Servicios P\u00fablicos Municipales, An\u00edbal Ibarra Estrada, Subdirector de Mercados, Juan Manuel Figueroa, Director de Polic\u00eda, Alfredo Guti\u00e9rrez, Director de Polic\u00eda de Tr\u00e1nsito, Enrique L\u00f3pez Miranda, Director de Inspecci\u00f3n y Normatividad DIN, Carlos Cota Soto, Director de Comunicaci\u00f3n, as\u00ed como los directivos de la Uni\u00f3n de Locatarios, Gerardo Beltr\u00e1n, Daniela Melchor y Julio S\u00e1nchez, entregaron reconocimientos a socios y fundadores.<\/p>\n\n\n\n<p>Los galardonados son: Carmen Beltr\u00e1n Sandoval, Eneida Crespo, Narciso Lugo, Gerardo Beltr\u00e1n Sandoval, In\u00e9s Boj\u00f3rquez y Yolanda Abedoy, Bertha Chinchillas, Mercedes Barr\u00f3n, Juli\u00e1n Chaparro, Arnoldo Daviz\u00f3n, Irma Yolanda Barr\u00f3n Valenzuela, Mercedes Barr\u00f3n, Mar\u00eda Elena Cital Arredondo, Rafael Fonseca S\u00e1nchez y Mar\u00eda Guadalupe Salcido.<\/p>\n","protected":false},"excerpt":{"rendered":"<p>Acudi\u00f3 al festejo del 70 aniversario del Centro de Abastos. Los Mochis, Ahome, Sin.-\u00a0 Durante los festejos para conmemorar el 70 aniversario del Centro de Abastos, Gerardo Vargas Landeros, presidente municipal de Ahome se comprometi\u00f3 a mejorar las condiciones de los 11 mercados instalados en Ahome, porque la ciudadan\u00eda y locatarios se lo merecen, as\u00ed [&hellip;]<\/p>\n","protected":false},"author":4,"featured_media":0,"comment_status":"open","ping_status":"open","sticky":false,"template":"","format":"standard","meta":{"tdm_status":"","tdm_grid_status":"","footnotes":""},"categories":[38],"tags":[278,1715,1654],"class_list":{"0":"post-17058","1":"post","2":"type-post","3":"status-publish","4":"format-standard","6":"category-noticias-locales","7":"tag-ahome","8":"tag-ayuntamiento-de-ahome","9":"tag-gerardo-vargas-landeros"},"yoast_head":"<!-- This site is optimized with the Yoast SEO plugin v27.5 - https:\/\/yoast.com\/product\/yoast-seo-wordpress\/ -->\n<title>Se dignificar\u00e1n los mercados de Ahome: Gerardo Vargas - Fuentes Fidedignas<\/title>\n<meta name=\"robots\" content=\"index, follow, max-snippet:-1, max-image-preview:large, max-video-preview:-1\" \/>\n<link rel=\"canonical\" href=\"https:\/\/fuentesfidedignas.com.mx\/index.php\/2021\/11\/09\/se-dignificaran-los-mercados-de-ahome-gerardo-vargas\/\" \/>\n<meta property=\"og:locale\" content=\"es_MX\" \/>\n<meta property=\"og:type\" content=\"article\" \/>\n<meta property=\"og:title\" content=\"Se dignificar\u00e1n los mercados de Ahome: Gerardo Vargas - Fuentes Fidedignas\" \/>\n<meta property=\"og:description\" content=\"Acudi\u00f3 al festejo del 70 aniversario del Centro de Abastos. Los Mochis, Ahome, Sin.-\u00a0 Durante los festejos para conmemorar el 70 aniversario del Centro de Abastos, Gerardo Vargas Landeros, presidente municipal de Ahome se comprometi\u00f3 a mejorar las condiciones de los 11 mercados instalados en Ahome, porque la ciudadan\u00eda y locatarios se lo merecen, as\u00ed [&hellip;]\" \/>\n<meta property=\"og:url\" content=\"https:\/\/fuentesfidedignas.com.mx\/index.php\/2021\/11\/09\/se-dignificaran-los-mercados-de-ahome-gerardo-vargas\/\" \/>\n<meta property=\"og:site_name\" content=\"Fuentes Fidedignas\" \/>\n<meta property=\"article:publisher\" content=\"https:\/\/www.facebook.com\/Fuentes-Fidedignas-368234489921644\" \/>\n<meta property=\"article:published_time\" content=\"2021-11-09T21:20:52+00:00\" \/>\n<meta property=\"article:modified_time\" content=\"2021-11-09T21:20:53+00:00\" \/>\n<meta property=\"og:image\" content=\"https:\/\/fuentesfidedignas.com.mx\/wp-content\/uploads\/2021\/11\/WhatsApp-Image-2021-11-09-at-1.50.51-PM.jpeg\" \/>\n\t<meta property=\"og:image:width\" content=\"1210\" \/>\n\t<meta property=\"og:image:height\" content=\"854\" \/>\n\t<meta property=\"og:image:type\" content=\"image\/jpeg\" \/>\n<meta name=\"author\" content=\"Redacci\u00f3n\" \/>\n<meta name=\"twitter:card\" content=\"summary_large_image\" \/>\n<meta name=\"twitter:creator\" content=\"@fidedignas\" \/>\n<meta name=\"twitter:site\" content=\"@fidedignas\" \/>\n<meta name=\"twitter:label1\" content=\"Escrito por\" \/>\n\t<meta name=\"twitter:data1\" content=\"Redacci\u00f3n\" \/>\n\t<meta name=\"twitter:label2\" content=\"Tiempo de lectura\" \/>\n\t<meta name=\"twitter:data2\" content=\"3 minutos\" \/>\n<script type=\"application\/ld+json\" class=\"yoast-schema-graph\">{\"@context\":\"https:\\\/\\\/schema.org\",\"@graph\":[{\"@type\":\"Article\",\"@id\":\"https:\\\/\\\/fuentesfidedignas.com.mx\\\/index.php\\\/2021\\\/11\\\/09\\\/se-dignificaran-los-mercados-de-ahome-gerardo-vargas\\\/#article\",\"isPartOf\":{\"@id\":\"https:\\\/\\\/fuentesfidedignas.com.mx\\\/index.php\\\/2021\\\/11\\\/09\\\/se-dignificaran-los-mercados-de-ahome-gerardo-vargas\\\/\"},\"author\":{\"name\":\"Redacci\u00f3n\",\"@id\":\"https:\\\/\\\/fuentesfidedignas.com.mx\\\/#\\\/schema\\\/person\\\/331be9283d37198e2acd5750279085b0\"},\"headline\":\"Se dignificar\u00e1n los mercados de Ahome: Gerardo Vargas\",\"datePublished\":\"2021-11-09T21:20:52+00:00\",\"dateModified\":\"2021-11-09T21:20:53+00:00\",\"mainEntityOfPage\":{\"@id\":\"https:\\\/\\\/fuentesfidedignas.com.mx\\\/index.php\\\/2021\\\/11\\\/09\\\/se-dignificaran-los-mercados-de-ahome-gerardo-vargas\\\/\"},\"wordCount\":527,\"commentCount\":0,\"publisher\":{\"@id\":\"https:\\\/\\\/fuentesfidedignas.com.mx\\\/#organization\"},\"keywords\":[\"Ahome\",\"Ayuntamiento de Ahome\",\"Gerardo Vargas Landeros\"],\"articleSection\":[\"NOTICIAS LOCALES\"],\"inLanguage\":\"es\",\"potentialAction\":[{\"@type\":\"CommentAction\",\"name\":\"Comment\",\"target\":[\"https:\\\/\\\/fuentesfidedignas.com.mx\\\/index.php\\\/2021\\\/11\\\/09\\\/se-dignificaran-los-mercados-de-ahome-gerardo-vargas\\\/#respond\"]}]},{\"@type\":\"WebPage\",\"@id\":\"https:\\\/\\\/fuentesfidedignas.com.mx\\\/index.php\\\/2021\\\/11\\\/09\\\/se-dignificaran-los-mercados-de-ahome-gerardo-vargas\\\/\",\"url\":\"https:\\\/\\\/fuentesfidedignas.com.mx\\\/index.php\\\/2021\\\/11\\\/09\\\/se-dignificaran-los-mercados-de-ahome-gerardo-vargas\\\/\",\"name\":\"Se dignificar\u00e1n los mercados de Ahome: Gerardo Vargas - Fuentes Fidedignas\",\"isPartOf\":{\"@id\":\"https:\\\/\\\/fuentesfidedignas.com.mx\\\/#website\"},\"datePublished\":\"2021-11-09T21:20:52+00:00\",\"dateModified\":\"2021-11-09T21:20:53+00:00\",\"breadcrumb\":{\"@id\":\"https:\\\/\\\/fuentesfidedignas.com.mx\\\/index.php\\\/2021\\\/11\\\/09\\\/se-dignificaran-los-mercados-de-ahome-gerardo-vargas\\\/#breadcrumb\"},\"inLanguage\":\"es\",\"potentialAction\":[{\"@type\":\"ReadAction\",\"target\":[\"https:\\\/\\\/fuentesfidedignas.com.mx\\\/index.php\\\/2021\\\/11\\\/09\\\/se-dignificaran-los-mercados-de-ahome-gerardo-vargas\\\/\"]}]},{\"@type\":\"BreadcrumbList\",\"@id\":\"https:\\\/\\\/fuentesfidedignas.com.mx\\\/index.php\\\/2021\\\/11\\\/09\\\/se-dignificaran-los-mercados-de-ahome-gerardo-vargas\\\/#breadcrumb\",\"itemListElement\":[{\"@type\":\"ListItem\",\"position\":1,\"name\":\"Inicio\",\"item\":\"https:\\\/\\\/fuentesfidedignas.com.mx\\\/\"},{\"@type\":\"ListItem\",\"position\":2,\"name\":\"Se dignificar\u00e1n los mercados de Ahome: Gerardo Vargas\"}]},{\"@type\":\"WebSite\",\"@id\":\"https:\\\/\\\/fuentesfidedignas.com.mx\\\/#website\",\"url\":\"https:\\\/\\\/fuentesfidedignas.com.mx\\\/\",\"name\":\"Fuentes Fidedignas\",\"description\":\"Otro sitio realizado con WordPress\",\"publisher\":{\"@id\":\"https:\\\/\\\/fuentesfidedignas.com.mx\\\/#organization\"},\"potentialAction\":[{\"@type\":\"SearchAction\",\"target\":{\"@type\":\"EntryPoint\",\"urlTemplate\":\"https:\\\/\\\/fuentesfidedignas.com.mx\\\/?s={search_term_string}\"},\"query-input\":{\"@type\":\"PropertyValueSpecification\",\"valueRequired\":true,\"valueName\":\"search_term_string\"}}],\"inLanguage\":\"es\"},{\"@type\":\"Organization\",\"@id\":\"https:\\\/\\\/fuentesfidedignas.com.mx\\\/#organization\",\"name\":\"Fuentes Fidedignas\",\"url\":\"https:\\\/\\\/fuentesfidedignas.com.mx\\\/\",\"logo\":{\"@type\":\"ImageObject\",\"inLanguage\":\"es\",\"@id\":\"https:\\\/\\\/fuentesfidedignas.com.mx\\\/#\\\/schema\\\/logo\\\/image\\\/\",\"url\":\"https:\\\/\\\/fuentesfidedignas.com.mx\\\/wp-content\\\/uploads\\\/2021\\\/04\\\/logo-retina.png\",\"contentUrl\":\"https:\\\/\\\/fuentesfidedignas.com.mx\\\/wp-content\\\/uploads\\\/2021\\\/04\\\/logo-retina.png\",\"width\":280,\"height\":51,\"caption\":\"Fuentes Fidedignas\"},\"image\":{\"@id\":\"https:\\\/\\\/fuentesfidedignas.com.mx\\\/#\\\/schema\\\/logo\\\/image\\\/\"},\"sameAs\":[\"https:\\\/\\\/www.facebook.com\\\/Fuentes-Fidedignas-368234489921644\",\"https:\\\/\\\/x.com\\\/fidedignas\"]},{\"@type\":\"Person\",\"@id\":\"https:\\\/\\\/fuentesfidedignas.com.mx\\\/#\\\/schema\\\/person\\\/331be9283d37198e2acd5750279085b0\",\"name\":\"Redacci\u00f3n\",\"image\":{\"@type\":\"ImageObject\",\"inLanguage\":\"es\",\"@id\":\"https:\\\/\\\/secure.gravatar.com\\\/avatar\\\/f6d8782c11d12b2d4ad3fbb6931aeab5309937a4d6cd2fc9cfaa28a6396a5aec?s=96&d=mm&r=g\",\"url\":\"https:\\\/\\\/secure.gravatar.com\\\/avatar\\\/f6d8782c11d12b2d4ad3fbb6931aeab5309937a4d6cd2fc9cfaa28a6396a5aec?s=96&d=mm&r=g\",\"contentUrl\":\"https:\\\/\\\/secure.gravatar.com\\\/avatar\\\/f6d8782c11d12b2d4ad3fbb6931aeab5309937a4d6cd2fc9cfaa28a6396a5aec?s=96&d=mm&r=g\",\"caption\":\"Redacci\u00f3n\"},\"url\":\"https:\\\/\\\/fuentesfidedignas.com.mx\\\/index.php\\\/author\\\/redaccion\\\/\"}]}<\/script>\n<!-- \/ Yoast SEO plugin. -->","yoast_head_json":{"title":"Se dignificar\u00e1n los mercados de Ahome: Gerardo Vargas - Fuentes Fidedignas","robots":{"index":"index","follow":"follow","max-snippet":"max-snippet:-1","max-image-preview":"max-image-preview:large","max-video-preview":"max-video-preview:-1"},"canonical":"https:\/\/fuentesfidedignas.com.mx\/index.php\/2021\/11\/09\/se-dignificaran-los-mercados-de-ahome-gerardo-vargas\/","og_locale":"es_MX","og_type":"article","og_title":"Se dignificar\u00e1n los mercados de Ahome: Gerardo Vargas - Fuentes Fidedignas","og_description":"Acudi\u00f3 al festejo del 70 aniversario del Centro de Abastos. Los Mochis, Ahome, Sin.-\u00a0 Durante los festejos para conmemorar el 70 aniversario del Centro de Abastos, Gerardo Vargas Landeros, presidente municipal de Ahome se comprometi\u00f3 a mejorar las condiciones de los 11 mercados instalados en Ahome, porque la ciudadan\u00eda y locatarios se lo merecen, as\u00ed [&hellip;]","og_url":"https:\/\/fuentesfidedignas.com.mx\/index.php\/2021\/11\/09\/se-dignificaran-los-mercados-de-ahome-gerardo-vargas\/","og_site_name":"Fuentes Fidedignas","article_publisher":"https:\/\/www.facebook.com\/Fuentes-Fidedignas-368234489921644","article_published_time":"2021-11-09T21:20:52+00:00","article_modified_time":"2021-11-09T21:20:53+00:00","og_image":[{"width":1210,"height":854,"url":"https:\/\/fuentesfidedignas.com.mx\/wp-content\/uploads\/2021\/11\/WhatsApp-Image-2021-11-09-at-1.50.51-PM.jpeg","type":"image\/jpeg"}],"author":"Redacci\u00f3n","twitter_card":"summary_large_image","twitter_creator":"@fidedignas","twitter_site":"@fidedignas","twitter_misc":{"Escrito por":"Redacci\u00f3n","Tiempo de lectura":"3 minutos"},"schema":{"@context":"https:\/\/schema.org","@graph":[{"@type":"Article","@id":"https:\/\/fuentesfidedignas.com.mx\/index.php\/2021\/11\/09\/se-dignificaran-los-mercados-de-ahome-gerardo-vargas\/#article","isPartOf":{"@id":"https:\/\/fuentesfidedignas.com.mx\/index.php\/2021\/11\/09\/se-dignificaran-los-mercados-de-ahome-gerardo-vargas\/"},"author":{"name":"Redacci\u00f3n","@id":"https:\/\/fuentesfidedignas.com.mx\/#\/schema\/person\/331be9283d37198e2acd5750279085b0"},"headline":"Se dignificar\u00e1n los mercados de Ahome: Gerardo Vargas","datePublished":"2021-11-09T21:20:52+00:00","dateModified":"2021-11-09T21:20:53+00:00","mainEntityOfPage":{"@id":"https:\/\/fuentesfidedignas.com.mx\/index.php\/2021\/11\/09\/se-dignificaran-los-mercados-de-ahome-gerardo-vargas\/"},"wordCount":527,"commentCount":0,"publisher":{"@id":"https:\/\/fuentesfidedignas.com.mx\/#organization"},"keywords":["Ahome","Ayuntamiento de Ahome","Gerardo Vargas Landeros"],"articleSection":["NOTICIAS LOCALES"],"inLanguage":"es","potentialAction":[{"@type":"CommentAction","name":"Comment","target":["https:\/\/fuentesfidedignas.com.mx\/index.php\/2021\/11\/09\/se-dignificaran-los-mercados-de-ahome-gerardo-vargas\/#respond"]}]},{"@type":"WebPage","@id":"https:\/\/fuentesfidedignas.com.mx\/index.php\/2021\/11\/09\/se-dignificaran-los-mercados-de-ahome-gerardo-vargas\/","url":"https:\/\/fuentesfidedignas.com.mx\/index.php\/2021\/11\/09\/se-dignificaran-los-mercados-de-ahome-gerardo-vargas\/","name":"Se dignificar\u00e1n los mercados de Ahome: Gerardo Vargas - Fuentes Fidedignas","isPartOf":{"@id":"https:\/\/fuentesfidedignas.com.mx\/#website"},"datePublished":"2021-11-09T21:20:52+00:00","dateModified":"2021-11-09T21:20:53+00:00","breadcrumb":{"@id":"https:\/\/fuentesfidedignas.com.mx\/index.php\/2021\/11\/09\/se-dignificaran-los-mercados-de-ahome-gerardo-vargas\/#breadcrumb"},"inLanguage":"es","potentialAction":[{"@type":"ReadAction","target":["https:\/\/fuentesfidedignas.com.mx\/index.php\/2021\/11\/09\/se-dignificaran-los-mercados-de-ahome-gerardo-vargas\/"]}]},{"@type":"BreadcrumbList","@id":"https:\/\/fuentesfidedignas.com.mx\/index.php\/2021\/11\/09\/se-dignificaran-los-mercados-de-ahome-gerardo-vargas\/#breadcrumb","itemListElement":[{"@type":"ListItem","position":1,"name":"Inicio","item":"https:\/\/fuentesfidedignas.com.mx\/"},{"@type":"ListItem","position":2,"name":"Se dignificar\u00e1n los mercados de Ahome: Gerardo Vargas"}]},{"@type":"WebSite","@id":"https:\/\/fuentesfidedignas.com.mx\/#website","url":"https:\/\/fuentesfidedignas.com.mx\/","name":"Fuentes Fidedignas","description":"Otro sitio realizado con WordPress","publisher":{"@id":"https:\/\/fuentesfidedignas.com.mx\/#organization"},"potentialAction":[{"@type":"SearchAction","target":{"@type":"EntryPoint","urlTemplate":"https:\/\/fuentesfidedignas.com.mx\/?s={search_term_string}"},"query-input":{"@type":"PropertyValueSpecification","valueRequired":true,"valueName":"search_term_string"}}],"inLanguage":"es"},{"@type":"Organization","@id":"https:\/\/fuentesfidedignas.com.mx\/#organization","name":"Fuentes Fidedignas","url":"https:\/\/fuentesfidedignas.com.mx\/","logo":{"@type":"ImageObject","inLanguage":"es","@id":"https:\/\/fuentesfidedignas.com.mx\/#\/schema\/logo\/image\/","url":"https:\/\/fuentesfidedignas.com.mx\/wp-content\/uploads\/2021\/04\/logo-retina.png","contentUrl":"https:\/\/fuentesfidedignas.com.mx\/wp-content\/uploads\/2021\/04\/logo-retina.png","width":280,"height":51,"caption":"Fuentes Fidedignas"},"image":{"@id":"https:\/\/fuentesfidedignas.com.mx\/#\/schema\/logo\/image\/"},"sameAs":["https:\/\/www.facebook.com\/Fuentes-Fidedignas-368234489921644","https:\/\/x.com\/fidedignas"]},{"@type":"Person","@id":"https:\/\/fuentesfidedignas.com.mx\/#\/schema\/person\/331be9283d37198e2acd5750279085b0","name":"Redacci\u00f3n","image":{"@type":"ImageObject","inLanguage":"es","@id":"https:\/\/secure.gravatar.com\/avatar\/f6d8782c11d12b2d4ad3fbb6931aeab5309937a4d6cd2fc9cfaa28a6396a5aec?s=96&d=mm&r=g","url":"https:\/\/secure.gravatar.com\/avatar\/f6d8782c11d12b2d4ad3fbb6931aeab5309937a4d6cd2fc9cfaa28a6396a5aec?s=96&d=mm&r=g","contentUrl":"https:\/\/secure.gravatar.com\/avatar\/f6d8782c11d12b2d4ad3fbb6931aeab5309937a4d6cd2fc9cfaa28a6396a5aec?s=96&d=mm&r=g","caption":"Redacci\u00f3n"},"url":"https:\/\/fuentesfidedignas.com.mx\/index.php\/author\/redaccion\/"}]}},"_links":{"self":[{"href":"https:\/\/fuentesfidedignas.com.mx\/index.php\/wp-json\/wp\/v2\/posts\/17058","targetHints":{"allow":["GET"]}}],"collection":[{"href":"https:\/\/fuentesfidedignas.com.mx\/index.php\/wp-json\/wp\/v2\/posts"}],"about":[{"href":"https:\/\/fuentesfidedignas.com.mx\/index.php\/wp-json\/wp\/v2\/types\/post"}],"author":[{"embeddable":true,"href":"https:\/\/fuentesfidedignas.com.mx\/index.php\/wp-json\/wp\/v2\/users\/4"}],"replies":[{"embeddable":true,"href":"https:\/\/fuentesfidedignas.com.mx\/index.php\/wp-json\/wp\/v2\/comments?post=17058"}],"version-history":[{"count":1,"href":"https:\/\/fuentesfidedignas.com.mx\/index.php\/wp-json\/wp\/v2\/posts\/17058\/revisions"}],"predecessor-version":[{"id":17060,"href":"https:\/\/fuentesfidedignas.com.mx\/index.php\/wp-json\/wp\/v2\/posts\/17058\/revisions\/17060"}],"wp:attachment":[{"href":"https:\/\/fuentesfidedignas.com.mx\/index.php\/wp-json\/wp\/v2\/media?parent=17058"}],"wp:term":[{"taxonomy":"category","embeddable":true,"href":"https:\/\/fuentesfidedignas.com.mx\/index.php\/wp-json\/wp\/v2\/categories?post=17058"},{"taxonomy":"post_tag","embeddable":true,"href":"https:\/\/fuentesfidedignas.com.mx\/index.php\/wp-json\/wp\/v2\/tags?post=17058"}],"curies":[{"name":"wp","href":"https:\/\/api.w.org\/{rel}","templated":true}]}}