{"id":17045,"date":"2021-11-09T11:56:47","date_gmt":"2021-11-09T18:56:47","guid":{"rendered":"https:\/\/fuentesfidedignas.com.mx\/?p=17045"},"modified":"2021-11-09T11:56:49","modified_gmt":"2021-11-09T18:56:49","slug":"biden-planea-cumbre-presencial-con-trudeau-y-amlo-la-proxima-semana","status":"publish","type":"post","link":"https:\/\/fuentesfidedignas.com.mx\/index.php\/2021\/11\/09\/biden-planea-cumbre-presencial-con-trudeau-y-amlo-la-proxima-semana\/","title":{"rendered":"Biden planea cumbre presencial con Trudeau y AMLO la pr\u00f3xima semana"},"content":{"rendered":"\n<p><strong><em>Los detalles finales a\u00fan se estaban elaborando, afirmaron las fuentes, pero si sigue adelante, lo m\u00e1s probable es que sea en alg\u00fan momento durante la semana del 15 de noviembre en Washington<\/em><\/strong><\/p>\n\n\n\n<p>Estados Unidos.- El presidente de Estados Unidos, Joe Biden, planea organizar una reuni\u00f3n en persona con los l\u00edderes de M\u00e9xico y Canad\u00e1, la primera de este tipo en m\u00e1s de cinco a\u00f1os, dijeron el martes cuatro personas familiarizadas con el asunto.<\/p>\n\n\n\n<p>Los detalles finales a\u00fan se estaban elaborando, afirmaron las fuentes, pero si sigue adelante, lo m\u00e1s probable es que sea en alg\u00fan momento durante la semana del 15 de noviembre en Washington.<\/p>\n\n\n\n<p>Fuentes radicadas en Ottawa y Ciudad de M\u00e9xico solicitaron el anonimato porque los planes a\u00fan no eran p\u00fablicos.<\/p>\n\n\n\n<p>Biden ha mantenido reuniones virtuales con el presidente mexicano, Andr\u00e9s Manuel L\u00f3pez Obrador, y el primer ministro canadiense, Justin Trudeau, desde que asumi\u00f3 el cargo este a\u00f1o. La cumbre en persona coincide con tensiones pol\u00edticas sobre energ\u00eda, comercio e inmigraci\u00f3n.<\/p>\n\n\n\n<p>Un funcionario de alto rango de Washington dijo \u201cest\u00e9n atentos\u201d, cuando se le pregunt\u00f3 sobre una posible reuni\u00f3n entre Biden y L\u00f3pez Obrador.<\/p>\n\n\n\n<p>Los l\u00edderes de los tres pa\u00edses comenzaron a celebrar lo que se conoce informalmente como la cumbre de los Tres Amigos en 2005 y se reunieron la mayor\u00eda de los a\u00f1os hasta 2016. La pr\u00e1ctica termin\u00f3 cuando el exmandatario de Estados Unidos Donald Trump asumi\u00f3 el cargo en enero de 2017.<\/p>\n\n\n\n<p>La inmigraci\u00f3n en la frontera estadounidense con M\u00e9xico ha alcanzado niveles r\u00e9cord, y M\u00e9xico quiere que su vecino invierta m\u00e1s para frenarla.<\/p>\n\n\n\n<p>Los tres pa\u00edses est\u00e1n vinculados por el tratado de libre comercio Estados Unidos-M\u00e9xico-Canad\u00e1 (T-MEC) que rige unos 1.5 billones de d\u00f3lares de intercambio en Am\u00e9rica del Norte al a\u00f1o.<\/p>\n","protected":false},"excerpt":{"rendered":"<p>Los detalles finales a\u00fan se estaban elaborando, afirmaron las fuentes, pero si sigue adelante, lo m\u00e1s probable es que sea en alg\u00fan momento durante la semana del 15 de noviembre en Washington Estados Unidos.- El presidente de Estados Unidos, Joe Biden, planea organizar una reuni\u00f3n en persona con los l\u00edderes de M\u00e9xico y Canad\u00e1, la [&hellip;]<\/p>\n","protected":false},"author":5,"featured_media":17046,"comment_status":"open","ping_status":"open","sticky":false,"template":"","format":"standard","meta":{"tdm_status":"","tdm_grid_status":"","footnotes":""},"categories":[39],"tags":[247,297,315,90],"class_list":{"0":"post-17045","1":"post","2":"type-post","3":"status-publish","4":"format-standard","5":"has-post-thumbnail","7":"category-noticias-nacionales","8":"tag-amlo","9":"tag-andres-manuel-lopez-obrador","10":"tag-estados-unidos","11":"tag-joe-biden"},"yoast_head":"<!-- This site is optimized with the Yoast SEO plugin v27.5 - https:\/\/yoast.com\/product\/yoast-seo-wordpress\/ -->\n<title>Biden planea cumbre presencial con Trudeau y AMLO la pr\u00f3xima semana - Fuentes Fidedignas<\/title>\n<meta name=\"robots\" content=\"index, follow, max-snippet:-1, max-image-preview:large, max-video-preview:-1\" \/>\n<link rel=\"canonical\" href=\"https:\/\/fuentesfidedignas.com.mx\/index.php\/2021\/11\/09\/biden-planea-cumbre-presencial-con-trudeau-y-amlo-la-proxima-semana\/\" \/>\n<meta property=\"og:locale\" content=\"es_MX\" \/>\n<meta property=\"og:type\" content=\"article\" \/>\n<meta property=\"og:title\" content=\"Biden planea cumbre presencial con Trudeau y AMLO la pr\u00f3xima semana - Fuentes Fidedignas\" \/>\n<meta property=\"og:description\" content=\"Los detalles finales a\u00fan se estaban elaborando, afirmaron las fuentes, pero si sigue adelante, lo m\u00e1s probable es que sea en alg\u00fan momento durante la semana del 15 de noviembre en Washington Estados Unidos.- El presidente de Estados Unidos, Joe Biden, planea organizar una reuni\u00f3n en persona con los l\u00edderes de M\u00e9xico y Canad\u00e1, la [&hellip;]\" \/>\n<meta property=\"og:url\" content=\"https:\/\/fuentesfidedignas.com.mx\/index.php\/2021\/11\/09\/biden-planea-cumbre-presencial-con-trudeau-y-amlo-la-proxima-semana\/\" \/>\n<meta property=\"og:site_name\" content=\"Fuentes Fidedignas\" \/>\n<meta property=\"article:publisher\" content=\"https:\/\/www.facebook.com\/Fuentes-Fidedignas-368234489921644\" \/>\n<meta property=\"article:published_time\" content=\"2021-11-09T18:56:47+00:00\" \/>\n<meta property=\"article:modified_time\" content=\"2021-11-09T18:56:49+00:00\" \/>\n<meta property=\"og:image\" content=\"https:\/\/fuentesfidedignas.com.mx\/wp-content\/uploads\/2021\/11\/biden-amlo-768x432-1.jpg\" \/>\n\t<meta property=\"og:image:width\" content=\"768\" \/>\n\t<meta property=\"og:image:height\" content=\"432\" \/>\n\t<meta property=\"og:image:type\" content=\"image\/jpeg\" \/>\n<meta name=\"author\" content=\"Forbes\" \/>\n<meta name=\"twitter:card\" content=\"summary_large_image\" \/>\n<meta name=\"twitter:creator\" content=\"@fidedignas\" \/>\n<meta name=\"twitter:site\" content=\"@fidedignas\" \/>\n<meta name=\"twitter:label1\" content=\"Escrito por\" \/>\n\t<meta name=\"twitter:data1\" content=\"Forbes\" \/>\n\t<meta name=\"twitter:label2\" content=\"Tiempo de lectura\" \/>\n\t<meta name=\"twitter:data2\" content=\"2 minutos\" \/>\n<script type=\"application\/ld+json\" class=\"yoast-schema-graph\">{\"@context\":\"https:\\\/\\\/schema.org\",\"@graph\":[{\"@type\":\"Article\",\"@id\":\"https:\\\/\\\/fuentesfidedignas.com.mx\\\/index.php\\\/2021\\\/11\\\/09\\\/biden-planea-cumbre-presencial-con-trudeau-y-amlo-la-proxima-semana\\\/#article\",\"isPartOf\":{\"@id\":\"https:\\\/\\\/fuentesfidedignas.com.mx\\\/index.php\\\/2021\\\/11\\\/09\\\/biden-planea-cumbre-presencial-con-trudeau-y-amlo-la-proxima-semana\\\/\"},\"author\":{\"name\":\"Forbes\",\"@id\":\"https:\\\/\\\/fuentesfidedignas.com.mx\\\/#\\\/schema\\\/person\\\/5623d53fe2e579d825b1679734abcc44\"},\"headline\":\"Biden planea cumbre presencial con Trudeau y AMLO la pr\u00f3xima semana\",\"datePublished\":\"2021-11-09T18:56:47+00:00\",\"dateModified\":\"2021-11-09T18:56:49+00:00\",\"mainEntityOfPage\":{\"@id\":\"https:\\\/\\\/fuentesfidedignas.com.mx\\\/index.php\\\/2021\\\/11\\\/09\\\/biden-planea-cumbre-presencial-con-trudeau-y-amlo-la-proxima-semana\\\/\"},\"wordCount\":334,\"commentCount\":0,\"publisher\":{\"@id\":\"https:\\\/\\\/fuentesfidedignas.com.mx\\\/#organization\"},\"image\":{\"@id\":\"https:\\\/\\\/fuentesfidedignas.com.mx\\\/index.php\\\/2021\\\/11\\\/09\\\/biden-planea-cumbre-presencial-con-trudeau-y-amlo-la-proxima-semana\\\/#primaryimage\"},\"thumbnailUrl\":\"https:\\\/\\\/fuentesfidedignas.com.mx\\\/wp-content\\\/uploads\\\/2021\\\/11\\\/biden-amlo-768x432-1.jpg\",\"keywords\":[\"AMLO\",\"Andr\u00e9s Manuel L\u00f3pez Obrador\",\"Estados Unidos\",\"Joe Biden\"],\"articleSection\":[\"NOTICIAS NACIONALES\"],\"inLanguage\":\"es\",\"potentialAction\":[{\"@type\":\"CommentAction\",\"name\":\"Comment\",\"target\":[\"https:\\\/\\\/fuentesfidedignas.com.mx\\\/index.php\\\/2021\\\/11\\\/09\\\/biden-planea-cumbre-presencial-con-trudeau-y-amlo-la-proxima-semana\\\/#respond\"]}]},{\"@type\":\"WebPage\",\"@id\":\"https:\\\/\\\/fuentesfidedignas.com.mx\\\/index.php\\\/2021\\\/11\\\/09\\\/biden-planea-cumbre-presencial-con-trudeau-y-amlo-la-proxima-semana\\\/\",\"url\":\"https:\\\/\\\/fuentesfidedignas.com.mx\\\/index.php\\\/2021\\\/11\\\/09\\\/biden-planea-cumbre-presencial-con-trudeau-y-amlo-la-proxima-semana\\\/\",\"name\":\"Biden planea cumbre presencial con Trudeau y AMLO la pr\u00f3xima semana - Fuentes Fidedignas\",\"isPartOf\":{\"@id\":\"https:\\\/\\\/fuentesfidedignas.com.mx\\\/#website\"},\"primaryImageOfPage\":{\"@id\":\"https:\\\/\\\/fuentesfidedignas.com.mx\\\/index.php\\\/2021\\\/11\\\/09\\\/biden-planea-cumbre-presencial-con-trudeau-y-amlo-la-proxima-semana\\\/#primaryimage\"},\"image\":{\"@id\":\"https:\\\/\\\/fuentesfidedignas.com.mx\\\/index.php\\\/2021\\\/11\\\/09\\\/biden-planea-cumbre-presencial-con-trudeau-y-amlo-la-proxima-semana\\\/#primaryimage\"},\"thumbnailUrl\":\"https:\\\/\\\/fuentesfidedignas.com.mx\\\/wp-content\\\/uploads\\\/2021\\\/11\\\/biden-amlo-768x432-1.jpg\",\"datePublished\":\"2021-11-09T18:56:47+00:00\",\"dateModified\":\"2021-11-09T18:56:49+00:00\",\"breadcrumb\":{\"@id\":\"https:\\\/\\\/fuentesfidedignas.com.mx\\\/index.php\\\/2021\\\/11\\\/09\\\/biden-planea-cumbre-presencial-con-trudeau-y-amlo-la-proxima-semana\\\/#breadcrumb\"},\"inLanguage\":\"es\",\"potentialAction\":[{\"@type\":\"ReadAction\",\"target\":[\"https:\\\/\\\/fuentesfidedignas.com.mx\\\/index.php\\\/2021\\\/11\\\/09\\\/biden-planea-cumbre-presencial-con-trudeau-y-amlo-la-proxima-semana\\\/\"]}]},{\"@type\":\"ImageObject\",\"inLanguage\":\"es\",\"@id\":\"https:\\\/\\\/fuentesfidedignas.com.mx\\\/index.php\\\/2021\\\/11\\\/09\\\/biden-planea-cumbre-presencial-con-trudeau-y-amlo-la-proxima-semana\\\/#primaryimage\",\"url\":\"https:\\\/\\\/fuentesfidedignas.com.mx\\\/wp-content\\\/uploads\\\/2021\\\/11\\\/biden-amlo-768x432-1.jpg\",\"contentUrl\":\"https:\\\/\\\/fuentesfidedignas.com.mx\\\/wp-content\\\/uploads\\\/2021\\\/11\\\/biden-amlo-768x432-1.jpg\",\"width\":768,\"height\":432},{\"@type\":\"BreadcrumbList\",\"@id\":\"https:\\\/\\\/fuentesfidedignas.com.mx\\\/index.php\\\/2021\\\/11\\\/09\\\/biden-planea-cumbre-presencial-con-trudeau-y-amlo-la-proxima-semana\\\/#breadcrumb\",\"itemListElement\":[{\"@type\":\"ListItem\",\"position\":1,\"name\":\"Inicio\",\"item\":\"https:\\\/\\\/fuentesfidedignas.com.mx\\\/\"},{\"@type\":\"ListItem\",\"position\":2,\"name\":\"Biden planea cumbre presencial con Trudeau y AMLO la pr\u00f3xima semana\"}]},{\"@type\":\"WebSite\",\"@id\":\"https:\\\/\\\/fuentesfidedignas.com.mx\\\/#website\",\"url\":\"https:\\\/\\\/fuentesfidedignas.com.mx\\\/\",\"name\":\"Fuentes Fidedignas\",\"description\":\"Otro sitio realizado con WordPress\",\"publisher\":{\"@id\":\"https:\\\/\\\/fuentesfidedignas.com.mx\\\/#organization\"},\"potentialAction\":[{\"@type\":\"SearchAction\",\"target\":{\"@type\":\"EntryPoint\",\"urlTemplate\":\"https:\\\/\\\/fuentesfidedignas.com.mx\\\/?s={search_term_string}\"},\"query-input\":{\"@type\":\"PropertyValueSpecification\",\"valueRequired\":true,\"valueName\":\"search_term_string\"}}],\"inLanguage\":\"es\"},{\"@type\":\"Organization\",\"@id\":\"https:\\\/\\\/fuentesfidedignas.com.mx\\\/#organization\",\"name\":\"Fuentes Fidedignas\",\"url\":\"https:\\\/\\\/fuentesfidedignas.com.mx\\\/\",\"logo\":{\"@type\":\"ImageObject\",\"inLanguage\":\"es\",\"@id\":\"https:\\\/\\\/fuentesfidedignas.com.mx\\\/#\\\/schema\\\/logo\\\/image\\\/\",\"url\":\"https:\\\/\\\/fuentesfidedignas.com.mx\\\/wp-content\\\/uploads\\\/2021\\\/04\\\/logo-retina.png\",\"contentUrl\":\"https:\\\/\\\/fuentesfidedignas.com.mx\\\/wp-content\\\/uploads\\\/2021\\\/04\\\/logo-retina.png\",\"width\":280,\"height\":51,\"caption\":\"Fuentes Fidedignas\"},\"image\":{\"@id\":\"https:\\\/\\\/fuentesfidedignas.com.mx\\\/#\\\/schema\\\/logo\\\/image\\\/\"},\"sameAs\":[\"https:\\\/\\\/www.facebook.com\\\/Fuentes-Fidedignas-368234489921644\",\"https:\\\/\\\/x.com\\\/fidedignas\"]},{\"@type\":\"Person\",\"@id\":\"https:\\\/\\\/fuentesfidedignas.com.mx\\\/#\\\/schema\\\/person\\\/5623d53fe2e579d825b1679734abcc44\",\"name\":\"Forbes\",\"image\":{\"@type\":\"ImageObject\",\"inLanguage\":\"es\",\"@id\":\"https:\\\/\\\/secure.gravatar.com\\\/avatar\\\/87ce3dd4e41e60c22a79c758614f01a6bc2469255fc936ec7b15efb9bb5cb66f?s=96&d=mm&r=g\",\"url\":\"https:\\\/\\\/secure.gravatar.com\\\/avatar\\\/87ce3dd4e41e60c22a79c758614f01a6bc2469255fc936ec7b15efb9bb5cb66f?s=96&d=mm&r=g\",\"contentUrl\":\"https:\\\/\\\/secure.gravatar.com\\\/avatar\\\/87ce3dd4e41e60c22a79c758614f01a6bc2469255fc936ec7b15efb9bb5cb66f?s=96&d=mm&r=g\",\"caption\":\"Forbes\"},\"url\":\"https:\\\/\\\/fuentesfidedignas.com.mx\\\/index.php\\\/author\\\/forbes\\\/\"}]}<\/script>\n<!-- \/ Yoast SEO plugin. -->","yoast_head_json":{"title":"Biden planea cumbre presencial con Trudeau y AMLO la pr\u00f3xima semana - Fuentes Fidedignas","robots":{"index":"index","follow":"follow","max-snippet":"max-snippet:-1","max-image-preview":"max-image-preview:large","max-video-preview":"max-video-preview:-1"},"canonical":"https:\/\/fuentesfidedignas.com.mx\/index.php\/2021\/11\/09\/biden-planea-cumbre-presencial-con-trudeau-y-amlo-la-proxima-semana\/","og_locale":"es_MX","og_type":"article","og_title":"Biden planea cumbre presencial con Trudeau y AMLO la pr\u00f3xima semana - Fuentes Fidedignas","og_description":"Los detalles finales a\u00fan se estaban elaborando, afirmaron las fuentes, pero si sigue adelante, lo m\u00e1s probable es que sea en alg\u00fan momento durante la semana del 15 de noviembre en Washington Estados Unidos.- El presidente de Estados Unidos, Joe Biden, planea organizar una reuni\u00f3n en persona con los l\u00edderes de M\u00e9xico y Canad\u00e1, la [&hellip;]","og_url":"https:\/\/fuentesfidedignas.com.mx\/index.php\/2021\/11\/09\/biden-planea-cumbre-presencial-con-trudeau-y-amlo-la-proxima-semana\/","og_site_name":"Fuentes Fidedignas","article_publisher":"https:\/\/www.facebook.com\/Fuentes-Fidedignas-368234489921644","article_published_time":"2021-11-09T18:56:47+00:00","article_modified_time":"2021-11-09T18:56:49+00:00","og_image":[{"width":768,"height":432,"url":"https:\/\/fuentesfidedignas.com.mx\/wp-content\/uploads\/2021\/11\/biden-amlo-768x432-1.jpg","type":"image\/jpeg"}],"author":"Forbes","twitter_card":"summary_large_image","twitter_creator":"@fidedignas","twitter_site":"@fidedignas","twitter_misc":{"Escrito por":"Forbes","Tiempo de lectura":"2 minutos"},"schema":{"@context":"https:\/\/schema.org","@graph":[{"@type":"Article","@id":"https:\/\/fuentesfidedignas.com.mx\/index.php\/2021\/11\/09\/biden-planea-cumbre-presencial-con-trudeau-y-amlo-la-proxima-semana\/#article","isPartOf":{"@id":"https:\/\/fuentesfidedignas.com.mx\/index.php\/2021\/11\/09\/biden-planea-cumbre-presencial-con-trudeau-y-amlo-la-proxima-semana\/"},"author":{"name":"Forbes","@id":"https:\/\/fuentesfidedignas.com.mx\/#\/schema\/person\/5623d53fe2e579d825b1679734abcc44"},"headline":"Biden planea cumbre presencial con Trudeau y AMLO la pr\u00f3xima semana","datePublished":"2021-11-09T18:56:47+00:00","dateModified":"2021-11-09T18:56:49+00:00","mainEntityOfPage":{"@id":"https:\/\/fuentesfidedignas.com.mx\/index.php\/2021\/11\/09\/biden-planea-cumbre-presencial-con-trudeau-y-amlo-la-proxima-semana\/"},"wordCount":334,"commentCount":0,"publisher":{"@id":"https:\/\/fuentesfidedignas.com.mx\/#organization"},"image":{"@id":"https:\/\/fuentesfidedignas.com.mx\/index.php\/2021\/11\/09\/biden-planea-cumbre-presencial-con-trudeau-y-amlo-la-proxima-semana\/#primaryimage"},"thumbnailUrl":"https:\/\/fuentesfidedignas.com.mx\/wp-content\/uploads\/2021\/11\/biden-amlo-768x432-1.jpg","keywords":["AMLO","Andr\u00e9s Manuel L\u00f3pez Obrador","Estados Unidos","Joe Biden"],"articleSection":["NOTICIAS NACIONALES"],"inLanguage":"es","potentialAction":[{"@type":"CommentAction","name":"Comment","target":["https:\/\/fuentesfidedignas.com.mx\/index.php\/2021\/11\/09\/biden-planea-cumbre-presencial-con-trudeau-y-amlo-la-proxima-semana\/#respond"]}]},{"@type":"WebPage","@id":"https:\/\/fuentesfidedignas.com.mx\/index.php\/2021\/11\/09\/biden-planea-cumbre-presencial-con-trudeau-y-amlo-la-proxima-semana\/","url":"https:\/\/fuentesfidedignas.com.mx\/index.php\/2021\/11\/09\/biden-planea-cumbre-presencial-con-trudeau-y-amlo-la-proxima-semana\/","name":"Biden planea cumbre presencial con Trudeau y AMLO la pr\u00f3xima semana - Fuentes Fidedignas","isPartOf":{"@id":"https:\/\/fuentesfidedignas.com.mx\/#website"},"primaryImageOfPage":{"@id":"https:\/\/fuentesfidedignas.com.mx\/index.php\/2021\/11\/09\/biden-planea-cumbre-presencial-con-trudeau-y-amlo-la-proxima-semana\/#primaryimage"},"image":{"@id":"https:\/\/fuentesfidedignas.com.mx\/index.php\/2021\/11\/09\/biden-planea-cumbre-presencial-con-trudeau-y-amlo-la-proxima-semana\/#primaryimage"},"thumbnailUrl":"https:\/\/fuentesfidedignas.com.mx\/wp-content\/uploads\/2021\/11\/biden-amlo-768x432-1.jpg","datePublished":"2021-11-09T18:56:47+00:00","dateModified":"2021-11-09T18:56:49+00:00","breadcrumb":{"@id":"https:\/\/fuentesfidedignas.com.mx\/index.php\/2021\/11\/09\/biden-planea-cumbre-presencial-con-trudeau-y-amlo-la-proxima-semana\/#breadcrumb"},"inLanguage":"es","potentialAction":[{"@type":"ReadAction","target":["https:\/\/fuentesfidedignas.com.mx\/index.php\/2021\/11\/09\/biden-planea-cumbre-presencial-con-trudeau-y-amlo-la-proxima-semana\/"]}]},{"@type":"ImageObject","inLanguage":"es","@id":"https:\/\/fuentesfidedignas.com.mx\/index.php\/2021\/11\/09\/biden-planea-cumbre-presencial-con-trudeau-y-amlo-la-proxima-semana\/#primaryimage","url":"https:\/\/fuentesfidedignas.com.mx\/wp-content\/uploads\/2021\/11\/biden-amlo-768x432-1.jpg","contentUrl":"https:\/\/fuentesfidedignas.com.mx\/wp-content\/uploads\/2021\/11\/biden-amlo-768x432-1.jpg","width":768,"height":432},{"@type":"BreadcrumbList","@id":"https:\/\/fuentesfidedignas.com.mx\/index.php\/2021\/11\/09\/biden-planea-cumbre-presencial-con-trudeau-y-amlo-la-proxima-semana\/#breadcrumb","itemListElement":[{"@type":"ListItem","position":1,"name":"Inicio","item":"https:\/\/fuentesfidedignas.com.mx\/"},{"@type":"ListItem","position":2,"name":"Biden planea cumbre presencial con Trudeau y AMLO la pr\u00f3xima semana"}]},{"@type":"WebSite","@id":"https:\/\/fuentesfidedignas.com.mx\/#website","url":"https:\/\/fuentesfidedignas.com.mx\/","name":"Fuentes Fidedignas","description":"Otro sitio realizado con WordPress","publisher":{"@id":"https:\/\/fuentesfidedignas.com.mx\/#organization"},"potentialAction":[{"@type":"SearchAction","target":{"@type":"EntryPoint","urlTemplate":"https:\/\/fuentesfidedignas.com.mx\/?s={search_term_string}"},"query-input":{"@type":"PropertyValueSpecification","valueRequired":true,"valueName":"search_term_string"}}],"inLanguage":"es"},{"@type":"Organization","@id":"https:\/\/fuentesfidedignas.com.mx\/#organization","name":"Fuentes Fidedignas","url":"https:\/\/fuentesfidedignas.com.mx\/","logo":{"@type":"ImageObject","inLanguage":"es","@id":"https:\/\/fuentesfidedignas.com.mx\/#\/schema\/logo\/image\/","url":"https:\/\/fuentesfidedignas.com.mx\/wp-content\/uploads\/2021\/04\/logo-retina.png","contentUrl":"https:\/\/fuentesfidedignas.com.mx\/wp-content\/uploads\/2021\/04\/logo-retina.png","width":280,"height":51,"caption":"Fuentes Fidedignas"},"image":{"@id":"https:\/\/fuentesfidedignas.com.mx\/#\/schema\/logo\/image\/"},"sameAs":["https:\/\/www.facebook.com\/Fuentes-Fidedignas-368234489921644","https:\/\/x.com\/fidedignas"]},{"@type":"Person","@id":"https:\/\/fuentesfidedignas.com.mx\/#\/schema\/person\/5623d53fe2e579d825b1679734abcc44","name":"Forbes","image":{"@type":"ImageObject","inLanguage":"es","@id":"https:\/\/secure.gravatar.com\/avatar\/87ce3dd4e41e60c22a79c758614f01a6bc2469255fc936ec7b15efb9bb5cb66f?s=96&d=mm&r=g","url":"https:\/\/secure.gravatar.com\/avatar\/87ce3dd4e41e60c22a79c758614f01a6bc2469255fc936ec7b15efb9bb5cb66f?s=96&d=mm&r=g","contentUrl":"https:\/\/secure.gravatar.com\/avatar\/87ce3dd4e41e60c22a79c758614f01a6bc2469255fc936ec7b15efb9bb5cb66f?s=96&d=mm&r=g","caption":"Forbes"},"url":"https:\/\/fuentesfidedignas.com.mx\/index.php\/author\/forbes\/"}]}},"_links":{"self":[{"href":"https:\/\/fuentesfidedignas.com.mx\/index.php\/wp-json\/wp\/v2\/posts\/17045","targetHints":{"allow":["GET"]}}],"collection":[{"href":"https:\/\/fuentesfidedignas.com.mx\/index.php\/wp-json\/wp\/v2\/posts"}],"about":[{"href":"https:\/\/fuentesfidedignas.com.mx\/index.php\/wp-json\/wp\/v2\/types\/post"}],"author":[{"embeddable":true,"href":"https:\/\/fuentesfidedignas.com.mx\/index.php\/wp-json\/wp\/v2\/users\/5"}],"replies":[{"embeddable":true,"href":"https:\/\/fuentesfidedignas.com.mx\/index.php\/wp-json\/wp\/v2\/comments?post=17045"}],"version-history":[{"count":1,"href":"https:\/\/fuentesfidedignas.com.mx\/index.php\/wp-json\/wp\/v2\/posts\/17045\/revisions"}],"predecessor-version":[{"id":17047,"href":"https:\/\/fuentesfidedignas.com.mx\/index.php\/wp-json\/wp\/v2\/posts\/17045\/revisions\/17047"}],"wp:featuredmedia":[{"embeddable":true,"href":"https:\/\/fuentesfidedignas.com.mx\/index.php\/wp-json\/wp\/v2\/media\/17046"}],"wp:attachment":[{"href":"https:\/\/fuentesfidedignas.com.mx\/index.php\/wp-json\/wp\/v2\/media?parent=17045"}],"wp:term":[{"taxonomy":"category","embeddable":true,"href":"https:\/\/fuentesfidedignas.com.mx\/index.php\/wp-json\/wp\/v2\/categories?post=17045"},{"taxonomy":"post_tag","embeddable":true,"href":"https:\/\/fuentesfidedignas.com.mx\/index.php\/wp-json\/wp\/v2\/tags?post=17045"}],"curies":[{"name":"wp","href":"https:\/\/api.w.org\/{rel}","templated":true}]}}