{"id":17027,"date":"2021-11-09T06:33:02","date_gmt":"2021-11-09T13:33:02","guid":{"rendered":"https:\/\/fuentesfidedignas.com.mx\/?p=17027"},"modified":"2021-11-09T06:34:19","modified_gmt":"2021-11-09T13:34:19","slug":"cruces-fluidos-luego-de-la-reapertura-fronteriza-de-eu","status":"publish","type":"post","link":"https:\/\/fuentesfidedignas.com.mx\/index.php\/2021\/11\/09\/cruces-fluidos-luego-de-la-reapertura-fronteriza-de-eu\/","title":{"rendered":"Cruces fluidos luego de la reapertura fronteriza de EU"},"content":{"rendered":"\n<p><br><strong><em>La SRE inform\u00f3 ayer que la reanudaci\u00f3n de actividades no esenciales fronterizas con el vecino del norte se realiz\u00f3 sin incidentes y de manera regular<\/em><\/strong><\/p>\n\n\n\n<p>Nogales, Son. Despu\u00e9s de las largas filas que se formaron desde la tarde del domingo de ciudadanos que con sus esquemas completos de vacunaci\u00f3n pretend\u00edan ingresar a partir el primer minuto del lunes a Estados Unidos por los cruces fronterizos, cerrados durante 19 meses a los viajes no esenciales debido a la pandemia de Covid-19, a lo largo del d\u00eda el paso por las garitas fue fluido, sin colas peatonales ni vehiculares. No hubo incidentes mayores en ninguno de los puertos migratorios de Baja California, Sonora, Chihuahua, Coahuila, Nuevo Le\u00f3n y Tamaulipas.<\/p>\n\n\n\n<p>Antes de la emergencia sanitaria, pasar de Tijuana, Baja California, a San Diego, California, a trav\u00e9s de las garitas de San Ysidro u Otay Mesa, requer\u00eda en promedio una espera de tres horas. Pero ayer a las 8 horas, la demora fue de 10 minutos y lo mismo ocurri\u00f3 en la frontera entre Calexico y Mexicali, la capital bajacaliforniana.<\/p>\n\n\n\n<p>En este contexto, la gobernadora de Baja California, Marina del Pilar \u00c1vila, coment\u00f3 durante un acto protocolario en San Diego que la movilidad fronteriza en la regi\u00f3n se redujo de 114 millones de personas en 2019 a 31 millones en lo que va de este a\u00f1o.<\/p>\n\n\n\n<p>La afluencia de viajeros en las puertas Dennis DeConcini y Mariposa, en Nogales, Sonora, tambi\u00e9n fue menor a la esperada. Unos 300 migrantes mexicanos, 220 de ellos menores de edad, bloquearon durante unos 10 minutos la garita internacional Dennis DeConcini, para exigir asilo pol\u00edtico al gobierno estadunidense, y se retiraron luego de que agentes del pa\u00eds vecino impidieron el acceso.<\/p>\n\n\n\n<p>Quienes entraron a El Paso, Texas, por los puentes internacionales entre esa localidad y Ciudad Ju\u00e1rez, Chihuahua, tardaron ayer como m\u00e1ximo 10 minutos en llegar ante autoridades migratorias estadunidenses, aunque la noche del domingo las filas de veh\u00edculos abarcaron hasta dos kil\u00f3metros.<\/p>\n\n\n\n<p>Autoridades dijeron esperar que se incrementen los visitantes en los tres puentes que unen a Ju\u00e1rez con El Paso, al acercarse el D\u00eda de Acci\u00f3n de Gracias celebrado en Estados Unidos; por eso el alcalde juarense, Cruz P\u00e9rez Cu\u00e9llar, anunci\u00f3 que el operativo vial continuar\u00e1 al menos hasta fin de a\u00f1o.<\/p>\n\n\n\n<p>La presidenta municipal de Nuevo Laredo, Tamaulipas, Carmen Lilia Canturosas, y el alcalde de Laredo, Texas, Pete Saenz, acompa\u00f1ados por los senadores de Morena Jos\u00e9 Narro C\u00e9spedes y Am\u00e9rico Villarreal, participaron en una ceremonia para celebrar la reapertura.<\/p>\n","protected":false},"excerpt":{"rendered":"<p>La SRE inform\u00f3 ayer que la reanudaci\u00f3n de actividades no esenciales fronterizas con el vecino del norte se realiz\u00f3 sin incidentes y de manera regular Nogales, Son. Despu\u00e9s de las largas filas que se formaron desde la tarde del domingo de ciudadanos que con sus esquemas completos de vacunaci\u00f3n pretend\u00edan ingresar a partir el primer [&hellip;]<\/p>\n","protected":false},"author":45,"featured_media":17028,"comment_status":"open","ping_status":"open","sticky":false,"template":"","format":"standard","meta":{"tdm_status":"","tdm_grid_status":"","footnotes":""},"categories":[37],"tags":[],"class_list":{"0":"post-17027","1":"post","2":"type-post","3":"status-publish","4":"format-standard","5":"has-post-thumbnail","7":"category-nota-principal"},"yoast_head":"<!-- This site is optimized with the Yoast SEO plugin v27.4 - https:\/\/yoast.com\/product\/yoast-seo-wordpress\/ -->\n<title>Cruces fluidos luego de la reapertura fronteriza de EU - Fuentes Fidedignas<\/title>\n<meta name=\"robots\" content=\"index, follow, max-snippet:-1, max-image-preview:large, max-video-preview:-1\" \/>\n<link rel=\"canonical\" href=\"https:\/\/fuentesfidedignas.com.mx\/index.php\/2021\/11\/09\/cruces-fluidos-luego-de-la-reapertura-fronteriza-de-eu\/\" \/>\n<meta property=\"og:locale\" content=\"es_MX\" \/>\n<meta property=\"og:type\" content=\"article\" \/>\n<meta property=\"og:title\" content=\"Cruces fluidos luego de la reapertura fronteriza de EU - Fuentes Fidedignas\" \/>\n<meta property=\"og:description\" content=\"La SRE inform\u00f3 ayer que la reanudaci\u00f3n de actividades no esenciales fronterizas con el vecino del norte se realiz\u00f3 sin incidentes y de manera regular Nogales, Son. Despu\u00e9s de las largas filas que se formaron desde la tarde del domingo de ciudadanos que con sus esquemas completos de vacunaci\u00f3n pretend\u00edan ingresar a partir el primer [&hellip;]\" \/>\n<meta property=\"og:url\" content=\"https:\/\/fuentesfidedignas.com.mx\/index.php\/2021\/11\/09\/cruces-fluidos-luego-de-la-reapertura-fronteriza-de-eu\/\" \/>\n<meta property=\"og:site_name\" content=\"Fuentes Fidedignas\" \/>\n<meta property=\"article:publisher\" content=\"https:\/\/www.facebook.com\/Fuentes-Fidedignas-368234489921644\" \/>\n<meta property=\"article:published_time\" content=\"2021-11-09T13:33:02+00:00\" \/>\n<meta property=\"article:modified_time\" content=\"2021-11-09T13:34:19+00:00\" \/>\n<meta property=\"og:image\" content=\"https:\/\/fuentesfidedignas.com.mx\/wp-content\/uploads\/2021\/11\/image_large-13.jpeg\" \/>\n\t<meta property=\"og:image:width\" content=\"454\" \/>\n\t<meta property=\"og:image:height\" content=\"314\" \/>\n\t<meta property=\"og:image:type\" content=\"image\/jpeg\" \/>\n<meta name=\"author\" content=\"La Jornada\" \/>\n<meta name=\"twitter:card\" content=\"summary_large_image\" \/>\n<meta name=\"twitter:creator\" content=\"@fidedignas\" \/>\n<meta name=\"twitter:site\" content=\"@fidedignas\" \/>\n<meta name=\"twitter:label1\" content=\"Escrito por\" \/>\n\t<meta name=\"twitter:data1\" content=\"La Jornada\" \/>\n\t<meta name=\"twitter:label2\" content=\"Tiempo de lectura\" \/>\n\t<meta name=\"twitter:data2\" content=\"2 minutos\" \/>\n<script type=\"application\/ld+json\" class=\"yoast-schema-graph\">{\"@context\":\"https:\\\/\\\/schema.org\",\"@graph\":[{\"@type\":\"Article\",\"@id\":\"https:\\\/\\\/fuentesfidedignas.com.mx\\\/index.php\\\/2021\\\/11\\\/09\\\/cruces-fluidos-luego-de-la-reapertura-fronteriza-de-eu\\\/#article\",\"isPartOf\":{\"@id\":\"https:\\\/\\\/fuentesfidedignas.com.mx\\\/index.php\\\/2021\\\/11\\\/09\\\/cruces-fluidos-luego-de-la-reapertura-fronteriza-de-eu\\\/\"},\"author\":{\"name\":\"La Jornada\",\"@id\":\"https:\\\/\\\/fuentesfidedignas.com.mx\\\/#\\\/schema\\\/person\\\/87eacee4072e149fccc7de67f9634f35\"},\"headline\":\"Cruces fluidos luego de la reapertura fronteriza de EU\",\"datePublished\":\"2021-11-09T13:33:02+00:00\",\"dateModified\":\"2021-11-09T13:34:19+00:00\",\"mainEntityOfPage\":{\"@id\":\"https:\\\/\\\/fuentesfidedignas.com.mx\\\/index.php\\\/2021\\\/11\\\/09\\\/cruces-fluidos-luego-de-la-reapertura-fronteriza-de-eu\\\/\"},\"wordCount\":438,\"commentCount\":0,\"publisher\":{\"@id\":\"https:\\\/\\\/fuentesfidedignas.com.mx\\\/#organization\"},\"image\":{\"@id\":\"https:\\\/\\\/fuentesfidedignas.com.mx\\\/index.php\\\/2021\\\/11\\\/09\\\/cruces-fluidos-luego-de-la-reapertura-fronteriza-de-eu\\\/#primaryimage\"},\"thumbnailUrl\":\"https:\\\/\\\/fuentesfidedignas.com.mx\\\/wp-content\\\/uploads\\\/2021\\\/11\\\/image_large-13.jpeg\",\"articleSection\":[\"NOTA PRINCIPAL\"],\"inLanguage\":\"es\",\"potentialAction\":[{\"@type\":\"CommentAction\",\"name\":\"Comment\",\"target\":[\"https:\\\/\\\/fuentesfidedignas.com.mx\\\/index.php\\\/2021\\\/11\\\/09\\\/cruces-fluidos-luego-de-la-reapertura-fronteriza-de-eu\\\/#respond\"]}]},{\"@type\":\"WebPage\",\"@id\":\"https:\\\/\\\/fuentesfidedignas.com.mx\\\/index.php\\\/2021\\\/11\\\/09\\\/cruces-fluidos-luego-de-la-reapertura-fronteriza-de-eu\\\/\",\"url\":\"https:\\\/\\\/fuentesfidedignas.com.mx\\\/index.php\\\/2021\\\/11\\\/09\\\/cruces-fluidos-luego-de-la-reapertura-fronteriza-de-eu\\\/\",\"name\":\"Cruces fluidos luego de la reapertura fronteriza de EU - Fuentes Fidedignas\",\"isPartOf\":{\"@id\":\"https:\\\/\\\/fuentesfidedignas.com.mx\\\/#website\"},\"primaryImageOfPage\":{\"@id\":\"https:\\\/\\\/fuentesfidedignas.com.mx\\\/index.php\\\/2021\\\/11\\\/09\\\/cruces-fluidos-luego-de-la-reapertura-fronteriza-de-eu\\\/#primaryimage\"},\"image\":{\"@id\":\"https:\\\/\\\/fuentesfidedignas.com.mx\\\/index.php\\\/2021\\\/11\\\/09\\\/cruces-fluidos-luego-de-la-reapertura-fronteriza-de-eu\\\/#primaryimage\"},\"thumbnailUrl\":\"https:\\\/\\\/fuentesfidedignas.com.mx\\\/wp-content\\\/uploads\\\/2021\\\/11\\\/image_large-13.jpeg\",\"datePublished\":\"2021-11-09T13:33:02+00:00\",\"dateModified\":\"2021-11-09T13:34:19+00:00\",\"breadcrumb\":{\"@id\":\"https:\\\/\\\/fuentesfidedignas.com.mx\\\/index.php\\\/2021\\\/11\\\/09\\\/cruces-fluidos-luego-de-la-reapertura-fronteriza-de-eu\\\/#breadcrumb\"},\"inLanguage\":\"es\",\"potentialAction\":[{\"@type\":\"ReadAction\",\"target\":[\"https:\\\/\\\/fuentesfidedignas.com.mx\\\/index.php\\\/2021\\\/11\\\/09\\\/cruces-fluidos-luego-de-la-reapertura-fronteriza-de-eu\\\/\"]}]},{\"@type\":\"ImageObject\",\"inLanguage\":\"es\",\"@id\":\"https:\\\/\\\/fuentesfidedignas.com.mx\\\/index.php\\\/2021\\\/11\\\/09\\\/cruces-fluidos-luego-de-la-reapertura-fronteriza-de-eu\\\/#primaryimage\",\"url\":\"https:\\\/\\\/fuentesfidedignas.com.mx\\\/wp-content\\\/uploads\\\/2021\\\/11\\\/image_large-13.jpeg\",\"contentUrl\":\"https:\\\/\\\/fuentesfidedignas.com.mx\\\/wp-content\\\/uploads\\\/2021\\\/11\\\/image_large-13.jpeg\",\"width\":454,\"height\":314},{\"@type\":\"BreadcrumbList\",\"@id\":\"https:\\\/\\\/fuentesfidedignas.com.mx\\\/index.php\\\/2021\\\/11\\\/09\\\/cruces-fluidos-luego-de-la-reapertura-fronteriza-de-eu\\\/#breadcrumb\",\"itemListElement\":[{\"@type\":\"ListItem\",\"position\":1,\"name\":\"Inicio\",\"item\":\"https:\\\/\\\/fuentesfidedignas.com.mx\\\/\"},{\"@type\":\"ListItem\",\"position\":2,\"name\":\"Cruces fluidos luego de la reapertura fronteriza de EU\"}]},{\"@type\":\"WebSite\",\"@id\":\"https:\\\/\\\/fuentesfidedignas.com.mx\\\/#website\",\"url\":\"https:\\\/\\\/fuentesfidedignas.com.mx\\\/\",\"name\":\"Fuentes Fidedignas\",\"description\":\"Otro sitio realizado con WordPress\",\"publisher\":{\"@id\":\"https:\\\/\\\/fuentesfidedignas.com.mx\\\/#organization\"},\"potentialAction\":[{\"@type\":\"SearchAction\",\"target\":{\"@type\":\"EntryPoint\",\"urlTemplate\":\"https:\\\/\\\/fuentesfidedignas.com.mx\\\/?s={search_term_string}\"},\"query-input\":{\"@type\":\"PropertyValueSpecification\",\"valueRequired\":true,\"valueName\":\"search_term_string\"}}],\"inLanguage\":\"es\"},{\"@type\":\"Organization\",\"@id\":\"https:\\\/\\\/fuentesfidedignas.com.mx\\\/#organization\",\"name\":\"Fuentes Fidedignas\",\"url\":\"https:\\\/\\\/fuentesfidedignas.com.mx\\\/\",\"logo\":{\"@type\":\"ImageObject\",\"inLanguage\":\"es\",\"@id\":\"https:\\\/\\\/fuentesfidedignas.com.mx\\\/#\\\/schema\\\/logo\\\/image\\\/\",\"url\":\"https:\\\/\\\/fuentesfidedignas.com.mx\\\/wp-content\\\/uploads\\\/2021\\\/04\\\/logo-retina.png\",\"contentUrl\":\"https:\\\/\\\/fuentesfidedignas.com.mx\\\/wp-content\\\/uploads\\\/2021\\\/04\\\/logo-retina.png\",\"width\":280,\"height\":51,\"caption\":\"Fuentes Fidedignas\"},\"image\":{\"@id\":\"https:\\\/\\\/fuentesfidedignas.com.mx\\\/#\\\/schema\\\/logo\\\/image\\\/\"},\"sameAs\":[\"https:\\\/\\\/www.facebook.com\\\/Fuentes-Fidedignas-368234489921644\",\"https:\\\/\\\/x.com\\\/fidedignas\"]},{\"@type\":\"Person\",\"@id\":\"https:\\\/\\\/fuentesfidedignas.com.mx\\\/#\\\/schema\\\/person\\\/87eacee4072e149fccc7de67f9634f35\",\"name\":\"La Jornada\",\"image\":{\"@type\":\"ImageObject\",\"inLanguage\":\"es\",\"@id\":\"https:\\\/\\\/secure.gravatar.com\\\/avatar\\\/2b09f15a418e222775ffd645761e3fcecd1fb9d7a38a3ba858adf349aab82c7c?s=96&d=mm&r=g\",\"url\":\"https:\\\/\\\/secure.gravatar.com\\\/avatar\\\/2b09f15a418e222775ffd645761e3fcecd1fb9d7a38a3ba858adf349aab82c7c?s=96&d=mm&r=g\",\"contentUrl\":\"https:\\\/\\\/secure.gravatar.com\\\/avatar\\\/2b09f15a418e222775ffd645761e3fcecd1fb9d7a38a3ba858adf349aab82c7c?s=96&d=mm&r=g\",\"caption\":\"La Jornada\"},\"url\":\"https:\\\/\\\/fuentesfidedignas.com.mx\\\/index.php\\\/author\\\/jornada\\\/\"}]}<\/script>\n<!-- \/ Yoast SEO plugin. -->","yoast_head_json":{"title":"Cruces fluidos luego de la reapertura fronteriza de EU - Fuentes Fidedignas","robots":{"index":"index","follow":"follow","max-snippet":"max-snippet:-1","max-image-preview":"max-image-preview:large","max-video-preview":"max-video-preview:-1"},"canonical":"https:\/\/fuentesfidedignas.com.mx\/index.php\/2021\/11\/09\/cruces-fluidos-luego-de-la-reapertura-fronteriza-de-eu\/","og_locale":"es_MX","og_type":"article","og_title":"Cruces fluidos luego de la reapertura fronteriza de EU - Fuentes Fidedignas","og_description":"La SRE inform\u00f3 ayer que la reanudaci\u00f3n de actividades no esenciales fronterizas con el vecino del norte se realiz\u00f3 sin incidentes y de manera regular Nogales, Son. Despu\u00e9s de las largas filas que se formaron desde la tarde del domingo de ciudadanos que con sus esquemas completos de vacunaci\u00f3n pretend\u00edan ingresar a partir el primer [&hellip;]","og_url":"https:\/\/fuentesfidedignas.com.mx\/index.php\/2021\/11\/09\/cruces-fluidos-luego-de-la-reapertura-fronteriza-de-eu\/","og_site_name":"Fuentes Fidedignas","article_publisher":"https:\/\/www.facebook.com\/Fuentes-Fidedignas-368234489921644","article_published_time":"2021-11-09T13:33:02+00:00","article_modified_time":"2021-11-09T13:34:19+00:00","og_image":[{"width":454,"height":314,"url":"https:\/\/fuentesfidedignas.com.mx\/wp-content\/uploads\/2021\/11\/image_large-13.jpeg","type":"image\/jpeg"}],"author":"La Jornada","twitter_card":"summary_large_image","twitter_creator":"@fidedignas","twitter_site":"@fidedignas","twitter_misc":{"Escrito por":"La Jornada","Tiempo de lectura":"2 minutos"},"schema":{"@context":"https:\/\/schema.org","@graph":[{"@type":"Article","@id":"https:\/\/fuentesfidedignas.com.mx\/index.php\/2021\/11\/09\/cruces-fluidos-luego-de-la-reapertura-fronteriza-de-eu\/#article","isPartOf":{"@id":"https:\/\/fuentesfidedignas.com.mx\/index.php\/2021\/11\/09\/cruces-fluidos-luego-de-la-reapertura-fronteriza-de-eu\/"},"author":{"name":"La Jornada","@id":"https:\/\/fuentesfidedignas.com.mx\/#\/schema\/person\/87eacee4072e149fccc7de67f9634f35"},"headline":"Cruces fluidos luego de la reapertura fronteriza de EU","datePublished":"2021-11-09T13:33:02+00:00","dateModified":"2021-11-09T13:34:19+00:00","mainEntityOfPage":{"@id":"https:\/\/fuentesfidedignas.com.mx\/index.php\/2021\/11\/09\/cruces-fluidos-luego-de-la-reapertura-fronteriza-de-eu\/"},"wordCount":438,"commentCount":0,"publisher":{"@id":"https:\/\/fuentesfidedignas.com.mx\/#organization"},"image":{"@id":"https:\/\/fuentesfidedignas.com.mx\/index.php\/2021\/11\/09\/cruces-fluidos-luego-de-la-reapertura-fronteriza-de-eu\/#primaryimage"},"thumbnailUrl":"https:\/\/fuentesfidedignas.com.mx\/wp-content\/uploads\/2021\/11\/image_large-13.jpeg","articleSection":["NOTA PRINCIPAL"],"inLanguage":"es","potentialAction":[{"@type":"CommentAction","name":"Comment","target":["https:\/\/fuentesfidedignas.com.mx\/index.php\/2021\/11\/09\/cruces-fluidos-luego-de-la-reapertura-fronteriza-de-eu\/#respond"]}]},{"@type":"WebPage","@id":"https:\/\/fuentesfidedignas.com.mx\/index.php\/2021\/11\/09\/cruces-fluidos-luego-de-la-reapertura-fronteriza-de-eu\/","url":"https:\/\/fuentesfidedignas.com.mx\/index.php\/2021\/11\/09\/cruces-fluidos-luego-de-la-reapertura-fronteriza-de-eu\/","name":"Cruces fluidos luego de la reapertura fronteriza de EU - Fuentes Fidedignas","isPartOf":{"@id":"https:\/\/fuentesfidedignas.com.mx\/#website"},"primaryImageOfPage":{"@id":"https:\/\/fuentesfidedignas.com.mx\/index.php\/2021\/11\/09\/cruces-fluidos-luego-de-la-reapertura-fronteriza-de-eu\/#primaryimage"},"image":{"@id":"https:\/\/fuentesfidedignas.com.mx\/index.php\/2021\/11\/09\/cruces-fluidos-luego-de-la-reapertura-fronteriza-de-eu\/#primaryimage"},"thumbnailUrl":"https:\/\/fuentesfidedignas.com.mx\/wp-content\/uploads\/2021\/11\/image_large-13.jpeg","datePublished":"2021-11-09T13:33:02+00:00","dateModified":"2021-11-09T13:34:19+00:00","breadcrumb":{"@id":"https:\/\/fuentesfidedignas.com.mx\/index.php\/2021\/11\/09\/cruces-fluidos-luego-de-la-reapertura-fronteriza-de-eu\/#breadcrumb"},"inLanguage":"es","potentialAction":[{"@type":"ReadAction","target":["https:\/\/fuentesfidedignas.com.mx\/index.php\/2021\/11\/09\/cruces-fluidos-luego-de-la-reapertura-fronteriza-de-eu\/"]}]},{"@type":"ImageObject","inLanguage":"es","@id":"https:\/\/fuentesfidedignas.com.mx\/index.php\/2021\/11\/09\/cruces-fluidos-luego-de-la-reapertura-fronteriza-de-eu\/#primaryimage","url":"https:\/\/fuentesfidedignas.com.mx\/wp-content\/uploads\/2021\/11\/image_large-13.jpeg","contentUrl":"https:\/\/fuentesfidedignas.com.mx\/wp-content\/uploads\/2021\/11\/image_large-13.jpeg","width":454,"height":314},{"@type":"BreadcrumbList","@id":"https:\/\/fuentesfidedignas.com.mx\/index.php\/2021\/11\/09\/cruces-fluidos-luego-de-la-reapertura-fronteriza-de-eu\/#breadcrumb","itemListElement":[{"@type":"ListItem","position":1,"name":"Inicio","item":"https:\/\/fuentesfidedignas.com.mx\/"},{"@type":"ListItem","position":2,"name":"Cruces fluidos luego de la reapertura fronteriza de EU"}]},{"@type":"WebSite","@id":"https:\/\/fuentesfidedignas.com.mx\/#website","url":"https:\/\/fuentesfidedignas.com.mx\/","name":"Fuentes Fidedignas","description":"Otro sitio realizado con WordPress","publisher":{"@id":"https:\/\/fuentesfidedignas.com.mx\/#organization"},"potentialAction":[{"@type":"SearchAction","target":{"@type":"EntryPoint","urlTemplate":"https:\/\/fuentesfidedignas.com.mx\/?s={search_term_string}"},"query-input":{"@type":"PropertyValueSpecification","valueRequired":true,"valueName":"search_term_string"}}],"inLanguage":"es"},{"@type":"Organization","@id":"https:\/\/fuentesfidedignas.com.mx\/#organization","name":"Fuentes Fidedignas","url":"https:\/\/fuentesfidedignas.com.mx\/","logo":{"@type":"ImageObject","inLanguage":"es","@id":"https:\/\/fuentesfidedignas.com.mx\/#\/schema\/logo\/image\/","url":"https:\/\/fuentesfidedignas.com.mx\/wp-content\/uploads\/2021\/04\/logo-retina.png","contentUrl":"https:\/\/fuentesfidedignas.com.mx\/wp-content\/uploads\/2021\/04\/logo-retina.png","width":280,"height":51,"caption":"Fuentes Fidedignas"},"image":{"@id":"https:\/\/fuentesfidedignas.com.mx\/#\/schema\/logo\/image\/"},"sameAs":["https:\/\/www.facebook.com\/Fuentes-Fidedignas-368234489921644","https:\/\/x.com\/fidedignas"]},{"@type":"Person","@id":"https:\/\/fuentesfidedignas.com.mx\/#\/schema\/person\/87eacee4072e149fccc7de67f9634f35","name":"La Jornada","image":{"@type":"ImageObject","inLanguage":"es","@id":"https:\/\/secure.gravatar.com\/avatar\/2b09f15a418e222775ffd645761e3fcecd1fb9d7a38a3ba858adf349aab82c7c?s=96&d=mm&r=g","url":"https:\/\/secure.gravatar.com\/avatar\/2b09f15a418e222775ffd645761e3fcecd1fb9d7a38a3ba858adf349aab82c7c?s=96&d=mm&r=g","contentUrl":"https:\/\/secure.gravatar.com\/avatar\/2b09f15a418e222775ffd645761e3fcecd1fb9d7a38a3ba858adf349aab82c7c?s=96&d=mm&r=g","caption":"La Jornada"},"url":"https:\/\/fuentesfidedignas.com.mx\/index.php\/author\/jornada\/"}]}},"_links":{"self":[{"href":"https:\/\/fuentesfidedignas.com.mx\/index.php\/wp-json\/wp\/v2\/posts\/17027","targetHints":{"allow":["GET"]}}],"collection":[{"href":"https:\/\/fuentesfidedignas.com.mx\/index.php\/wp-json\/wp\/v2\/posts"}],"about":[{"href":"https:\/\/fuentesfidedignas.com.mx\/index.php\/wp-json\/wp\/v2\/types\/post"}],"author":[{"embeddable":true,"href":"https:\/\/fuentesfidedignas.com.mx\/index.php\/wp-json\/wp\/v2\/users\/45"}],"replies":[{"embeddable":true,"href":"https:\/\/fuentesfidedignas.com.mx\/index.php\/wp-json\/wp\/v2\/comments?post=17027"}],"version-history":[{"count":2,"href":"https:\/\/fuentesfidedignas.com.mx\/index.php\/wp-json\/wp\/v2\/posts\/17027\/revisions"}],"predecessor-version":[{"id":17030,"href":"https:\/\/fuentesfidedignas.com.mx\/index.php\/wp-json\/wp\/v2\/posts\/17027\/revisions\/17030"}],"wp:featuredmedia":[{"embeddable":true,"href":"https:\/\/fuentesfidedignas.com.mx\/index.php\/wp-json\/wp\/v2\/media\/17028"}],"wp:attachment":[{"href":"https:\/\/fuentesfidedignas.com.mx\/index.php\/wp-json\/wp\/v2\/media?parent=17027"}],"wp:term":[{"taxonomy":"category","embeddable":true,"href":"https:\/\/fuentesfidedignas.com.mx\/index.php\/wp-json\/wp\/v2\/categories?post=17027"},{"taxonomy":"post_tag","embeddable":true,"href":"https:\/\/fuentesfidedignas.com.mx\/index.php\/wp-json\/wp\/v2\/tags?post=17027"}],"curies":[{"name":"wp","href":"https:\/\/api.w.org\/{rel}","templated":true}]}}