{"id":16776,"date":"2021-11-05T14:32:25","date_gmt":"2021-11-05T21:32:25","guid":{"rendered":"https:\/\/fuentesfidedignas.com.mx\/?p=16776"},"modified":"2021-11-05T14:32:26","modified_gmt":"2021-11-05T21:32:26","slug":"rinde-protesta-a-olga-lidia-montoya-ceyca-como-coordinadora-de-inapam-angostura","status":"publish","type":"post","link":"https:\/\/fuentesfidedignas.com.mx\/index.php\/2021\/11\/05\/rinde-protesta-a-olga-lidia-montoya-ceyca-como-coordinadora-de-inapam-angostura\/","title":{"rendered":"Rinde protesta a Olga Lidia Montoya Ceyca como coordinadora de Inapam Angostura"},"content":{"rendered":"\n<p><strong><em>Fue la directora del DIF Mar\u00eda de Los \u00c1ngeles Gaxiola Beltr\u00e1n quien tom\u00f3 protesta a este nuevo cargo<\/em><\/strong><\/p>\n\n\n\n<p>Angostura, Sin.- Con el objetivo de trabajar en la b\u00fasqueda de mejorar la calidad de vida de los adultos mayores, la directora del Sistema DIF, Angostura, Mar\u00eda de Los \u00c1ngeles Gaxiola Beltr\u00e1n, tom\u00f3 a protesta a quien fungir\u00e1 como la nueva coordinadora de INAPAM, Lidia Montoya Ceyca.<\/p>\n\n\n\n<p>En un evento desarrollado dentro de las instalaciones del Sistema DIF, la directora dese\u00f3 el mejor de los \u00e9xitos a la nueva coordinadora, as\u00ed como tambi\u00e9n le solicit\u00f3 trabajar siempre en la mejora de atenci\u00f3n a los adultos.<\/p>\n\n\n\n<p>Destac\u00f3 adem\u00e1s que para esta nueva administraci\u00f3n ser\u00e1 de suma importancia la inclusi\u00f3n de los adultos con el objetivo de mejorar su calidad de vida.<\/p>\n\n\n\n<p>Indic\u00f3 que, Montoya Ceyca es una mujer con muchas ganas de trabajar, la cual quiere estar muy atenta a los adultos mayores y a cualquier necesidad que presenten.<\/p>\n\n\n\n<p>Por lo que invit\u00f3 a los adultos mayores a acercarse a las instalaciones del Sistema DIF si tienen alguna necesidad, como lo son las cartas de vinculaci\u00f3n laboral.<\/p>\n\n\n\n<p>Por su parte, la nueva coordinadora se comprometi\u00f3 a siempre trabajar en beneficio de los adultos mayores, buscando gestionar programas de apoyo.<\/p>\n","protected":false},"excerpt":{"rendered":"<p>Fue la directora del DIF Mar\u00eda de Los \u00c1ngeles Gaxiola Beltr\u00e1n quien tom\u00f3 protesta a este nuevo cargo Angostura, Sin.- Con el objetivo de trabajar en la b\u00fasqueda de mejorar la calidad de vida de los adultos mayores, la directora del Sistema DIF, Angostura, Mar\u00eda de Los \u00c1ngeles Gaxiola Beltr\u00e1n, tom\u00f3 a protesta a quien [&hellip;]<\/p>\n","protected":false},"author":4,"featured_media":0,"comment_status":"open","ping_status":"open","sticky":false,"template":"","format":"standard","meta":{"tdm_status":"","tdm_grid_status":"","footnotes":""},"categories":[38],"tags":[691,1198,2121],"class_list":{"0":"post-16776","1":"post","2":"type-post","3":"status-publish","4":"format-standard","6":"category-noticias-locales","7":"tag-angostura","8":"tag-dif","9":"tag-maria-de-los-angeles-gaxiola-beltran"},"yoast_head":"<!-- This site is optimized with the Yoast SEO plugin v27.5 - https:\/\/yoast.com\/product\/yoast-seo-wordpress\/ -->\n<title>Rinde protesta a Olga Lidia Montoya Ceyca como coordinadora de Inapam Angostura - Fuentes Fidedignas<\/title>\n<meta name=\"robots\" content=\"index, follow, max-snippet:-1, max-image-preview:large, max-video-preview:-1\" \/>\n<link rel=\"canonical\" href=\"https:\/\/fuentesfidedignas.com.mx\/index.php\/2021\/11\/05\/rinde-protesta-a-olga-lidia-montoya-ceyca-como-coordinadora-de-inapam-angostura\/\" \/>\n<meta property=\"og:locale\" content=\"es_MX\" \/>\n<meta property=\"og:type\" content=\"article\" \/>\n<meta property=\"og:title\" content=\"Rinde protesta a Olga Lidia Montoya Ceyca como coordinadora de Inapam Angostura - Fuentes Fidedignas\" \/>\n<meta property=\"og:description\" content=\"Fue la directora del DIF Mar\u00eda de Los \u00c1ngeles Gaxiola Beltr\u00e1n quien tom\u00f3 protesta a este nuevo cargo Angostura, Sin.- Con el objetivo de trabajar en la b\u00fasqueda de mejorar la calidad de vida de los adultos mayores, la directora del Sistema DIF, Angostura, Mar\u00eda de Los \u00c1ngeles Gaxiola Beltr\u00e1n, tom\u00f3 a protesta a quien [&hellip;]\" \/>\n<meta property=\"og:url\" content=\"https:\/\/fuentesfidedignas.com.mx\/index.php\/2021\/11\/05\/rinde-protesta-a-olga-lidia-montoya-ceyca-como-coordinadora-de-inapam-angostura\/\" \/>\n<meta property=\"og:site_name\" content=\"Fuentes Fidedignas\" \/>\n<meta property=\"article:publisher\" content=\"https:\/\/www.facebook.com\/Fuentes-Fidedignas-368234489921644\" \/>\n<meta property=\"article:published_time\" content=\"2021-11-05T21:32:25+00:00\" \/>\n<meta property=\"article:modified_time\" content=\"2021-11-05T21:32:26+00:00\" \/>\n<meta property=\"og:image\" content=\"https:\/\/fuentesfidedignas.com.mx\/wp-content\/uploads\/2021\/11\/WhatsApp-Image-2021-11-05-at-12.57.16-PM.jpeg\" \/>\n\t<meta property=\"og:image:width\" content=\"1024\" \/>\n\t<meta property=\"og:image:height\" content=\"768\" \/>\n\t<meta property=\"og:image:type\" content=\"image\/jpeg\" \/>\n<meta name=\"author\" content=\"Redacci\u00f3n\" \/>\n<meta name=\"twitter:card\" content=\"summary_large_image\" \/>\n<meta name=\"twitter:creator\" content=\"@fidedignas\" \/>\n<meta name=\"twitter:site\" content=\"@fidedignas\" \/>\n<meta name=\"twitter:label1\" content=\"Escrito por\" \/>\n\t<meta name=\"twitter:data1\" content=\"Redacci\u00f3n\" \/>\n\t<meta name=\"twitter:label2\" content=\"Tiempo de lectura\" \/>\n\t<meta name=\"twitter:data2\" content=\"1 minuto\" \/>\n<script type=\"application\/ld+json\" class=\"yoast-schema-graph\">{\"@context\":\"https:\\\/\\\/schema.org\",\"@graph\":[{\"@type\":\"Article\",\"@id\":\"https:\\\/\\\/fuentesfidedignas.com.mx\\\/index.php\\\/2021\\\/11\\\/05\\\/rinde-protesta-a-olga-lidia-montoya-ceyca-como-coordinadora-de-inapam-angostura\\\/#article\",\"isPartOf\":{\"@id\":\"https:\\\/\\\/fuentesfidedignas.com.mx\\\/index.php\\\/2021\\\/11\\\/05\\\/rinde-protesta-a-olga-lidia-montoya-ceyca-como-coordinadora-de-inapam-angostura\\\/\"},\"author\":{\"name\":\"Redacci\u00f3n\",\"@id\":\"https:\\\/\\\/fuentesfidedignas.com.mx\\\/#\\\/schema\\\/person\\\/331be9283d37198e2acd5750279085b0\"},\"headline\":\"Rinde protesta a Olga Lidia Montoya Ceyca como coordinadora de Inapam Angostura\",\"datePublished\":\"2021-11-05T21:32:25+00:00\",\"dateModified\":\"2021-11-05T21:32:26+00:00\",\"mainEntityOfPage\":{\"@id\":\"https:\\\/\\\/fuentesfidedignas.com.mx\\\/index.php\\\/2021\\\/11\\\/05\\\/rinde-protesta-a-olga-lidia-montoya-ceyca-como-coordinadora-de-inapam-angostura\\\/\"},\"wordCount\":230,\"commentCount\":0,\"publisher\":{\"@id\":\"https:\\\/\\\/fuentesfidedignas.com.mx\\\/#organization\"},\"keywords\":[\"Angostura\",\"DIF\",\"Mar\u00eda de Los \u00c1ngeles Gaxiola Beltr\u00e1n\"],\"articleSection\":[\"NOTICIAS LOCALES\"],\"inLanguage\":\"es\",\"potentialAction\":[{\"@type\":\"CommentAction\",\"name\":\"Comment\",\"target\":[\"https:\\\/\\\/fuentesfidedignas.com.mx\\\/index.php\\\/2021\\\/11\\\/05\\\/rinde-protesta-a-olga-lidia-montoya-ceyca-como-coordinadora-de-inapam-angostura\\\/#respond\"]}]},{\"@type\":\"WebPage\",\"@id\":\"https:\\\/\\\/fuentesfidedignas.com.mx\\\/index.php\\\/2021\\\/11\\\/05\\\/rinde-protesta-a-olga-lidia-montoya-ceyca-como-coordinadora-de-inapam-angostura\\\/\",\"url\":\"https:\\\/\\\/fuentesfidedignas.com.mx\\\/index.php\\\/2021\\\/11\\\/05\\\/rinde-protesta-a-olga-lidia-montoya-ceyca-como-coordinadora-de-inapam-angostura\\\/\",\"name\":\"Rinde protesta a Olga Lidia Montoya Ceyca como coordinadora de Inapam Angostura - Fuentes Fidedignas\",\"isPartOf\":{\"@id\":\"https:\\\/\\\/fuentesfidedignas.com.mx\\\/#website\"},\"datePublished\":\"2021-11-05T21:32:25+00:00\",\"dateModified\":\"2021-11-05T21:32:26+00:00\",\"breadcrumb\":{\"@id\":\"https:\\\/\\\/fuentesfidedignas.com.mx\\\/index.php\\\/2021\\\/11\\\/05\\\/rinde-protesta-a-olga-lidia-montoya-ceyca-como-coordinadora-de-inapam-angostura\\\/#breadcrumb\"},\"inLanguage\":\"es\",\"potentialAction\":[{\"@type\":\"ReadAction\",\"target\":[\"https:\\\/\\\/fuentesfidedignas.com.mx\\\/index.php\\\/2021\\\/11\\\/05\\\/rinde-protesta-a-olga-lidia-montoya-ceyca-como-coordinadora-de-inapam-angostura\\\/\"]}]},{\"@type\":\"BreadcrumbList\",\"@id\":\"https:\\\/\\\/fuentesfidedignas.com.mx\\\/index.php\\\/2021\\\/11\\\/05\\\/rinde-protesta-a-olga-lidia-montoya-ceyca-como-coordinadora-de-inapam-angostura\\\/#breadcrumb\",\"itemListElement\":[{\"@type\":\"ListItem\",\"position\":1,\"name\":\"Inicio\",\"item\":\"https:\\\/\\\/fuentesfidedignas.com.mx\\\/\"},{\"@type\":\"ListItem\",\"position\":2,\"name\":\"Rinde protesta a Olga Lidia Montoya Ceyca como coordinadora de Inapam Angostura\"}]},{\"@type\":\"WebSite\",\"@id\":\"https:\\\/\\\/fuentesfidedignas.com.mx\\\/#website\",\"url\":\"https:\\\/\\\/fuentesfidedignas.com.mx\\\/\",\"name\":\"Fuentes Fidedignas\",\"description\":\"Otro sitio realizado con WordPress\",\"publisher\":{\"@id\":\"https:\\\/\\\/fuentesfidedignas.com.mx\\\/#organization\"},\"potentialAction\":[{\"@type\":\"SearchAction\",\"target\":{\"@type\":\"EntryPoint\",\"urlTemplate\":\"https:\\\/\\\/fuentesfidedignas.com.mx\\\/?s={search_term_string}\"},\"query-input\":{\"@type\":\"PropertyValueSpecification\",\"valueRequired\":true,\"valueName\":\"search_term_string\"}}],\"inLanguage\":\"es\"},{\"@type\":\"Organization\",\"@id\":\"https:\\\/\\\/fuentesfidedignas.com.mx\\\/#organization\",\"name\":\"Fuentes Fidedignas\",\"url\":\"https:\\\/\\\/fuentesfidedignas.com.mx\\\/\",\"logo\":{\"@type\":\"ImageObject\",\"inLanguage\":\"es\",\"@id\":\"https:\\\/\\\/fuentesfidedignas.com.mx\\\/#\\\/schema\\\/logo\\\/image\\\/\",\"url\":\"https:\\\/\\\/fuentesfidedignas.com.mx\\\/wp-content\\\/uploads\\\/2021\\\/04\\\/logo-retina.png\",\"contentUrl\":\"https:\\\/\\\/fuentesfidedignas.com.mx\\\/wp-content\\\/uploads\\\/2021\\\/04\\\/logo-retina.png\",\"width\":280,\"height\":51,\"caption\":\"Fuentes Fidedignas\"},\"image\":{\"@id\":\"https:\\\/\\\/fuentesfidedignas.com.mx\\\/#\\\/schema\\\/logo\\\/image\\\/\"},\"sameAs\":[\"https:\\\/\\\/www.facebook.com\\\/Fuentes-Fidedignas-368234489921644\",\"https:\\\/\\\/x.com\\\/fidedignas\"]},{\"@type\":\"Person\",\"@id\":\"https:\\\/\\\/fuentesfidedignas.com.mx\\\/#\\\/schema\\\/person\\\/331be9283d37198e2acd5750279085b0\",\"name\":\"Redacci\u00f3n\",\"image\":{\"@type\":\"ImageObject\",\"inLanguage\":\"es\",\"@id\":\"https:\\\/\\\/secure.gravatar.com\\\/avatar\\\/f6d8782c11d12b2d4ad3fbb6931aeab5309937a4d6cd2fc9cfaa28a6396a5aec?s=96&d=mm&r=g\",\"url\":\"https:\\\/\\\/secure.gravatar.com\\\/avatar\\\/f6d8782c11d12b2d4ad3fbb6931aeab5309937a4d6cd2fc9cfaa28a6396a5aec?s=96&d=mm&r=g\",\"contentUrl\":\"https:\\\/\\\/secure.gravatar.com\\\/avatar\\\/f6d8782c11d12b2d4ad3fbb6931aeab5309937a4d6cd2fc9cfaa28a6396a5aec?s=96&d=mm&r=g\",\"caption\":\"Redacci\u00f3n\"},\"url\":\"https:\\\/\\\/fuentesfidedignas.com.mx\\\/index.php\\\/author\\\/redaccion\\\/\"}]}<\/script>\n<!-- \/ Yoast SEO plugin. -->","yoast_head_json":{"title":"Rinde protesta a Olga Lidia Montoya Ceyca como coordinadora de Inapam Angostura - Fuentes Fidedignas","robots":{"index":"index","follow":"follow","max-snippet":"max-snippet:-1","max-image-preview":"max-image-preview:large","max-video-preview":"max-video-preview:-1"},"canonical":"https:\/\/fuentesfidedignas.com.mx\/index.php\/2021\/11\/05\/rinde-protesta-a-olga-lidia-montoya-ceyca-como-coordinadora-de-inapam-angostura\/","og_locale":"es_MX","og_type":"article","og_title":"Rinde protesta a Olga Lidia Montoya Ceyca como coordinadora de Inapam Angostura - Fuentes Fidedignas","og_description":"Fue la directora del DIF Mar\u00eda de Los \u00c1ngeles Gaxiola Beltr\u00e1n quien tom\u00f3 protesta a este nuevo cargo Angostura, Sin.- Con el objetivo de trabajar en la b\u00fasqueda de mejorar la calidad de vida de los adultos mayores, la directora del Sistema DIF, Angostura, Mar\u00eda de Los \u00c1ngeles Gaxiola Beltr\u00e1n, tom\u00f3 a protesta a quien [&hellip;]","og_url":"https:\/\/fuentesfidedignas.com.mx\/index.php\/2021\/11\/05\/rinde-protesta-a-olga-lidia-montoya-ceyca-como-coordinadora-de-inapam-angostura\/","og_site_name":"Fuentes Fidedignas","article_publisher":"https:\/\/www.facebook.com\/Fuentes-Fidedignas-368234489921644","article_published_time":"2021-11-05T21:32:25+00:00","article_modified_time":"2021-11-05T21:32:26+00:00","og_image":[{"width":1024,"height":768,"url":"https:\/\/fuentesfidedignas.com.mx\/wp-content\/uploads\/2021\/11\/WhatsApp-Image-2021-11-05-at-12.57.16-PM.jpeg","type":"image\/jpeg"}],"author":"Redacci\u00f3n","twitter_card":"summary_large_image","twitter_creator":"@fidedignas","twitter_site":"@fidedignas","twitter_misc":{"Escrito por":"Redacci\u00f3n","Tiempo de lectura":"1 minuto"},"schema":{"@context":"https:\/\/schema.org","@graph":[{"@type":"Article","@id":"https:\/\/fuentesfidedignas.com.mx\/index.php\/2021\/11\/05\/rinde-protesta-a-olga-lidia-montoya-ceyca-como-coordinadora-de-inapam-angostura\/#article","isPartOf":{"@id":"https:\/\/fuentesfidedignas.com.mx\/index.php\/2021\/11\/05\/rinde-protesta-a-olga-lidia-montoya-ceyca-como-coordinadora-de-inapam-angostura\/"},"author":{"name":"Redacci\u00f3n","@id":"https:\/\/fuentesfidedignas.com.mx\/#\/schema\/person\/331be9283d37198e2acd5750279085b0"},"headline":"Rinde protesta a Olga Lidia Montoya Ceyca como coordinadora de Inapam Angostura","datePublished":"2021-11-05T21:32:25+00:00","dateModified":"2021-11-05T21:32:26+00:00","mainEntityOfPage":{"@id":"https:\/\/fuentesfidedignas.com.mx\/index.php\/2021\/11\/05\/rinde-protesta-a-olga-lidia-montoya-ceyca-como-coordinadora-de-inapam-angostura\/"},"wordCount":230,"commentCount":0,"publisher":{"@id":"https:\/\/fuentesfidedignas.com.mx\/#organization"},"keywords":["Angostura","DIF","Mar\u00eda de Los \u00c1ngeles Gaxiola Beltr\u00e1n"],"articleSection":["NOTICIAS LOCALES"],"inLanguage":"es","potentialAction":[{"@type":"CommentAction","name":"Comment","target":["https:\/\/fuentesfidedignas.com.mx\/index.php\/2021\/11\/05\/rinde-protesta-a-olga-lidia-montoya-ceyca-como-coordinadora-de-inapam-angostura\/#respond"]}]},{"@type":"WebPage","@id":"https:\/\/fuentesfidedignas.com.mx\/index.php\/2021\/11\/05\/rinde-protesta-a-olga-lidia-montoya-ceyca-como-coordinadora-de-inapam-angostura\/","url":"https:\/\/fuentesfidedignas.com.mx\/index.php\/2021\/11\/05\/rinde-protesta-a-olga-lidia-montoya-ceyca-como-coordinadora-de-inapam-angostura\/","name":"Rinde protesta a Olga Lidia Montoya Ceyca como coordinadora de Inapam Angostura - Fuentes Fidedignas","isPartOf":{"@id":"https:\/\/fuentesfidedignas.com.mx\/#website"},"datePublished":"2021-11-05T21:32:25+00:00","dateModified":"2021-11-05T21:32:26+00:00","breadcrumb":{"@id":"https:\/\/fuentesfidedignas.com.mx\/index.php\/2021\/11\/05\/rinde-protesta-a-olga-lidia-montoya-ceyca-como-coordinadora-de-inapam-angostura\/#breadcrumb"},"inLanguage":"es","potentialAction":[{"@type":"ReadAction","target":["https:\/\/fuentesfidedignas.com.mx\/index.php\/2021\/11\/05\/rinde-protesta-a-olga-lidia-montoya-ceyca-como-coordinadora-de-inapam-angostura\/"]}]},{"@type":"BreadcrumbList","@id":"https:\/\/fuentesfidedignas.com.mx\/index.php\/2021\/11\/05\/rinde-protesta-a-olga-lidia-montoya-ceyca-como-coordinadora-de-inapam-angostura\/#breadcrumb","itemListElement":[{"@type":"ListItem","position":1,"name":"Inicio","item":"https:\/\/fuentesfidedignas.com.mx\/"},{"@type":"ListItem","position":2,"name":"Rinde protesta a Olga Lidia Montoya Ceyca como coordinadora de Inapam Angostura"}]},{"@type":"WebSite","@id":"https:\/\/fuentesfidedignas.com.mx\/#website","url":"https:\/\/fuentesfidedignas.com.mx\/","name":"Fuentes Fidedignas","description":"Otro sitio realizado con WordPress","publisher":{"@id":"https:\/\/fuentesfidedignas.com.mx\/#organization"},"potentialAction":[{"@type":"SearchAction","target":{"@type":"EntryPoint","urlTemplate":"https:\/\/fuentesfidedignas.com.mx\/?s={search_term_string}"},"query-input":{"@type":"PropertyValueSpecification","valueRequired":true,"valueName":"search_term_string"}}],"inLanguage":"es"},{"@type":"Organization","@id":"https:\/\/fuentesfidedignas.com.mx\/#organization","name":"Fuentes Fidedignas","url":"https:\/\/fuentesfidedignas.com.mx\/","logo":{"@type":"ImageObject","inLanguage":"es","@id":"https:\/\/fuentesfidedignas.com.mx\/#\/schema\/logo\/image\/","url":"https:\/\/fuentesfidedignas.com.mx\/wp-content\/uploads\/2021\/04\/logo-retina.png","contentUrl":"https:\/\/fuentesfidedignas.com.mx\/wp-content\/uploads\/2021\/04\/logo-retina.png","width":280,"height":51,"caption":"Fuentes Fidedignas"},"image":{"@id":"https:\/\/fuentesfidedignas.com.mx\/#\/schema\/logo\/image\/"},"sameAs":["https:\/\/www.facebook.com\/Fuentes-Fidedignas-368234489921644","https:\/\/x.com\/fidedignas"]},{"@type":"Person","@id":"https:\/\/fuentesfidedignas.com.mx\/#\/schema\/person\/331be9283d37198e2acd5750279085b0","name":"Redacci\u00f3n","image":{"@type":"ImageObject","inLanguage":"es","@id":"https:\/\/secure.gravatar.com\/avatar\/f6d8782c11d12b2d4ad3fbb6931aeab5309937a4d6cd2fc9cfaa28a6396a5aec?s=96&d=mm&r=g","url":"https:\/\/secure.gravatar.com\/avatar\/f6d8782c11d12b2d4ad3fbb6931aeab5309937a4d6cd2fc9cfaa28a6396a5aec?s=96&d=mm&r=g","contentUrl":"https:\/\/secure.gravatar.com\/avatar\/f6d8782c11d12b2d4ad3fbb6931aeab5309937a4d6cd2fc9cfaa28a6396a5aec?s=96&d=mm&r=g","caption":"Redacci\u00f3n"},"url":"https:\/\/fuentesfidedignas.com.mx\/index.php\/author\/redaccion\/"}]}},"_links":{"self":[{"href":"https:\/\/fuentesfidedignas.com.mx\/index.php\/wp-json\/wp\/v2\/posts\/16776","targetHints":{"allow":["GET"]}}],"collection":[{"href":"https:\/\/fuentesfidedignas.com.mx\/index.php\/wp-json\/wp\/v2\/posts"}],"about":[{"href":"https:\/\/fuentesfidedignas.com.mx\/index.php\/wp-json\/wp\/v2\/types\/post"}],"author":[{"embeddable":true,"href":"https:\/\/fuentesfidedignas.com.mx\/index.php\/wp-json\/wp\/v2\/users\/4"}],"replies":[{"embeddable":true,"href":"https:\/\/fuentesfidedignas.com.mx\/index.php\/wp-json\/wp\/v2\/comments?post=16776"}],"version-history":[{"count":1,"href":"https:\/\/fuentesfidedignas.com.mx\/index.php\/wp-json\/wp\/v2\/posts\/16776\/revisions"}],"predecessor-version":[{"id":16778,"href":"https:\/\/fuentesfidedignas.com.mx\/index.php\/wp-json\/wp\/v2\/posts\/16776\/revisions\/16778"}],"wp:attachment":[{"href":"https:\/\/fuentesfidedignas.com.mx\/index.php\/wp-json\/wp\/v2\/media?parent=16776"}],"wp:term":[{"taxonomy":"category","embeddable":true,"href":"https:\/\/fuentesfidedignas.com.mx\/index.php\/wp-json\/wp\/v2\/categories?post=16776"},{"taxonomy":"post_tag","embeddable":true,"href":"https:\/\/fuentesfidedignas.com.mx\/index.php\/wp-json\/wp\/v2\/tags?post=16776"}],"curies":[{"name":"wp","href":"https:\/\/api.w.org\/{rel}","templated":true}]}}