{"id":16759,"date":"2021-11-05T09:05:01","date_gmt":"2021-11-05T16:05:01","guid":{"rendered":"https:\/\/fuentesfidedignas.com.mx\/?p=16759"},"modified":"2021-11-05T09:05:03","modified_gmt":"2021-11-05T16:05:03","slug":"se-extiende-en-europa-cuarta-ola-de-coronavirus-oms","status":"publish","type":"post","link":"https:\/\/fuentesfidedignas.com.mx\/index.php\/2021\/11\/05\/se-extiende-en-europa-cuarta-ola-de-coronavirus-oms\/","title":{"rendered":"Se extiende en Europa cuarta ola de coronavirus: OMS"},"content":{"rendered":"\n<p><strong><em>En las \u00faltimas cuatro semanas, Europa ha experimentado un alarmante incremento de m\u00e1s de 55 por ciento en nuevos casos<\/em><\/strong><\/p>\n\n\n\n<p>Copenhague.- Europa est\u00e1 de nuevo en el epicentro de la pandemia por el \u201cmuy preocupante\u201d ritmo de transmisi\u00f3n en sus 53 pa\u00edses y podr\u00eda provocar medio mill\u00f3n de muertos adicionales a causa del virus hasta febrero, alert\u00f3 ayer Hans Kluge, director de la Organizaci\u00f3n Mundial de la Salud (OMS) para el continente.<\/p>\n\n\n\n<p>\u201cNos encontramos en otro punto cr\u00edtico de repunte de la pandemia\u201d, destac\u00f3 Kluge ante periodistas congregados en la sede europea de la OMS, y se\u00f1al\u00f3 que \u201cEuropa vuelve a estar en el epicentro de la pandemia, donde est\u00e1bamos hace un a\u00f1o\u201d.<\/p>\n\n\n\n<p>La diferencia, explic\u00f3 el doctor, es que ahora las autoridades de salud saben m\u00e1s sobre el virus y tienen mejores herramientas para combatirlo. Este incremento sin precedentes se debe a dos razones: una insuficiente cobertura de vacunaci\u00f3n y el relajamiento de las medidas sociales y de salud p\u00fablica para la contenci\u00f3n del virus, a\u00f1adi\u00f3.<\/p>\n\n\n\n<p>\u201cEn promedio, s\u00f3lo 47 por ciento de las personas en la regi\u00f3n europea tienen la vacunaci\u00f3n completa. Aunque ocho pa\u00edses ya han superado 70 por ciento de cobertura, en dos pa\u00edses la tasa se ubica por debajo de diez por ciento\u201d.<\/p>\n\n\n\n<p>En las \u00faltimas cuatro semanas, Europa ha experimentado un alarmante incremento de m\u00e1s de 55 por ciento en nuevos casos.<\/p>\n\n\n\n<p>La OMS indic\u00f3 en su reporte semanal que la regi\u00f3n alcanz\u00f3 casi 1.8 millones de nuevos casos, un aumento de casi 6 por ciento respecto a la semana anterior, y 24 mil muertes, un incremento de casi 12 por ciento durante el mismo periodo. \u201cEn t\u00e9rminos acumulativos, ahora hay m\u00e1s casos reportados en la regi\u00f3n europea que en el sureste de Asia, el Mediterr\u00e1neo oriental, el Pac\u00edfico occidental y \u00c1frica combinados\u201d, dijo.<\/p>\n\n\n\n<p>Estos son los futbolistas m\u00e1s valiosos tras el coronavirus<br>Esta cuarta ola afecta especialmente a Alemania, que registr\u00f3 ayer un nuevo hito en su registro epidemiol\u00f3gico diario desde que empez\u00f3 la pandemia a nivel local, con 33 mil 949 casos en 24 horas.<\/p>\n\n\n\n<p><strong>En GB recurrir\u00e1n a p\u00edldora<\/strong><\/p>\n\n\n\n<p>Para frenar los nuevos repuntes, Reino Unido, uno de los pa\u00edses del mundo m\u00e1s enlutados por el Covid-19, aprob\u00f3 el antiviral molnupiravir, comercializado como Lagevrio por las farmac\u00e9uticas estadunidenses Merck y Ridgeback Biotherapeutics, que puede reducir las hospitalizaciones hasta en 50 por ciento, incluso en no vacunados.<\/p>\n\n\n\n<p>El medicamento se administrar\u00e1 en dosis de cuatro c\u00e1psulas v\u00eda oral a los pacientes dos veces en 24 horas durante cinco d\u00edas despu\u00e9s de haber dado positivo. \u00c9stas se deber\u00e1n de suministrar a quienes tengan al menos un factor de riesgo, como obesidad, diabetes, enfermedades cardiacas o a los mayores de 60 a\u00f1os.<\/p>\n\n\n\n<p>Merck no inform\u00f3 sobre efectos secundarios graves entre los voluntarios de su ensayo cl\u00ednico, pero investigadores aseguraron que pueden presentarse malestares leves no asociados al Covid-19, como dolores de cabeza.<\/p>\n\n\n\n<p>La Agencia Reguladora de Medicamentos y Productos Sanitarios del Reino Unido lo aprob\u00f3 para su uso en personas con Covid leve a moderado y que tienen al menos un factor de riesgo de desarrollar una enfermedad grave, como personas con inmunodeficiencias.<\/p>\n\n\n\n<p>Merck cobra 713 d\u00f3lares al gobierno estadunidense por cada tratamiento, 40 veces el precio de lo que cuesta fabricarlo, pero no se sabe cu\u00e1l ser\u00e1 el precio para las autoridades brit\u00e1nicas. Se espera que Washington la autorice a finales de este mes con la intenci\u00f3n de que sean gratuitas para la poblaci\u00f3n, al igual que las vacunas.<\/p>\n\n\n\n<p>Otras compa\u00f1\u00edas, incluidas Pfizer, Atea Pharmaceuticals y Roche, estudian medicamentos similares que pueden reportar resultados en las pr\u00f3ximas semanas y meses.<\/p>\n\n\n\n<p>En 2020 se perdieron m\u00e1s de 28 millones de a\u00f1os de vida en 31 pa\u00edses, de acuerdo con un estudio publicado en la revista British Medical Journal. La pandemia ha dejado en el mundo 248 millones 466 mil 545 casos confirmados y 5 millones 27 mil 473 fallecidos, seg\u00fan un recuento de la Universidad Johns Hopkins.<\/p>\n","protected":false},"excerpt":{"rendered":"<p>En las \u00faltimas cuatro semanas, Europa ha experimentado un alarmante incremento de m\u00e1s de 55 por ciento en nuevos casos Copenhague.- Europa est\u00e1 de nuevo en el epicentro de la pandemia por el \u201cmuy preocupante\u201d ritmo de transmisi\u00f3n en sus 53 pa\u00edses y podr\u00eda provocar medio mill\u00f3n de muertos adicionales a causa del virus hasta [&hellip;]<\/p>\n","protected":false},"author":45,"featured_media":16760,"comment_status":"open","ping_status":"open","sticky":false,"template":"","format":"standard","meta":{"tdm_status":"","tdm_grid_status":"","footnotes":""},"categories":[39],"tags":[],"class_list":{"0":"post-16759","1":"post","2":"type-post","3":"status-publish","4":"format-standard","5":"has-post-thumbnail","7":"category-noticias-nacionales"},"yoast_head":"<!-- This site is optimized with the Yoast SEO plugin v27.4 - https:\/\/yoast.com\/product\/yoast-seo-wordpress\/ -->\n<title>Se extiende en Europa cuarta ola de coronavirus: OMS - Fuentes Fidedignas<\/title>\n<meta name=\"robots\" content=\"index, follow, max-snippet:-1, max-image-preview:large, max-video-preview:-1\" \/>\n<link rel=\"canonical\" href=\"https:\/\/fuentesfidedignas.com.mx\/index.php\/2021\/11\/05\/se-extiende-en-europa-cuarta-ola-de-coronavirus-oms\/\" \/>\n<meta property=\"og:locale\" content=\"es_MX\" \/>\n<meta property=\"og:type\" content=\"article\" \/>\n<meta property=\"og:title\" content=\"Se extiende en Europa cuarta ola de coronavirus: OMS - Fuentes Fidedignas\" \/>\n<meta property=\"og:description\" content=\"En las \u00faltimas cuatro semanas, Europa ha experimentado un alarmante incremento de m\u00e1s de 55 por ciento en nuevos casos Copenhague.- Europa est\u00e1 de nuevo en el epicentro de la pandemia por el \u201cmuy preocupante\u201d ritmo de transmisi\u00f3n en sus 53 pa\u00edses y podr\u00eda provocar medio mill\u00f3n de muertos adicionales a causa del virus hasta [&hellip;]\" \/>\n<meta property=\"og:url\" content=\"https:\/\/fuentesfidedignas.com.mx\/index.php\/2021\/11\/05\/se-extiende-en-europa-cuarta-ola-de-coronavirus-oms\/\" \/>\n<meta property=\"og:site_name\" content=\"Fuentes Fidedignas\" \/>\n<meta property=\"article:publisher\" content=\"https:\/\/www.facebook.com\/Fuentes-Fidedignas-368234489921644\" \/>\n<meta property=\"article:published_time\" content=\"2021-11-05T16:05:01+00:00\" \/>\n<meta property=\"article:modified_time\" content=\"2021-11-05T16:05:03+00:00\" \/>\n<meta property=\"og:image\" content=\"https:\/\/fuentesfidedignas.com.mx\/wp-content\/uploads\/2021\/11\/images-47.jpeg\" \/>\n\t<meta property=\"og:image:width\" content=\"700\" \/>\n\t<meta property=\"og:image:height\" content=\"394\" \/>\n\t<meta property=\"og:image:type\" content=\"image\/jpeg\" \/>\n<meta name=\"author\" content=\"La Jornada\" \/>\n<meta name=\"twitter:card\" content=\"summary_large_image\" \/>\n<meta name=\"twitter:creator\" content=\"@fidedignas\" \/>\n<meta name=\"twitter:site\" content=\"@fidedignas\" \/>\n<meta name=\"twitter:label1\" content=\"Escrito por\" \/>\n\t<meta name=\"twitter:data1\" content=\"La Jornada\" \/>\n\t<meta name=\"twitter:label2\" content=\"Tiempo de lectura\" \/>\n\t<meta name=\"twitter:data2\" content=\"3 minutos\" \/>\n<script type=\"application\/ld+json\" class=\"yoast-schema-graph\">{\"@context\":\"https:\\\/\\\/schema.org\",\"@graph\":[{\"@type\":\"Article\",\"@id\":\"https:\\\/\\\/fuentesfidedignas.com.mx\\\/index.php\\\/2021\\\/11\\\/05\\\/se-extiende-en-europa-cuarta-ola-de-coronavirus-oms\\\/#article\",\"isPartOf\":{\"@id\":\"https:\\\/\\\/fuentesfidedignas.com.mx\\\/index.php\\\/2021\\\/11\\\/05\\\/se-extiende-en-europa-cuarta-ola-de-coronavirus-oms\\\/\"},\"author\":{\"name\":\"La Jornada\",\"@id\":\"https:\\\/\\\/fuentesfidedignas.com.mx\\\/#\\\/schema\\\/person\\\/87eacee4072e149fccc7de67f9634f35\"},\"headline\":\"Se extiende en Europa cuarta ola de coronavirus: OMS\",\"datePublished\":\"2021-11-05T16:05:01+00:00\",\"dateModified\":\"2021-11-05T16:05:03+00:00\",\"mainEntityOfPage\":{\"@id\":\"https:\\\/\\\/fuentesfidedignas.com.mx\\\/index.php\\\/2021\\\/11\\\/05\\\/se-extiende-en-europa-cuarta-ola-de-coronavirus-oms\\\/\"},\"wordCount\":688,\"commentCount\":0,\"publisher\":{\"@id\":\"https:\\\/\\\/fuentesfidedignas.com.mx\\\/#organization\"},\"image\":{\"@id\":\"https:\\\/\\\/fuentesfidedignas.com.mx\\\/index.php\\\/2021\\\/11\\\/05\\\/se-extiende-en-europa-cuarta-ola-de-coronavirus-oms\\\/#primaryimage\"},\"thumbnailUrl\":\"https:\\\/\\\/fuentesfidedignas.com.mx\\\/wp-content\\\/uploads\\\/2021\\\/11\\\/images-47.jpeg\",\"articleSection\":[\"NOTICIAS NACIONALES\"],\"inLanguage\":\"es\",\"potentialAction\":[{\"@type\":\"CommentAction\",\"name\":\"Comment\",\"target\":[\"https:\\\/\\\/fuentesfidedignas.com.mx\\\/index.php\\\/2021\\\/11\\\/05\\\/se-extiende-en-europa-cuarta-ola-de-coronavirus-oms\\\/#respond\"]}]},{\"@type\":\"WebPage\",\"@id\":\"https:\\\/\\\/fuentesfidedignas.com.mx\\\/index.php\\\/2021\\\/11\\\/05\\\/se-extiende-en-europa-cuarta-ola-de-coronavirus-oms\\\/\",\"url\":\"https:\\\/\\\/fuentesfidedignas.com.mx\\\/index.php\\\/2021\\\/11\\\/05\\\/se-extiende-en-europa-cuarta-ola-de-coronavirus-oms\\\/\",\"name\":\"Se extiende en Europa cuarta ola de coronavirus: OMS - Fuentes Fidedignas\",\"isPartOf\":{\"@id\":\"https:\\\/\\\/fuentesfidedignas.com.mx\\\/#website\"},\"primaryImageOfPage\":{\"@id\":\"https:\\\/\\\/fuentesfidedignas.com.mx\\\/index.php\\\/2021\\\/11\\\/05\\\/se-extiende-en-europa-cuarta-ola-de-coronavirus-oms\\\/#primaryimage\"},\"image\":{\"@id\":\"https:\\\/\\\/fuentesfidedignas.com.mx\\\/index.php\\\/2021\\\/11\\\/05\\\/se-extiende-en-europa-cuarta-ola-de-coronavirus-oms\\\/#primaryimage\"},\"thumbnailUrl\":\"https:\\\/\\\/fuentesfidedignas.com.mx\\\/wp-content\\\/uploads\\\/2021\\\/11\\\/images-47.jpeg\",\"datePublished\":\"2021-11-05T16:05:01+00:00\",\"dateModified\":\"2021-11-05T16:05:03+00:00\",\"breadcrumb\":{\"@id\":\"https:\\\/\\\/fuentesfidedignas.com.mx\\\/index.php\\\/2021\\\/11\\\/05\\\/se-extiende-en-europa-cuarta-ola-de-coronavirus-oms\\\/#breadcrumb\"},\"inLanguage\":\"es\",\"potentialAction\":[{\"@type\":\"ReadAction\",\"target\":[\"https:\\\/\\\/fuentesfidedignas.com.mx\\\/index.php\\\/2021\\\/11\\\/05\\\/se-extiende-en-europa-cuarta-ola-de-coronavirus-oms\\\/\"]}]},{\"@type\":\"ImageObject\",\"inLanguage\":\"es\",\"@id\":\"https:\\\/\\\/fuentesfidedignas.com.mx\\\/index.php\\\/2021\\\/11\\\/05\\\/se-extiende-en-europa-cuarta-ola-de-coronavirus-oms\\\/#primaryimage\",\"url\":\"https:\\\/\\\/fuentesfidedignas.com.mx\\\/wp-content\\\/uploads\\\/2021\\\/11\\\/images-47.jpeg\",\"contentUrl\":\"https:\\\/\\\/fuentesfidedignas.com.mx\\\/wp-content\\\/uploads\\\/2021\\\/11\\\/images-47.jpeg\",\"width\":700,\"height\":394},{\"@type\":\"BreadcrumbList\",\"@id\":\"https:\\\/\\\/fuentesfidedignas.com.mx\\\/index.php\\\/2021\\\/11\\\/05\\\/se-extiende-en-europa-cuarta-ola-de-coronavirus-oms\\\/#breadcrumb\",\"itemListElement\":[{\"@type\":\"ListItem\",\"position\":1,\"name\":\"Inicio\",\"item\":\"https:\\\/\\\/fuentesfidedignas.com.mx\\\/\"},{\"@type\":\"ListItem\",\"position\":2,\"name\":\"Se extiende en Europa cuarta ola de coronavirus: OMS\"}]},{\"@type\":\"WebSite\",\"@id\":\"https:\\\/\\\/fuentesfidedignas.com.mx\\\/#website\",\"url\":\"https:\\\/\\\/fuentesfidedignas.com.mx\\\/\",\"name\":\"Fuentes Fidedignas\",\"description\":\"Otro sitio realizado con WordPress\",\"publisher\":{\"@id\":\"https:\\\/\\\/fuentesfidedignas.com.mx\\\/#organization\"},\"potentialAction\":[{\"@type\":\"SearchAction\",\"target\":{\"@type\":\"EntryPoint\",\"urlTemplate\":\"https:\\\/\\\/fuentesfidedignas.com.mx\\\/?s={search_term_string}\"},\"query-input\":{\"@type\":\"PropertyValueSpecification\",\"valueRequired\":true,\"valueName\":\"search_term_string\"}}],\"inLanguage\":\"es\"},{\"@type\":\"Organization\",\"@id\":\"https:\\\/\\\/fuentesfidedignas.com.mx\\\/#organization\",\"name\":\"Fuentes Fidedignas\",\"url\":\"https:\\\/\\\/fuentesfidedignas.com.mx\\\/\",\"logo\":{\"@type\":\"ImageObject\",\"inLanguage\":\"es\",\"@id\":\"https:\\\/\\\/fuentesfidedignas.com.mx\\\/#\\\/schema\\\/logo\\\/image\\\/\",\"url\":\"https:\\\/\\\/fuentesfidedignas.com.mx\\\/wp-content\\\/uploads\\\/2021\\\/04\\\/logo-retina.png\",\"contentUrl\":\"https:\\\/\\\/fuentesfidedignas.com.mx\\\/wp-content\\\/uploads\\\/2021\\\/04\\\/logo-retina.png\",\"width\":280,\"height\":51,\"caption\":\"Fuentes Fidedignas\"},\"image\":{\"@id\":\"https:\\\/\\\/fuentesfidedignas.com.mx\\\/#\\\/schema\\\/logo\\\/image\\\/\"},\"sameAs\":[\"https:\\\/\\\/www.facebook.com\\\/Fuentes-Fidedignas-368234489921644\",\"https:\\\/\\\/x.com\\\/fidedignas\"]},{\"@type\":\"Person\",\"@id\":\"https:\\\/\\\/fuentesfidedignas.com.mx\\\/#\\\/schema\\\/person\\\/87eacee4072e149fccc7de67f9634f35\",\"name\":\"La Jornada\",\"image\":{\"@type\":\"ImageObject\",\"inLanguage\":\"es\",\"@id\":\"https:\\\/\\\/secure.gravatar.com\\\/avatar\\\/2b09f15a418e222775ffd645761e3fcecd1fb9d7a38a3ba858adf349aab82c7c?s=96&d=mm&r=g\",\"url\":\"https:\\\/\\\/secure.gravatar.com\\\/avatar\\\/2b09f15a418e222775ffd645761e3fcecd1fb9d7a38a3ba858adf349aab82c7c?s=96&d=mm&r=g\",\"contentUrl\":\"https:\\\/\\\/secure.gravatar.com\\\/avatar\\\/2b09f15a418e222775ffd645761e3fcecd1fb9d7a38a3ba858adf349aab82c7c?s=96&d=mm&r=g\",\"caption\":\"La Jornada\"},\"url\":\"https:\\\/\\\/fuentesfidedignas.com.mx\\\/index.php\\\/author\\\/jornada\\\/\"}]}<\/script>\n<!-- \/ Yoast SEO plugin. -->","yoast_head_json":{"title":"Se extiende en Europa cuarta ola de coronavirus: OMS - Fuentes Fidedignas","robots":{"index":"index","follow":"follow","max-snippet":"max-snippet:-1","max-image-preview":"max-image-preview:large","max-video-preview":"max-video-preview:-1"},"canonical":"https:\/\/fuentesfidedignas.com.mx\/index.php\/2021\/11\/05\/se-extiende-en-europa-cuarta-ola-de-coronavirus-oms\/","og_locale":"es_MX","og_type":"article","og_title":"Se extiende en Europa cuarta ola de coronavirus: OMS - Fuentes Fidedignas","og_description":"En las \u00faltimas cuatro semanas, Europa ha experimentado un alarmante incremento de m\u00e1s de 55 por ciento en nuevos casos Copenhague.- Europa est\u00e1 de nuevo en el epicentro de la pandemia por el \u201cmuy preocupante\u201d ritmo de transmisi\u00f3n en sus 53 pa\u00edses y podr\u00eda provocar medio mill\u00f3n de muertos adicionales a causa del virus hasta [&hellip;]","og_url":"https:\/\/fuentesfidedignas.com.mx\/index.php\/2021\/11\/05\/se-extiende-en-europa-cuarta-ola-de-coronavirus-oms\/","og_site_name":"Fuentes Fidedignas","article_publisher":"https:\/\/www.facebook.com\/Fuentes-Fidedignas-368234489921644","article_published_time":"2021-11-05T16:05:01+00:00","article_modified_time":"2021-11-05T16:05:03+00:00","og_image":[{"width":700,"height":394,"url":"https:\/\/fuentesfidedignas.com.mx\/wp-content\/uploads\/2021\/11\/images-47.jpeg","type":"image\/jpeg"}],"author":"La Jornada","twitter_card":"summary_large_image","twitter_creator":"@fidedignas","twitter_site":"@fidedignas","twitter_misc":{"Escrito por":"La Jornada","Tiempo de lectura":"3 minutos"},"schema":{"@context":"https:\/\/schema.org","@graph":[{"@type":"Article","@id":"https:\/\/fuentesfidedignas.com.mx\/index.php\/2021\/11\/05\/se-extiende-en-europa-cuarta-ola-de-coronavirus-oms\/#article","isPartOf":{"@id":"https:\/\/fuentesfidedignas.com.mx\/index.php\/2021\/11\/05\/se-extiende-en-europa-cuarta-ola-de-coronavirus-oms\/"},"author":{"name":"La Jornada","@id":"https:\/\/fuentesfidedignas.com.mx\/#\/schema\/person\/87eacee4072e149fccc7de67f9634f35"},"headline":"Se extiende en Europa cuarta ola de coronavirus: OMS","datePublished":"2021-11-05T16:05:01+00:00","dateModified":"2021-11-05T16:05:03+00:00","mainEntityOfPage":{"@id":"https:\/\/fuentesfidedignas.com.mx\/index.php\/2021\/11\/05\/se-extiende-en-europa-cuarta-ola-de-coronavirus-oms\/"},"wordCount":688,"commentCount":0,"publisher":{"@id":"https:\/\/fuentesfidedignas.com.mx\/#organization"},"image":{"@id":"https:\/\/fuentesfidedignas.com.mx\/index.php\/2021\/11\/05\/se-extiende-en-europa-cuarta-ola-de-coronavirus-oms\/#primaryimage"},"thumbnailUrl":"https:\/\/fuentesfidedignas.com.mx\/wp-content\/uploads\/2021\/11\/images-47.jpeg","articleSection":["NOTICIAS NACIONALES"],"inLanguage":"es","potentialAction":[{"@type":"CommentAction","name":"Comment","target":["https:\/\/fuentesfidedignas.com.mx\/index.php\/2021\/11\/05\/se-extiende-en-europa-cuarta-ola-de-coronavirus-oms\/#respond"]}]},{"@type":"WebPage","@id":"https:\/\/fuentesfidedignas.com.mx\/index.php\/2021\/11\/05\/se-extiende-en-europa-cuarta-ola-de-coronavirus-oms\/","url":"https:\/\/fuentesfidedignas.com.mx\/index.php\/2021\/11\/05\/se-extiende-en-europa-cuarta-ola-de-coronavirus-oms\/","name":"Se extiende en Europa cuarta ola de coronavirus: OMS - Fuentes Fidedignas","isPartOf":{"@id":"https:\/\/fuentesfidedignas.com.mx\/#website"},"primaryImageOfPage":{"@id":"https:\/\/fuentesfidedignas.com.mx\/index.php\/2021\/11\/05\/se-extiende-en-europa-cuarta-ola-de-coronavirus-oms\/#primaryimage"},"image":{"@id":"https:\/\/fuentesfidedignas.com.mx\/index.php\/2021\/11\/05\/se-extiende-en-europa-cuarta-ola-de-coronavirus-oms\/#primaryimage"},"thumbnailUrl":"https:\/\/fuentesfidedignas.com.mx\/wp-content\/uploads\/2021\/11\/images-47.jpeg","datePublished":"2021-11-05T16:05:01+00:00","dateModified":"2021-11-05T16:05:03+00:00","breadcrumb":{"@id":"https:\/\/fuentesfidedignas.com.mx\/index.php\/2021\/11\/05\/se-extiende-en-europa-cuarta-ola-de-coronavirus-oms\/#breadcrumb"},"inLanguage":"es","potentialAction":[{"@type":"ReadAction","target":["https:\/\/fuentesfidedignas.com.mx\/index.php\/2021\/11\/05\/se-extiende-en-europa-cuarta-ola-de-coronavirus-oms\/"]}]},{"@type":"ImageObject","inLanguage":"es","@id":"https:\/\/fuentesfidedignas.com.mx\/index.php\/2021\/11\/05\/se-extiende-en-europa-cuarta-ola-de-coronavirus-oms\/#primaryimage","url":"https:\/\/fuentesfidedignas.com.mx\/wp-content\/uploads\/2021\/11\/images-47.jpeg","contentUrl":"https:\/\/fuentesfidedignas.com.mx\/wp-content\/uploads\/2021\/11\/images-47.jpeg","width":700,"height":394},{"@type":"BreadcrumbList","@id":"https:\/\/fuentesfidedignas.com.mx\/index.php\/2021\/11\/05\/se-extiende-en-europa-cuarta-ola-de-coronavirus-oms\/#breadcrumb","itemListElement":[{"@type":"ListItem","position":1,"name":"Inicio","item":"https:\/\/fuentesfidedignas.com.mx\/"},{"@type":"ListItem","position":2,"name":"Se extiende en Europa cuarta ola de coronavirus: OMS"}]},{"@type":"WebSite","@id":"https:\/\/fuentesfidedignas.com.mx\/#website","url":"https:\/\/fuentesfidedignas.com.mx\/","name":"Fuentes Fidedignas","description":"Otro sitio realizado con WordPress","publisher":{"@id":"https:\/\/fuentesfidedignas.com.mx\/#organization"},"potentialAction":[{"@type":"SearchAction","target":{"@type":"EntryPoint","urlTemplate":"https:\/\/fuentesfidedignas.com.mx\/?s={search_term_string}"},"query-input":{"@type":"PropertyValueSpecification","valueRequired":true,"valueName":"search_term_string"}}],"inLanguage":"es"},{"@type":"Organization","@id":"https:\/\/fuentesfidedignas.com.mx\/#organization","name":"Fuentes Fidedignas","url":"https:\/\/fuentesfidedignas.com.mx\/","logo":{"@type":"ImageObject","inLanguage":"es","@id":"https:\/\/fuentesfidedignas.com.mx\/#\/schema\/logo\/image\/","url":"https:\/\/fuentesfidedignas.com.mx\/wp-content\/uploads\/2021\/04\/logo-retina.png","contentUrl":"https:\/\/fuentesfidedignas.com.mx\/wp-content\/uploads\/2021\/04\/logo-retina.png","width":280,"height":51,"caption":"Fuentes Fidedignas"},"image":{"@id":"https:\/\/fuentesfidedignas.com.mx\/#\/schema\/logo\/image\/"},"sameAs":["https:\/\/www.facebook.com\/Fuentes-Fidedignas-368234489921644","https:\/\/x.com\/fidedignas"]},{"@type":"Person","@id":"https:\/\/fuentesfidedignas.com.mx\/#\/schema\/person\/87eacee4072e149fccc7de67f9634f35","name":"La Jornada","image":{"@type":"ImageObject","inLanguage":"es","@id":"https:\/\/secure.gravatar.com\/avatar\/2b09f15a418e222775ffd645761e3fcecd1fb9d7a38a3ba858adf349aab82c7c?s=96&d=mm&r=g","url":"https:\/\/secure.gravatar.com\/avatar\/2b09f15a418e222775ffd645761e3fcecd1fb9d7a38a3ba858adf349aab82c7c?s=96&d=mm&r=g","contentUrl":"https:\/\/secure.gravatar.com\/avatar\/2b09f15a418e222775ffd645761e3fcecd1fb9d7a38a3ba858adf349aab82c7c?s=96&d=mm&r=g","caption":"La Jornada"},"url":"https:\/\/fuentesfidedignas.com.mx\/index.php\/author\/jornada\/"}]}},"_links":{"self":[{"href":"https:\/\/fuentesfidedignas.com.mx\/index.php\/wp-json\/wp\/v2\/posts\/16759","targetHints":{"allow":["GET"]}}],"collection":[{"href":"https:\/\/fuentesfidedignas.com.mx\/index.php\/wp-json\/wp\/v2\/posts"}],"about":[{"href":"https:\/\/fuentesfidedignas.com.mx\/index.php\/wp-json\/wp\/v2\/types\/post"}],"author":[{"embeddable":true,"href":"https:\/\/fuentesfidedignas.com.mx\/index.php\/wp-json\/wp\/v2\/users\/45"}],"replies":[{"embeddable":true,"href":"https:\/\/fuentesfidedignas.com.mx\/index.php\/wp-json\/wp\/v2\/comments?post=16759"}],"version-history":[{"count":1,"href":"https:\/\/fuentesfidedignas.com.mx\/index.php\/wp-json\/wp\/v2\/posts\/16759\/revisions"}],"predecessor-version":[{"id":16761,"href":"https:\/\/fuentesfidedignas.com.mx\/index.php\/wp-json\/wp\/v2\/posts\/16759\/revisions\/16761"}],"wp:featuredmedia":[{"embeddable":true,"href":"https:\/\/fuentesfidedignas.com.mx\/index.php\/wp-json\/wp\/v2\/media\/16760"}],"wp:attachment":[{"href":"https:\/\/fuentesfidedignas.com.mx\/index.php\/wp-json\/wp\/v2\/media?parent=16759"}],"wp:term":[{"taxonomy":"category","embeddable":true,"href":"https:\/\/fuentesfidedignas.com.mx\/index.php\/wp-json\/wp\/v2\/categories?post=16759"},{"taxonomy":"post_tag","embeddable":true,"href":"https:\/\/fuentesfidedignas.com.mx\/index.php\/wp-json\/wp\/v2\/tags?post=16759"}],"curies":[{"name":"wp","href":"https:\/\/api.w.org\/{rel}","templated":true}]}}