{"id":16609,"date":"2021-11-03T12:58:01","date_gmt":"2021-11-03T19:58:01","guid":{"rendered":"https:\/\/fuentesfidedignas.com.mx\/?p=16609"},"modified":"2021-11-03T12:58:02","modified_gmt":"2021-11-03T19:58:02","slug":"tras-rina-policias-estatales-aseguran-a-una-persona-y-un-arma-de-fuego","status":"publish","type":"post","link":"https:\/\/fuentesfidedignas.com.mx\/index.php\/2021\/11\/03\/tras-rina-policias-estatales-aseguran-a-una-persona-y-un-arma-de-fuego\/","title":{"rendered":"Tras ri\u00f1a, Polic\u00edas Estatales aseguran a una persona y un arma de fuego"},"content":{"rendered":"\n<p><strong><em>Una llamada al 9-1-1 alert\u00f3 a las autoridades sobre los hechos en la colonia Margarita<\/em><\/strong><\/p>\n\n\n\n<p>Culiac\u00e1n, Sin.- En atenci\u00f3n a una llamada a la l\u00ednea de emergencias 9-1-1, polic\u00edas estatales aseguraron a una persona y un arma de fuego en Culiac\u00e1n.<\/p>\n\n\n\n<p>El reporte informaba sobre la agresi\u00f3n a una persona, se\u00f1alando que el responsable se encontraba agresivo y que portaba un arma de fuego por lo que, los elementos se trasladaron al sitio, un negocio ubicado en la colonia Margarita de esta ciudad capital.<\/p>\n\n\n\n<p>Al arribar, los uniformados observaron a dos personas que, aparentemente discut\u00edan; al acercarse, una de ellas se\u00f1al\u00f3 a la otra de haber escondido un arma de fuego por lo que, al encontrarse ante la posible comisi\u00f3n de un delito se solicit\u00f3 autorizaci\u00f3n para revisar el lugar en donde, efectivamente, se localiz\u00f3 un arma corta.<\/p>\n\n\n\n<p>Ante ello se solicit\u00f3 el permiso de portaci\u00f3n correspondiente el cual no pudo acreditar por lo que se procedi\u00f3 al aseguramiento del hombre de 43 a\u00f1os y vecino del fraccionamiento San Isidro, as\u00ed como del arma con su respectivo cargador abastecido.<\/p>\n\n\n\n<p>La Secretar\u00eda de Seguridad P\u00fablica de Sinaloa, refrenda su compromiso de trabajar y lograr m\u00e1s y mejores resultados en beneficio de la poblaci\u00f3n.<\/p>\n\n\n\n<figure class=\"wp-block-image size-full\"><img decoding=\"async\" width=\"748\" height=\"914\" src=\"https:\/\/fuentesfidedignas.com.mx\/wp-content\/uploads\/2021\/11\/ASEGURADO-COL.-MARGARITA-1.jpeg\" alt=\"\" class=\"wp-image-16610\" srcset=\"https:\/\/fuentesfidedignas.com.mx\/wp-content\/uploads\/2021\/11\/ASEGURADO-COL.-MARGARITA-1.jpeg 748w, https:\/\/fuentesfidedignas.com.mx\/wp-content\/uploads\/2021\/11\/ASEGURADO-COL.-MARGARITA-1-246x300.jpeg 246w, https:\/\/fuentesfidedignas.com.mx\/wp-content\/uploads\/2021\/11\/ASEGURADO-COL.-MARGARITA-1-696x850.jpeg 696w, https:\/\/fuentesfidedignas.com.mx\/wp-content\/uploads\/2021\/11\/ASEGURADO-COL.-MARGARITA-1-344x420.jpeg 344w\" sizes=\"(max-width: 748px) 100vw, 748px\" \/><\/figure>\n","protected":false},"excerpt":{"rendered":"<p>Una llamada al 9-1-1 alert\u00f3 a las autoridades sobre los hechos en la colonia Margarita Culiac\u00e1n, Sin.- En atenci\u00f3n a una llamada a la l\u00ednea de emergencias 9-1-1, polic\u00edas estatales aseguraron a una persona y un arma de fuego en Culiac\u00e1n. El reporte informaba sobre la agresi\u00f3n a una persona, se\u00f1alando que el responsable se [&hellip;]<\/p>\n","protected":false},"author":4,"featured_media":16611,"comment_status":"open","ping_status":"open","sticky":false,"template":"","format":"standard","meta":{"tdm_status":"","tdm_grid_status":"","footnotes":""},"categories":[38],"tags":[748],"class_list":{"0":"post-16609","1":"post","2":"type-post","3":"status-publish","4":"format-standard","5":"has-post-thumbnail","7":"category-noticias-locales","8":"tag-policia-estatal-preventiva"},"yoast_head":"<!-- This site is optimized with the Yoast SEO plugin v27.5 - https:\/\/yoast.com\/product\/yoast-seo-wordpress\/ -->\n<title>Tras ri\u00f1a, Polic\u00edas Estatales aseguran a una persona y un arma de fuego - Fuentes Fidedignas<\/title>\n<meta name=\"robots\" content=\"index, follow, max-snippet:-1, max-image-preview:large, max-video-preview:-1\" \/>\n<link rel=\"canonical\" href=\"https:\/\/fuentesfidedignas.com.mx\/index.php\/2021\/11\/03\/tras-rina-policias-estatales-aseguran-a-una-persona-y-un-arma-de-fuego\/\" \/>\n<meta property=\"og:locale\" content=\"es_MX\" \/>\n<meta property=\"og:type\" content=\"article\" \/>\n<meta property=\"og:title\" content=\"Tras ri\u00f1a, Polic\u00edas Estatales aseguran a una persona y un arma de fuego - Fuentes Fidedignas\" \/>\n<meta property=\"og:description\" content=\"Una llamada al 9-1-1 alert\u00f3 a las autoridades sobre los hechos en la colonia Margarita Culiac\u00e1n, Sin.- En atenci\u00f3n a una llamada a la l\u00ednea de emergencias 9-1-1, polic\u00edas estatales aseguraron a una persona y un arma de fuego en Culiac\u00e1n. El reporte informaba sobre la agresi\u00f3n a una persona, se\u00f1alando que el responsable se [&hellip;]\" \/>\n<meta property=\"og:url\" content=\"https:\/\/fuentesfidedignas.com.mx\/index.php\/2021\/11\/03\/tras-rina-policias-estatales-aseguran-a-una-persona-y-un-arma-de-fuego\/\" \/>\n<meta property=\"og:site_name\" content=\"Fuentes Fidedignas\" \/>\n<meta property=\"article:publisher\" content=\"https:\/\/www.facebook.com\/Fuentes-Fidedignas-368234489921644\" \/>\n<meta property=\"article:published_time\" content=\"2021-11-03T19:58:01+00:00\" \/>\n<meta property=\"article:modified_time\" content=\"2021-11-03T19:58:02+00:00\" \/>\n<meta property=\"og:image\" content=\"https:\/\/fuentesfidedignas.com.mx\/wp-content\/uploads\/2021\/11\/ASEGURADO-COL.-MARGARITA-2.jpeg\" \/>\n\t<meta property=\"og:image:width\" content=\"1263\" \/>\n\t<meta property=\"og:image:height\" content=\"882\" \/>\n\t<meta property=\"og:image:type\" content=\"image\/jpeg\" \/>\n<meta name=\"author\" content=\"Redacci\u00f3n\" \/>\n<meta name=\"twitter:card\" content=\"summary_large_image\" \/>\n<meta name=\"twitter:creator\" content=\"@fidedignas\" \/>\n<meta name=\"twitter:site\" content=\"@fidedignas\" \/>\n<meta name=\"twitter:label1\" content=\"Escrito por\" \/>\n\t<meta name=\"twitter:data1\" content=\"Redacci\u00f3n\" \/>\n\t<meta name=\"twitter:label2\" content=\"Tiempo de lectura\" \/>\n\t<meta name=\"twitter:data2\" content=\"2 minutos\" \/>\n<script type=\"application\/ld+json\" class=\"yoast-schema-graph\">{\"@context\":\"https:\\\/\\\/schema.org\",\"@graph\":[{\"@type\":\"Article\",\"@id\":\"https:\\\/\\\/fuentesfidedignas.com.mx\\\/index.php\\\/2021\\\/11\\\/03\\\/tras-rina-policias-estatales-aseguran-a-una-persona-y-un-arma-de-fuego\\\/#article\",\"isPartOf\":{\"@id\":\"https:\\\/\\\/fuentesfidedignas.com.mx\\\/index.php\\\/2021\\\/11\\\/03\\\/tras-rina-policias-estatales-aseguran-a-una-persona-y-un-arma-de-fuego\\\/\"},\"author\":{\"name\":\"Redacci\u00f3n\",\"@id\":\"https:\\\/\\\/fuentesfidedignas.com.mx\\\/#\\\/schema\\\/person\\\/331be9283d37198e2acd5750279085b0\"},\"headline\":\"Tras ri\u00f1a, Polic\u00edas Estatales aseguran a una persona y un arma de fuego\",\"datePublished\":\"2021-11-03T19:58:01+00:00\",\"dateModified\":\"2021-11-03T19:58:02+00:00\",\"mainEntityOfPage\":{\"@id\":\"https:\\\/\\\/fuentesfidedignas.com.mx\\\/index.php\\\/2021\\\/11\\\/03\\\/tras-rina-policias-estatales-aseguran-a-una-persona-y-un-arma-de-fuego\\\/\"},\"wordCount\":236,\"commentCount\":0,\"publisher\":{\"@id\":\"https:\\\/\\\/fuentesfidedignas.com.mx\\\/#organization\"},\"image\":{\"@id\":\"https:\\\/\\\/fuentesfidedignas.com.mx\\\/index.php\\\/2021\\\/11\\\/03\\\/tras-rina-policias-estatales-aseguran-a-una-persona-y-un-arma-de-fuego\\\/#primaryimage\"},\"thumbnailUrl\":\"https:\\\/\\\/fuentesfidedignas.com.mx\\\/wp-content\\\/uploads\\\/2021\\\/11\\\/ASEGURADO-COL.-MARGARITA-2.jpeg\",\"keywords\":[\"Polic\u00eda Estatal Preventiva\"],\"articleSection\":[\"NOTICIAS LOCALES\"],\"inLanguage\":\"es\",\"potentialAction\":[{\"@type\":\"CommentAction\",\"name\":\"Comment\",\"target\":[\"https:\\\/\\\/fuentesfidedignas.com.mx\\\/index.php\\\/2021\\\/11\\\/03\\\/tras-rina-policias-estatales-aseguran-a-una-persona-y-un-arma-de-fuego\\\/#respond\"]}]},{\"@type\":\"WebPage\",\"@id\":\"https:\\\/\\\/fuentesfidedignas.com.mx\\\/index.php\\\/2021\\\/11\\\/03\\\/tras-rina-policias-estatales-aseguran-a-una-persona-y-un-arma-de-fuego\\\/\",\"url\":\"https:\\\/\\\/fuentesfidedignas.com.mx\\\/index.php\\\/2021\\\/11\\\/03\\\/tras-rina-policias-estatales-aseguran-a-una-persona-y-un-arma-de-fuego\\\/\",\"name\":\"Tras ri\u00f1a, Polic\u00edas Estatales aseguran a una persona y un arma de fuego - Fuentes Fidedignas\",\"isPartOf\":{\"@id\":\"https:\\\/\\\/fuentesfidedignas.com.mx\\\/#website\"},\"primaryImageOfPage\":{\"@id\":\"https:\\\/\\\/fuentesfidedignas.com.mx\\\/index.php\\\/2021\\\/11\\\/03\\\/tras-rina-policias-estatales-aseguran-a-una-persona-y-un-arma-de-fuego\\\/#primaryimage\"},\"image\":{\"@id\":\"https:\\\/\\\/fuentesfidedignas.com.mx\\\/index.php\\\/2021\\\/11\\\/03\\\/tras-rina-policias-estatales-aseguran-a-una-persona-y-un-arma-de-fuego\\\/#primaryimage\"},\"thumbnailUrl\":\"https:\\\/\\\/fuentesfidedignas.com.mx\\\/wp-content\\\/uploads\\\/2021\\\/11\\\/ASEGURADO-COL.-MARGARITA-2.jpeg\",\"datePublished\":\"2021-11-03T19:58:01+00:00\",\"dateModified\":\"2021-11-03T19:58:02+00:00\",\"breadcrumb\":{\"@id\":\"https:\\\/\\\/fuentesfidedignas.com.mx\\\/index.php\\\/2021\\\/11\\\/03\\\/tras-rina-policias-estatales-aseguran-a-una-persona-y-un-arma-de-fuego\\\/#breadcrumb\"},\"inLanguage\":\"es\",\"potentialAction\":[{\"@type\":\"ReadAction\",\"target\":[\"https:\\\/\\\/fuentesfidedignas.com.mx\\\/index.php\\\/2021\\\/11\\\/03\\\/tras-rina-policias-estatales-aseguran-a-una-persona-y-un-arma-de-fuego\\\/\"]}]},{\"@type\":\"ImageObject\",\"inLanguage\":\"es\",\"@id\":\"https:\\\/\\\/fuentesfidedignas.com.mx\\\/index.php\\\/2021\\\/11\\\/03\\\/tras-rina-policias-estatales-aseguran-a-una-persona-y-un-arma-de-fuego\\\/#primaryimage\",\"url\":\"https:\\\/\\\/fuentesfidedignas.com.mx\\\/wp-content\\\/uploads\\\/2021\\\/11\\\/ASEGURADO-COL.-MARGARITA-2.jpeg\",\"contentUrl\":\"https:\\\/\\\/fuentesfidedignas.com.mx\\\/wp-content\\\/uploads\\\/2021\\\/11\\\/ASEGURADO-COL.-MARGARITA-2.jpeg\",\"width\":1263,\"height\":882},{\"@type\":\"BreadcrumbList\",\"@id\":\"https:\\\/\\\/fuentesfidedignas.com.mx\\\/index.php\\\/2021\\\/11\\\/03\\\/tras-rina-policias-estatales-aseguran-a-una-persona-y-un-arma-de-fuego\\\/#breadcrumb\",\"itemListElement\":[{\"@type\":\"ListItem\",\"position\":1,\"name\":\"Inicio\",\"item\":\"https:\\\/\\\/fuentesfidedignas.com.mx\\\/\"},{\"@type\":\"ListItem\",\"position\":2,\"name\":\"Tras ri\u00f1a, Polic\u00edas Estatales aseguran a una persona y un arma de fuego\"}]},{\"@type\":\"WebSite\",\"@id\":\"https:\\\/\\\/fuentesfidedignas.com.mx\\\/#website\",\"url\":\"https:\\\/\\\/fuentesfidedignas.com.mx\\\/\",\"name\":\"Fuentes Fidedignas\",\"description\":\"Otro sitio realizado con WordPress\",\"publisher\":{\"@id\":\"https:\\\/\\\/fuentesfidedignas.com.mx\\\/#organization\"},\"potentialAction\":[{\"@type\":\"SearchAction\",\"target\":{\"@type\":\"EntryPoint\",\"urlTemplate\":\"https:\\\/\\\/fuentesfidedignas.com.mx\\\/?s={search_term_string}\"},\"query-input\":{\"@type\":\"PropertyValueSpecification\",\"valueRequired\":true,\"valueName\":\"search_term_string\"}}],\"inLanguage\":\"es\"},{\"@type\":\"Organization\",\"@id\":\"https:\\\/\\\/fuentesfidedignas.com.mx\\\/#organization\",\"name\":\"Fuentes Fidedignas\",\"url\":\"https:\\\/\\\/fuentesfidedignas.com.mx\\\/\",\"logo\":{\"@type\":\"ImageObject\",\"inLanguage\":\"es\",\"@id\":\"https:\\\/\\\/fuentesfidedignas.com.mx\\\/#\\\/schema\\\/logo\\\/image\\\/\",\"url\":\"https:\\\/\\\/fuentesfidedignas.com.mx\\\/wp-content\\\/uploads\\\/2021\\\/04\\\/logo-retina.png\",\"contentUrl\":\"https:\\\/\\\/fuentesfidedignas.com.mx\\\/wp-content\\\/uploads\\\/2021\\\/04\\\/logo-retina.png\",\"width\":280,\"height\":51,\"caption\":\"Fuentes Fidedignas\"},\"image\":{\"@id\":\"https:\\\/\\\/fuentesfidedignas.com.mx\\\/#\\\/schema\\\/logo\\\/image\\\/\"},\"sameAs\":[\"https:\\\/\\\/www.facebook.com\\\/Fuentes-Fidedignas-368234489921644\",\"https:\\\/\\\/x.com\\\/fidedignas\"]},{\"@type\":\"Person\",\"@id\":\"https:\\\/\\\/fuentesfidedignas.com.mx\\\/#\\\/schema\\\/person\\\/331be9283d37198e2acd5750279085b0\",\"name\":\"Redacci\u00f3n\",\"image\":{\"@type\":\"ImageObject\",\"inLanguage\":\"es\",\"@id\":\"https:\\\/\\\/secure.gravatar.com\\\/avatar\\\/f6d8782c11d12b2d4ad3fbb6931aeab5309937a4d6cd2fc9cfaa28a6396a5aec?s=96&d=mm&r=g\",\"url\":\"https:\\\/\\\/secure.gravatar.com\\\/avatar\\\/f6d8782c11d12b2d4ad3fbb6931aeab5309937a4d6cd2fc9cfaa28a6396a5aec?s=96&d=mm&r=g\",\"contentUrl\":\"https:\\\/\\\/secure.gravatar.com\\\/avatar\\\/f6d8782c11d12b2d4ad3fbb6931aeab5309937a4d6cd2fc9cfaa28a6396a5aec?s=96&d=mm&r=g\",\"caption\":\"Redacci\u00f3n\"},\"url\":\"https:\\\/\\\/fuentesfidedignas.com.mx\\\/index.php\\\/author\\\/redaccion\\\/\"}]}<\/script>\n<!-- \/ Yoast SEO plugin. -->","yoast_head_json":{"title":"Tras ri\u00f1a, Polic\u00edas Estatales aseguran a una persona y un arma de fuego - Fuentes Fidedignas","robots":{"index":"index","follow":"follow","max-snippet":"max-snippet:-1","max-image-preview":"max-image-preview:large","max-video-preview":"max-video-preview:-1"},"canonical":"https:\/\/fuentesfidedignas.com.mx\/index.php\/2021\/11\/03\/tras-rina-policias-estatales-aseguran-a-una-persona-y-un-arma-de-fuego\/","og_locale":"es_MX","og_type":"article","og_title":"Tras ri\u00f1a, Polic\u00edas Estatales aseguran a una persona y un arma de fuego - Fuentes Fidedignas","og_description":"Una llamada al 9-1-1 alert\u00f3 a las autoridades sobre los hechos en la colonia Margarita Culiac\u00e1n, Sin.- En atenci\u00f3n a una llamada a la l\u00ednea de emergencias 9-1-1, polic\u00edas estatales aseguraron a una persona y un arma de fuego en Culiac\u00e1n. El reporte informaba sobre la agresi\u00f3n a una persona, se\u00f1alando que el responsable se [&hellip;]","og_url":"https:\/\/fuentesfidedignas.com.mx\/index.php\/2021\/11\/03\/tras-rina-policias-estatales-aseguran-a-una-persona-y-un-arma-de-fuego\/","og_site_name":"Fuentes Fidedignas","article_publisher":"https:\/\/www.facebook.com\/Fuentes-Fidedignas-368234489921644","article_published_time":"2021-11-03T19:58:01+00:00","article_modified_time":"2021-11-03T19:58:02+00:00","og_image":[{"width":1263,"height":882,"url":"https:\/\/fuentesfidedignas.com.mx\/wp-content\/uploads\/2021\/11\/ASEGURADO-COL.-MARGARITA-2.jpeg","type":"image\/jpeg"}],"author":"Redacci\u00f3n","twitter_card":"summary_large_image","twitter_creator":"@fidedignas","twitter_site":"@fidedignas","twitter_misc":{"Escrito por":"Redacci\u00f3n","Tiempo de lectura":"2 minutos"},"schema":{"@context":"https:\/\/schema.org","@graph":[{"@type":"Article","@id":"https:\/\/fuentesfidedignas.com.mx\/index.php\/2021\/11\/03\/tras-rina-policias-estatales-aseguran-a-una-persona-y-un-arma-de-fuego\/#article","isPartOf":{"@id":"https:\/\/fuentesfidedignas.com.mx\/index.php\/2021\/11\/03\/tras-rina-policias-estatales-aseguran-a-una-persona-y-un-arma-de-fuego\/"},"author":{"name":"Redacci\u00f3n","@id":"https:\/\/fuentesfidedignas.com.mx\/#\/schema\/person\/331be9283d37198e2acd5750279085b0"},"headline":"Tras ri\u00f1a, Polic\u00edas Estatales aseguran a una persona y un arma de fuego","datePublished":"2021-11-03T19:58:01+00:00","dateModified":"2021-11-03T19:58:02+00:00","mainEntityOfPage":{"@id":"https:\/\/fuentesfidedignas.com.mx\/index.php\/2021\/11\/03\/tras-rina-policias-estatales-aseguran-a-una-persona-y-un-arma-de-fuego\/"},"wordCount":236,"commentCount":0,"publisher":{"@id":"https:\/\/fuentesfidedignas.com.mx\/#organization"},"image":{"@id":"https:\/\/fuentesfidedignas.com.mx\/index.php\/2021\/11\/03\/tras-rina-policias-estatales-aseguran-a-una-persona-y-un-arma-de-fuego\/#primaryimage"},"thumbnailUrl":"https:\/\/fuentesfidedignas.com.mx\/wp-content\/uploads\/2021\/11\/ASEGURADO-COL.-MARGARITA-2.jpeg","keywords":["Polic\u00eda Estatal Preventiva"],"articleSection":["NOTICIAS LOCALES"],"inLanguage":"es","potentialAction":[{"@type":"CommentAction","name":"Comment","target":["https:\/\/fuentesfidedignas.com.mx\/index.php\/2021\/11\/03\/tras-rina-policias-estatales-aseguran-a-una-persona-y-un-arma-de-fuego\/#respond"]}]},{"@type":"WebPage","@id":"https:\/\/fuentesfidedignas.com.mx\/index.php\/2021\/11\/03\/tras-rina-policias-estatales-aseguran-a-una-persona-y-un-arma-de-fuego\/","url":"https:\/\/fuentesfidedignas.com.mx\/index.php\/2021\/11\/03\/tras-rina-policias-estatales-aseguran-a-una-persona-y-un-arma-de-fuego\/","name":"Tras ri\u00f1a, Polic\u00edas Estatales aseguran a una persona y un arma de fuego - Fuentes Fidedignas","isPartOf":{"@id":"https:\/\/fuentesfidedignas.com.mx\/#website"},"primaryImageOfPage":{"@id":"https:\/\/fuentesfidedignas.com.mx\/index.php\/2021\/11\/03\/tras-rina-policias-estatales-aseguran-a-una-persona-y-un-arma-de-fuego\/#primaryimage"},"image":{"@id":"https:\/\/fuentesfidedignas.com.mx\/index.php\/2021\/11\/03\/tras-rina-policias-estatales-aseguran-a-una-persona-y-un-arma-de-fuego\/#primaryimage"},"thumbnailUrl":"https:\/\/fuentesfidedignas.com.mx\/wp-content\/uploads\/2021\/11\/ASEGURADO-COL.-MARGARITA-2.jpeg","datePublished":"2021-11-03T19:58:01+00:00","dateModified":"2021-11-03T19:58:02+00:00","breadcrumb":{"@id":"https:\/\/fuentesfidedignas.com.mx\/index.php\/2021\/11\/03\/tras-rina-policias-estatales-aseguran-a-una-persona-y-un-arma-de-fuego\/#breadcrumb"},"inLanguage":"es","potentialAction":[{"@type":"ReadAction","target":["https:\/\/fuentesfidedignas.com.mx\/index.php\/2021\/11\/03\/tras-rina-policias-estatales-aseguran-a-una-persona-y-un-arma-de-fuego\/"]}]},{"@type":"ImageObject","inLanguage":"es","@id":"https:\/\/fuentesfidedignas.com.mx\/index.php\/2021\/11\/03\/tras-rina-policias-estatales-aseguran-a-una-persona-y-un-arma-de-fuego\/#primaryimage","url":"https:\/\/fuentesfidedignas.com.mx\/wp-content\/uploads\/2021\/11\/ASEGURADO-COL.-MARGARITA-2.jpeg","contentUrl":"https:\/\/fuentesfidedignas.com.mx\/wp-content\/uploads\/2021\/11\/ASEGURADO-COL.-MARGARITA-2.jpeg","width":1263,"height":882},{"@type":"BreadcrumbList","@id":"https:\/\/fuentesfidedignas.com.mx\/index.php\/2021\/11\/03\/tras-rina-policias-estatales-aseguran-a-una-persona-y-un-arma-de-fuego\/#breadcrumb","itemListElement":[{"@type":"ListItem","position":1,"name":"Inicio","item":"https:\/\/fuentesfidedignas.com.mx\/"},{"@type":"ListItem","position":2,"name":"Tras ri\u00f1a, Polic\u00edas Estatales aseguran a una persona y un arma de fuego"}]},{"@type":"WebSite","@id":"https:\/\/fuentesfidedignas.com.mx\/#website","url":"https:\/\/fuentesfidedignas.com.mx\/","name":"Fuentes Fidedignas","description":"Otro sitio realizado con WordPress","publisher":{"@id":"https:\/\/fuentesfidedignas.com.mx\/#organization"},"potentialAction":[{"@type":"SearchAction","target":{"@type":"EntryPoint","urlTemplate":"https:\/\/fuentesfidedignas.com.mx\/?s={search_term_string}"},"query-input":{"@type":"PropertyValueSpecification","valueRequired":true,"valueName":"search_term_string"}}],"inLanguage":"es"},{"@type":"Organization","@id":"https:\/\/fuentesfidedignas.com.mx\/#organization","name":"Fuentes Fidedignas","url":"https:\/\/fuentesfidedignas.com.mx\/","logo":{"@type":"ImageObject","inLanguage":"es","@id":"https:\/\/fuentesfidedignas.com.mx\/#\/schema\/logo\/image\/","url":"https:\/\/fuentesfidedignas.com.mx\/wp-content\/uploads\/2021\/04\/logo-retina.png","contentUrl":"https:\/\/fuentesfidedignas.com.mx\/wp-content\/uploads\/2021\/04\/logo-retina.png","width":280,"height":51,"caption":"Fuentes Fidedignas"},"image":{"@id":"https:\/\/fuentesfidedignas.com.mx\/#\/schema\/logo\/image\/"},"sameAs":["https:\/\/www.facebook.com\/Fuentes-Fidedignas-368234489921644","https:\/\/x.com\/fidedignas"]},{"@type":"Person","@id":"https:\/\/fuentesfidedignas.com.mx\/#\/schema\/person\/331be9283d37198e2acd5750279085b0","name":"Redacci\u00f3n","image":{"@type":"ImageObject","inLanguage":"es","@id":"https:\/\/secure.gravatar.com\/avatar\/f6d8782c11d12b2d4ad3fbb6931aeab5309937a4d6cd2fc9cfaa28a6396a5aec?s=96&d=mm&r=g","url":"https:\/\/secure.gravatar.com\/avatar\/f6d8782c11d12b2d4ad3fbb6931aeab5309937a4d6cd2fc9cfaa28a6396a5aec?s=96&d=mm&r=g","contentUrl":"https:\/\/secure.gravatar.com\/avatar\/f6d8782c11d12b2d4ad3fbb6931aeab5309937a4d6cd2fc9cfaa28a6396a5aec?s=96&d=mm&r=g","caption":"Redacci\u00f3n"},"url":"https:\/\/fuentesfidedignas.com.mx\/index.php\/author\/redaccion\/"}]}},"_links":{"self":[{"href":"https:\/\/fuentesfidedignas.com.mx\/index.php\/wp-json\/wp\/v2\/posts\/16609","targetHints":{"allow":["GET"]}}],"collection":[{"href":"https:\/\/fuentesfidedignas.com.mx\/index.php\/wp-json\/wp\/v2\/posts"}],"about":[{"href":"https:\/\/fuentesfidedignas.com.mx\/index.php\/wp-json\/wp\/v2\/types\/post"}],"author":[{"embeddable":true,"href":"https:\/\/fuentesfidedignas.com.mx\/index.php\/wp-json\/wp\/v2\/users\/4"}],"replies":[{"embeddable":true,"href":"https:\/\/fuentesfidedignas.com.mx\/index.php\/wp-json\/wp\/v2\/comments?post=16609"}],"version-history":[{"count":1,"href":"https:\/\/fuentesfidedignas.com.mx\/index.php\/wp-json\/wp\/v2\/posts\/16609\/revisions"}],"predecessor-version":[{"id":16612,"href":"https:\/\/fuentesfidedignas.com.mx\/index.php\/wp-json\/wp\/v2\/posts\/16609\/revisions\/16612"}],"wp:featuredmedia":[{"embeddable":true,"href":"https:\/\/fuentesfidedignas.com.mx\/index.php\/wp-json\/wp\/v2\/media\/16611"}],"wp:attachment":[{"href":"https:\/\/fuentesfidedignas.com.mx\/index.php\/wp-json\/wp\/v2\/media?parent=16609"}],"wp:term":[{"taxonomy":"category","embeddable":true,"href":"https:\/\/fuentesfidedignas.com.mx\/index.php\/wp-json\/wp\/v2\/categories?post=16609"},{"taxonomy":"post_tag","embeddable":true,"href":"https:\/\/fuentesfidedignas.com.mx\/index.php\/wp-json\/wp\/v2\/tags?post=16609"}],"curies":[{"name":"wp","href":"https:\/\/api.w.org\/{rel}","templated":true}]}}