{"id":16524,"date":"2021-11-02T10:51:38","date_gmt":"2021-11-02T17:51:38","guid":{"rendered":"https:\/\/fuentesfidedignas.com.mx\/?p=16524"},"modified":"2021-11-02T10:52:21","modified_gmt":"2021-11-02T17:52:21","slug":"facebook-eliminara-sistema-de-reconocimiento-facial-en-fotos-y-videos","status":"publish","type":"post","link":"https:\/\/fuentesfidedignas.com.mx\/index.php\/2021\/11\/02\/facebook-eliminara-sistema-de-reconocimiento-facial-en-fotos-y-videos\/","title":{"rendered":"Facebook eliminar\u00e1 sistema de reconocimiento facial en fotos y videos"},"content":{"rendered":"\n<p><strong><em>La eliminaci\u00f3n se llevar\u00e1 a cabo en todo el mundo y se espera que se complete en diciembre, dijo un portavoz de Facebook<\/em><\/strong><\/p>\n\n\n\n<p>Estados Unidos. \u2013 Facebook Inc. anunci\u00f3 que cerrar\u00e1 su sistema de reconocimiento facial que identifica autom\u00e1ticamente a los usuarios en fotos y videos, argumentando la creciente preocupaci\u00f3n de la sociedad por el uso de dicha tecnolog\u00eda.<\/p>\n\n\n\n<p>\u201cLos reguladores est\u00e1n todav\u00eda en proceso de proporcionar un conjunto claro de normas que regulen su uso\u201d, dijo Jerome Pesenti, vicepresidente de inteligencia artificial de Facebook, en un blog.<\/p>\n\n\n\n<p>\u201cEn medio de esta incertidumbre en curso, creemos que limitar el uso del reconocimiento facial a un conjunto estrecho de casos de uso es apropiado\u201d, a\u00f1adi\u00f3.<\/p>\n\n\n\n<p>La compa\u00f1\u00eda, que la semana pasada se renombr\u00f3 Meta Platforms Inc, dijo que m\u00e1s de un tercio de los usuarios activos diarios de Facebook han optado por la configuraci\u00f3n de reconocimiento facial en el sitio de medios sociales, y el cambio ahora eliminar\u00e1 las \u201cplantillas de reconocimiento facial\u201d de m\u00e1s de mil millones de personas.<\/p>\n\n\n\n<p>La eliminaci\u00f3n se llevar\u00e1 a cabo en todo el mundo y se espera que se complete en diciembre, dijo un portavoz de Facebook.<\/p>\n\n\n\n<p>Facebook a\u00f1adi\u00f3 que su herramienta de texto alternativo autom\u00e1tico, que crea descripciones de im\u00e1genes para personas con discapacidad visual, ya no incluir\u00e1 los nombres de las personas reconocidas en las fotos tras la eliminaci\u00f3n del reconocimiento facial, pero por lo dem\u00e1s funcionar\u00e1 con normalidad.<\/p>\n\n\n\n<p>La supresi\u00f3n del reconocimiento facial por parte de la mayor plataforma de redes sociales del mundo se produce en un momento en el que la industria tecnol\u00f3gica se ha enfrentado a un ajuste de cuentas en los \u00faltimos a\u00f1os, en medio de las cr\u00edticas por la posibilidad de que la tecnolog\u00eda identifique falsamente a personas o favorezca a los rostros blancos en detrimento de las personas de color.<\/p>\n\n\n\n<p>Facebook tambi\u00e9n ha sido objeto de escrutinio por parte de reguladores y legisladores sobre la seguridad de los usuarios y una amplia gama de abusos en sus plataformas.<\/p>\n","protected":false},"excerpt":{"rendered":"<p>La eliminaci\u00f3n se llevar\u00e1 a cabo en todo el mundo y se espera que se complete en diciembre, dijo un portavoz de Facebook Estados Unidos. \u2013 Facebook Inc. anunci\u00f3 que cerrar\u00e1 su sistema de reconocimiento facial que identifica autom\u00e1ticamente a los usuarios en fotos y videos, argumentando la creciente preocupaci\u00f3n de la sociedad por el [&hellip;]<\/p>\n","protected":false},"author":5,"featured_media":16525,"comment_status":"open","ping_status":"open","sticky":false,"template":"","format":"standard","meta":{"tdm_status":"","tdm_grid_status":"","footnotes":""},"categories":[39],"tags":[],"class_list":{"0":"post-16524","1":"post","2":"type-post","3":"status-publish","4":"format-standard","5":"has-post-thumbnail","7":"category-noticias-nacionales"},"yoast_head":"<!-- This site is optimized with the Yoast SEO plugin v27.5 - https:\/\/yoast.com\/product\/yoast-seo-wordpress\/ -->\n<title>Facebook eliminar\u00e1 sistema de reconocimiento facial en fotos y videos - Fuentes Fidedignas<\/title>\n<meta name=\"robots\" content=\"index, follow, max-snippet:-1, max-image-preview:large, max-video-preview:-1\" \/>\n<link rel=\"canonical\" href=\"https:\/\/fuentesfidedignas.com.mx\/index.php\/2021\/11\/02\/facebook-eliminara-sistema-de-reconocimiento-facial-en-fotos-y-videos\/\" \/>\n<meta property=\"og:locale\" content=\"es_MX\" \/>\n<meta property=\"og:type\" content=\"article\" \/>\n<meta property=\"og:title\" content=\"Facebook eliminar\u00e1 sistema de reconocimiento facial en fotos y videos - Fuentes Fidedignas\" \/>\n<meta property=\"og:description\" content=\"La eliminaci\u00f3n se llevar\u00e1 a cabo en todo el mundo y se espera que se complete en diciembre, dijo un portavoz de Facebook Estados Unidos. \u2013 Facebook Inc. anunci\u00f3 que cerrar\u00e1 su sistema de reconocimiento facial que identifica autom\u00e1ticamente a los usuarios en fotos y videos, argumentando la creciente preocupaci\u00f3n de la sociedad por el [&hellip;]\" \/>\n<meta property=\"og:url\" content=\"https:\/\/fuentesfidedignas.com.mx\/index.php\/2021\/11\/02\/facebook-eliminara-sistema-de-reconocimiento-facial-en-fotos-y-videos\/\" \/>\n<meta property=\"og:site_name\" content=\"Fuentes Fidedignas\" \/>\n<meta property=\"article:publisher\" content=\"https:\/\/www.facebook.com\/Fuentes-Fidedignas-368234489921644\" \/>\n<meta property=\"article:published_time\" content=\"2021-11-02T17:51:38+00:00\" \/>\n<meta property=\"article:modified_time\" content=\"2021-11-02T17:52:21+00:00\" \/>\n<meta property=\"og:image\" content=\"https:\/\/fuentesfidedignas.com.mx\/wp-content\/uploads\/2021\/11\/2021-04-08T165715Z_104513697_RC2SRM9VX0BQ_RTRMADP_3_FACEBOOK-LAWSUIT-768x432-1.jpg\" \/>\n\t<meta property=\"og:image:width\" content=\"768\" \/>\n\t<meta property=\"og:image:height\" content=\"432\" \/>\n\t<meta property=\"og:image:type\" content=\"image\/jpeg\" \/>\n<meta name=\"author\" content=\"Forbes\" \/>\n<meta name=\"twitter:card\" content=\"summary_large_image\" \/>\n<meta name=\"twitter:creator\" content=\"@fidedignas\" \/>\n<meta name=\"twitter:site\" content=\"@fidedignas\" \/>\n<meta name=\"twitter:label1\" content=\"Escrito por\" \/>\n\t<meta name=\"twitter:data1\" content=\"Forbes\" \/>\n\t<meta name=\"twitter:label2\" content=\"Tiempo de lectura\" \/>\n\t<meta name=\"twitter:data2\" content=\"2 minutos\" \/>\n<script type=\"application\/ld+json\" class=\"yoast-schema-graph\">{\"@context\":\"https:\\\/\\\/schema.org\",\"@graph\":[{\"@type\":\"Article\",\"@id\":\"https:\\\/\\\/fuentesfidedignas.com.mx\\\/index.php\\\/2021\\\/11\\\/02\\\/facebook-eliminara-sistema-de-reconocimiento-facial-en-fotos-y-videos\\\/#article\",\"isPartOf\":{\"@id\":\"https:\\\/\\\/fuentesfidedignas.com.mx\\\/index.php\\\/2021\\\/11\\\/02\\\/facebook-eliminara-sistema-de-reconocimiento-facial-en-fotos-y-videos\\\/\"},\"author\":{\"name\":\"Forbes\",\"@id\":\"https:\\\/\\\/fuentesfidedignas.com.mx\\\/#\\\/schema\\\/person\\\/5623d53fe2e579d825b1679734abcc44\"},\"headline\":\"Facebook eliminar\u00e1 sistema de reconocimiento facial en fotos y videos\",\"datePublished\":\"2021-11-02T17:51:38+00:00\",\"dateModified\":\"2021-11-02T17:52:21+00:00\",\"mainEntityOfPage\":{\"@id\":\"https:\\\/\\\/fuentesfidedignas.com.mx\\\/index.php\\\/2021\\\/11\\\/02\\\/facebook-eliminara-sistema-de-reconocimiento-facial-en-fotos-y-videos\\\/\"},\"wordCount\":364,\"commentCount\":0,\"publisher\":{\"@id\":\"https:\\\/\\\/fuentesfidedignas.com.mx\\\/#organization\"},\"image\":{\"@id\":\"https:\\\/\\\/fuentesfidedignas.com.mx\\\/index.php\\\/2021\\\/11\\\/02\\\/facebook-eliminara-sistema-de-reconocimiento-facial-en-fotos-y-videos\\\/#primaryimage\"},\"thumbnailUrl\":\"https:\\\/\\\/fuentesfidedignas.com.mx\\\/wp-content\\\/uploads\\\/2021\\\/11\\\/2021-04-08T165715Z_104513697_RC2SRM9VX0BQ_RTRMADP_3_FACEBOOK-LAWSUIT-768x432-1.jpg\",\"articleSection\":[\"NOTICIAS NACIONALES\"],\"inLanguage\":\"es\",\"potentialAction\":[{\"@type\":\"CommentAction\",\"name\":\"Comment\",\"target\":[\"https:\\\/\\\/fuentesfidedignas.com.mx\\\/index.php\\\/2021\\\/11\\\/02\\\/facebook-eliminara-sistema-de-reconocimiento-facial-en-fotos-y-videos\\\/#respond\"]}]},{\"@type\":\"WebPage\",\"@id\":\"https:\\\/\\\/fuentesfidedignas.com.mx\\\/index.php\\\/2021\\\/11\\\/02\\\/facebook-eliminara-sistema-de-reconocimiento-facial-en-fotos-y-videos\\\/\",\"url\":\"https:\\\/\\\/fuentesfidedignas.com.mx\\\/index.php\\\/2021\\\/11\\\/02\\\/facebook-eliminara-sistema-de-reconocimiento-facial-en-fotos-y-videos\\\/\",\"name\":\"Facebook eliminar\u00e1 sistema de reconocimiento facial en fotos y videos - Fuentes Fidedignas\",\"isPartOf\":{\"@id\":\"https:\\\/\\\/fuentesfidedignas.com.mx\\\/#website\"},\"primaryImageOfPage\":{\"@id\":\"https:\\\/\\\/fuentesfidedignas.com.mx\\\/index.php\\\/2021\\\/11\\\/02\\\/facebook-eliminara-sistema-de-reconocimiento-facial-en-fotos-y-videos\\\/#primaryimage\"},\"image\":{\"@id\":\"https:\\\/\\\/fuentesfidedignas.com.mx\\\/index.php\\\/2021\\\/11\\\/02\\\/facebook-eliminara-sistema-de-reconocimiento-facial-en-fotos-y-videos\\\/#primaryimage\"},\"thumbnailUrl\":\"https:\\\/\\\/fuentesfidedignas.com.mx\\\/wp-content\\\/uploads\\\/2021\\\/11\\\/2021-04-08T165715Z_104513697_RC2SRM9VX0BQ_RTRMADP_3_FACEBOOK-LAWSUIT-768x432-1.jpg\",\"datePublished\":\"2021-11-02T17:51:38+00:00\",\"dateModified\":\"2021-11-02T17:52:21+00:00\",\"breadcrumb\":{\"@id\":\"https:\\\/\\\/fuentesfidedignas.com.mx\\\/index.php\\\/2021\\\/11\\\/02\\\/facebook-eliminara-sistema-de-reconocimiento-facial-en-fotos-y-videos\\\/#breadcrumb\"},\"inLanguage\":\"es\",\"potentialAction\":[{\"@type\":\"ReadAction\",\"target\":[\"https:\\\/\\\/fuentesfidedignas.com.mx\\\/index.php\\\/2021\\\/11\\\/02\\\/facebook-eliminara-sistema-de-reconocimiento-facial-en-fotos-y-videos\\\/\"]}]},{\"@type\":\"ImageObject\",\"inLanguage\":\"es\",\"@id\":\"https:\\\/\\\/fuentesfidedignas.com.mx\\\/index.php\\\/2021\\\/11\\\/02\\\/facebook-eliminara-sistema-de-reconocimiento-facial-en-fotos-y-videos\\\/#primaryimage\",\"url\":\"https:\\\/\\\/fuentesfidedignas.com.mx\\\/wp-content\\\/uploads\\\/2021\\\/11\\\/2021-04-08T165715Z_104513697_RC2SRM9VX0BQ_RTRMADP_3_FACEBOOK-LAWSUIT-768x432-1.jpg\",\"contentUrl\":\"https:\\\/\\\/fuentesfidedignas.com.mx\\\/wp-content\\\/uploads\\\/2021\\\/11\\\/2021-04-08T165715Z_104513697_RC2SRM9VX0BQ_RTRMADP_3_FACEBOOK-LAWSUIT-768x432-1.jpg\",\"width\":768,\"height\":432},{\"@type\":\"BreadcrumbList\",\"@id\":\"https:\\\/\\\/fuentesfidedignas.com.mx\\\/index.php\\\/2021\\\/11\\\/02\\\/facebook-eliminara-sistema-de-reconocimiento-facial-en-fotos-y-videos\\\/#breadcrumb\",\"itemListElement\":[{\"@type\":\"ListItem\",\"position\":1,\"name\":\"Inicio\",\"item\":\"https:\\\/\\\/fuentesfidedignas.com.mx\\\/\"},{\"@type\":\"ListItem\",\"position\":2,\"name\":\"Facebook eliminar\u00e1 sistema de reconocimiento facial en fotos y videos\"}]},{\"@type\":\"WebSite\",\"@id\":\"https:\\\/\\\/fuentesfidedignas.com.mx\\\/#website\",\"url\":\"https:\\\/\\\/fuentesfidedignas.com.mx\\\/\",\"name\":\"Fuentes Fidedignas\",\"description\":\"Otro sitio realizado con WordPress\",\"publisher\":{\"@id\":\"https:\\\/\\\/fuentesfidedignas.com.mx\\\/#organization\"},\"potentialAction\":[{\"@type\":\"SearchAction\",\"target\":{\"@type\":\"EntryPoint\",\"urlTemplate\":\"https:\\\/\\\/fuentesfidedignas.com.mx\\\/?s={search_term_string}\"},\"query-input\":{\"@type\":\"PropertyValueSpecification\",\"valueRequired\":true,\"valueName\":\"search_term_string\"}}],\"inLanguage\":\"es\"},{\"@type\":\"Organization\",\"@id\":\"https:\\\/\\\/fuentesfidedignas.com.mx\\\/#organization\",\"name\":\"Fuentes Fidedignas\",\"url\":\"https:\\\/\\\/fuentesfidedignas.com.mx\\\/\",\"logo\":{\"@type\":\"ImageObject\",\"inLanguage\":\"es\",\"@id\":\"https:\\\/\\\/fuentesfidedignas.com.mx\\\/#\\\/schema\\\/logo\\\/image\\\/\",\"url\":\"https:\\\/\\\/fuentesfidedignas.com.mx\\\/wp-content\\\/uploads\\\/2021\\\/04\\\/logo-retina.png\",\"contentUrl\":\"https:\\\/\\\/fuentesfidedignas.com.mx\\\/wp-content\\\/uploads\\\/2021\\\/04\\\/logo-retina.png\",\"width\":280,\"height\":51,\"caption\":\"Fuentes Fidedignas\"},\"image\":{\"@id\":\"https:\\\/\\\/fuentesfidedignas.com.mx\\\/#\\\/schema\\\/logo\\\/image\\\/\"},\"sameAs\":[\"https:\\\/\\\/www.facebook.com\\\/Fuentes-Fidedignas-368234489921644\",\"https:\\\/\\\/x.com\\\/fidedignas\"]},{\"@type\":\"Person\",\"@id\":\"https:\\\/\\\/fuentesfidedignas.com.mx\\\/#\\\/schema\\\/person\\\/5623d53fe2e579d825b1679734abcc44\",\"name\":\"Forbes\",\"image\":{\"@type\":\"ImageObject\",\"inLanguage\":\"es\",\"@id\":\"https:\\\/\\\/secure.gravatar.com\\\/avatar\\\/87ce3dd4e41e60c22a79c758614f01a6bc2469255fc936ec7b15efb9bb5cb66f?s=96&d=mm&r=g\",\"url\":\"https:\\\/\\\/secure.gravatar.com\\\/avatar\\\/87ce3dd4e41e60c22a79c758614f01a6bc2469255fc936ec7b15efb9bb5cb66f?s=96&d=mm&r=g\",\"contentUrl\":\"https:\\\/\\\/secure.gravatar.com\\\/avatar\\\/87ce3dd4e41e60c22a79c758614f01a6bc2469255fc936ec7b15efb9bb5cb66f?s=96&d=mm&r=g\",\"caption\":\"Forbes\"},\"url\":\"https:\\\/\\\/fuentesfidedignas.com.mx\\\/index.php\\\/author\\\/forbes\\\/\"}]}<\/script>\n<!-- \/ Yoast SEO plugin. -->","yoast_head_json":{"title":"Facebook eliminar\u00e1 sistema de reconocimiento facial en fotos y videos - Fuentes Fidedignas","robots":{"index":"index","follow":"follow","max-snippet":"max-snippet:-1","max-image-preview":"max-image-preview:large","max-video-preview":"max-video-preview:-1"},"canonical":"https:\/\/fuentesfidedignas.com.mx\/index.php\/2021\/11\/02\/facebook-eliminara-sistema-de-reconocimiento-facial-en-fotos-y-videos\/","og_locale":"es_MX","og_type":"article","og_title":"Facebook eliminar\u00e1 sistema de reconocimiento facial en fotos y videos - Fuentes Fidedignas","og_description":"La eliminaci\u00f3n se llevar\u00e1 a cabo en todo el mundo y se espera que se complete en diciembre, dijo un portavoz de Facebook Estados Unidos. \u2013 Facebook Inc. anunci\u00f3 que cerrar\u00e1 su sistema de reconocimiento facial que identifica autom\u00e1ticamente a los usuarios en fotos y videos, argumentando la creciente preocupaci\u00f3n de la sociedad por el [&hellip;]","og_url":"https:\/\/fuentesfidedignas.com.mx\/index.php\/2021\/11\/02\/facebook-eliminara-sistema-de-reconocimiento-facial-en-fotos-y-videos\/","og_site_name":"Fuentes Fidedignas","article_publisher":"https:\/\/www.facebook.com\/Fuentes-Fidedignas-368234489921644","article_published_time":"2021-11-02T17:51:38+00:00","article_modified_time":"2021-11-02T17:52:21+00:00","og_image":[{"width":768,"height":432,"url":"https:\/\/fuentesfidedignas.com.mx\/wp-content\/uploads\/2021\/11\/2021-04-08T165715Z_104513697_RC2SRM9VX0BQ_RTRMADP_3_FACEBOOK-LAWSUIT-768x432-1.jpg","type":"image\/jpeg"}],"author":"Forbes","twitter_card":"summary_large_image","twitter_creator":"@fidedignas","twitter_site":"@fidedignas","twitter_misc":{"Escrito por":"Forbes","Tiempo de lectura":"2 minutos"},"schema":{"@context":"https:\/\/schema.org","@graph":[{"@type":"Article","@id":"https:\/\/fuentesfidedignas.com.mx\/index.php\/2021\/11\/02\/facebook-eliminara-sistema-de-reconocimiento-facial-en-fotos-y-videos\/#article","isPartOf":{"@id":"https:\/\/fuentesfidedignas.com.mx\/index.php\/2021\/11\/02\/facebook-eliminara-sistema-de-reconocimiento-facial-en-fotos-y-videos\/"},"author":{"name":"Forbes","@id":"https:\/\/fuentesfidedignas.com.mx\/#\/schema\/person\/5623d53fe2e579d825b1679734abcc44"},"headline":"Facebook eliminar\u00e1 sistema de reconocimiento facial en fotos y videos","datePublished":"2021-11-02T17:51:38+00:00","dateModified":"2021-11-02T17:52:21+00:00","mainEntityOfPage":{"@id":"https:\/\/fuentesfidedignas.com.mx\/index.php\/2021\/11\/02\/facebook-eliminara-sistema-de-reconocimiento-facial-en-fotos-y-videos\/"},"wordCount":364,"commentCount":0,"publisher":{"@id":"https:\/\/fuentesfidedignas.com.mx\/#organization"},"image":{"@id":"https:\/\/fuentesfidedignas.com.mx\/index.php\/2021\/11\/02\/facebook-eliminara-sistema-de-reconocimiento-facial-en-fotos-y-videos\/#primaryimage"},"thumbnailUrl":"https:\/\/fuentesfidedignas.com.mx\/wp-content\/uploads\/2021\/11\/2021-04-08T165715Z_104513697_RC2SRM9VX0BQ_RTRMADP_3_FACEBOOK-LAWSUIT-768x432-1.jpg","articleSection":["NOTICIAS NACIONALES"],"inLanguage":"es","potentialAction":[{"@type":"CommentAction","name":"Comment","target":["https:\/\/fuentesfidedignas.com.mx\/index.php\/2021\/11\/02\/facebook-eliminara-sistema-de-reconocimiento-facial-en-fotos-y-videos\/#respond"]}]},{"@type":"WebPage","@id":"https:\/\/fuentesfidedignas.com.mx\/index.php\/2021\/11\/02\/facebook-eliminara-sistema-de-reconocimiento-facial-en-fotos-y-videos\/","url":"https:\/\/fuentesfidedignas.com.mx\/index.php\/2021\/11\/02\/facebook-eliminara-sistema-de-reconocimiento-facial-en-fotos-y-videos\/","name":"Facebook eliminar\u00e1 sistema de reconocimiento facial en fotos y videos - Fuentes Fidedignas","isPartOf":{"@id":"https:\/\/fuentesfidedignas.com.mx\/#website"},"primaryImageOfPage":{"@id":"https:\/\/fuentesfidedignas.com.mx\/index.php\/2021\/11\/02\/facebook-eliminara-sistema-de-reconocimiento-facial-en-fotos-y-videos\/#primaryimage"},"image":{"@id":"https:\/\/fuentesfidedignas.com.mx\/index.php\/2021\/11\/02\/facebook-eliminara-sistema-de-reconocimiento-facial-en-fotos-y-videos\/#primaryimage"},"thumbnailUrl":"https:\/\/fuentesfidedignas.com.mx\/wp-content\/uploads\/2021\/11\/2021-04-08T165715Z_104513697_RC2SRM9VX0BQ_RTRMADP_3_FACEBOOK-LAWSUIT-768x432-1.jpg","datePublished":"2021-11-02T17:51:38+00:00","dateModified":"2021-11-02T17:52:21+00:00","breadcrumb":{"@id":"https:\/\/fuentesfidedignas.com.mx\/index.php\/2021\/11\/02\/facebook-eliminara-sistema-de-reconocimiento-facial-en-fotos-y-videos\/#breadcrumb"},"inLanguage":"es","potentialAction":[{"@type":"ReadAction","target":["https:\/\/fuentesfidedignas.com.mx\/index.php\/2021\/11\/02\/facebook-eliminara-sistema-de-reconocimiento-facial-en-fotos-y-videos\/"]}]},{"@type":"ImageObject","inLanguage":"es","@id":"https:\/\/fuentesfidedignas.com.mx\/index.php\/2021\/11\/02\/facebook-eliminara-sistema-de-reconocimiento-facial-en-fotos-y-videos\/#primaryimage","url":"https:\/\/fuentesfidedignas.com.mx\/wp-content\/uploads\/2021\/11\/2021-04-08T165715Z_104513697_RC2SRM9VX0BQ_RTRMADP_3_FACEBOOK-LAWSUIT-768x432-1.jpg","contentUrl":"https:\/\/fuentesfidedignas.com.mx\/wp-content\/uploads\/2021\/11\/2021-04-08T165715Z_104513697_RC2SRM9VX0BQ_RTRMADP_3_FACEBOOK-LAWSUIT-768x432-1.jpg","width":768,"height":432},{"@type":"BreadcrumbList","@id":"https:\/\/fuentesfidedignas.com.mx\/index.php\/2021\/11\/02\/facebook-eliminara-sistema-de-reconocimiento-facial-en-fotos-y-videos\/#breadcrumb","itemListElement":[{"@type":"ListItem","position":1,"name":"Inicio","item":"https:\/\/fuentesfidedignas.com.mx\/"},{"@type":"ListItem","position":2,"name":"Facebook eliminar\u00e1 sistema de reconocimiento facial en fotos y videos"}]},{"@type":"WebSite","@id":"https:\/\/fuentesfidedignas.com.mx\/#website","url":"https:\/\/fuentesfidedignas.com.mx\/","name":"Fuentes Fidedignas","description":"Otro sitio realizado con WordPress","publisher":{"@id":"https:\/\/fuentesfidedignas.com.mx\/#organization"},"potentialAction":[{"@type":"SearchAction","target":{"@type":"EntryPoint","urlTemplate":"https:\/\/fuentesfidedignas.com.mx\/?s={search_term_string}"},"query-input":{"@type":"PropertyValueSpecification","valueRequired":true,"valueName":"search_term_string"}}],"inLanguage":"es"},{"@type":"Organization","@id":"https:\/\/fuentesfidedignas.com.mx\/#organization","name":"Fuentes Fidedignas","url":"https:\/\/fuentesfidedignas.com.mx\/","logo":{"@type":"ImageObject","inLanguage":"es","@id":"https:\/\/fuentesfidedignas.com.mx\/#\/schema\/logo\/image\/","url":"https:\/\/fuentesfidedignas.com.mx\/wp-content\/uploads\/2021\/04\/logo-retina.png","contentUrl":"https:\/\/fuentesfidedignas.com.mx\/wp-content\/uploads\/2021\/04\/logo-retina.png","width":280,"height":51,"caption":"Fuentes Fidedignas"},"image":{"@id":"https:\/\/fuentesfidedignas.com.mx\/#\/schema\/logo\/image\/"},"sameAs":["https:\/\/www.facebook.com\/Fuentes-Fidedignas-368234489921644","https:\/\/x.com\/fidedignas"]},{"@type":"Person","@id":"https:\/\/fuentesfidedignas.com.mx\/#\/schema\/person\/5623d53fe2e579d825b1679734abcc44","name":"Forbes","image":{"@type":"ImageObject","inLanguage":"es","@id":"https:\/\/secure.gravatar.com\/avatar\/87ce3dd4e41e60c22a79c758614f01a6bc2469255fc936ec7b15efb9bb5cb66f?s=96&d=mm&r=g","url":"https:\/\/secure.gravatar.com\/avatar\/87ce3dd4e41e60c22a79c758614f01a6bc2469255fc936ec7b15efb9bb5cb66f?s=96&d=mm&r=g","contentUrl":"https:\/\/secure.gravatar.com\/avatar\/87ce3dd4e41e60c22a79c758614f01a6bc2469255fc936ec7b15efb9bb5cb66f?s=96&d=mm&r=g","caption":"Forbes"},"url":"https:\/\/fuentesfidedignas.com.mx\/index.php\/author\/forbes\/"}]}},"_links":{"self":[{"href":"https:\/\/fuentesfidedignas.com.mx\/index.php\/wp-json\/wp\/v2\/posts\/16524","targetHints":{"allow":["GET"]}}],"collection":[{"href":"https:\/\/fuentesfidedignas.com.mx\/index.php\/wp-json\/wp\/v2\/posts"}],"about":[{"href":"https:\/\/fuentesfidedignas.com.mx\/index.php\/wp-json\/wp\/v2\/types\/post"}],"author":[{"embeddable":true,"href":"https:\/\/fuentesfidedignas.com.mx\/index.php\/wp-json\/wp\/v2\/users\/5"}],"replies":[{"embeddable":true,"href":"https:\/\/fuentesfidedignas.com.mx\/index.php\/wp-json\/wp\/v2\/comments?post=16524"}],"version-history":[{"count":1,"href":"https:\/\/fuentesfidedignas.com.mx\/index.php\/wp-json\/wp\/v2\/posts\/16524\/revisions"}],"predecessor-version":[{"id":16526,"href":"https:\/\/fuentesfidedignas.com.mx\/index.php\/wp-json\/wp\/v2\/posts\/16524\/revisions\/16526"}],"wp:featuredmedia":[{"embeddable":true,"href":"https:\/\/fuentesfidedignas.com.mx\/index.php\/wp-json\/wp\/v2\/media\/16525"}],"wp:attachment":[{"href":"https:\/\/fuentesfidedignas.com.mx\/index.php\/wp-json\/wp\/v2\/media?parent=16524"}],"wp:term":[{"taxonomy":"category","embeddable":true,"href":"https:\/\/fuentesfidedignas.com.mx\/index.php\/wp-json\/wp\/v2\/categories?post=16524"},{"taxonomy":"post_tag","embeddable":true,"href":"https:\/\/fuentesfidedignas.com.mx\/index.php\/wp-json\/wp\/v2\/tags?post=16524"}],"curies":[{"name":"wp","href":"https:\/\/api.w.org\/{rel}","templated":true}]}}