{"id":16508,"date":"2021-11-02T06:53:17","date_gmt":"2021-11-02T13:53:17","guid":{"rendered":"https:\/\/fuentesfidedignas.com.mx\/?p=16508"},"modified":"2021-11-02T06:53:19","modified_gmt":"2021-11-02T13:53:19","slug":"las-cosas-de-las-que-no-estamos-hablando-y-que-deberiamos","status":"publish","type":"post","link":"https:\/\/fuentesfidedignas.com.mx\/index.php\/2021\/11\/02\/las-cosas-de-las-que-no-estamos-hablando-y-que-deberiamos\/","title":{"rendered":"Las cosas de las que no estamos hablando (y que deber\u00edamos)"},"content":{"rendered":"\n<p>Las pandemias han sido una de las tantas cat\u00e1strofes que la humanidad ha enfrentado. Desde la peste Antonina, que diezm\u00f3 pr\u00e1cticamente a dos terceras partes del Imperio Romano, hasta la peste espa\u00f1ola, el sarampi\u00f3n, el c\u00f3lera y otras tantas, la lucha del ser humano contra los virus y bacterias ha sido permanente.<\/p>\n\n\n\n<p>La diferencia es que hoy tenemos un entendimiento m\u00e1s claro de c\u00f3mo funciona la naturaleza. La ciencia nos abri\u00f3 los ojos, entendimos c\u00f3mo funcionan sus reglas a nivel microsc\u00f3pico y pudimos en menos de 18 meses, generar un mecanismo de prevenci\u00f3n para que nuestros cuerpos se adaptaran al Covid-19.<\/p>\n\n\n\n<p>Este conocimiento es producto de largos esfuerzos de hombres y mujeres de Ciencia. Desde Averroes, el legendario m\u00e9dico \u00e1rabe que comenz\u00f3 a entender los qu\u00edmicos con los que las plantas pod\u00edan curarnos, hasta Luis Pasteur, hemos podido acumular un conocimiento tremendo que hoy nos permite sobrevivir. Antes, nadie sab\u00eda qu\u00e9 estaba pasando. La cantidad de guerreros aztecas muertos por la viruela signific\u00f3 para dicha cultura, una maldici\u00f3n tra\u00edda por Quetzalc\u00f3atl en venganza. La peste negra en Europa fue advertida por un eclipse y un castigo porque el pueblo se hab\u00eda alejado de Dios.<\/p>\n\n\n\n<p>Es m\u00e1s obvio que nunca que el ser humano es la \u00fanica especie que puede interferir a nivel macro en la naturaleza. El Calentamiento global y el Cambio Clim\u00e1tico son testimonio de ello. Estos fen\u00f3menos, seg\u00fan han escrito varios investigadores, han modificado a la Tierra al mismo nivel que lo hicieron las heladas de la Edad de hielo, que el meteorito que extingui\u00f3 a los dinosaurios o que las grandes sequ\u00edas que convirtieron al Sahara en un desierto. Ning\u00fan animal, ninguna especie, ning\u00fan ser vivo ha podido cambiar a un ecosistema entero como lo hemos hecho nosotros.<\/p>\n\n\n\n<p>Es por ello que el reto que viene para la pr\u00f3xima d\u00e9cada es enorme. Un problema tan complejo exige la labor coordinada de toda la humanidad. Pero, desafortunadamente, cada pa\u00eds est\u00e1 considerando al problema de manera diferente.&nbsp;<\/p>\n\n\n\n<p>Nos enfrentamos a fen\u00f3menos sociales muy diferentes a los de hace dos d\u00e9cadas. De hecho, los nacionalismos est\u00e1n en peligro como nunca. Y no, no es porque el imperialismo haya ganado de las batallas, sino por el surgimiento del tribalismo. Las tribus sociales est\u00e1n dibujando el mapa intelectual y pol\u00edtico. Semejante disgregaci\u00f3n ha venido a despertando lo peor de nuestra irracionalidad: gente que dice que las vacunas son mentiras pol\u00edticas para controlarnos, individuos que juran que al tierra es plana, entre otros.<\/p>\n\n\n\n<p>A lo anterior tenemos que sumarle el efecto de la disrupci\u00f3n tecnol\u00f3gica en la generaci\u00f3n de desigualdad. Durante casi toda la historia y hasta el siglo XIX, los pa\u00edses podr\u00edan tener relativa igualdad de acceso a recursos \u00fanicamente conquistando nuevas tierras. Con la revoluci\u00f3n industrial, vemos un fen\u00f3meno de creaci\u00f3n de Hubs que alimentaban a las grandes ciudades del mundo.&nbsp;<\/p>\n\n\n\n<p>M\u00e9xico se convirti\u00f3 en una potencia petrolera porque alimentaba las ansias industriales de Estados Unidos. Argentina se convirti\u00f3 en un generador de carne para Europa. El crecimiento era irregular, pero permit\u00eda que los pa\u00edses pudieran desarrollarse.<\/p>\n\n\n\n<p>Ahora las cosas han cambiado. Las dos superpotencias globales est\u00e1n compitiendo por informaci\u00f3n. Y no es necesario ni conquistar a otro pa\u00eds, ni obligarlo a producir. Se necesita un servidor suficientemente poderoso para rastrear, medir, asimilar y manipular los patrones de conducta de toda una sociedad. Facebook lo est\u00e1 haciendo. China est\u00e1 entrando a ese mercado con Alibaba. Ambos pa\u00edses est\u00e1n entiendo que la tecnolog\u00eda es tan poderosa que puede modelar el pensamiento colectivo durante los pr\u00f3ximos a\u00f1os.<\/p>\n\n\n\n<p>La informaci\u00f3n puede concentrarse en un solo lugar. Y desde ah\u00ed, utilizar herramientas de ingenier\u00eda social para mantener pobre a la poblaci\u00f3n de Bolivia, mientras un magante de bolsa de valores se mueve entre Paris y Edimburgo, con la informaci\u00f3n de todos esos ciudadanos en una USB.<\/p>\n\n\n\n<p>El silic\u00f3n ha comenzado a dividirnos m\u00e1s all\u00e1 de lo que lo hicieron las armas nucleares. Y no es menor este elemento. Recordemos que la ventaja tecnol\u00f3gica de Hern\u00e1n Cort\u00e9s y de Francisco Pizarro les permiti\u00f3 a ambos, con poco m\u00e1s de 100 hombres, vencer a dos de los m\u00e1s grandes imperios de la humanidad, como lo fueron el Azteca y el Inca.<\/p>\n\n\n\n<p>Estamos hablando de que la mayor ventaja de las potencias mundiales es que hoy, cada una, tiene grandes corporaciones que entienden mejor el cerebro. Si antes la guerra se hac\u00eda con armas, hoy se hace con mecanismos muy sofisticados de psicolog\u00eda social.<\/p>\n\n\n\n<p>M\u00e9xico est\u00e1 lejos de este debate y est\u00e1 entrando en ociosidades in\u00fatiles. No estamos invirtiendo en entendernos, sino en artilugios tecnol\u00f3gicos. Estamos hablando de la velocidad del internet, pero no en la manera en que afecta nuestras mentes y nuestra concepci\u00f3n de la realidad. Nuestro sistema educativo est\u00e1 atrasado, que el solo hecho de nacer en este pa\u00eds implica no obtener ni habilidades ni ventajas para hablar el lenguaje del mundo.<\/p>\n\n\n\n<p>En los gobiernos estatales el fen\u00f3meno es peor. Las \u00e9lites pol\u00edticas y econ\u00f3micas no se han dado cuenta tampoco de que por m\u00e1s poder local que tengan, son rehenes igual que los ciudadanos m\u00e1s desprotegidos, de estas luchas. La conversaci\u00f3n con los nuevos gobiernos ser\u00e1 sobre lo mismo: qui\u00e9n va a qu\u00e9 Secretar\u00eda, Direcci\u00f3n, Ministerio, etc\u00e9tera.<\/p>\n\n\n\n<p>La pol\u00edtica por primera vez, no est\u00e1 dirigiendo ni al imaginario colectivo ni a la posibilidad de llegar a acuerdos sociales. En Sinaloa apenas y se aprob\u00f3 en la legislatura pasada una Ley muy mal hecha contra el Cambio Clim\u00e1tico. Una Ley sin dientes, que no evita el uso intensivo de pesticidas t\u00f3xicos, ni genera soluciones para el uso del agua. Eso s\u00ed, sirvi\u00f3 para que uno que otro anodino se parara le cuello, como si sembrar un \u00e1rbol significara resolver el problema de la deforestaci\u00f3n en la Sierra.<\/p>\n\n\n\n<p>Y no, no me refiero a la charlataner\u00eda de influencers como Carlos Mu\u00f1oz, que vende espejos sobre bitcoin y le dice a una juventud como la mexicana (que no tiene oportunidades de empleo digno o de desarrollar sus talentos), que todo se trata de hacer \u201cmillones\u201d, cuando en realidad siempre se ha tratado de modificar al sistema que premia la complicidad y castiga la eficiencia. Nunca ha sido menos mercado, ha sido generar condiciones de competencia.<\/p>\n\n\n\n<p>El Cambio Clim\u00e1tico va significar sequ\u00edas m\u00e1s largas, lo que va a generar procesos de migraci\u00f3n interna sumamente complejos. El poder del narcotr\u00e1fico va a desviar el agua para sus objetivos, mientras tenemos a un Estado que estar\u00e1 ausente para proteger a los peque\u00f1os ejidatarios, que no tendr\u00e1n opci\u00f3n sino entregar su propiedad.<\/p>\n\n\n\n<p>Mientras los pol\u00edticos creen que hacen su chamba entregando una o dos despensas por semana, hay un aumento enorme de la pobreza extrema y de personas que cada d\u00eda pierden la posibilidad de comer. As\u00ed, sin adjetivos.<\/p>\n\n\n\n<p>Los temas de los que no estamos hablando, tristemente, ser\u00e1n los que nos van a rebasar en los pr\u00f3ximos a\u00f1os.&nbsp;<\/p>\n\n\n\n<p>La calidad de la conversaci\u00f3n colectiva es baja y es obligaci\u00f3n de cada uno de nosotros, mejorarla y subirla de nivel. Nunca como ahora han sido tan importantes las voces cr\u00edticas, las conciencias inteligentes, las ideas disruptivas.<\/p>\n\n\n\n<blockquote class=\"wp-block-quote is-layout-flow wp-block-quote-is-layout-flow\"><p>SIGUE A \u00d3SCAR RIVAS EN:<\/p><p><a href=\"https:\/\/twitter.com\/RivasWalker?s=09\">HTTPS:\/\/TWITTER.COM\/RIVASWALKER?S=09<\/a><\/p><\/blockquote>\n\n\n\n<p><strong>Economista. Maestr\u00eda en Negocios Globales por la Escuela de Negocios Darla Moore de la Universidad de Carolina del Sur. Maestr\u00eda en Administraci\u00f3n de Negocios por el Tecnol\u00f3gico de Monterrey. Egresado del Programa de Georgetown en liderazgo e innovaci\u00f3n y del Curso Emerging Leaders de Executive Education de Harvard y del Programa de liderazgo y ciudades inteligentes de la Fundaci\u00f3n Naumann, de Alemania.&nbsp;<\/strong><\/p>\n","protected":false},"excerpt":{"rendered":"<p>Las pandemias han sido una de las tantas cat\u00e1strofes que la humanidad ha enfrentado. Desde la peste Antonina, que diezm\u00f3 pr\u00e1cticamente a dos terceras partes del Imperio Romano, hasta la peste espa\u00f1ola, el sarampi\u00f3n, el c\u00f3lera y otras tantas, la lucha del ser humano contra los virus y bacterias ha sido permanente. La diferencia es [&hellip;]<\/p>\n","protected":false},"author":60,"featured_media":7861,"comment_status":"open","ping_status":"open","sticky":false,"template":"","format":"standard","meta":{"tdm_status":"","tdm_grid_status":"","footnotes":""},"categories":[1246],"tags":[1248,1243],"class_list":{"0":"post-16508","1":"post","2":"type-post","3":"status-publish","4":"format-standard","5":"has-post-thumbnail","7":"category-politropos","8":"tag-oscar-rivas","9":"tag-politropos"},"yoast_head":"<!-- This site is optimized with the Yoast SEO plugin v27.5 - https:\/\/yoast.com\/product\/yoast-seo-wordpress\/ -->\n<title>Las cosas de las que no estamos hablando (y que deber\u00edamos) - Fuentes Fidedignas<\/title>\n<meta name=\"robots\" content=\"index, follow, max-snippet:-1, max-image-preview:large, max-video-preview:-1\" \/>\n<link rel=\"canonical\" href=\"https:\/\/fuentesfidedignas.com.mx\/index.php\/2021\/11\/02\/las-cosas-de-las-que-no-estamos-hablando-y-que-deberiamos\/\" \/>\n<meta property=\"og:locale\" content=\"es_MX\" \/>\n<meta property=\"og:type\" content=\"article\" \/>\n<meta property=\"og:title\" content=\"Las cosas de las que no estamos hablando (y que deber\u00edamos) - Fuentes Fidedignas\" \/>\n<meta property=\"og:description\" content=\"Las pandemias han sido una de las tantas cat\u00e1strofes que la humanidad ha enfrentado. Desde la peste Antonina, que diezm\u00f3 pr\u00e1cticamente a dos terceras partes del Imperio Romano, hasta la peste espa\u00f1ola, el sarampi\u00f3n, el c\u00f3lera y otras tantas, la lucha del ser humano contra los virus y bacterias ha sido permanente. La diferencia es [&hellip;]\" \/>\n<meta property=\"og:url\" content=\"https:\/\/fuentesfidedignas.com.mx\/index.php\/2021\/11\/02\/las-cosas-de-las-que-no-estamos-hablando-y-que-deberiamos\/\" \/>\n<meta property=\"og:site_name\" content=\"Fuentes Fidedignas\" \/>\n<meta property=\"article:publisher\" content=\"https:\/\/www.facebook.com\/Fuentes-Fidedignas-368234489921644\" \/>\n<meta property=\"article:published_time\" content=\"2021-11-02T13:53:17+00:00\" \/>\n<meta property=\"article:modified_time\" content=\"2021-11-02T13:53:19+00:00\" \/>\n<meta property=\"og:image\" content=\"https:\/\/fuentesfidedignas.com.mx\/wp-content\/uploads\/2021\/07\/IMG_20210720_132046.jpg\" \/>\n\t<meta property=\"og:image:width\" content=\"714\" \/>\n\t<meta property=\"og:image:height\" content=\"635\" \/>\n\t<meta property=\"og:image:type\" content=\"image\/jpeg\" \/>\n<meta name=\"author\" content=\"\u00d3scar Rivas Inzunza\" \/>\n<meta name=\"twitter:card\" content=\"summary_large_image\" \/>\n<meta name=\"twitter:creator\" content=\"@fidedignas\" \/>\n<meta name=\"twitter:site\" content=\"@fidedignas\" \/>\n<meta name=\"twitter:label1\" content=\"Escrito por\" \/>\n\t<meta name=\"twitter:data1\" content=\"\u00d3scar Rivas Inzunza\" \/>\n\t<meta name=\"twitter:label2\" content=\"Tiempo de lectura\" \/>\n\t<meta name=\"twitter:data2\" content=\"6 minutos\" \/>\n<script type=\"application\/ld+json\" class=\"yoast-schema-graph\">{\"@context\":\"https:\\\/\\\/schema.org\",\"@graph\":[{\"@type\":\"Article\",\"@id\":\"https:\\\/\\\/fuentesfidedignas.com.mx\\\/index.php\\\/2021\\\/11\\\/02\\\/las-cosas-de-las-que-no-estamos-hablando-y-que-deberiamos\\\/#article\",\"isPartOf\":{\"@id\":\"https:\\\/\\\/fuentesfidedignas.com.mx\\\/index.php\\\/2021\\\/11\\\/02\\\/las-cosas-de-las-que-no-estamos-hablando-y-que-deberiamos\\\/\"},\"author\":{\"name\":\"\u00d3scar Rivas Inzunza\",\"@id\":\"https:\\\/\\\/fuentesfidedignas.com.mx\\\/#\\\/schema\\\/person\\\/ddaca48641399e214cd410040c018537\"},\"headline\":\"Las cosas de las que no estamos hablando (y que deber\u00edamos)\",\"datePublished\":\"2021-11-02T13:53:17+00:00\",\"dateModified\":\"2021-11-02T13:53:19+00:00\",\"mainEntityOfPage\":{\"@id\":\"https:\\\/\\\/fuentesfidedignas.com.mx\\\/index.php\\\/2021\\\/11\\\/02\\\/las-cosas-de-las-que-no-estamos-hablando-y-que-deberiamos\\\/\"},\"wordCount\":1371,\"commentCount\":0,\"publisher\":{\"@id\":\"https:\\\/\\\/fuentesfidedignas.com.mx\\\/#organization\"},\"image\":{\"@id\":\"https:\\\/\\\/fuentesfidedignas.com.mx\\\/index.php\\\/2021\\\/11\\\/02\\\/las-cosas-de-las-que-no-estamos-hablando-y-que-deberiamos\\\/#primaryimage\"},\"thumbnailUrl\":\"https:\\\/\\\/fuentesfidedignas.com.mx\\\/wp-content\\\/uploads\\\/2021\\\/07\\\/IMG_20210720_132046.jpg\",\"keywords\":[\"\u00d3scar Rivas\",\"politropos\"],\"articleSection\":[\"POLITROPOS\"],\"inLanguage\":\"es\",\"potentialAction\":[{\"@type\":\"CommentAction\",\"name\":\"Comment\",\"target\":[\"https:\\\/\\\/fuentesfidedignas.com.mx\\\/index.php\\\/2021\\\/11\\\/02\\\/las-cosas-de-las-que-no-estamos-hablando-y-que-deberiamos\\\/#respond\"]}]},{\"@type\":\"WebPage\",\"@id\":\"https:\\\/\\\/fuentesfidedignas.com.mx\\\/index.php\\\/2021\\\/11\\\/02\\\/las-cosas-de-las-que-no-estamos-hablando-y-que-deberiamos\\\/\",\"url\":\"https:\\\/\\\/fuentesfidedignas.com.mx\\\/index.php\\\/2021\\\/11\\\/02\\\/las-cosas-de-las-que-no-estamos-hablando-y-que-deberiamos\\\/\",\"name\":\"Las cosas de las que no estamos hablando (y que deber\u00edamos) - Fuentes Fidedignas\",\"isPartOf\":{\"@id\":\"https:\\\/\\\/fuentesfidedignas.com.mx\\\/#website\"},\"primaryImageOfPage\":{\"@id\":\"https:\\\/\\\/fuentesfidedignas.com.mx\\\/index.php\\\/2021\\\/11\\\/02\\\/las-cosas-de-las-que-no-estamos-hablando-y-que-deberiamos\\\/#primaryimage\"},\"image\":{\"@id\":\"https:\\\/\\\/fuentesfidedignas.com.mx\\\/index.php\\\/2021\\\/11\\\/02\\\/las-cosas-de-las-que-no-estamos-hablando-y-que-deberiamos\\\/#primaryimage\"},\"thumbnailUrl\":\"https:\\\/\\\/fuentesfidedignas.com.mx\\\/wp-content\\\/uploads\\\/2021\\\/07\\\/IMG_20210720_132046.jpg\",\"datePublished\":\"2021-11-02T13:53:17+00:00\",\"dateModified\":\"2021-11-02T13:53:19+00:00\",\"breadcrumb\":{\"@id\":\"https:\\\/\\\/fuentesfidedignas.com.mx\\\/index.php\\\/2021\\\/11\\\/02\\\/las-cosas-de-las-que-no-estamos-hablando-y-que-deberiamos\\\/#breadcrumb\"},\"inLanguage\":\"es\",\"potentialAction\":[{\"@type\":\"ReadAction\",\"target\":[\"https:\\\/\\\/fuentesfidedignas.com.mx\\\/index.php\\\/2021\\\/11\\\/02\\\/las-cosas-de-las-que-no-estamos-hablando-y-que-deberiamos\\\/\"]}]},{\"@type\":\"ImageObject\",\"inLanguage\":\"es\",\"@id\":\"https:\\\/\\\/fuentesfidedignas.com.mx\\\/index.php\\\/2021\\\/11\\\/02\\\/las-cosas-de-las-que-no-estamos-hablando-y-que-deberiamos\\\/#primaryimage\",\"url\":\"https:\\\/\\\/fuentesfidedignas.com.mx\\\/wp-content\\\/uploads\\\/2021\\\/07\\\/IMG_20210720_132046.jpg\",\"contentUrl\":\"https:\\\/\\\/fuentesfidedignas.com.mx\\\/wp-content\\\/uploads\\\/2021\\\/07\\\/IMG_20210720_132046.jpg\",\"width\":714,\"height\":635},{\"@type\":\"BreadcrumbList\",\"@id\":\"https:\\\/\\\/fuentesfidedignas.com.mx\\\/index.php\\\/2021\\\/11\\\/02\\\/las-cosas-de-las-que-no-estamos-hablando-y-que-deberiamos\\\/#breadcrumb\",\"itemListElement\":[{\"@type\":\"ListItem\",\"position\":1,\"name\":\"Inicio\",\"item\":\"https:\\\/\\\/fuentesfidedignas.com.mx\\\/\"},{\"@type\":\"ListItem\",\"position\":2,\"name\":\"Las cosas de las que no estamos hablando (y que deber\u00edamos)\"}]},{\"@type\":\"WebSite\",\"@id\":\"https:\\\/\\\/fuentesfidedignas.com.mx\\\/#website\",\"url\":\"https:\\\/\\\/fuentesfidedignas.com.mx\\\/\",\"name\":\"Fuentes Fidedignas\",\"description\":\"Otro sitio realizado con WordPress\",\"publisher\":{\"@id\":\"https:\\\/\\\/fuentesfidedignas.com.mx\\\/#organization\"},\"potentialAction\":[{\"@type\":\"SearchAction\",\"target\":{\"@type\":\"EntryPoint\",\"urlTemplate\":\"https:\\\/\\\/fuentesfidedignas.com.mx\\\/?s={search_term_string}\"},\"query-input\":{\"@type\":\"PropertyValueSpecification\",\"valueRequired\":true,\"valueName\":\"search_term_string\"}}],\"inLanguage\":\"es\"},{\"@type\":\"Organization\",\"@id\":\"https:\\\/\\\/fuentesfidedignas.com.mx\\\/#organization\",\"name\":\"Fuentes Fidedignas\",\"url\":\"https:\\\/\\\/fuentesfidedignas.com.mx\\\/\",\"logo\":{\"@type\":\"ImageObject\",\"inLanguage\":\"es\",\"@id\":\"https:\\\/\\\/fuentesfidedignas.com.mx\\\/#\\\/schema\\\/logo\\\/image\\\/\",\"url\":\"https:\\\/\\\/fuentesfidedignas.com.mx\\\/wp-content\\\/uploads\\\/2021\\\/04\\\/logo-retina.png\",\"contentUrl\":\"https:\\\/\\\/fuentesfidedignas.com.mx\\\/wp-content\\\/uploads\\\/2021\\\/04\\\/logo-retina.png\",\"width\":280,\"height\":51,\"caption\":\"Fuentes Fidedignas\"},\"image\":{\"@id\":\"https:\\\/\\\/fuentesfidedignas.com.mx\\\/#\\\/schema\\\/logo\\\/image\\\/\"},\"sameAs\":[\"https:\\\/\\\/www.facebook.com\\\/Fuentes-Fidedignas-368234489921644\",\"https:\\\/\\\/x.com\\\/fidedignas\"]},{\"@type\":\"Person\",\"@id\":\"https:\\\/\\\/fuentesfidedignas.com.mx\\\/#\\\/schema\\\/person\\\/ddaca48641399e214cd410040c018537\",\"name\":\"\u00d3scar Rivas Inzunza\",\"image\":{\"@type\":\"ImageObject\",\"inLanguage\":\"es\",\"@id\":\"https:\\\/\\\/secure.gravatar.com\\\/avatar\\\/2f27ba39adcf07fb389fd9ddea7d923e163327341e6020f1368063081a0bf6bc?s=96&d=mm&r=g\",\"url\":\"https:\\\/\\\/secure.gravatar.com\\\/avatar\\\/2f27ba39adcf07fb389fd9ddea7d923e163327341e6020f1368063081a0bf6bc?s=96&d=mm&r=g\",\"contentUrl\":\"https:\\\/\\\/secure.gravatar.com\\\/avatar\\\/2f27ba39adcf07fb389fd9ddea7d923e163327341e6020f1368063081a0bf6bc?s=96&d=mm&r=g\",\"caption\":\"\u00d3scar Rivas Inzunza\"},\"url\":\"https:\\\/\\\/fuentesfidedignas.com.mx\\\/index.php\\\/author\\\/oscar-r\\\/\"}]}<\/script>\n<!-- \/ Yoast SEO plugin. -->","yoast_head_json":{"title":"Las cosas de las que no estamos hablando (y que deber\u00edamos) - Fuentes Fidedignas","robots":{"index":"index","follow":"follow","max-snippet":"max-snippet:-1","max-image-preview":"max-image-preview:large","max-video-preview":"max-video-preview:-1"},"canonical":"https:\/\/fuentesfidedignas.com.mx\/index.php\/2021\/11\/02\/las-cosas-de-las-que-no-estamos-hablando-y-que-deberiamos\/","og_locale":"es_MX","og_type":"article","og_title":"Las cosas de las que no estamos hablando (y que deber\u00edamos) - Fuentes Fidedignas","og_description":"Las pandemias han sido una de las tantas cat\u00e1strofes que la humanidad ha enfrentado. Desde la peste Antonina, que diezm\u00f3 pr\u00e1cticamente a dos terceras partes del Imperio Romano, hasta la peste espa\u00f1ola, el sarampi\u00f3n, el c\u00f3lera y otras tantas, la lucha del ser humano contra los virus y bacterias ha sido permanente. La diferencia es [&hellip;]","og_url":"https:\/\/fuentesfidedignas.com.mx\/index.php\/2021\/11\/02\/las-cosas-de-las-que-no-estamos-hablando-y-que-deberiamos\/","og_site_name":"Fuentes Fidedignas","article_publisher":"https:\/\/www.facebook.com\/Fuentes-Fidedignas-368234489921644","article_published_time":"2021-11-02T13:53:17+00:00","article_modified_time":"2021-11-02T13:53:19+00:00","og_image":[{"width":714,"height":635,"url":"https:\/\/fuentesfidedignas.com.mx\/wp-content\/uploads\/2021\/07\/IMG_20210720_132046.jpg","type":"image\/jpeg"}],"author":"\u00d3scar Rivas Inzunza","twitter_card":"summary_large_image","twitter_creator":"@fidedignas","twitter_site":"@fidedignas","twitter_misc":{"Escrito por":"\u00d3scar Rivas Inzunza","Tiempo de lectura":"6 minutos"},"schema":{"@context":"https:\/\/schema.org","@graph":[{"@type":"Article","@id":"https:\/\/fuentesfidedignas.com.mx\/index.php\/2021\/11\/02\/las-cosas-de-las-que-no-estamos-hablando-y-que-deberiamos\/#article","isPartOf":{"@id":"https:\/\/fuentesfidedignas.com.mx\/index.php\/2021\/11\/02\/las-cosas-de-las-que-no-estamos-hablando-y-que-deberiamos\/"},"author":{"name":"\u00d3scar Rivas Inzunza","@id":"https:\/\/fuentesfidedignas.com.mx\/#\/schema\/person\/ddaca48641399e214cd410040c018537"},"headline":"Las cosas de las que no estamos hablando (y que deber\u00edamos)","datePublished":"2021-11-02T13:53:17+00:00","dateModified":"2021-11-02T13:53:19+00:00","mainEntityOfPage":{"@id":"https:\/\/fuentesfidedignas.com.mx\/index.php\/2021\/11\/02\/las-cosas-de-las-que-no-estamos-hablando-y-que-deberiamos\/"},"wordCount":1371,"commentCount":0,"publisher":{"@id":"https:\/\/fuentesfidedignas.com.mx\/#organization"},"image":{"@id":"https:\/\/fuentesfidedignas.com.mx\/index.php\/2021\/11\/02\/las-cosas-de-las-que-no-estamos-hablando-y-que-deberiamos\/#primaryimage"},"thumbnailUrl":"https:\/\/fuentesfidedignas.com.mx\/wp-content\/uploads\/2021\/07\/IMG_20210720_132046.jpg","keywords":["\u00d3scar Rivas","politropos"],"articleSection":["POLITROPOS"],"inLanguage":"es","potentialAction":[{"@type":"CommentAction","name":"Comment","target":["https:\/\/fuentesfidedignas.com.mx\/index.php\/2021\/11\/02\/las-cosas-de-las-que-no-estamos-hablando-y-que-deberiamos\/#respond"]}]},{"@type":"WebPage","@id":"https:\/\/fuentesfidedignas.com.mx\/index.php\/2021\/11\/02\/las-cosas-de-las-que-no-estamos-hablando-y-que-deberiamos\/","url":"https:\/\/fuentesfidedignas.com.mx\/index.php\/2021\/11\/02\/las-cosas-de-las-que-no-estamos-hablando-y-que-deberiamos\/","name":"Las cosas de las que no estamos hablando (y que deber\u00edamos) - Fuentes Fidedignas","isPartOf":{"@id":"https:\/\/fuentesfidedignas.com.mx\/#website"},"primaryImageOfPage":{"@id":"https:\/\/fuentesfidedignas.com.mx\/index.php\/2021\/11\/02\/las-cosas-de-las-que-no-estamos-hablando-y-que-deberiamos\/#primaryimage"},"image":{"@id":"https:\/\/fuentesfidedignas.com.mx\/index.php\/2021\/11\/02\/las-cosas-de-las-que-no-estamos-hablando-y-que-deberiamos\/#primaryimage"},"thumbnailUrl":"https:\/\/fuentesfidedignas.com.mx\/wp-content\/uploads\/2021\/07\/IMG_20210720_132046.jpg","datePublished":"2021-11-02T13:53:17+00:00","dateModified":"2021-11-02T13:53:19+00:00","breadcrumb":{"@id":"https:\/\/fuentesfidedignas.com.mx\/index.php\/2021\/11\/02\/las-cosas-de-las-que-no-estamos-hablando-y-que-deberiamos\/#breadcrumb"},"inLanguage":"es","potentialAction":[{"@type":"ReadAction","target":["https:\/\/fuentesfidedignas.com.mx\/index.php\/2021\/11\/02\/las-cosas-de-las-que-no-estamos-hablando-y-que-deberiamos\/"]}]},{"@type":"ImageObject","inLanguage":"es","@id":"https:\/\/fuentesfidedignas.com.mx\/index.php\/2021\/11\/02\/las-cosas-de-las-que-no-estamos-hablando-y-que-deberiamos\/#primaryimage","url":"https:\/\/fuentesfidedignas.com.mx\/wp-content\/uploads\/2021\/07\/IMG_20210720_132046.jpg","contentUrl":"https:\/\/fuentesfidedignas.com.mx\/wp-content\/uploads\/2021\/07\/IMG_20210720_132046.jpg","width":714,"height":635},{"@type":"BreadcrumbList","@id":"https:\/\/fuentesfidedignas.com.mx\/index.php\/2021\/11\/02\/las-cosas-de-las-que-no-estamos-hablando-y-que-deberiamos\/#breadcrumb","itemListElement":[{"@type":"ListItem","position":1,"name":"Inicio","item":"https:\/\/fuentesfidedignas.com.mx\/"},{"@type":"ListItem","position":2,"name":"Las cosas de las que no estamos hablando (y que deber\u00edamos)"}]},{"@type":"WebSite","@id":"https:\/\/fuentesfidedignas.com.mx\/#website","url":"https:\/\/fuentesfidedignas.com.mx\/","name":"Fuentes Fidedignas","description":"Otro sitio realizado con WordPress","publisher":{"@id":"https:\/\/fuentesfidedignas.com.mx\/#organization"},"potentialAction":[{"@type":"SearchAction","target":{"@type":"EntryPoint","urlTemplate":"https:\/\/fuentesfidedignas.com.mx\/?s={search_term_string}"},"query-input":{"@type":"PropertyValueSpecification","valueRequired":true,"valueName":"search_term_string"}}],"inLanguage":"es"},{"@type":"Organization","@id":"https:\/\/fuentesfidedignas.com.mx\/#organization","name":"Fuentes Fidedignas","url":"https:\/\/fuentesfidedignas.com.mx\/","logo":{"@type":"ImageObject","inLanguage":"es","@id":"https:\/\/fuentesfidedignas.com.mx\/#\/schema\/logo\/image\/","url":"https:\/\/fuentesfidedignas.com.mx\/wp-content\/uploads\/2021\/04\/logo-retina.png","contentUrl":"https:\/\/fuentesfidedignas.com.mx\/wp-content\/uploads\/2021\/04\/logo-retina.png","width":280,"height":51,"caption":"Fuentes Fidedignas"},"image":{"@id":"https:\/\/fuentesfidedignas.com.mx\/#\/schema\/logo\/image\/"},"sameAs":["https:\/\/www.facebook.com\/Fuentes-Fidedignas-368234489921644","https:\/\/x.com\/fidedignas"]},{"@type":"Person","@id":"https:\/\/fuentesfidedignas.com.mx\/#\/schema\/person\/ddaca48641399e214cd410040c018537","name":"\u00d3scar Rivas Inzunza","image":{"@type":"ImageObject","inLanguage":"es","@id":"https:\/\/secure.gravatar.com\/avatar\/2f27ba39adcf07fb389fd9ddea7d923e163327341e6020f1368063081a0bf6bc?s=96&d=mm&r=g","url":"https:\/\/secure.gravatar.com\/avatar\/2f27ba39adcf07fb389fd9ddea7d923e163327341e6020f1368063081a0bf6bc?s=96&d=mm&r=g","contentUrl":"https:\/\/secure.gravatar.com\/avatar\/2f27ba39adcf07fb389fd9ddea7d923e163327341e6020f1368063081a0bf6bc?s=96&d=mm&r=g","caption":"\u00d3scar Rivas Inzunza"},"url":"https:\/\/fuentesfidedignas.com.mx\/index.php\/author\/oscar-r\/"}]}},"_links":{"self":[{"href":"https:\/\/fuentesfidedignas.com.mx\/index.php\/wp-json\/wp\/v2\/posts\/16508","targetHints":{"allow":["GET"]}}],"collection":[{"href":"https:\/\/fuentesfidedignas.com.mx\/index.php\/wp-json\/wp\/v2\/posts"}],"about":[{"href":"https:\/\/fuentesfidedignas.com.mx\/index.php\/wp-json\/wp\/v2\/types\/post"}],"author":[{"embeddable":true,"href":"https:\/\/fuentesfidedignas.com.mx\/index.php\/wp-json\/wp\/v2\/users\/60"}],"replies":[{"embeddable":true,"href":"https:\/\/fuentesfidedignas.com.mx\/index.php\/wp-json\/wp\/v2\/comments?post=16508"}],"version-history":[{"count":1,"href":"https:\/\/fuentesfidedignas.com.mx\/index.php\/wp-json\/wp\/v2\/posts\/16508\/revisions"}],"predecessor-version":[{"id":16509,"href":"https:\/\/fuentesfidedignas.com.mx\/index.php\/wp-json\/wp\/v2\/posts\/16508\/revisions\/16509"}],"wp:featuredmedia":[{"embeddable":true,"href":"https:\/\/fuentesfidedignas.com.mx\/index.php\/wp-json\/wp\/v2\/media\/7861"}],"wp:attachment":[{"href":"https:\/\/fuentesfidedignas.com.mx\/index.php\/wp-json\/wp\/v2\/media?parent=16508"}],"wp:term":[{"taxonomy":"category","embeddable":true,"href":"https:\/\/fuentesfidedignas.com.mx\/index.php\/wp-json\/wp\/v2\/categories?post=16508"},{"taxonomy":"post_tag","embeddable":true,"href":"https:\/\/fuentesfidedignas.com.mx\/index.php\/wp-json\/wp\/v2\/tags?post=16508"}],"curies":[{"name":"wp","href":"https:\/\/api.w.org\/{rel}","templated":true}]}}