{"id":16464,"date":"2021-11-01T15:15:14","date_gmt":"2021-11-01T22:15:14","guid":{"rendered":"https:\/\/fuentesfidedignas.com.mx\/?p=16464"},"modified":"2021-11-01T15:30:03","modified_gmt":"2021-11-01T22:30:03","slug":"rinden-protesta-los-nuevos-funcionarios-del-ayuntamiento-de-angostura","status":"publish","type":"post","link":"https:\/\/fuentesfidedignas.com.mx\/index.php\/2021\/11\/01\/rinden-protesta-los-nuevos-funcionarios-del-ayuntamiento-de-angostura\/","title":{"rendered":"Rinden protesta los nuevos funcionarios del Ayuntamiento de Angostura"},"content":{"rendered":"\n<p><strong><em>El alcalde angosturense les pidi\u00f3 que en todo momento se conduzcan con humildad y<\/em><\/strong> <strong><em>que se le de un trato diferente a la ciudadan\u00eda para que se sienta en confianza<\/em><\/strong><\/p>\n\n\n\n<p>Angostura, Sin.- Conscientes del gran compromiso adquirido, los nuevos funcionarios del Ayuntamiento de Angostura rindieron protesta y argumentaron poner todo su empe\u00f1o para que la administraci\u00f3n 2021-2024 haga historia en el municipio costero de la regi\u00f3n del \u00c9vora.<\/p>\n\n\n\n<p>El acto estuvo encabezado por el alcalde Miguel \u00c1ngel Angulo Acosta, quien en su mensaje les recalc\u00f3 que solamente son un grupo de nuevas personas que vienen a formar un nuevo Ayuntamiento, pero sobre todo son parte de una historia de renovaci\u00f3n que viene a cambiar el curso de la pol\u00edtica local, estatal y nacional.<\/p>\n\n\n\n<p>Adem\u00e1s, les dej\u00f3 en claro que sean conscientes de la gran responsabilidad adquirida que todos en conjunto tienen que sacarla adelante, pues lo que hagan se va a reflejar en los resultados en este nuevo proyecto y hacer un gobierno diferente.<\/p>\n\n\n\n<p>El alcalde angosturense les pidi\u00f3 que en todo momento se conduzcan con humildad y que se le de un trato diferente a la ciudadan\u00eda para que se sienta en confianza, brindarle atenci\u00f3n al problema que les venga a exponer sea la forma que sea en que vengan a solicit\u00e1rselo para que no regresen a sus casas con un amargo sabor de boca.<\/p>\n\n\n\n<p>\u201cLos invito a resolver las cosas de la mejor manera posible y a formar un gran equipo de trabajo que responda a las expectativas para las cuales son nombrados. Nunca pierdan de vista que lo que ustedes hagan bien o mal por lo general recae en el presidente municipal y pues yo quiero sentirme orgulloso de lo que ustedes est\u00e1n representando adecuadamente cual es la misi\u00f3n y tarea que tienen al aceptar sus nombramientos\u201d, extern\u00f3 el alcalde Miguel \u00c1ngel Angulo Acosta.<\/p>\n\n\n\n<p>Cabe se\u00f1alar que quienes rindieron protesta fueron: Benjam\u00edn C\u00e1zarez Inzunza (director de Gobernaci\u00f3n), Jes\u00fas Miguel Angulo L\u00f3pez (direcci\u00f3n de Obras y Servicios P\u00fablicos), Maricela Camacho Angulo (directora de Bienestar Social), Edilberto Baro Guti\u00e9rrez (director de Educaci\u00f3n), Abelino Angulo Angulo (director de Ecolog\u00eda), Ricardo Mascare\u00f1o L\u00f3pez (director de Pesca y Agricultura), Elsa Beltr\u00e1n P\u00e9rez (directora de Atenci\u00f3n a la Juventud), Mercedes Castro Godoy (directora de Instituto Municipal de las Mujeres), Bardo Villa Castro (director de Comunicaci\u00f3n Social del Ayuntamiento), Sergio Reyes Hern\u00e1ndez (director de Desarrollo Econ\u00f3mico), Wendy Ureta (directora de Desarrollo Social), Diego \u00c1lvarez (director del Instituto Municipal del Deporte), Leydi Montoya Inzunza (directora de Cultura) y C\u00e9sar Eutiquio Dom\u00ednguez (gerente de la Junta Municipal de Agua Potable y Alcantarillado).<\/p>\n\n\n\n<p><strong>Mar\u00eda de Los \u00c1ngeles Gaxiola Beltr\u00e1n asume la direcci\u00f3n del Sistema DIF Angostura<\/strong><\/p>\n\n\n\n<p>Ante la presencia de los trabajadores sindicalizados, familiares y amigos, hoy por la ma\u00f1ana Mar\u00eda de Los \u00c1ngeles Gaxiola Beltr\u00e1n, rindi\u00f3 protesta y oficialmente asumi\u00f3 la direcci\u00f3n del Sistema DIF Angostura para el periodo administrativo 2021-2024.<\/p>\n\n\n\n<p>El alcalde Miguel \u00c1ngel &#8220;El Profe Mayke&#8221; Angulo Acosta, encabez\u00f3 el breve, pero significativo acto de la toma de protesta y en su mensaje resalt\u00f3 el trabajo realizado por Ang\u00e9lica Mariscal Lerma, pero tambi\u00e9n se\u00f1al\u00f3 que falta todav\u00eda mucho por hacer en beneficio de la ciudadan\u00eda angosturenses, sobre todo en bien de las familias vulnerables de las diferentes comunidades.<\/p>\n\n\n\n<p>&#8220;A la sociedad angosturenses le decimos que siempre estaremos para atenderlos y servirles, tanto en el DIF como en la presidencia municipal&#8221;, expres\u00f3 el alcalde Miguel \u00c1ngel Angulo Acosta.<\/p>\n\n\n\n<p>Por su parte, en su mensaje ya como nueva directora del Sistema DIF Angostura, Mar\u00eda de Los \u00c1ngeles Gaxiola Beltr\u00e1n, ponder\u00f3 la gran responsabilidad asumida y pondr\u00e1 todo su esfuerzo para cumplir con las expectativas.<\/p>\n\n\n\n<p>&#8220;Tenemos una ardua tarea que sacar adelante, por lo tal pondremos todo nuestro empe\u00f1o y lo que sea necesario para servirle a todas las familias vulnerables del municipio, que los apoyos que destina el DIF lleguen precisamente a los que m\u00e1s lo necesitan, ese un serio compromiso que asumimos&#8221;, ponder\u00f3 la nueva directora de DIF Angostura.<\/p>\n\n\n\n<figure class=\"wp-block-image size-large\"><img decoding=\"async\" width=\"1024\" height=\"678\" src=\"https:\/\/fuentesfidedignas.com.mx\/wp-content\/uploads\/2021\/11\/WhatsApp-Image-2021-11-01-at-09.53.43-1-1024x678.jpeg\" alt=\"\" class=\"wp-image-16465\" srcset=\"https:\/\/fuentesfidedignas.com.mx\/wp-content\/uploads\/2021\/11\/WhatsApp-Image-2021-11-01-at-09.53.43-1-1024x678.jpeg 1024w, https:\/\/fuentesfidedignas.com.mx\/wp-content\/uploads\/2021\/11\/WhatsApp-Image-2021-11-01-at-09.53.43-1-300x199.jpeg 300w, https:\/\/fuentesfidedignas.com.mx\/wp-content\/uploads\/2021\/11\/WhatsApp-Image-2021-11-01-at-09.53.43-1-768x508.jpeg 768w, https:\/\/fuentesfidedignas.com.mx\/wp-content\/uploads\/2021\/11\/WhatsApp-Image-2021-11-01-at-09.53.43-1-1536x1017.jpeg 1536w, https:\/\/fuentesfidedignas.com.mx\/wp-content\/uploads\/2021\/11\/WhatsApp-Image-2021-11-01-at-09.53.43-1-696x461.jpeg 696w, https:\/\/fuentesfidedignas.com.mx\/wp-content\/uploads\/2021\/11\/WhatsApp-Image-2021-11-01-at-09.53.43-1-1068x707.jpeg 1068w, https:\/\/fuentesfidedignas.com.mx\/wp-content\/uploads\/2021\/11\/WhatsApp-Image-2021-11-01-at-09.53.43-1-635x420.jpeg 635w, https:\/\/fuentesfidedignas.com.mx\/wp-content\/uploads\/2021\/11\/WhatsApp-Image-2021-11-01-at-09.53.43-1.jpeg 1600w\" sizes=\"(max-width: 1024px) 100vw, 1024px\" \/><\/figure>\n","protected":false},"excerpt":{"rendered":"<p>El alcalde angosturense les pidi\u00f3 que en todo momento se conduzcan con humildad y que se le de un trato diferente a la ciudadan\u00eda para que se sienta en confianza Angostura, Sin.- Conscientes del gran compromiso adquirido, los nuevos funcionarios del Ayuntamiento de Angostura rindieron protesta y argumentaron poner todo su empe\u00f1o para que la [&hellip;]<\/p>\n","protected":false},"author":4,"featured_media":0,"comment_status":"open","ping_status":"open","sticky":false,"template":"","format":"standard","meta":{"tdm_status":"","tdm_grid_status":"","footnotes":""},"categories":[38],"tags":[691,2040,2105,2107],"class_list":{"0":"post-16464","1":"post","2":"type-post","3":"status-publish","4":"format-standard","6":"category-noticias-locales","7":"tag-angostura","8":"tag-ayuntamiento-de-angostura","9":"tag-evora","10":"tag-region-del-evora-2"},"yoast_head":"<!-- This site is optimized with the Yoast SEO plugin v27.5 - https:\/\/yoast.com\/product\/yoast-seo-wordpress\/ -->\n<title>Rinden protesta los nuevos funcionarios del Ayuntamiento de Angostura - Fuentes Fidedignas<\/title>\n<meta name=\"robots\" content=\"index, follow, max-snippet:-1, max-image-preview:large, max-video-preview:-1\" \/>\n<link rel=\"canonical\" href=\"https:\/\/fuentesfidedignas.com.mx\/index.php\/2021\/11\/01\/rinden-protesta-los-nuevos-funcionarios-del-ayuntamiento-de-angostura\/\" \/>\n<meta property=\"og:locale\" content=\"es_MX\" \/>\n<meta property=\"og:type\" content=\"article\" \/>\n<meta property=\"og:title\" content=\"Rinden protesta los nuevos funcionarios del Ayuntamiento de Angostura - Fuentes Fidedignas\" \/>\n<meta property=\"og:description\" content=\"El alcalde angosturense les pidi\u00f3 que en todo momento se conduzcan con humildad y que se le de un trato diferente a la ciudadan\u00eda para que se sienta en confianza Angostura, Sin.- Conscientes del gran compromiso adquirido, los nuevos funcionarios del Ayuntamiento de Angostura rindieron protesta y argumentaron poner todo su empe\u00f1o para que la [&hellip;]\" \/>\n<meta property=\"og:url\" content=\"https:\/\/fuentesfidedignas.com.mx\/index.php\/2021\/11\/01\/rinden-protesta-los-nuevos-funcionarios-del-ayuntamiento-de-angostura\/\" \/>\n<meta property=\"og:site_name\" content=\"Fuentes Fidedignas\" \/>\n<meta property=\"article:publisher\" content=\"https:\/\/www.facebook.com\/Fuentes-Fidedignas-368234489921644\" \/>\n<meta property=\"article:published_time\" content=\"2021-11-01T22:15:14+00:00\" \/>\n<meta property=\"article:modified_time\" content=\"2021-11-01T22:30:03+00:00\" \/>\n<meta property=\"og:image\" content=\"https:\/\/fuentesfidedignas.com.mx\/wp-content\/uploads\/2021\/11\/WhatsApp-Image-2021-11-01-at-14.12.24.jpeg\" \/>\n\t<meta property=\"og:image:width\" content=\"1600\" \/>\n\t<meta property=\"og:image:height\" content=\"1059\" \/>\n\t<meta property=\"og:image:type\" content=\"image\/jpeg\" \/>\n<meta name=\"author\" content=\"Redacci\u00f3n\" \/>\n<meta name=\"twitter:card\" content=\"summary_large_image\" \/>\n<meta name=\"twitter:creator\" content=\"@fidedignas\" \/>\n<meta name=\"twitter:site\" content=\"@fidedignas\" \/>\n<meta name=\"twitter:label1\" content=\"Escrito por\" \/>\n\t<meta name=\"twitter:data1\" content=\"Redacci\u00f3n\" \/>\n\t<meta name=\"twitter:label2\" content=\"Tiempo de lectura\" \/>\n\t<meta name=\"twitter:data2\" content=\"4 minutos\" \/>\n<script type=\"application\/ld+json\" class=\"yoast-schema-graph\">{\"@context\":\"https:\\\/\\\/schema.org\",\"@graph\":[{\"@type\":\"Article\",\"@id\":\"https:\\\/\\\/fuentesfidedignas.com.mx\\\/index.php\\\/2021\\\/11\\\/01\\\/rinden-protesta-los-nuevos-funcionarios-del-ayuntamiento-de-angostura\\\/#article\",\"isPartOf\":{\"@id\":\"https:\\\/\\\/fuentesfidedignas.com.mx\\\/index.php\\\/2021\\\/11\\\/01\\\/rinden-protesta-los-nuevos-funcionarios-del-ayuntamiento-de-angostura\\\/\"},\"author\":{\"name\":\"Redacci\u00f3n\",\"@id\":\"https:\\\/\\\/fuentesfidedignas.com.mx\\\/#\\\/schema\\\/person\\\/331be9283d37198e2acd5750279085b0\"},\"headline\":\"Rinden protesta los nuevos funcionarios del Ayuntamiento de Angostura\",\"datePublished\":\"2021-11-01T22:15:14+00:00\",\"dateModified\":\"2021-11-01T22:30:03+00:00\",\"mainEntityOfPage\":{\"@id\":\"https:\\\/\\\/fuentesfidedignas.com.mx\\\/index.php\\\/2021\\\/11\\\/01\\\/rinden-protesta-los-nuevos-funcionarios-del-ayuntamiento-de-angostura\\\/\"},\"wordCount\":713,\"commentCount\":0,\"publisher\":{\"@id\":\"https:\\\/\\\/fuentesfidedignas.com.mx\\\/#organization\"},\"image\":{\"@id\":\"https:\\\/\\\/fuentesfidedignas.com.mx\\\/index.php\\\/2021\\\/11\\\/01\\\/rinden-protesta-los-nuevos-funcionarios-del-ayuntamiento-de-angostura\\\/#primaryimage\"},\"thumbnailUrl\":\"https:\\\/\\\/fuentesfidedignas.com.mx\\\/wp-content\\\/uploads\\\/2021\\\/11\\\/WhatsApp-Image-2021-11-01-at-09.53.43-1-1024x678.jpeg\",\"keywords\":[\"Angostura\",\"Ayuntamiento de Angostura\",\"\u00c9vora\",\"Regi\u00f3n del \u00c9vora\"],\"articleSection\":[\"NOTICIAS LOCALES\"],\"inLanguage\":\"es\",\"potentialAction\":[{\"@type\":\"CommentAction\",\"name\":\"Comment\",\"target\":[\"https:\\\/\\\/fuentesfidedignas.com.mx\\\/index.php\\\/2021\\\/11\\\/01\\\/rinden-protesta-los-nuevos-funcionarios-del-ayuntamiento-de-angostura\\\/#respond\"]}]},{\"@type\":\"WebPage\",\"@id\":\"https:\\\/\\\/fuentesfidedignas.com.mx\\\/index.php\\\/2021\\\/11\\\/01\\\/rinden-protesta-los-nuevos-funcionarios-del-ayuntamiento-de-angostura\\\/\",\"url\":\"https:\\\/\\\/fuentesfidedignas.com.mx\\\/index.php\\\/2021\\\/11\\\/01\\\/rinden-protesta-los-nuevos-funcionarios-del-ayuntamiento-de-angostura\\\/\",\"name\":\"Rinden protesta los nuevos funcionarios del Ayuntamiento de Angostura - Fuentes Fidedignas\",\"isPartOf\":{\"@id\":\"https:\\\/\\\/fuentesfidedignas.com.mx\\\/#website\"},\"primaryImageOfPage\":{\"@id\":\"https:\\\/\\\/fuentesfidedignas.com.mx\\\/index.php\\\/2021\\\/11\\\/01\\\/rinden-protesta-los-nuevos-funcionarios-del-ayuntamiento-de-angostura\\\/#primaryimage\"},\"image\":{\"@id\":\"https:\\\/\\\/fuentesfidedignas.com.mx\\\/index.php\\\/2021\\\/11\\\/01\\\/rinden-protesta-los-nuevos-funcionarios-del-ayuntamiento-de-angostura\\\/#primaryimage\"},\"thumbnailUrl\":\"https:\\\/\\\/fuentesfidedignas.com.mx\\\/wp-content\\\/uploads\\\/2021\\\/11\\\/WhatsApp-Image-2021-11-01-at-09.53.43-1-1024x678.jpeg\",\"datePublished\":\"2021-11-01T22:15:14+00:00\",\"dateModified\":\"2021-11-01T22:30:03+00:00\",\"breadcrumb\":{\"@id\":\"https:\\\/\\\/fuentesfidedignas.com.mx\\\/index.php\\\/2021\\\/11\\\/01\\\/rinden-protesta-los-nuevos-funcionarios-del-ayuntamiento-de-angostura\\\/#breadcrumb\"},\"inLanguage\":\"es\",\"potentialAction\":[{\"@type\":\"ReadAction\",\"target\":[\"https:\\\/\\\/fuentesfidedignas.com.mx\\\/index.php\\\/2021\\\/11\\\/01\\\/rinden-protesta-los-nuevos-funcionarios-del-ayuntamiento-de-angostura\\\/\"]}]},{\"@type\":\"ImageObject\",\"inLanguage\":\"es\",\"@id\":\"https:\\\/\\\/fuentesfidedignas.com.mx\\\/index.php\\\/2021\\\/11\\\/01\\\/rinden-protesta-los-nuevos-funcionarios-del-ayuntamiento-de-angostura\\\/#primaryimage\",\"url\":\"https:\\\/\\\/fuentesfidedignas.com.mx\\\/wp-content\\\/uploads\\\/2021\\\/11\\\/WhatsApp-Image-2021-11-01-at-09.53.43-1.jpeg\",\"contentUrl\":\"https:\\\/\\\/fuentesfidedignas.com.mx\\\/wp-content\\\/uploads\\\/2021\\\/11\\\/WhatsApp-Image-2021-11-01-at-09.53.43-1.jpeg\",\"width\":1600,\"height\":1059},{\"@type\":\"BreadcrumbList\",\"@id\":\"https:\\\/\\\/fuentesfidedignas.com.mx\\\/index.php\\\/2021\\\/11\\\/01\\\/rinden-protesta-los-nuevos-funcionarios-del-ayuntamiento-de-angostura\\\/#breadcrumb\",\"itemListElement\":[{\"@type\":\"ListItem\",\"position\":1,\"name\":\"Inicio\",\"item\":\"https:\\\/\\\/fuentesfidedignas.com.mx\\\/\"},{\"@type\":\"ListItem\",\"position\":2,\"name\":\"Rinden protesta los nuevos funcionarios del Ayuntamiento de Angostura\"}]},{\"@type\":\"WebSite\",\"@id\":\"https:\\\/\\\/fuentesfidedignas.com.mx\\\/#website\",\"url\":\"https:\\\/\\\/fuentesfidedignas.com.mx\\\/\",\"name\":\"Fuentes Fidedignas\",\"description\":\"Otro sitio realizado con WordPress\",\"publisher\":{\"@id\":\"https:\\\/\\\/fuentesfidedignas.com.mx\\\/#organization\"},\"potentialAction\":[{\"@type\":\"SearchAction\",\"target\":{\"@type\":\"EntryPoint\",\"urlTemplate\":\"https:\\\/\\\/fuentesfidedignas.com.mx\\\/?s={search_term_string}\"},\"query-input\":{\"@type\":\"PropertyValueSpecification\",\"valueRequired\":true,\"valueName\":\"search_term_string\"}}],\"inLanguage\":\"es\"},{\"@type\":\"Organization\",\"@id\":\"https:\\\/\\\/fuentesfidedignas.com.mx\\\/#organization\",\"name\":\"Fuentes Fidedignas\",\"url\":\"https:\\\/\\\/fuentesfidedignas.com.mx\\\/\",\"logo\":{\"@type\":\"ImageObject\",\"inLanguage\":\"es\",\"@id\":\"https:\\\/\\\/fuentesfidedignas.com.mx\\\/#\\\/schema\\\/logo\\\/image\\\/\",\"url\":\"https:\\\/\\\/fuentesfidedignas.com.mx\\\/wp-content\\\/uploads\\\/2021\\\/04\\\/logo-retina.png\",\"contentUrl\":\"https:\\\/\\\/fuentesfidedignas.com.mx\\\/wp-content\\\/uploads\\\/2021\\\/04\\\/logo-retina.png\",\"width\":280,\"height\":51,\"caption\":\"Fuentes Fidedignas\"},\"image\":{\"@id\":\"https:\\\/\\\/fuentesfidedignas.com.mx\\\/#\\\/schema\\\/logo\\\/image\\\/\"},\"sameAs\":[\"https:\\\/\\\/www.facebook.com\\\/Fuentes-Fidedignas-368234489921644\",\"https:\\\/\\\/x.com\\\/fidedignas\"]},{\"@type\":\"Person\",\"@id\":\"https:\\\/\\\/fuentesfidedignas.com.mx\\\/#\\\/schema\\\/person\\\/331be9283d37198e2acd5750279085b0\",\"name\":\"Redacci\u00f3n\",\"image\":{\"@type\":\"ImageObject\",\"inLanguage\":\"es\",\"@id\":\"https:\\\/\\\/secure.gravatar.com\\\/avatar\\\/f6d8782c11d12b2d4ad3fbb6931aeab5309937a4d6cd2fc9cfaa28a6396a5aec?s=96&d=mm&r=g\",\"url\":\"https:\\\/\\\/secure.gravatar.com\\\/avatar\\\/f6d8782c11d12b2d4ad3fbb6931aeab5309937a4d6cd2fc9cfaa28a6396a5aec?s=96&d=mm&r=g\",\"contentUrl\":\"https:\\\/\\\/secure.gravatar.com\\\/avatar\\\/f6d8782c11d12b2d4ad3fbb6931aeab5309937a4d6cd2fc9cfaa28a6396a5aec?s=96&d=mm&r=g\",\"caption\":\"Redacci\u00f3n\"},\"url\":\"https:\\\/\\\/fuentesfidedignas.com.mx\\\/index.php\\\/author\\\/redaccion\\\/\"}]}<\/script>\n<!-- \/ Yoast SEO plugin. -->","yoast_head_json":{"title":"Rinden protesta los nuevos funcionarios del Ayuntamiento de Angostura - Fuentes Fidedignas","robots":{"index":"index","follow":"follow","max-snippet":"max-snippet:-1","max-image-preview":"max-image-preview:large","max-video-preview":"max-video-preview:-1"},"canonical":"https:\/\/fuentesfidedignas.com.mx\/index.php\/2021\/11\/01\/rinden-protesta-los-nuevos-funcionarios-del-ayuntamiento-de-angostura\/","og_locale":"es_MX","og_type":"article","og_title":"Rinden protesta los nuevos funcionarios del Ayuntamiento de Angostura - Fuentes Fidedignas","og_description":"El alcalde angosturense les pidi\u00f3 que en todo momento se conduzcan con humildad y que se le de un trato diferente a la ciudadan\u00eda para que se sienta en confianza Angostura, Sin.- Conscientes del gran compromiso adquirido, los nuevos funcionarios del Ayuntamiento de Angostura rindieron protesta y argumentaron poner todo su empe\u00f1o para que la [&hellip;]","og_url":"https:\/\/fuentesfidedignas.com.mx\/index.php\/2021\/11\/01\/rinden-protesta-los-nuevos-funcionarios-del-ayuntamiento-de-angostura\/","og_site_name":"Fuentes Fidedignas","article_publisher":"https:\/\/www.facebook.com\/Fuentes-Fidedignas-368234489921644","article_published_time":"2021-11-01T22:15:14+00:00","article_modified_time":"2021-11-01T22:30:03+00:00","og_image":[{"width":1600,"height":1059,"url":"https:\/\/fuentesfidedignas.com.mx\/wp-content\/uploads\/2021\/11\/WhatsApp-Image-2021-11-01-at-14.12.24.jpeg","type":"image\/jpeg"}],"author":"Redacci\u00f3n","twitter_card":"summary_large_image","twitter_creator":"@fidedignas","twitter_site":"@fidedignas","twitter_misc":{"Escrito por":"Redacci\u00f3n","Tiempo de lectura":"4 minutos"},"schema":{"@context":"https:\/\/schema.org","@graph":[{"@type":"Article","@id":"https:\/\/fuentesfidedignas.com.mx\/index.php\/2021\/11\/01\/rinden-protesta-los-nuevos-funcionarios-del-ayuntamiento-de-angostura\/#article","isPartOf":{"@id":"https:\/\/fuentesfidedignas.com.mx\/index.php\/2021\/11\/01\/rinden-protesta-los-nuevos-funcionarios-del-ayuntamiento-de-angostura\/"},"author":{"name":"Redacci\u00f3n","@id":"https:\/\/fuentesfidedignas.com.mx\/#\/schema\/person\/331be9283d37198e2acd5750279085b0"},"headline":"Rinden protesta los nuevos funcionarios del Ayuntamiento de Angostura","datePublished":"2021-11-01T22:15:14+00:00","dateModified":"2021-11-01T22:30:03+00:00","mainEntityOfPage":{"@id":"https:\/\/fuentesfidedignas.com.mx\/index.php\/2021\/11\/01\/rinden-protesta-los-nuevos-funcionarios-del-ayuntamiento-de-angostura\/"},"wordCount":713,"commentCount":0,"publisher":{"@id":"https:\/\/fuentesfidedignas.com.mx\/#organization"},"image":{"@id":"https:\/\/fuentesfidedignas.com.mx\/index.php\/2021\/11\/01\/rinden-protesta-los-nuevos-funcionarios-del-ayuntamiento-de-angostura\/#primaryimage"},"thumbnailUrl":"https:\/\/fuentesfidedignas.com.mx\/wp-content\/uploads\/2021\/11\/WhatsApp-Image-2021-11-01-at-09.53.43-1-1024x678.jpeg","keywords":["Angostura","Ayuntamiento de Angostura","\u00c9vora","Regi\u00f3n del \u00c9vora"],"articleSection":["NOTICIAS LOCALES"],"inLanguage":"es","potentialAction":[{"@type":"CommentAction","name":"Comment","target":["https:\/\/fuentesfidedignas.com.mx\/index.php\/2021\/11\/01\/rinden-protesta-los-nuevos-funcionarios-del-ayuntamiento-de-angostura\/#respond"]}]},{"@type":"WebPage","@id":"https:\/\/fuentesfidedignas.com.mx\/index.php\/2021\/11\/01\/rinden-protesta-los-nuevos-funcionarios-del-ayuntamiento-de-angostura\/","url":"https:\/\/fuentesfidedignas.com.mx\/index.php\/2021\/11\/01\/rinden-protesta-los-nuevos-funcionarios-del-ayuntamiento-de-angostura\/","name":"Rinden protesta los nuevos funcionarios del Ayuntamiento de Angostura - Fuentes Fidedignas","isPartOf":{"@id":"https:\/\/fuentesfidedignas.com.mx\/#website"},"primaryImageOfPage":{"@id":"https:\/\/fuentesfidedignas.com.mx\/index.php\/2021\/11\/01\/rinden-protesta-los-nuevos-funcionarios-del-ayuntamiento-de-angostura\/#primaryimage"},"image":{"@id":"https:\/\/fuentesfidedignas.com.mx\/index.php\/2021\/11\/01\/rinden-protesta-los-nuevos-funcionarios-del-ayuntamiento-de-angostura\/#primaryimage"},"thumbnailUrl":"https:\/\/fuentesfidedignas.com.mx\/wp-content\/uploads\/2021\/11\/WhatsApp-Image-2021-11-01-at-09.53.43-1-1024x678.jpeg","datePublished":"2021-11-01T22:15:14+00:00","dateModified":"2021-11-01T22:30:03+00:00","breadcrumb":{"@id":"https:\/\/fuentesfidedignas.com.mx\/index.php\/2021\/11\/01\/rinden-protesta-los-nuevos-funcionarios-del-ayuntamiento-de-angostura\/#breadcrumb"},"inLanguage":"es","potentialAction":[{"@type":"ReadAction","target":["https:\/\/fuentesfidedignas.com.mx\/index.php\/2021\/11\/01\/rinden-protesta-los-nuevos-funcionarios-del-ayuntamiento-de-angostura\/"]}]},{"@type":"ImageObject","inLanguage":"es","@id":"https:\/\/fuentesfidedignas.com.mx\/index.php\/2021\/11\/01\/rinden-protesta-los-nuevos-funcionarios-del-ayuntamiento-de-angostura\/#primaryimage","url":"https:\/\/fuentesfidedignas.com.mx\/wp-content\/uploads\/2021\/11\/WhatsApp-Image-2021-11-01-at-09.53.43-1.jpeg","contentUrl":"https:\/\/fuentesfidedignas.com.mx\/wp-content\/uploads\/2021\/11\/WhatsApp-Image-2021-11-01-at-09.53.43-1.jpeg","width":1600,"height":1059},{"@type":"BreadcrumbList","@id":"https:\/\/fuentesfidedignas.com.mx\/index.php\/2021\/11\/01\/rinden-protesta-los-nuevos-funcionarios-del-ayuntamiento-de-angostura\/#breadcrumb","itemListElement":[{"@type":"ListItem","position":1,"name":"Inicio","item":"https:\/\/fuentesfidedignas.com.mx\/"},{"@type":"ListItem","position":2,"name":"Rinden protesta los nuevos funcionarios del Ayuntamiento de Angostura"}]},{"@type":"WebSite","@id":"https:\/\/fuentesfidedignas.com.mx\/#website","url":"https:\/\/fuentesfidedignas.com.mx\/","name":"Fuentes Fidedignas","description":"Otro sitio realizado con WordPress","publisher":{"@id":"https:\/\/fuentesfidedignas.com.mx\/#organization"},"potentialAction":[{"@type":"SearchAction","target":{"@type":"EntryPoint","urlTemplate":"https:\/\/fuentesfidedignas.com.mx\/?s={search_term_string}"},"query-input":{"@type":"PropertyValueSpecification","valueRequired":true,"valueName":"search_term_string"}}],"inLanguage":"es"},{"@type":"Organization","@id":"https:\/\/fuentesfidedignas.com.mx\/#organization","name":"Fuentes Fidedignas","url":"https:\/\/fuentesfidedignas.com.mx\/","logo":{"@type":"ImageObject","inLanguage":"es","@id":"https:\/\/fuentesfidedignas.com.mx\/#\/schema\/logo\/image\/","url":"https:\/\/fuentesfidedignas.com.mx\/wp-content\/uploads\/2021\/04\/logo-retina.png","contentUrl":"https:\/\/fuentesfidedignas.com.mx\/wp-content\/uploads\/2021\/04\/logo-retina.png","width":280,"height":51,"caption":"Fuentes Fidedignas"},"image":{"@id":"https:\/\/fuentesfidedignas.com.mx\/#\/schema\/logo\/image\/"},"sameAs":["https:\/\/www.facebook.com\/Fuentes-Fidedignas-368234489921644","https:\/\/x.com\/fidedignas"]},{"@type":"Person","@id":"https:\/\/fuentesfidedignas.com.mx\/#\/schema\/person\/331be9283d37198e2acd5750279085b0","name":"Redacci\u00f3n","image":{"@type":"ImageObject","inLanguage":"es","@id":"https:\/\/secure.gravatar.com\/avatar\/f6d8782c11d12b2d4ad3fbb6931aeab5309937a4d6cd2fc9cfaa28a6396a5aec?s=96&d=mm&r=g","url":"https:\/\/secure.gravatar.com\/avatar\/f6d8782c11d12b2d4ad3fbb6931aeab5309937a4d6cd2fc9cfaa28a6396a5aec?s=96&d=mm&r=g","contentUrl":"https:\/\/secure.gravatar.com\/avatar\/f6d8782c11d12b2d4ad3fbb6931aeab5309937a4d6cd2fc9cfaa28a6396a5aec?s=96&d=mm&r=g","caption":"Redacci\u00f3n"},"url":"https:\/\/fuentesfidedignas.com.mx\/index.php\/author\/redaccion\/"}]}},"_links":{"self":[{"href":"https:\/\/fuentesfidedignas.com.mx\/index.php\/wp-json\/wp\/v2\/posts\/16464","targetHints":{"allow":["GET"]}}],"collection":[{"href":"https:\/\/fuentesfidedignas.com.mx\/index.php\/wp-json\/wp\/v2\/posts"}],"about":[{"href":"https:\/\/fuentesfidedignas.com.mx\/index.php\/wp-json\/wp\/v2\/types\/post"}],"author":[{"embeddable":true,"href":"https:\/\/fuentesfidedignas.com.mx\/index.php\/wp-json\/wp\/v2\/users\/4"}],"replies":[{"embeddable":true,"href":"https:\/\/fuentesfidedignas.com.mx\/index.php\/wp-json\/wp\/v2\/comments?post=16464"}],"version-history":[{"count":2,"href":"https:\/\/fuentesfidedignas.com.mx\/index.php\/wp-json\/wp\/v2\/posts\/16464\/revisions"}],"predecessor-version":[{"id":16474,"href":"https:\/\/fuentesfidedignas.com.mx\/index.php\/wp-json\/wp\/v2\/posts\/16464\/revisions\/16474"}],"wp:attachment":[{"href":"https:\/\/fuentesfidedignas.com.mx\/index.php\/wp-json\/wp\/v2\/media?parent=16464"}],"wp:term":[{"taxonomy":"category","embeddable":true,"href":"https:\/\/fuentesfidedignas.com.mx\/index.php\/wp-json\/wp\/v2\/categories?post=16464"},{"taxonomy":"post_tag","embeddable":true,"href":"https:\/\/fuentesfidedignas.com.mx\/index.php\/wp-json\/wp\/v2\/tags?post=16464"}],"curies":[{"name":"wp","href":"https:\/\/api.w.org\/{rel}","templated":true}]}}