{"id":16440,"date":"2021-11-01T11:10:29","date_gmt":"2021-11-01T18:10:29","guid":{"rendered":"https:\/\/fuentesfidedignas.com.mx\/?p=16440"},"modified":"2021-11-01T11:10:31","modified_gmt":"2021-11-01T18:10:31","slug":"mexico-asume-consejo-de-seguridad-en-la-onu-con-agenda-en-mujeres-y-control-de-armas","status":"publish","type":"post","link":"https:\/\/fuentesfidedignas.com.mx\/index.php\/2021\/11\/01\/mexico-asume-consejo-de-seguridad-en-la-onu-con-agenda-en-mujeres-y-control-de-armas\/","title":{"rendered":"M\u00e9xico asume Consejo de Seguridad en la ONU con agenda en mujeres y control de armas"},"content":{"rendered":"\n<p><strong><em>M\u00e9xico asumi\u00f3 la presidencia del Consejo de Seguridad de la ONU donde prepar\u00f3 agenda de bienestar y combate a la corrupci\u00f3n<\/em><\/strong><\/p>\n\n\n\n<p>Estados Unidos. La representaci\u00f3n diplom\u00e1tica de M\u00e9xico en la Organizaci\u00f3n de las Naciones Unidas (ONU) asumi\u00f3 este lunes la presidencia del Consejo de Seguridad con una agenda enfocada en el control de armas y la participaci\u00f3n y defensa de los derechos de las mujeres.<\/p>\n\n\n\n<p>Sin embargo, estos no ser\u00e1n los \u00fanicos enfoques de la misi\u00f3n que encabeza el embajador Juan Ram\u00f3n de la Fuente, pues el bienestar de los pueblos y el combate a la corrupci\u00f3n tambi\u00e9n formar\u00e1n parte de la agenda que el pa\u00eds impulsar\u00e1 junto con otras naciones.<\/p>\n\n\n\n<p>El pr\u00f3ximo 9 de noviembre, el presidente Andr\u00e9s Manuel L\u00f3pez Obrador viajar\u00e1 a Nueva York, a la sede de las Naciones Unidas, donde brindar\u00e1 un mensaje enfocado en la necesidad de erradicar la corrupci\u00f3n del sistema pol\u00edtico y econ\u00f3mico de los pa\u00edses.<\/p>\n\n\n\n<p>\u201cDurante su presidencia, M\u00e9xico organizar\u00e1 tres eventos insignia. El primero buscar\u00e1 generar un debate sobre la corrupci\u00f3n, desigualdad, exclusi\u00f3n y los conflictos armados; ser\u00e1 conducido por el presidente Andr\u00e9s Manuel L\u00f3pez Obrador.<\/p>\n\n\n\n<p>\u201cEl segundo ser\u00e1 un debate abierto sobre el tr\u00e1fico y desv\u00edo de armas peque\u00f1as y ligeras y su impacto en la seguridad internacional. Este es un tema de especial prioridad para la seguridad de M\u00e9xico, por lo que buscaremos acuerdos en esta materia\u201d, refiri\u00f3 la representaci\u00f3n diplom\u00e1tica en un video.<\/p>\n\n\n\n<p>Durante este mes, la agenda del Consejo de Seguridad se basar\u00e1 en la compleja situaci\u00f3n social y pol\u00edtica que se vive en Afganist\u00e1n, donde el Talib\u00e1n asumi\u00f3 las riendas del Estado, por lo que cada dos meses se analizar\u00e1 la situaci\u00f3n de ese pa\u00eds.<\/p>\n\n\n\n<p>De igual forma, y de manera preventiva y para garantizar la paz y seguridad internacional, cada mes se revisar\u00e1 la situaci\u00f3n social en Medio Oriente, Siria y Yemen, agreg\u00f3.<\/p>\n\n\n\n<p>De igual forma, se estudiar\u00e1n los planes nucleares en Ir\u00e1n as\u00ed como en Libia, Somalia y la fuerza conjunta del G5, dijo.<\/p>\n\n\n\n<p>\u201cSabemos que ser\u00e1 un mes dif\u00edcil, ya anticipamos algunos temas muy complicados, pero el equipo est\u00e1 preparado para afrontar el reto y seguir poniendo el nombre de M\u00e9xico en todo lo alto, como lo hemos tratado de hacer desde que asumimos esta muy honrosa responsabilidad.<\/p>\n\n\n\n<p>\u201cAs\u00ed que adelante con los planes y espero que sea una presidencia exitosa para el bien de M\u00e9xico, para el bien de la misi\u00f3n de M\u00e9xico en la ONU, y tambi\u00e9n, por qu\u00e9 no decirlo, para bien del Consejo de Seguridad y todo el sistema de la ONU\u201d, dijo De la Fuente.<\/p>\n","protected":false},"excerpt":{"rendered":"<p>M\u00e9xico asumi\u00f3 la presidencia del Consejo de Seguridad de la ONU donde prepar\u00f3 agenda de bienestar y combate a la corrupci\u00f3n Estados Unidos. La representaci\u00f3n diplom\u00e1tica de M\u00e9xico en la Organizaci\u00f3n de las Naciones Unidas (ONU) asumi\u00f3 este lunes la presidencia del Consejo de Seguridad con una agenda enfocada en el control de armas y [&hellip;]<\/p>\n","protected":false},"author":5,"featured_media":16441,"comment_status":"open","ping_status":"open","sticky":false,"template":"","format":"standard","meta":{"tdm_status":"","tdm_grid_status":"","footnotes":""},"categories":[39],"tags":[],"class_list":{"0":"post-16440","1":"post","2":"type-post","3":"status-publish","4":"format-standard","5":"has-post-thumbnail","7":"category-noticias-nacionales"},"yoast_head":"<!-- This site is optimized with the Yoast SEO plugin v27.5 - https:\/\/yoast.com\/product\/yoast-seo-wordpress\/ -->\n<title>M\u00e9xico asume Consejo de Seguridad en la ONU con agenda en mujeres y control de armas - Fuentes Fidedignas<\/title>\n<meta name=\"robots\" content=\"index, follow, max-snippet:-1, max-image-preview:large, max-video-preview:-1\" \/>\n<link rel=\"canonical\" href=\"https:\/\/fuentesfidedignas.com.mx\/index.php\/2021\/11\/01\/mexico-asume-consejo-de-seguridad-en-la-onu-con-agenda-en-mujeres-y-control-de-armas\/\" \/>\n<meta property=\"og:locale\" content=\"es_MX\" \/>\n<meta property=\"og:type\" content=\"article\" \/>\n<meta property=\"og:title\" content=\"M\u00e9xico asume Consejo de Seguridad en la ONU con agenda en mujeres y control de armas - Fuentes Fidedignas\" \/>\n<meta property=\"og:description\" content=\"M\u00e9xico asumi\u00f3 la presidencia del Consejo de Seguridad de la ONU donde prepar\u00f3 agenda de bienestar y combate a la corrupci\u00f3n Estados Unidos. La representaci\u00f3n diplom\u00e1tica de M\u00e9xico en la Organizaci\u00f3n de las Naciones Unidas (ONU) asumi\u00f3 este lunes la presidencia del Consejo de Seguridad con una agenda enfocada en el control de armas y [&hellip;]\" \/>\n<meta property=\"og:url\" content=\"https:\/\/fuentesfidedignas.com.mx\/index.php\/2021\/11\/01\/mexico-asume-consejo-de-seguridad-en-la-onu-con-agenda-en-mujeres-y-control-de-armas\/\" \/>\n<meta property=\"og:site_name\" content=\"Fuentes Fidedignas\" \/>\n<meta property=\"article:publisher\" content=\"https:\/\/www.facebook.com\/Fuentes-Fidedignas-368234489921644\" \/>\n<meta property=\"article:published_time\" content=\"2021-11-01T18:10:29+00:00\" \/>\n<meta property=\"article:modified_time\" content=\"2021-11-01T18:10:31+00:00\" \/>\n<meta property=\"og:image\" content=\"https:\/\/fuentesfidedignas.com.mx\/wp-content\/uploads\/2021\/11\/FDHaetXXMAQ-Uv9-e1635782242278-768x432-1.jpg\" \/>\n\t<meta property=\"og:image:width\" content=\"768\" \/>\n\t<meta property=\"og:image:height\" content=\"432\" \/>\n\t<meta property=\"og:image:type\" content=\"image\/jpeg\" \/>\n<meta name=\"author\" content=\"Forbes\" \/>\n<meta name=\"twitter:card\" content=\"summary_large_image\" \/>\n<meta name=\"twitter:creator\" content=\"@fidedignas\" \/>\n<meta name=\"twitter:site\" content=\"@fidedignas\" \/>\n<meta name=\"twitter:label1\" content=\"Escrito por\" \/>\n\t<meta name=\"twitter:data1\" content=\"Forbes\" \/>\n\t<meta name=\"twitter:label2\" content=\"Tiempo de lectura\" \/>\n\t<meta name=\"twitter:data2\" content=\"2 minutos\" \/>\n<script type=\"application\/ld+json\" class=\"yoast-schema-graph\">{\"@context\":\"https:\\\/\\\/schema.org\",\"@graph\":[{\"@type\":\"Article\",\"@id\":\"https:\\\/\\\/fuentesfidedignas.com.mx\\\/index.php\\\/2021\\\/11\\\/01\\\/mexico-asume-consejo-de-seguridad-en-la-onu-con-agenda-en-mujeres-y-control-de-armas\\\/#article\",\"isPartOf\":{\"@id\":\"https:\\\/\\\/fuentesfidedignas.com.mx\\\/index.php\\\/2021\\\/11\\\/01\\\/mexico-asume-consejo-de-seguridad-en-la-onu-con-agenda-en-mujeres-y-control-de-armas\\\/\"},\"author\":{\"name\":\"Forbes\",\"@id\":\"https:\\\/\\\/fuentesfidedignas.com.mx\\\/#\\\/schema\\\/person\\\/5623d53fe2e579d825b1679734abcc44\"},\"headline\":\"M\u00e9xico asume Consejo de Seguridad en la ONU con agenda en mujeres y control de armas\",\"datePublished\":\"2021-11-01T18:10:29+00:00\",\"dateModified\":\"2021-11-01T18:10:31+00:00\",\"mainEntityOfPage\":{\"@id\":\"https:\\\/\\\/fuentesfidedignas.com.mx\\\/index.php\\\/2021\\\/11\\\/01\\\/mexico-asume-consejo-de-seguridad-en-la-onu-con-agenda-en-mujeres-y-control-de-armas\\\/\"},\"wordCount\":490,\"commentCount\":0,\"publisher\":{\"@id\":\"https:\\\/\\\/fuentesfidedignas.com.mx\\\/#organization\"},\"image\":{\"@id\":\"https:\\\/\\\/fuentesfidedignas.com.mx\\\/index.php\\\/2021\\\/11\\\/01\\\/mexico-asume-consejo-de-seguridad-en-la-onu-con-agenda-en-mujeres-y-control-de-armas\\\/#primaryimage\"},\"thumbnailUrl\":\"https:\\\/\\\/fuentesfidedignas.com.mx\\\/wp-content\\\/uploads\\\/2021\\\/11\\\/FDHaetXXMAQ-Uv9-e1635782242278-768x432-1.jpg\",\"articleSection\":[\"NOTICIAS NACIONALES\"],\"inLanguage\":\"es\",\"potentialAction\":[{\"@type\":\"CommentAction\",\"name\":\"Comment\",\"target\":[\"https:\\\/\\\/fuentesfidedignas.com.mx\\\/index.php\\\/2021\\\/11\\\/01\\\/mexico-asume-consejo-de-seguridad-en-la-onu-con-agenda-en-mujeres-y-control-de-armas\\\/#respond\"]}]},{\"@type\":\"WebPage\",\"@id\":\"https:\\\/\\\/fuentesfidedignas.com.mx\\\/index.php\\\/2021\\\/11\\\/01\\\/mexico-asume-consejo-de-seguridad-en-la-onu-con-agenda-en-mujeres-y-control-de-armas\\\/\",\"url\":\"https:\\\/\\\/fuentesfidedignas.com.mx\\\/index.php\\\/2021\\\/11\\\/01\\\/mexico-asume-consejo-de-seguridad-en-la-onu-con-agenda-en-mujeres-y-control-de-armas\\\/\",\"name\":\"M\u00e9xico asume Consejo de Seguridad en la ONU con agenda en mujeres y control de armas - Fuentes Fidedignas\",\"isPartOf\":{\"@id\":\"https:\\\/\\\/fuentesfidedignas.com.mx\\\/#website\"},\"primaryImageOfPage\":{\"@id\":\"https:\\\/\\\/fuentesfidedignas.com.mx\\\/index.php\\\/2021\\\/11\\\/01\\\/mexico-asume-consejo-de-seguridad-en-la-onu-con-agenda-en-mujeres-y-control-de-armas\\\/#primaryimage\"},\"image\":{\"@id\":\"https:\\\/\\\/fuentesfidedignas.com.mx\\\/index.php\\\/2021\\\/11\\\/01\\\/mexico-asume-consejo-de-seguridad-en-la-onu-con-agenda-en-mujeres-y-control-de-armas\\\/#primaryimage\"},\"thumbnailUrl\":\"https:\\\/\\\/fuentesfidedignas.com.mx\\\/wp-content\\\/uploads\\\/2021\\\/11\\\/FDHaetXXMAQ-Uv9-e1635782242278-768x432-1.jpg\",\"datePublished\":\"2021-11-01T18:10:29+00:00\",\"dateModified\":\"2021-11-01T18:10:31+00:00\",\"breadcrumb\":{\"@id\":\"https:\\\/\\\/fuentesfidedignas.com.mx\\\/index.php\\\/2021\\\/11\\\/01\\\/mexico-asume-consejo-de-seguridad-en-la-onu-con-agenda-en-mujeres-y-control-de-armas\\\/#breadcrumb\"},\"inLanguage\":\"es\",\"potentialAction\":[{\"@type\":\"ReadAction\",\"target\":[\"https:\\\/\\\/fuentesfidedignas.com.mx\\\/index.php\\\/2021\\\/11\\\/01\\\/mexico-asume-consejo-de-seguridad-en-la-onu-con-agenda-en-mujeres-y-control-de-armas\\\/\"]}]},{\"@type\":\"ImageObject\",\"inLanguage\":\"es\",\"@id\":\"https:\\\/\\\/fuentesfidedignas.com.mx\\\/index.php\\\/2021\\\/11\\\/01\\\/mexico-asume-consejo-de-seguridad-en-la-onu-con-agenda-en-mujeres-y-control-de-armas\\\/#primaryimage\",\"url\":\"https:\\\/\\\/fuentesfidedignas.com.mx\\\/wp-content\\\/uploads\\\/2021\\\/11\\\/FDHaetXXMAQ-Uv9-e1635782242278-768x432-1.jpg\",\"contentUrl\":\"https:\\\/\\\/fuentesfidedignas.com.mx\\\/wp-content\\\/uploads\\\/2021\\\/11\\\/FDHaetXXMAQ-Uv9-e1635782242278-768x432-1.jpg\",\"width\":768,\"height\":432},{\"@type\":\"BreadcrumbList\",\"@id\":\"https:\\\/\\\/fuentesfidedignas.com.mx\\\/index.php\\\/2021\\\/11\\\/01\\\/mexico-asume-consejo-de-seguridad-en-la-onu-con-agenda-en-mujeres-y-control-de-armas\\\/#breadcrumb\",\"itemListElement\":[{\"@type\":\"ListItem\",\"position\":1,\"name\":\"Inicio\",\"item\":\"https:\\\/\\\/fuentesfidedignas.com.mx\\\/\"},{\"@type\":\"ListItem\",\"position\":2,\"name\":\"M\u00e9xico asume Consejo de Seguridad en la ONU con agenda en mujeres y control de armas\"}]},{\"@type\":\"WebSite\",\"@id\":\"https:\\\/\\\/fuentesfidedignas.com.mx\\\/#website\",\"url\":\"https:\\\/\\\/fuentesfidedignas.com.mx\\\/\",\"name\":\"Fuentes Fidedignas\",\"description\":\"Otro sitio realizado con WordPress\",\"publisher\":{\"@id\":\"https:\\\/\\\/fuentesfidedignas.com.mx\\\/#organization\"},\"potentialAction\":[{\"@type\":\"SearchAction\",\"target\":{\"@type\":\"EntryPoint\",\"urlTemplate\":\"https:\\\/\\\/fuentesfidedignas.com.mx\\\/?s={search_term_string}\"},\"query-input\":{\"@type\":\"PropertyValueSpecification\",\"valueRequired\":true,\"valueName\":\"search_term_string\"}}],\"inLanguage\":\"es\"},{\"@type\":\"Organization\",\"@id\":\"https:\\\/\\\/fuentesfidedignas.com.mx\\\/#organization\",\"name\":\"Fuentes Fidedignas\",\"url\":\"https:\\\/\\\/fuentesfidedignas.com.mx\\\/\",\"logo\":{\"@type\":\"ImageObject\",\"inLanguage\":\"es\",\"@id\":\"https:\\\/\\\/fuentesfidedignas.com.mx\\\/#\\\/schema\\\/logo\\\/image\\\/\",\"url\":\"https:\\\/\\\/fuentesfidedignas.com.mx\\\/wp-content\\\/uploads\\\/2021\\\/04\\\/logo-retina.png\",\"contentUrl\":\"https:\\\/\\\/fuentesfidedignas.com.mx\\\/wp-content\\\/uploads\\\/2021\\\/04\\\/logo-retina.png\",\"width\":280,\"height\":51,\"caption\":\"Fuentes Fidedignas\"},\"image\":{\"@id\":\"https:\\\/\\\/fuentesfidedignas.com.mx\\\/#\\\/schema\\\/logo\\\/image\\\/\"},\"sameAs\":[\"https:\\\/\\\/www.facebook.com\\\/Fuentes-Fidedignas-368234489921644\",\"https:\\\/\\\/x.com\\\/fidedignas\"]},{\"@type\":\"Person\",\"@id\":\"https:\\\/\\\/fuentesfidedignas.com.mx\\\/#\\\/schema\\\/person\\\/5623d53fe2e579d825b1679734abcc44\",\"name\":\"Forbes\",\"image\":{\"@type\":\"ImageObject\",\"inLanguage\":\"es\",\"@id\":\"https:\\\/\\\/secure.gravatar.com\\\/avatar\\\/87ce3dd4e41e60c22a79c758614f01a6bc2469255fc936ec7b15efb9bb5cb66f?s=96&d=mm&r=g\",\"url\":\"https:\\\/\\\/secure.gravatar.com\\\/avatar\\\/87ce3dd4e41e60c22a79c758614f01a6bc2469255fc936ec7b15efb9bb5cb66f?s=96&d=mm&r=g\",\"contentUrl\":\"https:\\\/\\\/secure.gravatar.com\\\/avatar\\\/87ce3dd4e41e60c22a79c758614f01a6bc2469255fc936ec7b15efb9bb5cb66f?s=96&d=mm&r=g\",\"caption\":\"Forbes\"},\"url\":\"https:\\\/\\\/fuentesfidedignas.com.mx\\\/index.php\\\/author\\\/forbes\\\/\"}]}<\/script>\n<!-- \/ Yoast SEO plugin. -->","yoast_head_json":{"title":"M\u00e9xico asume Consejo de Seguridad en la ONU con agenda en mujeres y control de armas - Fuentes Fidedignas","robots":{"index":"index","follow":"follow","max-snippet":"max-snippet:-1","max-image-preview":"max-image-preview:large","max-video-preview":"max-video-preview:-1"},"canonical":"https:\/\/fuentesfidedignas.com.mx\/index.php\/2021\/11\/01\/mexico-asume-consejo-de-seguridad-en-la-onu-con-agenda-en-mujeres-y-control-de-armas\/","og_locale":"es_MX","og_type":"article","og_title":"M\u00e9xico asume Consejo de Seguridad en la ONU con agenda en mujeres y control de armas - Fuentes Fidedignas","og_description":"M\u00e9xico asumi\u00f3 la presidencia del Consejo de Seguridad de la ONU donde prepar\u00f3 agenda de bienestar y combate a la corrupci\u00f3n Estados Unidos. La representaci\u00f3n diplom\u00e1tica de M\u00e9xico en la Organizaci\u00f3n de las Naciones Unidas (ONU) asumi\u00f3 este lunes la presidencia del Consejo de Seguridad con una agenda enfocada en el control de armas y [&hellip;]","og_url":"https:\/\/fuentesfidedignas.com.mx\/index.php\/2021\/11\/01\/mexico-asume-consejo-de-seguridad-en-la-onu-con-agenda-en-mujeres-y-control-de-armas\/","og_site_name":"Fuentes Fidedignas","article_publisher":"https:\/\/www.facebook.com\/Fuentes-Fidedignas-368234489921644","article_published_time":"2021-11-01T18:10:29+00:00","article_modified_time":"2021-11-01T18:10:31+00:00","og_image":[{"width":768,"height":432,"url":"https:\/\/fuentesfidedignas.com.mx\/wp-content\/uploads\/2021\/11\/FDHaetXXMAQ-Uv9-e1635782242278-768x432-1.jpg","type":"image\/jpeg"}],"author":"Forbes","twitter_card":"summary_large_image","twitter_creator":"@fidedignas","twitter_site":"@fidedignas","twitter_misc":{"Escrito por":"Forbes","Tiempo de lectura":"2 minutos"},"schema":{"@context":"https:\/\/schema.org","@graph":[{"@type":"Article","@id":"https:\/\/fuentesfidedignas.com.mx\/index.php\/2021\/11\/01\/mexico-asume-consejo-de-seguridad-en-la-onu-con-agenda-en-mujeres-y-control-de-armas\/#article","isPartOf":{"@id":"https:\/\/fuentesfidedignas.com.mx\/index.php\/2021\/11\/01\/mexico-asume-consejo-de-seguridad-en-la-onu-con-agenda-en-mujeres-y-control-de-armas\/"},"author":{"name":"Forbes","@id":"https:\/\/fuentesfidedignas.com.mx\/#\/schema\/person\/5623d53fe2e579d825b1679734abcc44"},"headline":"M\u00e9xico asume Consejo de Seguridad en la ONU con agenda en mujeres y control de armas","datePublished":"2021-11-01T18:10:29+00:00","dateModified":"2021-11-01T18:10:31+00:00","mainEntityOfPage":{"@id":"https:\/\/fuentesfidedignas.com.mx\/index.php\/2021\/11\/01\/mexico-asume-consejo-de-seguridad-en-la-onu-con-agenda-en-mujeres-y-control-de-armas\/"},"wordCount":490,"commentCount":0,"publisher":{"@id":"https:\/\/fuentesfidedignas.com.mx\/#organization"},"image":{"@id":"https:\/\/fuentesfidedignas.com.mx\/index.php\/2021\/11\/01\/mexico-asume-consejo-de-seguridad-en-la-onu-con-agenda-en-mujeres-y-control-de-armas\/#primaryimage"},"thumbnailUrl":"https:\/\/fuentesfidedignas.com.mx\/wp-content\/uploads\/2021\/11\/FDHaetXXMAQ-Uv9-e1635782242278-768x432-1.jpg","articleSection":["NOTICIAS NACIONALES"],"inLanguage":"es","potentialAction":[{"@type":"CommentAction","name":"Comment","target":["https:\/\/fuentesfidedignas.com.mx\/index.php\/2021\/11\/01\/mexico-asume-consejo-de-seguridad-en-la-onu-con-agenda-en-mujeres-y-control-de-armas\/#respond"]}]},{"@type":"WebPage","@id":"https:\/\/fuentesfidedignas.com.mx\/index.php\/2021\/11\/01\/mexico-asume-consejo-de-seguridad-en-la-onu-con-agenda-en-mujeres-y-control-de-armas\/","url":"https:\/\/fuentesfidedignas.com.mx\/index.php\/2021\/11\/01\/mexico-asume-consejo-de-seguridad-en-la-onu-con-agenda-en-mujeres-y-control-de-armas\/","name":"M\u00e9xico asume Consejo de Seguridad en la ONU con agenda en mujeres y control de armas - Fuentes Fidedignas","isPartOf":{"@id":"https:\/\/fuentesfidedignas.com.mx\/#website"},"primaryImageOfPage":{"@id":"https:\/\/fuentesfidedignas.com.mx\/index.php\/2021\/11\/01\/mexico-asume-consejo-de-seguridad-en-la-onu-con-agenda-en-mujeres-y-control-de-armas\/#primaryimage"},"image":{"@id":"https:\/\/fuentesfidedignas.com.mx\/index.php\/2021\/11\/01\/mexico-asume-consejo-de-seguridad-en-la-onu-con-agenda-en-mujeres-y-control-de-armas\/#primaryimage"},"thumbnailUrl":"https:\/\/fuentesfidedignas.com.mx\/wp-content\/uploads\/2021\/11\/FDHaetXXMAQ-Uv9-e1635782242278-768x432-1.jpg","datePublished":"2021-11-01T18:10:29+00:00","dateModified":"2021-11-01T18:10:31+00:00","breadcrumb":{"@id":"https:\/\/fuentesfidedignas.com.mx\/index.php\/2021\/11\/01\/mexico-asume-consejo-de-seguridad-en-la-onu-con-agenda-en-mujeres-y-control-de-armas\/#breadcrumb"},"inLanguage":"es","potentialAction":[{"@type":"ReadAction","target":["https:\/\/fuentesfidedignas.com.mx\/index.php\/2021\/11\/01\/mexico-asume-consejo-de-seguridad-en-la-onu-con-agenda-en-mujeres-y-control-de-armas\/"]}]},{"@type":"ImageObject","inLanguage":"es","@id":"https:\/\/fuentesfidedignas.com.mx\/index.php\/2021\/11\/01\/mexico-asume-consejo-de-seguridad-en-la-onu-con-agenda-en-mujeres-y-control-de-armas\/#primaryimage","url":"https:\/\/fuentesfidedignas.com.mx\/wp-content\/uploads\/2021\/11\/FDHaetXXMAQ-Uv9-e1635782242278-768x432-1.jpg","contentUrl":"https:\/\/fuentesfidedignas.com.mx\/wp-content\/uploads\/2021\/11\/FDHaetXXMAQ-Uv9-e1635782242278-768x432-1.jpg","width":768,"height":432},{"@type":"BreadcrumbList","@id":"https:\/\/fuentesfidedignas.com.mx\/index.php\/2021\/11\/01\/mexico-asume-consejo-de-seguridad-en-la-onu-con-agenda-en-mujeres-y-control-de-armas\/#breadcrumb","itemListElement":[{"@type":"ListItem","position":1,"name":"Inicio","item":"https:\/\/fuentesfidedignas.com.mx\/"},{"@type":"ListItem","position":2,"name":"M\u00e9xico asume Consejo de Seguridad en la ONU con agenda en mujeres y control de armas"}]},{"@type":"WebSite","@id":"https:\/\/fuentesfidedignas.com.mx\/#website","url":"https:\/\/fuentesfidedignas.com.mx\/","name":"Fuentes Fidedignas","description":"Otro sitio realizado con WordPress","publisher":{"@id":"https:\/\/fuentesfidedignas.com.mx\/#organization"},"potentialAction":[{"@type":"SearchAction","target":{"@type":"EntryPoint","urlTemplate":"https:\/\/fuentesfidedignas.com.mx\/?s={search_term_string}"},"query-input":{"@type":"PropertyValueSpecification","valueRequired":true,"valueName":"search_term_string"}}],"inLanguage":"es"},{"@type":"Organization","@id":"https:\/\/fuentesfidedignas.com.mx\/#organization","name":"Fuentes Fidedignas","url":"https:\/\/fuentesfidedignas.com.mx\/","logo":{"@type":"ImageObject","inLanguage":"es","@id":"https:\/\/fuentesfidedignas.com.mx\/#\/schema\/logo\/image\/","url":"https:\/\/fuentesfidedignas.com.mx\/wp-content\/uploads\/2021\/04\/logo-retina.png","contentUrl":"https:\/\/fuentesfidedignas.com.mx\/wp-content\/uploads\/2021\/04\/logo-retina.png","width":280,"height":51,"caption":"Fuentes Fidedignas"},"image":{"@id":"https:\/\/fuentesfidedignas.com.mx\/#\/schema\/logo\/image\/"},"sameAs":["https:\/\/www.facebook.com\/Fuentes-Fidedignas-368234489921644","https:\/\/x.com\/fidedignas"]},{"@type":"Person","@id":"https:\/\/fuentesfidedignas.com.mx\/#\/schema\/person\/5623d53fe2e579d825b1679734abcc44","name":"Forbes","image":{"@type":"ImageObject","inLanguage":"es","@id":"https:\/\/secure.gravatar.com\/avatar\/87ce3dd4e41e60c22a79c758614f01a6bc2469255fc936ec7b15efb9bb5cb66f?s=96&d=mm&r=g","url":"https:\/\/secure.gravatar.com\/avatar\/87ce3dd4e41e60c22a79c758614f01a6bc2469255fc936ec7b15efb9bb5cb66f?s=96&d=mm&r=g","contentUrl":"https:\/\/secure.gravatar.com\/avatar\/87ce3dd4e41e60c22a79c758614f01a6bc2469255fc936ec7b15efb9bb5cb66f?s=96&d=mm&r=g","caption":"Forbes"},"url":"https:\/\/fuentesfidedignas.com.mx\/index.php\/author\/forbes\/"}]}},"_links":{"self":[{"href":"https:\/\/fuentesfidedignas.com.mx\/index.php\/wp-json\/wp\/v2\/posts\/16440","targetHints":{"allow":["GET"]}}],"collection":[{"href":"https:\/\/fuentesfidedignas.com.mx\/index.php\/wp-json\/wp\/v2\/posts"}],"about":[{"href":"https:\/\/fuentesfidedignas.com.mx\/index.php\/wp-json\/wp\/v2\/types\/post"}],"author":[{"embeddable":true,"href":"https:\/\/fuentesfidedignas.com.mx\/index.php\/wp-json\/wp\/v2\/users\/5"}],"replies":[{"embeddable":true,"href":"https:\/\/fuentesfidedignas.com.mx\/index.php\/wp-json\/wp\/v2\/comments?post=16440"}],"version-history":[{"count":1,"href":"https:\/\/fuentesfidedignas.com.mx\/index.php\/wp-json\/wp\/v2\/posts\/16440\/revisions"}],"predecessor-version":[{"id":16442,"href":"https:\/\/fuentesfidedignas.com.mx\/index.php\/wp-json\/wp\/v2\/posts\/16440\/revisions\/16442"}],"wp:featuredmedia":[{"embeddable":true,"href":"https:\/\/fuentesfidedignas.com.mx\/index.php\/wp-json\/wp\/v2\/media\/16441"}],"wp:attachment":[{"href":"https:\/\/fuentesfidedignas.com.mx\/index.php\/wp-json\/wp\/v2\/media?parent=16440"}],"wp:term":[{"taxonomy":"category","embeddable":true,"href":"https:\/\/fuentesfidedignas.com.mx\/index.php\/wp-json\/wp\/v2\/categories?post=16440"},{"taxonomy":"post_tag","embeddable":true,"href":"https:\/\/fuentesfidedignas.com.mx\/index.php\/wp-json\/wp\/v2\/tags?post=16440"}],"curies":[{"name":"wp","href":"https:\/\/api.w.org\/{rel}","templated":true}]}}