{"id":16375,"date":"2021-10-31T12:14:48","date_gmt":"2021-10-31T19:14:48","guid":{"rendered":"https:\/\/fuentesfidedignas.com.mx\/?p=16375"},"modified":"2021-10-31T14:52:45","modified_gmt":"2021-10-31T21:52:45","slug":"ruben-rocha-moya-ya-es-gobernador-de-sinaloa","status":"publish","type":"post","link":"https:\/\/fuentesfidedignas.com.mx\/index.php\/2021\/10\/31\/ruben-rocha-moya-ya-es-gobernador-de-sinaloa\/","title":{"rendered":"Rub\u00e9n Rocha Moya ya es gobernador de Sinaloa"},"content":{"rendered":"\n<p><strong><em>Al rendir protesta como gobernador de Sinaloa, destaca que no viene a perseguir a nadie ni a jugar a las vencidas pol\u00edticas, sino a hacer equipo con todos para sacar adelante al estado<\/em><\/strong><\/p>\n\n\n\n<p>Culiac\u00e1n, Sin.- Tras rendir protesta como gobernador constitucional del estado de Sinaloa ante el Congreso del Estado, Rub\u00e9n Rocha Moya le imprimi\u00f3 a la ceremonia su peculiar estilo de expresar tanto sus agradecimientos, como sus principios y compromisos, propiciando un ambiente de justo balance entre la solemnidad y la calidez.<\/p>\n\n\n\n<p>Como significativo pre\u00e1mbulo al primer mensaje del nuevo mandatario estatal, el tenor sinaloense Jos\u00e9 Manuel Ch\u00fa Reyes interpret\u00f3 la melod\u00eda \u201cCantares\u201d, cuya letra hace evocar una vida de esfuerzo coronada con el prop\u00f3sito alcanzado: \u201cAl andar se hace camino\/Y al volver la vista atr\u00e1s\/Se ve la senda que nunca\/se ha de volver a pisar\/Caminante no hay camino\/Sino estelas en la mar\u201d.<\/p>\n\n\n\n<p>Despu\u00e9s de escuchar la magistral interpretaci\u00f3n, Rocha Moya emiti\u00f3 un emotivo saludo a todas y todos los ciudadanos sinaloenses presentes en el recinto legislativo y conectados a trav\u00e9s de las redes sociales, y dio las gracias por su presencia a los invitados especiales con referencias personales hacia cada uno.<\/p>\n\n\n\n<p>Hizo un agradecido reconocimiento a la presencia del gobernador saliente Quirino Ordaz Coppel, su esposa Rosy Fuentes de Ordaz y sus hijos Silvana, Quirino y Santiago, lo cual consider\u00f3 un valioso acto de civilidad, a la vez que ponder\u00f3 la entrega de un gobierno en orden.<\/p>\n\n\n\n<p>Resalt\u00f3 que durante su gobierno no se practicar\u00e1 la persecuci\u00f3n pol\u00edtica: \u201cY les digo, yo no vengo a perseguir a nadie; yo quiero ver para adelante\u201d y agreg\u00f3, \u201csolo lo que los procesos de ley indiquen, sus observaciones y aprobaciones ser\u00e1n reconocidas por nosotros\u201d.<\/p>\n\n\n\n<p>\u201cAqu\u00ed no vengo a jugar vencidas pol\u00edticas con nadie, venimos todos juntos a hacer equipo para sacar adelante a Sinaloa\u201d, puntualiz\u00f3 al mencionar uno a uno a las y los alcaldes electos y en funciones asistentes a la sesi\u00f3n solemne.<\/p>\n\n\n\n<p>Como muestra patente de la atenci\u00f3n primordial que las familias sinaloenses tendr\u00e1n en su gobierno, por el valor que le da a la familia, reserv\u00f3 especial espacio para saludar a la suya:<\/p>\n\n\n\n<p>\u201cAhora les pido una licencia para saludar a mi familia, al menos esa prerrogativa denme por favor, a mis hermanos Alfonso, Pablo, Antonio y Martha; a mis hijos, Eneyda y Jorge, su esposo, Rub\u00e9n y Gaby, su esposa, Ricardo y M\u00f3nica, su esposa, Jos\u00e9 Jes\u00fas y Alejandra, su esposa; a mis nietas y nietos, estos son los m\u00e1s pi\u00f1ados que quieren que los presente, Regina, Isabela, Mila, B\u00e1rbara, Ivana, Emilia, Rub\u00e9n, Ricardo; elevo hasta el cielo mi amorosa gratitud a Socorro mi inolvidable esposa\u201d.<\/p>\n\n\n\n<p>A la ceremonia de toma de protesta asistieron como invitados especiales la Secretaria del Trabajo y Previsi\u00f3n Social, Luisa Mar\u00eda Alcalde Luj\u00e1n, en representaci\u00f3n del presidente Andr\u00e9s Manuel L\u00f3pez Obrador; el presidente nacional de Morena, Mario Delgado Carrillo; la secretaria general morenista, Citlali Hern\u00e1ndez; y el magistrado presidente del Supremo Tribunal de Justicia del Estado, Ricardo L\u00f3pez Ch\u00e1vez.<\/p>\n\n\n\n<p>Tambi\u00e9n estuvieron presentes en el recinto el coordinador de los senadores de Morena, Ricardo Monreal \u00c1vila; el coordinador de los diputados federales morenistas, Mois\u00e9s Ignacio Mier Velazco; el presidente de la Mesa Directiva de la C\u00e1mara de Diputados, Sergio Guti\u00e9rrez Luna; y los senadores Imelda Castro, Am\u00e9rico Villarreal Anaya, Ra\u00fal de Jes\u00fas Elenes Angulo y Mario Zamora Gast\u00e9lum, entre otros legisladores de la C\u00e1mara Alta.<\/p>\n\n\n\n<p>De igual forma, acudieron los gobernadores Alfredo Ram\u00edrez Bedolla, de Michoac\u00e1n; Miguel \u00c1ngel Navarro Quintero, de Nayarit; y Jos\u00e9 Rosas Aispuro Torres, de Durango; y los exgobernadores Mario L\u00f3pez Valdez, Jes\u00fas Aguilar Padilla y Juan Mill\u00e1n Liz\u00e1rraga.<\/p>\n","protected":false},"excerpt":{"rendered":"<p>Al rendir protesta como gobernador de Sinaloa, destaca que no viene a perseguir a nadie ni a jugar a las vencidas pol\u00edticas, sino a hacer equipo con todos para sacar adelante al estado Culiac\u00e1n, Sin.- Tras rendir protesta como gobernador constitucional del estado de Sinaloa ante el Congreso del Estado, Rub\u00e9n Rocha Moya le imprimi\u00f3 [&hellip;]<\/p>\n","protected":false},"author":4,"featured_media":16376,"comment_status":"open","ping_status":"open","sticky":false,"template":"","format":"standard","meta":{"tdm_status":"","tdm_grid_status":"","footnotes":""},"categories":[37],"tags":[708,2098,52],"class_list":{"0":"post-16375","1":"post","2":"type-post","3":"status-publish","4":"format-standard","5":"has-post-thumbnail","7":"category-nota-principal","8":"tag-congreso-del-estado-de-sinaloa","9":"tag-gobernador-de-sinaloa","10":"tag-ruben-rocha-moya"},"yoast_head":"<!-- This site is optimized with the Yoast SEO plugin v27.5 - https:\/\/yoast.com\/product\/yoast-seo-wordpress\/ -->\n<title>Rub\u00e9n Rocha Moya ya es gobernador de Sinaloa - Fuentes Fidedignas<\/title>\n<meta name=\"robots\" content=\"index, follow, max-snippet:-1, max-image-preview:large, max-video-preview:-1\" \/>\n<link rel=\"canonical\" href=\"https:\/\/fuentesfidedignas.com.mx\/index.php\/2021\/10\/31\/ruben-rocha-moya-ya-es-gobernador-de-sinaloa\/\" \/>\n<meta property=\"og:locale\" content=\"es_MX\" \/>\n<meta property=\"og:type\" content=\"article\" \/>\n<meta property=\"og:title\" content=\"Rub\u00e9n Rocha Moya ya es gobernador de Sinaloa - Fuentes Fidedignas\" \/>\n<meta property=\"og:description\" content=\"Al rendir protesta como gobernador de Sinaloa, destaca que no viene a perseguir a nadie ni a jugar a las vencidas pol\u00edticas, sino a hacer equipo con todos para sacar adelante al estado Culiac\u00e1n, Sin.- Tras rendir protesta como gobernador constitucional del estado de Sinaloa ante el Congreso del Estado, Rub\u00e9n Rocha Moya le imprimi\u00f3 [&hellip;]\" \/>\n<meta property=\"og:url\" content=\"https:\/\/fuentesfidedignas.com.mx\/index.php\/2021\/10\/31\/ruben-rocha-moya-ya-es-gobernador-de-sinaloa\/\" \/>\n<meta property=\"og:site_name\" content=\"Fuentes Fidedignas\" \/>\n<meta property=\"article:publisher\" content=\"https:\/\/www.facebook.com\/Fuentes-Fidedignas-368234489921644\" \/>\n<meta property=\"article:published_time\" content=\"2021-10-31T19:14:48+00:00\" \/>\n<meta property=\"article:modified_time\" content=\"2021-10-31T21:52:45+00:00\" \/>\n<meta property=\"og:image\" content=\"https:\/\/fuentesfidedignas.com.mx\/wp-content\/uploads\/2021\/10\/RRM_001.jpg\" \/>\n\t<meta property=\"og:image:width\" content=\"1280\" \/>\n\t<meta property=\"og:image:height\" content=\"852\" \/>\n\t<meta property=\"og:image:type\" content=\"image\/jpeg\" \/>\n<meta name=\"author\" content=\"Redacci\u00f3n\" \/>\n<meta name=\"twitter:card\" content=\"summary_large_image\" \/>\n<meta name=\"twitter:creator\" content=\"@fidedignas\" \/>\n<meta name=\"twitter:site\" content=\"@fidedignas\" \/>\n<meta name=\"twitter:label1\" content=\"Escrito por\" \/>\n\t<meta name=\"twitter:data1\" content=\"Redacci\u00f3n\" \/>\n\t<meta name=\"twitter:label2\" content=\"Tiempo de lectura\" \/>\n\t<meta name=\"twitter:data2\" content=\"3 minutos\" \/>\n<script type=\"application\/ld+json\" class=\"yoast-schema-graph\">{\"@context\":\"https:\\\/\\\/schema.org\",\"@graph\":[{\"@type\":\"Article\",\"@id\":\"https:\\\/\\\/fuentesfidedignas.com.mx\\\/index.php\\\/2021\\\/10\\\/31\\\/ruben-rocha-moya-ya-es-gobernador-de-sinaloa\\\/#article\",\"isPartOf\":{\"@id\":\"https:\\\/\\\/fuentesfidedignas.com.mx\\\/index.php\\\/2021\\\/10\\\/31\\\/ruben-rocha-moya-ya-es-gobernador-de-sinaloa\\\/\"},\"author\":{\"name\":\"Redacci\u00f3n\",\"@id\":\"https:\\\/\\\/fuentesfidedignas.com.mx\\\/#\\\/schema\\\/person\\\/331be9283d37198e2acd5750279085b0\"},\"headline\":\"Rub\u00e9n Rocha Moya ya es gobernador de Sinaloa\",\"datePublished\":\"2021-10-31T19:14:48+00:00\",\"dateModified\":\"2021-10-31T21:52:45+00:00\",\"mainEntityOfPage\":{\"@id\":\"https:\\\/\\\/fuentesfidedignas.com.mx\\\/index.php\\\/2021\\\/10\\\/31\\\/ruben-rocha-moya-ya-es-gobernador-de-sinaloa\\\/\"},\"wordCount\":662,\"commentCount\":0,\"publisher\":{\"@id\":\"https:\\\/\\\/fuentesfidedignas.com.mx\\\/#organization\"},\"image\":{\"@id\":\"https:\\\/\\\/fuentesfidedignas.com.mx\\\/index.php\\\/2021\\\/10\\\/31\\\/ruben-rocha-moya-ya-es-gobernador-de-sinaloa\\\/#primaryimage\"},\"thumbnailUrl\":\"https:\\\/\\\/fuentesfidedignas.com.mx\\\/wp-content\\\/uploads\\\/2021\\\/10\\\/RRM_001.jpg\",\"keywords\":[\"Congreso del Estado de Sinaloa\",\"Gobernador de Sinaloa\",\"Rub\u00e9n Rocha Moya\"],\"articleSection\":[\"NOTA PRINCIPAL\"],\"inLanguage\":\"es\",\"potentialAction\":[{\"@type\":\"CommentAction\",\"name\":\"Comment\",\"target\":[\"https:\\\/\\\/fuentesfidedignas.com.mx\\\/index.php\\\/2021\\\/10\\\/31\\\/ruben-rocha-moya-ya-es-gobernador-de-sinaloa\\\/#respond\"]}]},{\"@type\":\"WebPage\",\"@id\":\"https:\\\/\\\/fuentesfidedignas.com.mx\\\/index.php\\\/2021\\\/10\\\/31\\\/ruben-rocha-moya-ya-es-gobernador-de-sinaloa\\\/\",\"url\":\"https:\\\/\\\/fuentesfidedignas.com.mx\\\/index.php\\\/2021\\\/10\\\/31\\\/ruben-rocha-moya-ya-es-gobernador-de-sinaloa\\\/\",\"name\":\"Rub\u00e9n Rocha Moya ya es gobernador de Sinaloa - Fuentes Fidedignas\",\"isPartOf\":{\"@id\":\"https:\\\/\\\/fuentesfidedignas.com.mx\\\/#website\"},\"primaryImageOfPage\":{\"@id\":\"https:\\\/\\\/fuentesfidedignas.com.mx\\\/index.php\\\/2021\\\/10\\\/31\\\/ruben-rocha-moya-ya-es-gobernador-de-sinaloa\\\/#primaryimage\"},\"image\":{\"@id\":\"https:\\\/\\\/fuentesfidedignas.com.mx\\\/index.php\\\/2021\\\/10\\\/31\\\/ruben-rocha-moya-ya-es-gobernador-de-sinaloa\\\/#primaryimage\"},\"thumbnailUrl\":\"https:\\\/\\\/fuentesfidedignas.com.mx\\\/wp-content\\\/uploads\\\/2021\\\/10\\\/RRM_001.jpg\",\"datePublished\":\"2021-10-31T19:14:48+00:00\",\"dateModified\":\"2021-10-31T21:52:45+00:00\",\"breadcrumb\":{\"@id\":\"https:\\\/\\\/fuentesfidedignas.com.mx\\\/index.php\\\/2021\\\/10\\\/31\\\/ruben-rocha-moya-ya-es-gobernador-de-sinaloa\\\/#breadcrumb\"},\"inLanguage\":\"es\",\"potentialAction\":[{\"@type\":\"ReadAction\",\"target\":[\"https:\\\/\\\/fuentesfidedignas.com.mx\\\/index.php\\\/2021\\\/10\\\/31\\\/ruben-rocha-moya-ya-es-gobernador-de-sinaloa\\\/\"]}]},{\"@type\":\"ImageObject\",\"inLanguage\":\"es\",\"@id\":\"https:\\\/\\\/fuentesfidedignas.com.mx\\\/index.php\\\/2021\\\/10\\\/31\\\/ruben-rocha-moya-ya-es-gobernador-de-sinaloa\\\/#primaryimage\",\"url\":\"https:\\\/\\\/fuentesfidedignas.com.mx\\\/wp-content\\\/uploads\\\/2021\\\/10\\\/RRM_001.jpg\",\"contentUrl\":\"https:\\\/\\\/fuentesfidedignas.com.mx\\\/wp-content\\\/uploads\\\/2021\\\/10\\\/RRM_001.jpg\",\"width\":1280,\"height\":852},{\"@type\":\"BreadcrumbList\",\"@id\":\"https:\\\/\\\/fuentesfidedignas.com.mx\\\/index.php\\\/2021\\\/10\\\/31\\\/ruben-rocha-moya-ya-es-gobernador-de-sinaloa\\\/#breadcrumb\",\"itemListElement\":[{\"@type\":\"ListItem\",\"position\":1,\"name\":\"Inicio\",\"item\":\"https:\\\/\\\/fuentesfidedignas.com.mx\\\/\"},{\"@type\":\"ListItem\",\"position\":2,\"name\":\"Rub\u00e9n Rocha Moya ya es gobernador de Sinaloa\"}]},{\"@type\":\"WebSite\",\"@id\":\"https:\\\/\\\/fuentesfidedignas.com.mx\\\/#website\",\"url\":\"https:\\\/\\\/fuentesfidedignas.com.mx\\\/\",\"name\":\"Fuentes Fidedignas\",\"description\":\"Otro sitio realizado con WordPress\",\"publisher\":{\"@id\":\"https:\\\/\\\/fuentesfidedignas.com.mx\\\/#organization\"},\"potentialAction\":[{\"@type\":\"SearchAction\",\"target\":{\"@type\":\"EntryPoint\",\"urlTemplate\":\"https:\\\/\\\/fuentesfidedignas.com.mx\\\/?s={search_term_string}\"},\"query-input\":{\"@type\":\"PropertyValueSpecification\",\"valueRequired\":true,\"valueName\":\"search_term_string\"}}],\"inLanguage\":\"es\"},{\"@type\":\"Organization\",\"@id\":\"https:\\\/\\\/fuentesfidedignas.com.mx\\\/#organization\",\"name\":\"Fuentes Fidedignas\",\"url\":\"https:\\\/\\\/fuentesfidedignas.com.mx\\\/\",\"logo\":{\"@type\":\"ImageObject\",\"inLanguage\":\"es\",\"@id\":\"https:\\\/\\\/fuentesfidedignas.com.mx\\\/#\\\/schema\\\/logo\\\/image\\\/\",\"url\":\"https:\\\/\\\/fuentesfidedignas.com.mx\\\/wp-content\\\/uploads\\\/2021\\\/04\\\/logo-retina.png\",\"contentUrl\":\"https:\\\/\\\/fuentesfidedignas.com.mx\\\/wp-content\\\/uploads\\\/2021\\\/04\\\/logo-retina.png\",\"width\":280,\"height\":51,\"caption\":\"Fuentes Fidedignas\"},\"image\":{\"@id\":\"https:\\\/\\\/fuentesfidedignas.com.mx\\\/#\\\/schema\\\/logo\\\/image\\\/\"},\"sameAs\":[\"https:\\\/\\\/www.facebook.com\\\/Fuentes-Fidedignas-368234489921644\",\"https:\\\/\\\/x.com\\\/fidedignas\"]},{\"@type\":\"Person\",\"@id\":\"https:\\\/\\\/fuentesfidedignas.com.mx\\\/#\\\/schema\\\/person\\\/331be9283d37198e2acd5750279085b0\",\"name\":\"Redacci\u00f3n\",\"image\":{\"@type\":\"ImageObject\",\"inLanguage\":\"es\",\"@id\":\"https:\\\/\\\/secure.gravatar.com\\\/avatar\\\/f6d8782c11d12b2d4ad3fbb6931aeab5309937a4d6cd2fc9cfaa28a6396a5aec?s=96&d=mm&r=g\",\"url\":\"https:\\\/\\\/secure.gravatar.com\\\/avatar\\\/f6d8782c11d12b2d4ad3fbb6931aeab5309937a4d6cd2fc9cfaa28a6396a5aec?s=96&d=mm&r=g\",\"contentUrl\":\"https:\\\/\\\/secure.gravatar.com\\\/avatar\\\/f6d8782c11d12b2d4ad3fbb6931aeab5309937a4d6cd2fc9cfaa28a6396a5aec?s=96&d=mm&r=g\",\"caption\":\"Redacci\u00f3n\"},\"url\":\"https:\\\/\\\/fuentesfidedignas.com.mx\\\/index.php\\\/author\\\/redaccion\\\/\"}]}<\/script>\n<!-- \/ Yoast SEO plugin. -->","yoast_head_json":{"title":"Rub\u00e9n Rocha Moya ya es gobernador de Sinaloa - Fuentes Fidedignas","robots":{"index":"index","follow":"follow","max-snippet":"max-snippet:-1","max-image-preview":"max-image-preview:large","max-video-preview":"max-video-preview:-1"},"canonical":"https:\/\/fuentesfidedignas.com.mx\/index.php\/2021\/10\/31\/ruben-rocha-moya-ya-es-gobernador-de-sinaloa\/","og_locale":"es_MX","og_type":"article","og_title":"Rub\u00e9n Rocha Moya ya es gobernador de Sinaloa - Fuentes Fidedignas","og_description":"Al rendir protesta como gobernador de Sinaloa, destaca que no viene a perseguir a nadie ni a jugar a las vencidas pol\u00edticas, sino a hacer equipo con todos para sacar adelante al estado Culiac\u00e1n, Sin.- Tras rendir protesta como gobernador constitucional del estado de Sinaloa ante el Congreso del Estado, Rub\u00e9n Rocha Moya le imprimi\u00f3 [&hellip;]","og_url":"https:\/\/fuentesfidedignas.com.mx\/index.php\/2021\/10\/31\/ruben-rocha-moya-ya-es-gobernador-de-sinaloa\/","og_site_name":"Fuentes Fidedignas","article_publisher":"https:\/\/www.facebook.com\/Fuentes-Fidedignas-368234489921644","article_published_time":"2021-10-31T19:14:48+00:00","article_modified_time":"2021-10-31T21:52:45+00:00","og_image":[{"width":1280,"height":852,"url":"https:\/\/fuentesfidedignas.com.mx\/wp-content\/uploads\/2021\/10\/RRM_001.jpg","type":"image\/jpeg"}],"author":"Redacci\u00f3n","twitter_card":"summary_large_image","twitter_creator":"@fidedignas","twitter_site":"@fidedignas","twitter_misc":{"Escrito por":"Redacci\u00f3n","Tiempo de lectura":"3 minutos"},"schema":{"@context":"https:\/\/schema.org","@graph":[{"@type":"Article","@id":"https:\/\/fuentesfidedignas.com.mx\/index.php\/2021\/10\/31\/ruben-rocha-moya-ya-es-gobernador-de-sinaloa\/#article","isPartOf":{"@id":"https:\/\/fuentesfidedignas.com.mx\/index.php\/2021\/10\/31\/ruben-rocha-moya-ya-es-gobernador-de-sinaloa\/"},"author":{"name":"Redacci\u00f3n","@id":"https:\/\/fuentesfidedignas.com.mx\/#\/schema\/person\/331be9283d37198e2acd5750279085b0"},"headline":"Rub\u00e9n Rocha Moya ya es gobernador de Sinaloa","datePublished":"2021-10-31T19:14:48+00:00","dateModified":"2021-10-31T21:52:45+00:00","mainEntityOfPage":{"@id":"https:\/\/fuentesfidedignas.com.mx\/index.php\/2021\/10\/31\/ruben-rocha-moya-ya-es-gobernador-de-sinaloa\/"},"wordCount":662,"commentCount":0,"publisher":{"@id":"https:\/\/fuentesfidedignas.com.mx\/#organization"},"image":{"@id":"https:\/\/fuentesfidedignas.com.mx\/index.php\/2021\/10\/31\/ruben-rocha-moya-ya-es-gobernador-de-sinaloa\/#primaryimage"},"thumbnailUrl":"https:\/\/fuentesfidedignas.com.mx\/wp-content\/uploads\/2021\/10\/RRM_001.jpg","keywords":["Congreso del Estado de Sinaloa","Gobernador de Sinaloa","Rub\u00e9n Rocha Moya"],"articleSection":["NOTA PRINCIPAL"],"inLanguage":"es","potentialAction":[{"@type":"CommentAction","name":"Comment","target":["https:\/\/fuentesfidedignas.com.mx\/index.php\/2021\/10\/31\/ruben-rocha-moya-ya-es-gobernador-de-sinaloa\/#respond"]}]},{"@type":"WebPage","@id":"https:\/\/fuentesfidedignas.com.mx\/index.php\/2021\/10\/31\/ruben-rocha-moya-ya-es-gobernador-de-sinaloa\/","url":"https:\/\/fuentesfidedignas.com.mx\/index.php\/2021\/10\/31\/ruben-rocha-moya-ya-es-gobernador-de-sinaloa\/","name":"Rub\u00e9n Rocha Moya ya es gobernador de Sinaloa - Fuentes Fidedignas","isPartOf":{"@id":"https:\/\/fuentesfidedignas.com.mx\/#website"},"primaryImageOfPage":{"@id":"https:\/\/fuentesfidedignas.com.mx\/index.php\/2021\/10\/31\/ruben-rocha-moya-ya-es-gobernador-de-sinaloa\/#primaryimage"},"image":{"@id":"https:\/\/fuentesfidedignas.com.mx\/index.php\/2021\/10\/31\/ruben-rocha-moya-ya-es-gobernador-de-sinaloa\/#primaryimage"},"thumbnailUrl":"https:\/\/fuentesfidedignas.com.mx\/wp-content\/uploads\/2021\/10\/RRM_001.jpg","datePublished":"2021-10-31T19:14:48+00:00","dateModified":"2021-10-31T21:52:45+00:00","breadcrumb":{"@id":"https:\/\/fuentesfidedignas.com.mx\/index.php\/2021\/10\/31\/ruben-rocha-moya-ya-es-gobernador-de-sinaloa\/#breadcrumb"},"inLanguage":"es","potentialAction":[{"@type":"ReadAction","target":["https:\/\/fuentesfidedignas.com.mx\/index.php\/2021\/10\/31\/ruben-rocha-moya-ya-es-gobernador-de-sinaloa\/"]}]},{"@type":"ImageObject","inLanguage":"es","@id":"https:\/\/fuentesfidedignas.com.mx\/index.php\/2021\/10\/31\/ruben-rocha-moya-ya-es-gobernador-de-sinaloa\/#primaryimage","url":"https:\/\/fuentesfidedignas.com.mx\/wp-content\/uploads\/2021\/10\/RRM_001.jpg","contentUrl":"https:\/\/fuentesfidedignas.com.mx\/wp-content\/uploads\/2021\/10\/RRM_001.jpg","width":1280,"height":852},{"@type":"BreadcrumbList","@id":"https:\/\/fuentesfidedignas.com.mx\/index.php\/2021\/10\/31\/ruben-rocha-moya-ya-es-gobernador-de-sinaloa\/#breadcrumb","itemListElement":[{"@type":"ListItem","position":1,"name":"Inicio","item":"https:\/\/fuentesfidedignas.com.mx\/"},{"@type":"ListItem","position":2,"name":"Rub\u00e9n Rocha Moya ya es gobernador de Sinaloa"}]},{"@type":"WebSite","@id":"https:\/\/fuentesfidedignas.com.mx\/#website","url":"https:\/\/fuentesfidedignas.com.mx\/","name":"Fuentes Fidedignas","description":"Otro sitio realizado con WordPress","publisher":{"@id":"https:\/\/fuentesfidedignas.com.mx\/#organization"},"potentialAction":[{"@type":"SearchAction","target":{"@type":"EntryPoint","urlTemplate":"https:\/\/fuentesfidedignas.com.mx\/?s={search_term_string}"},"query-input":{"@type":"PropertyValueSpecification","valueRequired":true,"valueName":"search_term_string"}}],"inLanguage":"es"},{"@type":"Organization","@id":"https:\/\/fuentesfidedignas.com.mx\/#organization","name":"Fuentes Fidedignas","url":"https:\/\/fuentesfidedignas.com.mx\/","logo":{"@type":"ImageObject","inLanguage":"es","@id":"https:\/\/fuentesfidedignas.com.mx\/#\/schema\/logo\/image\/","url":"https:\/\/fuentesfidedignas.com.mx\/wp-content\/uploads\/2021\/04\/logo-retina.png","contentUrl":"https:\/\/fuentesfidedignas.com.mx\/wp-content\/uploads\/2021\/04\/logo-retina.png","width":280,"height":51,"caption":"Fuentes Fidedignas"},"image":{"@id":"https:\/\/fuentesfidedignas.com.mx\/#\/schema\/logo\/image\/"},"sameAs":["https:\/\/www.facebook.com\/Fuentes-Fidedignas-368234489921644","https:\/\/x.com\/fidedignas"]},{"@type":"Person","@id":"https:\/\/fuentesfidedignas.com.mx\/#\/schema\/person\/331be9283d37198e2acd5750279085b0","name":"Redacci\u00f3n","image":{"@type":"ImageObject","inLanguage":"es","@id":"https:\/\/secure.gravatar.com\/avatar\/f6d8782c11d12b2d4ad3fbb6931aeab5309937a4d6cd2fc9cfaa28a6396a5aec?s=96&d=mm&r=g","url":"https:\/\/secure.gravatar.com\/avatar\/f6d8782c11d12b2d4ad3fbb6931aeab5309937a4d6cd2fc9cfaa28a6396a5aec?s=96&d=mm&r=g","contentUrl":"https:\/\/secure.gravatar.com\/avatar\/f6d8782c11d12b2d4ad3fbb6931aeab5309937a4d6cd2fc9cfaa28a6396a5aec?s=96&d=mm&r=g","caption":"Redacci\u00f3n"},"url":"https:\/\/fuentesfidedignas.com.mx\/index.php\/author\/redaccion\/"}]}},"_links":{"self":[{"href":"https:\/\/fuentesfidedignas.com.mx\/index.php\/wp-json\/wp\/v2\/posts\/16375","targetHints":{"allow":["GET"]}}],"collection":[{"href":"https:\/\/fuentesfidedignas.com.mx\/index.php\/wp-json\/wp\/v2\/posts"}],"about":[{"href":"https:\/\/fuentesfidedignas.com.mx\/index.php\/wp-json\/wp\/v2\/types\/post"}],"author":[{"embeddable":true,"href":"https:\/\/fuentesfidedignas.com.mx\/index.php\/wp-json\/wp\/v2\/users\/4"}],"replies":[{"embeddable":true,"href":"https:\/\/fuentesfidedignas.com.mx\/index.php\/wp-json\/wp\/v2\/comments?post=16375"}],"version-history":[{"count":3,"href":"https:\/\/fuentesfidedignas.com.mx\/index.php\/wp-json\/wp\/v2\/posts\/16375\/revisions"}],"predecessor-version":[{"id":16388,"href":"https:\/\/fuentesfidedignas.com.mx\/index.php\/wp-json\/wp\/v2\/posts\/16375\/revisions\/16388"}],"wp:featuredmedia":[{"embeddable":true,"href":"https:\/\/fuentesfidedignas.com.mx\/index.php\/wp-json\/wp\/v2\/media\/16376"}],"wp:attachment":[{"href":"https:\/\/fuentesfidedignas.com.mx\/index.php\/wp-json\/wp\/v2\/media?parent=16375"}],"wp:term":[{"taxonomy":"category","embeddable":true,"href":"https:\/\/fuentesfidedignas.com.mx\/index.php\/wp-json\/wp\/v2\/categories?post=16375"},{"taxonomy":"post_tag","embeddable":true,"href":"https:\/\/fuentesfidedignas.com.mx\/index.php\/wp-json\/wp\/v2\/tags?post=16375"}],"curies":[{"name":"wp","href":"https:\/\/api.w.org\/{rel}","templated":true}]}}