{"id":16300,"date":"2021-10-30T11:28:29","date_gmt":"2021-10-30T18:28:29","guid":{"rendered":"https:\/\/fuentesfidedignas.com.mx\/?p=16300"},"modified":"2021-10-30T11:28:32","modified_gmt":"2021-10-30T18:28:32","slug":"en-g20-ebrard-plantea-a-oms-reconocer-vacunas-sputnik-y-cansino","status":"publish","type":"post","link":"https:\/\/fuentesfidedignas.com.mx\/index.php\/2021\/10\/30\/en-g20-ebrard-plantea-a-oms-reconocer-vacunas-sputnik-y-cansino\/","title":{"rendered":"En G20, Ebrard plantea a OMS reconocer vacunas Sputnik y CanSino"},"content":{"rendered":"\n<p><strong><em>El canciller Marcelo Ebrard felicit\u00f3 la OMS por su labor durante la pandemia y plante\u00f3 la urgencia de aprobar vacunas como Sputnik y CanSino<\/em><\/strong>.<\/p>\n\n\n\n<p>Ciudad de M\u00e9xico. Al participar en la cumbre del G20, en Roma, Italia, el canciller Marcelo Ebrard Casaub\u00f3n plante\u00f3 al director general de la Organizaci\u00f3n Mundial de la Salud (OMS), Tedros Adhanom Ghebreyesus, la necesidad de avanzar en el reconocimiento de todas las vacunas contra el COVID-19.<\/p>\n\n\n\n<p>La Secretar\u00eda de Relaciones Exteriores (SRE) inform\u00f3 que el funcionario mexicano extern\u00f3 la importancia de avanzar en la aprobaci\u00f3n de los f\u00e1rmacos avalados por las agencias reguladoras de los pa\u00edses miembros de la OMS.<\/p>\n\n\n\n<p>\u201cAs\u00ed aumentar\u00e1 la eficacia de las campa\u00f1as de vacunaci\u00f3n, al promover una mayor confianza de las personas en los biol\u00f3gicos y evitar la selectividad de estos a partir de qu\u00e9 pa\u00edses o regiones las han reconocido\u201d, expuso la dependencia.<\/p>\n\n\n\n<p>Hace unas semanas, el presidente Andr\u00e9s Manuel L\u00f3pez Obrador critic\u00f3 la lentitud con que las autoridades sanitarias han actuado en el reconocimiento de algunas vacunas contra el COVID-19 como la rusa Sputnik V y la china CanSino.<\/p>\n\n\n\n<figure class=\"wp-block-embed is-type-rich is-provider-twitter wp-block-embed-twitter\"><div class=\"wp-block-embed__wrapper\">\n<blockquote class=\"twitter-tweet\" data-width=\"550\" data-dnt=\"true\"><p lang=\"es\" dir=\"ltr\">Llegu\u00e9 al mismo tiempo que  el<br>Dr. Tedros Adhanom Ghebreyesus, Director de la Organizacion Mundial de la Salud. Le felicit\u00e9 por su labor en la pandemia y le compart\u00ed porqu\u00e9 es tan relevante acelerar el reconocimiento de vacunas como Sputnik o Cansino. Fue muy receptivo y amable. <a href=\"https:\/\/t.co\/Y6ESokK0z5\">pic.twitter.com\/Y6ESokK0z5<\/a><\/p>&mdash; Marcelo Ebrard C. (@m_ebrard) <a href=\"https:\/\/twitter.com\/m_ebrard\/status\/1454476746363899908?ref_src=twsrc%5Etfw\">October 30, 2021<\/a><\/blockquote><script async src=\"https:\/\/platform.twitter.com\/widgets.js\" charset=\"utf-8\"><\/script>\n<\/div><\/figure>\n\n\n\n<p>El reclamo se origin\u00f3 d\u00edas despu\u00e9s de que los gobiernos de M\u00e9xico y Estados Unidos acordaron reabrir la frontera terrestre a viajes no esenciales a turistas vacunados con dosis de laboratorios avalados \u00fanicamente por la OMS.<\/p>\n\n\n\n<p>Por otro lado, como parte de sus actividades en el G20, Ebrard Casaub\u00f3n intercambi\u00f3 saludos con el presidente de Estados Unidos, Joe Biden, y con el primer ministro de Canad\u00e1, Justin Trudeau.<\/p>\n\n\n\n<p>De igual forma, sostendr\u00e1 reuniones bilaterales con los cancilleres de China, Sud\u00e1frica y Argentina.<\/p>\n\n\n\n<p>Ebrard se ha reunido con el primer ministro de Pa\u00edses Bajos, Mark Rutte; con la presidenta de la Comisi\u00f3n Europea, Ursula von der Leyen; la canciller Alemana, Angela Merkel; el primer ministro de la India, Narendra Modi; y el presidente de Argentina; Alberto Fern\u00e1ndez.<\/p>\n","protected":false},"excerpt":{"rendered":"<p>El canciller Marcelo Ebrard felicit\u00f3 la OMS por su labor durante la pandemia y plante\u00f3 la urgencia de aprobar vacunas como Sputnik y CanSino. Ciudad de M\u00e9xico. Al participar en la cumbre del G20, en Roma, Italia, el canciller Marcelo Ebrard Casaub\u00f3n plante\u00f3 al director general de la Organizaci\u00f3n Mundial de la Salud (OMS), Tedros [&hellip;]<\/p>\n","protected":false},"author":5,"featured_media":16301,"comment_status":"open","ping_status":"open","sticky":false,"template":"","format":"standard","meta":{"tdm_status":"","tdm_grid_status":"","footnotes":""},"categories":[39],"tags":[],"class_list":{"0":"post-16300","1":"post","2":"type-post","3":"status-publish","4":"format-standard","5":"has-post-thumbnail","7":"category-noticias-nacionales"},"yoast_head":"<!-- This site is optimized with the Yoast SEO plugin v27.5 - https:\/\/yoast.com\/product\/yoast-seo-wordpress\/ -->\n<title>En G20, Ebrard plantea a OMS reconocer vacunas Sputnik y CanSino - Fuentes Fidedignas<\/title>\n<meta name=\"robots\" content=\"index, follow, max-snippet:-1, max-image-preview:large, max-video-preview:-1\" \/>\n<link rel=\"canonical\" href=\"https:\/\/fuentesfidedignas.com.mx\/index.php\/2021\/10\/30\/en-g20-ebrard-plantea-a-oms-reconocer-vacunas-sputnik-y-cansino\/\" \/>\n<meta property=\"og:locale\" content=\"es_MX\" \/>\n<meta property=\"og:type\" content=\"article\" \/>\n<meta property=\"og:title\" content=\"En G20, Ebrard plantea a OMS reconocer vacunas Sputnik y CanSino - Fuentes Fidedignas\" \/>\n<meta property=\"og:description\" content=\"El canciller Marcelo Ebrard felicit\u00f3 la OMS por su labor durante la pandemia y plante\u00f3 la urgencia de aprobar vacunas como Sputnik y CanSino. Ciudad de M\u00e9xico. Al participar en la cumbre del G20, en Roma, Italia, el canciller Marcelo Ebrard Casaub\u00f3n plante\u00f3 al director general de la Organizaci\u00f3n Mundial de la Salud (OMS), Tedros [&hellip;]\" \/>\n<meta property=\"og:url\" content=\"https:\/\/fuentesfidedignas.com.mx\/index.php\/2021\/10\/30\/en-g20-ebrard-plantea-a-oms-reconocer-vacunas-sputnik-y-cansino\/\" \/>\n<meta property=\"og:site_name\" content=\"Fuentes Fidedignas\" \/>\n<meta property=\"article:publisher\" content=\"https:\/\/www.facebook.com\/Fuentes-Fidedignas-368234489921644\" \/>\n<meta property=\"article:published_time\" content=\"2021-10-30T18:28:29+00:00\" \/>\n<meta property=\"article:modified_time\" content=\"2021-10-30T18:28:32+00:00\" \/>\n<meta property=\"og:image\" content=\"https:\/\/fuentesfidedignas.com.mx\/wp-content\/uploads\/2021\/10\/FC9W5H_WQAsp7Gm-640x360-1.jpg\" \/>\n\t<meta property=\"og:image:width\" content=\"640\" \/>\n\t<meta property=\"og:image:height\" content=\"360\" \/>\n\t<meta property=\"og:image:type\" content=\"image\/jpeg\" \/>\n<meta name=\"author\" content=\"Forbes\" \/>\n<meta name=\"twitter:card\" content=\"summary_large_image\" \/>\n<meta name=\"twitter:creator\" content=\"@fidedignas\" \/>\n<meta name=\"twitter:site\" content=\"@fidedignas\" \/>\n<meta name=\"twitter:label1\" content=\"Escrito por\" \/>\n\t<meta name=\"twitter:data1\" content=\"Forbes\" \/>\n\t<meta name=\"twitter:label2\" content=\"Tiempo de lectura\" \/>\n\t<meta name=\"twitter:data2\" content=\"2 minutos\" \/>\n<script type=\"application\/ld+json\" class=\"yoast-schema-graph\">{\"@context\":\"https:\\\/\\\/schema.org\",\"@graph\":[{\"@type\":\"Article\",\"@id\":\"https:\\\/\\\/fuentesfidedignas.com.mx\\\/index.php\\\/2021\\\/10\\\/30\\\/en-g20-ebrard-plantea-a-oms-reconocer-vacunas-sputnik-y-cansino\\\/#article\",\"isPartOf\":{\"@id\":\"https:\\\/\\\/fuentesfidedignas.com.mx\\\/index.php\\\/2021\\\/10\\\/30\\\/en-g20-ebrard-plantea-a-oms-reconocer-vacunas-sputnik-y-cansino\\\/\"},\"author\":{\"name\":\"Forbes\",\"@id\":\"https:\\\/\\\/fuentesfidedignas.com.mx\\\/#\\\/schema\\\/person\\\/5623d53fe2e579d825b1679734abcc44\"},\"headline\":\"En G20, Ebrard plantea a OMS reconocer vacunas Sputnik y CanSino\",\"datePublished\":\"2021-10-30T18:28:29+00:00\",\"dateModified\":\"2021-10-30T18:28:32+00:00\",\"mainEntityOfPage\":{\"@id\":\"https:\\\/\\\/fuentesfidedignas.com.mx\\\/index.php\\\/2021\\\/10\\\/30\\\/en-g20-ebrard-plantea-a-oms-reconocer-vacunas-sputnik-y-cansino\\\/\"},\"wordCount\":353,\"commentCount\":0,\"publisher\":{\"@id\":\"https:\\\/\\\/fuentesfidedignas.com.mx\\\/#organization\"},\"image\":{\"@id\":\"https:\\\/\\\/fuentesfidedignas.com.mx\\\/index.php\\\/2021\\\/10\\\/30\\\/en-g20-ebrard-plantea-a-oms-reconocer-vacunas-sputnik-y-cansino\\\/#primaryimage\"},\"thumbnailUrl\":\"https:\\\/\\\/fuentesfidedignas.com.mx\\\/wp-content\\\/uploads\\\/2021\\\/10\\\/FC9W5H_WQAsp7Gm-640x360-1.jpg\",\"articleSection\":[\"NOTICIAS NACIONALES\"],\"inLanguage\":\"es\",\"potentialAction\":[{\"@type\":\"CommentAction\",\"name\":\"Comment\",\"target\":[\"https:\\\/\\\/fuentesfidedignas.com.mx\\\/index.php\\\/2021\\\/10\\\/30\\\/en-g20-ebrard-plantea-a-oms-reconocer-vacunas-sputnik-y-cansino\\\/#respond\"]}]},{\"@type\":\"WebPage\",\"@id\":\"https:\\\/\\\/fuentesfidedignas.com.mx\\\/index.php\\\/2021\\\/10\\\/30\\\/en-g20-ebrard-plantea-a-oms-reconocer-vacunas-sputnik-y-cansino\\\/\",\"url\":\"https:\\\/\\\/fuentesfidedignas.com.mx\\\/index.php\\\/2021\\\/10\\\/30\\\/en-g20-ebrard-plantea-a-oms-reconocer-vacunas-sputnik-y-cansino\\\/\",\"name\":\"En G20, Ebrard plantea a OMS reconocer vacunas Sputnik y CanSino - Fuentes Fidedignas\",\"isPartOf\":{\"@id\":\"https:\\\/\\\/fuentesfidedignas.com.mx\\\/#website\"},\"primaryImageOfPage\":{\"@id\":\"https:\\\/\\\/fuentesfidedignas.com.mx\\\/index.php\\\/2021\\\/10\\\/30\\\/en-g20-ebrard-plantea-a-oms-reconocer-vacunas-sputnik-y-cansino\\\/#primaryimage\"},\"image\":{\"@id\":\"https:\\\/\\\/fuentesfidedignas.com.mx\\\/index.php\\\/2021\\\/10\\\/30\\\/en-g20-ebrard-plantea-a-oms-reconocer-vacunas-sputnik-y-cansino\\\/#primaryimage\"},\"thumbnailUrl\":\"https:\\\/\\\/fuentesfidedignas.com.mx\\\/wp-content\\\/uploads\\\/2021\\\/10\\\/FC9W5H_WQAsp7Gm-640x360-1.jpg\",\"datePublished\":\"2021-10-30T18:28:29+00:00\",\"dateModified\":\"2021-10-30T18:28:32+00:00\",\"breadcrumb\":{\"@id\":\"https:\\\/\\\/fuentesfidedignas.com.mx\\\/index.php\\\/2021\\\/10\\\/30\\\/en-g20-ebrard-plantea-a-oms-reconocer-vacunas-sputnik-y-cansino\\\/#breadcrumb\"},\"inLanguage\":\"es\",\"potentialAction\":[{\"@type\":\"ReadAction\",\"target\":[\"https:\\\/\\\/fuentesfidedignas.com.mx\\\/index.php\\\/2021\\\/10\\\/30\\\/en-g20-ebrard-plantea-a-oms-reconocer-vacunas-sputnik-y-cansino\\\/\"]}]},{\"@type\":\"ImageObject\",\"inLanguage\":\"es\",\"@id\":\"https:\\\/\\\/fuentesfidedignas.com.mx\\\/index.php\\\/2021\\\/10\\\/30\\\/en-g20-ebrard-plantea-a-oms-reconocer-vacunas-sputnik-y-cansino\\\/#primaryimage\",\"url\":\"https:\\\/\\\/fuentesfidedignas.com.mx\\\/wp-content\\\/uploads\\\/2021\\\/10\\\/FC9W5H_WQAsp7Gm-640x360-1.jpg\",\"contentUrl\":\"https:\\\/\\\/fuentesfidedignas.com.mx\\\/wp-content\\\/uploads\\\/2021\\\/10\\\/FC9W5H_WQAsp7Gm-640x360-1.jpg\",\"width\":640,\"height\":360},{\"@type\":\"BreadcrumbList\",\"@id\":\"https:\\\/\\\/fuentesfidedignas.com.mx\\\/index.php\\\/2021\\\/10\\\/30\\\/en-g20-ebrard-plantea-a-oms-reconocer-vacunas-sputnik-y-cansino\\\/#breadcrumb\",\"itemListElement\":[{\"@type\":\"ListItem\",\"position\":1,\"name\":\"Inicio\",\"item\":\"https:\\\/\\\/fuentesfidedignas.com.mx\\\/\"},{\"@type\":\"ListItem\",\"position\":2,\"name\":\"En G20, Ebrard plantea a OMS reconocer vacunas Sputnik y CanSino\"}]},{\"@type\":\"WebSite\",\"@id\":\"https:\\\/\\\/fuentesfidedignas.com.mx\\\/#website\",\"url\":\"https:\\\/\\\/fuentesfidedignas.com.mx\\\/\",\"name\":\"Fuentes Fidedignas\",\"description\":\"Otro sitio realizado con WordPress\",\"publisher\":{\"@id\":\"https:\\\/\\\/fuentesfidedignas.com.mx\\\/#organization\"},\"potentialAction\":[{\"@type\":\"SearchAction\",\"target\":{\"@type\":\"EntryPoint\",\"urlTemplate\":\"https:\\\/\\\/fuentesfidedignas.com.mx\\\/?s={search_term_string}\"},\"query-input\":{\"@type\":\"PropertyValueSpecification\",\"valueRequired\":true,\"valueName\":\"search_term_string\"}}],\"inLanguage\":\"es\"},{\"@type\":\"Organization\",\"@id\":\"https:\\\/\\\/fuentesfidedignas.com.mx\\\/#organization\",\"name\":\"Fuentes Fidedignas\",\"url\":\"https:\\\/\\\/fuentesfidedignas.com.mx\\\/\",\"logo\":{\"@type\":\"ImageObject\",\"inLanguage\":\"es\",\"@id\":\"https:\\\/\\\/fuentesfidedignas.com.mx\\\/#\\\/schema\\\/logo\\\/image\\\/\",\"url\":\"https:\\\/\\\/fuentesfidedignas.com.mx\\\/wp-content\\\/uploads\\\/2021\\\/04\\\/logo-retina.png\",\"contentUrl\":\"https:\\\/\\\/fuentesfidedignas.com.mx\\\/wp-content\\\/uploads\\\/2021\\\/04\\\/logo-retina.png\",\"width\":280,\"height\":51,\"caption\":\"Fuentes Fidedignas\"},\"image\":{\"@id\":\"https:\\\/\\\/fuentesfidedignas.com.mx\\\/#\\\/schema\\\/logo\\\/image\\\/\"},\"sameAs\":[\"https:\\\/\\\/www.facebook.com\\\/Fuentes-Fidedignas-368234489921644\",\"https:\\\/\\\/x.com\\\/fidedignas\"]},{\"@type\":\"Person\",\"@id\":\"https:\\\/\\\/fuentesfidedignas.com.mx\\\/#\\\/schema\\\/person\\\/5623d53fe2e579d825b1679734abcc44\",\"name\":\"Forbes\",\"image\":{\"@type\":\"ImageObject\",\"inLanguage\":\"es\",\"@id\":\"https:\\\/\\\/secure.gravatar.com\\\/avatar\\\/87ce3dd4e41e60c22a79c758614f01a6bc2469255fc936ec7b15efb9bb5cb66f?s=96&d=mm&r=g\",\"url\":\"https:\\\/\\\/secure.gravatar.com\\\/avatar\\\/87ce3dd4e41e60c22a79c758614f01a6bc2469255fc936ec7b15efb9bb5cb66f?s=96&d=mm&r=g\",\"contentUrl\":\"https:\\\/\\\/secure.gravatar.com\\\/avatar\\\/87ce3dd4e41e60c22a79c758614f01a6bc2469255fc936ec7b15efb9bb5cb66f?s=96&d=mm&r=g\",\"caption\":\"Forbes\"},\"url\":\"https:\\\/\\\/fuentesfidedignas.com.mx\\\/index.php\\\/author\\\/forbes\\\/\"}]}<\/script>\n<!-- \/ Yoast SEO plugin. -->","yoast_head_json":{"title":"En G20, Ebrard plantea a OMS reconocer vacunas Sputnik y CanSino - Fuentes Fidedignas","robots":{"index":"index","follow":"follow","max-snippet":"max-snippet:-1","max-image-preview":"max-image-preview:large","max-video-preview":"max-video-preview:-1"},"canonical":"https:\/\/fuentesfidedignas.com.mx\/index.php\/2021\/10\/30\/en-g20-ebrard-plantea-a-oms-reconocer-vacunas-sputnik-y-cansino\/","og_locale":"es_MX","og_type":"article","og_title":"En G20, Ebrard plantea a OMS reconocer vacunas Sputnik y CanSino - Fuentes Fidedignas","og_description":"El canciller Marcelo Ebrard felicit\u00f3 la OMS por su labor durante la pandemia y plante\u00f3 la urgencia de aprobar vacunas como Sputnik y CanSino. Ciudad de M\u00e9xico. Al participar en la cumbre del G20, en Roma, Italia, el canciller Marcelo Ebrard Casaub\u00f3n plante\u00f3 al director general de la Organizaci\u00f3n Mundial de la Salud (OMS), Tedros [&hellip;]","og_url":"https:\/\/fuentesfidedignas.com.mx\/index.php\/2021\/10\/30\/en-g20-ebrard-plantea-a-oms-reconocer-vacunas-sputnik-y-cansino\/","og_site_name":"Fuentes Fidedignas","article_publisher":"https:\/\/www.facebook.com\/Fuentes-Fidedignas-368234489921644","article_published_time":"2021-10-30T18:28:29+00:00","article_modified_time":"2021-10-30T18:28:32+00:00","og_image":[{"width":640,"height":360,"url":"https:\/\/fuentesfidedignas.com.mx\/wp-content\/uploads\/2021\/10\/FC9W5H_WQAsp7Gm-640x360-1.jpg","type":"image\/jpeg"}],"author":"Forbes","twitter_card":"summary_large_image","twitter_creator":"@fidedignas","twitter_site":"@fidedignas","twitter_misc":{"Escrito por":"Forbes","Tiempo de lectura":"2 minutos"},"schema":{"@context":"https:\/\/schema.org","@graph":[{"@type":"Article","@id":"https:\/\/fuentesfidedignas.com.mx\/index.php\/2021\/10\/30\/en-g20-ebrard-plantea-a-oms-reconocer-vacunas-sputnik-y-cansino\/#article","isPartOf":{"@id":"https:\/\/fuentesfidedignas.com.mx\/index.php\/2021\/10\/30\/en-g20-ebrard-plantea-a-oms-reconocer-vacunas-sputnik-y-cansino\/"},"author":{"name":"Forbes","@id":"https:\/\/fuentesfidedignas.com.mx\/#\/schema\/person\/5623d53fe2e579d825b1679734abcc44"},"headline":"En G20, Ebrard plantea a OMS reconocer vacunas Sputnik y CanSino","datePublished":"2021-10-30T18:28:29+00:00","dateModified":"2021-10-30T18:28:32+00:00","mainEntityOfPage":{"@id":"https:\/\/fuentesfidedignas.com.mx\/index.php\/2021\/10\/30\/en-g20-ebrard-plantea-a-oms-reconocer-vacunas-sputnik-y-cansino\/"},"wordCount":353,"commentCount":0,"publisher":{"@id":"https:\/\/fuentesfidedignas.com.mx\/#organization"},"image":{"@id":"https:\/\/fuentesfidedignas.com.mx\/index.php\/2021\/10\/30\/en-g20-ebrard-plantea-a-oms-reconocer-vacunas-sputnik-y-cansino\/#primaryimage"},"thumbnailUrl":"https:\/\/fuentesfidedignas.com.mx\/wp-content\/uploads\/2021\/10\/FC9W5H_WQAsp7Gm-640x360-1.jpg","articleSection":["NOTICIAS NACIONALES"],"inLanguage":"es","potentialAction":[{"@type":"CommentAction","name":"Comment","target":["https:\/\/fuentesfidedignas.com.mx\/index.php\/2021\/10\/30\/en-g20-ebrard-plantea-a-oms-reconocer-vacunas-sputnik-y-cansino\/#respond"]}]},{"@type":"WebPage","@id":"https:\/\/fuentesfidedignas.com.mx\/index.php\/2021\/10\/30\/en-g20-ebrard-plantea-a-oms-reconocer-vacunas-sputnik-y-cansino\/","url":"https:\/\/fuentesfidedignas.com.mx\/index.php\/2021\/10\/30\/en-g20-ebrard-plantea-a-oms-reconocer-vacunas-sputnik-y-cansino\/","name":"En G20, Ebrard plantea a OMS reconocer vacunas Sputnik y CanSino - Fuentes Fidedignas","isPartOf":{"@id":"https:\/\/fuentesfidedignas.com.mx\/#website"},"primaryImageOfPage":{"@id":"https:\/\/fuentesfidedignas.com.mx\/index.php\/2021\/10\/30\/en-g20-ebrard-plantea-a-oms-reconocer-vacunas-sputnik-y-cansino\/#primaryimage"},"image":{"@id":"https:\/\/fuentesfidedignas.com.mx\/index.php\/2021\/10\/30\/en-g20-ebrard-plantea-a-oms-reconocer-vacunas-sputnik-y-cansino\/#primaryimage"},"thumbnailUrl":"https:\/\/fuentesfidedignas.com.mx\/wp-content\/uploads\/2021\/10\/FC9W5H_WQAsp7Gm-640x360-1.jpg","datePublished":"2021-10-30T18:28:29+00:00","dateModified":"2021-10-30T18:28:32+00:00","breadcrumb":{"@id":"https:\/\/fuentesfidedignas.com.mx\/index.php\/2021\/10\/30\/en-g20-ebrard-plantea-a-oms-reconocer-vacunas-sputnik-y-cansino\/#breadcrumb"},"inLanguage":"es","potentialAction":[{"@type":"ReadAction","target":["https:\/\/fuentesfidedignas.com.mx\/index.php\/2021\/10\/30\/en-g20-ebrard-plantea-a-oms-reconocer-vacunas-sputnik-y-cansino\/"]}]},{"@type":"ImageObject","inLanguage":"es","@id":"https:\/\/fuentesfidedignas.com.mx\/index.php\/2021\/10\/30\/en-g20-ebrard-plantea-a-oms-reconocer-vacunas-sputnik-y-cansino\/#primaryimage","url":"https:\/\/fuentesfidedignas.com.mx\/wp-content\/uploads\/2021\/10\/FC9W5H_WQAsp7Gm-640x360-1.jpg","contentUrl":"https:\/\/fuentesfidedignas.com.mx\/wp-content\/uploads\/2021\/10\/FC9W5H_WQAsp7Gm-640x360-1.jpg","width":640,"height":360},{"@type":"BreadcrumbList","@id":"https:\/\/fuentesfidedignas.com.mx\/index.php\/2021\/10\/30\/en-g20-ebrard-plantea-a-oms-reconocer-vacunas-sputnik-y-cansino\/#breadcrumb","itemListElement":[{"@type":"ListItem","position":1,"name":"Inicio","item":"https:\/\/fuentesfidedignas.com.mx\/"},{"@type":"ListItem","position":2,"name":"En G20, Ebrard plantea a OMS reconocer vacunas Sputnik y CanSino"}]},{"@type":"WebSite","@id":"https:\/\/fuentesfidedignas.com.mx\/#website","url":"https:\/\/fuentesfidedignas.com.mx\/","name":"Fuentes Fidedignas","description":"Otro sitio realizado con WordPress","publisher":{"@id":"https:\/\/fuentesfidedignas.com.mx\/#organization"},"potentialAction":[{"@type":"SearchAction","target":{"@type":"EntryPoint","urlTemplate":"https:\/\/fuentesfidedignas.com.mx\/?s={search_term_string}"},"query-input":{"@type":"PropertyValueSpecification","valueRequired":true,"valueName":"search_term_string"}}],"inLanguage":"es"},{"@type":"Organization","@id":"https:\/\/fuentesfidedignas.com.mx\/#organization","name":"Fuentes Fidedignas","url":"https:\/\/fuentesfidedignas.com.mx\/","logo":{"@type":"ImageObject","inLanguage":"es","@id":"https:\/\/fuentesfidedignas.com.mx\/#\/schema\/logo\/image\/","url":"https:\/\/fuentesfidedignas.com.mx\/wp-content\/uploads\/2021\/04\/logo-retina.png","contentUrl":"https:\/\/fuentesfidedignas.com.mx\/wp-content\/uploads\/2021\/04\/logo-retina.png","width":280,"height":51,"caption":"Fuentes Fidedignas"},"image":{"@id":"https:\/\/fuentesfidedignas.com.mx\/#\/schema\/logo\/image\/"},"sameAs":["https:\/\/www.facebook.com\/Fuentes-Fidedignas-368234489921644","https:\/\/x.com\/fidedignas"]},{"@type":"Person","@id":"https:\/\/fuentesfidedignas.com.mx\/#\/schema\/person\/5623d53fe2e579d825b1679734abcc44","name":"Forbes","image":{"@type":"ImageObject","inLanguage":"es","@id":"https:\/\/secure.gravatar.com\/avatar\/87ce3dd4e41e60c22a79c758614f01a6bc2469255fc936ec7b15efb9bb5cb66f?s=96&d=mm&r=g","url":"https:\/\/secure.gravatar.com\/avatar\/87ce3dd4e41e60c22a79c758614f01a6bc2469255fc936ec7b15efb9bb5cb66f?s=96&d=mm&r=g","contentUrl":"https:\/\/secure.gravatar.com\/avatar\/87ce3dd4e41e60c22a79c758614f01a6bc2469255fc936ec7b15efb9bb5cb66f?s=96&d=mm&r=g","caption":"Forbes"},"url":"https:\/\/fuentesfidedignas.com.mx\/index.php\/author\/forbes\/"}]}},"_links":{"self":[{"href":"https:\/\/fuentesfidedignas.com.mx\/index.php\/wp-json\/wp\/v2\/posts\/16300","targetHints":{"allow":["GET"]}}],"collection":[{"href":"https:\/\/fuentesfidedignas.com.mx\/index.php\/wp-json\/wp\/v2\/posts"}],"about":[{"href":"https:\/\/fuentesfidedignas.com.mx\/index.php\/wp-json\/wp\/v2\/types\/post"}],"author":[{"embeddable":true,"href":"https:\/\/fuentesfidedignas.com.mx\/index.php\/wp-json\/wp\/v2\/users\/5"}],"replies":[{"embeddable":true,"href":"https:\/\/fuentesfidedignas.com.mx\/index.php\/wp-json\/wp\/v2\/comments?post=16300"}],"version-history":[{"count":1,"href":"https:\/\/fuentesfidedignas.com.mx\/index.php\/wp-json\/wp\/v2\/posts\/16300\/revisions"}],"predecessor-version":[{"id":16302,"href":"https:\/\/fuentesfidedignas.com.mx\/index.php\/wp-json\/wp\/v2\/posts\/16300\/revisions\/16302"}],"wp:featuredmedia":[{"embeddable":true,"href":"https:\/\/fuentesfidedignas.com.mx\/index.php\/wp-json\/wp\/v2\/media\/16301"}],"wp:attachment":[{"href":"https:\/\/fuentesfidedignas.com.mx\/index.php\/wp-json\/wp\/v2\/media?parent=16300"}],"wp:term":[{"taxonomy":"category","embeddable":true,"href":"https:\/\/fuentesfidedignas.com.mx\/index.php\/wp-json\/wp\/v2\/categories?post=16300"},{"taxonomy":"post_tag","embeddable":true,"href":"https:\/\/fuentesfidedignas.com.mx\/index.php\/wp-json\/wp\/v2\/tags?post=16300"}],"curies":[{"name":"wp","href":"https:\/\/api.w.org\/{rel}","templated":true}]}}