{"id":16267,"date":"2021-10-30T00:18:00","date_gmt":"2021-10-30T07:18:00","guid":{"rendered":"https:\/\/fuentesfidedignas.com.mx\/?p=16267"},"modified":"2021-10-29T17:22:32","modified_gmt":"2021-10-30T00:22:32","slug":"depresion-como-identificarla-y-tratarla-adecuadamente","status":"publish","type":"post","link":"https:\/\/fuentesfidedignas.com.mx\/index.php\/2021\/10\/30\/depresion-como-identificarla-y-tratarla-adecuadamente\/","title":{"rendered":"Depresi\u00f3n: \u00bfc\u00f3mo identificarla y tratarla adecuadamente?"},"content":{"rendered":"\n<p><strong><em>Este padecimiento, que ven\u00eda creciendo en todo el mundo, aument\u00f3 de forma considerable debido a la pandemia de Covid-19.<\/em><\/strong><\/p>\n\n\n\n<p>La presi\u00f3n por ser exitoso, as\u00ed como distintos factores sociales, ambientales y familiares ha provocado que la\u00a0depresi\u00f3n sea conocida como la enfermedad del siglo XXI.\u00a0Un padecimiento de\u00a0salud mental\u00a0que se recrudeci\u00f3 a\u00fan m\u00e1s a partir de la pandemia por Covid-19.<\/p>\n\n\n\n<p>\u00c9sta no se trata solamente de un\u00a0estado de tristeza\u00a0que mejor al d\u00eda siguiente con s\u00f3lo dormir o ir a dar un paseo al parque; por el contrario, es un\u00a0trastorno\u00a0que se va haciendo m\u00e1s profundo si no se trata adecuadamente e, incluso, en casos extremos puede\u00a0conducir al suicidio.<\/p>\n\n\n\n<p>Por esta raz\u00f3n el s\u00f3lo intentar\u00a0darle \u00e1nimo a una persona\u00a0con\u00a0depresi\u00f3n,\u00a0mediante palabras de aliento, dif\u00edcilmente tendr\u00e1n un efecto positivo. Lo que realmente se requiere es la\u00a0intervenci\u00f3n de profesionales de la salud\u00a0que la traten por medio de\u00a0terapia psicol\u00f3gica y antidepresivos.<\/p>\n\n\n\n<figure class=\"wp-block-image\"><img decoding=\"async\" src=\"https:\/\/cdn.forbes.com.mx\/2021\/10\/depresion-uno-1024x682.jpg\" alt=\"depresi\u00f3n\" class=\"wp-image-887495\" title=\"hombre con playera verde que puede padecer depresi\u00f3n\"\/><figcaption>Foto: Peggy und Marco Lachmann-Anke\/Pixabay.<\/figcaption><\/figure>\n\n\n\n<p>Estos medicamentos \u201crepresentan una\u00a0opci\u00f3n de tratamiento\u00a0para la\u00a0depresi\u00f3n\u00a0efectiva segura y de r\u00e1pido efecto, ya que en dos semanas habitualmente se observan\u00a0diferencias notables en el bienestar de la persona\u201d, explica Felipe V\u00e1zquez, gerente m\u00e9dico para el Sistema Nervioso Central en GSK M\u00e9xico, a trav\u00e9s un comunicado.<\/p>\n\n\n\n<p>Ante una persona con\u00a0depresi\u00f3n\u00a0esta es la v\u00eda correcta si realmente quieres ayudarla a superar esta condici\u00f3n. Las frases de aliento de poco o nada sirven para superar este\u00a0problema de salud mental,\u00a0el cual puede incapacitar al individuo para llevar a cabo su vida con normalidad.<\/p>\n\n\n\n<figure class=\"wp-block-image\"><img decoding=\"async\" src=\"https:\/\/cdn.forbes.com.mx\/2021\/10\/depresion-salud-mental-1024x678.jpg\" alt=\"Salud mental\" class=\"wp-image-887498\" title=\"hombre junto a una ventana con lluvia a fuera una imagen representativa de la depresi\u00f3n y los problemas de salud mental\"\/><figcaption>Foto: PublicDomainPictures\/Pixabay.<\/figcaption><\/figure>\n\n\n\n<h3 class=\"wp-block-heading\" id=\"h-c-mo-saber-si-una-persona-tiene-depresi-n\">\u00bfC\u00f3mo saber si una persona tiene depresi\u00f3n?<\/h3>\n\n\n\n<p>Quienes sufren esta condici\u00f3n pueden presentar algunos s\u00edntomas como\u00a0tensi\u00f3n muscular, molestias y dolores. \u201cAdem\u00e1s, inquietud, incapacidad para concentrarse, falta de sue\u00f1o,\u00a0fatiga cr\u00f3nica\u00a0y cambios en el peso corporal\u201d, se\u00f1ala Maritza Figueroa, neuropsic\u00f3loga del Hospital Houston Methodist, mediante un comunicado.<\/p>\n\n\n\n<p>Algunos otros\u00a0s\u00edntomas\u00a0a lo cuales se debe estar atento son:<\/p>\n\n\n\n<ul class=\"wp-block-list\"><li>Tristeza,\u00a0ansiedad o vac\u00edo persistente.<\/li><li>Desesperanza o pesimismo.<\/li><li>Irritabilidad.<\/li><li>Energ\u00eda disminuida.<\/li><li>Pensamientos de muerte o suicidio.<\/li><li>Movimiento y habla en un ritmo lento.<\/li><\/ul>\n\n\n\n<figure class=\"wp-block-image\"><img decoding=\"async\" src=\"https:\/\/cdn.forbes.com.mx\/2021\/10\/salud-mental--1024x678.jpg\" alt=\"salud mental\" class=\"wp-image-887503\" title=\"personas haciendo ejercicio en un parque una recomendaci\u00f3n para prevenir la depresi\u00f3n\"\/><figcaption>Foto: Stan Petersen\/ Pixabay.<\/figcaption><\/figure>\n\n\n\n<p>Algunas\u00a0recomendaciones\u00a0que puedes seguir para tratar de prevenirla o favorecer una salida m\u00e1s r\u00e1pida de este\u00a0padecimiento de salud mental\u00a0son:<\/p>\n\n\n\n<p>Realizar distintas\u00a0actividades que te permitan distraerte, evitar los pensamientos negativos y darle un nuevo prop\u00f3sito a la vida. De igual forma,\u00a0llevar una rutina\u00a0permitir\u00e1 tener un d\u00eda m\u00e1s estructurado en donde se incluya tiempo para el cuidado y\u00a0aseo personal, as\u00ed como distracciones sanas.<\/p>\n\n\n\n<p>Hacer ejercicio\u00a0de forma cotidiana tambi\u00e9n ayudar\u00e1 a favorecer la\u00a0salud mental y f\u00edsica.<\/p>\n\n\n\n<p><\/p>\n\n\n\n<figure class=\"wp-block-image\"><img decoding=\"async\" src=\"https:\/\/cdn.forbes.com.mx\/2021\/10\/depresion-cuatro-1024x682.jpg\" alt=\"Depresi\u00f3n\" class=\"wp-image-887508\" title=\"pareja riendo, una s\u00edntoma de no padecer depresi\u00f3n\"\/><figcaption>Foto: Free-Photos\/ Pixabay.<\/figcaption><\/figure>\n\n\n\n<p>Pero si realmente te encuentras en un estado que no mejora con el paso de los d\u00edas o conoces a una persona que puede padecer\u00a0depresi\u00f3n, la mejor\u00a0recomendaci\u00f3n\u00a0es acercarse a los\u00a0profesionales de la salud\u00a0para que sean ellos quienes traten esta enfermedad de forma adecuada<\/p>\n","protected":false},"excerpt":{"rendered":"<p>Este padecimiento, que ven\u00eda creciendo en todo el mundo, aument\u00f3 de forma considerable debido a la pandemia de Covid-19. La presi\u00f3n por ser exitoso, as\u00ed como distintos factores sociales, ambientales y familiares ha provocado que la\u00a0depresi\u00f3n sea conocida como la enfermedad del siglo XXI.\u00a0Un padecimiento de\u00a0salud mental\u00a0que se recrudeci\u00f3 a\u00fan m\u00e1s a partir de la [&hellip;]<\/p>\n","protected":false},"author":5,"featured_media":16268,"comment_status":"open","ping_status":"open","sticky":false,"template":"","format":"standard","meta":{"tdm_status":"","tdm_grid_status":"","footnotes":""},"categories":[41,19],"tags":[],"class_list":{"0":"post-16267","1":"post","2":"type-post","3":"status-publish","4":"format-standard","5":"has-post-thumbnail","7":"category-review-magazine","8":"category-reviews"},"yoast_head":"<!-- This site is optimized with the Yoast SEO plugin v27.5 - https:\/\/yoast.com\/product\/yoast-seo-wordpress\/ -->\n<title>Depresi\u00f3n: \u00bfc\u00f3mo identificarla y tratarla adecuadamente? - Fuentes Fidedignas<\/title>\n<meta name=\"robots\" content=\"index, follow, max-snippet:-1, max-image-preview:large, max-video-preview:-1\" \/>\n<link rel=\"canonical\" href=\"https:\/\/fuentesfidedignas.com.mx\/index.php\/2021\/10\/30\/depresion-como-identificarla-y-tratarla-adecuadamente\/\" \/>\n<meta property=\"og:locale\" content=\"es_MX\" \/>\n<meta property=\"og:type\" content=\"article\" \/>\n<meta property=\"og:title\" content=\"Depresi\u00f3n: \u00bfc\u00f3mo identificarla y tratarla adecuadamente? - Fuentes Fidedignas\" \/>\n<meta property=\"og:description\" content=\"Este padecimiento, que ven\u00eda creciendo en todo el mundo, aument\u00f3 de forma considerable debido a la pandemia de Covid-19. La presi\u00f3n por ser exitoso, as\u00ed como distintos factores sociales, ambientales y familiares ha provocado que la\u00a0depresi\u00f3n sea conocida como la enfermedad del siglo XXI.\u00a0Un padecimiento de\u00a0salud mental\u00a0que se recrudeci\u00f3 a\u00fan m\u00e1s a partir de la [&hellip;]\" \/>\n<meta property=\"og:url\" content=\"https:\/\/fuentesfidedignas.com.mx\/index.php\/2021\/10\/30\/depresion-como-identificarla-y-tratarla-adecuadamente\/\" \/>\n<meta property=\"og:site_name\" content=\"Fuentes Fidedignas\" \/>\n<meta property=\"article:publisher\" content=\"https:\/\/www.facebook.com\/Fuentes-Fidedignas-368234489921644\" \/>\n<meta property=\"article:published_time\" content=\"2021-10-30T07:18:00+00:00\" \/>\n<meta property=\"og:image\" content=\"https:\/\/fuentesfidedignas.com.mx\/wp-content\/uploads\/2021\/10\/depresion-fibromialgia.jpg\" \/>\n\t<meta property=\"og:image:width\" content=\"727\" \/>\n\t<meta property=\"og:image:height\" content=\"478\" \/>\n\t<meta property=\"og:image:type\" content=\"image\/jpeg\" \/>\n<meta name=\"author\" content=\"Forbes\" \/>\n<meta name=\"twitter:card\" content=\"summary_large_image\" \/>\n<meta name=\"twitter:creator\" content=\"@fidedignas\" \/>\n<meta name=\"twitter:site\" content=\"@fidedignas\" \/>\n<meta name=\"twitter:label1\" content=\"Escrito por\" \/>\n\t<meta name=\"twitter:data1\" content=\"Forbes\" \/>\n\t<meta name=\"twitter:label2\" content=\"Tiempo de lectura\" \/>\n\t<meta name=\"twitter:data2\" content=\"3 minutos\" \/>\n<script type=\"application\/ld+json\" class=\"yoast-schema-graph\">{\"@context\":\"https:\\\/\\\/schema.org\",\"@graph\":[{\"@type\":\"Article\",\"@id\":\"https:\\\/\\\/fuentesfidedignas.com.mx\\\/index.php\\\/2021\\\/10\\\/30\\\/depresion-como-identificarla-y-tratarla-adecuadamente\\\/#article\",\"isPartOf\":{\"@id\":\"https:\\\/\\\/fuentesfidedignas.com.mx\\\/index.php\\\/2021\\\/10\\\/30\\\/depresion-como-identificarla-y-tratarla-adecuadamente\\\/\"},\"author\":{\"name\":\"Forbes\",\"@id\":\"https:\\\/\\\/fuentesfidedignas.com.mx\\\/#\\\/schema\\\/person\\\/5623d53fe2e579d825b1679734abcc44\"},\"headline\":\"Depresi\u00f3n: \u00bfc\u00f3mo identificarla y tratarla adecuadamente?\",\"datePublished\":\"2021-10-30T07:18:00+00:00\",\"mainEntityOfPage\":{\"@id\":\"https:\\\/\\\/fuentesfidedignas.com.mx\\\/index.php\\\/2021\\\/10\\\/30\\\/depresion-como-identificarla-y-tratarla-adecuadamente\\\/\"},\"wordCount\":540,\"commentCount\":0,\"publisher\":{\"@id\":\"https:\\\/\\\/fuentesfidedignas.com.mx\\\/#organization\"},\"image\":{\"@id\":\"https:\\\/\\\/fuentesfidedignas.com.mx\\\/index.php\\\/2021\\\/10\\\/30\\\/depresion-como-identificarla-y-tratarla-adecuadamente\\\/#primaryimage\"},\"thumbnailUrl\":\"https:\\\/\\\/fuentesfidedignas.com.mx\\\/wp-content\\\/uploads\\\/2021\\\/10\\\/depresion-fibromialgia.jpg\",\"articleSection\":[\"REVIEW MAGAZINE\",\"Reviews\"],\"inLanguage\":\"es\",\"potentialAction\":[{\"@type\":\"CommentAction\",\"name\":\"Comment\",\"target\":[\"https:\\\/\\\/fuentesfidedignas.com.mx\\\/index.php\\\/2021\\\/10\\\/30\\\/depresion-como-identificarla-y-tratarla-adecuadamente\\\/#respond\"]}]},{\"@type\":\"WebPage\",\"@id\":\"https:\\\/\\\/fuentesfidedignas.com.mx\\\/index.php\\\/2021\\\/10\\\/30\\\/depresion-como-identificarla-y-tratarla-adecuadamente\\\/\",\"url\":\"https:\\\/\\\/fuentesfidedignas.com.mx\\\/index.php\\\/2021\\\/10\\\/30\\\/depresion-como-identificarla-y-tratarla-adecuadamente\\\/\",\"name\":\"Depresi\u00f3n: \u00bfc\u00f3mo identificarla y tratarla adecuadamente? - Fuentes Fidedignas\",\"isPartOf\":{\"@id\":\"https:\\\/\\\/fuentesfidedignas.com.mx\\\/#website\"},\"primaryImageOfPage\":{\"@id\":\"https:\\\/\\\/fuentesfidedignas.com.mx\\\/index.php\\\/2021\\\/10\\\/30\\\/depresion-como-identificarla-y-tratarla-adecuadamente\\\/#primaryimage\"},\"image\":{\"@id\":\"https:\\\/\\\/fuentesfidedignas.com.mx\\\/index.php\\\/2021\\\/10\\\/30\\\/depresion-como-identificarla-y-tratarla-adecuadamente\\\/#primaryimage\"},\"thumbnailUrl\":\"https:\\\/\\\/fuentesfidedignas.com.mx\\\/wp-content\\\/uploads\\\/2021\\\/10\\\/depresion-fibromialgia.jpg\",\"datePublished\":\"2021-10-30T07:18:00+00:00\",\"breadcrumb\":{\"@id\":\"https:\\\/\\\/fuentesfidedignas.com.mx\\\/index.php\\\/2021\\\/10\\\/30\\\/depresion-como-identificarla-y-tratarla-adecuadamente\\\/#breadcrumb\"},\"inLanguage\":\"es\",\"potentialAction\":[{\"@type\":\"ReadAction\",\"target\":[\"https:\\\/\\\/fuentesfidedignas.com.mx\\\/index.php\\\/2021\\\/10\\\/30\\\/depresion-como-identificarla-y-tratarla-adecuadamente\\\/\"]}]},{\"@type\":\"ImageObject\",\"inLanguage\":\"es\",\"@id\":\"https:\\\/\\\/fuentesfidedignas.com.mx\\\/index.php\\\/2021\\\/10\\\/30\\\/depresion-como-identificarla-y-tratarla-adecuadamente\\\/#primaryimage\",\"url\":\"https:\\\/\\\/fuentesfidedignas.com.mx\\\/wp-content\\\/uploads\\\/2021\\\/10\\\/depresion-fibromialgia.jpg\",\"contentUrl\":\"https:\\\/\\\/fuentesfidedignas.com.mx\\\/wp-content\\\/uploads\\\/2021\\\/10\\\/depresion-fibromialgia.jpg\",\"width\":727,\"height\":478},{\"@type\":\"BreadcrumbList\",\"@id\":\"https:\\\/\\\/fuentesfidedignas.com.mx\\\/index.php\\\/2021\\\/10\\\/30\\\/depresion-como-identificarla-y-tratarla-adecuadamente\\\/#breadcrumb\",\"itemListElement\":[{\"@type\":\"ListItem\",\"position\":1,\"name\":\"Inicio\",\"item\":\"https:\\\/\\\/fuentesfidedignas.com.mx\\\/\"},{\"@type\":\"ListItem\",\"position\":2,\"name\":\"Depresi\u00f3n: \u00bfc\u00f3mo identificarla y tratarla adecuadamente?\"}]},{\"@type\":\"WebSite\",\"@id\":\"https:\\\/\\\/fuentesfidedignas.com.mx\\\/#website\",\"url\":\"https:\\\/\\\/fuentesfidedignas.com.mx\\\/\",\"name\":\"Fuentes Fidedignas\",\"description\":\"Otro sitio realizado con WordPress\",\"publisher\":{\"@id\":\"https:\\\/\\\/fuentesfidedignas.com.mx\\\/#organization\"},\"potentialAction\":[{\"@type\":\"SearchAction\",\"target\":{\"@type\":\"EntryPoint\",\"urlTemplate\":\"https:\\\/\\\/fuentesfidedignas.com.mx\\\/?s={search_term_string}\"},\"query-input\":{\"@type\":\"PropertyValueSpecification\",\"valueRequired\":true,\"valueName\":\"search_term_string\"}}],\"inLanguage\":\"es\"},{\"@type\":\"Organization\",\"@id\":\"https:\\\/\\\/fuentesfidedignas.com.mx\\\/#organization\",\"name\":\"Fuentes Fidedignas\",\"url\":\"https:\\\/\\\/fuentesfidedignas.com.mx\\\/\",\"logo\":{\"@type\":\"ImageObject\",\"inLanguage\":\"es\",\"@id\":\"https:\\\/\\\/fuentesfidedignas.com.mx\\\/#\\\/schema\\\/logo\\\/image\\\/\",\"url\":\"https:\\\/\\\/fuentesfidedignas.com.mx\\\/wp-content\\\/uploads\\\/2021\\\/04\\\/logo-retina.png\",\"contentUrl\":\"https:\\\/\\\/fuentesfidedignas.com.mx\\\/wp-content\\\/uploads\\\/2021\\\/04\\\/logo-retina.png\",\"width\":280,\"height\":51,\"caption\":\"Fuentes Fidedignas\"},\"image\":{\"@id\":\"https:\\\/\\\/fuentesfidedignas.com.mx\\\/#\\\/schema\\\/logo\\\/image\\\/\"},\"sameAs\":[\"https:\\\/\\\/www.facebook.com\\\/Fuentes-Fidedignas-368234489921644\",\"https:\\\/\\\/x.com\\\/fidedignas\"]},{\"@type\":\"Person\",\"@id\":\"https:\\\/\\\/fuentesfidedignas.com.mx\\\/#\\\/schema\\\/person\\\/5623d53fe2e579d825b1679734abcc44\",\"name\":\"Forbes\",\"image\":{\"@type\":\"ImageObject\",\"inLanguage\":\"es\",\"@id\":\"https:\\\/\\\/secure.gravatar.com\\\/avatar\\\/87ce3dd4e41e60c22a79c758614f01a6bc2469255fc936ec7b15efb9bb5cb66f?s=96&d=mm&r=g\",\"url\":\"https:\\\/\\\/secure.gravatar.com\\\/avatar\\\/87ce3dd4e41e60c22a79c758614f01a6bc2469255fc936ec7b15efb9bb5cb66f?s=96&d=mm&r=g\",\"contentUrl\":\"https:\\\/\\\/secure.gravatar.com\\\/avatar\\\/87ce3dd4e41e60c22a79c758614f01a6bc2469255fc936ec7b15efb9bb5cb66f?s=96&d=mm&r=g\",\"caption\":\"Forbes\"},\"url\":\"https:\\\/\\\/fuentesfidedignas.com.mx\\\/index.php\\\/author\\\/forbes\\\/\"}]}<\/script>\n<!-- \/ Yoast SEO plugin. -->","yoast_head_json":{"title":"Depresi\u00f3n: \u00bfc\u00f3mo identificarla y tratarla adecuadamente? - Fuentes Fidedignas","robots":{"index":"index","follow":"follow","max-snippet":"max-snippet:-1","max-image-preview":"max-image-preview:large","max-video-preview":"max-video-preview:-1"},"canonical":"https:\/\/fuentesfidedignas.com.mx\/index.php\/2021\/10\/30\/depresion-como-identificarla-y-tratarla-adecuadamente\/","og_locale":"es_MX","og_type":"article","og_title":"Depresi\u00f3n: \u00bfc\u00f3mo identificarla y tratarla adecuadamente? - Fuentes Fidedignas","og_description":"Este padecimiento, que ven\u00eda creciendo en todo el mundo, aument\u00f3 de forma considerable debido a la pandemia de Covid-19. La presi\u00f3n por ser exitoso, as\u00ed como distintos factores sociales, ambientales y familiares ha provocado que la\u00a0depresi\u00f3n sea conocida como la enfermedad del siglo XXI.\u00a0Un padecimiento de\u00a0salud mental\u00a0que se recrudeci\u00f3 a\u00fan m\u00e1s a partir de la [&hellip;]","og_url":"https:\/\/fuentesfidedignas.com.mx\/index.php\/2021\/10\/30\/depresion-como-identificarla-y-tratarla-adecuadamente\/","og_site_name":"Fuentes Fidedignas","article_publisher":"https:\/\/www.facebook.com\/Fuentes-Fidedignas-368234489921644","article_published_time":"2021-10-30T07:18:00+00:00","og_image":[{"width":727,"height":478,"url":"https:\/\/fuentesfidedignas.com.mx\/wp-content\/uploads\/2021\/10\/depresion-fibromialgia.jpg","type":"image\/jpeg"}],"author":"Forbes","twitter_card":"summary_large_image","twitter_creator":"@fidedignas","twitter_site":"@fidedignas","twitter_misc":{"Escrito por":"Forbes","Tiempo de lectura":"3 minutos"},"schema":{"@context":"https:\/\/schema.org","@graph":[{"@type":"Article","@id":"https:\/\/fuentesfidedignas.com.mx\/index.php\/2021\/10\/30\/depresion-como-identificarla-y-tratarla-adecuadamente\/#article","isPartOf":{"@id":"https:\/\/fuentesfidedignas.com.mx\/index.php\/2021\/10\/30\/depresion-como-identificarla-y-tratarla-adecuadamente\/"},"author":{"name":"Forbes","@id":"https:\/\/fuentesfidedignas.com.mx\/#\/schema\/person\/5623d53fe2e579d825b1679734abcc44"},"headline":"Depresi\u00f3n: \u00bfc\u00f3mo identificarla y tratarla adecuadamente?","datePublished":"2021-10-30T07:18:00+00:00","mainEntityOfPage":{"@id":"https:\/\/fuentesfidedignas.com.mx\/index.php\/2021\/10\/30\/depresion-como-identificarla-y-tratarla-adecuadamente\/"},"wordCount":540,"commentCount":0,"publisher":{"@id":"https:\/\/fuentesfidedignas.com.mx\/#organization"},"image":{"@id":"https:\/\/fuentesfidedignas.com.mx\/index.php\/2021\/10\/30\/depresion-como-identificarla-y-tratarla-adecuadamente\/#primaryimage"},"thumbnailUrl":"https:\/\/fuentesfidedignas.com.mx\/wp-content\/uploads\/2021\/10\/depresion-fibromialgia.jpg","articleSection":["REVIEW MAGAZINE","Reviews"],"inLanguage":"es","potentialAction":[{"@type":"CommentAction","name":"Comment","target":["https:\/\/fuentesfidedignas.com.mx\/index.php\/2021\/10\/30\/depresion-como-identificarla-y-tratarla-adecuadamente\/#respond"]}]},{"@type":"WebPage","@id":"https:\/\/fuentesfidedignas.com.mx\/index.php\/2021\/10\/30\/depresion-como-identificarla-y-tratarla-adecuadamente\/","url":"https:\/\/fuentesfidedignas.com.mx\/index.php\/2021\/10\/30\/depresion-como-identificarla-y-tratarla-adecuadamente\/","name":"Depresi\u00f3n: \u00bfc\u00f3mo identificarla y tratarla adecuadamente? - Fuentes Fidedignas","isPartOf":{"@id":"https:\/\/fuentesfidedignas.com.mx\/#website"},"primaryImageOfPage":{"@id":"https:\/\/fuentesfidedignas.com.mx\/index.php\/2021\/10\/30\/depresion-como-identificarla-y-tratarla-adecuadamente\/#primaryimage"},"image":{"@id":"https:\/\/fuentesfidedignas.com.mx\/index.php\/2021\/10\/30\/depresion-como-identificarla-y-tratarla-adecuadamente\/#primaryimage"},"thumbnailUrl":"https:\/\/fuentesfidedignas.com.mx\/wp-content\/uploads\/2021\/10\/depresion-fibromialgia.jpg","datePublished":"2021-10-30T07:18:00+00:00","breadcrumb":{"@id":"https:\/\/fuentesfidedignas.com.mx\/index.php\/2021\/10\/30\/depresion-como-identificarla-y-tratarla-adecuadamente\/#breadcrumb"},"inLanguage":"es","potentialAction":[{"@type":"ReadAction","target":["https:\/\/fuentesfidedignas.com.mx\/index.php\/2021\/10\/30\/depresion-como-identificarla-y-tratarla-adecuadamente\/"]}]},{"@type":"ImageObject","inLanguage":"es","@id":"https:\/\/fuentesfidedignas.com.mx\/index.php\/2021\/10\/30\/depresion-como-identificarla-y-tratarla-adecuadamente\/#primaryimage","url":"https:\/\/fuentesfidedignas.com.mx\/wp-content\/uploads\/2021\/10\/depresion-fibromialgia.jpg","contentUrl":"https:\/\/fuentesfidedignas.com.mx\/wp-content\/uploads\/2021\/10\/depresion-fibromialgia.jpg","width":727,"height":478},{"@type":"BreadcrumbList","@id":"https:\/\/fuentesfidedignas.com.mx\/index.php\/2021\/10\/30\/depresion-como-identificarla-y-tratarla-adecuadamente\/#breadcrumb","itemListElement":[{"@type":"ListItem","position":1,"name":"Inicio","item":"https:\/\/fuentesfidedignas.com.mx\/"},{"@type":"ListItem","position":2,"name":"Depresi\u00f3n: \u00bfc\u00f3mo identificarla y tratarla adecuadamente?"}]},{"@type":"WebSite","@id":"https:\/\/fuentesfidedignas.com.mx\/#website","url":"https:\/\/fuentesfidedignas.com.mx\/","name":"Fuentes Fidedignas","description":"Otro sitio realizado con WordPress","publisher":{"@id":"https:\/\/fuentesfidedignas.com.mx\/#organization"},"potentialAction":[{"@type":"SearchAction","target":{"@type":"EntryPoint","urlTemplate":"https:\/\/fuentesfidedignas.com.mx\/?s={search_term_string}"},"query-input":{"@type":"PropertyValueSpecification","valueRequired":true,"valueName":"search_term_string"}}],"inLanguage":"es"},{"@type":"Organization","@id":"https:\/\/fuentesfidedignas.com.mx\/#organization","name":"Fuentes Fidedignas","url":"https:\/\/fuentesfidedignas.com.mx\/","logo":{"@type":"ImageObject","inLanguage":"es","@id":"https:\/\/fuentesfidedignas.com.mx\/#\/schema\/logo\/image\/","url":"https:\/\/fuentesfidedignas.com.mx\/wp-content\/uploads\/2021\/04\/logo-retina.png","contentUrl":"https:\/\/fuentesfidedignas.com.mx\/wp-content\/uploads\/2021\/04\/logo-retina.png","width":280,"height":51,"caption":"Fuentes Fidedignas"},"image":{"@id":"https:\/\/fuentesfidedignas.com.mx\/#\/schema\/logo\/image\/"},"sameAs":["https:\/\/www.facebook.com\/Fuentes-Fidedignas-368234489921644","https:\/\/x.com\/fidedignas"]},{"@type":"Person","@id":"https:\/\/fuentesfidedignas.com.mx\/#\/schema\/person\/5623d53fe2e579d825b1679734abcc44","name":"Forbes","image":{"@type":"ImageObject","inLanguage":"es","@id":"https:\/\/secure.gravatar.com\/avatar\/87ce3dd4e41e60c22a79c758614f01a6bc2469255fc936ec7b15efb9bb5cb66f?s=96&d=mm&r=g","url":"https:\/\/secure.gravatar.com\/avatar\/87ce3dd4e41e60c22a79c758614f01a6bc2469255fc936ec7b15efb9bb5cb66f?s=96&d=mm&r=g","contentUrl":"https:\/\/secure.gravatar.com\/avatar\/87ce3dd4e41e60c22a79c758614f01a6bc2469255fc936ec7b15efb9bb5cb66f?s=96&d=mm&r=g","caption":"Forbes"},"url":"https:\/\/fuentesfidedignas.com.mx\/index.php\/author\/forbes\/"}]}},"_links":{"self":[{"href":"https:\/\/fuentesfidedignas.com.mx\/index.php\/wp-json\/wp\/v2\/posts\/16267","targetHints":{"allow":["GET"]}}],"collection":[{"href":"https:\/\/fuentesfidedignas.com.mx\/index.php\/wp-json\/wp\/v2\/posts"}],"about":[{"href":"https:\/\/fuentesfidedignas.com.mx\/index.php\/wp-json\/wp\/v2\/types\/post"}],"author":[{"embeddable":true,"href":"https:\/\/fuentesfidedignas.com.mx\/index.php\/wp-json\/wp\/v2\/users\/5"}],"replies":[{"embeddable":true,"href":"https:\/\/fuentesfidedignas.com.mx\/index.php\/wp-json\/wp\/v2\/comments?post=16267"}],"version-history":[{"count":1,"href":"https:\/\/fuentesfidedignas.com.mx\/index.php\/wp-json\/wp\/v2\/posts\/16267\/revisions"}],"predecessor-version":[{"id":16269,"href":"https:\/\/fuentesfidedignas.com.mx\/index.php\/wp-json\/wp\/v2\/posts\/16267\/revisions\/16269"}],"wp:featuredmedia":[{"embeddable":true,"href":"https:\/\/fuentesfidedignas.com.mx\/index.php\/wp-json\/wp\/v2\/media\/16268"}],"wp:attachment":[{"href":"https:\/\/fuentesfidedignas.com.mx\/index.php\/wp-json\/wp\/v2\/media?parent=16267"}],"wp:term":[{"taxonomy":"category","embeddable":true,"href":"https:\/\/fuentesfidedignas.com.mx\/index.php\/wp-json\/wp\/v2\/categories?post=16267"},{"taxonomy":"post_tag","embeddable":true,"href":"https:\/\/fuentesfidedignas.com.mx\/index.php\/wp-json\/wp\/v2\/tags?post=16267"}],"curies":[{"name":"wp","href":"https:\/\/api.w.org\/{rel}","templated":true}]}}