{"id":16139,"date":"2021-10-28T12:28:33","date_gmt":"2021-10-28T19:28:33","guid":{"rendered":"https:\/\/fuentesfidedignas.com.mx\/?p=16139"},"modified":"2021-10-28T12:28:34","modified_gmt":"2021-10-28T19:28:34","slug":"es-oficial-facebook-cambia-de-nombre-la-empresa-ahora-se-llamara-meta","status":"publish","type":"post","link":"https:\/\/fuentesfidedignas.com.mx\/index.php\/2021\/10\/28\/es-oficial-facebook-cambia-de-nombre-la-empresa-ahora-se-llamara-meta\/","title":{"rendered":"Es oficial: Facebook cambia de nombre, la empresa ahora se llamar\u00e1 Meta"},"content":{"rendered":"\n<p><strong><em>A partir de ahora, seremos primero en metaverso, no en Facebook. Eso significa que con el tiempo no se necesitar\u00e1 una cuenta de Facebook para utilizar nuestros otros servicios&#8217;, dijo Zuckerberg en una carta a sus empleados.<\/em><\/strong><\/p>\n\n\n\n<p>Ciudad de M\u00e9xico.- Mark Zuckerberg anunci\u00f3 este jueves que el nuevo nombre del conglomerado que agrupa Facebook, Instagram, Whatsapp y Oculus ahora se llama Meta y mantiene la misma misi\u00f3n: \u201cConectar a la gente\u201d.<\/p>\n\n\n\n<p>\u201cEstoy orgulloso de lo que hemos construido hasta ahora y entusiasmado por lo que vendr\u00e1, cuando vayamos m\u00e1s all\u00e1 de lo que hoy es posible, m\u00e1s all\u00e1 de las limitaciones de las pantallas, m\u00e1s all\u00e1 de los l\u00edmites de la distancia f\u00edsica, y hacia un futuro en el que todos puedan estar presentes entre s\u00ed, crear nuevas oportunidades y vivir nuevas experiencias. Es un futuro m\u00e1s all\u00e1 de cualquier compa\u00f1\u00eda y que construiremos entre todos\u201d, explic\u00f3.<\/p>\n\n\n\n<p>\u201cA partir de ahora, seremos primero en metaverso, no en Facebook. Eso significa que con el tiempo no se necesitar\u00e1 una cuenta de Facebook para utilizar nuestros otros servicios. A medida que nuestra nueva marca comienza a aparecer en nuestros productos, espero que la gente de todo el mundo conozca la marca Meta y el futuro que representamos\u201d, agreg\u00f3 el CEO en una carta dirigida a los empleados de la compa\u00f1\u00eda.<\/p>\n\n\n\n<p>Zuckerberg revel\u00f3 de d\u00f3nde surgi\u00f3 la idea de llamar Meta a todo el conglomerado de sus compa\u00f1\u00edas, vino de sus lecturas de los griegos y es una palabra significativa para \u00e9l.<\/p>\n\n\n\n<p>\u201cSol\u00eda \u200b\u200bestudiar Cl\u00e1sicos, y la palabra \u2018meta\u2019 proviene de la palabra griega que significa \u2018m\u00e1s all\u00e1\u2019. Para m\u00ed, simboliza que siempre hay m\u00e1s para construir, y siempre hay un pr\u00f3ximo cap\u00edtulo de la historia. La nuestra es una historia que comenz\u00f3 en un dormitorio y creci\u00f3 m\u00e1s all\u00e1 de lo que imaginamos; en una familia de aplicaciones que las personas usan para conectarse entre s\u00ed, encontrar su voz y comenzar negocios, comunidades y movimientos que han cambiado el mundo\u201d, revel\u00f3.<\/p>\n\n\n\n<p><strong>Hechos clave<\/strong><br>Facebook cubri\u00f3 un letrero afuera de su sede de Silicon Valley, previo a que el CEO de Facebook, Mark Zuckerberg, anunciara el cambio de nombre para la compa\u00f1\u00eda el jueves por la tarde, esto como un esfuerzo por cambiar el nombre en medio en medio de un fuerte escrutinio sobre las pr\u00e1cticas de la compa\u00f1\u00eda, de acuerdo Bloomberg.<\/p>\n\n\n\n<p>Bloomberg inform\u00f3 que el letrero de la compa\u00f1\u00eda de Facebook se encontraba cubierto con un lienzo temporal adornado con un logotipo de pulgar hacia arriba, ocultando el nombre de Facebook a la vista.<\/p>\n\n\n\n<p>Los guardias de seguridad tambi\u00e9n agregaron una barrera frente al \u00e1rea.<\/p>\n\n\n\n<p>El 19 de octubre pasado, The Verge inform\u00f3 por primera vez los planes de Zuckerberg de anunciar el cambio de nombre anticipado.<\/p>\n\n\n\n<p>El cambio evoca recuerdos de que Google cambi\u00f3 el nombre de su empresa a Alphabet en 2015 para reflejar las empresas comerciales m\u00e1s amplias del gigante de la tecnolog\u00eda.<\/p>\n\n\n\n<p><strong>Tangente<\/strong><br>El cambio de nombre se produce cuando Facebook se enfrente a una presi\u00f3n negativa significativa de documentos internos publicados por un denunciante que ha sido apodado \u201cLos Documentos de Facebook\u201d, que han planteado preguntas sobre c\u00f3mo Facebook ha manejado la informaci\u00f3n err\u00f3nea y las actividades peligrosas en sus plataformas de redes sociales.<\/p>\n\n\n\n<p>Entre las afirmaciones hechas en los documentos se encuentran que Zuckerberg \u201cinterfiri\u00f3\u201d para permitir que las figuras p\u00fablicas eludieran las reglas de la plataforma de redes sociales y que la compa\u00f1\u00eda no hizo lo suficiente para evitar la propagaci\u00f3n de informaci\u00f3n err\u00f3nea sobre la pandemia de Covid-19, las elecciones presidenciales estadounidenses de 2020 y otros eventos mundiales.<\/p>\n\n\n\n<p>De igual forma, Facebook se enfrenta a una demanda antimonopolio de la Comisi\u00f3n Federal de Comercio.<\/p>\n","protected":false},"excerpt":{"rendered":"<p>A partir de ahora, seremos primero en metaverso, no en Facebook. Eso significa que con el tiempo no se necesitar\u00e1 una cuenta de Facebook para utilizar nuestros otros servicios&#8217;, dijo Zuckerberg en una carta a sus empleados. Ciudad de M\u00e9xico.- Mark Zuckerberg anunci\u00f3 este jueves que el nuevo nombre del conglomerado que agrupa Facebook, Instagram, [&hellip;]<\/p>\n","protected":false},"author":5,"featured_media":16140,"comment_status":"open","ping_status":"open","sticky":false,"template":"","format":"standard","meta":{"tdm_status":"","tdm_grid_status":"","footnotes":""},"categories":[39],"tags":[564,2001,2080,566],"class_list":{"0":"post-16139","1":"post","2":"type-post","3":"status-publish","4":"format-standard","5":"has-post-thumbnail","7":"category-noticias-nacionales","8":"tag-facebook","9":"tag-mark-zuckerberg","10":"tag-meta","11":"tag-redes-sociales"},"yoast_head":"<!-- This site is optimized with the Yoast SEO plugin v27.5 - https:\/\/yoast.com\/product\/yoast-seo-wordpress\/ -->\n<title>Es oficial: Facebook cambia de nombre, la empresa ahora se llamar\u00e1 Meta - Fuentes Fidedignas<\/title>\n<meta name=\"robots\" content=\"index, follow, max-snippet:-1, max-image-preview:large, max-video-preview:-1\" \/>\n<link rel=\"canonical\" href=\"https:\/\/fuentesfidedignas.com.mx\/index.php\/2021\/10\/28\/es-oficial-facebook-cambia-de-nombre-la-empresa-ahora-se-llamara-meta\/\" \/>\n<meta property=\"og:locale\" content=\"es_MX\" \/>\n<meta property=\"og:type\" content=\"article\" \/>\n<meta property=\"og:title\" content=\"Es oficial: Facebook cambia de nombre, la empresa ahora se llamar\u00e1 Meta - Fuentes Fidedignas\" \/>\n<meta property=\"og:description\" content=\"A partir de ahora, seremos primero en metaverso, no en Facebook. Eso significa que con el tiempo no se necesitar\u00e1 una cuenta de Facebook para utilizar nuestros otros servicios&#8217;, dijo Zuckerberg en una carta a sus empleados. Ciudad de M\u00e9xico.- Mark Zuckerberg anunci\u00f3 este jueves que el nuevo nombre del conglomerado que agrupa Facebook, Instagram, [&hellip;]\" \/>\n<meta property=\"og:url\" content=\"https:\/\/fuentesfidedignas.com.mx\/index.php\/2021\/10\/28\/es-oficial-facebook-cambia-de-nombre-la-empresa-ahora-se-llamara-meta\/\" \/>\n<meta property=\"og:site_name\" content=\"Fuentes Fidedignas\" \/>\n<meta property=\"article:publisher\" content=\"https:\/\/www.facebook.com\/Fuentes-Fidedignas-368234489921644\" \/>\n<meta property=\"article:published_time\" content=\"2021-10-28T19:28:33+00:00\" \/>\n<meta property=\"article:modified_time\" content=\"2021-10-28T19:28:34+00:00\" \/>\n<meta property=\"og:image\" content=\"https:\/\/fuentesfidedignas.com.mx\/wp-content\/uploads\/2021\/10\/facebook-3-640x360-1.jpg\" \/>\n\t<meta property=\"og:image:width\" content=\"640\" \/>\n\t<meta property=\"og:image:height\" content=\"360\" \/>\n\t<meta property=\"og:image:type\" content=\"image\/jpeg\" \/>\n<meta name=\"author\" content=\"Forbes\" \/>\n<meta name=\"twitter:card\" content=\"summary_large_image\" \/>\n<meta name=\"twitter:creator\" content=\"@fidedignas\" \/>\n<meta name=\"twitter:site\" content=\"@fidedignas\" \/>\n<meta name=\"twitter:label1\" content=\"Escrito por\" \/>\n\t<meta name=\"twitter:data1\" content=\"Forbes\" \/>\n\t<meta name=\"twitter:label2\" content=\"Tiempo de lectura\" \/>\n\t<meta name=\"twitter:data2\" content=\"3 minutos\" \/>\n<script type=\"application\/ld+json\" class=\"yoast-schema-graph\">{\"@context\":\"https:\\\/\\\/schema.org\",\"@graph\":[{\"@type\":\"Article\",\"@id\":\"https:\\\/\\\/fuentesfidedignas.com.mx\\\/index.php\\\/2021\\\/10\\\/28\\\/es-oficial-facebook-cambia-de-nombre-la-empresa-ahora-se-llamara-meta\\\/#article\",\"isPartOf\":{\"@id\":\"https:\\\/\\\/fuentesfidedignas.com.mx\\\/index.php\\\/2021\\\/10\\\/28\\\/es-oficial-facebook-cambia-de-nombre-la-empresa-ahora-se-llamara-meta\\\/\"},\"author\":{\"name\":\"Forbes\",\"@id\":\"https:\\\/\\\/fuentesfidedignas.com.mx\\\/#\\\/schema\\\/person\\\/5623d53fe2e579d825b1679734abcc44\"},\"headline\":\"Es oficial: Facebook cambia de nombre, la empresa ahora se llamar\u00e1 Meta\",\"datePublished\":\"2021-10-28T19:28:33+00:00\",\"dateModified\":\"2021-10-28T19:28:34+00:00\",\"mainEntityOfPage\":{\"@id\":\"https:\\\/\\\/fuentesfidedignas.com.mx\\\/index.php\\\/2021\\\/10\\\/28\\\/es-oficial-facebook-cambia-de-nombre-la-empresa-ahora-se-llamara-meta\\\/\"},\"wordCount\":656,\"commentCount\":0,\"publisher\":{\"@id\":\"https:\\\/\\\/fuentesfidedignas.com.mx\\\/#organization\"},\"image\":{\"@id\":\"https:\\\/\\\/fuentesfidedignas.com.mx\\\/index.php\\\/2021\\\/10\\\/28\\\/es-oficial-facebook-cambia-de-nombre-la-empresa-ahora-se-llamara-meta\\\/#primaryimage\"},\"thumbnailUrl\":\"https:\\\/\\\/fuentesfidedignas.com.mx\\\/wp-content\\\/uploads\\\/2021\\\/10\\\/facebook-3-640x360-1.jpg\",\"keywords\":[\"Facebook\",\"Mark Zuckerberg\",\"Meta\",\"Redes Sociales\"],\"articleSection\":[\"NOTICIAS NACIONALES\"],\"inLanguage\":\"es\",\"potentialAction\":[{\"@type\":\"CommentAction\",\"name\":\"Comment\",\"target\":[\"https:\\\/\\\/fuentesfidedignas.com.mx\\\/index.php\\\/2021\\\/10\\\/28\\\/es-oficial-facebook-cambia-de-nombre-la-empresa-ahora-se-llamara-meta\\\/#respond\"]}]},{\"@type\":\"WebPage\",\"@id\":\"https:\\\/\\\/fuentesfidedignas.com.mx\\\/index.php\\\/2021\\\/10\\\/28\\\/es-oficial-facebook-cambia-de-nombre-la-empresa-ahora-se-llamara-meta\\\/\",\"url\":\"https:\\\/\\\/fuentesfidedignas.com.mx\\\/index.php\\\/2021\\\/10\\\/28\\\/es-oficial-facebook-cambia-de-nombre-la-empresa-ahora-se-llamara-meta\\\/\",\"name\":\"Es oficial: Facebook cambia de nombre, la empresa ahora se llamar\u00e1 Meta - Fuentes Fidedignas\",\"isPartOf\":{\"@id\":\"https:\\\/\\\/fuentesfidedignas.com.mx\\\/#website\"},\"primaryImageOfPage\":{\"@id\":\"https:\\\/\\\/fuentesfidedignas.com.mx\\\/index.php\\\/2021\\\/10\\\/28\\\/es-oficial-facebook-cambia-de-nombre-la-empresa-ahora-se-llamara-meta\\\/#primaryimage\"},\"image\":{\"@id\":\"https:\\\/\\\/fuentesfidedignas.com.mx\\\/index.php\\\/2021\\\/10\\\/28\\\/es-oficial-facebook-cambia-de-nombre-la-empresa-ahora-se-llamara-meta\\\/#primaryimage\"},\"thumbnailUrl\":\"https:\\\/\\\/fuentesfidedignas.com.mx\\\/wp-content\\\/uploads\\\/2021\\\/10\\\/facebook-3-640x360-1.jpg\",\"datePublished\":\"2021-10-28T19:28:33+00:00\",\"dateModified\":\"2021-10-28T19:28:34+00:00\",\"breadcrumb\":{\"@id\":\"https:\\\/\\\/fuentesfidedignas.com.mx\\\/index.php\\\/2021\\\/10\\\/28\\\/es-oficial-facebook-cambia-de-nombre-la-empresa-ahora-se-llamara-meta\\\/#breadcrumb\"},\"inLanguage\":\"es\",\"potentialAction\":[{\"@type\":\"ReadAction\",\"target\":[\"https:\\\/\\\/fuentesfidedignas.com.mx\\\/index.php\\\/2021\\\/10\\\/28\\\/es-oficial-facebook-cambia-de-nombre-la-empresa-ahora-se-llamara-meta\\\/\"]}]},{\"@type\":\"ImageObject\",\"inLanguage\":\"es\",\"@id\":\"https:\\\/\\\/fuentesfidedignas.com.mx\\\/index.php\\\/2021\\\/10\\\/28\\\/es-oficial-facebook-cambia-de-nombre-la-empresa-ahora-se-llamara-meta\\\/#primaryimage\",\"url\":\"https:\\\/\\\/fuentesfidedignas.com.mx\\\/wp-content\\\/uploads\\\/2021\\\/10\\\/facebook-3-640x360-1.jpg\",\"contentUrl\":\"https:\\\/\\\/fuentesfidedignas.com.mx\\\/wp-content\\\/uploads\\\/2021\\\/10\\\/facebook-3-640x360-1.jpg\",\"width\":640,\"height\":360},{\"@type\":\"BreadcrumbList\",\"@id\":\"https:\\\/\\\/fuentesfidedignas.com.mx\\\/index.php\\\/2021\\\/10\\\/28\\\/es-oficial-facebook-cambia-de-nombre-la-empresa-ahora-se-llamara-meta\\\/#breadcrumb\",\"itemListElement\":[{\"@type\":\"ListItem\",\"position\":1,\"name\":\"Inicio\",\"item\":\"https:\\\/\\\/fuentesfidedignas.com.mx\\\/\"},{\"@type\":\"ListItem\",\"position\":2,\"name\":\"Es oficial: Facebook cambia de nombre, la empresa ahora se llamar\u00e1 Meta\"}]},{\"@type\":\"WebSite\",\"@id\":\"https:\\\/\\\/fuentesfidedignas.com.mx\\\/#website\",\"url\":\"https:\\\/\\\/fuentesfidedignas.com.mx\\\/\",\"name\":\"Fuentes Fidedignas\",\"description\":\"Otro sitio realizado con WordPress\",\"publisher\":{\"@id\":\"https:\\\/\\\/fuentesfidedignas.com.mx\\\/#organization\"},\"potentialAction\":[{\"@type\":\"SearchAction\",\"target\":{\"@type\":\"EntryPoint\",\"urlTemplate\":\"https:\\\/\\\/fuentesfidedignas.com.mx\\\/?s={search_term_string}\"},\"query-input\":{\"@type\":\"PropertyValueSpecification\",\"valueRequired\":true,\"valueName\":\"search_term_string\"}}],\"inLanguage\":\"es\"},{\"@type\":\"Organization\",\"@id\":\"https:\\\/\\\/fuentesfidedignas.com.mx\\\/#organization\",\"name\":\"Fuentes Fidedignas\",\"url\":\"https:\\\/\\\/fuentesfidedignas.com.mx\\\/\",\"logo\":{\"@type\":\"ImageObject\",\"inLanguage\":\"es\",\"@id\":\"https:\\\/\\\/fuentesfidedignas.com.mx\\\/#\\\/schema\\\/logo\\\/image\\\/\",\"url\":\"https:\\\/\\\/fuentesfidedignas.com.mx\\\/wp-content\\\/uploads\\\/2021\\\/04\\\/logo-retina.png\",\"contentUrl\":\"https:\\\/\\\/fuentesfidedignas.com.mx\\\/wp-content\\\/uploads\\\/2021\\\/04\\\/logo-retina.png\",\"width\":280,\"height\":51,\"caption\":\"Fuentes Fidedignas\"},\"image\":{\"@id\":\"https:\\\/\\\/fuentesfidedignas.com.mx\\\/#\\\/schema\\\/logo\\\/image\\\/\"},\"sameAs\":[\"https:\\\/\\\/www.facebook.com\\\/Fuentes-Fidedignas-368234489921644\",\"https:\\\/\\\/x.com\\\/fidedignas\"]},{\"@type\":\"Person\",\"@id\":\"https:\\\/\\\/fuentesfidedignas.com.mx\\\/#\\\/schema\\\/person\\\/5623d53fe2e579d825b1679734abcc44\",\"name\":\"Forbes\",\"image\":{\"@type\":\"ImageObject\",\"inLanguage\":\"es\",\"@id\":\"https:\\\/\\\/secure.gravatar.com\\\/avatar\\\/87ce3dd4e41e60c22a79c758614f01a6bc2469255fc936ec7b15efb9bb5cb66f?s=96&d=mm&r=g\",\"url\":\"https:\\\/\\\/secure.gravatar.com\\\/avatar\\\/87ce3dd4e41e60c22a79c758614f01a6bc2469255fc936ec7b15efb9bb5cb66f?s=96&d=mm&r=g\",\"contentUrl\":\"https:\\\/\\\/secure.gravatar.com\\\/avatar\\\/87ce3dd4e41e60c22a79c758614f01a6bc2469255fc936ec7b15efb9bb5cb66f?s=96&d=mm&r=g\",\"caption\":\"Forbes\"},\"url\":\"https:\\\/\\\/fuentesfidedignas.com.mx\\\/index.php\\\/author\\\/forbes\\\/\"}]}<\/script>\n<!-- \/ Yoast SEO plugin. -->","yoast_head_json":{"title":"Es oficial: Facebook cambia de nombre, la empresa ahora se llamar\u00e1 Meta - Fuentes Fidedignas","robots":{"index":"index","follow":"follow","max-snippet":"max-snippet:-1","max-image-preview":"max-image-preview:large","max-video-preview":"max-video-preview:-1"},"canonical":"https:\/\/fuentesfidedignas.com.mx\/index.php\/2021\/10\/28\/es-oficial-facebook-cambia-de-nombre-la-empresa-ahora-se-llamara-meta\/","og_locale":"es_MX","og_type":"article","og_title":"Es oficial: Facebook cambia de nombre, la empresa ahora se llamar\u00e1 Meta - Fuentes Fidedignas","og_description":"A partir de ahora, seremos primero en metaverso, no en Facebook. Eso significa que con el tiempo no se necesitar\u00e1 una cuenta de Facebook para utilizar nuestros otros servicios&#8217;, dijo Zuckerberg en una carta a sus empleados. Ciudad de M\u00e9xico.- Mark Zuckerberg anunci\u00f3 este jueves que el nuevo nombre del conglomerado que agrupa Facebook, Instagram, [&hellip;]","og_url":"https:\/\/fuentesfidedignas.com.mx\/index.php\/2021\/10\/28\/es-oficial-facebook-cambia-de-nombre-la-empresa-ahora-se-llamara-meta\/","og_site_name":"Fuentes Fidedignas","article_publisher":"https:\/\/www.facebook.com\/Fuentes-Fidedignas-368234489921644","article_published_time":"2021-10-28T19:28:33+00:00","article_modified_time":"2021-10-28T19:28:34+00:00","og_image":[{"width":640,"height":360,"url":"https:\/\/fuentesfidedignas.com.mx\/wp-content\/uploads\/2021\/10\/facebook-3-640x360-1.jpg","type":"image\/jpeg"}],"author":"Forbes","twitter_card":"summary_large_image","twitter_creator":"@fidedignas","twitter_site":"@fidedignas","twitter_misc":{"Escrito por":"Forbes","Tiempo de lectura":"3 minutos"},"schema":{"@context":"https:\/\/schema.org","@graph":[{"@type":"Article","@id":"https:\/\/fuentesfidedignas.com.mx\/index.php\/2021\/10\/28\/es-oficial-facebook-cambia-de-nombre-la-empresa-ahora-se-llamara-meta\/#article","isPartOf":{"@id":"https:\/\/fuentesfidedignas.com.mx\/index.php\/2021\/10\/28\/es-oficial-facebook-cambia-de-nombre-la-empresa-ahora-se-llamara-meta\/"},"author":{"name":"Forbes","@id":"https:\/\/fuentesfidedignas.com.mx\/#\/schema\/person\/5623d53fe2e579d825b1679734abcc44"},"headline":"Es oficial: Facebook cambia de nombre, la empresa ahora se llamar\u00e1 Meta","datePublished":"2021-10-28T19:28:33+00:00","dateModified":"2021-10-28T19:28:34+00:00","mainEntityOfPage":{"@id":"https:\/\/fuentesfidedignas.com.mx\/index.php\/2021\/10\/28\/es-oficial-facebook-cambia-de-nombre-la-empresa-ahora-se-llamara-meta\/"},"wordCount":656,"commentCount":0,"publisher":{"@id":"https:\/\/fuentesfidedignas.com.mx\/#organization"},"image":{"@id":"https:\/\/fuentesfidedignas.com.mx\/index.php\/2021\/10\/28\/es-oficial-facebook-cambia-de-nombre-la-empresa-ahora-se-llamara-meta\/#primaryimage"},"thumbnailUrl":"https:\/\/fuentesfidedignas.com.mx\/wp-content\/uploads\/2021\/10\/facebook-3-640x360-1.jpg","keywords":["Facebook","Mark Zuckerberg","Meta","Redes Sociales"],"articleSection":["NOTICIAS NACIONALES"],"inLanguage":"es","potentialAction":[{"@type":"CommentAction","name":"Comment","target":["https:\/\/fuentesfidedignas.com.mx\/index.php\/2021\/10\/28\/es-oficial-facebook-cambia-de-nombre-la-empresa-ahora-se-llamara-meta\/#respond"]}]},{"@type":"WebPage","@id":"https:\/\/fuentesfidedignas.com.mx\/index.php\/2021\/10\/28\/es-oficial-facebook-cambia-de-nombre-la-empresa-ahora-se-llamara-meta\/","url":"https:\/\/fuentesfidedignas.com.mx\/index.php\/2021\/10\/28\/es-oficial-facebook-cambia-de-nombre-la-empresa-ahora-se-llamara-meta\/","name":"Es oficial: Facebook cambia de nombre, la empresa ahora se llamar\u00e1 Meta - Fuentes Fidedignas","isPartOf":{"@id":"https:\/\/fuentesfidedignas.com.mx\/#website"},"primaryImageOfPage":{"@id":"https:\/\/fuentesfidedignas.com.mx\/index.php\/2021\/10\/28\/es-oficial-facebook-cambia-de-nombre-la-empresa-ahora-se-llamara-meta\/#primaryimage"},"image":{"@id":"https:\/\/fuentesfidedignas.com.mx\/index.php\/2021\/10\/28\/es-oficial-facebook-cambia-de-nombre-la-empresa-ahora-se-llamara-meta\/#primaryimage"},"thumbnailUrl":"https:\/\/fuentesfidedignas.com.mx\/wp-content\/uploads\/2021\/10\/facebook-3-640x360-1.jpg","datePublished":"2021-10-28T19:28:33+00:00","dateModified":"2021-10-28T19:28:34+00:00","breadcrumb":{"@id":"https:\/\/fuentesfidedignas.com.mx\/index.php\/2021\/10\/28\/es-oficial-facebook-cambia-de-nombre-la-empresa-ahora-se-llamara-meta\/#breadcrumb"},"inLanguage":"es","potentialAction":[{"@type":"ReadAction","target":["https:\/\/fuentesfidedignas.com.mx\/index.php\/2021\/10\/28\/es-oficial-facebook-cambia-de-nombre-la-empresa-ahora-se-llamara-meta\/"]}]},{"@type":"ImageObject","inLanguage":"es","@id":"https:\/\/fuentesfidedignas.com.mx\/index.php\/2021\/10\/28\/es-oficial-facebook-cambia-de-nombre-la-empresa-ahora-se-llamara-meta\/#primaryimage","url":"https:\/\/fuentesfidedignas.com.mx\/wp-content\/uploads\/2021\/10\/facebook-3-640x360-1.jpg","contentUrl":"https:\/\/fuentesfidedignas.com.mx\/wp-content\/uploads\/2021\/10\/facebook-3-640x360-1.jpg","width":640,"height":360},{"@type":"BreadcrumbList","@id":"https:\/\/fuentesfidedignas.com.mx\/index.php\/2021\/10\/28\/es-oficial-facebook-cambia-de-nombre-la-empresa-ahora-se-llamara-meta\/#breadcrumb","itemListElement":[{"@type":"ListItem","position":1,"name":"Inicio","item":"https:\/\/fuentesfidedignas.com.mx\/"},{"@type":"ListItem","position":2,"name":"Es oficial: Facebook cambia de nombre, la empresa ahora se llamar\u00e1 Meta"}]},{"@type":"WebSite","@id":"https:\/\/fuentesfidedignas.com.mx\/#website","url":"https:\/\/fuentesfidedignas.com.mx\/","name":"Fuentes Fidedignas","description":"Otro sitio realizado con WordPress","publisher":{"@id":"https:\/\/fuentesfidedignas.com.mx\/#organization"},"potentialAction":[{"@type":"SearchAction","target":{"@type":"EntryPoint","urlTemplate":"https:\/\/fuentesfidedignas.com.mx\/?s={search_term_string}"},"query-input":{"@type":"PropertyValueSpecification","valueRequired":true,"valueName":"search_term_string"}}],"inLanguage":"es"},{"@type":"Organization","@id":"https:\/\/fuentesfidedignas.com.mx\/#organization","name":"Fuentes Fidedignas","url":"https:\/\/fuentesfidedignas.com.mx\/","logo":{"@type":"ImageObject","inLanguage":"es","@id":"https:\/\/fuentesfidedignas.com.mx\/#\/schema\/logo\/image\/","url":"https:\/\/fuentesfidedignas.com.mx\/wp-content\/uploads\/2021\/04\/logo-retina.png","contentUrl":"https:\/\/fuentesfidedignas.com.mx\/wp-content\/uploads\/2021\/04\/logo-retina.png","width":280,"height":51,"caption":"Fuentes Fidedignas"},"image":{"@id":"https:\/\/fuentesfidedignas.com.mx\/#\/schema\/logo\/image\/"},"sameAs":["https:\/\/www.facebook.com\/Fuentes-Fidedignas-368234489921644","https:\/\/x.com\/fidedignas"]},{"@type":"Person","@id":"https:\/\/fuentesfidedignas.com.mx\/#\/schema\/person\/5623d53fe2e579d825b1679734abcc44","name":"Forbes","image":{"@type":"ImageObject","inLanguage":"es","@id":"https:\/\/secure.gravatar.com\/avatar\/87ce3dd4e41e60c22a79c758614f01a6bc2469255fc936ec7b15efb9bb5cb66f?s=96&d=mm&r=g","url":"https:\/\/secure.gravatar.com\/avatar\/87ce3dd4e41e60c22a79c758614f01a6bc2469255fc936ec7b15efb9bb5cb66f?s=96&d=mm&r=g","contentUrl":"https:\/\/secure.gravatar.com\/avatar\/87ce3dd4e41e60c22a79c758614f01a6bc2469255fc936ec7b15efb9bb5cb66f?s=96&d=mm&r=g","caption":"Forbes"},"url":"https:\/\/fuentesfidedignas.com.mx\/index.php\/author\/forbes\/"}]}},"_links":{"self":[{"href":"https:\/\/fuentesfidedignas.com.mx\/index.php\/wp-json\/wp\/v2\/posts\/16139","targetHints":{"allow":["GET"]}}],"collection":[{"href":"https:\/\/fuentesfidedignas.com.mx\/index.php\/wp-json\/wp\/v2\/posts"}],"about":[{"href":"https:\/\/fuentesfidedignas.com.mx\/index.php\/wp-json\/wp\/v2\/types\/post"}],"author":[{"embeddable":true,"href":"https:\/\/fuentesfidedignas.com.mx\/index.php\/wp-json\/wp\/v2\/users\/5"}],"replies":[{"embeddable":true,"href":"https:\/\/fuentesfidedignas.com.mx\/index.php\/wp-json\/wp\/v2\/comments?post=16139"}],"version-history":[{"count":1,"href":"https:\/\/fuentesfidedignas.com.mx\/index.php\/wp-json\/wp\/v2\/posts\/16139\/revisions"}],"predecessor-version":[{"id":16141,"href":"https:\/\/fuentesfidedignas.com.mx\/index.php\/wp-json\/wp\/v2\/posts\/16139\/revisions\/16141"}],"wp:featuredmedia":[{"embeddable":true,"href":"https:\/\/fuentesfidedignas.com.mx\/index.php\/wp-json\/wp\/v2\/media\/16140"}],"wp:attachment":[{"href":"https:\/\/fuentesfidedignas.com.mx\/index.php\/wp-json\/wp\/v2\/media?parent=16139"}],"wp:term":[{"taxonomy":"category","embeddable":true,"href":"https:\/\/fuentesfidedignas.com.mx\/index.php\/wp-json\/wp\/v2\/categories?post=16139"},{"taxonomy":"post_tag","embeddable":true,"href":"https:\/\/fuentesfidedignas.com.mx\/index.php\/wp-json\/wp\/v2\/tags?post=16139"}],"curies":[{"name":"wp","href":"https:\/\/api.w.org\/{rel}","templated":true}]}}