{"id":1613,"date":"2021-05-10T18:47:33","date_gmt":"2021-05-11T01:47:33","guid":{"rendered":"https:\/\/fuentesfidedignas.com.mx\/?p=1613"},"modified":"2021-05-11T08:22:05","modified_gmt":"2021-05-11T15:22:05","slug":"a-la-baja-covid-19-en-culiacan-con-89-casos-activos","status":"publish","type":"post","link":"https:\/\/fuentesfidedignas.com.mx\/index.php\/2021\/05\/10\/a-la-baja-covid-19-en-culiacan-con-89-casos-activos\/","title":{"rendered":"A la baja Covid-19 en Culiac\u00e1n con 89 casos activos"},"content":{"rendered":"\n<p>\u26a0Lunes 10 de Mayo 2021\u26a0<br>Actualizaci\u00f3n #Covid19 \ud83e\udda0 Sinaloa<br><em>\ud83d\udcccD\u00eda 438 desde el primer caso detectado<\/em><br><em>\ud83d\udea8HAY 44 NUEVOS\ud83d\udea8<\/em><br>De: Culiac\u00e1n 13<br>Ahome 13<br>Guasave 10<br>Mazatl\u00e1n 7<br>Rosario 1<\/p>\n\n\n\n<p><em>Pacientes Activos<\/em> 255<br>Se han <em>recuperado 32,118<\/em>, 61 nuevos<br>De Culiac\u00e1n 18<br>Mazatl\u00e1n 14<br>Guasave 13<br>Ahome 7<br>Navolato 3<br>Badiraguato 3<br>Choix 3<\/p>\n\n\n\n<p>7 nuevos fallecimientos reportados en las \u00faltimas 24 horas<br>De Culiac\u00e1n 3<br>Mazatl\u00e1n 2<br>Ahome 1<br>Guasave 1<\/p>\n\n\n\n<p>HOSPITALIZADOS EL 26.3% DE LOS PACIENTES ACTIVOS<br>DISPONIBLES 90% DE LAS CAMAS COVID EN EL ESTADO<\/p>\n\n\n\n<p><em>Pacientes Activos Por Municipio<\/em><br>CULIAC\u00c1N: 89<br>AHOME: 68<br>MAZATL\u00c1N: 46<br>GUASAVE: 17<br>EL FUERTE: 11<br>NAVOLATO: 6<br>CHOIX: 4<br>SALVADOR ALVARADO: 4<br>ESCUINAPA: 3<br>ROSARIO: 3<br>ANGOSTURA: 2<br>BADIRAGUATO: 2<br>SAN IGNACIO: 0<br>CONCORDIA: 0<br>SINALOA: 0<br>COSALA: 0<br>MOCORITO: 0<br>ELOTA: 0<\/p>\n\n\n\n<p>SOSPECHOSOS EN TODO SINALOA <em>EXCEPTO ELOTA, MOCORITO Y CONCORDIA<\/em><\/p>\n\n\n\n<p><em>TOTAL DE RECUPERADOS: 32,118<\/em><br>14,517 CULIAC\u00c1N<br>4,796 MAZATL\u00c1N<br>4,275 AHOME<br>4,069 GUASAVE<br>1,056 SALV ALVARADO<br>944 NAVOLATO<br>480 EL FUERTE<br>373 SINALOA<br>312 ANGOSTURA<br>304 ESCUINAPA<br>211 ROSARIO<br>193 BADIRAGUATO<br>161 ELOTA<br>130 MOCORITO<br>120 CHOIX<br>75 COSAL\u00c1<br>55 CONCORDIA<br>47 SAN IGNACIO<\/p>\n\n\n\n<p><em>TOTAL DE MUERTES: 6,152<\/em><br>2,329 CULIAC\u00c1N<br>1,064 AHOME<br>927 MAZATL\u00c1N<br>682 GUASAVE<br>221 SALVADOR ALVARADO<br>219 NAVOLATO<br>154 EL FUERTE<br>128 ANGOSTURA<br>84 SINALOA<br>83 ESCUINAPA<br>70 MOCORITO<br>47 ROSARIO<br>38 ELOTA<br>31 CONCORDIA<br>28 BADIRAGUATO<br>24 CHOIX<br>16 SAN IGNACIO<br>7 COSAL\u00c1<\/p>\n\n\n\n<p><em>CASOS SOSPECHOSOS 436<\/em><br>181 CULIAC\u00c1N<br>76 AHOME<br>78 GUASAVE<br>43 MAZATL\u00c1N<br>19 NAVOLATO<br>9 EL FUERTE<br>9 SALVADOR ALVARADO<br>3 ROSARIO<br>2 ESCUINAPA<br>3 BADIRAGUATO<br>3 CHOIX<br>3 COSAL\u00c1<br>2 SINALOA<br>1 ANGOSTURA<br>1 SAN IGNACIO<br>0 ELOTA<br>0 CONCORDIA<br>0 MOCORITO<\/p>\n\n\n\n<p><em>DETALLE DE NUEVAS MUERTES REGISTRADAS HOY EN PLATAFORMA DE 58 a 85<\/em><br><em>GUASAVE<\/em> Masculino de 85 a\u00f1os muerto el 29 de Abril en IMSS Guasave (hipertenso)<br><em>CULIAC\u00c1N<\/em><\/p>\n\n\n\n<ol class=\"wp-block-list\"><li>Masculino de 63 a\u00f1os muerto el 03 de mayo en IMSS Culiac\u00e1n (diab\u00e9tico)<\/li><li>Masculino de 72 a\u00f1os muerto el 03 de mayo en IMSS Culiac\u00e1n (Epoc)<\/li><li>Femenino de 58 a\u00f1os muerto el 04 de mayo en IMSS Culiac\u00e1n (diab\u00e9tico)<br><em>MAZATL\u00c1N<\/em><\/li><li>Femenino de 75 a\u00f1os muerto el 04 de mayo en ISSSTE Mazatl\u00e1n (diab\u00e9tico, hipertenso)<\/li><li>Femenino de 67 a\u00f1os muerto el 04 de mayo en IMSS Mazatl\u00e1n (hipertenso)<br><em>AHOME<\/em> Masculino de 78 a\u00f1os muerto el 05 de mayo en IMSS Los Mochis<\/li><\/ol>\n\n\n\n<p><em>INFORME DE LA SECRETAR\u00cdA DE SALUD DE SINALOA<\/em><\/p>\n\n\n\n<p><em>GOBIERNO DEL ESTADO DE SINAL<\/em>OA<\/p>\n","protected":false},"excerpt":{"rendered":"<p>\u26a0Lunes 10 de Mayo 2021\u26a0Actualizaci\u00f3n #Covid19 \ud83e\udda0 Sinaloa\ud83d\udcccD\u00eda 438 desde el primer caso detectado\ud83d\udea8HAY 44 NUEVOS\ud83d\udea8De: Culiac\u00e1n 13Ahome 13Guasave 10Mazatl\u00e1n 7Rosario 1 Pacientes Activos 255Se han recuperado 32,118, 61 nuevosDe Culiac\u00e1n 18Mazatl\u00e1n 14Guasave 13Ahome 7Navolato 3Badiraguato 3Choix 3 7 nuevos fallecimientos reportados en las \u00faltimas 24 horasDe Culiac\u00e1n 3Mazatl\u00e1n 2Ahome 1Guasave 1 HOSPITALIZADOS EL 26.3% [&hellip;]<\/p>\n","protected":false},"author":4,"featured_media":1614,"comment_status":"open","ping_status":"open","sticky":false,"template":"","format":"standard","meta":{"tdm_status":"","tdm_grid_status":"","footnotes":""},"categories":[38],"tags":[],"class_list":{"0":"post-1613","1":"post","2":"type-post","3":"status-publish","4":"format-standard","5":"has-post-thumbnail","7":"category-noticias-locales"},"yoast_head":"<!-- This site is optimized with the Yoast SEO plugin v27.5 - https:\/\/yoast.com\/product\/yoast-seo-wordpress\/ -->\n<title>A la baja Covid-19 en Culiac\u00e1n con 89 casos activos - Fuentes Fidedignas<\/title>\n<meta name=\"robots\" content=\"index, follow, max-snippet:-1, max-image-preview:large, max-video-preview:-1\" \/>\n<link rel=\"canonical\" href=\"https:\/\/fuentesfidedignas.com.mx\/index.php\/2021\/05\/10\/a-la-baja-covid-19-en-culiacan-con-89-casos-activos\/\" \/>\n<meta property=\"og:locale\" content=\"es_MX\" \/>\n<meta property=\"og:type\" content=\"article\" \/>\n<meta property=\"og:title\" content=\"A la baja Covid-19 en Culiac\u00e1n con 89 casos activos - Fuentes Fidedignas\" \/>\n<meta property=\"og:description\" content=\"\u26a0Lunes 10 de Mayo 2021\u26a0Actualizaci\u00f3n #Covid19 \ud83e\udda0 Sinaloa\ud83d\udcccD\u00eda 438 desde el primer caso detectado\ud83d\udea8HAY 44 NUEVOS\ud83d\udea8De: Culiac\u00e1n 13Ahome 13Guasave 10Mazatl\u00e1n 7Rosario 1 Pacientes Activos 255Se han recuperado 32,118, 61 nuevosDe Culiac\u00e1n 18Mazatl\u00e1n 14Guasave 13Ahome 7Navolato 3Badiraguato 3Choix 3 7 nuevos fallecimientos reportados en las \u00faltimas 24 horasDe Culiac\u00e1n 3Mazatl\u00e1n 2Ahome 1Guasave 1 HOSPITALIZADOS EL 26.3% [&hellip;]\" \/>\n<meta property=\"og:url\" content=\"https:\/\/fuentesfidedignas.com.mx\/index.php\/2021\/05\/10\/a-la-baja-covid-19-en-culiacan-con-89-casos-activos\/\" \/>\n<meta property=\"og:site_name\" content=\"Fuentes Fidedignas\" \/>\n<meta property=\"article:publisher\" content=\"https:\/\/www.facebook.com\/Fuentes-Fidedignas-368234489921644\" \/>\n<meta property=\"article:published_time\" content=\"2021-05-11T01:47:33+00:00\" \/>\n<meta property=\"article:modified_time\" content=\"2021-05-11T15:22:05+00:00\" \/>\n<meta property=\"og:image\" content=\"https:\/\/fuentesfidedignas.com.mx\/wp-content\/uploads\/2021\/05\/IMG-20210510-WA0032.jpg\" \/>\n\t<meta property=\"og:image:width\" content=\"1280\" \/>\n\t<meta property=\"og:image:height\" content=\"720\" \/>\n\t<meta property=\"og:image:type\" content=\"image\/jpeg\" \/>\n<meta name=\"author\" content=\"Redacci\u00f3n\" \/>\n<meta name=\"twitter:card\" content=\"summary_large_image\" \/>\n<meta name=\"twitter:creator\" content=\"@fidedignas\" \/>\n<meta name=\"twitter:site\" content=\"@fidedignas\" \/>\n<meta name=\"twitter:label1\" content=\"Escrito por\" \/>\n\t<meta name=\"twitter:data1\" content=\"Redacci\u00f3n\" \/>\n\t<meta name=\"twitter:label2\" content=\"Tiempo de lectura\" \/>\n\t<meta name=\"twitter:data2\" content=\"2 minutos\" \/>\n<script type=\"application\/ld+json\" class=\"yoast-schema-graph\">{\"@context\":\"https:\\\/\\\/schema.org\",\"@graph\":[{\"@type\":\"Article\",\"@id\":\"https:\\\/\\\/fuentesfidedignas.com.mx\\\/index.php\\\/2021\\\/05\\\/10\\\/a-la-baja-covid-19-en-culiacan-con-89-casos-activos\\\/#article\",\"isPartOf\":{\"@id\":\"https:\\\/\\\/fuentesfidedignas.com.mx\\\/index.php\\\/2021\\\/05\\\/10\\\/a-la-baja-covid-19-en-culiacan-con-89-casos-activos\\\/\"},\"author\":{\"name\":\"Redacci\u00f3n\",\"@id\":\"https:\\\/\\\/fuentesfidedignas.com.mx\\\/#\\\/schema\\\/person\\\/331be9283d37198e2acd5750279085b0\"},\"headline\":\"A la baja Covid-19 en Culiac\u00e1n con 89 casos activos\",\"datePublished\":\"2021-05-11T01:47:33+00:00\",\"dateModified\":\"2021-05-11T15:22:05+00:00\",\"mainEntityOfPage\":{\"@id\":\"https:\\\/\\\/fuentesfidedignas.com.mx\\\/index.php\\\/2021\\\/05\\\/10\\\/a-la-baja-covid-19-en-culiacan-con-89-casos-activos\\\/\"},\"wordCount\":311,\"commentCount\":0,\"publisher\":{\"@id\":\"https:\\\/\\\/fuentesfidedignas.com.mx\\\/#organization\"},\"image\":{\"@id\":\"https:\\\/\\\/fuentesfidedignas.com.mx\\\/index.php\\\/2021\\\/05\\\/10\\\/a-la-baja-covid-19-en-culiacan-con-89-casos-activos\\\/#primaryimage\"},\"thumbnailUrl\":\"https:\\\/\\\/fuentesfidedignas.com.mx\\\/wp-content\\\/uploads\\\/2021\\\/05\\\/IMG-20210510-WA0032.jpg\",\"articleSection\":[\"NOTICIAS LOCALES\"],\"inLanguage\":\"es\",\"potentialAction\":[{\"@type\":\"CommentAction\",\"name\":\"Comment\",\"target\":[\"https:\\\/\\\/fuentesfidedignas.com.mx\\\/index.php\\\/2021\\\/05\\\/10\\\/a-la-baja-covid-19-en-culiacan-con-89-casos-activos\\\/#respond\"]}]},{\"@type\":\"WebPage\",\"@id\":\"https:\\\/\\\/fuentesfidedignas.com.mx\\\/index.php\\\/2021\\\/05\\\/10\\\/a-la-baja-covid-19-en-culiacan-con-89-casos-activos\\\/\",\"url\":\"https:\\\/\\\/fuentesfidedignas.com.mx\\\/index.php\\\/2021\\\/05\\\/10\\\/a-la-baja-covid-19-en-culiacan-con-89-casos-activos\\\/\",\"name\":\"A la baja Covid-19 en Culiac\u00e1n con 89 casos activos - Fuentes Fidedignas\",\"isPartOf\":{\"@id\":\"https:\\\/\\\/fuentesfidedignas.com.mx\\\/#website\"},\"primaryImageOfPage\":{\"@id\":\"https:\\\/\\\/fuentesfidedignas.com.mx\\\/index.php\\\/2021\\\/05\\\/10\\\/a-la-baja-covid-19-en-culiacan-con-89-casos-activos\\\/#primaryimage\"},\"image\":{\"@id\":\"https:\\\/\\\/fuentesfidedignas.com.mx\\\/index.php\\\/2021\\\/05\\\/10\\\/a-la-baja-covid-19-en-culiacan-con-89-casos-activos\\\/#primaryimage\"},\"thumbnailUrl\":\"https:\\\/\\\/fuentesfidedignas.com.mx\\\/wp-content\\\/uploads\\\/2021\\\/05\\\/IMG-20210510-WA0032.jpg\",\"datePublished\":\"2021-05-11T01:47:33+00:00\",\"dateModified\":\"2021-05-11T15:22:05+00:00\",\"breadcrumb\":{\"@id\":\"https:\\\/\\\/fuentesfidedignas.com.mx\\\/index.php\\\/2021\\\/05\\\/10\\\/a-la-baja-covid-19-en-culiacan-con-89-casos-activos\\\/#breadcrumb\"},\"inLanguage\":\"es\",\"potentialAction\":[{\"@type\":\"ReadAction\",\"target\":[\"https:\\\/\\\/fuentesfidedignas.com.mx\\\/index.php\\\/2021\\\/05\\\/10\\\/a-la-baja-covid-19-en-culiacan-con-89-casos-activos\\\/\"]}]},{\"@type\":\"ImageObject\",\"inLanguage\":\"es\",\"@id\":\"https:\\\/\\\/fuentesfidedignas.com.mx\\\/index.php\\\/2021\\\/05\\\/10\\\/a-la-baja-covid-19-en-culiacan-con-89-casos-activos\\\/#primaryimage\",\"url\":\"https:\\\/\\\/fuentesfidedignas.com.mx\\\/wp-content\\\/uploads\\\/2021\\\/05\\\/IMG-20210510-WA0032.jpg\",\"contentUrl\":\"https:\\\/\\\/fuentesfidedignas.com.mx\\\/wp-content\\\/uploads\\\/2021\\\/05\\\/IMG-20210510-WA0032.jpg\",\"width\":1280,\"height\":720},{\"@type\":\"BreadcrumbList\",\"@id\":\"https:\\\/\\\/fuentesfidedignas.com.mx\\\/index.php\\\/2021\\\/05\\\/10\\\/a-la-baja-covid-19-en-culiacan-con-89-casos-activos\\\/#breadcrumb\",\"itemListElement\":[{\"@type\":\"ListItem\",\"position\":1,\"name\":\"Inicio\",\"item\":\"https:\\\/\\\/fuentesfidedignas.com.mx\\\/\"},{\"@type\":\"ListItem\",\"position\":2,\"name\":\"A la baja Covid-19 en Culiac\u00e1n con 89 casos activos\"}]},{\"@type\":\"WebSite\",\"@id\":\"https:\\\/\\\/fuentesfidedignas.com.mx\\\/#website\",\"url\":\"https:\\\/\\\/fuentesfidedignas.com.mx\\\/\",\"name\":\"Fuentes Fidedignas\",\"description\":\"Otro sitio realizado con WordPress\",\"publisher\":{\"@id\":\"https:\\\/\\\/fuentesfidedignas.com.mx\\\/#organization\"},\"potentialAction\":[{\"@type\":\"SearchAction\",\"target\":{\"@type\":\"EntryPoint\",\"urlTemplate\":\"https:\\\/\\\/fuentesfidedignas.com.mx\\\/?s={search_term_string}\"},\"query-input\":{\"@type\":\"PropertyValueSpecification\",\"valueRequired\":true,\"valueName\":\"search_term_string\"}}],\"inLanguage\":\"es\"},{\"@type\":\"Organization\",\"@id\":\"https:\\\/\\\/fuentesfidedignas.com.mx\\\/#organization\",\"name\":\"Fuentes Fidedignas\",\"url\":\"https:\\\/\\\/fuentesfidedignas.com.mx\\\/\",\"logo\":{\"@type\":\"ImageObject\",\"inLanguage\":\"es\",\"@id\":\"https:\\\/\\\/fuentesfidedignas.com.mx\\\/#\\\/schema\\\/logo\\\/image\\\/\",\"url\":\"https:\\\/\\\/fuentesfidedignas.com.mx\\\/wp-content\\\/uploads\\\/2021\\\/04\\\/logo-retina.png\",\"contentUrl\":\"https:\\\/\\\/fuentesfidedignas.com.mx\\\/wp-content\\\/uploads\\\/2021\\\/04\\\/logo-retina.png\",\"width\":280,\"height\":51,\"caption\":\"Fuentes Fidedignas\"},\"image\":{\"@id\":\"https:\\\/\\\/fuentesfidedignas.com.mx\\\/#\\\/schema\\\/logo\\\/image\\\/\"},\"sameAs\":[\"https:\\\/\\\/www.facebook.com\\\/Fuentes-Fidedignas-368234489921644\",\"https:\\\/\\\/x.com\\\/fidedignas\"]},{\"@type\":\"Person\",\"@id\":\"https:\\\/\\\/fuentesfidedignas.com.mx\\\/#\\\/schema\\\/person\\\/331be9283d37198e2acd5750279085b0\",\"name\":\"Redacci\u00f3n\",\"image\":{\"@type\":\"ImageObject\",\"inLanguage\":\"es\",\"@id\":\"https:\\\/\\\/secure.gravatar.com\\\/avatar\\\/f6d8782c11d12b2d4ad3fbb6931aeab5309937a4d6cd2fc9cfaa28a6396a5aec?s=96&d=mm&r=g\",\"url\":\"https:\\\/\\\/secure.gravatar.com\\\/avatar\\\/f6d8782c11d12b2d4ad3fbb6931aeab5309937a4d6cd2fc9cfaa28a6396a5aec?s=96&d=mm&r=g\",\"contentUrl\":\"https:\\\/\\\/secure.gravatar.com\\\/avatar\\\/f6d8782c11d12b2d4ad3fbb6931aeab5309937a4d6cd2fc9cfaa28a6396a5aec?s=96&d=mm&r=g\",\"caption\":\"Redacci\u00f3n\"},\"url\":\"https:\\\/\\\/fuentesfidedignas.com.mx\\\/index.php\\\/author\\\/redaccion\\\/\"}]}<\/script>\n<!-- \/ Yoast SEO plugin. -->","yoast_head_json":{"title":"A la baja Covid-19 en Culiac\u00e1n con 89 casos activos - Fuentes Fidedignas","robots":{"index":"index","follow":"follow","max-snippet":"max-snippet:-1","max-image-preview":"max-image-preview:large","max-video-preview":"max-video-preview:-1"},"canonical":"https:\/\/fuentesfidedignas.com.mx\/index.php\/2021\/05\/10\/a-la-baja-covid-19-en-culiacan-con-89-casos-activos\/","og_locale":"es_MX","og_type":"article","og_title":"A la baja Covid-19 en Culiac\u00e1n con 89 casos activos - Fuentes Fidedignas","og_description":"\u26a0Lunes 10 de Mayo 2021\u26a0Actualizaci\u00f3n #Covid19 \ud83e\udda0 Sinaloa\ud83d\udcccD\u00eda 438 desde el primer caso detectado\ud83d\udea8HAY 44 NUEVOS\ud83d\udea8De: Culiac\u00e1n 13Ahome 13Guasave 10Mazatl\u00e1n 7Rosario 1 Pacientes Activos 255Se han recuperado 32,118, 61 nuevosDe Culiac\u00e1n 18Mazatl\u00e1n 14Guasave 13Ahome 7Navolato 3Badiraguato 3Choix 3 7 nuevos fallecimientos reportados en las \u00faltimas 24 horasDe Culiac\u00e1n 3Mazatl\u00e1n 2Ahome 1Guasave 1 HOSPITALIZADOS EL 26.3% [&hellip;]","og_url":"https:\/\/fuentesfidedignas.com.mx\/index.php\/2021\/05\/10\/a-la-baja-covid-19-en-culiacan-con-89-casos-activos\/","og_site_name":"Fuentes Fidedignas","article_publisher":"https:\/\/www.facebook.com\/Fuentes-Fidedignas-368234489921644","article_published_time":"2021-05-11T01:47:33+00:00","article_modified_time":"2021-05-11T15:22:05+00:00","og_image":[{"width":1280,"height":720,"url":"https:\/\/fuentesfidedignas.com.mx\/wp-content\/uploads\/2021\/05\/IMG-20210510-WA0032.jpg","type":"image\/jpeg"}],"author":"Redacci\u00f3n","twitter_card":"summary_large_image","twitter_creator":"@fidedignas","twitter_site":"@fidedignas","twitter_misc":{"Escrito por":"Redacci\u00f3n","Tiempo de lectura":"2 minutos"},"schema":{"@context":"https:\/\/schema.org","@graph":[{"@type":"Article","@id":"https:\/\/fuentesfidedignas.com.mx\/index.php\/2021\/05\/10\/a-la-baja-covid-19-en-culiacan-con-89-casos-activos\/#article","isPartOf":{"@id":"https:\/\/fuentesfidedignas.com.mx\/index.php\/2021\/05\/10\/a-la-baja-covid-19-en-culiacan-con-89-casos-activos\/"},"author":{"name":"Redacci\u00f3n","@id":"https:\/\/fuentesfidedignas.com.mx\/#\/schema\/person\/331be9283d37198e2acd5750279085b0"},"headline":"A la baja Covid-19 en Culiac\u00e1n con 89 casos activos","datePublished":"2021-05-11T01:47:33+00:00","dateModified":"2021-05-11T15:22:05+00:00","mainEntityOfPage":{"@id":"https:\/\/fuentesfidedignas.com.mx\/index.php\/2021\/05\/10\/a-la-baja-covid-19-en-culiacan-con-89-casos-activos\/"},"wordCount":311,"commentCount":0,"publisher":{"@id":"https:\/\/fuentesfidedignas.com.mx\/#organization"},"image":{"@id":"https:\/\/fuentesfidedignas.com.mx\/index.php\/2021\/05\/10\/a-la-baja-covid-19-en-culiacan-con-89-casos-activos\/#primaryimage"},"thumbnailUrl":"https:\/\/fuentesfidedignas.com.mx\/wp-content\/uploads\/2021\/05\/IMG-20210510-WA0032.jpg","articleSection":["NOTICIAS LOCALES"],"inLanguage":"es","potentialAction":[{"@type":"CommentAction","name":"Comment","target":["https:\/\/fuentesfidedignas.com.mx\/index.php\/2021\/05\/10\/a-la-baja-covid-19-en-culiacan-con-89-casos-activos\/#respond"]}]},{"@type":"WebPage","@id":"https:\/\/fuentesfidedignas.com.mx\/index.php\/2021\/05\/10\/a-la-baja-covid-19-en-culiacan-con-89-casos-activos\/","url":"https:\/\/fuentesfidedignas.com.mx\/index.php\/2021\/05\/10\/a-la-baja-covid-19-en-culiacan-con-89-casos-activos\/","name":"A la baja Covid-19 en Culiac\u00e1n con 89 casos activos - Fuentes Fidedignas","isPartOf":{"@id":"https:\/\/fuentesfidedignas.com.mx\/#website"},"primaryImageOfPage":{"@id":"https:\/\/fuentesfidedignas.com.mx\/index.php\/2021\/05\/10\/a-la-baja-covid-19-en-culiacan-con-89-casos-activos\/#primaryimage"},"image":{"@id":"https:\/\/fuentesfidedignas.com.mx\/index.php\/2021\/05\/10\/a-la-baja-covid-19-en-culiacan-con-89-casos-activos\/#primaryimage"},"thumbnailUrl":"https:\/\/fuentesfidedignas.com.mx\/wp-content\/uploads\/2021\/05\/IMG-20210510-WA0032.jpg","datePublished":"2021-05-11T01:47:33+00:00","dateModified":"2021-05-11T15:22:05+00:00","breadcrumb":{"@id":"https:\/\/fuentesfidedignas.com.mx\/index.php\/2021\/05\/10\/a-la-baja-covid-19-en-culiacan-con-89-casos-activos\/#breadcrumb"},"inLanguage":"es","potentialAction":[{"@type":"ReadAction","target":["https:\/\/fuentesfidedignas.com.mx\/index.php\/2021\/05\/10\/a-la-baja-covid-19-en-culiacan-con-89-casos-activos\/"]}]},{"@type":"ImageObject","inLanguage":"es","@id":"https:\/\/fuentesfidedignas.com.mx\/index.php\/2021\/05\/10\/a-la-baja-covid-19-en-culiacan-con-89-casos-activos\/#primaryimage","url":"https:\/\/fuentesfidedignas.com.mx\/wp-content\/uploads\/2021\/05\/IMG-20210510-WA0032.jpg","contentUrl":"https:\/\/fuentesfidedignas.com.mx\/wp-content\/uploads\/2021\/05\/IMG-20210510-WA0032.jpg","width":1280,"height":720},{"@type":"BreadcrumbList","@id":"https:\/\/fuentesfidedignas.com.mx\/index.php\/2021\/05\/10\/a-la-baja-covid-19-en-culiacan-con-89-casos-activos\/#breadcrumb","itemListElement":[{"@type":"ListItem","position":1,"name":"Inicio","item":"https:\/\/fuentesfidedignas.com.mx\/"},{"@type":"ListItem","position":2,"name":"A la baja Covid-19 en Culiac\u00e1n con 89 casos activos"}]},{"@type":"WebSite","@id":"https:\/\/fuentesfidedignas.com.mx\/#website","url":"https:\/\/fuentesfidedignas.com.mx\/","name":"Fuentes Fidedignas","description":"Otro sitio realizado con WordPress","publisher":{"@id":"https:\/\/fuentesfidedignas.com.mx\/#organization"},"potentialAction":[{"@type":"SearchAction","target":{"@type":"EntryPoint","urlTemplate":"https:\/\/fuentesfidedignas.com.mx\/?s={search_term_string}"},"query-input":{"@type":"PropertyValueSpecification","valueRequired":true,"valueName":"search_term_string"}}],"inLanguage":"es"},{"@type":"Organization","@id":"https:\/\/fuentesfidedignas.com.mx\/#organization","name":"Fuentes Fidedignas","url":"https:\/\/fuentesfidedignas.com.mx\/","logo":{"@type":"ImageObject","inLanguage":"es","@id":"https:\/\/fuentesfidedignas.com.mx\/#\/schema\/logo\/image\/","url":"https:\/\/fuentesfidedignas.com.mx\/wp-content\/uploads\/2021\/04\/logo-retina.png","contentUrl":"https:\/\/fuentesfidedignas.com.mx\/wp-content\/uploads\/2021\/04\/logo-retina.png","width":280,"height":51,"caption":"Fuentes Fidedignas"},"image":{"@id":"https:\/\/fuentesfidedignas.com.mx\/#\/schema\/logo\/image\/"},"sameAs":["https:\/\/www.facebook.com\/Fuentes-Fidedignas-368234489921644","https:\/\/x.com\/fidedignas"]},{"@type":"Person","@id":"https:\/\/fuentesfidedignas.com.mx\/#\/schema\/person\/331be9283d37198e2acd5750279085b0","name":"Redacci\u00f3n","image":{"@type":"ImageObject","inLanguage":"es","@id":"https:\/\/secure.gravatar.com\/avatar\/f6d8782c11d12b2d4ad3fbb6931aeab5309937a4d6cd2fc9cfaa28a6396a5aec?s=96&d=mm&r=g","url":"https:\/\/secure.gravatar.com\/avatar\/f6d8782c11d12b2d4ad3fbb6931aeab5309937a4d6cd2fc9cfaa28a6396a5aec?s=96&d=mm&r=g","contentUrl":"https:\/\/secure.gravatar.com\/avatar\/f6d8782c11d12b2d4ad3fbb6931aeab5309937a4d6cd2fc9cfaa28a6396a5aec?s=96&d=mm&r=g","caption":"Redacci\u00f3n"},"url":"https:\/\/fuentesfidedignas.com.mx\/index.php\/author\/redaccion\/"}]}},"_links":{"self":[{"href":"https:\/\/fuentesfidedignas.com.mx\/index.php\/wp-json\/wp\/v2\/posts\/1613","targetHints":{"allow":["GET"]}}],"collection":[{"href":"https:\/\/fuentesfidedignas.com.mx\/index.php\/wp-json\/wp\/v2\/posts"}],"about":[{"href":"https:\/\/fuentesfidedignas.com.mx\/index.php\/wp-json\/wp\/v2\/types\/post"}],"author":[{"embeddable":true,"href":"https:\/\/fuentesfidedignas.com.mx\/index.php\/wp-json\/wp\/v2\/users\/4"}],"replies":[{"embeddable":true,"href":"https:\/\/fuentesfidedignas.com.mx\/index.php\/wp-json\/wp\/v2\/comments?post=1613"}],"version-history":[{"count":1,"href":"https:\/\/fuentesfidedignas.com.mx\/index.php\/wp-json\/wp\/v2\/posts\/1613\/revisions"}],"predecessor-version":[{"id":1615,"href":"https:\/\/fuentesfidedignas.com.mx\/index.php\/wp-json\/wp\/v2\/posts\/1613\/revisions\/1615"}],"wp:featuredmedia":[{"embeddable":true,"href":"https:\/\/fuentesfidedignas.com.mx\/index.php\/wp-json\/wp\/v2\/media\/1614"}],"wp:attachment":[{"href":"https:\/\/fuentesfidedignas.com.mx\/index.php\/wp-json\/wp\/v2\/media?parent=1613"}],"wp:term":[{"taxonomy":"category","embeddable":true,"href":"https:\/\/fuentesfidedignas.com.mx\/index.php\/wp-json\/wp\/v2\/categories?post=1613"},{"taxonomy":"post_tag","embeddable":true,"href":"https:\/\/fuentesfidedignas.com.mx\/index.php\/wp-json\/wp\/v2\/tags?post=1613"}],"curies":[{"name":"wp","href":"https:\/\/api.w.org\/{rel}","templated":true}]}}