{"id":16072,"date":"2021-10-27T14:41:32","date_gmt":"2021-10-27T21:41:32","guid":{"rendered":"https:\/\/fuentesfidedignas.com.mx\/?p=16072"},"modified":"2021-10-27T14:41:33","modified_gmt":"2021-10-27T21:41:33","slug":"no-hemos-recibido-reclamos-por-reforma-electrica-tatiana-clouthier","status":"publish","type":"post","link":"https:\/\/fuentesfidedignas.com.mx\/index.php\/2021\/10\/27\/no-hemos-recibido-reclamos-por-reforma-electrica-tatiana-clouthier\/","title":{"rendered":"No hemos recibido reclamos por reforma el\u00e9ctrica: Tatiana Clouthier"},"content":{"rendered":"\n<p><strong><em>Ante senadores, la secretaria de Econom\u00eda, Tatiana Clouthier, asegur\u00f3 que las empresas extranjeras tienen inter\u00e9s de invertir en M\u00e9xico.<\/em><\/strong><\/p>\n\n\n\n<p>Ciudad de M\u00e9xico.- La secretaria de Econom\u00eda, Tatiana Clouthier, asegur\u00f3 que hasta el momento la dependencia a su cargo no ha recibido reclamos ni quejas de parte de socios internacionales por la propuesta que reforma a la Constituci\u00f3n en materia el\u00e9ctrica.<\/p>\n\n\n\n<p>\u201cNo ha habido un reclamo especifico ni directo a nosotros\u201d, respondi\u00f3 la secretaria de Estado a la senadora Claudia Anaya, quien la cuestion\u00f3 sobre probables quejas por la iniciativa del presidente Andr\u00e9s Manuel L\u00f3pez Obrador.<\/p>\n\n\n\n<p>En su comparecencia por la glosa del Tercer Informe de Gobierno del mandatario federal, Clouthier coment\u00f3 que en sus viajes de trabajo ha encontrado inter\u00e9s de diversas empresas en invertir en M\u00e9xico.<\/p>\n\n\n\n<p>Detall\u00f3 que fue a Italia y ah\u00ed recibi\u00f3 intenciones de inversi\u00f3n, como una cadena de producci\u00f3n de jeans y de restaurantes.<\/p>\n\n\n\n<p>\u201cLa gente quiere seguir invirtiendo en nuestro pa\u00eds, sino fuera as\u00ed no ser\u00edamos el primer socio comercial con Estados Unidos\u201d, enfatiz\u00f3 frente a senadores.<\/p>\n\n\n\n<p>Al ser cuestionada sobre el r\u00e9gimen de confianza establecido en la Miscel\u00e1nea Fiscal 2022, Clouthier coment\u00f3 que el sector privado trabaj\u00f3 de la mano con las autoridades responsables en definir este esquema fiscal; adem\u00e1s, record\u00f3 que fue una de las promesas del presidente L\u00f3pez Obrador el facilitar el pago de impuestos por parte de las mipymes.<\/p>\n\n\n\n<p>Sobre el salario m\u00ednimo, la secretaria de Econom\u00eda presumi\u00f3 el aumento de \u00e9ste durante el actual sexenio, pues en la frontera norte aument\u00f3 a 213 pesos y en el resto del pa\u00eds, a 141 pesos, lo que ha permitido, dijo, que el poder adquisitivo de la poblaci\u00f3n mueva a la econom\u00eda local.<\/p>\n\n\n\n<p>\u201cUn aspecto principal para mostrar el compromiso del Gobierno de M\u00e9xico con los m\u00e1s vulnerables es su pol\u00edtica salarial. El salario m\u00ednimo ha subido m\u00e1s durante los primeros tres a\u00f1os del actual Gobierno, que del sexenio anterior. Los aumentos no causaron la inflaci\u00f3n o p\u00e9rdidas de empleos\u201d, dijo.<\/p>\n","protected":false},"excerpt":{"rendered":"<p>Ante senadores, la secretaria de Econom\u00eda, Tatiana Clouthier, asegur\u00f3 que las empresas extranjeras tienen inter\u00e9s de invertir en M\u00e9xico. Ciudad de M\u00e9xico.- La secretaria de Econom\u00eda, Tatiana Clouthier, asegur\u00f3 que hasta el momento la dependencia a su cargo no ha recibido reclamos ni quejas de parte de socios internacionales por la propuesta que reforma a [&hellip;]<\/p>\n","protected":false},"author":5,"featured_media":16073,"comment_status":"open","ping_status":"open","sticky":false,"template":"","format":"standard","meta":{"tdm_status":"","tdm_grid_status":"","footnotes":""},"categories":[39],"tags":[2076,1044],"class_list":{"0":"post-16072","1":"post","2":"type-post","3":"status-publish","4":"format-standard","5":"has-post-thumbnail","7":"category-noticias-nacionales","8":"tag-reforma-electrica","9":"tag-tatiana-clouthier"},"yoast_head":"<!-- This site is optimized with the Yoast SEO plugin v27.5 - https:\/\/yoast.com\/product\/yoast-seo-wordpress\/ -->\n<title>No hemos recibido reclamos por reforma el\u00e9ctrica: Tatiana Clouthier - Fuentes Fidedignas<\/title>\n<meta name=\"robots\" content=\"index, follow, max-snippet:-1, max-image-preview:large, max-video-preview:-1\" \/>\n<link rel=\"canonical\" href=\"https:\/\/fuentesfidedignas.com.mx\/index.php\/2021\/10\/27\/no-hemos-recibido-reclamos-por-reforma-electrica-tatiana-clouthier\/\" \/>\n<meta property=\"og:locale\" content=\"es_MX\" \/>\n<meta property=\"og:type\" content=\"article\" \/>\n<meta property=\"og:title\" content=\"No hemos recibido reclamos por reforma el\u00e9ctrica: Tatiana Clouthier - Fuentes Fidedignas\" \/>\n<meta property=\"og:description\" content=\"Ante senadores, la secretaria de Econom\u00eda, Tatiana Clouthier, asegur\u00f3 que las empresas extranjeras tienen inter\u00e9s de invertir en M\u00e9xico. Ciudad de M\u00e9xico.- La secretaria de Econom\u00eda, Tatiana Clouthier, asegur\u00f3 que hasta el momento la dependencia a su cargo no ha recibido reclamos ni quejas de parte de socios internacionales por la propuesta que reforma a [&hellip;]\" \/>\n<meta property=\"og:url\" content=\"https:\/\/fuentesfidedignas.com.mx\/index.php\/2021\/10\/27\/no-hemos-recibido-reclamos-por-reforma-electrica-tatiana-clouthier\/\" \/>\n<meta property=\"og:site_name\" content=\"Fuentes Fidedignas\" \/>\n<meta property=\"article:publisher\" content=\"https:\/\/www.facebook.com\/Fuentes-Fidedignas-368234489921644\" \/>\n<meta property=\"article:published_time\" content=\"2021-10-27T21:41:32+00:00\" \/>\n<meta property=\"article:modified_time\" content=\"2021-10-27T21:41:33+00:00\" \/>\n<meta property=\"og:image\" content=\"https:\/\/fuentesfidedignas.com.mx\/wp-content\/uploads\/2021\/10\/TATI_CLOUTHIER.jpg\" \/>\n\t<meta property=\"og:image:width\" content=\"640\" \/>\n\t<meta property=\"og:image:height\" content=\"360\" \/>\n\t<meta property=\"og:image:type\" content=\"image\/jpeg\" \/>\n<meta name=\"author\" content=\"Forbes\" \/>\n<meta name=\"twitter:card\" content=\"summary_large_image\" \/>\n<meta name=\"twitter:creator\" content=\"@fidedignas\" \/>\n<meta name=\"twitter:site\" content=\"@fidedignas\" \/>\n<meta name=\"twitter:label1\" content=\"Escrito por\" \/>\n\t<meta name=\"twitter:data1\" content=\"Forbes\" \/>\n\t<meta name=\"twitter:label2\" content=\"Tiempo de lectura\" \/>\n\t<meta name=\"twitter:data2\" content=\"2 minutos\" \/>\n<script type=\"application\/ld+json\" class=\"yoast-schema-graph\">{\"@context\":\"https:\\\/\\\/schema.org\",\"@graph\":[{\"@type\":\"Article\",\"@id\":\"https:\\\/\\\/fuentesfidedignas.com.mx\\\/index.php\\\/2021\\\/10\\\/27\\\/no-hemos-recibido-reclamos-por-reforma-electrica-tatiana-clouthier\\\/#article\",\"isPartOf\":{\"@id\":\"https:\\\/\\\/fuentesfidedignas.com.mx\\\/index.php\\\/2021\\\/10\\\/27\\\/no-hemos-recibido-reclamos-por-reforma-electrica-tatiana-clouthier\\\/\"},\"author\":{\"name\":\"Forbes\",\"@id\":\"https:\\\/\\\/fuentesfidedignas.com.mx\\\/#\\\/schema\\\/person\\\/5623d53fe2e579d825b1679734abcc44\"},\"headline\":\"No hemos recibido reclamos por reforma el\u00e9ctrica: Tatiana Clouthier\",\"datePublished\":\"2021-10-27T21:41:32+00:00\",\"dateModified\":\"2021-10-27T21:41:33+00:00\",\"mainEntityOfPage\":{\"@id\":\"https:\\\/\\\/fuentesfidedignas.com.mx\\\/index.php\\\/2021\\\/10\\\/27\\\/no-hemos-recibido-reclamos-por-reforma-electrica-tatiana-clouthier\\\/\"},\"wordCount\":368,\"commentCount\":0,\"publisher\":{\"@id\":\"https:\\\/\\\/fuentesfidedignas.com.mx\\\/#organization\"},\"image\":{\"@id\":\"https:\\\/\\\/fuentesfidedignas.com.mx\\\/index.php\\\/2021\\\/10\\\/27\\\/no-hemos-recibido-reclamos-por-reforma-electrica-tatiana-clouthier\\\/#primaryimage\"},\"thumbnailUrl\":\"https:\\\/\\\/fuentesfidedignas.com.mx\\\/wp-content\\\/uploads\\\/2021\\\/10\\\/TATI_CLOUTHIER.jpg\",\"keywords\":[\"Reforma El\u00e9ctrica\",\"Tatiana Clouthier\"],\"articleSection\":[\"NOTICIAS NACIONALES\"],\"inLanguage\":\"es\",\"potentialAction\":[{\"@type\":\"CommentAction\",\"name\":\"Comment\",\"target\":[\"https:\\\/\\\/fuentesfidedignas.com.mx\\\/index.php\\\/2021\\\/10\\\/27\\\/no-hemos-recibido-reclamos-por-reforma-electrica-tatiana-clouthier\\\/#respond\"]}]},{\"@type\":\"WebPage\",\"@id\":\"https:\\\/\\\/fuentesfidedignas.com.mx\\\/index.php\\\/2021\\\/10\\\/27\\\/no-hemos-recibido-reclamos-por-reforma-electrica-tatiana-clouthier\\\/\",\"url\":\"https:\\\/\\\/fuentesfidedignas.com.mx\\\/index.php\\\/2021\\\/10\\\/27\\\/no-hemos-recibido-reclamos-por-reforma-electrica-tatiana-clouthier\\\/\",\"name\":\"No hemos recibido reclamos por reforma el\u00e9ctrica: Tatiana Clouthier - Fuentes Fidedignas\",\"isPartOf\":{\"@id\":\"https:\\\/\\\/fuentesfidedignas.com.mx\\\/#website\"},\"primaryImageOfPage\":{\"@id\":\"https:\\\/\\\/fuentesfidedignas.com.mx\\\/index.php\\\/2021\\\/10\\\/27\\\/no-hemos-recibido-reclamos-por-reforma-electrica-tatiana-clouthier\\\/#primaryimage\"},\"image\":{\"@id\":\"https:\\\/\\\/fuentesfidedignas.com.mx\\\/index.php\\\/2021\\\/10\\\/27\\\/no-hemos-recibido-reclamos-por-reforma-electrica-tatiana-clouthier\\\/#primaryimage\"},\"thumbnailUrl\":\"https:\\\/\\\/fuentesfidedignas.com.mx\\\/wp-content\\\/uploads\\\/2021\\\/10\\\/TATI_CLOUTHIER.jpg\",\"datePublished\":\"2021-10-27T21:41:32+00:00\",\"dateModified\":\"2021-10-27T21:41:33+00:00\",\"breadcrumb\":{\"@id\":\"https:\\\/\\\/fuentesfidedignas.com.mx\\\/index.php\\\/2021\\\/10\\\/27\\\/no-hemos-recibido-reclamos-por-reforma-electrica-tatiana-clouthier\\\/#breadcrumb\"},\"inLanguage\":\"es\",\"potentialAction\":[{\"@type\":\"ReadAction\",\"target\":[\"https:\\\/\\\/fuentesfidedignas.com.mx\\\/index.php\\\/2021\\\/10\\\/27\\\/no-hemos-recibido-reclamos-por-reforma-electrica-tatiana-clouthier\\\/\"]}]},{\"@type\":\"ImageObject\",\"inLanguage\":\"es\",\"@id\":\"https:\\\/\\\/fuentesfidedignas.com.mx\\\/index.php\\\/2021\\\/10\\\/27\\\/no-hemos-recibido-reclamos-por-reforma-electrica-tatiana-clouthier\\\/#primaryimage\",\"url\":\"https:\\\/\\\/fuentesfidedignas.com.mx\\\/wp-content\\\/uploads\\\/2021\\\/10\\\/TATI_CLOUTHIER.jpg\",\"contentUrl\":\"https:\\\/\\\/fuentesfidedignas.com.mx\\\/wp-content\\\/uploads\\\/2021\\\/10\\\/TATI_CLOUTHIER.jpg\",\"width\":640,\"height\":360},{\"@type\":\"BreadcrumbList\",\"@id\":\"https:\\\/\\\/fuentesfidedignas.com.mx\\\/index.php\\\/2021\\\/10\\\/27\\\/no-hemos-recibido-reclamos-por-reforma-electrica-tatiana-clouthier\\\/#breadcrumb\",\"itemListElement\":[{\"@type\":\"ListItem\",\"position\":1,\"name\":\"Inicio\",\"item\":\"https:\\\/\\\/fuentesfidedignas.com.mx\\\/\"},{\"@type\":\"ListItem\",\"position\":2,\"name\":\"No hemos recibido reclamos por reforma el\u00e9ctrica: Tatiana Clouthier\"}]},{\"@type\":\"WebSite\",\"@id\":\"https:\\\/\\\/fuentesfidedignas.com.mx\\\/#website\",\"url\":\"https:\\\/\\\/fuentesfidedignas.com.mx\\\/\",\"name\":\"Fuentes Fidedignas\",\"description\":\"Otro sitio realizado con WordPress\",\"publisher\":{\"@id\":\"https:\\\/\\\/fuentesfidedignas.com.mx\\\/#organization\"},\"potentialAction\":[{\"@type\":\"SearchAction\",\"target\":{\"@type\":\"EntryPoint\",\"urlTemplate\":\"https:\\\/\\\/fuentesfidedignas.com.mx\\\/?s={search_term_string}\"},\"query-input\":{\"@type\":\"PropertyValueSpecification\",\"valueRequired\":true,\"valueName\":\"search_term_string\"}}],\"inLanguage\":\"es\"},{\"@type\":\"Organization\",\"@id\":\"https:\\\/\\\/fuentesfidedignas.com.mx\\\/#organization\",\"name\":\"Fuentes Fidedignas\",\"url\":\"https:\\\/\\\/fuentesfidedignas.com.mx\\\/\",\"logo\":{\"@type\":\"ImageObject\",\"inLanguage\":\"es\",\"@id\":\"https:\\\/\\\/fuentesfidedignas.com.mx\\\/#\\\/schema\\\/logo\\\/image\\\/\",\"url\":\"https:\\\/\\\/fuentesfidedignas.com.mx\\\/wp-content\\\/uploads\\\/2021\\\/04\\\/logo-retina.png\",\"contentUrl\":\"https:\\\/\\\/fuentesfidedignas.com.mx\\\/wp-content\\\/uploads\\\/2021\\\/04\\\/logo-retina.png\",\"width\":280,\"height\":51,\"caption\":\"Fuentes Fidedignas\"},\"image\":{\"@id\":\"https:\\\/\\\/fuentesfidedignas.com.mx\\\/#\\\/schema\\\/logo\\\/image\\\/\"},\"sameAs\":[\"https:\\\/\\\/www.facebook.com\\\/Fuentes-Fidedignas-368234489921644\",\"https:\\\/\\\/x.com\\\/fidedignas\"]},{\"@type\":\"Person\",\"@id\":\"https:\\\/\\\/fuentesfidedignas.com.mx\\\/#\\\/schema\\\/person\\\/5623d53fe2e579d825b1679734abcc44\",\"name\":\"Forbes\",\"image\":{\"@type\":\"ImageObject\",\"inLanguage\":\"es\",\"@id\":\"https:\\\/\\\/secure.gravatar.com\\\/avatar\\\/87ce3dd4e41e60c22a79c758614f01a6bc2469255fc936ec7b15efb9bb5cb66f?s=96&d=mm&r=g\",\"url\":\"https:\\\/\\\/secure.gravatar.com\\\/avatar\\\/87ce3dd4e41e60c22a79c758614f01a6bc2469255fc936ec7b15efb9bb5cb66f?s=96&d=mm&r=g\",\"contentUrl\":\"https:\\\/\\\/secure.gravatar.com\\\/avatar\\\/87ce3dd4e41e60c22a79c758614f01a6bc2469255fc936ec7b15efb9bb5cb66f?s=96&d=mm&r=g\",\"caption\":\"Forbes\"},\"url\":\"https:\\\/\\\/fuentesfidedignas.com.mx\\\/index.php\\\/author\\\/forbes\\\/\"}]}<\/script>\n<!-- \/ Yoast SEO plugin. -->","yoast_head_json":{"title":"No hemos recibido reclamos por reforma el\u00e9ctrica: Tatiana Clouthier - Fuentes Fidedignas","robots":{"index":"index","follow":"follow","max-snippet":"max-snippet:-1","max-image-preview":"max-image-preview:large","max-video-preview":"max-video-preview:-1"},"canonical":"https:\/\/fuentesfidedignas.com.mx\/index.php\/2021\/10\/27\/no-hemos-recibido-reclamos-por-reforma-electrica-tatiana-clouthier\/","og_locale":"es_MX","og_type":"article","og_title":"No hemos recibido reclamos por reforma el\u00e9ctrica: Tatiana Clouthier - Fuentes Fidedignas","og_description":"Ante senadores, la secretaria de Econom\u00eda, Tatiana Clouthier, asegur\u00f3 que las empresas extranjeras tienen inter\u00e9s de invertir en M\u00e9xico. Ciudad de M\u00e9xico.- La secretaria de Econom\u00eda, Tatiana Clouthier, asegur\u00f3 que hasta el momento la dependencia a su cargo no ha recibido reclamos ni quejas de parte de socios internacionales por la propuesta que reforma a [&hellip;]","og_url":"https:\/\/fuentesfidedignas.com.mx\/index.php\/2021\/10\/27\/no-hemos-recibido-reclamos-por-reforma-electrica-tatiana-clouthier\/","og_site_name":"Fuentes Fidedignas","article_publisher":"https:\/\/www.facebook.com\/Fuentes-Fidedignas-368234489921644","article_published_time":"2021-10-27T21:41:32+00:00","article_modified_time":"2021-10-27T21:41:33+00:00","og_image":[{"width":640,"height":360,"url":"https:\/\/fuentesfidedignas.com.mx\/wp-content\/uploads\/2021\/10\/TATI_CLOUTHIER.jpg","type":"image\/jpeg"}],"author":"Forbes","twitter_card":"summary_large_image","twitter_creator":"@fidedignas","twitter_site":"@fidedignas","twitter_misc":{"Escrito por":"Forbes","Tiempo de lectura":"2 minutos"},"schema":{"@context":"https:\/\/schema.org","@graph":[{"@type":"Article","@id":"https:\/\/fuentesfidedignas.com.mx\/index.php\/2021\/10\/27\/no-hemos-recibido-reclamos-por-reforma-electrica-tatiana-clouthier\/#article","isPartOf":{"@id":"https:\/\/fuentesfidedignas.com.mx\/index.php\/2021\/10\/27\/no-hemos-recibido-reclamos-por-reforma-electrica-tatiana-clouthier\/"},"author":{"name":"Forbes","@id":"https:\/\/fuentesfidedignas.com.mx\/#\/schema\/person\/5623d53fe2e579d825b1679734abcc44"},"headline":"No hemos recibido reclamos por reforma el\u00e9ctrica: Tatiana Clouthier","datePublished":"2021-10-27T21:41:32+00:00","dateModified":"2021-10-27T21:41:33+00:00","mainEntityOfPage":{"@id":"https:\/\/fuentesfidedignas.com.mx\/index.php\/2021\/10\/27\/no-hemos-recibido-reclamos-por-reforma-electrica-tatiana-clouthier\/"},"wordCount":368,"commentCount":0,"publisher":{"@id":"https:\/\/fuentesfidedignas.com.mx\/#organization"},"image":{"@id":"https:\/\/fuentesfidedignas.com.mx\/index.php\/2021\/10\/27\/no-hemos-recibido-reclamos-por-reforma-electrica-tatiana-clouthier\/#primaryimage"},"thumbnailUrl":"https:\/\/fuentesfidedignas.com.mx\/wp-content\/uploads\/2021\/10\/TATI_CLOUTHIER.jpg","keywords":["Reforma El\u00e9ctrica","Tatiana Clouthier"],"articleSection":["NOTICIAS NACIONALES"],"inLanguage":"es","potentialAction":[{"@type":"CommentAction","name":"Comment","target":["https:\/\/fuentesfidedignas.com.mx\/index.php\/2021\/10\/27\/no-hemos-recibido-reclamos-por-reforma-electrica-tatiana-clouthier\/#respond"]}]},{"@type":"WebPage","@id":"https:\/\/fuentesfidedignas.com.mx\/index.php\/2021\/10\/27\/no-hemos-recibido-reclamos-por-reforma-electrica-tatiana-clouthier\/","url":"https:\/\/fuentesfidedignas.com.mx\/index.php\/2021\/10\/27\/no-hemos-recibido-reclamos-por-reforma-electrica-tatiana-clouthier\/","name":"No hemos recibido reclamos por reforma el\u00e9ctrica: Tatiana Clouthier - Fuentes Fidedignas","isPartOf":{"@id":"https:\/\/fuentesfidedignas.com.mx\/#website"},"primaryImageOfPage":{"@id":"https:\/\/fuentesfidedignas.com.mx\/index.php\/2021\/10\/27\/no-hemos-recibido-reclamos-por-reforma-electrica-tatiana-clouthier\/#primaryimage"},"image":{"@id":"https:\/\/fuentesfidedignas.com.mx\/index.php\/2021\/10\/27\/no-hemos-recibido-reclamos-por-reforma-electrica-tatiana-clouthier\/#primaryimage"},"thumbnailUrl":"https:\/\/fuentesfidedignas.com.mx\/wp-content\/uploads\/2021\/10\/TATI_CLOUTHIER.jpg","datePublished":"2021-10-27T21:41:32+00:00","dateModified":"2021-10-27T21:41:33+00:00","breadcrumb":{"@id":"https:\/\/fuentesfidedignas.com.mx\/index.php\/2021\/10\/27\/no-hemos-recibido-reclamos-por-reforma-electrica-tatiana-clouthier\/#breadcrumb"},"inLanguage":"es","potentialAction":[{"@type":"ReadAction","target":["https:\/\/fuentesfidedignas.com.mx\/index.php\/2021\/10\/27\/no-hemos-recibido-reclamos-por-reforma-electrica-tatiana-clouthier\/"]}]},{"@type":"ImageObject","inLanguage":"es","@id":"https:\/\/fuentesfidedignas.com.mx\/index.php\/2021\/10\/27\/no-hemos-recibido-reclamos-por-reforma-electrica-tatiana-clouthier\/#primaryimage","url":"https:\/\/fuentesfidedignas.com.mx\/wp-content\/uploads\/2021\/10\/TATI_CLOUTHIER.jpg","contentUrl":"https:\/\/fuentesfidedignas.com.mx\/wp-content\/uploads\/2021\/10\/TATI_CLOUTHIER.jpg","width":640,"height":360},{"@type":"BreadcrumbList","@id":"https:\/\/fuentesfidedignas.com.mx\/index.php\/2021\/10\/27\/no-hemos-recibido-reclamos-por-reforma-electrica-tatiana-clouthier\/#breadcrumb","itemListElement":[{"@type":"ListItem","position":1,"name":"Inicio","item":"https:\/\/fuentesfidedignas.com.mx\/"},{"@type":"ListItem","position":2,"name":"No hemos recibido reclamos por reforma el\u00e9ctrica: Tatiana Clouthier"}]},{"@type":"WebSite","@id":"https:\/\/fuentesfidedignas.com.mx\/#website","url":"https:\/\/fuentesfidedignas.com.mx\/","name":"Fuentes Fidedignas","description":"Otro sitio realizado con WordPress","publisher":{"@id":"https:\/\/fuentesfidedignas.com.mx\/#organization"},"potentialAction":[{"@type":"SearchAction","target":{"@type":"EntryPoint","urlTemplate":"https:\/\/fuentesfidedignas.com.mx\/?s={search_term_string}"},"query-input":{"@type":"PropertyValueSpecification","valueRequired":true,"valueName":"search_term_string"}}],"inLanguage":"es"},{"@type":"Organization","@id":"https:\/\/fuentesfidedignas.com.mx\/#organization","name":"Fuentes Fidedignas","url":"https:\/\/fuentesfidedignas.com.mx\/","logo":{"@type":"ImageObject","inLanguage":"es","@id":"https:\/\/fuentesfidedignas.com.mx\/#\/schema\/logo\/image\/","url":"https:\/\/fuentesfidedignas.com.mx\/wp-content\/uploads\/2021\/04\/logo-retina.png","contentUrl":"https:\/\/fuentesfidedignas.com.mx\/wp-content\/uploads\/2021\/04\/logo-retina.png","width":280,"height":51,"caption":"Fuentes Fidedignas"},"image":{"@id":"https:\/\/fuentesfidedignas.com.mx\/#\/schema\/logo\/image\/"},"sameAs":["https:\/\/www.facebook.com\/Fuentes-Fidedignas-368234489921644","https:\/\/x.com\/fidedignas"]},{"@type":"Person","@id":"https:\/\/fuentesfidedignas.com.mx\/#\/schema\/person\/5623d53fe2e579d825b1679734abcc44","name":"Forbes","image":{"@type":"ImageObject","inLanguage":"es","@id":"https:\/\/secure.gravatar.com\/avatar\/87ce3dd4e41e60c22a79c758614f01a6bc2469255fc936ec7b15efb9bb5cb66f?s=96&d=mm&r=g","url":"https:\/\/secure.gravatar.com\/avatar\/87ce3dd4e41e60c22a79c758614f01a6bc2469255fc936ec7b15efb9bb5cb66f?s=96&d=mm&r=g","contentUrl":"https:\/\/secure.gravatar.com\/avatar\/87ce3dd4e41e60c22a79c758614f01a6bc2469255fc936ec7b15efb9bb5cb66f?s=96&d=mm&r=g","caption":"Forbes"},"url":"https:\/\/fuentesfidedignas.com.mx\/index.php\/author\/forbes\/"}]}},"_links":{"self":[{"href":"https:\/\/fuentesfidedignas.com.mx\/index.php\/wp-json\/wp\/v2\/posts\/16072","targetHints":{"allow":["GET"]}}],"collection":[{"href":"https:\/\/fuentesfidedignas.com.mx\/index.php\/wp-json\/wp\/v2\/posts"}],"about":[{"href":"https:\/\/fuentesfidedignas.com.mx\/index.php\/wp-json\/wp\/v2\/types\/post"}],"author":[{"embeddable":true,"href":"https:\/\/fuentesfidedignas.com.mx\/index.php\/wp-json\/wp\/v2\/users\/5"}],"replies":[{"embeddable":true,"href":"https:\/\/fuentesfidedignas.com.mx\/index.php\/wp-json\/wp\/v2\/comments?post=16072"}],"version-history":[{"count":1,"href":"https:\/\/fuentesfidedignas.com.mx\/index.php\/wp-json\/wp\/v2\/posts\/16072\/revisions"}],"predecessor-version":[{"id":16074,"href":"https:\/\/fuentesfidedignas.com.mx\/index.php\/wp-json\/wp\/v2\/posts\/16072\/revisions\/16074"}],"wp:featuredmedia":[{"embeddable":true,"href":"https:\/\/fuentesfidedignas.com.mx\/index.php\/wp-json\/wp\/v2\/media\/16073"}],"wp:attachment":[{"href":"https:\/\/fuentesfidedignas.com.mx\/index.php\/wp-json\/wp\/v2\/media?parent=16072"}],"wp:term":[{"taxonomy":"category","embeddable":true,"href":"https:\/\/fuentesfidedignas.com.mx\/index.php\/wp-json\/wp\/v2\/categories?post=16072"},{"taxonomy":"post_tag","embeddable":true,"href":"https:\/\/fuentesfidedignas.com.mx\/index.php\/wp-json\/wp\/v2\/tags?post=16072"}],"curies":[{"name":"wp","href":"https:\/\/api.w.org\/{rel}","templated":true}]}}