{"id":16050,"date":"2021-10-27T12:35:38","date_gmt":"2021-10-27T19:35:38","guid":{"rendered":"https:\/\/fuentesfidedignas.com.mx\/?p=16050"},"modified":"2021-10-27T12:35:39","modified_gmt":"2021-10-27T19:35:39","slug":"pekin-pospone-su-maraton-por-rebrotes-de-coronavirus","status":"publish","type":"post","link":"https:\/\/fuentesfidedignas.com.mx\/index.php\/2021\/10\/27\/pekin-pospone-su-maraton-por-rebrotes-de-coronavirus\/","title":{"rendered":"Pek\u00edn pospone su marat\u00f3n por rebrotes de coronavirus"},"content":{"rendered":"\n<p><strong><em>Varias regiones de China sufren una nueva ola de contagios, por lo que los organizadores decidieron aplazar este evento masivo y de corte internacional<\/em><\/strong><\/p>\n\n\n\n<p>Ciudad de M\u00e9xico.- El comit\u00e9 organizador del Marat\u00f3n de Pek\u00edn anunci\u00f3 que pospondr\u00e1 el evento hasta una fecha todav\u00eda por determinar para prevenir la propagaci\u00f3n del coronavirus, del cual hay rebrotes activos en 11 provincias.<\/p>\n\n\n\n<p>La carrera en la capital china, que se celebr\u00f3 por primera vez en 1981, estaba prevista para el 31 de octubre e iba a contar con la participaci\u00f3n de 30 mil personas.<\/p>\n\n\n\n<p>Sin embargo, el \u00faltimo rebrote detectado a mediados de octubre a ra\u00edz del viaje de un grupo de jubilados a zonas tur\u00edsticas de las provincias de Gansu (norte), Mongolia Interior (norte) y Shaanxi (centro) ha hecho levantar las alarmas en Pek\u00edn, donde hay m\u00e1s de 20 casos confirmados de covid.<\/p>\n\n\n\n<p>La capital china se prepara para organizar en febrero los Juegos Ol\u00edmpicos de Invierno, que se celebrar\u00e1n bajo estrictas medidas preventivas contra la pandemia.<\/p>\n\n\n\n<p>El subdirector del Centro de Control de Enfermedades, Wu Liangyou, asegur\u00f3 el domingo que este \u00faltimo rebrote es de la variante delta, del cual se\u00f1al\u00f3 su \u201cfuerte capacidad de transmisi\u00f3n\u201d.<\/p>\n\n\n\n<p>Wu explic\u00f3 pese a que todav\u00eda \u201cse desconoce el origen del rebrote\u201d, s\u00ed se ha podido \u201cidentificar la cadena de contagio\u201d en m\u00e1s de 106 casos positivos, los cuales estar\u00edan relacionados con una serie de viajes en grupo. Por ello, algunos lugares afectados como la provincia de Shaanxi han cancelado los viajes grupales procedentes de otras provincias.<\/p>\n\n\n\n<p>Las autoridades han respondido a estos rebrotes, que ya han dejado un total de 190 casos activos en la parte continental de China, con su manual habitual: test masivos de \u00e1cido nucleico y restricci\u00f3n de movimientos a y desde las ciudades afectadas.<\/p>\n\n\n\n<p>\u00c9ste ya es el rebrote m\u00e1s grave desde el surgido en julio en el aeropuerto de la ciudad de Nank\u00edn que, pese a dejar 15 provincias afectadas, pudo ser controlado sin registrar ninguna muerte.<\/p>\n","protected":false},"excerpt":{"rendered":"<p>Varias regiones de China sufren una nueva ola de contagios, por lo que los organizadores decidieron aplazar este evento masivo y de corte internacional Ciudad de M\u00e9xico.- El comit\u00e9 organizador del Marat\u00f3n de Pek\u00edn anunci\u00f3 que pospondr\u00e1 el evento hasta una fecha todav\u00eda por determinar para prevenir la propagaci\u00f3n del coronavirus, del cual hay rebrotes [&hellip;]<\/p>\n","protected":false},"author":22,"featured_media":16051,"comment_status":"open","ping_status":"open","sticky":false,"template":"","format":"standard","meta":{"tdm_status":"","tdm_grid_status":"","footnotes":""},"categories":[39],"tags":[332,59,1118,416,407],"class_list":{"0":"post-16050","1":"post","2":"type-post","3":"status-publish","4":"format-standard","5":"has-post-thumbnail","7":"category-noticias-nacionales","8":"tag-coronavirus","9":"tag-covid-19","10":"tag-pekin","11":"tag-sars-cov-2","12":"tag-vacuna-anticovid"},"yoast_head":"<!-- This site is optimized with the Yoast SEO plugin v27.5 - https:\/\/yoast.com\/product\/yoast-seo-wordpress\/ -->\n<title>Pek\u00edn pospone su marat\u00f3n por rebrotes de coronavirus - Fuentes Fidedignas<\/title>\n<meta name=\"robots\" content=\"index, follow, max-snippet:-1, max-image-preview:large, max-video-preview:-1\" \/>\n<link rel=\"canonical\" href=\"https:\/\/fuentesfidedignas.com.mx\/index.php\/2021\/10\/27\/pekin-pospone-su-maraton-por-rebrotes-de-coronavirus\/\" \/>\n<meta property=\"og:locale\" content=\"es_MX\" \/>\n<meta property=\"og:type\" content=\"article\" \/>\n<meta property=\"og:title\" content=\"Pek\u00edn pospone su marat\u00f3n por rebrotes de coronavirus - Fuentes Fidedignas\" \/>\n<meta property=\"og:description\" content=\"Varias regiones de China sufren una nueva ola de contagios, por lo que los organizadores decidieron aplazar este evento masivo y de corte internacional Ciudad de M\u00e9xico.- El comit\u00e9 organizador del Marat\u00f3n de Pek\u00edn anunci\u00f3 que pospondr\u00e1 el evento hasta una fecha todav\u00eda por determinar para prevenir la propagaci\u00f3n del coronavirus, del cual hay rebrotes [&hellip;]\" \/>\n<meta property=\"og:url\" content=\"https:\/\/fuentesfidedignas.com.mx\/index.php\/2021\/10\/27\/pekin-pospone-su-maraton-por-rebrotes-de-coronavirus\/\" \/>\n<meta property=\"og:site_name\" content=\"Fuentes Fidedignas\" \/>\n<meta property=\"article:publisher\" content=\"https:\/\/www.facebook.com\/Fuentes-Fidedignas-368234489921644\" \/>\n<meta property=\"article:published_time\" content=\"2021-10-27T19:35:38+00:00\" \/>\n<meta property=\"article:modified_time\" content=\"2021-10-27T19:35:39+00:00\" \/>\n<meta property=\"og:image\" content=\"https:\/\/fuentesfidedignas.com.mx\/wp-content\/uploads\/2021\/10\/pekin-kHdG-624x385@Diario-Vasco.jpg\" \/>\n\t<meta property=\"og:image:width\" content=\"624\" \/>\n\t<meta property=\"og:image:height\" content=\"385\" \/>\n\t<meta property=\"og:image:type\" content=\"image\/jpeg\" \/>\n<meta name=\"author\" content=\"EFE\" \/>\n<meta name=\"twitter:card\" content=\"summary_large_image\" \/>\n<meta name=\"twitter:creator\" content=\"@fidedignas\" \/>\n<meta name=\"twitter:site\" content=\"@fidedignas\" \/>\n<meta name=\"twitter:label1\" content=\"Escrito por\" \/>\n\t<meta name=\"twitter:data1\" content=\"EFE\" \/>\n\t<meta name=\"twitter:label2\" content=\"Tiempo de lectura\" \/>\n\t<meta name=\"twitter:data2\" content=\"2 minutos\" \/>\n<script type=\"application\/ld+json\" class=\"yoast-schema-graph\">{\"@context\":\"https:\\\/\\\/schema.org\",\"@graph\":[{\"@type\":\"Article\",\"@id\":\"https:\\\/\\\/fuentesfidedignas.com.mx\\\/index.php\\\/2021\\\/10\\\/27\\\/pekin-pospone-su-maraton-por-rebrotes-de-coronavirus\\\/#article\",\"isPartOf\":{\"@id\":\"https:\\\/\\\/fuentesfidedignas.com.mx\\\/index.php\\\/2021\\\/10\\\/27\\\/pekin-pospone-su-maraton-por-rebrotes-de-coronavirus\\\/\"},\"author\":{\"name\":\"EFE\",\"@id\":\"https:\\\/\\\/fuentesfidedignas.com.mx\\\/#\\\/schema\\\/person\\\/0d44615087b5a626d5d3f13afe31ac41\"},\"headline\":\"Pek\u00edn pospone su marat\u00f3n por rebrotes de coronavirus\",\"datePublished\":\"2021-10-27T19:35:38+00:00\",\"dateModified\":\"2021-10-27T19:35:39+00:00\",\"mainEntityOfPage\":{\"@id\":\"https:\\\/\\\/fuentesfidedignas.com.mx\\\/index.php\\\/2021\\\/10\\\/27\\\/pekin-pospone-su-maraton-por-rebrotes-de-coronavirus\\\/\"},\"wordCount\":351,\"commentCount\":0,\"publisher\":{\"@id\":\"https:\\\/\\\/fuentesfidedignas.com.mx\\\/#organization\"},\"image\":{\"@id\":\"https:\\\/\\\/fuentesfidedignas.com.mx\\\/index.php\\\/2021\\\/10\\\/27\\\/pekin-pospone-su-maraton-por-rebrotes-de-coronavirus\\\/#primaryimage\"},\"thumbnailUrl\":\"https:\\\/\\\/fuentesfidedignas.com.mx\\\/wp-content\\\/uploads\\\/2021\\\/10\\\/pekin-kHdG-624x385@Diario-Vasco.jpg\",\"keywords\":[\"Coronavirus\",\"Covid-19\",\"Pek\u00edn\",\"SARS-CoV-2\",\"Vacuna anticovid\"],\"articleSection\":[\"NOTICIAS NACIONALES\"],\"inLanguage\":\"es\",\"potentialAction\":[{\"@type\":\"CommentAction\",\"name\":\"Comment\",\"target\":[\"https:\\\/\\\/fuentesfidedignas.com.mx\\\/index.php\\\/2021\\\/10\\\/27\\\/pekin-pospone-su-maraton-por-rebrotes-de-coronavirus\\\/#respond\"]}]},{\"@type\":\"WebPage\",\"@id\":\"https:\\\/\\\/fuentesfidedignas.com.mx\\\/index.php\\\/2021\\\/10\\\/27\\\/pekin-pospone-su-maraton-por-rebrotes-de-coronavirus\\\/\",\"url\":\"https:\\\/\\\/fuentesfidedignas.com.mx\\\/index.php\\\/2021\\\/10\\\/27\\\/pekin-pospone-su-maraton-por-rebrotes-de-coronavirus\\\/\",\"name\":\"Pek\u00edn pospone su marat\u00f3n por rebrotes de coronavirus - Fuentes Fidedignas\",\"isPartOf\":{\"@id\":\"https:\\\/\\\/fuentesfidedignas.com.mx\\\/#website\"},\"primaryImageOfPage\":{\"@id\":\"https:\\\/\\\/fuentesfidedignas.com.mx\\\/index.php\\\/2021\\\/10\\\/27\\\/pekin-pospone-su-maraton-por-rebrotes-de-coronavirus\\\/#primaryimage\"},\"image\":{\"@id\":\"https:\\\/\\\/fuentesfidedignas.com.mx\\\/index.php\\\/2021\\\/10\\\/27\\\/pekin-pospone-su-maraton-por-rebrotes-de-coronavirus\\\/#primaryimage\"},\"thumbnailUrl\":\"https:\\\/\\\/fuentesfidedignas.com.mx\\\/wp-content\\\/uploads\\\/2021\\\/10\\\/pekin-kHdG-624x385@Diario-Vasco.jpg\",\"datePublished\":\"2021-10-27T19:35:38+00:00\",\"dateModified\":\"2021-10-27T19:35:39+00:00\",\"breadcrumb\":{\"@id\":\"https:\\\/\\\/fuentesfidedignas.com.mx\\\/index.php\\\/2021\\\/10\\\/27\\\/pekin-pospone-su-maraton-por-rebrotes-de-coronavirus\\\/#breadcrumb\"},\"inLanguage\":\"es\",\"potentialAction\":[{\"@type\":\"ReadAction\",\"target\":[\"https:\\\/\\\/fuentesfidedignas.com.mx\\\/index.php\\\/2021\\\/10\\\/27\\\/pekin-pospone-su-maraton-por-rebrotes-de-coronavirus\\\/\"]}]},{\"@type\":\"ImageObject\",\"inLanguage\":\"es\",\"@id\":\"https:\\\/\\\/fuentesfidedignas.com.mx\\\/index.php\\\/2021\\\/10\\\/27\\\/pekin-pospone-su-maraton-por-rebrotes-de-coronavirus\\\/#primaryimage\",\"url\":\"https:\\\/\\\/fuentesfidedignas.com.mx\\\/wp-content\\\/uploads\\\/2021\\\/10\\\/pekin-kHdG-624x385@Diario-Vasco.jpg\",\"contentUrl\":\"https:\\\/\\\/fuentesfidedignas.com.mx\\\/wp-content\\\/uploads\\\/2021\\\/10\\\/pekin-kHdG-624x385@Diario-Vasco.jpg\",\"width\":624,\"height\":385},{\"@type\":\"BreadcrumbList\",\"@id\":\"https:\\\/\\\/fuentesfidedignas.com.mx\\\/index.php\\\/2021\\\/10\\\/27\\\/pekin-pospone-su-maraton-por-rebrotes-de-coronavirus\\\/#breadcrumb\",\"itemListElement\":[{\"@type\":\"ListItem\",\"position\":1,\"name\":\"Inicio\",\"item\":\"https:\\\/\\\/fuentesfidedignas.com.mx\\\/\"},{\"@type\":\"ListItem\",\"position\":2,\"name\":\"Pek\u00edn pospone su marat\u00f3n por rebrotes de coronavirus\"}]},{\"@type\":\"WebSite\",\"@id\":\"https:\\\/\\\/fuentesfidedignas.com.mx\\\/#website\",\"url\":\"https:\\\/\\\/fuentesfidedignas.com.mx\\\/\",\"name\":\"Fuentes Fidedignas\",\"description\":\"Otro sitio realizado con WordPress\",\"publisher\":{\"@id\":\"https:\\\/\\\/fuentesfidedignas.com.mx\\\/#organization\"},\"potentialAction\":[{\"@type\":\"SearchAction\",\"target\":{\"@type\":\"EntryPoint\",\"urlTemplate\":\"https:\\\/\\\/fuentesfidedignas.com.mx\\\/?s={search_term_string}\"},\"query-input\":{\"@type\":\"PropertyValueSpecification\",\"valueRequired\":true,\"valueName\":\"search_term_string\"}}],\"inLanguage\":\"es\"},{\"@type\":\"Organization\",\"@id\":\"https:\\\/\\\/fuentesfidedignas.com.mx\\\/#organization\",\"name\":\"Fuentes Fidedignas\",\"url\":\"https:\\\/\\\/fuentesfidedignas.com.mx\\\/\",\"logo\":{\"@type\":\"ImageObject\",\"inLanguage\":\"es\",\"@id\":\"https:\\\/\\\/fuentesfidedignas.com.mx\\\/#\\\/schema\\\/logo\\\/image\\\/\",\"url\":\"https:\\\/\\\/fuentesfidedignas.com.mx\\\/wp-content\\\/uploads\\\/2021\\\/04\\\/logo-retina.png\",\"contentUrl\":\"https:\\\/\\\/fuentesfidedignas.com.mx\\\/wp-content\\\/uploads\\\/2021\\\/04\\\/logo-retina.png\",\"width\":280,\"height\":51,\"caption\":\"Fuentes Fidedignas\"},\"image\":{\"@id\":\"https:\\\/\\\/fuentesfidedignas.com.mx\\\/#\\\/schema\\\/logo\\\/image\\\/\"},\"sameAs\":[\"https:\\\/\\\/www.facebook.com\\\/Fuentes-Fidedignas-368234489921644\",\"https:\\\/\\\/x.com\\\/fidedignas\"]},{\"@type\":\"Person\",\"@id\":\"https:\\\/\\\/fuentesfidedignas.com.mx\\\/#\\\/schema\\\/person\\\/0d44615087b5a626d5d3f13afe31ac41\",\"name\":\"EFE\",\"image\":{\"@type\":\"ImageObject\",\"inLanguage\":\"es\",\"@id\":\"https:\\\/\\\/secure.gravatar.com\\\/avatar\\\/7048c2d9b569d9bed55bb53ad23821e6e047aa66338fb6ea9868627bbb9f54e8?s=96&d=mm&r=g\",\"url\":\"https:\\\/\\\/secure.gravatar.com\\\/avatar\\\/7048c2d9b569d9bed55bb53ad23821e6e047aa66338fb6ea9868627bbb9f54e8?s=96&d=mm&r=g\",\"contentUrl\":\"https:\\\/\\\/secure.gravatar.com\\\/avatar\\\/7048c2d9b569d9bed55bb53ad23821e6e047aa66338fb6ea9868627bbb9f54e8?s=96&d=mm&r=g\",\"caption\":\"EFE\"},\"url\":\"https:\\\/\\\/fuentesfidedignas.com.mx\\\/index.php\\\/author\\\/efe\\\/\"}]}<\/script>\n<!-- \/ Yoast SEO plugin. -->","yoast_head_json":{"title":"Pek\u00edn pospone su marat\u00f3n por rebrotes de coronavirus - Fuentes Fidedignas","robots":{"index":"index","follow":"follow","max-snippet":"max-snippet:-1","max-image-preview":"max-image-preview:large","max-video-preview":"max-video-preview:-1"},"canonical":"https:\/\/fuentesfidedignas.com.mx\/index.php\/2021\/10\/27\/pekin-pospone-su-maraton-por-rebrotes-de-coronavirus\/","og_locale":"es_MX","og_type":"article","og_title":"Pek\u00edn pospone su marat\u00f3n por rebrotes de coronavirus - Fuentes Fidedignas","og_description":"Varias regiones de China sufren una nueva ola de contagios, por lo que los organizadores decidieron aplazar este evento masivo y de corte internacional Ciudad de M\u00e9xico.- El comit\u00e9 organizador del Marat\u00f3n de Pek\u00edn anunci\u00f3 que pospondr\u00e1 el evento hasta una fecha todav\u00eda por determinar para prevenir la propagaci\u00f3n del coronavirus, del cual hay rebrotes [&hellip;]","og_url":"https:\/\/fuentesfidedignas.com.mx\/index.php\/2021\/10\/27\/pekin-pospone-su-maraton-por-rebrotes-de-coronavirus\/","og_site_name":"Fuentes Fidedignas","article_publisher":"https:\/\/www.facebook.com\/Fuentes-Fidedignas-368234489921644","article_published_time":"2021-10-27T19:35:38+00:00","article_modified_time":"2021-10-27T19:35:39+00:00","og_image":[{"width":624,"height":385,"url":"https:\/\/fuentesfidedignas.com.mx\/wp-content\/uploads\/2021\/10\/pekin-kHdG-624x385@Diario-Vasco.jpg","type":"image\/jpeg"}],"author":"EFE","twitter_card":"summary_large_image","twitter_creator":"@fidedignas","twitter_site":"@fidedignas","twitter_misc":{"Escrito por":"EFE","Tiempo de lectura":"2 minutos"},"schema":{"@context":"https:\/\/schema.org","@graph":[{"@type":"Article","@id":"https:\/\/fuentesfidedignas.com.mx\/index.php\/2021\/10\/27\/pekin-pospone-su-maraton-por-rebrotes-de-coronavirus\/#article","isPartOf":{"@id":"https:\/\/fuentesfidedignas.com.mx\/index.php\/2021\/10\/27\/pekin-pospone-su-maraton-por-rebrotes-de-coronavirus\/"},"author":{"name":"EFE","@id":"https:\/\/fuentesfidedignas.com.mx\/#\/schema\/person\/0d44615087b5a626d5d3f13afe31ac41"},"headline":"Pek\u00edn pospone su marat\u00f3n por rebrotes de coronavirus","datePublished":"2021-10-27T19:35:38+00:00","dateModified":"2021-10-27T19:35:39+00:00","mainEntityOfPage":{"@id":"https:\/\/fuentesfidedignas.com.mx\/index.php\/2021\/10\/27\/pekin-pospone-su-maraton-por-rebrotes-de-coronavirus\/"},"wordCount":351,"commentCount":0,"publisher":{"@id":"https:\/\/fuentesfidedignas.com.mx\/#organization"},"image":{"@id":"https:\/\/fuentesfidedignas.com.mx\/index.php\/2021\/10\/27\/pekin-pospone-su-maraton-por-rebrotes-de-coronavirus\/#primaryimage"},"thumbnailUrl":"https:\/\/fuentesfidedignas.com.mx\/wp-content\/uploads\/2021\/10\/pekin-kHdG-624x385@Diario-Vasco.jpg","keywords":["Coronavirus","Covid-19","Pek\u00edn","SARS-CoV-2","Vacuna anticovid"],"articleSection":["NOTICIAS NACIONALES"],"inLanguage":"es","potentialAction":[{"@type":"CommentAction","name":"Comment","target":["https:\/\/fuentesfidedignas.com.mx\/index.php\/2021\/10\/27\/pekin-pospone-su-maraton-por-rebrotes-de-coronavirus\/#respond"]}]},{"@type":"WebPage","@id":"https:\/\/fuentesfidedignas.com.mx\/index.php\/2021\/10\/27\/pekin-pospone-su-maraton-por-rebrotes-de-coronavirus\/","url":"https:\/\/fuentesfidedignas.com.mx\/index.php\/2021\/10\/27\/pekin-pospone-su-maraton-por-rebrotes-de-coronavirus\/","name":"Pek\u00edn pospone su marat\u00f3n por rebrotes de coronavirus - Fuentes Fidedignas","isPartOf":{"@id":"https:\/\/fuentesfidedignas.com.mx\/#website"},"primaryImageOfPage":{"@id":"https:\/\/fuentesfidedignas.com.mx\/index.php\/2021\/10\/27\/pekin-pospone-su-maraton-por-rebrotes-de-coronavirus\/#primaryimage"},"image":{"@id":"https:\/\/fuentesfidedignas.com.mx\/index.php\/2021\/10\/27\/pekin-pospone-su-maraton-por-rebrotes-de-coronavirus\/#primaryimage"},"thumbnailUrl":"https:\/\/fuentesfidedignas.com.mx\/wp-content\/uploads\/2021\/10\/pekin-kHdG-624x385@Diario-Vasco.jpg","datePublished":"2021-10-27T19:35:38+00:00","dateModified":"2021-10-27T19:35:39+00:00","breadcrumb":{"@id":"https:\/\/fuentesfidedignas.com.mx\/index.php\/2021\/10\/27\/pekin-pospone-su-maraton-por-rebrotes-de-coronavirus\/#breadcrumb"},"inLanguage":"es","potentialAction":[{"@type":"ReadAction","target":["https:\/\/fuentesfidedignas.com.mx\/index.php\/2021\/10\/27\/pekin-pospone-su-maraton-por-rebrotes-de-coronavirus\/"]}]},{"@type":"ImageObject","inLanguage":"es","@id":"https:\/\/fuentesfidedignas.com.mx\/index.php\/2021\/10\/27\/pekin-pospone-su-maraton-por-rebrotes-de-coronavirus\/#primaryimage","url":"https:\/\/fuentesfidedignas.com.mx\/wp-content\/uploads\/2021\/10\/pekin-kHdG-624x385@Diario-Vasco.jpg","contentUrl":"https:\/\/fuentesfidedignas.com.mx\/wp-content\/uploads\/2021\/10\/pekin-kHdG-624x385@Diario-Vasco.jpg","width":624,"height":385},{"@type":"BreadcrumbList","@id":"https:\/\/fuentesfidedignas.com.mx\/index.php\/2021\/10\/27\/pekin-pospone-su-maraton-por-rebrotes-de-coronavirus\/#breadcrumb","itemListElement":[{"@type":"ListItem","position":1,"name":"Inicio","item":"https:\/\/fuentesfidedignas.com.mx\/"},{"@type":"ListItem","position":2,"name":"Pek\u00edn pospone su marat\u00f3n por rebrotes de coronavirus"}]},{"@type":"WebSite","@id":"https:\/\/fuentesfidedignas.com.mx\/#website","url":"https:\/\/fuentesfidedignas.com.mx\/","name":"Fuentes Fidedignas","description":"Otro sitio realizado con WordPress","publisher":{"@id":"https:\/\/fuentesfidedignas.com.mx\/#organization"},"potentialAction":[{"@type":"SearchAction","target":{"@type":"EntryPoint","urlTemplate":"https:\/\/fuentesfidedignas.com.mx\/?s={search_term_string}"},"query-input":{"@type":"PropertyValueSpecification","valueRequired":true,"valueName":"search_term_string"}}],"inLanguage":"es"},{"@type":"Organization","@id":"https:\/\/fuentesfidedignas.com.mx\/#organization","name":"Fuentes Fidedignas","url":"https:\/\/fuentesfidedignas.com.mx\/","logo":{"@type":"ImageObject","inLanguage":"es","@id":"https:\/\/fuentesfidedignas.com.mx\/#\/schema\/logo\/image\/","url":"https:\/\/fuentesfidedignas.com.mx\/wp-content\/uploads\/2021\/04\/logo-retina.png","contentUrl":"https:\/\/fuentesfidedignas.com.mx\/wp-content\/uploads\/2021\/04\/logo-retina.png","width":280,"height":51,"caption":"Fuentes Fidedignas"},"image":{"@id":"https:\/\/fuentesfidedignas.com.mx\/#\/schema\/logo\/image\/"},"sameAs":["https:\/\/www.facebook.com\/Fuentes-Fidedignas-368234489921644","https:\/\/x.com\/fidedignas"]},{"@type":"Person","@id":"https:\/\/fuentesfidedignas.com.mx\/#\/schema\/person\/0d44615087b5a626d5d3f13afe31ac41","name":"EFE","image":{"@type":"ImageObject","inLanguage":"es","@id":"https:\/\/secure.gravatar.com\/avatar\/7048c2d9b569d9bed55bb53ad23821e6e047aa66338fb6ea9868627bbb9f54e8?s=96&d=mm&r=g","url":"https:\/\/secure.gravatar.com\/avatar\/7048c2d9b569d9bed55bb53ad23821e6e047aa66338fb6ea9868627bbb9f54e8?s=96&d=mm&r=g","contentUrl":"https:\/\/secure.gravatar.com\/avatar\/7048c2d9b569d9bed55bb53ad23821e6e047aa66338fb6ea9868627bbb9f54e8?s=96&d=mm&r=g","caption":"EFE"},"url":"https:\/\/fuentesfidedignas.com.mx\/index.php\/author\/efe\/"}]}},"_links":{"self":[{"href":"https:\/\/fuentesfidedignas.com.mx\/index.php\/wp-json\/wp\/v2\/posts\/16050","targetHints":{"allow":["GET"]}}],"collection":[{"href":"https:\/\/fuentesfidedignas.com.mx\/index.php\/wp-json\/wp\/v2\/posts"}],"about":[{"href":"https:\/\/fuentesfidedignas.com.mx\/index.php\/wp-json\/wp\/v2\/types\/post"}],"author":[{"embeddable":true,"href":"https:\/\/fuentesfidedignas.com.mx\/index.php\/wp-json\/wp\/v2\/users\/22"}],"replies":[{"embeddable":true,"href":"https:\/\/fuentesfidedignas.com.mx\/index.php\/wp-json\/wp\/v2\/comments?post=16050"}],"version-history":[{"count":1,"href":"https:\/\/fuentesfidedignas.com.mx\/index.php\/wp-json\/wp\/v2\/posts\/16050\/revisions"}],"predecessor-version":[{"id":16052,"href":"https:\/\/fuentesfidedignas.com.mx\/index.php\/wp-json\/wp\/v2\/posts\/16050\/revisions\/16052"}],"wp:featuredmedia":[{"embeddable":true,"href":"https:\/\/fuentesfidedignas.com.mx\/index.php\/wp-json\/wp\/v2\/media\/16051"}],"wp:attachment":[{"href":"https:\/\/fuentesfidedignas.com.mx\/index.php\/wp-json\/wp\/v2\/media?parent=16050"}],"wp:term":[{"taxonomy":"category","embeddable":true,"href":"https:\/\/fuentesfidedignas.com.mx\/index.php\/wp-json\/wp\/v2\/categories?post=16050"},{"taxonomy":"post_tag","embeddable":true,"href":"https:\/\/fuentesfidedignas.com.mx\/index.php\/wp-json\/wp\/v2\/tags?post=16050"}],"curies":[{"name":"wp","href":"https:\/\/api.w.org\/{rel}","templated":true}]}}