{"id":16025,"date":"2021-10-27T10:38:24","date_gmt":"2021-10-27T17:38:24","guid":{"rendered":"https:\/\/fuentesfidedignas.com.mx\/?p=16025"},"modified":"2021-10-27T10:38:27","modified_gmt":"2021-10-27T17:38:27","slug":"fijan-el-juicio-de-garcia-luna-para-el-24-de-octubre-de-2022","status":"publish","type":"post","link":"https:\/\/fuentesfidedignas.com.mx\/index.php\/2021\/10\/27\/fijan-el-juicio-de-garcia-luna-para-el-24-de-octubre-de-2022\/","title":{"rendered":"Fijan el juicio de Garc\u00eda Luna para el 24 de octubre de 2022"},"content":{"rendered":"\n<p><strong><em>La defensa, encabezada por el abogado Cesar de Castro, se\u00f1al\u00f3 que est\u00e1 analizando los m\u00e1s de un mill\u00f3n de documentos entregados por la fiscal\u00eda en este caso<\/em><\/strong><\/p>\n\n\n\n<p>Nueva York. El juicio de Genaro Garc\u00eda Luna se iniciar\u00e1 el 24 de octubre de 2022 y durar\u00e1, seg\u00fan c\u00e1lculos de la fiscal\u00eda estadunidense, aproximadamente ocho semanas.<\/p>\n\n\n\n<p>En una audiencia judicial preparativa para el el juicio del ex secretario de Seguridad Publica ante el Tribunal Federal del Distrito del Este de Nueva York, el juez federal Brian Cogan &#8211; el mismo que presidi\u00f3 el juicio de Joaqu\u00edn Guzm\u00e1n Loera El Chapo &#8211; determin\u00f3 establecer el 24 de octubre de 2022 como fecha para iniciar el juicio de Garc\u00eda Luna, proceso que arranca con la selecci\u00f3n de un jurado.<\/p>\n\n\n\n<p>A la vez, el juez Cogan con el acuerdo de la fiscal\u00eda y la defensa, estableci\u00f3 una fecha alternativa en enero de 2023 (el 9 o el 16) en caso de que las partes no logren estar preparados para iniciar el juicio en octubre. Esto ante preocupaciones por las demoras en la preparaci\u00f3n y proceso preliminar del caso atribuidas tanto a su complejidad y dimensi\u00f3n internacional como por las condiciones de la pandemia.<\/p>\n\n\n\n<p>La defensa, encabezada por el abogado Cesar de Castro, se\u00f1al\u00f3 que est\u00e1 analizando los m\u00e1s de un mill\u00f3n de documentos entregados por la fiscal\u00eda en este caso &#8211; afirmando que gran parte de esa evidencia no se refiere directamente a su cliente &#8211; y que eso no incluye el material sustancial de audio-grabaciones.<\/p>\n\n\n\n<p>La pr\u00f3xima cita en las fases preparativas del caso es el 15 de diciembre donde se evaluar\u00e1 la solicitud de la fiscal\u00eda sobre el manejo de informaci\u00f3n clasificada durante el eventual juicio.<\/p>\n\n\n\n<p>Garc\u00eda Luna est\u00e1 acusado en Estados Unidos de que entre 2001 y 2005, cuando encabezaba la Agencia Federal de Investigaciones, y de 2006 a 2012, como secretario de Seguridad Publica, acept\u00f3 \u201cmillones de d\u00f3lares en sobornos del Cartel de Sinaloa a cambio de otorgar protecci\u00f3n para sus actividades de trafico de drogas\u201d.<\/p>\n\n\n\n<p>Nokia construir\u00e1 la primera red celular en la Luna<br>El acusado fue arrestado en Dallas por agentes federales el 9 de diciembre de 2019 y est\u00e1 encarcelado en Nueva York en espera de su juicio. El caso incluye la acusaci\u00f3n a dos de sus ex-subordinados, Luis C\u00e1rdenas Palomino y Ram\u00f3n Peque\u00f1o Garc\u00eda, quienes son calificados como pr\u00f3fugos de la justicia de Estados Unidos.<\/p>\n","protected":false},"excerpt":{"rendered":"<p>La defensa, encabezada por el abogado Cesar de Castro, se\u00f1al\u00f3 que est\u00e1 analizando los m\u00e1s de un mill\u00f3n de documentos entregados por la fiscal\u00eda en este caso Nueva York. El juicio de Genaro Garc\u00eda Luna se iniciar\u00e1 el 24 de octubre de 2022 y durar\u00e1, seg\u00fan c\u00e1lculos de la fiscal\u00eda estadunidense, aproximadamente ocho semanas. En [&hellip;]<\/p>\n","protected":false},"author":45,"featured_media":16026,"comment_status":"open","ping_status":"open","sticky":false,"template":"","format":"standard","meta":{"tdm_status":"","tdm_grid_status":"","footnotes":""},"categories":[39],"tags":[],"class_list":{"0":"post-16025","1":"post","2":"type-post","3":"status-publish","4":"format-standard","5":"has-post-thumbnail","7":"category-noticias-nacionales"},"yoast_head":"<!-- This site is optimized with the Yoast SEO plugin v27.4 - https:\/\/yoast.com\/product\/yoast-seo-wordpress\/ -->\n<title>Fijan el juicio de Garc\u00eda Luna para el 24 de octubre de 2022 - Fuentes Fidedignas<\/title>\n<meta name=\"robots\" content=\"index, follow, max-snippet:-1, max-image-preview:large, max-video-preview:-1\" \/>\n<link rel=\"canonical\" href=\"https:\/\/fuentesfidedignas.com.mx\/index.php\/2021\/10\/27\/fijan-el-juicio-de-garcia-luna-para-el-24-de-octubre-de-2022\/\" \/>\n<meta property=\"og:locale\" content=\"es_MX\" \/>\n<meta property=\"og:type\" content=\"article\" \/>\n<meta property=\"og:title\" content=\"Fijan el juicio de Garc\u00eda Luna para el 24 de octubre de 2022 - Fuentes Fidedignas\" \/>\n<meta property=\"og:description\" content=\"La defensa, encabezada por el abogado Cesar de Castro, se\u00f1al\u00f3 que est\u00e1 analizando los m\u00e1s de un mill\u00f3n de documentos entregados por la fiscal\u00eda en este caso Nueva York. El juicio de Genaro Garc\u00eda Luna se iniciar\u00e1 el 24 de octubre de 2022 y durar\u00e1, seg\u00fan c\u00e1lculos de la fiscal\u00eda estadunidense, aproximadamente ocho semanas. En [&hellip;]\" \/>\n<meta property=\"og:url\" content=\"https:\/\/fuentesfidedignas.com.mx\/index.php\/2021\/10\/27\/fijan-el-juicio-de-garcia-luna-para-el-24-de-octubre-de-2022\/\" \/>\n<meta property=\"og:site_name\" content=\"Fuentes Fidedignas\" \/>\n<meta property=\"article:publisher\" content=\"https:\/\/www.facebook.com\/Fuentes-Fidedignas-368234489921644\" \/>\n<meta property=\"article:published_time\" content=\"2021-10-27T17:38:24+00:00\" \/>\n<meta property=\"article:modified_time\" content=\"2021-10-27T17:38:27+00:00\" \/>\n<meta property=\"og:image\" content=\"https:\/\/fuentesfidedignas.com.mx\/wp-content\/uploads\/2021\/10\/image_large-5.jpeg\" \/>\n\t<meta property=\"og:image:width\" content=\"1117\" \/>\n\t<meta property=\"og:image:height\" content=\"837\" \/>\n\t<meta property=\"og:image:type\" content=\"image\/jpeg\" \/>\n<meta name=\"author\" content=\"La Jornada\" \/>\n<meta name=\"twitter:card\" content=\"summary_large_image\" \/>\n<meta name=\"twitter:creator\" content=\"@fidedignas\" \/>\n<meta name=\"twitter:site\" content=\"@fidedignas\" \/>\n<meta name=\"twitter:label1\" content=\"Escrito por\" \/>\n\t<meta name=\"twitter:data1\" content=\"La Jornada\" \/>\n\t<meta name=\"twitter:label2\" content=\"Tiempo de lectura\" \/>\n\t<meta name=\"twitter:data2\" content=\"2 minutos\" \/>\n<script type=\"application\/ld+json\" class=\"yoast-schema-graph\">{\"@context\":\"https:\\\/\\\/schema.org\",\"@graph\":[{\"@type\":\"Article\",\"@id\":\"https:\\\/\\\/fuentesfidedignas.com.mx\\\/index.php\\\/2021\\\/10\\\/27\\\/fijan-el-juicio-de-garcia-luna-para-el-24-de-octubre-de-2022\\\/#article\",\"isPartOf\":{\"@id\":\"https:\\\/\\\/fuentesfidedignas.com.mx\\\/index.php\\\/2021\\\/10\\\/27\\\/fijan-el-juicio-de-garcia-luna-para-el-24-de-octubre-de-2022\\\/\"},\"author\":{\"name\":\"La Jornada\",\"@id\":\"https:\\\/\\\/fuentesfidedignas.com.mx\\\/#\\\/schema\\\/person\\\/87eacee4072e149fccc7de67f9634f35\"},\"headline\":\"Fijan el juicio de Garc\u00eda Luna para el 24 de octubre de 2022\",\"datePublished\":\"2021-10-27T17:38:24+00:00\",\"dateModified\":\"2021-10-27T17:38:27+00:00\",\"mainEntityOfPage\":{\"@id\":\"https:\\\/\\\/fuentesfidedignas.com.mx\\\/index.php\\\/2021\\\/10\\\/27\\\/fijan-el-juicio-de-garcia-luna-para-el-24-de-octubre-de-2022\\\/\"},\"wordCount\":426,\"commentCount\":0,\"publisher\":{\"@id\":\"https:\\\/\\\/fuentesfidedignas.com.mx\\\/#organization\"},\"image\":{\"@id\":\"https:\\\/\\\/fuentesfidedignas.com.mx\\\/index.php\\\/2021\\\/10\\\/27\\\/fijan-el-juicio-de-garcia-luna-para-el-24-de-octubre-de-2022\\\/#primaryimage\"},\"thumbnailUrl\":\"https:\\\/\\\/fuentesfidedignas.com.mx\\\/wp-content\\\/uploads\\\/2021\\\/10\\\/image_large-5.jpeg\",\"articleSection\":[\"NOTICIAS NACIONALES\"],\"inLanguage\":\"es\",\"potentialAction\":[{\"@type\":\"CommentAction\",\"name\":\"Comment\",\"target\":[\"https:\\\/\\\/fuentesfidedignas.com.mx\\\/index.php\\\/2021\\\/10\\\/27\\\/fijan-el-juicio-de-garcia-luna-para-el-24-de-octubre-de-2022\\\/#respond\"]}]},{\"@type\":\"WebPage\",\"@id\":\"https:\\\/\\\/fuentesfidedignas.com.mx\\\/index.php\\\/2021\\\/10\\\/27\\\/fijan-el-juicio-de-garcia-luna-para-el-24-de-octubre-de-2022\\\/\",\"url\":\"https:\\\/\\\/fuentesfidedignas.com.mx\\\/index.php\\\/2021\\\/10\\\/27\\\/fijan-el-juicio-de-garcia-luna-para-el-24-de-octubre-de-2022\\\/\",\"name\":\"Fijan el juicio de Garc\u00eda Luna para el 24 de octubre de 2022 - Fuentes Fidedignas\",\"isPartOf\":{\"@id\":\"https:\\\/\\\/fuentesfidedignas.com.mx\\\/#website\"},\"primaryImageOfPage\":{\"@id\":\"https:\\\/\\\/fuentesfidedignas.com.mx\\\/index.php\\\/2021\\\/10\\\/27\\\/fijan-el-juicio-de-garcia-luna-para-el-24-de-octubre-de-2022\\\/#primaryimage\"},\"image\":{\"@id\":\"https:\\\/\\\/fuentesfidedignas.com.mx\\\/index.php\\\/2021\\\/10\\\/27\\\/fijan-el-juicio-de-garcia-luna-para-el-24-de-octubre-de-2022\\\/#primaryimage\"},\"thumbnailUrl\":\"https:\\\/\\\/fuentesfidedignas.com.mx\\\/wp-content\\\/uploads\\\/2021\\\/10\\\/image_large-5.jpeg\",\"datePublished\":\"2021-10-27T17:38:24+00:00\",\"dateModified\":\"2021-10-27T17:38:27+00:00\",\"breadcrumb\":{\"@id\":\"https:\\\/\\\/fuentesfidedignas.com.mx\\\/index.php\\\/2021\\\/10\\\/27\\\/fijan-el-juicio-de-garcia-luna-para-el-24-de-octubre-de-2022\\\/#breadcrumb\"},\"inLanguage\":\"es\",\"potentialAction\":[{\"@type\":\"ReadAction\",\"target\":[\"https:\\\/\\\/fuentesfidedignas.com.mx\\\/index.php\\\/2021\\\/10\\\/27\\\/fijan-el-juicio-de-garcia-luna-para-el-24-de-octubre-de-2022\\\/\"]}]},{\"@type\":\"ImageObject\",\"inLanguage\":\"es\",\"@id\":\"https:\\\/\\\/fuentesfidedignas.com.mx\\\/index.php\\\/2021\\\/10\\\/27\\\/fijan-el-juicio-de-garcia-luna-para-el-24-de-octubre-de-2022\\\/#primaryimage\",\"url\":\"https:\\\/\\\/fuentesfidedignas.com.mx\\\/wp-content\\\/uploads\\\/2021\\\/10\\\/image_large-5.jpeg\",\"contentUrl\":\"https:\\\/\\\/fuentesfidedignas.com.mx\\\/wp-content\\\/uploads\\\/2021\\\/10\\\/image_large-5.jpeg\",\"width\":1117,\"height\":837},{\"@type\":\"BreadcrumbList\",\"@id\":\"https:\\\/\\\/fuentesfidedignas.com.mx\\\/index.php\\\/2021\\\/10\\\/27\\\/fijan-el-juicio-de-garcia-luna-para-el-24-de-octubre-de-2022\\\/#breadcrumb\",\"itemListElement\":[{\"@type\":\"ListItem\",\"position\":1,\"name\":\"Inicio\",\"item\":\"https:\\\/\\\/fuentesfidedignas.com.mx\\\/\"},{\"@type\":\"ListItem\",\"position\":2,\"name\":\"Fijan el juicio de Garc\u00eda Luna para el 24 de octubre de 2022\"}]},{\"@type\":\"WebSite\",\"@id\":\"https:\\\/\\\/fuentesfidedignas.com.mx\\\/#website\",\"url\":\"https:\\\/\\\/fuentesfidedignas.com.mx\\\/\",\"name\":\"Fuentes Fidedignas\",\"description\":\"Otro sitio realizado con WordPress\",\"publisher\":{\"@id\":\"https:\\\/\\\/fuentesfidedignas.com.mx\\\/#organization\"},\"potentialAction\":[{\"@type\":\"SearchAction\",\"target\":{\"@type\":\"EntryPoint\",\"urlTemplate\":\"https:\\\/\\\/fuentesfidedignas.com.mx\\\/?s={search_term_string}\"},\"query-input\":{\"@type\":\"PropertyValueSpecification\",\"valueRequired\":true,\"valueName\":\"search_term_string\"}}],\"inLanguage\":\"es\"},{\"@type\":\"Organization\",\"@id\":\"https:\\\/\\\/fuentesfidedignas.com.mx\\\/#organization\",\"name\":\"Fuentes Fidedignas\",\"url\":\"https:\\\/\\\/fuentesfidedignas.com.mx\\\/\",\"logo\":{\"@type\":\"ImageObject\",\"inLanguage\":\"es\",\"@id\":\"https:\\\/\\\/fuentesfidedignas.com.mx\\\/#\\\/schema\\\/logo\\\/image\\\/\",\"url\":\"https:\\\/\\\/fuentesfidedignas.com.mx\\\/wp-content\\\/uploads\\\/2021\\\/04\\\/logo-retina.png\",\"contentUrl\":\"https:\\\/\\\/fuentesfidedignas.com.mx\\\/wp-content\\\/uploads\\\/2021\\\/04\\\/logo-retina.png\",\"width\":280,\"height\":51,\"caption\":\"Fuentes Fidedignas\"},\"image\":{\"@id\":\"https:\\\/\\\/fuentesfidedignas.com.mx\\\/#\\\/schema\\\/logo\\\/image\\\/\"},\"sameAs\":[\"https:\\\/\\\/www.facebook.com\\\/Fuentes-Fidedignas-368234489921644\",\"https:\\\/\\\/x.com\\\/fidedignas\"]},{\"@type\":\"Person\",\"@id\":\"https:\\\/\\\/fuentesfidedignas.com.mx\\\/#\\\/schema\\\/person\\\/87eacee4072e149fccc7de67f9634f35\",\"name\":\"La Jornada\",\"image\":{\"@type\":\"ImageObject\",\"inLanguage\":\"es\",\"@id\":\"https:\\\/\\\/secure.gravatar.com\\\/avatar\\\/2b09f15a418e222775ffd645761e3fcecd1fb9d7a38a3ba858adf349aab82c7c?s=96&d=mm&r=g\",\"url\":\"https:\\\/\\\/secure.gravatar.com\\\/avatar\\\/2b09f15a418e222775ffd645761e3fcecd1fb9d7a38a3ba858adf349aab82c7c?s=96&d=mm&r=g\",\"contentUrl\":\"https:\\\/\\\/secure.gravatar.com\\\/avatar\\\/2b09f15a418e222775ffd645761e3fcecd1fb9d7a38a3ba858adf349aab82c7c?s=96&d=mm&r=g\",\"caption\":\"La Jornada\"},\"url\":\"https:\\\/\\\/fuentesfidedignas.com.mx\\\/index.php\\\/author\\\/jornada\\\/\"}]}<\/script>\n<!-- \/ Yoast SEO plugin. -->","yoast_head_json":{"title":"Fijan el juicio de Garc\u00eda Luna para el 24 de octubre de 2022 - Fuentes Fidedignas","robots":{"index":"index","follow":"follow","max-snippet":"max-snippet:-1","max-image-preview":"max-image-preview:large","max-video-preview":"max-video-preview:-1"},"canonical":"https:\/\/fuentesfidedignas.com.mx\/index.php\/2021\/10\/27\/fijan-el-juicio-de-garcia-luna-para-el-24-de-octubre-de-2022\/","og_locale":"es_MX","og_type":"article","og_title":"Fijan el juicio de Garc\u00eda Luna para el 24 de octubre de 2022 - Fuentes Fidedignas","og_description":"La defensa, encabezada por el abogado Cesar de Castro, se\u00f1al\u00f3 que est\u00e1 analizando los m\u00e1s de un mill\u00f3n de documentos entregados por la fiscal\u00eda en este caso Nueva York. El juicio de Genaro Garc\u00eda Luna se iniciar\u00e1 el 24 de octubre de 2022 y durar\u00e1, seg\u00fan c\u00e1lculos de la fiscal\u00eda estadunidense, aproximadamente ocho semanas. En [&hellip;]","og_url":"https:\/\/fuentesfidedignas.com.mx\/index.php\/2021\/10\/27\/fijan-el-juicio-de-garcia-luna-para-el-24-de-octubre-de-2022\/","og_site_name":"Fuentes Fidedignas","article_publisher":"https:\/\/www.facebook.com\/Fuentes-Fidedignas-368234489921644","article_published_time":"2021-10-27T17:38:24+00:00","article_modified_time":"2021-10-27T17:38:27+00:00","og_image":[{"width":1117,"height":837,"url":"https:\/\/fuentesfidedignas.com.mx\/wp-content\/uploads\/2021\/10\/image_large-5.jpeg","type":"image\/jpeg"}],"author":"La Jornada","twitter_card":"summary_large_image","twitter_creator":"@fidedignas","twitter_site":"@fidedignas","twitter_misc":{"Escrito por":"La Jornada","Tiempo de lectura":"2 minutos"},"schema":{"@context":"https:\/\/schema.org","@graph":[{"@type":"Article","@id":"https:\/\/fuentesfidedignas.com.mx\/index.php\/2021\/10\/27\/fijan-el-juicio-de-garcia-luna-para-el-24-de-octubre-de-2022\/#article","isPartOf":{"@id":"https:\/\/fuentesfidedignas.com.mx\/index.php\/2021\/10\/27\/fijan-el-juicio-de-garcia-luna-para-el-24-de-octubre-de-2022\/"},"author":{"name":"La Jornada","@id":"https:\/\/fuentesfidedignas.com.mx\/#\/schema\/person\/87eacee4072e149fccc7de67f9634f35"},"headline":"Fijan el juicio de Garc\u00eda Luna para el 24 de octubre de 2022","datePublished":"2021-10-27T17:38:24+00:00","dateModified":"2021-10-27T17:38:27+00:00","mainEntityOfPage":{"@id":"https:\/\/fuentesfidedignas.com.mx\/index.php\/2021\/10\/27\/fijan-el-juicio-de-garcia-luna-para-el-24-de-octubre-de-2022\/"},"wordCount":426,"commentCount":0,"publisher":{"@id":"https:\/\/fuentesfidedignas.com.mx\/#organization"},"image":{"@id":"https:\/\/fuentesfidedignas.com.mx\/index.php\/2021\/10\/27\/fijan-el-juicio-de-garcia-luna-para-el-24-de-octubre-de-2022\/#primaryimage"},"thumbnailUrl":"https:\/\/fuentesfidedignas.com.mx\/wp-content\/uploads\/2021\/10\/image_large-5.jpeg","articleSection":["NOTICIAS NACIONALES"],"inLanguage":"es","potentialAction":[{"@type":"CommentAction","name":"Comment","target":["https:\/\/fuentesfidedignas.com.mx\/index.php\/2021\/10\/27\/fijan-el-juicio-de-garcia-luna-para-el-24-de-octubre-de-2022\/#respond"]}]},{"@type":"WebPage","@id":"https:\/\/fuentesfidedignas.com.mx\/index.php\/2021\/10\/27\/fijan-el-juicio-de-garcia-luna-para-el-24-de-octubre-de-2022\/","url":"https:\/\/fuentesfidedignas.com.mx\/index.php\/2021\/10\/27\/fijan-el-juicio-de-garcia-luna-para-el-24-de-octubre-de-2022\/","name":"Fijan el juicio de Garc\u00eda Luna para el 24 de octubre de 2022 - Fuentes Fidedignas","isPartOf":{"@id":"https:\/\/fuentesfidedignas.com.mx\/#website"},"primaryImageOfPage":{"@id":"https:\/\/fuentesfidedignas.com.mx\/index.php\/2021\/10\/27\/fijan-el-juicio-de-garcia-luna-para-el-24-de-octubre-de-2022\/#primaryimage"},"image":{"@id":"https:\/\/fuentesfidedignas.com.mx\/index.php\/2021\/10\/27\/fijan-el-juicio-de-garcia-luna-para-el-24-de-octubre-de-2022\/#primaryimage"},"thumbnailUrl":"https:\/\/fuentesfidedignas.com.mx\/wp-content\/uploads\/2021\/10\/image_large-5.jpeg","datePublished":"2021-10-27T17:38:24+00:00","dateModified":"2021-10-27T17:38:27+00:00","breadcrumb":{"@id":"https:\/\/fuentesfidedignas.com.mx\/index.php\/2021\/10\/27\/fijan-el-juicio-de-garcia-luna-para-el-24-de-octubre-de-2022\/#breadcrumb"},"inLanguage":"es","potentialAction":[{"@type":"ReadAction","target":["https:\/\/fuentesfidedignas.com.mx\/index.php\/2021\/10\/27\/fijan-el-juicio-de-garcia-luna-para-el-24-de-octubre-de-2022\/"]}]},{"@type":"ImageObject","inLanguage":"es","@id":"https:\/\/fuentesfidedignas.com.mx\/index.php\/2021\/10\/27\/fijan-el-juicio-de-garcia-luna-para-el-24-de-octubre-de-2022\/#primaryimage","url":"https:\/\/fuentesfidedignas.com.mx\/wp-content\/uploads\/2021\/10\/image_large-5.jpeg","contentUrl":"https:\/\/fuentesfidedignas.com.mx\/wp-content\/uploads\/2021\/10\/image_large-5.jpeg","width":1117,"height":837},{"@type":"BreadcrumbList","@id":"https:\/\/fuentesfidedignas.com.mx\/index.php\/2021\/10\/27\/fijan-el-juicio-de-garcia-luna-para-el-24-de-octubre-de-2022\/#breadcrumb","itemListElement":[{"@type":"ListItem","position":1,"name":"Inicio","item":"https:\/\/fuentesfidedignas.com.mx\/"},{"@type":"ListItem","position":2,"name":"Fijan el juicio de Garc\u00eda Luna para el 24 de octubre de 2022"}]},{"@type":"WebSite","@id":"https:\/\/fuentesfidedignas.com.mx\/#website","url":"https:\/\/fuentesfidedignas.com.mx\/","name":"Fuentes Fidedignas","description":"Otro sitio realizado con WordPress","publisher":{"@id":"https:\/\/fuentesfidedignas.com.mx\/#organization"},"potentialAction":[{"@type":"SearchAction","target":{"@type":"EntryPoint","urlTemplate":"https:\/\/fuentesfidedignas.com.mx\/?s={search_term_string}"},"query-input":{"@type":"PropertyValueSpecification","valueRequired":true,"valueName":"search_term_string"}}],"inLanguage":"es"},{"@type":"Organization","@id":"https:\/\/fuentesfidedignas.com.mx\/#organization","name":"Fuentes Fidedignas","url":"https:\/\/fuentesfidedignas.com.mx\/","logo":{"@type":"ImageObject","inLanguage":"es","@id":"https:\/\/fuentesfidedignas.com.mx\/#\/schema\/logo\/image\/","url":"https:\/\/fuentesfidedignas.com.mx\/wp-content\/uploads\/2021\/04\/logo-retina.png","contentUrl":"https:\/\/fuentesfidedignas.com.mx\/wp-content\/uploads\/2021\/04\/logo-retina.png","width":280,"height":51,"caption":"Fuentes Fidedignas"},"image":{"@id":"https:\/\/fuentesfidedignas.com.mx\/#\/schema\/logo\/image\/"},"sameAs":["https:\/\/www.facebook.com\/Fuentes-Fidedignas-368234489921644","https:\/\/x.com\/fidedignas"]},{"@type":"Person","@id":"https:\/\/fuentesfidedignas.com.mx\/#\/schema\/person\/87eacee4072e149fccc7de67f9634f35","name":"La Jornada","image":{"@type":"ImageObject","inLanguage":"es","@id":"https:\/\/secure.gravatar.com\/avatar\/2b09f15a418e222775ffd645761e3fcecd1fb9d7a38a3ba858adf349aab82c7c?s=96&d=mm&r=g","url":"https:\/\/secure.gravatar.com\/avatar\/2b09f15a418e222775ffd645761e3fcecd1fb9d7a38a3ba858adf349aab82c7c?s=96&d=mm&r=g","contentUrl":"https:\/\/secure.gravatar.com\/avatar\/2b09f15a418e222775ffd645761e3fcecd1fb9d7a38a3ba858adf349aab82c7c?s=96&d=mm&r=g","caption":"La Jornada"},"url":"https:\/\/fuentesfidedignas.com.mx\/index.php\/author\/jornada\/"}]}},"_links":{"self":[{"href":"https:\/\/fuentesfidedignas.com.mx\/index.php\/wp-json\/wp\/v2\/posts\/16025","targetHints":{"allow":["GET"]}}],"collection":[{"href":"https:\/\/fuentesfidedignas.com.mx\/index.php\/wp-json\/wp\/v2\/posts"}],"about":[{"href":"https:\/\/fuentesfidedignas.com.mx\/index.php\/wp-json\/wp\/v2\/types\/post"}],"author":[{"embeddable":true,"href":"https:\/\/fuentesfidedignas.com.mx\/index.php\/wp-json\/wp\/v2\/users\/45"}],"replies":[{"embeddable":true,"href":"https:\/\/fuentesfidedignas.com.mx\/index.php\/wp-json\/wp\/v2\/comments?post=16025"}],"version-history":[{"count":1,"href":"https:\/\/fuentesfidedignas.com.mx\/index.php\/wp-json\/wp\/v2\/posts\/16025\/revisions"}],"predecessor-version":[{"id":16027,"href":"https:\/\/fuentesfidedignas.com.mx\/index.php\/wp-json\/wp\/v2\/posts\/16025\/revisions\/16027"}],"wp:featuredmedia":[{"embeddable":true,"href":"https:\/\/fuentesfidedignas.com.mx\/index.php\/wp-json\/wp\/v2\/media\/16026"}],"wp:attachment":[{"href":"https:\/\/fuentesfidedignas.com.mx\/index.php\/wp-json\/wp\/v2\/media?parent=16025"}],"wp:term":[{"taxonomy":"category","embeddable":true,"href":"https:\/\/fuentesfidedignas.com.mx\/index.php\/wp-json\/wp\/v2\/categories?post=16025"},{"taxonomy":"post_tag","embeddable":true,"href":"https:\/\/fuentesfidedignas.com.mx\/index.php\/wp-json\/wp\/v2\/tags?post=16025"}],"curies":[{"name":"wp","href":"https:\/\/api.w.org\/{rel}","templated":true}]}}