{"id":16012,"date":"2021-10-27T01:38:00","date_gmt":"2021-10-27T08:38:00","guid":{"rendered":"https:\/\/fuentesfidedignas.com.mx\/?p=16012"},"modified":"2021-10-27T08:41:12","modified_gmt":"2021-10-27T15:41:12","slug":"saldo-positivo-en-la-primera-semana-de-clases-en-la-uas","status":"publish","type":"post","link":"https:\/\/fuentesfidedignas.com.mx\/index.php\/2021\/10\/27\/saldo-positivo-en-la-primera-semana-de-clases-en-la-uas\/","title":{"rendered":"Saldo positivo en la primera semana de clases en la UAS"},"content":{"rendered":"\n<p><strong><em>El lunes 18 de octubre regresaron a las aulas el 50 por ciento de los 170 mil alumnos que integran la matr\u00edcula de la UAS<\/em><\/strong><\/p>\n\n\n\n<p>Culiac\u00e1n, Sin. La primera semana de clases presenciales en la Universidad Aut\u00f3noma de Sinaloa (UAS), report\u00f3 un saldo positivo y se espera que en estos d\u00edas se incorporen m\u00e1s alumnos a las aulas, inform\u00f3 el Rector, doctor Jes\u00fas Madue\u00f1a Molina.<\/p>\n\n\n\n<p>\u201cEn esta primera semana no hay ning\u00fan reporte negativo, todo positivo, hicimos un recorrido el viernes por el sur del estado por Escuinapa, El Rosario y Mazatl\u00e1n y todo bien, hay un balance muy interesante, las cosas van caminando y lo que he pedido a los directores es que no relajemos las medidas para que sigamos bien, as\u00ed como estamos hasta ahorita\u201d, expres\u00f3 el dirigente universitario.<\/p>\n\n\n\n<p>El lunes 18 de octubre regresaron a las aulas el 50 por ciento de los 170 mil alumnos que integran la matr\u00edcula de la UAS, para irse alternando los d\u00edas de la semana con el otro 50 por ciento de acuerdo al Plan de Acci\u00f3n Integral que se implement\u00f3 en cada escuela y facultad para garantizar un retorno seguro y evitar contagios por COVID-19.<\/p>\n\n\n\n<p>El Rector explic\u00f3 que en las escuelas grandes iniciaron clases presenciales los grados m\u00e1s avanzados y esta semana se incorporar\u00e1n los primeros grados, de tal forma que el aforo de alumnos ir\u00e1 en aumento gradualmente \u201cpero buscando que no se relajen las medidas sanitarias y no nos vaya a sorprender la pandemia\u201d, dijo.<\/p>\n\n\n\n<p>Madue\u00f1a Molina se\u00f1al\u00f3 tambi\u00e9n que el 70 por ciento de los alumnos que en la encuesta realizada hace unas semanas expresaron su deseo de volver a las aulas, ya lo hicieron de manera escalonada, y ahora se espera que el resto lo haga en estos d\u00edas.<\/p>\n\n\n\n<p>\u201cEstamos esperando que esta semana se incorporen algunas de las personas que no han aceptado a\u00fan o que no deciden asistir, los vamos a ir incorporando esta semana, se va generando confianza conforme esto va caminando (\u2026) hicimos un balance a nivel estado, a m\u00ed me toc\u00f3 supervisar el sur y los dem\u00e1s compa\u00f1eros se distribuyeron en las diferentes zonas y el balance es positivo, todo bien, no hay reporte de contagios, no hay reporte de alguna novedad y claro, seguimos cuidando todos los protocolos\u201d, reiter\u00f3.<\/p>\n\n\n\n<p>Por \u00faltimo, el Rector agreg\u00f3 que este lunes 25 de octubre iniciaron clases presenciales los alumnos de segundo y tercer grado del Jard\u00edn de Ni\u00f1os de la UAS donde la matr\u00edcula es de 600 estudiantes, y se estar\u00e1 analizando la posibilidad de que los de primer grado se incorporen antes de que inicie diciembre.<\/p>\n","protected":false},"excerpt":{"rendered":"<p>El lunes 18 de octubre regresaron a las aulas el 50 por ciento de los 170 mil alumnos que integran la matr\u00edcula de la UAS Culiac\u00e1n, Sin. La primera semana de clases presenciales en la Universidad Aut\u00f3noma de Sinaloa (UAS), report\u00f3 un saldo positivo y se espera que en estos d\u00edas se incorporen m\u00e1s alumnos [&hellip;]<\/p>\n","protected":false},"author":4,"featured_media":16013,"comment_status":"open","ping_status":"open","sticky":false,"template":"","format":"standard","meta":{"tdm_status":"","tdm_grid_status":"","footnotes":""},"categories":[37],"tags":[],"class_list":{"0":"post-16012","1":"post","2":"type-post","3":"status-publish","4":"format-standard","5":"has-post-thumbnail","7":"category-nota-principal"},"yoast_head":"<!-- This site is optimized with the Yoast SEO plugin v27.5 - https:\/\/yoast.com\/product\/yoast-seo-wordpress\/ -->\n<title>Saldo positivo en la primera semana de clases en la UAS - Fuentes Fidedignas<\/title>\n<meta name=\"robots\" content=\"index, follow, max-snippet:-1, max-image-preview:large, max-video-preview:-1\" \/>\n<link rel=\"canonical\" href=\"https:\/\/fuentesfidedignas.com.mx\/index.php\/2021\/10\/27\/saldo-positivo-en-la-primera-semana-de-clases-en-la-uas\/\" \/>\n<meta property=\"og:locale\" content=\"es_MX\" \/>\n<meta property=\"og:type\" content=\"article\" \/>\n<meta property=\"og:title\" content=\"Saldo positivo en la primera semana de clases en la UAS - Fuentes Fidedignas\" \/>\n<meta property=\"og:description\" content=\"El lunes 18 de octubre regresaron a las aulas el 50 por ciento de los 170 mil alumnos que integran la matr\u00edcula de la UAS Culiac\u00e1n, Sin. La primera semana de clases presenciales en la Universidad Aut\u00f3noma de Sinaloa (UAS), report\u00f3 un saldo positivo y se espera que en estos d\u00edas se incorporen m\u00e1s alumnos [&hellip;]\" \/>\n<meta property=\"og:url\" content=\"https:\/\/fuentesfidedignas.com.mx\/index.php\/2021\/10\/27\/saldo-positivo-en-la-primera-semana-de-clases-en-la-uas\/\" \/>\n<meta property=\"og:site_name\" content=\"Fuentes Fidedignas\" \/>\n<meta property=\"article:publisher\" content=\"https:\/\/www.facebook.com\/Fuentes-Fidedignas-368234489921644\" \/>\n<meta property=\"article:published_time\" content=\"2021-10-27T08:38:00+00:00\" \/>\n<meta property=\"article:modified_time\" content=\"2021-10-27T15:41:12+00:00\" \/>\n<meta property=\"og:image\" content=\"https:\/\/fuentesfidedignas.com.mx\/wp-content\/uploads\/2021\/10\/Primera-semana-presencial-5.jpg\" \/>\n\t<meta property=\"og:image:width\" content=\"1500\" \/>\n\t<meta property=\"og:image:height\" content=\"1000\" \/>\n\t<meta property=\"og:image:type\" content=\"image\/jpeg\" \/>\n<meta name=\"author\" content=\"Redacci\u00f3n\" \/>\n<meta name=\"twitter:card\" content=\"summary_large_image\" \/>\n<meta name=\"twitter:creator\" content=\"@fidedignas\" \/>\n<meta name=\"twitter:site\" content=\"@fidedignas\" \/>\n<meta name=\"twitter:label1\" content=\"Escrito por\" \/>\n\t<meta name=\"twitter:data1\" content=\"Redacci\u00f3n\" \/>\n\t<meta name=\"twitter:label2\" content=\"Tiempo de lectura\" \/>\n\t<meta name=\"twitter:data2\" content=\"2 minutos\" \/>\n<script type=\"application\/ld+json\" class=\"yoast-schema-graph\">{\"@context\":\"https:\\\/\\\/schema.org\",\"@graph\":[{\"@type\":\"Article\",\"@id\":\"https:\\\/\\\/fuentesfidedignas.com.mx\\\/index.php\\\/2021\\\/10\\\/27\\\/saldo-positivo-en-la-primera-semana-de-clases-en-la-uas\\\/#article\",\"isPartOf\":{\"@id\":\"https:\\\/\\\/fuentesfidedignas.com.mx\\\/index.php\\\/2021\\\/10\\\/27\\\/saldo-positivo-en-la-primera-semana-de-clases-en-la-uas\\\/\"},\"author\":{\"name\":\"Redacci\u00f3n\",\"@id\":\"https:\\\/\\\/fuentesfidedignas.com.mx\\\/#\\\/schema\\\/person\\\/331be9283d37198e2acd5750279085b0\"},\"headline\":\"Saldo positivo en la primera semana de clases en la UAS\",\"datePublished\":\"2021-10-27T08:38:00+00:00\",\"dateModified\":\"2021-10-27T15:41:12+00:00\",\"mainEntityOfPage\":{\"@id\":\"https:\\\/\\\/fuentesfidedignas.com.mx\\\/index.php\\\/2021\\\/10\\\/27\\\/saldo-positivo-en-la-primera-semana-de-clases-en-la-uas\\\/\"},\"wordCount\":458,\"commentCount\":0,\"publisher\":{\"@id\":\"https:\\\/\\\/fuentesfidedignas.com.mx\\\/#organization\"},\"image\":{\"@id\":\"https:\\\/\\\/fuentesfidedignas.com.mx\\\/index.php\\\/2021\\\/10\\\/27\\\/saldo-positivo-en-la-primera-semana-de-clases-en-la-uas\\\/#primaryimage\"},\"thumbnailUrl\":\"https:\\\/\\\/fuentesfidedignas.com.mx\\\/wp-content\\\/uploads\\\/2021\\\/10\\\/Primera-semana-presencial-5.jpg\",\"articleSection\":[\"NOTA PRINCIPAL\"],\"inLanguage\":\"es\",\"potentialAction\":[{\"@type\":\"CommentAction\",\"name\":\"Comment\",\"target\":[\"https:\\\/\\\/fuentesfidedignas.com.mx\\\/index.php\\\/2021\\\/10\\\/27\\\/saldo-positivo-en-la-primera-semana-de-clases-en-la-uas\\\/#respond\"]}]},{\"@type\":\"WebPage\",\"@id\":\"https:\\\/\\\/fuentesfidedignas.com.mx\\\/index.php\\\/2021\\\/10\\\/27\\\/saldo-positivo-en-la-primera-semana-de-clases-en-la-uas\\\/\",\"url\":\"https:\\\/\\\/fuentesfidedignas.com.mx\\\/index.php\\\/2021\\\/10\\\/27\\\/saldo-positivo-en-la-primera-semana-de-clases-en-la-uas\\\/\",\"name\":\"Saldo positivo en la primera semana de clases en la UAS - Fuentes Fidedignas\",\"isPartOf\":{\"@id\":\"https:\\\/\\\/fuentesfidedignas.com.mx\\\/#website\"},\"primaryImageOfPage\":{\"@id\":\"https:\\\/\\\/fuentesfidedignas.com.mx\\\/index.php\\\/2021\\\/10\\\/27\\\/saldo-positivo-en-la-primera-semana-de-clases-en-la-uas\\\/#primaryimage\"},\"image\":{\"@id\":\"https:\\\/\\\/fuentesfidedignas.com.mx\\\/index.php\\\/2021\\\/10\\\/27\\\/saldo-positivo-en-la-primera-semana-de-clases-en-la-uas\\\/#primaryimage\"},\"thumbnailUrl\":\"https:\\\/\\\/fuentesfidedignas.com.mx\\\/wp-content\\\/uploads\\\/2021\\\/10\\\/Primera-semana-presencial-5.jpg\",\"datePublished\":\"2021-10-27T08:38:00+00:00\",\"dateModified\":\"2021-10-27T15:41:12+00:00\",\"breadcrumb\":{\"@id\":\"https:\\\/\\\/fuentesfidedignas.com.mx\\\/index.php\\\/2021\\\/10\\\/27\\\/saldo-positivo-en-la-primera-semana-de-clases-en-la-uas\\\/#breadcrumb\"},\"inLanguage\":\"es\",\"potentialAction\":[{\"@type\":\"ReadAction\",\"target\":[\"https:\\\/\\\/fuentesfidedignas.com.mx\\\/index.php\\\/2021\\\/10\\\/27\\\/saldo-positivo-en-la-primera-semana-de-clases-en-la-uas\\\/\"]}]},{\"@type\":\"ImageObject\",\"inLanguage\":\"es\",\"@id\":\"https:\\\/\\\/fuentesfidedignas.com.mx\\\/index.php\\\/2021\\\/10\\\/27\\\/saldo-positivo-en-la-primera-semana-de-clases-en-la-uas\\\/#primaryimage\",\"url\":\"https:\\\/\\\/fuentesfidedignas.com.mx\\\/wp-content\\\/uploads\\\/2021\\\/10\\\/Primera-semana-presencial-5.jpg\",\"contentUrl\":\"https:\\\/\\\/fuentesfidedignas.com.mx\\\/wp-content\\\/uploads\\\/2021\\\/10\\\/Primera-semana-presencial-5.jpg\",\"width\":1500,\"height\":1000},{\"@type\":\"BreadcrumbList\",\"@id\":\"https:\\\/\\\/fuentesfidedignas.com.mx\\\/index.php\\\/2021\\\/10\\\/27\\\/saldo-positivo-en-la-primera-semana-de-clases-en-la-uas\\\/#breadcrumb\",\"itemListElement\":[{\"@type\":\"ListItem\",\"position\":1,\"name\":\"Inicio\",\"item\":\"https:\\\/\\\/fuentesfidedignas.com.mx\\\/\"},{\"@type\":\"ListItem\",\"position\":2,\"name\":\"Saldo positivo en la primera semana de clases en la UAS\"}]},{\"@type\":\"WebSite\",\"@id\":\"https:\\\/\\\/fuentesfidedignas.com.mx\\\/#website\",\"url\":\"https:\\\/\\\/fuentesfidedignas.com.mx\\\/\",\"name\":\"Fuentes Fidedignas\",\"description\":\"Otro sitio realizado con WordPress\",\"publisher\":{\"@id\":\"https:\\\/\\\/fuentesfidedignas.com.mx\\\/#organization\"},\"potentialAction\":[{\"@type\":\"SearchAction\",\"target\":{\"@type\":\"EntryPoint\",\"urlTemplate\":\"https:\\\/\\\/fuentesfidedignas.com.mx\\\/?s={search_term_string}\"},\"query-input\":{\"@type\":\"PropertyValueSpecification\",\"valueRequired\":true,\"valueName\":\"search_term_string\"}}],\"inLanguage\":\"es\"},{\"@type\":\"Organization\",\"@id\":\"https:\\\/\\\/fuentesfidedignas.com.mx\\\/#organization\",\"name\":\"Fuentes Fidedignas\",\"url\":\"https:\\\/\\\/fuentesfidedignas.com.mx\\\/\",\"logo\":{\"@type\":\"ImageObject\",\"inLanguage\":\"es\",\"@id\":\"https:\\\/\\\/fuentesfidedignas.com.mx\\\/#\\\/schema\\\/logo\\\/image\\\/\",\"url\":\"https:\\\/\\\/fuentesfidedignas.com.mx\\\/wp-content\\\/uploads\\\/2021\\\/04\\\/logo-retina.png\",\"contentUrl\":\"https:\\\/\\\/fuentesfidedignas.com.mx\\\/wp-content\\\/uploads\\\/2021\\\/04\\\/logo-retina.png\",\"width\":280,\"height\":51,\"caption\":\"Fuentes Fidedignas\"},\"image\":{\"@id\":\"https:\\\/\\\/fuentesfidedignas.com.mx\\\/#\\\/schema\\\/logo\\\/image\\\/\"},\"sameAs\":[\"https:\\\/\\\/www.facebook.com\\\/Fuentes-Fidedignas-368234489921644\",\"https:\\\/\\\/x.com\\\/fidedignas\"]},{\"@type\":\"Person\",\"@id\":\"https:\\\/\\\/fuentesfidedignas.com.mx\\\/#\\\/schema\\\/person\\\/331be9283d37198e2acd5750279085b0\",\"name\":\"Redacci\u00f3n\",\"image\":{\"@type\":\"ImageObject\",\"inLanguage\":\"es\",\"@id\":\"https:\\\/\\\/secure.gravatar.com\\\/avatar\\\/f6d8782c11d12b2d4ad3fbb6931aeab5309937a4d6cd2fc9cfaa28a6396a5aec?s=96&d=mm&r=g\",\"url\":\"https:\\\/\\\/secure.gravatar.com\\\/avatar\\\/f6d8782c11d12b2d4ad3fbb6931aeab5309937a4d6cd2fc9cfaa28a6396a5aec?s=96&d=mm&r=g\",\"contentUrl\":\"https:\\\/\\\/secure.gravatar.com\\\/avatar\\\/f6d8782c11d12b2d4ad3fbb6931aeab5309937a4d6cd2fc9cfaa28a6396a5aec?s=96&d=mm&r=g\",\"caption\":\"Redacci\u00f3n\"},\"url\":\"https:\\\/\\\/fuentesfidedignas.com.mx\\\/index.php\\\/author\\\/redaccion\\\/\"}]}<\/script>\n<!-- \/ Yoast SEO plugin. -->","yoast_head_json":{"title":"Saldo positivo en la primera semana de clases en la UAS - Fuentes Fidedignas","robots":{"index":"index","follow":"follow","max-snippet":"max-snippet:-1","max-image-preview":"max-image-preview:large","max-video-preview":"max-video-preview:-1"},"canonical":"https:\/\/fuentesfidedignas.com.mx\/index.php\/2021\/10\/27\/saldo-positivo-en-la-primera-semana-de-clases-en-la-uas\/","og_locale":"es_MX","og_type":"article","og_title":"Saldo positivo en la primera semana de clases en la UAS - Fuentes Fidedignas","og_description":"El lunes 18 de octubre regresaron a las aulas el 50 por ciento de los 170 mil alumnos que integran la matr\u00edcula de la UAS Culiac\u00e1n, Sin. La primera semana de clases presenciales en la Universidad Aut\u00f3noma de Sinaloa (UAS), report\u00f3 un saldo positivo y se espera que en estos d\u00edas se incorporen m\u00e1s alumnos [&hellip;]","og_url":"https:\/\/fuentesfidedignas.com.mx\/index.php\/2021\/10\/27\/saldo-positivo-en-la-primera-semana-de-clases-en-la-uas\/","og_site_name":"Fuentes Fidedignas","article_publisher":"https:\/\/www.facebook.com\/Fuentes-Fidedignas-368234489921644","article_published_time":"2021-10-27T08:38:00+00:00","article_modified_time":"2021-10-27T15:41:12+00:00","og_image":[{"width":1500,"height":1000,"url":"https:\/\/fuentesfidedignas.com.mx\/wp-content\/uploads\/2021\/10\/Primera-semana-presencial-5.jpg","type":"image\/jpeg"}],"author":"Redacci\u00f3n","twitter_card":"summary_large_image","twitter_creator":"@fidedignas","twitter_site":"@fidedignas","twitter_misc":{"Escrito por":"Redacci\u00f3n","Tiempo de lectura":"2 minutos"},"schema":{"@context":"https:\/\/schema.org","@graph":[{"@type":"Article","@id":"https:\/\/fuentesfidedignas.com.mx\/index.php\/2021\/10\/27\/saldo-positivo-en-la-primera-semana-de-clases-en-la-uas\/#article","isPartOf":{"@id":"https:\/\/fuentesfidedignas.com.mx\/index.php\/2021\/10\/27\/saldo-positivo-en-la-primera-semana-de-clases-en-la-uas\/"},"author":{"name":"Redacci\u00f3n","@id":"https:\/\/fuentesfidedignas.com.mx\/#\/schema\/person\/331be9283d37198e2acd5750279085b0"},"headline":"Saldo positivo en la primera semana de clases en la UAS","datePublished":"2021-10-27T08:38:00+00:00","dateModified":"2021-10-27T15:41:12+00:00","mainEntityOfPage":{"@id":"https:\/\/fuentesfidedignas.com.mx\/index.php\/2021\/10\/27\/saldo-positivo-en-la-primera-semana-de-clases-en-la-uas\/"},"wordCount":458,"commentCount":0,"publisher":{"@id":"https:\/\/fuentesfidedignas.com.mx\/#organization"},"image":{"@id":"https:\/\/fuentesfidedignas.com.mx\/index.php\/2021\/10\/27\/saldo-positivo-en-la-primera-semana-de-clases-en-la-uas\/#primaryimage"},"thumbnailUrl":"https:\/\/fuentesfidedignas.com.mx\/wp-content\/uploads\/2021\/10\/Primera-semana-presencial-5.jpg","articleSection":["NOTA PRINCIPAL"],"inLanguage":"es","potentialAction":[{"@type":"CommentAction","name":"Comment","target":["https:\/\/fuentesfidedignas.com.mx\/index.php\/2021\/10\/27\/saldo-positivo-en-la-primera-semana-de-clases-en-la-uas\/#respond"]}]},{"@type":"WebPage","@id":"https:\/\/fuentesfidedignas.com.mx\/index.php\/2021\/10\/27\/saldo-positivo-en-la-primera-semana-de-clases-en-la-uas\/","url":"https:\/\/fuentesfidedignas.com.mx\/index.php\/2021\/10\/27\/saldo-positivo-en-la-primera-semana-de-clases-en-la-uas\/","name":"Saldo positivo en la primera semana de clases en la UAS - Fuentes Fidedignas","isPartOf":{"@id":"https:\/\/fuentesfidedignas.com.mx\/#website"},"primaryImageOfPage":{"@id":"https:\/\/fuentesfidedignas.com.mx\/index.php\/2021\/10\/27\/saldo-positivo-en-la-primera-semana-de-clases-en-la-uas\/#primaryimage"},"image":{"@id":"https:\/\/fuentesfidedignas.com.mx\/index.php\/2021\/10\/27\/saldo-positivo-en-la-primera-semana-de-clases-en-la-uas\/#primaryimage"},"thumbnailUrl":"https:\/\/fuentesfidedignas.com.mx\/wp-content\/uploads\/2021\/10\/Primera-semana-presencial-5.jpg","datePublished":"2021-10-27T08:38:00+00:00","dateModified":"2021-10-27T15:41:12+00:00","breadcrumb":{"@id":"https:\/\/fuentesfidedignas.com.mx\/index.php\/2021\/10\/27\/saldo-positivo-en-la-primera-semana-de-clases-en-la-uas\/#breadcrumb"},"inLanguage":"es","potentialAction":[{"@type":"ReadAction","target":["https:\/\/fuentesfidedignas.com.mx\/index.php\/2021\/10\/27\/saldo-positivo-en-la-primera-semana-de-clases-en-la-uas\/"]}]},{"@type":"ImageObject","inLanguage":"es","@id":"https:\/\/fuentesfidedignas.com.mx\/index.php\/2021\/10\/27\/saldo-positivo-en-la-primera-semana-de-clases-en-la-uas\/#primaryimage","url":"https:\/\/fuentesfidedignas.com.mx\/wp-content\/uploads\/2021\/10\/Primera-semana-presencial-5.jpg","contentUrl":"https:\/\/fuentesfidedignas.com.mx\/wp-content\/uploads\/2021\/10\/Primera-semana-presencial-5.jpg","width":1500,"height":1000},{"@type":"BreadcrumbList","@id":"https:\/\/fuentesfidedignas.com.mx\/index.php\/2021\/10\/27\/saldo-positivo-en-la-primera-semana-de-clases-en-la-uas\/#breadcrumb","itemListElement":[{"@type":"ListItem","position":1,"name":"Inicio","item":"https:\/\/fuentesfidedignas.com.mx\/"},{"@type":"ListItem","position":2,"name":"Saldo positivo en la primera semana de clases en la UAS"}]},{"@type":"WebSite","@id":"https:\/\/fuentesfidedignas.com.mx\/#website","url":"https:\/\/fuentesfidedignas.com.mx\/","name":"Fuentes Fidedignas","description":"Otro sitio realizado con WordPress","publisher":{"@id":"https:\/\/fuentesfidedignas.com.mx\/#organization"},"potentialAction":[{"@type":"SearchAction","target":{"@type":"EntryPoint","urlTemplate":"https:\/\/fuentesfidedignas.com.mx\/?s={search_term_string}"},"query-input":{"@type":"PropertyValueSpecification","valueRequired":true,"valueName":"search_term_string"}}],"inLanguage":"es"},{"@type":"Organization","@id":"https:\/\/fuentesfidedignas.com.mx\/#organization","name":"Fuentes Fidedignas","url":"https:\/\/fuentesfidedignas.com.mx\/","logo":{"@type":"ImageObject","inLanguage":"es","@id":"https:\/\/fuentesfidedignas.com.mx\/#\/schema\/logo\/image\/","url":"https:\/\/fuentesfidedignas.com.mx\/wp-content\/uploads\/2021\/04\/logo-retina.png","contentUrl":"https:\/\/fuentesfidedignas.com.mx\/wp-content\/uploads\/2021\/04\/logo-retina.png","width":280,"height":51,"caption":"Fuentes Fidedignas"},"image":{"@id":"https:\/\/fuentesfidedignas.com.mx\/#\/schema\/logo\/image\/"},"sameAs":["https:\/\/www.facebook.com\/Fuentes-Fidedignas-368234489921644","https:\/\/x.com\/fidedignas"]},{"@type":"Person","@id":"https:\/\/fuentesfidedignas.com.mx\/#\/schema\/person\/331be9283d37198e2acd5750279085b0","name":"Redacci\u00f3n","image":{"@type":"ImageObject","inLanguage":"es","@id":"https:\/\/secure.gravatar.com\/avatar\/f6d8782c11d12b2d4ad3fbb6931aeab5309937a4d6cd2fc9cfaa28a6396a5aec?s=96&d=mm&r=g","url":"https:\/\/secure.gravatar.com\/avatar\/f6d8782c11d12b2d4ad3fbb6931aeab5309937a4d6cd2fc9cfaa28a6396a5aec?s=96&d=mm&r=g","contentUrl":"https:\/\/secure.gravatar.com\/avatar\/f6d8782c11d12b2d4ad3fbb6931aeab5309937a4d6cd2fc9cfaa28a6396a5aec?s=96&d=mm&r=g","caption":"Redacci\u00f3n"},"url":"https:\/\/fuentesfidedignas.com.mx\/index.php\/author\/redaccion\/"}]}},"_links":{"self":[{"href":"https:\/\/fuentesfidedignas.com.mx\/index.php\/wp-json\/wp\/v2\/posts\/16012","targetHints":{"allow":["GET"]}}],"collection":[{"href":"https:\/\/fuentesfidedignas.com.mx\/index.php\/wp-json\/wp\/v2\/posts"}],"about":[{"href":"https:\/\/fuentesfidedignas.com.mx\/index.php\/wp-json\/wp\/v2\/types\/post"}],"author":[{"embeddable":true,"href":"https:\/\/fuentesfidedignas.com.mx\/index.php\/wp-json\/wp\/v2\/users\/4"}],"replies":[{"embeddable":true,"href":"https:\/\/fuentesfidedignas.com.mx\/index.php\/wp-json\/wp\/v2\/comments?post=16012"}],"version-history":[{"count":1,"href":"https:\/\/fuentesfidedignas.com.mx\/index.php\/wp-json\/wp\/v2\/posts\/16012\/revisions"}],"predecessor-version":[{"id":16014,"href":"https:\/\/fuentesfidedignas.com.mx\/index.php\/wp-json\/wp\/v2\/posts\/16012\/revisions\/16014"}],"wp:featuredmedia":[{"embeddable":true,"href":"https:\/\/fuentesfidedignas.com.mx\/index.php\/wp-json\/wp\/v2\/media\/16013"}],"wp:attachment":[{"href":"https:\/\/fuentesfidedignas.com.mx\/index.php\/wp-json\/wp\/v2\/media?parent=16012"}],"wp:term":[{"taxonomy":"category","embeddable":true,"href":"https:\/\/fuentesfidedignas.com.mx\/index.php\/wp-json\/wp\/v2\/categories?post=16012"},{"taxonomy":"post_tag","embeddable":true,"href":"https:\/\/fuentesfidedignas.com.mx\/index.php\/wp-json\/wp\/v2\/tags?post=16012"}],"curies":[{"name":"wp","href":"https:\/\/api.w.org\/{rel}","templated":true}]}}