{"id":15994,"date":"2021-10-27T05:50:23","date_gmt":"2021-10-27T12:50:23","guid":{"rendered":"https:\/\/fuentesfidedignas.com.mx\/?p=15994"},"modified":"2021-10-27T05:51:13","modified_gmt":"2021-10-27T12:51:13","slug":"presume-estrada-ferreiro-de-cierre-financiero-historico-en-su-tercer-informe","status":"publish","type":"post","link":"https:\/\/fuentesfidedignas.com.mx\/index.php\/2021\/10\/27\/presume-estrada-ferreiro-de-cierre-financiero-historico-en-su-tercer-informe\/","title":{"rendered":"Presume Estrada Ferreiro cierre financiero hist\u00f3rico en su Tercer Informe"},"content":{"rendered":"\n<p><strong><em>Afirm\u00f3 que sus estrategias financieras le valieron a Culiac\u00e1n el noveno lugar a nivel nacional entre casi 2,500 municipios<\/em><\/strong><\/p>\n\n\n\n<p>Culiac\u00e1n, Sin.- Con uno de los mejores cierres financieros en la historia de Culiac\u00e1n, el alcalde Lic. Jes\u00fas Estrada Ferreiro rindi\u00f3 ante la poblaci\u00f3n su Tercer Informe Anual de Labores del estado que guarda la administraci\u00f3n p\u00fablica municipal correspondiente a este \u00faltimo a\u00f1o y al periodo 2018-2021.<\/p>\n\n\n\n<p>Teniendo como escenario el Teatro Griego del Parque Culiac\u00e1n, Estrada Ferreiro mencion\u00f3 que la tarea de estos tres a\u00f1os \u201cha estado orientada a consolidar los principios que nos unen en lo esencial, la libertad, la igualdad, la fraternidad, la justicia social; todos ellos dentro del marco constitucional que da vida a las instituciones, a la paz social y al bienestar del pueblo\u201d.<\/p>\n\n\n\n<p>Tras se\u00f1alar las distintas adversidades a las que el Gobierno de Culiac\u00e1n se ha tenido que enfrentar desde el inicio de su gesti\u00f3n, entre ellas la herencia de una deuda hist\u00f3rica que ascend\u00eda a 1,080 millones de pesos, legisladores locales que da\u00f1aron el bienestar del pueblo al violentar la constituci\u00f3n y, sobre todo, la actual contingencia sanitaria, el primer edil dijo que gracias al esfuerzo y la dedicaci\u00f3n de su equipo de trabajo se logr\u00f3 estabilizar la administraci\u00f3n municipal.<\/p>\n\n\n\n<p>Logrando con ello importantes avances como la reducci\u00f3n de dicha deuda sin fuente de pago en m\u00e1s de 500 millones de pesos; la instalaci\u00f3n de 80 mil luminarias LED, siendo pagadas en su totalidad sin deber un solo peso, y que con motivo de esta innovaci\u00f3n tecnol\u00f3gica se ha tenido un ahorro del 55 por ciento en el consumo de energ\u00eda el\u00e9ctrica, generando econom\u00edas de 6 millones de pesos por mes, sin gastos por mantenimiento durante los pr\u00f3ximos 10 a\u00f1os a partir de su instalaci\u00f3n.<\/p>\n\n\n\n<figure class=\"wp-block-image size-large\"><img decoding=\"async\" width=\"1024\" height=\"725\" src=\"https:\/\/fuentesfidedignas.com.mx\/wp-content\/uploads\/2021\/10\/IMG-20211026-WA0003-1024x725.jpg\" alt=\"\" class=\"wp-image-15996\" srcset=\"https:\/\/fuentesfidedignas.com.mx\/wp-content\/uploads\/2021\/10\/IMG-20211026-WA0003-1024x725.jpg 1024w, https:\/\/fuentesfidedignas.com.mx\/wp-content\/uploads\/2021\/10\/IMG-20211026-WA0003-300x212.jpg 300w, https:\/\/fuentesfidedignas.com.mx\/wp-content\/uploads\/2021\/10\/IMG-20211026-WA0003-768x544.jpg 768w, https:\/\/fuentesfidedignas.com.mx\/wp-content\/uploads\/2021\/10\/IMG-20211026-WA0003.jpg 1280w\" sizes=\"(max-width: 1024px) 100vw, 1024px\" \/><\/figure>\n\n\n\n<p>\u201cAdem\u00e1s, desde el inicio de la administraci\u00f3n y hasta la fecha se han implementado 1,153 acciones de vivienda a trav\u00e9s de una pol\u00edtica de ayuda totalmente gratuita que ha llegado a todas las sindicaturas, principalmente a familias que en forma aut\u00e9ntica demostraron su necesidad imperiosa de tal beneficio\u201d, pronunci\u00f3 el alcalde.<\/p>\n\n\n\n<p>Este programa, indic\u00f3, obtuvo el primer lugar a nivel nacional en la categor\u00eda municipal dentro del concurso organizado por la Comisi\u00f3n Nacional de Transparencia y Acceso a la Informaci\u00f3n, como reconocimiento al uso de aplicaciones digitales para acercar a la poblaci\u00f3n estos beneficios, al reducir tiempos y tr\u00e1mites burocr\u00e1ticos.<\/p>\n\n\n\n<p>Detall\u00f3 que estas estrategias financieras le valieron a Culiac\u00e1n el noveno lugar a nivel nacional entre casi 2,500 municipios, como mejores recaudadores de impuesto predial por parte del Instituto para el Desarrollo T\u00e9cnico de las Haciendas P\u00fablicas; asimismo, la calificadora Fitch Rating asign\u00f3 la distinci\u00f3n de calidad \u201cBBB positivo\u201d, lo cual demuestra un buen manejo del presupuesto y la alineaci\u00f3n del gasto con el ingreso, tras haber iniciado con calificaci\u00f3n negativa.<\/p>\n\n\n\n<p>En lo que respecta a la atenci\u00f3n emergente emprendida para contrarrestar los efectos de la pandemia derivada por el brote de Covid-19, Estrada Ferreiro agradeci\u00f3 a los empresarios y establecimientos comerciales de la regi\u00f3n todo el apoyo brindado a trav\u00e9s de sus donativos, principalmente de cubrebocas e insumos que lograron fortalecer la campa\u00f1a preventiva de \u201cGuardianes de la Salud\u201d.<\/p>\n\n\n\n<p>\u201cPor ello agradezco en todo lo que vale la colaboraci\u00f3n de m\u00e1s de 800 empleados del ayuntamiento y voluntarios que han colaborado en esta importante y noble misi\u00f3n; con menci\u00f3n honor\u00edfica al reconocimiento de la incansable labor de la Dra. Martha Alicia Torres reyes, Coordinadora de los Servicios de Salud Municipal\u201d, manifest\u00f3.<\/p>\n\n\n\n<p>Quien desde que inici\u00f3 la pandemia y hasta la fecha ha atendido personalmente el Covitario ubicado en la Colonia Rosario Uz\u00e1rraga, precisamente en su domicilio particular donde colaboran con ella m\u00e1s de 20 m\u00e9dicos y enfermeras, voluntarios que lo hacen en forma altruista por convicci\u00f3n y que arriesgan su vida y su salud incluyendo la de sus familias.<\/p>\n\n\n\n<p>\u201cHemos cumplido el compromiso que asumimos de trabajar por el bienestar del pueblo sin importar el costo pol\u00edtico, hoy me comprometo a seguir haci\u00e9ndolo, pues me queda claro que el pueblo nos ha refrendado su confianza y que seguiremos gobernando en esta Ciudad Capital, siempre en coordinaci\u00f3n con el pr\u00f3ximo gobernador de Sinaloa, Rub\u00e9n Rocha Moya y en especial con el Gobierno de M\u00e9xico que preside el Lic. Andr\u00e9s Manuel L\u00f3pez Obrador\u201d, expres\u00f3.<\/p>\n\n\n\n<p>En el apartado de obras y servicios p\u00fablicos, Estrada Ferreiro destac\u00f3 la inversi\u00f3n de 540 millones de pesos para el revestimiento de arroyos y drenes; 504 millones de pesos en materia de agua potable, alcantarillado y drenaje sanitario, a fin de contribuir a la mejora continua de cantidad y calidad del servicio.<\/p>\n\n\n\n<p>A ello, inform\u00f3, se suman la cifra de 170 millones de pesos gestionados ante la CONAGUA para de hacer realidad el proyecto de dragado de los R\u00edos Humaya, Tamazula y Culiac\u00e1n para hacerlos navegables y detonar la econom\u00eda de la capital; adem\u00e1s de m\u00e1s de 100 millones de pesos que se han aplicado para la rehabilitaci\u00f3n del colector pluvial Rub\u00ed.<\/p>\n\n\n\n<p>Ante representantes de los tres poderes del estado y el pueblo de Culiac\u00e1n, el presidente municipal concluy\u00f3 el acto al pronunciar que \u201csi queremos tener \u00e9xito en la construcci\u00f3n de la paz social, debemos tomar decisiones urgentes apegadas al derecho constitucional y que \u00e9ste se respete a cabalidad, aunque a algunas personas les afecte en sus intereses ileg\u00edtimos; en otras palabras y como dec\u00eda Don Benito Pablo Ju\u00e1rez Garc\u00eda \u2018Entre los individuos como entre las Naciones, el respeto al derecho ajeno es la Paz\u2019\u201d.<\/p>\n","protected":false},"excerpt":{"rendered":"<p>Afirm\u00f3 que sus estrategias financieras le valieron a Culiac\u00e1n el noveno lugar a nivel nacional entre casi 2,500 municipios Culiac\u00e1n, Sin.- Con uno de los mejores cierres financieros en la historia de Culiac\u00e1n, el alcalde Lic. Jes\u00fas Estrada Ferreiro rindi\u00f3 ante la poblaci\u00f3n su Tercer Informe Anual de Labores del estado que guarda la administraci\u00f3n [&hellip;]<\/p>\n","protected":false},"author":4,"featured_media":15995,"comment_status":"open","ping_status":"open","sticky":false,"template":"","format":"standard","meta":{"tdm_status":"","tdm_grid_status":"","footnotes":""},"categories":[37],"tags":[],"class_list":{"0":"post-15994","1":"post","2":"type-post","3":"status-publish","4":"format-standard","5":"has-post-thumbnail","7":"category-nota-principal"},"yoast_head":"<!-- This site is optimized with the Yoast SEO plugin v27.5 - https:\/\/yoast.com\/product\/yoast-seo-wordpress\/ -->\n<title>Presume Estrada Ferreiro cierre financiero hist\u00f3rico en su Tercer Informe - Fuentes Fidedignas<\/title>\n<meta name=\"robots\" content=\"index, follow, max-snippet:-1, max-image-preview:large, max-video-preview:-1\" \/>\n<link rel=\"canonical\" href=\"https:\/\/fuentesfidedignas.com.mx\/index.php\/2021\/10\/27\/presume-estrada-ferreiro-de-cierre-financiero-historico-en-su-tercer-informe\/\" \/>\n<meta property=\"og:locale\" content=\"es_MX\" \/>\n<meta property=\"og:type\" content=\"article\" \/>\n<meta property=\"og:title\" content=\"Presume Estrada Ferreiro cierre financiero hist\u00f3rico en su Tercer Informe - Fuentes Fidedignas\" \/>\n<meta property=\"og:description\" content=\"Afirm\u00f3 que sus estrategias financieras le valieron a Culiac\u00e1n el noveno lugar a nivel nacional entre casi 2,500 municipios Culiac\u00e1n, Sin.- Con uno de los mejores cierres financieros en la historia de Culiac\u00e1n, el alcalde Lic. Jes\u00fas Estrada Ferreiro rindi\u00f3 ante la poblaci\u00f3n su Tercer Informe Anual de Labores del estado que guarda la administraci\u00f3n [&hellip;]\" \/>\n<meta property=\"og:url\" content=\"https:\/\/fuentesfidedignas.com.mx\/index.php\/2021\/10\/27\/presume-estrada-ferreiro-de-cierre-financiero-historico-en-su-tercer-informe\/\" \/>\n<meta property=\"og:site_name\" content=\"Fuentes Fidedignas\" \/>\n<meta property=\"article:publisher\" content=\"https:\/\/www.facebook.com\/Fuentes-Fidedignas-368234489921644\" \/>\n<meta property=\"article:published_time\" content=\"2021-10-27T12:50:23+00:00\" \/>\n<meta property=\"article:modified_time\" content=\"2021-10-27T12:51:13+00:00\" \/>\n<meta property=\"og:image\" content=\"https:\/\/fuentesfidedignas.com.mx\/wp-content\/uploads\/2021\/10\/IMG-20211026-WA0004.jpg\" \/>\n\t<meta property=\"og:image:width\" content=\"1280\" \/>\n\t<meta property=\"og:image:height\" content=\"853\" \/>\n\t<meta property=\"og:image:type\" content=\"image\/jpeg\" \/>\n<meta name=\"author\" content=\"Redacci\u00f3n\" \/>\n<meta name=\"twitter:card\" content=\"summary_large_image\" \/>\n<meta name=\"twitter:creator\" content=\"@fidedignas\" \/>\n<meta name=\"twitter:site\" content=\"@fidedignas\" \/>\n<meta name=\"twitter:label1\" content=\"Escrito por\" \/>\n\t<meta name=\"twitter:data1\" content=\"Redacci\u00f3n\" \/>\n\t<meta name=\"twitter:label2\" content=\"Tiempo de lectura\" \/>\n\t<meta name=\"twitter:data2\" content=\"5 minutos\" \/>\n<script type=\"application\/ld+json\" class=\"yoast-schema-graph\">{\"@context\":\"https:\\\/\\\/schema.org\",\"@graph\":[{\"@type\":\"Article\",\"@id\":\"https:\\\/\\\/fuentesfidedignas.com.mx\\\/index.php\\\/2021\\\/10\\\/27\\\/presume-estrada-ferreiro-de-cierre-financiero-historico-en-su-tercer-informe\\\/#article\",\"isPartOf\":{\"@id\":\"https:\\\/\\\/fuentesfidedignas.com.mx\\\/index.php\\\/2021\\\/10\\\/27\\\/presume-estrada-ferreiro-de-cierre-financiero-historico-en-su-tercer-informe\\\/\"},\"author\":{\"name\":\"Redacci\u00f3n\",\"@id\":\"https:\\\/\\\/fuentesfidedignas.com.mx\\\/#\\\/schema\\\/person\\\/331be9283d37198e2acd5750279085b0\"},\"headline\":\"Presume Estrada Ferreiro cierre financiero hist\u00f3rico en su Tercer Informe\",\"datePublished\":\"2021-10-27T12:50:23+00:00\",\"dateModified\":\"2021-10-27T12:51:13+00:00\",\"mainEntityOfPage\":{\"@id\":\"https:\\\/\\\/fuentesfidedignas.com.mx\\\/index.php\\\/2021\\\/10\\\/27\\\/presume-estrada-ferreiro-de-cierre-financiero-historico-en-su-tercer-informe\\\/\"},\"wordCount\":980,\"commentCount\":0,\"publisher\":{\"@id\":\"https:\\\/\\\/fuentesfidedignas.com.mx\\\/#organization\"},\"image\":{\"@id\":\"https:\\\/\\\/fuentesfidedignas.com.mx\\\/index.php\\\/2021\\\/10\\\/27\\\/presume-estrada-ferreiro-de-cierre-financiero-historico-en-su-tercer-informe\\\/#primaryimage\"},\"thumbnailUrl\":\"https:\\\/\\\/fuentesfidedignas.com.mx\\\/wp-content\\\/uploads\\\/2021\\\/10\\\/IMG-20211026-WA0004.jpg\",\"articleSection\":[\"NOTA PRINCIPAL\"],\"inLanguage\":\"es\",\"potentialAction\":[{\"@type\":\"CommentAction\",\"name\":\"Comment\",\"target\":[\"https:\\\/\\\/fuentesfidedignas.com.mx\\\/index.php\\\/2021\\\/10\\\/27\\\/presume-estrada-ferreiro-de-cierre-financiero-historico-en-su-tercer-informe\\\/#respond\"]}]},{\"@type\":\"WebPage\",\"@id\":\"https:\\\/\\\/fuentesfidedignas.com.mx\\\/index.php\\\/2021\\\/10\\\/27\\\/presume-estrada-ferreiro-de-cierre-financiero-historico-en-su-tercer-informe\\\/\",\"url\":\"https:\\\/\\\/fuentesfidedignas.com.mx\\\/index.php\\\/2021\\\/10\\\/27\\\/presume-estrada-ferreiro-de-cierre-financiero-historico-en-su-tercer-informe\\\/\",\"name\":\"Presume Estrada Ferreiro cierre financiero hist\u00f3rico en su Tercer Informe - Fuentes Fidedignas\",\"isPartOf\":{\"@id\":\"https:\\\/\\\/fuentesfidedignas.com.mx\\\/#website\"},\"primaryImageOfPage\":{\"@id\":\"https:\\\/\\\/fuentesfidedignas.com.mx\\\/index.php\\\/2021\\\/10\\\/27\\\/presume-estrada-ferreiro-de-cierre-financiero-historico-en-su-tercer-informe\\\/#primaryimage\"},\"image\":{\"@id\":\"https:\\\/\\\/fuentesfidedignas.com.mx\\\/index.php\\\/2021\\\/10\\\/27\\\/presume-estrada-ferreiro-de-cierre-financiero-historico-en-su-tercer-informe\\\/#primaryimage\"},\"thumbnailUrl\":\"https:\\\/\\\/fuentesfidedignas.com.mx\\\/wp-content\\\/uploads\\\/2021\\\/10\\\/IMG-20211026-WA0004.jpg\",\"datePublished\":\"2021-10-27T12:50:23+00:00\",\"dateModified\":\"2021-10-27T12:51:13+00:00\",\"breadcrumb\":{\"@id\":\"https:\\\/\\\/fuentesfidedignas.com.mx\\\/index.php\\\/2021\\\/10\\\/27\\\/presume-estrada-ferreiro-de-cierre-financiero-historico-en-su-tercer-informe\\\/#breadcrumb\"},\"inLanguage\":\"es\",\"potentialAction\":[{\"@type\":\"ReadAction\",\"target\":[\"https:\\\/\\\/fuentesfidedignas.com.mx\\\/index.php\\\/2021\\\/10\\\/27\\\/presume-estrada-ferreiro-de-cierre-financiero-historico-en-su-tercer-informe\\\/\"]}]},{\"@type\":\"ImageObject\",\"inLanguage\":\"es\",\"@id\":\"https:\\\/\\\/fuentesfidedignas.com.mx\\\/index.php\\\/2021\\\/10\\\/27\\\/presume-estrada-ferreiro-de-cierre-financiero-historico-en-su-tercer-informe\\\/#primaryimage\",\"url\":\"https:\\\/\\\/fuentesfidedignas.com.mx\\\/wp-content\\\/uploads\\\/2021\\\/10\\\/IMG-20211026-WA0004.jpg\",\"contentUrl\":\"https:\\\/\\\/fuentesfidedignas.com.mx\\\/wp-content\\\/uploads\\\/2021\\\/10\\\/IMG-20211026-WA0004.jpg\",\"width\":1280,\"height\":853},{\"@type\":\"BreadcrumbList\",\"@id\":\"https:\\\/\\\/fuentesfidedignas.com.mx\\\/index.php\\\/2021\\\/10\\\/27\\\/presume-estrada-ferreiro-de-cierre-financiero-historico-en-su-tercer-informe\\\/#breadcrumb\",\"itemListElement\":[{\"@type\":\"ListItem\",\"position\":1,\"name\":\"Inicio\",\"item\":\"https:\\\/\\\/fuentesfidedignas.com.mx\\\/\"},{\"@type\":\"ListItem\",\"position\":2,\"name\":\"Presume Estrada Ferreiro cierre financiero hist\u00f3rico en su Tercer Informe\"}]},{\"@type\":\"WebSite\",\"@id\":\"https:\\\/\\\/fuentesfidedignas.com.mx\\\/#website\",\"url\":\"https:\\\/\\\/fuentesfidedignas.com.mx\\\/\",\"name\":\"Fuentes Fidedignas\",\"description\":\"Otro sitio realizado con WordPress\",\"publisher\":{\"@id\":\"https:\\\/\\\/fuentesfidedignas.com.mx\\\/#organization\"},\"potentialAction\":[{\"@type\":\"SearchAction\",\"target\":{\"@type\":\"EntryPoint\",\"urlTemplate\":\"https:\\\/\\\/fuentesfidedignas.com.mx\\\/?s={search_term_string}\"},\"query-input\":{\"@type\":\"PropertyValueSpecification\",\"valueRequired\":true,\"valueName\":\"search_term_string\"}}],\"inLanguage\":\"es\"},{\"@type\":\"Organization\",\"@id\":\"https:\\\/\\\/fuentesfidedignas.com.mx\\\/#organization\",\"name\":\"Fuentes Fidedignas\",\"url\":\"https:\\\/\\\/fuentesfidedignas.com.mx\\\/\",\"logo\":{\"@type\":\"ImageObject\",\"inLanguage\":\"es\",\"@id\":\"https:\\\/\\\/fuentesfidedignas.com.mx\\\/#\\\/schema\\\/logo\\\/image\\\/\",\"url\":\"https:\\\/\\\/fuentesfidedignas.com.mx\\\/wp-content\\\/uploads\\\/2021\\\/04\\\/logo-retina.png\",\"contentUrl\":\"https:\\\/\\\/fuentesfidedignas.com.mx\\\/wp-content\\\/uploads\\\/2021\\\/04\\\/logo-retina.png\",\"width\":280,\"height\":51,\"caption\":\"Fuentes Fidedignas\"},\"image\":{\"@id\":\"https:\\\/\\\/fuentesfidedignas.com.mx\\\/#\\\/schema\\\/logo\\\/image\\\/\"},\"sameAs\":[\"https:\\\/\\\/www.facebook.com\\\/Fuentes-Fidedignas-368234489921644\",\"https:\\\/\\\/x.com\\\/fidedignas\"]},{\"@type\":\"Person\",\"@id\":\"https:\\\/\\\/fuentesfidedignas.com.mx\\\/#\\\/schema\\\/person\\\/331be9283d37198e2acd5750279085b0\",\"name\":\"Redacci\u00f3n\",\"image\":{\"@type\":\"ImageObject\",\"inLanguage\":\"es\",\"@id\":\"https:\\\/\\\/secure.gravatar.com\\\/avatar\\\/f6d8782c11d12b2d4ad3fbb6931aeab5309937a4d6cd2fc9cfaa28a6396a5aec?s=96&d=mm&r=g\",\"url\":\"https:\\\/\\\/secure.gravatar.com\\\/avatar\\\/f6d8782c11d12b2d4ad3fbb6931aeab5309937a4d6cd2fc9cfaa28a6396a5aec?s=96&d=mm&r=g\",\"contentUrl\":\"https:\\\/\\\/secure.gravatar.com\\\/avatar\\\/f6d8782c11d12b2d4ad3fbb6931aeab5309937a4d6cd2fc9cfaa28a6396a5aec?s=96&d=mm&r=g\",\"caption\":\"Redacci\u00f3n\"},\"url\":\"https:\\\/\\\/fuentesfidedignas.com.mx\\\/index.php\\\/author\\\/redaccion\\\/\"}]}<\/script>\n<!-- \/ Yoast SEO plugin. -->","yoast_head_json":{"title":"Presume Estrada Ferreiro cierre financiero hist\u00f3rico en su Tercer Informe - Fuentes Fidedignas","robots":{"index":"index","follow":"follow","max-snippet":"max-snippet:-1","max-image-preview":"max-image-preview:large","max-video-preview":"max-video-preview:-1"},"canonical":"https:\/\/fuentesfidedignas.com.mx\/index.php\/2021\/10\/27\/presume-estrada-ferreiro-de-cierre-financiero-historico-en-su-tercer-informe\/","og_locale":"es_MX","og_type":"article","og_title":"Presume Estrada Ferreiro cierre financiero hist\u00f3rico en su Tercer Informe - Fuentes Fidedignas","og_description":"Afirm\u00f3 que sus estrategias financieras le valieron a Culiac\u00e1n el noveno lugar a nivel nacional entre casi 2,500 municipios Culiac\u00e1n, Sin.- Con uno de los mejores cierres financieros en la historia de Culiac\u00e1n, el alcalde Lic. Jes\u00fas Estrada Ferreiro rindi\u00f3 ante la poblaci\u00f3n su Tercer Informe Anual de Labores del estado que guarda la administraci\u00f3n [&hellip;]","og_url":"https:\/\/fuentesfidedignas.com.mx\/index.php\/2021\/10\/27\/presume-estrada-ferreiro-de-cierre-financiero-historico-en-su-tercer-informe\/","og_site_name":"Fuentes Fidedignas","article_publisher":"https:\/\/www.facebook.com\/Fuentes-Fidedignas-368234489921644","article_published_time":"2021-10-27T12:50:23+00:00","article_modified_time":"2021-10-27T12:51:13+00:00","og_image":[{"width":1280,"height":853,"url":"https:\/\/fuentesfidedignas.com.mx\/wp-content\/uploads\/2021\/10\/IMG-20211026-WA0004.jpg","type":"image\/jpeg"}],"author":"Redacci\u00f3n","twitter_card":"summary_large_image","twitter_creator":"@fidedignas","twitter_site":"@fidedignas","twitter_misc":{"Escrito por":"Redacci\u00f3n","Tiempo de lectura":"5 minutos"},"schema":{"@context":"https:\/\/schema.org","@graph":[{"@type":"Article","@id":"https:\/\/fuentesfidedignas.com.mx\/index.php\/2021\/10\/27\/presume-estrada-ferreiro-de-cierre-financiero-historico-en-su-tercer-informe\/#article","isPartOf":{"@id":"https:\/\/fuentesfidedignas.com.mx\/index.php\/2021\/10\/27\/presume-estrada-ferreiro-de-cierre-financiero-historico-en-su-tercer-informe\/"},"author":{"name":"Redacci\u00f3n","@id":"https:\/\/fuentesfidedignas.com.mx\/#\/schema\/person\/331be9283d37198e2acd5750279085b0"},"headline":"Presume Estrada Ferreiro cierre financiero hist\u00f3rico en su Tercer Informe","datePublished":"2021-10-27T12:50:23+00:00","dateModified":"2021-10-27T12:51:13+00:00","mainEntityOfPage":{"@id":"https:\/\/fuentesfidedignas.com.mx\/index.php\/2021\/10\/27\/presume-estrada-ferreiro-de-cierre-financiero-historico-en-su-tercer-informe\/"},"wordCount":980,"commentCount":0,"publisher":{"@id":"https:\/\/fuentesfidedignas.com.mx\/#organization"},"image":{"@id":"https:\/\/fuentesfidedignas.com.mx\/index.php\/2021\/10\/27\/presume-estrada-ferreiro-de-cierre-financiero-historico-en-su-tercer-informe\/#primaryimage"},"thumbnailUrl":"https:\/\/fuentesfidedignas.com.mx\/wp-content\/uploads\/2021\/10\/IMG-20211026-WA0004.jpg","articleSection":["NOTA PRINCIPAL"],"inLanguage":"es","potentialAction":[{"@type":"CommentAction","name":"Comment","target":["https:\/\/fuentesfidedignas.com.mx\/index.php\/2021\/10\/27\/presume-estrada-ferreiro-de-cierre-financiero-historico-en-su-tercer-informe\/#respond"]}]},{"@type":"WebPage","@id":"https:\/\/fuentesfidedignas.com.mx\/index.php\/2021\/10\/27\/presume-estrada-ferreiro-de-cierre-financiero-historico-en-su-tercer-informe\/","url":"https:\/\/fuentesfidedignas.com.mx\/index.php\/2021\/10\/27\/presume-estrada-ferreiro-de-cierre-financiero-historico-en-su-tercer-informe\/","name":"Presume Estrada Ferreiro cierre financiero hist\u00f3rico en su Tercer Informe - Fuentes Fidedignas","isPartOf":{"@id":"https:\/\/fuentesfidedignas.com.mx\/#website"},"primaryImageOfPage":{"@id":"https:\/\/fuentesfidedignas.com.mx\/index.php\/2021\/10\/27\/presume-estrada-ferreiro-de-cierre-financiero-historico-en-su-tercer-informe\/#primaryimage"},"image":{"@id":"https:\/\/fuentesfidedignas.com.mx\/index.php\/2021\/10\/27\/presume-estrada-ferreiro-de-cierre-financiero-historico-en-su-tercer-informe\/#primaryimage"},"thumbnailUrl":"https:\/\/fuentesfidedignas.com.mx\/wp-content\/uploads\/2021\/10\/IMG-20211026-WA0004.jpg","datePublished":"2021-10-27T12:50:23+00:00","dateModified":"2021-10-27T12:51:13+00:00","breadcrumb":{"@id":"https:\/\/fuentesfidedignas.com.mx\/index.php\/2021\/10\/27\/presume-estrada-ferreiro-de-cierre-financiero-historico-en-su-tercer-informe\/#breadcrumb"},"inLanguage":"es","potentialAction":[{"@type":"ReadAction","target":["https:\/\/fuentesfidedignas.com.mx\/index.php\/2021\/10\/27\/presume-estrada-ferreiro-de-cierre-financiero-historico-en-su-tercer-informe\/"]}]},{"@type":"ImageObject","inLanguage":"es","@id":"https:\/\/fuentesfidedignas.com.mx\/index.php\/2021\/10\/27\/presume-estrada-ferreiro-de-cierre-financiero-historico-en-su-tercer-informe\/#primaryimage","url":"https:\/\/fuentesfidedignas.com.mx\/wp-content\/uploads\/2021\/10\/IMG-20211026-WA0004.jpg","contentUrl":"https:\/\/fuentesfidedignas.com.mx\/wp-content\/uploads\/2021\/10\/IMG-20211026-WA0004.jpg","width":1280,"height":853},{"@type":"BreadcrumbList","@id":"https:\/\/fuentesfidedignas.com.mx\/index.php\/2021\/10\/27\/presume-estrada-ferreiro-de-cierre-financiero-historico-en-su-tercer-informe\/#breadcrumb","itemListElement":[{"@type":"ListItem","position":1,"name":"Inicio","item":"https:\/\/fuentesfidedignas.com.mx\/"},{"@type":"ListItem","position":2,"name":"Presume Estrada Ferreiro cierre financiero hist\u00f3rico en su Tercer Informe"}]},{"@type":"WebSite","@id":"https:\/\/fuentesfidedignas.com.mx\/#website","url":"https:\/\/fuentesfidedignas.com.mx\/","name":"Fuentes Fidedignas","description":"Otro sitio realizado con WordPress","publisher":{"@id":"https:\/\/fuentesfidedignas.com.mx\/#organization"},"potentialAction":[{"@type":"SearchAction","target":{"@type":"EntryPoint","urlTemplate":"https:\/\/fuentesfidedignas.com.mx\/?s={search_term_string}"},"query-input":{"@type":"PropertyValueSpecification","valueRequired":true,"valueName":"search_term_string"}}],"inLanguage":"es"},{"@type":"Organization","@id":"https:\/\/fuentesfidedignas.com.mx\/#organization","name":"Fuentes Fidedignas","url":"https:\/\/fuentesfidedignas.com.mx\/","logo":{"@type":"ImageObject","inLanguage":"es","@id":"https:\/\/fuentesfidedignas.com.mx\/#\/schema\/logo\/image\/","url":"https:\/\/fuentesfidedignas.com.mx\/wp-content\/uploads\/2021\/04\/logo-retina.png","contentUrl":"https:\/\/fuentesfidedignas.com.mx\/wp-content\/uploads\/2021\/04\/logo-retina.png","width":280,"height":51,"caption":"Fuentes Fidedignas"},"image":{"@id":"https:\/\/fuentesfidedignas.com.mx\/#\/schema\/logo\/image\/"},"sameAs":["https:\/\/www.facebook.com\/Fuentes-Fidedignas-368234489921644","https:\/\/x.com\/fidedignas"]},{"@type":"Person","@id":"https:\/\/fuentesfidedignas.com.mx\/#\/schema\/person\/331be9283d37198e2acd5750279085b0","name":"Redacci\u00f3n","image":{"@type":"ImageObject","inLanguage":"es","@id":"https:\/\/secure.gravatar.com\/avatar\/f6d8782c11d12b2d4ad3fbb6931aeab5309937a4d6cd2fc9cfaa28a6396a5aec?s=96&d=mm&r=g","url":"https:\/\/secure.gravatar.com\/avatar\/f6d8782c11d12b2d4ad3fbb6931aeab5309937a4d6cd2fc9cfaa28a6396a5aec?s=96&d=mm&r=g","contentUrl":"https:\/\/secure.gravatar.com\/avatar\/f6d8782c11d12b2d4ad3fbb6931aeab5309937a4d6cd2fc9cfaa28a6396a5aec?s=96&d=mm&r=g","caption":"Redacci\u00f3n"},"url":"https:\/\/fuentesfidedignas.com.mx\/index.php\/author\/redaccion\/"}]}},"_links":{"self":[{"href":"https:\/\/fuentesfidedignas.com.mx\/index.php\/wp-json\/wp\/v2\/posts\/15994","targetHints":{"allow":["GET"]}}],"collection":[{"href":"https:\/\/fuentesfidedignas.com.mx\/index.php\/wp-json\/wp\/v2\/posts"}],"about":[{"href":"https:\/\/fuentesfidedignas.com.mx\/index.php\/wp-json\/wp\/v2\/types\/post"}],"author":[{"embeddable":true,"href":"https:\/\/fuentesfidedignas.com.mx\/index.php\/wp-json\/wp\/v2\/users\/4"}],"replies":[{"embeddable":true,"href":"https:\/\/fuentesfidedignas.com.mx\/index.php\/wp-json\/wp\/v2\/comments?post=15994"}],"version-history":[{"count":2,"href":"https:\/\/fuentesfidedignas.com.mx\/index.php\/wp-json\/wp\/v2\/posts\/15994\/revisions"}],"predecessor-version":[{"id":15998,"href":"https:\/\/fuentesfidedignas.com.mx\/index.php\/wp-json\/wp\/v2\/posts\/15994\/revisions\/15998"}],"wp:featuredmedia":[{"embeddable":true,"href":"https:\/\/fuentesfidedignas.com.mx\/index.php\/wp-json\/wp\/v2\/media\/15995"}],"wp:attachment":[{"href":"https:\/\/fuentesfidedignas.com.mx\/index.php\/wp-json\/wp\/v2\/media?parent=15994"}],"wp:term":[{"taxonomy":"category","embeddable":true,"href":"https:\/\/fuentesfidedignas.com.mx\/index.php\/wp-json\/wp\/v2\/categories?post=15994"},{"taxonomy":"post_tag","embeddable":true,"href":"https:\/\/fuentesfidedignas.com.mx\/index.php\/wp-json\/wp\/v2\/tags?post=15994"}],"curies":[{"name":"wp","href":"https:\/\/api.w.org\/{rel}","templated":true}]}}