{"id":15961,"date":"2021-10-26T14:32:38","date_gmt":"2021-10-26T21:32:38","guid":{"rendered":"https:\/\/fuentesfidedignas.com.mx\/?p=15961"},"modified":"2021-10-26T14:32:39","modified_gmt":"2021-10-26T21:32:39","slug":"alcocer-defiende-insabi-y-recuerda-que-el-seguro-popular-no-cubria-todas-las-enfermedades","status":"publish","type":"post","link":"https:\/\/fuentesfidedignas.com.mx\/index.php\/2021\/10\/26\/alcocer-defiende-insabi-y-recuerda-que-el-seguro-popular-no-cubria-todas-las-enfermedades\/","title":{"rendered":"Alcocer defiende Insabi y recuerda que el Seguro Popular no cubr\u00eda todas las enfermedades"},"content":{"rendered":"\n<p><strong><em>El secretario de Salud dijo que el Insabi, a diferencia del Seguro Popular, s\u00ed busca una cobertura universal, aunque eso lleva tiempo.<\/em><\/strong><\/p>\n\n\n\n<p>Ciudad de M\u00e9xico.- El secretario de Salud, Jorge Alcocer, defendi\u00f3 al Instituto de Salud para el Bienestar (Insabi), pues dijo que \u00e9ste cubre todas las enfermedades de aquellos que no tienen seguro social, algo que no pasaba con el Seguro Popular.<\/p>\n\n\n\n<p>Durante su comparecencia en la C\u00e1mara de Diputados por la glosa del Tercer Informe de Gobierno del presidente Andr\u00e9s Manuel L\u00f3pez Obrador y ante los constantes reclamos de los legisladores de oposici\u00f3n por la desaparici\u00f3n del Seguro Popular, el secretario coment\u00f3 que \u00e9ste no aseguraba el abasto de medicamentos ni la atenci\u00f3n hospitalaria ni el beneficio a la salud universal.<\/p>\n\n\n\n<p>\u201cEl Seguro Popular era un esquema de transferencias de recursos a las entidades federativas para que, supuestamente, se garantizara la prestaci\u00f3n de un conjunto limitado de intervenciones con m\u00faltiples fallas en garantizar un acceso real. Esto lo viv\u00ed durante el tiempo que estaba como m\u00e9dico\u201d, explic\u00f3.<\/p>\n\n\n\n<p>Alcocer coment\u00f3 que el Seguro Popular no cubr\u00eda todas las enfermedades y lo ejemplific\u00f3 con el c\u00e1ncer de p\u00e1ncreas, el cual no \u201cfiguraba en la lista\u201d de atenciones.<\/p>\n\n\n\n<p>\u201cEst\u00e1 el Insabi cumpliendo la universalidad de la atenci\u00f3n a todas las enfermedades desde el nacimiento hasta antes de la muerte. Esto se lleva tiempo y estamos dando las bases operativas\u201d, coment\u00f3.<\/p>\n\n\n\n<p>Sobre el desabasto de medicamentos para ni\u00f1os con c\u00e1ncer, el funcionario explic\u00f3 que esto se debi\u00f3 a varios factores, como la suspensi\u00f3n de medicamentos contra los que hab\u00eda quejas, as\u00ed como la suspensi\u00f3n de f\u00e1rmacos por no cumplir con los est\u00e1ndares de calidad.<\/p>\n\n\n\n<p>El desabasto tambi\u00e9n se debe a que China e India, que son los principales proveedores de medicamentos, disminuyeron su producci\u00f3n y cerraron sus fronteras por la pandemia de Covid-19, y por falta de proveedur\u00eda en M\u00e9xico.<\/p>\n\n\n\n<p>Durante la comparecencia, los diputados del PAN presentaron una l\u00e1pida del secretario y le pidieron al titular de la Secretar\u00eda de Salud que escribiera su epitafio para saber c\u00f3mo quer\u00eda que fuera recordado al morir. Esto gener\u00f3 que la bancada de Morena pidieran respeto para Jorge Alcocer.<\/p>\n\n\n\n<p>Al hablar de la pandemia de Covid, el secretario mencion\u00f3 que van 11 semanas de descenso sostenido tras la tercera ola, por lo que hay una reducci\u00f3n de 84% de la ocupaci\u00f3n hospitalaria.<\/p>\n\n\n\n<p>Agreg\u00f3 que M\u00e9xico se sit\u00faa en la posici\u00f3n 18 con m\u00e1s casos por cada 100,000 habitantes y ocupa el lugar 8 con m\u00e1s dosis de vacunas aplicadas contra el coronavirus.<\/p>\n\n\n\n<p>\u201cCon la tercera ola de pandemia se ha logrado descensos en casos activos y fallecimientos con mayor eficacia y rapidez que en las dos previas\u201d, declar\u00f3 frente a diputados.<\/p>\n","protected":false},"excerpt":{"rendered":"<p>El secretario de Salud dijo que el Insabi, a diferencia del Seguro Popular, s\u00ed busca una cobertura universal, aunque eso lleva tiempo. Ciudad de M\u00e9xico.- El secretario de Salud, Jorge Alcocer, defendi\u00f3 al Instituto de Salud para el Bienestar (Insabi), pues dijo que \u00e9ste cubre todas las enfermedades de aquellos que no tienen seguro social, [&hellip;]<\/p>\n","protected":false},"author":5,"featured_media":15962,"comment_status":"open","ping_status":"open","sticky":false,"template":"","format":"standard","meta":{"tdm_status":"","tdm_grid_status":"","footnotes":""},"categories":[39],"tags":[247,297,411,1810,2078],"class_list":{"0":"post-15961","1":"post","2":"type-post","3":"status-publish","4":"format-standard","5":"has-post-thumbnail","7":"category-noticias-nacionales","8":"tag-amlo","9":"tag-andres-manuel-lopez-obrador","10":"tag-insabi","11":"tag-instituto-de-salud-para-el-bienestar","12":"tag-seguro-popular"},"yoast_head":"<!-- This site is optimized with the Yoast SEO plugin v27.5 - https:\/\/yoast.com\/product\/yoast-seo-wordpress\/ -->\n<title>Alcocer defiende Insabi y recuerda que el Seguro Popular no cubr\u00eda todas las enfermedades - Fuentes Fidedignas<\/title>\n<meta name=\"robots\" content=\"index, follow, max-snippet:-1, max-image-preview:large, max-video-preview:-1\" \/>\n<link rel=\"canonical\" href=\"https:\/\/fuentesfidedignas.com.mx\/index.php\/2021\/10\/26\/alcocer-defiende-insabi-y-recuerda-que-el-seguro-popular-no-cubria-todas-las-enfermedades\/\" \/>\n<meta property=\"og:locale\" content=\"es_MX\" \/>\n<meta property=\"og:type\" content=\"article\" \/>\n<meta property=\"og:title\" content=\"Alcocer defiende Insabi y recuerda que el Seguro Popular no cubr\u00eda todas las enfermedades - Fuentes Fidedignas\" \/>\n<meta property=\"og:description\" content=\"El secretario de Salud dijo que el Insabi, a diferencia del Seguro Popular, s\u00ed busca una cobertura universal, aunque eso lleva tiempo. Ciudad de M\u00e9xico.- El secretario de Salud, Jorge Alcocer, defendi\u00f3 al Instituto de Salud para el Bienestar (Insabi), pues dijo que \u00e9ste cubre todas las enfermedades de aquellos que no tienen seguro social, [&hellip;]\" \/>\n<meta property=\"og:url\" content=\"https:\/\/fuentesfidedignas.com.mx\/index.php\/2021\/10\/26\/alcocer-defiende-insabi-y-recuerda-que-el-seguro-popular-no-cubria-todas-las-enfermedades\/\" \/>\n<meta property=\"og:site_name\" content=\"Fuentes Fidedignas\" \/>\n<meta property=\"article:publisher\" content=\"https:\/\/www.facebook.com\/Fuentes-Fidedignas-368234489921644\" \/>\n<meta property=\"article:published_time\" content=\"2021-10-26T21:32:38+00:00\" \/>\n<meta property=\"article:modified_time\" content=\"2021-10-26T21:32:39+00:00\" \/>\n<meta property=\"og:image\" content=\"https:\/\/fuentesfidedignas.com.mx\/wp-content\/uploads\/2021\/10\/ALCOCER_PAN.jpg\" \/>\n\t<meta property=\"og:image:width\" content=\"640\" \/>\n\t<meta property=\"og:image:height\" content=\"360\" \/>\n\t<meta property=\"og:image:type\" content=\"image\/jpeg\" \/>\n<meta name=\"author\" content=\"Forbes\" \/>\n<meta name=\"twitter:card\" content=\"summary_large_image\" \/>\n<meta name=\"twitter:creator\" content=\"@fidedignas\" \/>\n<meta name=\"twitter:site\" content=\"@fidedignas\" \/>\n<meta name=\"twitter:label1\" content=\"Escrito por\" \/>\n\t<meta name=\"twitter:data1\" content=\"Forbes\" \/>\n\t<meta name=\"twitter:label2\" content=\"Tiempo de lectura\" \/>\n\t<meta name=\"twitter:data2\" content=\"2 minutos\" \/>\n<script type=\"application\/ld+json\" class=\"yoast-schema-graph\">{\"@context\":\"https:\\\/\\\/schema.org\",\"@graph\":[{\"@type\":\"Article\",\"@id\":\"https:\\\/\\\/fuentesfidedignas.com.mx\\\/index.php\\\/2021\\\/10\\\/26\\\/alcocer-defiende-insabi-y-recuerda-que-el-seguro-popular-no-cubria-todas-las-enfermedades\\\/#article\",\"isPartOf\":{\"@id\":\"https:\\\/\\\/fuentesfidedignas.com.mx\\\/index.php\\\/2021\\\/10\\\/26\\\/alcocer-defiende-insabi-y-recuerda-que-el-seguro-popular-no-cubria-todas-las-enfermedades\\\/\"},\"author\":{\"name\":\"Forbes\",\"@id\":\"https:\\\/\\\/fuentesfidedignas.com.mx\\\/#\\\/schema\\\/person\\\/5623d53fe2e579d825b1679734abcc44\"},\"headline\":\"Alcocer defiende Insabi y recuerda que el Seguro Popular no cubr\u00eda todas las enfermedades\",\"datePublished\":\"2021-10-26T21:32:38+00:00\",\"dateModified\":\"2021-10-26T21:32:39+00:00\",\"mainEntityOfPage\":{\"@id\":\"https:\\\/\\\/fuentesfidedignas.com.mx\\\/index.php\\\/2021\\\/10\\\/26\\\/alcocer-defiende-insabi-y-recuerda-que-el-seguro-popular-no-cubria-todas-las-enfermedades\\\/\"},\"wordCount\":494,\"commentCount\":0,\"publisher\":{\"@id\":\"https:\\\/\\\/fuentesfidedignas.com.mx\\\/#organization\"},\"image\":{\"@id\":\"https:\\\/\\\/fuentesfidedignas.com.mx\\\/index.php\\\/2021\\\/10\\\/26\\\/alcocer-defiende-insabi-y-recuerda-que-el-seguro-popular-no-cubria-todas-las-enfermedades\\\/#primaryimage\"},\"thumbnailUrl\":\"https:\\\/\\\/fuentesfidedignas.com.mx\\\/wp-content\\\/uploads\\\/2021\\\/10\\\/ALCOCER_PAN.jpg\",\"keywords\":[\"AMLO\",\"Andr\u00e9s Manuel L\u00f3pez Obrador\",\"Insabi\",\"Instituto de Salud para el Bienestar\",\"Seguro Popular\"],\"articleSection\":[\"NOTICIAS NACIONALES\"],\"inLanguage\":\"es\",\"potentialAction\":[{\"@type\":\"CommentAction\",\"name\":\"Comment\",\"target\":[\"https:\\\/\\\/fuentesfidedignas.com.mx\\\/index.php\\\/2021\\\/10\\\/26\\\/alcocer-defiende-insabi-y-recuerda-que-el-seguro-popular-no-cubria-todas-las-enfermedades\\\/#respond\"]}]},{\"@type\":\"WebPage\",\"@id\":\"https:\\\/\\\/fuentesfidedignas.com.mx\\\/index.php\\\/2021\\\/10\\\/26\\\/alcocer-defiende-insabi-y-recuerda-que-el-seguro-popular-no-cubria-todas-las-enfermedades\\\/\",\"url\":\"https:\\\/\\\/fuentesfidedignas.com.mx\\\/index.php\\\/2021\\\/10\\\/26\\\/alcocer-defiende-insabi-y-recuerda-que-el-seguro-popular-no-cubria-todas-las-enfermedades\\\/\",\"name\":\"Alcocer defiende Insabi y recuerda que el Seguro Popular no cubr\u00eda todas las enfermedades - Fuentes Fidedignas\",\"isPartOf\":{\"@id\":\"https:\\\/\\\/fuentesfidedignas.com.mx\\\/#website\"},\"primaryImageOfPage\":{\"@id\":\"https:\\\/\\\/fuentesfidedignas.com.mx\\\/index.php\\\/2021\\\/10\\\/26\\\/alcocer-defiende-insabi-y-recuerda-que-el-seguro-popular-no-cubria-todas-las-enfermedades\\\/#primaryimage\"},\"image\":{\"@id\":\"https:\\\/\\\/fuentesfidedignas.com.mx\\\/index.php\\\/2021\\\/10\\\/26\\\/alcocer-defiende-insabi-y-recuerda-que-el-seguro-popular-no-cubria-todas-las-enfermedades\\\/#primaryimage\"},\"thumbnailUrl\":\"https:\\\/\\\/fuentesfidedignas.com.mx\\\/wp-content\\\/uploads\\\/2021\\\/10\\\/ALCOCER_PAN.jpg\",\"datePublished\":\"2021-10-26T21:32:38+00:00\",\"dateModified\":\"2021-10-26T21:32:39+00:00\",\"breadcrumb\":{\"@id\":\"https:\\\/\\\/fuentesfidedignas.com.mx\\\/index.php\\\/2021\\\/10\\\/26\\\/alcocer-defiende-insabi-y-recuerda-que-el-seguro-popular-no-cubria-todas-las-enfermedades\\\/#breadcrumb\"},\"inLanguage\":\"es\",\"potentialAction\":[{\"@type\":\"ReadAction\",\"target\":[\"https:\\\/\\\/fuentesfidedignas.com.mx\\\/index.php\\\/2021\\\/10\\\/26\\\/alcocer-defiende-insabi-y-recuerda-que-el-seguro-popular-no-cubria-todas-las-enfermedades\\\/\"]}]},{\"@type\":\"ImageObject\",\"inLanguage\":\"es\",\"@id\":\"https:\\\/\\\/fuentesfidedignas.com.mx\\\/index.php\\\/2021\\\/10\\\/26\\\/alcocer-defiende-insabi-y-recuerda-que-el-seguro-popular-no-cubria-todas-las-enfermedades\\\/#primaryimage\",\"url\":\"https:\\\/\\\/fuentesfidedignas.com.mx\\\/wp-content\\\/uploads\\\/2021\\\/10\\\/ALCOCER_PAN.jpg\",\"contentUrl\":\"https:\\\/\\\/fuentesfidedignas.com.mx\\\/wp-content\\\/uploads\\\/2021\\\/10\\\/ALCOCER_PAN.jpg\",\"width\":640,\"height\":360},{\"@type\":\"BreadcrumbList\",\"@id\":\"https:\\\/\\\/fuentesfidedignas.com.mx\\\/index.php\\\/2021\\\/10\\\/26\\\/alcocer-defiende-insabi-y-recuerda-que-el-seguro-popular-no-cubria-todas-las-enfermedades\\\/#breadcrumb\",\"itemListElement\":[{\"@type\":\"ListItem\",\"position\":1,\"name\":\"Inicio\",\"item\":\"https:\\\/\\\/fuentesfidedignas.com.mx\\\/\"},{\"@type\":\"ListItem\",\"position\":2,\"name\":\"Alcocer defiende Insabi y recuerda que el Seguro Popular no cubr\u00eda todas las enfermedades\"}]},{\"@type\":\"WebSite\",\"@id\":\"https:\\\/\\\/fuentesfidedignas.com.mx\\\/#website\",\"url\":\"https:\\\/\\\/fuentesfidedignas.com.mx\\\/\",\"name\":\"Fuentes Fidedignas\",\"description\":\"Otro sitio realizado con WordPress\",\"publisher\":{\"@id\":\"https:\\\/\\\/fuentesfidedignas.com.mx\\\/#organization\"},\"potentialAction\":[{\"@type\":\"SearchAction\",\"target\":{\"@type\":\"EntryPoint\",\"urlTemplate\":\"https:\\\/\\\/fuentesfidedignas.com.mx\\\/?s={search_term_string}\"},\"query-input\":{\"@type\":\"PropertyValueSpecification\",\"valueRequired\":true,\"valueName\":\"search_term_string\"}}],\"inLanguage\":\"es\"},{\"@type\":\"Organization\",\"@id\":\"https:\\\/\\\/fuentesfidedignas.com.mx\\\/#organization\",\"name\":\"Fuentes Fidedignas\",\"url\":\"https:\\\/\\\/fuentesfidedignas.com.mx\\\/\",\"logo\":{\"@type\":\"ImageObject\",\"inLanguage\":\"es\",\"@id\":\"https:\\\/\\\/fuentesfidedignas.com.mx\\\/#\\\/schema\\\/logo\\\/image\\\/\",\"url\":\"https:\\\/\\\/fuentesfidedignas.com.mx\\\/wp-content\\\/uploads\\\/2021\\\/04\\\/logo-retina.png\",\"contentUrl\":\"https:\\\/\\\/fuentesfidedignas.com.mx\\\/wp-content\\\/uploads\\\/2021\\\/04\\\/logo-retina.png\",\"width\":280,\"height\":51,\"caption\":\"Fuentes Fidedignas\"},\"image\":{\"@id\":\"https:\\\/\\\/fuentesfidedignas.com.mx\\\/#\\\/schema\\\/logo\\\/image\\\/\"},\"sameAs\":[\"https:\\\/\\\/www.facebook.com\\\/Fuentes-Fidedignas-368234489921644\",\"https:\\\/\\\/x.com\\\/fidedignas\"]},{\"@type\":\"Person\",\"@id\":\"https:\\\/\\\/fuentesfidedignas.com.mx\\\/#\\\/schema\\\/person\\\/5623d53fe2e579d825b1679734abcc44\",\"name\":\"Forbes\",\"image\":{\"@type\":\"ImageObject\",\"inLanguage\":\"es\",\"@id\":\"https:\\\/\\\/secure.gravatar.com\\\/avatar\\\/87ce3dd4e41e60c22a79c758614f01a6bc2469255fc936ec7b15efb9bb5cb66f?s=96&d=mm&r=g\",\"url\":\"https:\\\/\\\/secure.gravatar.com\\\/avatar\\\/87ce3dd4e41e60c22a79c758614f01a6bc2469255fc936ec7b15efb9bb5cb66f?s=96&d=mm&r=g\",\"contentUrl\":\"https:\\\/\\\/secure.gravatar.com\\\/avatar\\\/87ce3dd4e41e60c22a79c758614f01a6bc2469255fc936ec7b15efb9bb5cb66f?s=96&d=mm&r=g\",\"caption\":\"Forbes\"},\"url\":\"https:\\\/\\\/fuentesfidedignas.com.mx\\\/index.php\\\/author\\\/forbes\\\/\"}]}<\/script>\n<!-- \/ Yoast SEO plugin. -->","yoast_head_json":{"title":"Alcocer defiende Insabi y recuerda que el Seguro Popular no cubr\u00eda todas las enfermedades - Fuentes Fidedignas","robots":{"index":"index","follow":"follow","max-snippet":"max-snippet:-1","max-image-preview":"max-image-preview:large","max-video-preview":"max-video-preview:-1"},"canonical":"https:\/\/fuentesfidedignas.com.mx\/index.php\/2021\/10\/26\/alcocer-defiende-insabi-y-recuerda-que-el-seguro-popular-no-cubria-todas-las-enfermedades\/","og_locale":"es_MX","og_type":"article","og_title":"Alcocer defiende Insabi y recuerda que el Seguro Popular no cubr\u00eda todas las enfermedades - Fuentes Fidedignas","og_description":"El secretario de Salud dijo que el Insabi, a diferencia del Seguro Popular, s\u00ed busca una cobertura universal, aunque eso lleva tiempo. Ciudad de M\u00e9xico.- El secretario de Salud, Jorge Alcocer, defendi\u00f3 al Instituto de Salud para el Bienestar (Insabi), pues dijo que \u00e9ste cubre todas las enfermedades de aquellos que no tienen seguro social, [&hellip;]","og_url":"https:\/\/fuentesfidedignas.com.mx\/index.php\/2021\/10\/26\/alcocer-defiende-insabi-y-recuerda-que-el-seguro-popular-no-cubria-todas-las-enfermedades\/","og_site_name":"Fuentes Fidedignas","article_publisher":"https:\/\/www.facebook.com\/Fuentes-Fidedignas-368234489921644","article_published_time":"2021-10-26T21:32:38+00:00","article_modified_time":"2021-10-26T21:32:39+00:00","og_image":[{"width":640,"height":360,"url":"https:\/\/fuentesfidedignas.com.mx\/wp-content\/uploads\/2021\/10\/ALCOCER_PAN.jpg","type":"image\/jpeg"}],"author":"Forbes","twitter_card":"summary_large_image","twitter_creator":"@fidedignas","twitter_site":"@fidedignas","twitter_misc":{"Escrito por":"Forbes","Tiempo de lectura":"2 minutos"},"schema":{"@context":"https:\/\/schema.org","@graph":[{"@type":"Article","@id":"https:\/\/fuentesfidedignas.com.mx\/index.php\/2021\/10\/26\/alcocer-defiende-insabi-y-recuerda-que-el-seguro-popular-no-cubria-todas-las-enfermedades\/#article","isPartOf":{"@id":"https:\/\/fuentesfidedignas.com.mx\/index.php\/2021\/10\/26\/alcocer-defiende-insabi-y-recuerda-que-el-seguro-popular-no-cubria-todas-las-enfermedades\/"},"author":{"name":"Forbes","@id":"https:\/\/fuentesfidedignas.com.mx\/#\/schema\/person\/5623d53fe2e579d825b1679734abcc44"},"headline":"Alcocer defiende Insabi y recuerda que el Seguro Popular no cubr\u00eda todas las enfermedades","datePublished":"2021-10-26T21:32:38+00:00","dateModified":"2021-10-26T21:32:39+00:00","mainEntityOfPage":{"@id":"https:\/\/fuentesfidedignas.com.mx\/index.php\/2021\/10\/26\/alcocer-defiende-insabi-y-recuerda-que-el-seguro-popular-no-cubria-todas-las-enfermedades\/"},"wordCount":494,"commentCount":0,"publisher":{"@id":"https:\/\/fuentesfidedignas.com.mx\/#organization"},"image":{"@id":"https:\/\/fuentesfidedignas.com.mx\/index.php\/2021\/10\/26\/alcocer-defiende-insabi-y-recuerda-que-el-seguro-popular-no-cubria-todas-las-enfermedades\/#primaryimage"},"thumbnailUrl":"https:\/\/fuentesfidedignas.com.mx\/wp-content\/uploads\/2021\/10\/ALCOCER_PAN.jpg","keywords":["AMLO","Andr\u00e9s Manuel L\u00f3pez Obrador","Insabi","Instituto de Salud para el Bienestar","Seguro Popular"],"articleSection":["NOTICIAS NACIONALES"],"inLanguage":"es","potentialAction":[{"@type":"CommentAction","name":"Comment","target":["https:\/\/fuentesfidedignas.com.mx\/index.php\/2021\/10\/26\/alcocer-defiende-insabi-y-recuerda-que-el-seguro-popular-no-cubria-todas-las-enfermedades\/#respond"]}]},{"@type":"WebPage","@id":"https:\/\/fuentesfidedignas.com.mx\/index.php\/2021\/10\/26\/alcocer-defiende-insabi-y-recuerda-que-el-seguro-popular-no-cubria-todas-las-enfermedades\/","url":"https:\/\/fuentesfidedignas.com.mx\/index.php\/2021\/10\/26\/alcocer-defiende-insabi-y-recuerda-que-el-seguro-popular-no-cubria-todas-las-enfermedades\/","name":"Alcocer defiende Insabi y recuerda que el Seguro Popular no cubr\u00eda todas las enfermedades - Fuentes Fidedignas","isPartOf":{"@id":"https:\/\/fuentesfidedignas.com.mx\/#website"},"primaryImageOfPage":{"@id":"https:\/\/fuentesfidedignas.com.mx\/index.php\/2021\/10\/26\/alcocer-defiende-insabi-y-recuerda-que-el-seguro-popular-no-cubria-todas-las-enfermedades\/#primaryimage"},"image":{"@id":"https:\/\/fuentesfidedignas.com.mx\/index.php\/2021\/10\/26\/alcocer-defiende-insabi-y-recuerda-que-el-seguro-popular-no-cubria-todas-las-enfermedades\/#primaryimage"},"thumbnailUrl":"https:\/\/fuentesfidedignas.com.mx\/wp-content\/uploads\/2021\/10\/ALCOCER_PAN.jpg","datePublished":"2021-10-26T21:32:38+00:00","dateModified":"2021-10-26T21:32:39+00:00","breadcrumb":{"@id":"https:\/\/fuentesfidedignas.com.mx\/index.php\/2021\/10\/26\/alcocer-defiende-insabi-y-recuerda-que-el-seguro-popular-no-cubria-todas-las-enfermedades\/#breadcrumb"},"inLanguage":"es","potentialAction":[{"@type":"ReadAction","target":["https:\/\/fuentesfidedignas.com.mx\/index.php\/2021\/10\/26\/alcocer-defiende-insabi-y-recuerda-que-el-seguro-popular-no-cubria-todas-las-enfermedades\/"]}]},{"@type":"ImageObject","inLanguage":"es","@id":"https:\/\/fuentesfidedignas.com.mx\/index.php\/2021\/10\/26\/alcocer-defiende-insabi-y-recuerda-que-el-seguro-popular-no-cubria-todas-las-enfermedades\/#primaryimage","url":"https:\/\/fuentesfidedignas.com.mx\/wp-content\/uploads\/2021\/10\/ALCOCER_PAN.jpg","contentUrl":"https:\/\/fuentesfidedignas.com.mx\/wp-content\/uploads\/2021\/10\/ALCOCER_PAN.jpg","width":640,"height":360},{"@type":"BreadcrumbList","@id":"https:\/\/fuentesfidedignas.com.mx\/index.php\/2021\/10\/26\/alcocer-defiende-insabi-y-recuerda-que-el-seguro-popular-no-cubria-todas-las-enfermedades\/#breadcrumb","itemListElement":[{"@type":"ListItem","position":1,"name":"Inicio","item":"https:\/\/fuentesfidedignas.com.mx\/"},{"@type":"ListItem","position":2,"name":"Alcocer defiende Insabi y recuerda que el Seguro Popular no cubr\u00eda todas las enfermedades"}]},{"@type":"WebSite","@id":"https:\/\/fuentesfidedignas.com.mx\/#website","url":"https:\/\/fuentesfidedignas.com.mx\/","name":"Fuentes Fidedignas","description":"Otro sitio realizado con WordPress","publisher":{"@id":"https:\/\/fuentesfidedignas.com.mx\/#organization"},"potentialAction":[{"@type":"SearchAction","target":{"@type":"EntryPoint","urlTemplate":"https:\/\/fuentesfidedignas.com.mx\/?s={search_term_string}"},"query-input":{"@type":"PropertyValueSpecification","valueRequired":true,"valueName":"search_term_string"}}],"inLanguage":"es"},{"@type":"Organization","@id":"https:\/\/fuentesfidedignas.com.mx\/#organization","name":"Fuentes Fidedignas","url":"https:\/\/fuentesfidedignas.com.mx\/","logo":{"@type":"ImageObject","inLanguage":"es","@id":"https:\/\/fuentesfidedignas.com.mx\/#\/schema\/logo\/image\/","url":"https:\/\/fuentesfidedignas.com.mx\/wp-content\/uploads\/2021\/04\/logo-retina.png","contentUrl":"https:\/\/fuentesfidedignas.com.mx\/wp-content\/uploads\/2021\/04\/logo-retina.png","width":280,"height":51,"caption":"Fuentes Fidedignas"},"image":{"@id":"https:\/\/fuentesfidedignas.com.mx\/#\/schema\/logo\/image\/"},"sameAs":["https:\/\/www.facebook.com\/Fuentes-Fidedignas-368234489921644","https:\/\/x.com\/fidedignas"]},{"@type":"Person","@id":"https:\/\/fuentesfidedignas.com.mx\/#\/schema\/person\/5623d53fe2e579d825b1679734abcc44","name":"Forbes","image":{"@type":"ImageObject","inLanguage":"es","@id":"https:\/\/secure.gravatar.com\/avatar\/87ce3dd4e41e60c22a79c758614f01a6bc2469255fc936ec7b15efb9bb5cb66f?s=96&d=mm&r=g","url":"https:\/\/secure.gravatar.com\/avatar\/87ce3dd4e41e60c22a79c758614f01a6bc2469255fc936ec7b15efb9bb5cb66f?s=96&d=mm&r=g","contentUrl":"https:\/\/secure.gravatar.com\/avatar\/87ce3dd4e41e60c22a79c758614f01a6bc2469255fc936ec7b15efb9bb5cb66f?s=96&d=mm&r=g","caption":"Forbes"},"url":"https:\/\/fuentesfidedignas.com.mx\/index.php\/author\/forbes\/"}]}},"_links":{"self":[{"href":"https:\/\/fuentesfidedignas.com.mx\/index.php\/wp-json\/wp\/v2\/posts\/15961","targetHints":{"allow":["GET"]}}],"collection":[{"href":"https:\/\/fuentesfidedignas.com.mx\/index.php\/wp-json\/wp\/v2\/posts"}],"about":[{"href":"https:\/\/fuentesfidedignas.com.mx\/index.php\/wp-json\/wp\/v2\/types\/post"}],"author":[{"embeddable":true,"href":"https:\/\/fuentesfidedignas.com.mx\/index.php\/wp-json\/wp\/v2\/users\/5"}],"replies":[{"embeddable":true,"href":"https:\/\/fuentesfidedignas.com.mx\/index.php\/wp-json\/wp\/v2\/comments?post=15961"}],"version-history":[{"count":1,"href":"https:\/\/fuentesfidedignas.com.mx\/index.php\/wp-json\/wp\/v2\/posts\/15961\/revisions"}],"predecessor-version":[{"id":15963,"href":"https:\/\/fuentesfidedignas.com.mx\/index.php\/wp-json\/wp\/v2\/posts\/15961\/revisions\/15963"}],"wp:featuredmedia":[{"embeddable":true,"href":"https:\/\/fuentesfidedignas.com.mx\/index.php\/wp-json\/wp\/v2\/media\/15962"}],"wp:attachment":[{"href":"https:\/\/fuentesfidedignas.com.mx\/index.php\/wp-json\/wp\/v2\/media?parent=15961"}],"wp:term":[{"taxonomy":"category","embeddable":true,"href":"https:\/\/fuentesfidedignas.com.mx\/index.php\/wp-json\/wp\/v2\/categories?post=15961"},{"taxonomy":"post_tag","embeddable":true,"href":"https:\/\/fuentesfidedignas.com.mx\/index.php\/wp-json\/wp\/v2\/tags?post=15961"}],"curies":[{"name":"wp","href":"https:\/\/api.w.org\/{rel}","templated":true}]}}