{"id":15944,"date":"2021-10-26T13:20:42","date_gmt":"2021-10-26T20:20:42","guid":{"rendered":"https:\/\/fuentesfidedignas.com.mx\/?p=15944"},"modified":"2021-10-26T13:20:44","modified_gmt":"2021-10-26T20:20:44","slug":"morena-dispuesta-a-modificar-reforma-electrica-pero-con-condiciones","status":"publish","type":"post","link":"https:\/\/fuentesfidedignas.com.mx\/index.php\/2021\/10\/26\/morena-dispuesta-a-modificar-reforma-electrica-pero-con-condiciones\/","title":{"rendered":"Morena dispuesta a modificar reforma el\u00e9ctrica, pero con condiciones"},"content":{"rendered":"\n<p><strong><em>La bancada de Morena en la C\u00e1mara de Diputados aceptar\u00e1 cambios a la reforma el\u00e9ctrica, pero marc\u00f3 sus l\u00edneas rojas para las modificaciones.<\/em><\/strong><\/p>\n\n\n\n<p>Ciudad de M\u00e9xico.- La bancada de Morena en la C\u00e1mara de Diputados se\u00f1al\u00f3 que est\u00e1 dispuesta a aceptar modificaciones a la reforma el\u00e9ctrica que envi\u00f3 el presidente Andr\u00e9s Manuel L\u00f3pez Obrador, pero solo si cumplen con algunas condiciones, como que el control de la generaci\u00f3n el\u00e9ctrica est\u00e9 en manos del Estado mexicano.<\/p>\n\n\n\n<p>\u201cLo que ya advirti\u00f3 el presidente, la posibilidad de cambios, hay que entenderla y as\u00ed la asumimos: primero, no nos vamos a casar de invitarlos y por eso hemos propuesto que a diferencia de 2013, que se vot\u00f3 en 40 minutos la reforma a la industria el\u00e9ctrica, nosotros nos vamos a dar todo el tiempo que sea necesario (para la discusi\u00f3n)\u201d, dijo el coordinador de Morena en San L\u00e1zaro, Ignacio Mier.<\/p>\n\n\n\n<p>En conferencia de prensa, se\u00f1al\u00f3 que aceptar\u00e1n cambios, pero solo aquellos que no que comprometan la seguridad nacional del pa\u00eds; que mantengan el control de la generaci\u00f3n, venta y distribuci\u00f3n de la energ\u00eda el\u00e9ctrica en manos del Estado mexicano, pues dijo que eso significa el control de las tarifas, que no se detenga la transici\u00f3n energ\u00e9tica y que el despacho el\u00e9ctrico sea regulado de la Comisi\u00f3n Federal de Electricidad (CFE).<\/p>\n\n\n\n<p>\u201cLo que queremos es energ\u00eda suficiente, limpia y barata para lo mexicanos (\u2026) El costo para los mexicanos al dejarle las tarifas a la iniciativa privada tiene otro importante n\u00famero de millones (\u2026), y eso es lo que no vamos a permitir. S\u00ed vamos a permitir una participaci\u00f3n amplia, que es 46%, que es 100% de toda Argentina. S\u00ed queremos que hagan negocio, pero regulado por el Estado mexicano\u201d, mencion\u00f3.<\/p>\n\n\n\n<p>En compa\u00f1\u00eda del dirigente de Morena, Mario Delgado, Mier tambi\u00e9n se\u00f1al\u00f3 que est\u00e1 en la disposici\u00f3n de platicar con la oposici\u00f3n sobre sus propuestas para modificar el Presupuesto de Egresos de la Federaci\u00f3n 2022, pero advirti\u00f3 que, si \u00e9stas tienen que ver con recuperar moches, no las aceptar\u00e1n.<\/p>\n\n\n\n<p>En su turno, el dirigente del partido fundado por L\u00f3pez Obrador felicit\u00f3 a los compa\u00f1eros de partido por aprobar la Ley de Ingresos de la Federaci\u00f3n, la Ley de Derechos Federales y la Miscel\u00e1nea Fiscal 2022.<\/p>\n\n\n\n<p>La semana pasada, el presidente L\u00f3pez Obrador asegur\u00f3 que respalda las modificaciones que hagan los legisladores a su iniciativa en materia de industria el\u00e9ctrica, pero solo si esta mantiene su esencia.<\/p>\n\n\n\n<p>En la C\u00e1mara de Diputados, Morena y sus aliados el PT y el PVEM tienen la mayor\u00eda de votos para aprobar reformas a leyes secundarias, pero no para las constitucionales, pues para esto \u00faltimo es necesario el voto de mayor\u00eda calificada, es decir, dos terceras partes de los legisladores presentes.<\/p>\n","protected":false},"excerpt":{"rendered":"<p>La bancada de Morena en la C\u00e1mara de Diputados aceptar\u00e1 cambios a la reforma el\u00e9ctrica, pero marc\u00f3 sus l\u00edneas rojas para las modificaciones. Ciudad de M\u00e9xico.- La bancada de Morena en la C\u00e1mara de Diputados se\u00f1al\u00f3 que est\u00e1 dispuesta a aceptar modificaciones a la reforma el\u00e9ctrica que envi\u00f3 el presidente Andr\u00e9s Manuel L\u00f3pez Obrador, pero [&hellip;]<\/p>\n","protected":false},"author":5,"featured_media":15945,"comment_status":"open","ping_status":"open","sticky":false,"template":"","format":"standard","meta":{"tdm_status":"","tdm_grid_status":"","footnotes":""},"categories":[39],"tags":[45,2076],"class_list":{"0":"post-15944","1":"post","2":"type-post","3":"status-publish","4":"format-standard","5":"has-post-thumbnail","7":"category-noticias-nacionales","8":"tag-morena","9":"tag-reforma-electrica"},"yoast_head":"<!-- This site is optimized with the Yoast SEO plugin v27.5 - https:\/\/yoast.com\/product\/yoast-seo-wordpress\/ -->\n<title>Morena dispuesta a modificar reforma el\u00e9ctrica, pero con condiciones - Fuentes Fidedignas<\/title>\n<meta name=\"robots\" content=\"index, follow, max-snippet:-1, max-image-preview:large, max-video-preview:-1\" \/>\n<link rel=\"canonical\" href=\"https:\/\/fuentesfidedignas.com.mx\/index.php\/2021\/10\/26\/morena-dispuesta-a-modificar-reforma-electrica-pero-con-condiciones\/\" \/>\n<meta property=\"og:locale\" content=\"es_MX\" \/>\n<meta property=\"og:type\" content=\"article\" \/>\n<meta property=\"og:title\" content=\"Morena dispuesta a modificar reforma el\u00e9ctrica, pero con condiciones - Fuentes Fidedignas\" \/>\n<meta property=\"og:description\" content=\"La bancada de Morena en la C\u00e1mara de Diputados aceptar\u00e1 cambios a la reforma el\u00e9ctrica, pero marc\u00f3 sus l\u00edneas rojas para las modificaciones. Ciudad de M\u00e9xico.- La bancada de Morena en la C\u00e1mara de Diputados se\u00f1al\u00f3 que est\u00e1 dispuesta a aceptar modificaciones a la reforma el\u00e9ctrica que envi\u00f3 el presidente Andr\u00e9s Manuel L\u00f3pez Obrador, pero [&hellip;]\" \/>\n<meta property=\"og:url\" content=\"https:\/\/fuentesfidedignas.com.mx\/index.php\/2021\/10\/26\/morena-dispuesta-a-modificar-reforma-electrica-pero-con-condiciones\/\" \/>\n<meta property=\"og:site_name\" content=\"Fuentes Fidedignas\" \/>\n<meta property=\"article:publisher\" content=\"https:\/\/www.facebook.com\/Fuentes-Fidedignas-368234489921644\" \/>\n<meta property=\"article:published_time\" content=\"2021-10-26T20:20:42+00:00\" \/>\n<meta property=\"article:modified_time\" content=\"2021-10-26T20:20:44+00:00\" \/>\n<meta property=\"og:image\" content=\"https:\/\/fuentesfidedignas.com.mx\/wp-content\/uploads\/2021\/10\/DIP_MORENA.jpg\" \/>\n\t<meta property=\"og:image:width\" content=\"640\" \/>\n\t<meta property=\"og:image:height\" content=\"360\" \/>\n\t<meta property=\"og:image:type\" content=\"image\/jpeg\" \/>\n<meta name=\"author\" content=\"Forbes\" \/>\n<meta name=\"twitter:card\" content=\"summary_large_image\" \/>\n<meta name=\"twitter:creator\" content=\"@fidedignas\" \/>\n<meta name=\"twitter:site\" content=\"@fidedignas\" \/>\n<meta name=\"twitter:label1\" content=\"Escrito por\" \/>\n\t<meta name=\"twitter:data1\" content=\"Forbes\" \/>\n\t<meta name=\"twitter:label2\" content=\"Tiempo de lectura\" \/>\n\t<meta name=\"twitter:data2\" content=\"2 minutos\" \/>\n<script type=\"application\/ld+json\" class=\"yoast-schema-graph\">{\"@context\":\"https:\\\/\\\/schema.org\",\"@graph\":[{\"@type\":\"Article\",\"@id\":\"https:\\\/\\\/fuentesfidedignas.com.mx\\\/index.php\\\/2021\\\/10\\\/26\\\/morena-dispuesta-a-modificar-reforma-electrica-pero-con-condiciones\\\/#article\",\"isPartOf\":{\"@id\":\"https:\\\/\\\/fuentesfidedignas.com.mx\\\/index.php\\\/2021\\\/10\\\/26\\\/morena-dispuesta-a-modificar-reforma-electrica-pero-con-condiciones\\\/\"},\"author\":{\"name\":\"Forbes\",\"@id\":\"https:\\\/\\\/fuentesfidedignas.com.mx\\\/#\\\/schema\\\/person\\\/5623d53fe2e579d825b1679734abcc44\"},\"headline\":\"Morena dispuesta a modificar reforma el\u00e9ctrica, pero con condiciones\",\"datePublished\":\"2021-10-26T20:20:42+00:00\",\"dateModified\":\"2021-10-26T20:20:44+00:00\",\"mainEntityOfPage\":{\"@id\":\"https:\\\/\\\/fuentesfidedignas.com.mx\\\/index.php\\\/2021\\\/10\\\/26\\\/morena-dispuesta-a-modificar-reforma-electrica-pero-con-condiciones\\\/\"},\"wordCount\":498,\"commentCount\":0,\"publisher\":{\"@id\":\"https:\\\/\\\/fuentesfidedignas.com.mx\\\/#organization\"},\"image\":{\"@id\":\"https:\\\/\\\/fuentesfidedignas.com.mx\\\/index.php\\\/2021\\\/10\\\/26\\\/morena-dispuesta-a-modificar-reforma-electrica-pero-con-condiciones\\\/#primaryimage\"},\"thumbnailUrl\":\"https:\\\/\\\/fuentesfidedignas.com.mx\\\/wp-content\\\/uploads\\\/2021\\\/10\\\/DIP_MORENA.jpg\",\"keywords\":[\"morena\",\"Reforma El\u00e9ctrica\"],\"articleSection\":[\"NOTICIAS NACIONALES\"],\"inLanguage\":\"es\",\"potentialAction\":[{\"@type\":\"CommentAction\",\"name\":\"Comment\",\"target\":[\"https:\\\/\\\/fuentesfidedignas.com.mx\\\/index.php\\\/2021\\\/10\\\/26\\\/morena-dispuesta-a-modificar-reforma-electrica-pero-con-condiciones\\\/#respond\"]}]},{\"@type\":\"WebPage\",\"@id\":\"https:\\\/\\\/fuentesfidedignas.com.mx\\\/index.php\\\/2021\\\/10\\\/26\\\/morena-dispuesta-a-modificar-reforma-electrica-pero-con-condiciones\\\/\",\"url\":\"https:\\\/\\\/fuentesfidedignas.com.mx\\\/index.php\\\/2021\\\/10\\\/26\\\/morena-dispuesta-a-modificar-reforma-electrica-pero-con-condiciones\\\/\",\"name\":\"Morena dispuesta a modificar reforma el\u00e9ctrica, pero con condiciones - Fuentes Fidedignas\",\"isPartOf\":{\"@id\":\"https:\\\/\\\/fuentesfidedignas.com.mx\\\/#website\"},\"primaryImageOfPage\":{\"@id\":\"https:\\\/\\\/fuentesfidedignas.com.mx\\\/index.php\\\/2021\\\/10\\\/26\\\/morena-dispuesta-a-modificar-reforma-electrica-pero-con-condiciones\\\/#primaryimage\"},\"image\":{\"@id\":\"https:\\\/\\\/fuentesfidedignas.com.mx\\\/index.php\\\/2021\\\/10\\\/26\\\/morena-dispuesta-a-modificar-reforma-electrica-pero-con-condiciones\\\/#primaryimage\"},\"thumbnailUrl\":\"https:\\\/\\\/fuentesfidedignas.com.mx\\\/wp-content\\\/uploads\\\/2021\\\/10\\\/DIP_MORENA.jpg\",\"datePublished\":\"2021-10-26T20:20:42+00:00\",\"dateModified\":\"2021-10-26T20:20:44+00:00\",\"breadcrumb\":{\"@id\":\"https:\\\/\\\/fuentesfidedignas.com.mx\\\/index.php\\\/2021\\\/10\\\/26\\\/morena-dispuesta-a-modificar-reforma-electrica-pero-con-condiciones\\\/#breadcrumb\"},\"inLanguage\":\"es\",\"potentialAction\":[{\"@type\":\"ReadAction\",\"target\":[\"https:\\\/\\\/fuentesfidedignas.com.mx\\\/index.php\\\/2021\\\/10\\\/26\\\/morena-dispuesta-a-modificar-reforma-electrica-pero-con-condiciones\\\/\"]}]},{\"@type\":\"ImageObject\",\"inLanguage\":\"es\",\"@id\":\"https:\\\/\\\/fuentesfidedignas.com.mx\\\/index.php\\\/2021\\\/10\\\/26\\\/morena-dispuesta-a-modificar-reforma-electrica-pero-con-condiciones\\\/#primaryimage\",\"url\":\"https:\\\/\\\/fuentesfidedignas.com.mx\\\/wp-content\\\/uploads\\\/2021\\\/10\\\/DIP_MORENA.jpg\",\"contentUrl\":\"https:\\\/\\\/fuentesfidedignas.com.mx\\\/wp-content\\\/uploads\\\/2021\\\/10\\\/DIP_MORENA.jpg\",\"width\":640,\"height\":360},{\"@type\":\"BreadcrumbList\",\"@id\":\"https:\\\/\\\/fuentesfidedignas.com.mx\\\/index.php\\\/2021\\\/10\\\/26\\\/morena-dispuesta-a-modificar-reforma-electrica-pero-con-condiciones\\\/#breadcrumb\",\"itemListElement\":[{\"@type\":\"ListItem\",\"position\":1,\"name\":\"Inicio\",\"item\":\"https:\\\/\\\/fuentesfidedignas.com.mx\\\/\"},{\"@type\":\"ListItem\",\"position\":2,\"name\":\"Morena dispuesta a modificar reforma el\u00e9ctrica, pero con condiciones\"}]},{\"@type\":\"WebSite\",\"@id\":\"https:\\\/\\\/fuentesfidedignas.com.mx\\\/#website\",\"url\":\"https:\\\/\\\/fuentesfidedignas.com.mx\\\/\",\"name\":\"Fuentes Fidedignas\",\"description\":\"Otro sitio realizado con WordPress\",\"publisher\":{\"@id\":\"https:\\\/\\\/fuentesfidedignas.com.mx\\\/#organization\"},\"potentialAction\":[{\"@type\":\"SearchAction\",\"target\":{\"@type\":\"EntryPoint\",\"urlTemplate\":\"https:\\\/\\\/fuentesfidedignas.com.mx\\\/?s={search_term_string}\"},\"query-input\":{\"@type\":\"PropertyValueSpecification\",\"valueRequired\":true,\"valueName\":\"search_term_string\"}}],\"inLanguage\":\"es\"},{\"@type\":\"Organization\",\"@id\":\"https:\\\/\\\/fuentesfidedignas.com.mx\\\/#organization\",\"name\":\"Fuentes Fidedignas\",\"url\":\"https:\\\/\\\/fuentesfidedignas.com.mx\\\/\",\"logo\":{\"@type\":\"ImageObject\",\"inLanguage\":\"es\",\"@id\":\"https:\\\/\\\/fuentesfidedignas.com.mx\\\/#\\\/schema\\\/logo\\\/image\\\/\",\"url\":\"https:\\\/\\\/fuentesfidedignas.com.mx\\\/wp-content\\\/uploads\\\/2021\\\/04\\\/logo-retina.png\",\"contentUrl\":\"https:\\\/\\\/fuentesfidedignas.com.mx\\\/wp-content\\\/uploads\\\/2021\\\/04\\\/logo-retina.png\",\"width\":280,\"height\":51,\"caption\":\"Fuentes Fidedignas\"},\"image\":{\"@id\":\"https:\\\/\\\/fuentesfidedignas.com.mx\\\/#\\\/schema\\\/logo\\\/image\\\/\"},\"sameAs\":[\"https:\\\/\\\/www.facebook.com\\\/Fuentes-Fidedignas-368234489921644\",\"https:\\\/\\\/x.com\\\/fidedignas\"]},{\"@type\":\"Person\",\"@id\":\"https:\\\/\\\/fuentesfidedignas.com.mx\\\/#\\\/schema\\\/person\\\/5623d53fe2e579d825b1679734abcc44\",\"name\":\"Forbes\",\"image\":{\"@type\":\"ImageObject\",\"inLanguage\":\"es\",\"@id\":\"https:\\\/\\\/secure.gravatar.com\\\/avatar\\\/87ce3dd4e41e60c22a79c758614f01a6bc2469255fc936ec7b15efb9bb5cb66f?s=96&d=mm&r=g\",\"url\":\"https:\\\/\\\/secure.gravatar.com\\\/avatar\\\/87ce3dd4e41e60c22a79c758614f01a6bc2469255fc936ec7b15efb9bb5cb66f?s=96&d=mm&r=g\",\"contentUrl\":\"https:\\\/\\\/secure.gravatar.com\\\/avatar\\\/87ce3dd4e41e60c22a79c758614f01a6bc2469255fc936ec7b15efb9bb5cb66f?s=96&d=mm&r=g\",\"caption\":\"Forbes\"},\"url\":\"https:\\\/\\\/fuentesfidedignas.com.mx\\\/index.php\\\/author\\\/forbes\\\/\"}]}<\/script>\n<!-- \/ Yoast SEO plugin. -->","yoast_head_json":{"title":"Morena dispuesta a modificar reforma el\u00e9ctrica, pero con condiciones - Fuentes Fidedignas","robots":{"index":"index","follow":"follow","max-snippet":"max-snippet:-1","max-image-preview":"max-image-preview:large","max-video-preview":"max-video-preview:-1"},"canonical":"https:\/\/fuentesfidedignas.com.mx\/index.php\/2021\/10\/26\/morena-dispuesta-a-modificar-reforma-electrica-pero-con-condiciones\/","og_locale":"es_MX","og_type":"article","og_title":"Morena dispuesta a modificar reforma el\u00e9ctrica, pero con condiciones - Fuentes Fidedignas","og_description":"La bancada de Morena en la C\u00e1mara de Diputados aceptar\u00e1 cambios a la reforma el\u00e9ctrica, pero marc\u00f3 sus l\u00edneas rojas para las modificaciones. Ciudad de M\u00e9xico.- La bancada de Morena en la C\u00e1mara de Diputados se\u00f1al\u00f3 que est\u00e1 dispuesta a aceptar modificaciones a la reforma el\u00e9ctrica que envi\u00f3 el presidente Andr\u00e9s Manuel L\u00f3pez Obrador, pero [&hellip;]","og_url":"https:\/\/fuentesfidedignas.com.mx\/index.php\/2021\/10\/26\/morena-dispuesta-a-modificar-reforma-electrica-pero-con-condiciones\/","og_site_name":"Fuentes Fidedignas","article_publisher":"https:\/\/www.facebook.com\/Fuentes-Fidedignas-368234489921644","article_published_time":"2021-10-26T20:20:42+00:00","article_modified_time":"2021-10-26T20:20:44+00:00","og_image":[{"width":640,"height":360,"url":"https:\/\/fuentesfidedignas.com.mx\/wp-content\/uploads\/2021\/10\/DIP_MORENA.jpg","type":"image\/jpeg"}],"author":"Forbes","twitter_card":"summary_large_image","twitter_creator":"@fidedignas","twitter_site":"@fidedignas","twitter_misc":{"Escrito por":"Forbes","Tiempo de lectura":"2 minutos"},"schema":{"@context":"https:\/\/schema.org","@graph":[{"@type":"Article","@id":"https:\/\/fuentesfidedignas.com.mx\/index.php\/2021\/10\/26\/morena-dispuesta-a-modificar-reforma-electrica-pero-con-condiciones\/#article","isPartOf":{"@id":"https:\/\/fuentesfidedignas.com.mx\/index.php\/2021\/10\/26\/morena-dispuesta-a-modificar-reforma-electrica-pero-con-condiciones\/"},"author":{"name":"Forbes","@id":"https:\/\/fuentesfidedignas.com.mx\/#\/schema\/person\/5623d53fe2e579d825b1679734abcc44"},"headline":"Morena dispuesta a modificar reforma el\u00e9ctrica, pero con condiciones","datePublished":"2021-10-26T20:20:42+00:00","dateModified":"2021-10-26T20:20:44+00:00","mainEntityOfPage":{"@id":"https:\/\/fuentesfidedignas.com.mx\/index.php\/2021\/10\/26\/morena-dispuesta-a-modificar-reforma-electrica-pero-con-condiciones\/"},"wordCount":498,"commentCount":0,"publisher":{"@id":"https:\/\/fuentesfidedignas.com.mx\/#organization"},"image":{"@id":"https:\/\/fuentesfidedignas.com.mx\/index.php\/2021\/10\/26\/morena-dispuesta-a-modificar-reforma-electrica-pero-con-condiciones\/#primaryimage"},"thumbnailUrl":"https:\/\/fuentesfidedignas.com.mx\/wp-content\/uploads\/2021\/10\/DIP_MORENA.jpg","keywords":["morena","Reforma El\u00e9ctrica"],"articleSection":["NOTICIAS NACIONALES"],"inLanguage":"es","potentialAction":[{"@type":"CommentAction","name":"Comment","target":["https:\/\/fuentesfidedignas.com.mx\/index.php\/2021\/10\/26\/morena-dispuesta-a-modificar-reforma-electrica-pero-con-condiciones\/#respond"]}]},{"@type":"WebPage","@id":"https:\/\/fuentesfidedignas.com.mx\/index.php\/2021\/10\/26\/morena-dispuesta-a-modificar-reforma-electrica-pero-con-condiciones\/","url":"https:\/\/fuentesfidedignas.com.mx\/index.php\/2021\/10\/26\/morena-dispuesta-a-modificar-reforma-electrica-pero-con-condiciones\/","name":"Morena dispuesta a modificar reforma el\u00e9ctrica, pero con condiciones - Fuentes Fidedignas","isPartOf":{"@id":"https:\/\/fuentesfidedignas.com.mx\/#website"},"primaryImageOfPage":{"@id":"https:\/\/fuentesfidedignas.com.mx\/index.php\/2021\/10\/26\/morena-dispuesta-a-modificar-reforma-electrica-pero-con-condiciones\/#primaryimage"},"image":{"@id":"https:\/\/fuentesfidedignas.com.mx\/index.php\/2021\/10\/26\/morena-dispuesta-a-modificar-reforma-electrica-pero-con-condiciones\/#primaryimage"},"thumbnailUrl":"https:\/\/fuentesfidedignas.com.mx\/wp-content\/uploads\/2021\/10\/DIP_MORENA.jpg","datePublished":"2021-10-26T20:20:42+00:00","dateModified":"2021-10-26T20:20:44+00:00","breadcrumb":{"@id":"https:\/\/fuentesfidedignas.com.mx\/index.php\/2021\/10\/26\/morena-dispuesta-a-modificar-reforma-electrica-pero-con-condiciones\/#breadcrumb"},"inLanguage":"es","potentialAction":[{"@type":"ReadAction","target":["https:\/\/fuentesfidedignas.com.mx\/index.php\/2021\/10\/26\/morena-dispuesta-a-modificar-reforma-electrica-pero-con-condiciones\/"]}]},{"@type":"ImageObject","inLanguage":"es","@id":"https:\/\/fuentesfidedignas.com.mx\/index.php\/2021\/10\/26\/morena-dispuesta-a-modificar-reforma-electrica-pero-con-condiciones\/#primaryimage","url":"https:\/\/fuentesfidedignas.com.mx\/wp-content\/uploads\/2021\/10\/DIP_MORENA.jpg","contentUrl":"https:\/\/fuentesfidedignas.com.mx\/wp-content\/uploads\/2021\/10\/DIP_MORENA.jpg","width":640,"height":360},{"@type":"BreadcrumbList","@id":"https:\/\/fuentesfidedignas.com.mx\/index.php\/2021\/10\/26\/morena-dispuesta-a-modificar-reforma-electrica-pero-con-condiciones\/#breadcrumb","itemListElement":[{"@type":"ListItem","position":1,"name":"Inicio","item":"https:\/\/fuentesfidedignas.com.mx\/"},{"@type":"ListItem","position":2,"name":"Morena dispuesta a modificar reforma el\u00e9ctrica, pero con condiciones"}]},{"@type":"WebSite","@id":"https:\/\/fuentesfidedignas.com.mx\/#website","url":"https:\/\/fuentesfidedignas.com.mx\/","name":"Fuentes Fidedignas","description":"Otro sitio realizado con WordPress","publisher":{"@id":"https:\/\/fuentesfidedignas.com.mx\/#organization"},"potentialAction":[{"@type":"SearchAction","target":{"@type":"EntryPoint","urlTemplate":"https:\/\/fuentesfidedignas.com.mx\/?s={search_term_string}"},"query-input":{"@type":"PropertyValueSpecification","valueRequired":true,"valueName":"search_term_string"}}],"inLanguage":"es"},{"@type":"Organization","@id":"https:\/\/fuentesfidedignas.com.mx\/#organization","name":"Fuentes Fidedignas","url":"https:\/\/fuentesfidedignas.com.mx\/","logo":{"@type":"ImageObject","inLanguage":"es","@id":"https:\/\/fuentesfidedignas.com.mx\/#\/schema\/logo\/image\/","url":"https:\/\/fuentesfidedignas.com.mx\/wp-content\/uploads\/2021\/04\/logo-retina.png","contentUrl":"https:\/\/fuentesfidedignas.com.mx\/wp-content\/uploads\/2021\/04\/logo-retina.png","width":280,"height":51,"caption":"Fuentes Fidedignas"},"image":{"@id":"https:\/\/fuentesfidedignas.com.mx\/#\/schema\/logo\/image\/"},"sameAs":["https:\/\/www.facebook.com\/Fuentes-Fidedignas-368234489921644","https:\/\/x.com\/fidedignas"]},{"@type":"Person","@id":"https:\/\/fuentesfidedignas.com.mx\/#\/schema\/person\/5623d53fe2e579d825b1679734abcc44","name":"Forbes","image":{"@type":"ImageObject","inLanguage":"es","@id":"https:\/\/secure.gravatar.com\/avatar\/87ce3dd4e41e60c22a79c758614f01a6bc2469255fc936ec7b15efb9bb5cb66f?s=96&d=mm&r=g","url":"https:\/\/secure.gravatar.com\/avatar\/87ce3dd4e41e60c22a79c758614f01a6bc2469255fc936ec7b15efb9bb5cb66f?s=96&d=mm&r=g","contentUrl":"https:\/\/secure.gravatar.com\/avatar\/87ce3dd4e41e60c22a79c758614f01a6bc2469255fc936ec7b15efb9bb5cb66f?s=96&d=mm&r=g","caption":"Forbes"},"url":"https:\/\/fuentesfidedignas.com.mx\/index.php\/author\/forbes\/"}]}},"_links":{"self":[{"href":"https:\/\/fuentesfidedignas.com.mx\/index.php\/wp-json\/wp\/v2\/posts\/15944","targetHints":{"allow":["GET"]}}],"collection":[{"href":"https:\/\/fuentesfidedignas.com.mx\/index.php\/wp-json\/wp\/v2\/posts"}],"about":[{"href":"https:\/\/fuentesfidedignas.com.mx\/index.php\/wp-json\/wp\/v2\/types\/post"}],"author":[{"embeddable":true,"href":"https:\/\/fuentesfidedignas.com.mx\/index.php\/wp-json\/wp\/v2\/users\/5"}],"replies":[{"embeddable":true,"href":"https:\/\/fuentesfidedignas.com.mx\/index.php\/wp-json\/wp\/v2\/comments?post=15944"}],"version-history":[{"count":1,"href":"https:\/\/fuentesfidedignas.com.mx\/index.php\/wp-json\/wp\/v2\/posts\/15944\/revisions"}],"predecessor-version":[{"id":15946,"href":"https:\/\/fuentesfidedignas.com.mx\/index.php\/wp-json\/wp\/v2\/posts\/15944\/revisions\/15946"}],"wp:featuredmedia":[{"embeddable":true,"href":"https:\/\/fuentesfidedignas.com.mx\/index.php\/wp-json\/wp\/v2\/media\/15945"}],"wp:attachment":[{"href":"https:\/\/fuentesfidedignas.com.mx\/index.php\/wp-json\/wp\/v2\/media?parent=15944"}],"wp:term":[{"taxonomy":"category","embeddable":true,"href":"https:\/\/fuentesfidedignas.com.mx\/index.php\/wp-json\/wp\/v2\/categories?post=15944"},{"taxonomy":"post_tag","embeddable":true,"href":"https:\/\/fuentesfidedignas.com.mx\/index.php\/wp-json\/wp\/v2\/tags?post=15944"}],"curies":[{"name":"wp","href":"https:\/\/api.w.org\/{rel}","templated":true}]}}