{"id":15923,"date":"2021-10-26T10:17:55","date_gmt":"2021-10-26T17:17:55","guid":{"rendered":"https:\/\/fuentesfidedignas.com.mx\/?p=15923"},"modified":"2021-10-26T10:18:00","modified_gmt":"2021-10-26T17:18:00","slug":"respetara-la-uas-los-derechos-de-los-trabajadores-rector","status":"publish","type":"post","link":"https:\/\/fuentesfidedignas.com.mx\/index.php\/2021\/10\/26\/respetara-la-uas-los-derechos-de-los-trabajadores-rector\/","title":{"rendered":"Respetar\u00e1 la UAS los derechos de los trabajadores: Rector"},"content":{"rendered":"\n<p><strong><em>Plante\u00f3 que se deben revisar prestaciones que no lesionen el ingreso de los trabajadores<\/em><\/strong><\/p>\n\n\n\n<p>Culiac\u00e1n Sin. Respetar el Contrato Colectivo de Trabajo y siempre proteger, defender y priorizar el salario de los universitarios, reiter\u00f3 el Rector de la Universidad Aut\u00f3noma de Sinaloa (UAS), doctor Jes\u00fas Madue\u00f1a Molina, al asistir como invitado de honor a la Toma de Protesta de los Delegados Cegedistas del SUNTUAS, Secci\u00f3n Acad\u00e9micos.<\/p>\n\n\n\n<p>El dirigente universitario expuso ante el personal acad\u00e9mico sindicalizado, representado por su dirigente, maestro Jos\u00e9 Carlos Aceves Tamayo, que en la administraci\u00f3n que encabeza se trabajar\u00e1 muy de cerca con el Sindicato y los trabajadores para evitar que se cometan errores en la aplicaci\u00f3n del Contrato Colectivo.<\/p>\n\n\n\n<p>\u201cVamos a seguir trabajando para beneficiar, para defender a los trabajadores, no para perjudicarlos, en m\u00ed van a tener un aliado, en m\u00ed van a tener a un amigo\u201d, expres\u00f3 Madue\u00f1a Molina al se\u00f1alar que para sanear las finanzas de la Universidad se comprometi\u00f3 con las autoridades federales de la SEP y con el Gobernador Electo, doctor Rub\u00e9n Rocha Moya a hacer ajustes para que el presupuesto alcance en la instituci\u00f3n.<\/p>\n\n\n\n<p>\u201cUna de las tareas que tenemos que hacer es revisar nuestro Contrato Colectivo de Trabajo, actualizarlo, pero lo reitero aqu\u00ed: no vamos a modificar nada que lesione el bolsillo de los trabajadores, en eso no hay negociaci\u00f3n y lo digo como Rector, en eso no podemos transitar afectando a los trabajadores\u201d, enfatiz\u00f3 el Rector.<\/p>\n\n\n\n<figure class=\"wp-block-image size-large\"><img decoding=\"async\" width=\"1024\" height=\"682\" src=\"https:\/\/fuentesfidedignas.com.mx\/wp-content\/uploads\/2021\/10\/IMG_9605-1024x682.jpg\" alt=\"\" class=\"wp-image-15924\" srcset=\"https:\/\/fuentesfidedignas.com.mx\/wp-content\/uploads\/2021\/10\/IMG_9605-1024x682.jpg 1024w, https:\/\/fuentesfidedignas.com.mx\/wp-content\/uploads\/2021\/10\/IMG_9605-300x200.jpg 300w, https:\/\/fuentesfidedignas.com.mx\/wp-content\/uploads\/2021\/10\/IMG_9605-768x512.jpg 768w, https:\/\/fuentesfidedignas.com.mx\/wp-content\/uploads\/2021\/10\/IMG_9605-1536x1024.jpg 1536w, https:\/\/fuentesfidedignas.com.mx\/wp-content\/uploads\/2021\/10\/IMG_9605.jpg 2000w\" sizes=\"(max-width: 1024px) 100vw, 1024px\" \/><\/figure>\n\n\n\n<p>Plante\u00f3 que se deben revisar prestaciones que no lesionen el ingreso de los trabajadores pero que la Federaci\u00f3n considera \u201cabusivas\u201d y como ejemplo cit\u00f3 los d\u00edas de vacaciones y los d\u00edas de asueto por Carnaval, de tal forma que se proteja lo m\u00e1s importante que son las prestaciones econ\u00f3micas.<\/p>\n\n\n\n<p>Correspondi\u00f3 al secretario general del SUNTUAS Acad\u00e9micos, Jos\u00e9 Carlos Aceves Tamayo tomar protesta a los representantes directos de los trabajadores docentes, quienes ser\u00e1n en los pr\u00f3ximos tres a\u00f1os un puente entre el Comit\u00e9 Ejecutivo y la base trabajadora.<\/p>\n\n\n\n<p>A los cegedistas que rindieron protesta les agradeci\u00f3 y reconoci\u00f3 la responsabilidad que asumen este d\u00eda y detall\u00f3 que con el voto universal, libre y secreto se llev\u00f3 a cabo la elecci\u00f3n de los representantes sindicales, otorgando legitimidad a la estructura sindical, mientras que al Rector le reiter\u00f3 el trabajo unido para defender la autonom\u00eda universitaria, la educaci\u00f3n p\u00fablica de calidad, mejores presupuestos y el bienestar de los trabajadores sindicalizados.<\/p>\n\n\n\n<p>La secretaria de Organizaci\u00f3n del SUNTUAS Acad\u00e9micos, doctora Carmen Esthela Fierros P\u00e9rez, dio a conocer los resultados de la elecci\u00f3n de los Comit\u00e9s Delegacionales para el periodo 2021-2024 donde se integraron 120 comit\u00e9s delegacionales y fueron electos 181 delegados.<\/p>\n","protected":false},"excerpt":{"rendered":"<p>Plante\u00f3 que se deben revisar prestaciones que no lesionen el ingreso de los trabajadores Culiac\u00e1n Sin. Respetar el Contrato Colectivo de Trabajo y siempre proteger, defender y priorizar el salario de los universitarios, reiter\u00f3 el Rector de la Universidad Aut\u00f3noma de Sinaloa (UAS), doctor Jes\u00fas Madue\u00f1a Molina, al asistir como invitado de honor a la [&hellip;]<\/p>\n","protected":false},"author":4,"featured_media":15925,"comment_status":"open","ping_status":"open","sticky":false,"template":"","format":"standard","meta":{"tdm_status":"","tdm_grid_status":"","footnotes":""},"categories":[37],"tags":[],"class_list":{"0":"post-15923","1":"post","2":"type-post","3":"status-publish","4":"format-standard","5":"has-post-thumbnail","7":"category-nota-principal"},"yoast_head":"<!-- This site is optimized with the Yoast SEO plugin v27.5 - https:\/\/yoast.com\/product\/yoast-seo-wordpress\/ -->\n<title>Respetar\u00e1 la UAS los derechos de los trabajadores: Rector - Fuentes Fidedignas<\/title>\n<meta name=\"robots\" content=\"index, follow, max-snippet:-1, max-image-preview:large, max-video-preview:-1\" \/>\n<link rel=\"canonical\" href=\"https:\/\/fuentesfidedignas.com.mx\/index.php\/2021\/10\/26\/respetara-la-uas-los-derechos-de-los-trabajadores-rector\/\" \/>\n<meta property=\"og:locale\" content=\"es_MX\" \/>\n<meta property=\"og:type\" content=\"article\" \/>\n<meta property=\"og:title\" content=\"Respetar\u00e1 la UAS los derechos de los trabajadores: Rector - Fuentes Fidedignas\" \/>\n<meta property=\"og:description\" content=\"Plante\u00f3 que se deben revisar prestaciones que no lesionen el ingreso de los trabajadores Culiac\u00e1n Sin. Respetar el Contrato Colectivo de Trabajo y siempre proteger, defender y priorizar el salario de los universitarios, reiter\u00f3 el Rector de la Universidad Aut\u00f3noma de Sinaloa (UAS), doctor Jes\u00fas Madue\u00f1a Molina, al asistir como invitado de honor a la [&hellip;]\" \/>\n<meta property=\"og:url\" content=\"https:\/\/fuentesfidedignas.com.mx\/index.php\/2021\/10\/26\/respetara-la-uas-los-derechos-de-los-trabajadores-rector\/\" \/>\n<meta property=\"og:site_name\" content=\"Fuentes Fidedignas\" \/>\n<meta property=\"article:publisher\" content=\"https:\/\/www.facebook.com\/Fuentes-Fidedignas-368234489921644\" \/>\n<meta property=\"article:published_time\" content=\"2021-10-26T17:17:55+00:00\" \/>\n<meta property=\"article:modified_time\" content=\"2021-10-26T17:18:00+00:00\" \/>\n<meta property=\"og:image\" content=\"https:\/\/fuentesfidedignas.com.mx\/wp-content\/uploads\/2021\/10\/IMG_9617.jpg\" \/>\n\t<meta property=\"og:image:width\" content=\"2000\" \/>\n\t<meta property=\"og:image:height\" content=\"1333\" \/>\n\t<meta property=\"og:image:type\" content=\"image\/jpeg\" \/>\n<meta name=\"author\" content=\"Redacci\u00f3n\" \/>\n<meta name=\"twitter:card\" content=\"summary_large_image\" \/>\n<meta name=\"twitter:creator\" content=\"@fidedignas\" \/>\n<meta name=\"twitter:site\" content=\"@fidedignas\" \/>\n<meta name=\"twitter:label1\" content=\"Escrito por\" \/>\n\t<meta name=\"twitter:data1\" content=\"Redacci\u00f3n\" \/>\n\t<meta name=\"twitter:label2\" content=\"Tiempo de lectura\" \/>\n\t<meta name=\"twitter:data2\" content=\"3 minutos\" \/>\n<script type=\"application\/ld+json\" class=\"yoast-schema-graph\">{\"@context\":\"https:\\\/\\\/schema.org\",\"@graph\":[{\"@type\":\"Article\",\"@id\":\"https:\\\/\\\/fuentesfidedignas.com.mx\\\/index.php\\\/2021\\\/10\\\/26\\\/respetara-la-uas-los-derechos-de-los-trabajadores-rector\\\/#article\",\"isPartOf\":{\"@id\":\"https:\\\/\\\/fuentesfidedignas.com.mx\\\/index.php\\\/2021\\\/10\\\/26\\\/respetara-la-uas-los-derechos-de-los-trabajadores-rector\\\/\"},\"author\":{\"name\":\"Redacci\u00f3n\",\"@id\":\"https:\\\/\\\/fuentesfidedignas.com.mx\\\/#\\\/schema\\\/person\\\/331be9283d37198e2acd5750279085b0\"},\"headline\":\"Respetar\u00e1 la UAS los derechos de los trabajadores: Rector\",\"datePublished\":\"2021-10-26T17:17:55+00:00\",\"dateModified\":\"2021-10-26T17:18:00+00:00\",\"mainEntityOfPage\":{\"@id\":\"https:\\\/\\\/fuentesfidedignas.com.mx\\\/index.php\\\/2021\\\/10\\\/26\\\/respetara-la-uas-los-derechos-de-los-trabajadores-rector\\\/\"},\"wordCount\":475,\"commentCount\":0,\"publisher\":{\"@id\":\"https:\\\/\\\/fuentesfidedignas.com.mx\\\/#organization\"},\"image\":{\"@id\":\"https:\\\/\\\/fuentesfidedignas.com.mx\\\/index.php\\\/2021\\\/10\\\/26\\\/respetara-la-uas-los-derechos-de-los-trabajadores-rector\\\/#primaryimage\"},\"thumbnailUrl\":\"https:\\\/\\\/fuentesfidedignas.com.mx\\\/wp-content\\\/uploads\\\/2021\\\/10\\\/IMG_9617.jpg\",\"articleSection\":[\"NOTA PRINCIPAL\"],\"inLanguage\":\"es\",\"potentialAction\":[{\"@type\":\"CommentAction\",\"name\":\"Comment\",\"target\":[\"https:\\\/\\\/fuentesfidedignas.com.mx\\\/index.php\\\/2021\\\/10\\\/26\\\/respetara-la-uas-los-derechos-de-los-trabajadores-rector\\\/#respond\"]}]},{\"@type\":\"WebPage\",\"@id\":\"https:\\\/\\\/fuentesfidedignas.com.mx\\\/index.php\\\/2021\\\/10\\\/26\\\/respetara-la-uas-los-derechos-de-los-trabajadores-rector\\\/\",\"url\":\"https:\\\/\\\/fuentesfidedignas.com.mx\\\/index.php\\\/2021\\\/10\\\/26\\\/respetara-la-uas-los-derechos-de-los-trabajadores-rector\\\/\",\"name\":\"Respetar\u00e1 la UAS los derechos de los trabajadores: Rector - Fuentes Fidedignas\",\"isPartOf\":{\"@id\":\"https:\\\/\\\/fuentesfidedignas.com.mx\\\/#website\"},\"primaryImageOfPage\":{\"@id\":\"https:\\\/\\\/fuentesfidedignas.com.mx\\\/index.php\\\/2021\\\/10\\\/26\\\/respetara-la-uas-los-derechos-de-los-trabajadores-rector\\\/#primaryimage\"},\"image\":{\"@id\":\"https:\\\/\\\/fuentesfidedignas.com.mx\\\/index.php\\\/2021\\\/10\\\/26\\\/respetara-la-uas-los-derechos-de-los-trabajadores-rector\\\/#primaryimage\"},\"thumbnailUrl\":\"https:\\\/\\\/fuentesfidedignas.com.mx\\\/wp-content\\\/uploads\\\/2021\\\/10\\\/IMG_9617.jpg\",\"datePublished\":\"2021-10-26T17:17:55+00:00\",\"dateModified\":\"2021-10-26T17:18:00+00:00\",\"breadcrumb\":{\"@id\":\"https:\\\/\\\/fuentesfidedignas.com.mx\\\/index.php\\\/2021\\\/10\\\/26\\\/respetara-la-uas-los-derechos-de-los-trabajadores-rector\\\/#breadcrumb\"},\"inLanguage\":\"es\",\"potentialAction\":[{\"@type\":\"ReadAction\",\"target\":[\"https:\\\/\\\/fuentesfidedignas.com.mx\\\/index.php\\\/2021\\\/10\\\/26\\\/respetara-la-uas-los-derechos-de-los-trabajadores-rector\\\/\"]}]},{\"@type\":\"ImageObject\",\"inLanguage\":\"es\",\"@id\":\"https:\\\/\\\/fuentesfidedignas.com.mx\\\/index.php\\\/2021\\\/10\\\/26\\\/respetara-la-uas-los-derechos-de-los-trabajadores-rector\\\/#primaryimage\",\"url\":\"https:\\\/\\\/fuentesfidedignas.com.mx\\\/wp-content\\\/uploads\\\/2021\\\/10\\\/IMG_9617.jpg\",\"contentUrl\":\"https:\\\/\\\/fuentesfidedignas.com.mx\\\/wp-content\\\/uploads\\\/2021\\\/10\\\/IMG_9617.jpg\",\"width\":2000,\"height\":1333},{\"@type\":\"BreadcrumbList\",\"@id\":\"https:\\\/\\\/fuentesfidedignas.com.mx\\\/index.php\\\/2021\\\/10\\\/26\\\/respetara-la-uas-los-derechos-de-los-trabajadores-rector\\\/#breadcrumb\",\"itemListElement\":[{\"@type\":\"ListItem\",\"position\":1,\"name\":\"Inicio\",\"item\":\"https:\\\/\\\/fuentesfidedignas.com.mx\\\/\"},{\"@type\":\"ListItem\",\"position\":2,\"name\":\"Respetar\u00e1 la UAS los derechos de los trabajadores: Rector\"}]},{\"@type\":\"WebSite\",\"@id\":\"https:\\\/\\\/fuentesfidedignas.com.mx\\\/#website\",\"url\":\"https:\\\/\\\/fuentesfidedignas.com.mx\\\/\",\"name\":\"Fuentes Fidedignas\",\"description\":\"Otro sitio realizado con WordPress\",\"publisher\":{\"@id\":\"https:\\\/\\\/fuentesfidedignas.com.mx\\\/#organization\"},\"potentialAction\":[{\"@type\":\"SearchAction\",\"target\":{\"@type\":\"EntryPoint\",\"urlTemplate\":\"https:\\\/\\\/fuentesfidedignas.com.mx\\\/?s={search_term_string}\"},\"query-input\":{\"@type\":\"PropertyValueSpecification\",\"valueRequired\":true,\"valueName\":\"search_term_string\"}}],\"inLanguage\":\"es\"},{\"@type\":\"Organization\",\"@id\":\"https:\\\/\\\/fuentesfidedignas.com.mx\\\/#organization\",\"name\":\"Fuentes Fidedignas\",\"url\":\"https:\\\/\\\/fuentesfidedignas.com.mx\\\/\",\"logo\":{\"@type\":\"ImageObject\",\"inLanguage\":\"es\",\"@id\":\"https:\\\/\\\/fuentesfidedignas.com.mx\\\/#\\\/schema\\\/logo\\\/image\\\/\",\"url\":\"https:\\\/\\\/fuentesfidedignas.com.mx\\\/wp-content\\\/uploads\\\/2021\\\/04\\\/logo-retina.png\",\"contentUrl\":\"https:\\\/\\\/fuentesfidedignas.com.mx\\\/wp-content\\\/uploads\\\/2021\\\/04\\\/logo-retina.png\",\"width\":280,\"height\":51,\"caption\":\"Fuentes Fidedignas\"},\"image\":{\"@id\":\"https:\\\/\\\/fuentesfidedignas.com.mx\\\/#\\\/schema\\\/logo\\\/image\\\/\"},\"sameAs\":[\"https:\\\/\\\/www.facebook.com\\\/Fuentes-Fidedignas-368234489921644\",\"https:\\\/\\\/x.com\\\/fidedignas\"]},{\"@type\":\"Person\",\"@id\":\"https:\\\/\\\/fuentesfidedignas.com.mx\\\/#\\\/schema\\\/person\\\/331be9283d37198e2acd5750279085b0\",\"name\":\"Redacci\u00f3n\",\"image\":{\"@type\":\"ImageObject\",\"inLanguage\":\"es\",\"@id\":\"https:\\\/\\\/secure.gravatar.com\\\/avatar\\\/f6d8782c11d12b2d4ad3fbb6931aeab5309937a4d6cd2fc9cfaa28a6396a5aec?s=96&d=mm&r=g\",\"url\":\"https:\\\/\\\/secure.gravatar.com\\\/avatar\\\/f6d8782c11d12b2d4ad3fbb6931aeab5309937a4d6cd2fc9cfaa28a6396a5aec?s=96&d=mm&r=g\",\"contentUrl\":\"https:\\\/\\\/secure.gravatar.com\\\/avatar\\\/f6d8782c11d12b2d4ad3fbb6931aeab5309937a4d6cd2fc9cfaa28a6396a5aec?s=96&d=mm&r=g\",\"caption\":\"Redacci\u00f3n\"},\"url\":\"https:\\\/\\\/fuentesfidedignas.com.mx\\\/index.php\\\/author\\\/redaccion\\\/\"}]}<\/script>\n<!-- \/ Yoast SEO plugin. -->","yoast_head_json":{"title":"Respetar\u00e1 la UAS los derechos de los trabajadores: Rector - Fuentes Fidedignas","robots":{"index":"index","follow":"follow","max-snippet":"max-snippet:-1","max-image-preview":"max-image-preview:large","max-video-preview":"max-video-preview:-1"},"canonical":"https:\/\/fuentesfidedignas.com.mx\/index.php\/2021\/10\/26\/respetara-la-uas-los-derechos-de-los-trabajadores-rector\/","og_locale":"es_MX","og_type":"article","og_title":"Respetar\u00e1 la UAS los derechos de los trabajadores: Rector - Fuentes Fidedignas","og_description":"Plante\u00f3 que se deben revisar prestaciones que no lesionen el ingreso de los trabajadores Culiac\u00e1n Sin. Respetar el Contrato Colectivo de Trabajo y siempre proteger, defender y priorizar el salario de los universitarios, reiter\u00f3 el Rector de la Universidad Aut\u00f3noma de Sinaloa (UAS), doctor Jes\u00fas Madue\u00f1a Molina, al asistir como invitado de honor a la [&hellip;]","og_url":"https:\/\/fuentesfidedignas.com.mx\/index.php\/2021\/10\/26\/respetara-la-uas-los-derechos-de-los-trabajadores-rector\/","og_site_name":"Fuentes Fidedignas","article_publisher":"https:\/\/www.facebook.com\/Fuentes-Fidedignas-368234489921644","article_published_time":"2021-10-26T17:17:55+00:00","article_modified_time":"2021-10-26T17:18:00+00:00","og_image":[{"width":2000,"height":1333,"url":"https:\/\/fuentesfidedignas.com.mx\/wp-content\/uploads\/2021\/10\/IMG_9617.jpg","type":"image\/jpeg"}],"author":"Redacci\u00f3n","twitter_card":"summary_large_image","twitter_creator":"@fidedignas","twitter_site":"@fidedignas","twitter_misc":{"Escrito por":"Redacci\u00f3n","Tiempo de lectura":"3 minutos"},"schema":{"@context":"https:\/\/schema.org","@graph":[{"@type":"Article","@id":"https:\/\/fuentesfidedignas.com.mx\/index.php\/2021\/10\/26\/respetara-la-uas-los-derechos-de-los-trabajadores-rector\/#article","isPartOf":{"@id":"https:\/\/fuentesfidedignas.com.mx\/index.php\/2021\/10\/26\/respetara-la-uas-los-derechos-de-los-trabajadores-rector\/"},"author":{"name":"Redacci\u00f3n","@id":"https:\/\/fuentesfidedignas.com.mx\/#\/schema\/person\/331be9283d37198e2acd5750279085b0"},"headline":"Respetar\u00e1 la UAS los derechos de los trabajadores: Rector","datePublished":"2021-10-26T17:17:55+00:00","dateModified":"2021-10-26T17:18:00+00:00","mainEntityOfPage":{"@id":"https:\/\/fuentesfidedignas.com.mx\/index.php\/2021\/10\/26\/respetara-la-uas-los-derechos-de-los-trabajadores-rector\/"},"wordCount":475,"commentCount":0,"publisher":{"@id":"https:\/\/fuentesfidedignas.com.mx\/#organization"},"image":{"@id":"https:\/\/fuentesfidedignas.com.mx\/index.php\/2021\/10\/26\/respetara-la-uas-los-derechos-de-los-trabajadores-rector\/#primaryimage"},"thumbnailUrl":"https:\/\/fuentesfidedignas.com.mx\/wp-content\/uploads\/2021\/10\/IMG_9617.jpg","articleSection":["NOTA PRINCIPAL"],"inLanguage":"es","potentialAction":[{"@type":"CommentAction","name":"Comment","target":["https:\/\/fuentesfidedignas.com.mx\/index.php\/2021\/10\/26\/respetara-la-uas-los-derechos-de-los-trabajadores-rector\/#respond"]}]},{"@type":"WebPage","@id":"https:\/\/fuentesfidedignas.com.mx\/index.php\/2021\/10\/26\/respetara-la-uas-los-derechos-de-los-trabajadores-rector\/","url":"https:\/\/fuentesfidedignas.com.mx\/index.php\/2021\/10\/26\/respetara-la-uas-los-derechos-de-los-trabajadores-rector\/","name":"Respetar\u00e1 la UAS los derechos de los trabajadores: Rector - Fuentes Fidedignas","isPartOf":{"@id":"https:\/\/fuentesfidedignas.com.mx\/#website"},"primaryImageOfPage":{"@id":"https:\/\/fuentesfidedignas.com.mx\/index.php\/2021\/10\/26\/respetara-la-uas-los-derechos-de-los-trabajadores-rector\/#primaryimage"},"image":{"@id":"https:\/\/fuentesfidedignas.com.mx\/index.php\/2021\/10\/26\/respetara-la-uas-los-derechos-de-los-trabajadores-rector\/#primaryimage"},"thumbnailUrl":"https:\/\/fuentesfidedignas.com.mx\/wp-content\/uploads\/2021\/10\/IMG_9617.jpg","datePublished":"2021-10-26T17:17:55+00:00","dateModified":"2021-10-26T17:18:00+00:00","breadcrumb":{"@id":"https:\/\/fuentesfidedignas.com.mx\/index.php\/2021\/10\/26\/respetara-la-uas-los-derechos-de-los-trabajadores-rector\/#breadcrumb"},"inLanguage":"es","potentialAction":[{"@type":"ReadAction","target":["https:\/\/fuentesfidedignas.com.mx\/index.php\/2021\/10\/26\/respetara-la-uas-los-derechos-de-los-trabajadores-rector\/"]}]},{"@type":"ImageObject","inLanguage":"es","@id":"https:\/\/fuentesfidedignas.com.mx\/index.php\/2021\/10\/26\/respetara-la-uas-los-derechos-de-los-trabajadores-rector\/#primaryimage","url":"https:\/\/fuentesfidedignas.com.mx\/wp-content\/uploads\/2021\/10\/IMG_9617.jpg","contentUrl":"https:\/\/fuentesfidedignas.com.mx\/wp-content\/uploads\/2021\/10\/IMG_9617.jpg","width":2000,"height":1333},{"@type":"BreadcrumbList","@id":"https:\/\/fuentesfidedignas.com.mx\/index.php\/2021\/10\/26\/respetara-la-uas-los-derechos-de-los-trabajadores-rector\/#breadcrumb","itemListElement":[{"@type":"ListItem","position":1,"name":"Inicio","item":"https:\/\/fuentesfidedignas.com.mx\/"},{"@type":"ListItem","position":2,"name":"Respetar\u00e1 la UAS los derechos de los trabajadores: Rector"}]},{"@type":"WebSite","@id":"https:\/\/fuentesfidedignas.com.mx\/#website","url":"https:\/\/fuentesfidedignas.com.mx\/","name":"Fuentes Fidedignas","description":"Otro sitio realizado con WordPress","publisher":{"@id":"https:\/\/fuentesfidedignas.com.mx\/#organization"},"potentialAction":[{"@type":"SearchAction","target":{"@type":"EntryPoint","urlTemplate":"https:\/\/fuentesfidedignas.com.mx\/?s={search_term_string}"},"query-input":{"@type":"PropertyValueSpecification","valueRequired":true,"valueName":"search_term_string"}}],"inLanguage":"es"},{"@type":"Organization","@id":"https:\/\/fuentesfidedignas.com.mx\/#organization","name":"Fuentes Fidedignas","url":"https:\/\/fuentesfidedignas.com.mx\/","logo":{"@type":"ImageObject","inLanguage":"es","@id":"https:\/\/fuentesfidedignas.com.mx\/#\/schema\/logo\/image\/","url":"https:\/\/fuentesfidedignas.com.mx\/wp-content\/uploads\/2021\/04\/logo-retina.png","contentUrl":"https:\/\/fuentesfidedignas.com.mx\/wp-content\/uploads\/2021\/04\/logo-retina.png","width":280,"height":51,"caption":"Fuentes Fidedignas"},"image":{"@id":"https:\/\/fuentesfidedignas.com.mx\/#\/schema\/logo\/image\/"},"sameAs":["https:\/\/www.facebook.com\/Fuentes-Fidedignas-368234489921644","https:\/\/x.com\/fidedignas"]},{"@type":"Person","@id":"https:\/\/fuentesfidedignas.com.mx\/#\/schema\/person\/331be9283d37198e2acd5750279085b0","name":"Redacci\u00f3n","image":{"@type":"ImageObject","inLanguage":"es","@id":"https:\/\/secure.gravatar.com\/avatar\/f6d8782c11d12b2d4ad3fbb6931aeab5309937a4d6cd2fc9cfaa28a6396a5aec?s=96&d=mm&r=g","url":"https:\/\/secure.gravatar.com\/avatar\/f6d8782c11d12b2d4ad3fbb6931aeab5309937a4d6cd2fc9cfaa28a6396a5aec?s=96&d=mm&r=g","contentUrl":"https:\/\/secure.gravatar.com\/avatar\/f6d8782c11d12b2d4ad3fbb6931aeab5309937a4d6cd2fc9cfaa28a6396a5aec?s=96&d=mm&r=g","caption":"Redacci\u00f3n"},"url":"https:\/\/fuentesfidedignas.com.mx\/index.php\/author\/redaccion\/"}]}},"_links":{"self":[{"href":"https:\/\/fuentesfidedignas.com.mx\/index.php\/wp-json\/wp\/v2\/posts\/15923","targetHints":{"allow":["GET"]}}],"collection":[{"href":"https:\/\/fuentesfidedignas.com.mx\/index.php\/wp-json\/wp\/v2\/posts"}],"about":[{"href":"https:\/\/fuentesfidedignas.com.mx\/index.php\/wp-json\/wp\/v2\/types\/post"}],"author":[{"embeddable":true,"href":"https:\/\/fuentesfidedignas.com.mx\/index.php\/wp-json\/wp\/v2\/users\/4"}],"replies":[{"embeddable":true,"href":"https:\/\/fuentesfidedignas.com.mx\/index.php\/wp-json\/wp\/v2\/comments?post=15923"}],"version-history":[{"count":1,"href":"https:\/\/fuentesfidedignas.com.mx\/index.php\/wp-json\/wp\/v2\/posts\/15923\/revisions"}],"predecessor-version":[{"id":15926,"href":"https:\/\/fuentesfidedignas.com.mx\/index.php\/wp-json\/wp\/v2\/posts\/15923\/revisions\/15926"}],"wp:featuredmedia":[{"embeddable":true,"href":"https:\/\/fuentesfidedignas.com.mx\/index.php\/wp-json\/wp\/v2\/media\/15925"}],"wp:attachment":[{"href":"https:\/\/fuentesfidedignas.com.mx\/index.php\/wp-json\/wp\/v2\/media?parent=15923"}],"wp:term":[{"taxonomy":"category","embeddable":true,"href":"https:\/\/fuentesfidedignas.com.mx\/index.php\/wp-json\/wp\/v2\/categories?post=15923"},{"taxonomy":"post_tag","embeddable":true,"href":"https:\/\/fuentesfidedignas.com.mx\/index.php\/wp-json\/wp\/v2\/tags?post=15923"}],"curies":[{"name":"wp","href":"https:\/\/api.w.org\/{rel}","templated":true}]}}