{"id":15902,"date":"2021-10-26T05:59:18","date_gmt":"2021-10-26T12:59:18","guid":{"rendered":"https:\/\/fuentesfidedignas.com.mx\/?p=15902"},"modified":"2021-10-26T05:59:21","modified_gmt":"2021-10-26T12:59:21","slug":"mexico-tiene-3-meses-de-reduccion-en-epidemia-de-covid-19-lopez-gatell","status":"publish","type":"post","link":"https:\/\/fuentesfidedignas.com.mx\/index.php\/2021\/10\/26\/mexico-tiene-3-meses-de-reduccion-en-epidemia-de-covid-19-lopez-gatell\/","title":{"rendered":"M\u00e9xico tiene 3 meses de reducci\u00f3n en epidemia de Covid-19: L\u00f3pez-Gatell"},"content":{"rendered":"\n<p><strong><em>La Secretar\u00eda de Salud inform\u00f3 en la \u00faltima jornada que M\u00e9xico suma 3 millones 784 mil 448 casos y 286 mil 496 muertes por COVID-19<\/em><\/strong><\/p>\n\n\n\n<p>Ciudad de M\u00e9xico. Hugo L\u00f3pez-Gatell, subsecretario de Salud, inform\u00f3 que la epidemia de COVID-19 en M\u00e9xico ya tiene un reducci\u00f3n de tres meses.<\/p>\n\n\n\n<p>En la conferencia matutina que se lleva a cabo en Palacio Nacional, L\u00f3pez-Gatell-Ram\u00edrez detall\u00f3 que esta reducci\u00f3n se muestra \u201cen todos los indicadores\u201d.<\/p>\n\n\n\n<p>&#8220;En general, noticias alentadoras. Llevamos tres meses consecutivos de reducci\u00f3n de la epidemia, lo que muestra la curva es que tenemos menos del 1 por ciento de casos activos\u201d, detall\u00f3.<\/p>\n\n\n\n<figure class=\"wp-block-embed is-type-rich is-provider-twitter wp-block-embed-twitter\"><div class=\"wp-block-embed__wrapper\">\n<blockquote class=\"twitter-tweet\" data-width=\"550\" data-dnt=\"true\"><p lang=\"es\" dir=\"ltr\">Al mostrar la curva epid\u00e9mica, M\u00e9xico acumula tres meses consecutivos de reducci\u00f3n de casos de COVID-19, asegur\u00f3 el subsecretario de Salud, Hugo L\u00f3pez-Gatell. <br><br>M\u00e1s en: <a href=\"https:\/\/t.co\/sKyIpNCulf\">https:\/\/t.co\/sKyIpNCulf<\/a> <a href=\"https:\/\/t.co\/wSc2zkIQqr\">pic.twitter.com\/wSc2zkIQqr<\/a><\/p>&mdash; Joaqu\u00edn L\u00f3pez-D\u00f3riga (@lopezdoriga) <a href=\"https:\/\/twitter.com\/lopezdoriga\/status\/1452973330659696641?ref_src=twsrc%5Etfw\">October 26, 2021<\/a><\/blockquote><script async src=\"https:\/\/platform.twitter.com\/widgets.js\" charset=\"utf-8\"><\/script>\n<\/div><\/figure>\n\n\n\n<p>El subsecretario de Salud federal apunt\u00f3 que la misma disminuci\u00f3n ocurre en las hospitalizaciones por coronavirus, donde si se comparamos con el punto m\u00e1ximo que ha llegado la epidemia en M\u00e9xico se tiene una ocupaci\u00f3n 84 por ciento menor, menos de un quinto de las camas COVID-19 est\u00e1n ocupadas.<\/p>\n\n\n\n<p>La Secretar\u00eda de Salud inform\u00f3 en la \u00faltima jornada que M\u00e9xico suma 3 millones 784 mil 448 casos y 286 mil 496 muertes por COVID-19.<\/p>\n\n\n\n<p>En las \u00faltimas 24 horas, el pa\u00eds registr\u00f3 mil 121 contagios y 150 defunciones por el coronavirus SARS-CoV-2.<\/p>\n\n\n\n<p>El funcionario de la Secretar\u00eda de Salud afirm\u00f3 que no se han identificado repuntes de casos positivos por dicha enfermedad en las escuelas desde el regreso a clases el pasado 30 de agosto.<\/p>\n\n\n\n<p>No se han identificado repuntes en la comunicad escolar, en la poblaci\u00f3n infantil y juvenil. Las escuelas o han significado un elemento de riesgo por el que se exacerbe la epidemia en las personas menores de edad\u201d, expuso.<\/p>\n\n\n\n<p>\u201cLos casos que se han presentado han ocurrido en el 0.15 por ciento de las escuelas, lo que indica que las posibilidades de control local con acciones puntuales en donde las ni\u00f1as, ni\u00f1os o adolescentes enfermos se ausentan temporalmente ayuda a que no se propague\u201d, recalc\u00f3.<\/p>\n","protected":false},"excerpt":{"rendered":"<p>La Secretar\u00eda de Salud inform\u00f3 en la \u00faltima jornada que M\u00e9xico suma 3 millones 784 mil 448 casos y 286 mil 496 muertes por COVID-19 Ciudad de M\u00e9xico. Hugo L\u00f3pez-Gatell, subsecretario de Salud, inform\u00f3 que la epidemia de COVID-19 en M\u00e9xico ya tiene un reducci\u00f3n de tres meses. En la conferencia matutina que se lleva [&hellip;]<\/p>\n","protected":false},"author":47,"featured_media":15903,"comment_status":"open","ping_status":"open","sticky":false,"template":"","format":"standard","meta":{"tdm_status":"","tdm_grid_status":"","footnotes":""},"categories":[37],"tags":[332,59,416],"class_list":{"0":"post-15902","1":"post","2":"type-post","3":"status-publish","4":"format-standard","5":"has-post-thumbnail","7":"category-nota-principal","8":"tag-coronavirus","9":"tag-covid-19","10":"tag-sars-cov-2"},"yoast_head":"<!-- This site is optimized with the Yoast SEO plugin v27.5 - https:\/\/yoast.com\/product\/yoast-seo-wordpress\/ -->\n<title>M\u00e9xico tiene 3 meses de reducci\u00f3n en epidemia de Covid-19: L\u00f3pez-Gatell - Fuentes Fidedignas<\/title>\n<meta name=\"robots\" content=\"index, follow, max-snippet:-1, max-image-preview:large, max-video-preview:-1\" \/>\n<link rel=\"canonical\" href=\"https:\/\/fuentesfidedignas.com.mx\/index.php\/2021\/10\/26\/mexico-tiene-3-meses-de-reduccion-en-epidemia-de-covid-19-lopez-gatell\/\" \/>\n<meta property=\"og:locale\" content=\"es_MX\" \/>\n<meta property=\"og:type\" content=\"article\" \/>\n<meta property=\"og:title\" content=\"M\u00e9xico tiene 3 meses de reducci\u00f3n en epidemia de Covid-19: L\u00f3pez-Gatell - Fuentes Fidedignas\" \/>\n<meta property=\"og:description\" content=\"La Secretar\u00eda de Salud inform\u00f3 en la \u00faltima jornada que M\u00e9xico suma 3 millones 784 mil 448 casos y 286 mil 496 muertes por COVID-19 Ciudad de M\u00e9xico. Hugo L\u00f3pez-Gatell, subsecretario de Salud, inform\u00f3 que la epidemia de COVID-19 en M\u00e9xico ya tiene un reducci\u00f3n de tres meses. En la conferencia matutina que se lleva [&hellip;]\" \/>\n<meta property=\"og:url\" content=\"https:\/\/fuentesfidedignas.com.mx\/index.php\/2021\/10\/26\/mexico-tiene-3-meses-de-reduccion-en-epidemia-de-covid-19-lopez-gatell\/\" \/>\n<meta property=\"og:site_name\" content=\"Fuentes Fidedignas\" \/>\n<meta property=\"article:publisher\" content=\"https:\/\/www.facebook.com\/Fuentes-Fidedignas-368234489921644\" \/>\n<meta property=\"article:published_time\" content=\"2021-10-26T12:59:18+00:00\" \/>\n<meta property=\"article:modified_time\" content=\"2021-10-26T12:59:21+00:00\" \/>\n<meta property=\"og:image\" content=\"https:\/\/fuentesfidedignas.com.mx\/wp-content\/uploads\/2021\/10\/mexico-cdmx-covid-coronavirus.jpg\" \/>\n\t<meta property=\"og:image:width\" content=\"980\" \/>\n\t<meta property=\"og:image:height\" content=\"550\" \/>\n\t<meta property=\"og:image:type\" content=\"image\/jpeg\" \/>\n<meta name=\"author\" content=\"L\u00f3pez D\u00f3riga\" \/>\n<meta name=\"twitter:card\" content=\"summary_large_image\" \/>\n<meta name=\"twitter:creator\" content=\"@fidedignas\" \/>\n<meta name=\"twitter:site\" content=\"@fidedignas\" \/>\n<meta name=\"twitter:label1\" content=\"Escrito por\" \/>\n\t<meta name=\"twitter:data1\" content=\"L\u00f3pez D\u00f3riga\" \/>\n\t<meta name=\"twitter:label2\" content=\"Tiempo de lectura\" \/>\n\t<meta name=\"twitter:data2\" content=\"2 minutos\" \/>\n<script type=\"application\/ld+json\" class=\"yoast-schema-graph\">{\"@context\":\"https:\\\/\\\/schema.org\",\"@graph\":[{\"@type\":\"Article\",\"@id\":\"https:\\\/\\\/fuentesfidedignas.com.mx\\\/index.php\\\/2021\\\/10\\\/26\\\/mexico-tiene-3-meses-de-reduccion-en-epidemia-de-covid-19-lopez-gatell\\\/#article\",\"isPartOf\":{\"@id\":\"https:\\\/\\\/fuentesfidedignas.com.mx\\\/index.php\\\/2021\\\/10\\\/26\\\/mexico-tiene-3-meses-de-reduccion-en-epidemia-de-covid-19-lopez-gatell\\\/\"},\"author\":{\"name\":\"L\u00f3pez D\u00f3riga\",\"@id\":\"https:\\\/\\\/fuentesfidedignas.com.mx\\\/#\\\/schema\\\/person\\\/67d852f0557c8509146a4b9ddebd543a\"},\"headline\":\"M\u00e9xico tiene 3 meses de reducci\u00f3n en epidemia de Covid-19: L\u00f3pez-Gatell\",\"datePublished\":\"2021-10-26T12:59:18+00:00\",\"dateModified\":\"2021-10-26T12:59:21+00:00\",\"mainEntityOfPage\":{\"@id\":\"https:\\\/\\\/fuentesfidedignas.com.mx\\\/index.php\\\/2021\\\/10\\\/26\\\/mexico-tiene-3-meses-de-reduccion-en-epidemia-de-covid-19-lopez-gatell\\\/\"},\"wordCount\":341,\"commentCount\":0,\"publisher\":{\"@id\":\"https:\\\/\\\/fuentesfidedignas.com.mx\\\/#organization\"},\"image\":{\"@id\":\"https:\\\/\\\/fuentesfidedignas.com.mx\\\/index.php\\\/2021\\\/10\\\/26\\\/mexico-tiene-3-meses-de-reduccion-en-epidemia-de-covid-19-lopez-gatell\\\/#primaryimage\"},\"thumbnailUrl\":\"https:\\\/\\\/fuentesfidedignas.com.mx\\\/wp-content\\\/uploads\\\/2021\\\/10\\\/mexico-cdmx-covid-coronavirus.jpg\",\"keywords\":[\"Coronavirus\",\"Covid-19\",\"SARS-CoV-2\"],\"articleSection\":[\"NOTA PRINCIPAL\"],\"inLanguage\":\"es\",\"potentialAction\":[{\"@type\":\"CommentAction\",\"name\":\"Comment\",\"target\":[\"https:\\\/\\\/fuentesfidedignas.com.mx\\\/index.php\\\/2021\\\/10\\\/26\\\/mexico-tiene-3-meses-de-reduccion-en-epidemia-de-covid-19-lopez-gatell\\\/#respond\"]}]},{\"@type\":\"WebPage\",\"@id\":\"https:\\\/\\\/fuentesfidedignas.com.mx\\\/index.php\\\/2021\\\/10\\\/26\\\/mexico-tiene-3-meses-de-reduccion-en-epidemia-de-covid-19-lopez-gatell\\\/\",\"url\":\"https:\\\/\\\/fuentesfidedignas.com.mx\\\/index.php\\\/2021\\\/10\\\/26\\\/mexico-tiene-3-meses-de-reduccion-en-epidemia-de-covid-19-lopez-gatell\\\/\",\"name\":\"M\u00e9xico tiene 3 meses de reducci\u00f3n en epidemia de Covid-19: L\u00f3pez-Gatell - Fuentes Fidedignas\",\"isPartOf\":{\"@id\":\"https:\\\/\\\/fuentesfidedignas.com.mx\\\/#website\"},\"primaryImageOfPage\":{\"@id\":\"https:\\\/\\\/fuentesfidedignas.com.mx\\\/index.php\\\/2021\\\/10\\\/26\\\/mexico-tiene-3-meses-de-reduccion-en-epidemia-de-covid-19-lopez-gatell\\\/#primaryimage\"},\"image\":{\"@id\":\"https:\\\/\\\/fuentesfidedignas.com.mx\\\/index.php\\\/2021\\\/10\\\/26\\\/mexico-tiene-3-meses-de-reduccion-en-epidemia-de-covid-19-lopez-gatell\\\/#primaryimage\"},\"thumbnailUrl\":\"https:\\\/\\\/fuentesfidedignas.com.mx\\\/wp-content\\\/uploads\\\/2021\\\/10\\\/mexico-cdmx-covid-coronavirus.jpg\",\"datePublished\":\"2021-10-26T12:59:18+00:00\",\"dateModified\":\"2021-10-26T12:59:21+00:00\",\"breadcrumb\":{\"@id\":\"https:\\\/\\\/fuentesfidedignas.com.mx\\\/index.php\\\/2021\\\/10\\\/26\\\/mexico-tiene-3-meses-de-reduccion-en-epidemia-de-covid-19-lopez-gatell\\\/#breadcrumb\"},\"inLanguage\":\"es\",\"potentialAction\":[{\"@type\":\"ReadAction\",\"target\":[\"https:\\\/\\\/fuentesfidedignas.com.mx\\\/index.php\\\/2021\\\/10\\\/26\\\/mexico-tiene-3-meses-de-reduccion-en-epidemia-de-covid-19-lopez-gatell\\\/\"]}]},{\"@type\":\"ImageObject\",\"inLanguage\":\"es\",\"@id\":\"https:\\\/\\\/fuentesfidedignas.com.mx\\\/index.php\\\/2021\\\/10\\\/26\\\/mexico-tiene-3-meses-de-reduccion-en-epidemia-de-covid-19-lopez-gatell\\\/#primaryimage\",\"url\":\"https:\\\/\\\/fuentesfidedignas.com.mx\\\/wp-content\\\/uploads\\\/2021\\\/10\\\/mexico-cdmx-covid-coronavirus.jpg\",\"contentUrl\":\"https:\\\/\\\/fuentesfidedignas.com.mx\\\/wp-content\\\/uploads\\\/2021\\\/10\\\/mexico-cdmx-covid-coronavirus.jpg\",\"width\":980,\"height\":550},{\"@type\":\"BreadcrumbList\",\"@id\":\"https:\\\/\\\/fuentesfidedignas.com.mx\\\/index.php\\\/2021\\\/10\\\/26\\\/mexico-tiene-3-meses-de-reduccion-en-epidemia-de-covid-19-lopez-gatell\\\/#breadcrumb\",\"itemListElement\":[{\"@type\":\"ListItem\",\"position\":1,\"name\":\"Inicio\",\"item\":\"https:\\\/\\\/fuentesfidedignas.com.mx\\\/\"},{\"@type\":\"ListItem\",\"position\":2,\"name\":\"M\u00e9xico tiene 3 meses de reducci\u00f3n en epidemia de Covid-19: L\u00f3pez-Gatell\"}]},{\"@type\":\"WebSite\",\"@id\":\"https:\\\/\\\/fuentesfidedignas.com.mx\\\/#website\",\"url\":\"https:\\\/\\\/fuentesfidedignas.com.mx\\\/\",\"name\":\"Fuentes Fidedignas\",\"description\":\"Otro sitio realizado con WordPress\",\"publisher\":{\"@id\":\"https:\\\/\\\/fuentesfidedignas.com.mx\\\/#organization\"},\"potentialAction\":[{\"@type\":\"SearchAction\",\"target\":{\"@type\":\"EntryPoint\",\"urlTemplate\":\"https:\\\/\\\/fuentesfidedignas.com.mx\\\/?s={search_term_string}\"},\"query-input\":{\"@type\":\"PropertyValueSpecification\",\"valueRequired\":true,\"valueName\":\"search_term_string\"}}],\"inLanguage\":\"es\"},{\"@type\":\"Organization\",\"@id\":\"https:\\\/\\\/fuentesfidedignas.com.mx\\\/#organization\",\"name\":\"Fuentes Fidedignas\",\"url\":\"https:\\\/\\\/fuentesfidedignas.com.mx\\\/\",\"logo\":{\"@type\":\"ImageObject\",\"inLanguage\":\"es\",\"@id\":\"https:\\\/\\\/fuentesfidedignas.com.mx\\\/#\\\/schema\\\/logo\\\/image\\\/\",\"url\":\"https:\\\/\\\/fuentesfidedignas.com.mx\\\/wp-content\\\/uploads\\\/2021\\\/04\\\/logo-retina.png\",\"contentUrl\":\"https:\\\/\\\/fuentesfidedignas.com.mx\\\/wp-content\\\/uploads\\\/2021\\\/04\\\/logo-retina.png\",\"width\":280,\"height\":51,\"caption\":\"Fuentes Fidedignas\"},\"image\":{\"@id\":\"https:\\\/\\\/fuentesfidedignas.com.mx\\\/#\\\/schema\\\/logo\\\/image\\\/\"},\"sameAs\":[\"https:\\\/\\\/www.facebook.com\\\/Fuentes-Fidedignas-368234489921644\",\"https:\\\/\\\/x.com\\\/fidedignas\"]},{\"@type\":\"Person\",\"@id\":\"https:\\\/\\\/fuentesfidedignas.com.mx\\\/#\\\/schema\\\/person\\\/67d852f0557c8509146a4b9ddebd543a\",\"name\":\"L\u00f3pez D\u00f3riga\",\"image\":{\"@type\":\"ImageObject\",\"inLanguage\":\"es\",\"@id\":\"https:\\\/\\\/secure.gravatar.com\\\/avatar\\\/e525b06574ca18b33cded59dfe5778d6c823b9513154eff47da551b0551bdd1e?s=96&d=mm&r=g\",\"url\":\"https:\\\/\\\/secure.gravatar.com\\\/avatar\\\/e525b06574ca18b33cded59dfe5778d6c823b9513154eff47da551b0551bdd1e?s=96&d=mm&r=g\",\"contentUrl\":\"https:\\\/\\\/secure.gravatar.com\\\/avatar\\\/e525b06574ca18b33cded59dfe5778d6c823b9513154eff47da551b0551bdd1e?s=96&d=mm&r=g\",\"caption\":\"L\u00f3pez D\u00f3riga\"},\"url\":\"https:\\\/\\\/fuentesfidedignas.com.mx\\\/index.php\\\/author\\\/doriga\\\/\"}]}<\/script>\n<!-- \/ Yoast SEO plugin. -->","yoast_head_json":{"title":"M\u00e9xico tiene 3 meses de reducci\u00f3n en epidemia de Covid-19: L\u00f3pez-Gatell - Fuentes Fidedignas","robots":{"index":"index","follow":"follow","max-snippet":"max-snippet:-1","max-image-preview":"max-image-preview:large","max-video-preview":"max-video-preview:-1"},"canonical":"https:\/\/fuentesfidedignas.com.mx\/index.php\/2021\/10\/26\/mexico-tiene-3-meses-de-reduccion-en-epidemia-de-covid-19-lopez-gatell\/","og_locale":"es_MX","og_type":"article","og_title":"M\u00e9xico tiene 3 meses de reducci\u00f3n en epidemia de Covid-19: L\u00f3pez-Gatell - Fuentes Fidedignas","og_description":"La Secretar\u00eda de Salud inform\u00f3 en la \u00faltima jornada que M\u00e9xico suma 3 millones 784 mil 448 casos y 286 mil 496 muertes por COVID-19 Ciudad de M\u00e9xico. Hugo L\u00f3pez-Gatell, subsecretario de Salud, inform\u00f3 que la epidemia de COVID-19 en M\u00e9xico ya tiene un reducci\u00f3n de tres meses. En la conferencia matutina que se lleva [&hellip;]","og_url":"https:\/\/fuentesfidedignas.com.mx\/index.php\/2021\/10\/26\/mexico-tiene-3-meses-de-reduccion-en-epidemia-de-covid-19-lopez-gatell\/","og_site_name":"Fuentes Fidedignas","article_publisher":"https:\/\/www.facebook.com\/Fuentes-Fidedignas-368234489921644","article_published_time":"2021-10-26T12:59:18+00:00","article_modified_time":"2021-10-26T12:59:21+00:00","og_image":[{"width":980,"height":550,"url":"https:\/\/fuentesfidedignas.com.mx\/wp-content\/uploads\/2021\/10\/mexico-cdmx-covid-coronavirus.jpg","type":"image\/jpeg"}],"author":"L\u00f3pez D\u00f3riga","twitter_card":"summary_large_image","twitter_creator":"@fidedignas","twitter_site":"@fidedignas","twitter_misc":{"Escrito por":"L\u00f3pez D\u00f3riga","Tiempo de lectura":"2 minutos"},"schema":{"@context":"https:\/\/schema.org","@graph":[{"@type":"Article","@id":"https:\/\/fuentesfidedignas.com.mx\/index.php\/2021\/10\/26\/mexico-tiene-3-meses-de-reduccion-en-epidemia-de-covid-19-lopez-gatell\/#article","isPartOf":{"@id":"https:\/\/fuentesfidedignas.com.mx\/index.php\/2021\/10\/26\/mexico-tiene-3-meses-de-reduccion-en-epidemia-de-covid-19-lopez-gatell\/"},"author":{"name":"L\u00f3pez D\u00f3riga","@id":"https:\/\/fuentesfidedignas.com.mx\/#\/schema\/person\/67d852f0557c8509146a4b9ddebd543a"},"headline":"M\u00e9xico tiene 3 meses de reducci\u00f3n en epidemia de Covid-19: L\u00f3pez-Gatell","datePublished":"2021-10-26T12:59:18+00:00","dateModified":"2021-10-26T12:59:21+00:00","mainEntityOfPage":{"@id":"https:\/\/fuentesfidedignas.com.mx\/index.php\/2021\/10\/26\/mexico-tiene-3-meses-de-reduccion-en-epidemia-de-covid-19-lopez-gatell\/"},"wordCount":341,"commentCount":0,"publisher":{"@id":"https:\/\/fuentesfidedignas.com.mx\/#organization"},"image":{"@id":"https:\/\/fuentesfidedignas.com.mx\/index.php\/2021\/10\/26\/mexico-tiene-3-meses-de-reduccion-en-epidemia-de-covid-19-lopez-gatell\/#primaryimage"},"thumbnailUrl":"https:\/\/fuentesfidedignas.com.mx\/wp-content\/uploads\/2021\/10\/mexico-cdmx-covid-coronavirus.jpg","keywords":["Coronavirus","Covid-19","SARS-CoV-2"],"articleSection":["NOTA PRINCIPAL"],"inLanguage":"es","potentialAction":[{"@type":"CommentAction","name":"Comment","target":["https:\/\/fuentesfidedignas.com.mx\/index.php\/2021\/10\/26\/mexico-tiene-3-meses-de-reduccion-en-epidemia-de-covid-19-lopez-gatell\/#respond"]}]},{"@type":"WebPage","@id":"https:\/\/fuentesfidedignas.com.mx\/index.php\/2021\/10\/26\/mexico-tiene-3-meses-de-reduccion-en-epidemia-de-covid-19-lopez-gatell\/","url":"https:\/\/fuentesfidedignas.com.mx\/index.php\/2021\/10\/26\/mexico-tiene-3-meses-de-reduccion-en-epidemia-de-covid-19-lopez-gatell\/","name":"M\u00e9xico tiene 3 meses de reducci\u00f3n en epidemia de Covid-19: L\u00f3pez-Gatell - Fuentes Fidedignas","isPartOf":{"@id":"https:\/\/fuentesfidedignas.com.mx\/#website"},"primaryImageOfPage":{"@id":"https:\/\/fuentesfidedignas.com.mx\/index.php\/2021\/10\/26\/mexico-tiene-3-meses-de-reduccion-en-epidemia-de-covid-19-lopez-gatell\/#primaryimage"},"image":{"@id":"https:\/\/fuentesfidedignas.com.mx\/index.php\/2021\/10\/26\/mexico-tiene-3-meses-de-reduccion-en-epidemia-de-covid-19-lopez-gatell\/#primaryimage"},"thumbnailUrl":"https:\/\/fuentesfidedignas.com.mx\/wp-content\/uploads\/2021\/10\/mexico-cdmx-covid-coronavirus.jpg","datePublished":"2021-10-26T12:59:18+00:00","dateModified":"2021-10-26T12:59:21+00:00","breadcrumb":{"@id":"https:\/\/fuentesfidedignas.com.mx\/index.php\/2021\/10\/26\/mexico-tiene-3-meses-de-reduccion-en-epidemia-de-covid-19-lopez-gatell\/#breadcrumb"},"inLanguage":"es","potentialAction":[{"@type":"ReadAction","target":["https:\/\/fuentesfidedignas.com.mx\/index.php\/2021\/10\/26\/mexico-tiene-3-meses-de-reduccion-en-epidemia-de-covid-19-lopez-gatell\/"]}]},{"@type":"ImageObject","inLanguage":"es","@id":"https:\/\/fuentesfidedignas.com.mx\/index.php\/2021\/10\/26\/mexico-tiene-3-meses-de-reduccion-en-epidemia-de-covid-19-lopez-gatell\/#primaryimage","url":"https:\/\/fuentesfidedignas.com.mx\/wp-content\/uploads\/2021\/10\/mexico-cdmx-covid-coronavirus.jpg","contentUrl":"https:\/\/fuentesfidedignas.com.mx\/wp-content\/uploads\/2021\/10\/mexico-cdmx-covid-coronavirus.jpg","width":980,"height":550},{"@type":"BreadcrumbList","@id":"https:\/\/fuentesfidedignas.com.mx\/index.php\/2021\/10\/26\/mexico-tiene-3-meses-de-reduccion-en-epidemia-de-covid-19-lopez-gatell\/#breadcrumb","itemListElement":[{"@type":"ListItem","position":1,"name":"Inicio","item":"https:\/\/fuentesfidedignas.com.mx\/"},{"@type":"ListItem","position":2,"name":"M\u00e9xico tiene 3 meses de reducci\u00f3n en epidemia de Covid-19: L\u00f3pez-Gatell"}]},{"@type":"WebSite","@id":"https:\/\/fuentesfidedignas.com.mx\/#website","url":"https:\/\/fuentesfidedignas.com.mx\/","name":"Fuentes Fidedignas","description":"Otro sitio realizado con WordPress","publisher":{"@id":"https:\/\/fuentesfidedignas.com.mx\/#organization"},"potentialAction":[{"@type":"SearchAction","target":{"@type":"EntryPoint","urlTemplate":"https:\/\/fuentesfidedignas.com.mx\/?s={search_term_string}"},"query-input":{"@type":"PropertyValueSpecification","valueRequired":true,"valueName":"search_term_string"}}],"inLanguage":"es"},{"@type":"Organization","@id":"https:\/\/fuentesfidedignas.com.mx\/#organization","name":"Fuentes Fidedignas","url":"https:\/\/fuentesfidedignas.com.mx\/","logo":{"@type":"ImageObject","inLanguage":"es","@id":"https:\/\/fuentesfidedignas.com.mx\/#\/schema\/logo\/image\/","url":"https:\/\/fuentesfidedignas.com.mx\/wp-content\/uploads\/2021\/04\/logo-retina.png","contentUrl":"https:\/\/fuentesfidedignas.com.mx\/wp-content\/uploads\/2021\/04\/logo-retina.png","width":280,"height":51,"caption":"Fuentes Fidedignas"},"image":{"@id":"https:\/\/fuentesfidedignas.com.mx\/#\/schema\/logo\/image\/"},"sameAs":["https:\/\/www.facebook.com\/Fuentes-Fidedignas-368234489921644","https:\/\/x.com\/fidedignas"]},{"@type":"Person","@id":"https:\/\/fuentesfidedignas.com.mx\/#\/schema\/person\/67d852f0557c8509146a4b9ddebd543a","name":"L\u00f3pez D\u00f3riga","image":{"@type":"ImageObject","inLanguage":"es","@id":"https:\/\/secure.gravatar.com\/avatar\/e525b06574ca18b33cded59dfe5778d6c823b9513154eff47da551b0551bdd1e?s=96&d=mm&r=g","url":"https:\/\/secure.gravatar.com\/avatar\/e525b06574ca18b33cded59dfe5778d6c823b9513154eff47da551b0551bdd1e?s=96&d=mm&r=g","contentUrl":"https:\/\/secure.gravatar.com\/avatar\/e525b06574ca18b33cded59dfe5778d6c823b9513154eff47da551b0551bdd1e?s=96&d=mm&r=g","caption":"L\u00f3pez D\u00f3riga"},"url":"https:\/\/fuentesfidedignas.com.mx\/index.php\/author\/doriga\/"}]}},"_links":{"self":[{"href":"https:\/\/fuentesfidedignas.com.mx\/index.php\/wp-json\/wp\/v2\/posts\/15902","targetHints":{"allow":["GET"]}}],"collection":[{"href":"https:\/\/fuentesfidedignas.com.mx\/index.php\/wp-json\/wp\/v2\/posts"}],"about":[{"href":"https:\/\/fuentesfidedignas.com.mx\/index.php\/wp-json\/wp\/v2\/types\/post"}],"author":[{"embeddable":true,"href":"https:\/\/fuentesfidedignas.com.mx\/index.php\/wp-json\/wp\/v2\/users\/47"}],"replies":[{"embeddable":true,"href":"https:\/\/fuentesfidedignas.com.mx\/index.php\/wp-json\/wp\/v2\/comments?post=15902"}],"version-history":[{"count":1,"href":"https:\/\/fuentesfidedignas.com.mx\/index.php\/wp-json\/wp\/v2\/posts\/15902\/revisions"}],"predecessor-version":[{"id":15904,"href":"https:\/\/fuentesfidedignas.com.mx\/index.php\/wp-json\/wp\/v2\/posts\/15902\/revisions\/15904"}],"wp:featuredmedia":[{"embeddable":true,"href":"https:\/\/fuentesfidedignas.com.mx\/index.php\/wp-json\/wp\/v2\/media\/15903"}],"wp:attachment":[{"href":"https:\/\/fuentesfidedignas.com.mx\/index.php\/wp-json\/wp\/v2\/media?parent=15902"}],"wp:term":[{"taxonomy":"category","embeddable":true,"href":"https:\/\/fuentesfidedignas.com.mx\/index.php\/wp-json\/wp\/v2\/categories?post=15902"},{"taxonomy":"post_tag","embeddable":true,"href":"https:\/\/fuentesfidedignas.com.mx\/index.php\/wp-json\/wp\/v2\/tags?post=15902"}],"curies":[{"name":"wp","href":"https:\/\/api.w.org\/{rel}","templated":true}]}}