{"id":15882,"date":"2021-10-25T16:55:57","date_gmt":"2021-10-25T23:55:57","guid":{"rendered":"https:\/\/fuentesfidedignas.com.mx\/?p=15882"},"modified":"2021-10-25T16:55:58","modified_gmt":"2021-10-25T23:55:58","slug":"comparece-secretario-de-seguridad-publica-ante-la-lxiv-legislatura","status":"publish","type":"post","link":"https:\/\/fuentesfidedignas.com.mx\/index.php\/2021\/10\/25\/comparece-secretario-de-seguridad-publica-ante-la-lxiv-legislatura\/","title":{"rendered":"Comparece secretario de Seguridad P\u00fablica ante la LXIV Legislatura"},"content":{"rendered":"\n<p><strong><em>Crist\u00f3bal Casta\u00f1eda Camarillo atendi\u00f3 las inquietudes de los diputados, en el marco de la glosa del 5to. Informe de Gobierno<\/em><\/strong><\/p>\n\n\n\n<p>Culiac\u00e1n, Sin.- El esfuerzo de las y los polic\u00edas de Sinaloa junto con una estrategia y un esquema de seguridad bien definido, es lo que ha permitido que el estado haya mejorado sus \u00edndices de seguridad, expres\u00f3 ante los diputados de la 64 Legislatura, el Secretario de Seguridad P\u00fablica de la entidad, Crist\u00f3bal Casta\u00f1eda Camarillo.<\/p>\n\n\n\n<p>En atenci\u00f3n al llamado de los legisladores, en el marco de la glosa del 5to. Informe de Labores del Gobernador, Quirino Ordaz Coppel, el titular de Seguridad P\u00fablica enfatiz\u00f3 que, de acuerdo a estad\u00edsticas del Sistema Nacional de Seguridad P\u00fablica, del 2017 a la fecha, el estado ha registrado una tendencia a la baja en incidencia delictiva al pasar del lugar 9 hasta el sitio 28 de las 32 entidades federativas, es decir, se ubic\u00f3 dentro de los cinco estados con menor incidencia en el pa\u00eds.<\/p>\n\n\n\n<p>Se refiri\u00f3 tambi\u00e9n al logro de que Mazatl\u00e1n saliera del listado de las 50 ciudades m\u00e1s violentas del mundo y, aunque Culiac\u00e1n a\u00fan permanece, se logr\u00f3 escalar algunos esca\u00f1os pasando del lugar 12 en el 2017 al 25 en el 2020.<\/p>\n\n\n\n<p>Casta\u00f1eda Camarillo inform\u00f3 tambi\u00e9n sobre los resultados obtenidos durante el \u00faltimo a\u00f1o en el que se detuvieron a 4 mil 485 personas como presuntos responsables de la comisi\u00f3n de alg\u00fan delito, adem\u00e1s del aseguramiento de armamento, 103 laboratorios clandestinos, la destrucci\u00f3n de 158 plant\u00edos de mariguana, as\u00ed como precursores qu\u00edmicos y diversa cantidad y tipo de droga.<\/p>\n\n\n\n<p>Enfatiz\u00f3 que, gracias al apoyo del Gobernador, Quirino Ordaz Coppel, en el 2021 se invirtieron m\u00e1s de 308 millones de pesos para la adquisici\u00f3n de patrullas, armamento, uniformes y otros veh\u00edculos, tanto blindados como todo terreno que fueron entregados a la corporaci\u00f3n.<\/p>\n\n\n\n<p>El Secretario reconoci\u00f3 que falta trabajo por hacer pues el tema de seguridad es una de las principales demandas de la poblaci\u00f3n, sin embargo, gracias al esfuerzo y, sobre todo, a la estrecha coordinaci\u00f3n con las autoridades de los tres \u00f3rdenes de gobierno, se ha logrado avanzar y mejorar las condiciones de seguridad y el fortalecimiento del Estado de Derecho de acuerdo a lo establecido en la Estrategia Nacional de Seguridad P\u00fablica.<\/p>\n\n\n\n<p>Expuso que, al cierre de esta administraci\u00f3n, se ha sensibilizado a m\u00e1s de 1.5 millones de personas a trav\u00e9s de programas como Navega Seguro, Noviazgo Seguro, Ideas J\u00f3venes y otros, adem\u00e1s de haber llevado el mensaje de prevenci\u00f3n de violencia de g\u00e9nero al menos a 170 mil j\u00f3venes, a trav\u00e9s de la Direcci\u00f3n de Programas Preventivos.<\/p>\n\n\n\n<p>Cabe se\u00f1alar que tambi\u00e9n habl\u00f3 sobre las mejoras tecnol\u00f3gicas para la seguridad del Centro Penitenciario Aguaruto, as\u00ed como la remodelaci\u00f3n de m\u00f3dulos y la adquisici\u00f3n de veh\u00edculos y equipamiento para \u00e9stas \u00e1reas.<\/p>\n\n\n\n<p>Finalmente, consider\u00f3 que este tipo de ejercicios deben coadyuvar a la suma de sinergias en pro de la seguridad p\u00fablica, dignificando a las mujeres y hombres que trabajan por la seguridad de la poblaci\u00f3n.<\/p>\n","protected":false},"excerpt":{"rendered":"<p>Crist\u00f3bal Casta\u00f1eda Camarillo atendi\u00f3 las inquietudes de los diputados, en el marco de la glosa del 5to. Informe de Gobierno Culiac\u00e1n, Sin.- El esfuerzo de las y los polic\u00edas de Sinaloa junto con una estrategia y un esquema de seguridad bien definido, es lo que ha permitido que el estado haya mejorado sus \u00edndices de [&hellip;]<\/p>\n","protected":false},"author":4,"featured_media":15883,"comment_status":"open","ping_status":"open","sticky":false,"template":"","format":"standard","meta":{"tdm_status":"","tdm_grid_status":"","footnotes":""},"categories":[37],"tags":[],"class_list":{"0":"post-15882","1":"post","2":"type-post","3":"status-publish","4":"format-standard","5":"has-post-thumbnail","7":"category-nota-principal"},"yoast_head":"<!-- This site is optimized with the Yoast SEO plugin v27.5 - https:\/\/yoast.com\/product\/yoast-seo-wordpress\/ -->\n<title>Comparece secretario de Seguridad P\u00fablica ante la LXIV Legislatura - Fuentes Fidedignas<\/title>\n<meta name=\"robots\" content=\"index, follow, max-snippet:-1, max-image-preview:large, max-video-preview:-1\" \/>\n<link rel=\"canonical\" href=\"https:\/\/fuentesfidedignas.com.mx\/index.php\/2021\/10\/25\/comparece-secretario-de-seguridad-publica-ante-la-lxiv-legislatura\/\" \/>\n<meta property=\"og:locale\" content=\"es_MX\" \/>\n<meta property=\"og:type\" content=\"article\" \/>\n<meta property=\"og:title\" content=\"Comparece secretario de Seguridad P\u00fablica ante la LXIV Legislatura - Fuentes Fidedignas\" \/>\n<meta property=\"og:description\" content=\"Crist\u00f3bal Casta\u00f1eda Camarillo atendi\u00f3 las inquietudes de los diputados, en el marco de la glosa del 5to. Informe de Gobierno Culiac\u00e1n, Sin.- El esfuerzo de las y los polic\u00edas de Sinaloa junto con una estrategia y un esquema de seguridad bien definido, es lo que ha permitido que el estado haya mejorado sus \u00edndices de [&hellip;]\" \/>\n<meta property=\"og:url\" content=\"https:\/\/fuentesfidedignas.com.mx\/index.php\/2021\/10\/25\/comparece-secretario-de-seguridad-publica-ante-la-lxiv-legislatura\/\" \/>\n<meta property=\"og:site_name\" content=\"Fuentes Fidedignas\" \/>\n<meta property=\"article:publisher\" content=\"https:\/\/www.facebook.com\/Fuentes-Fidedignas-368234489921644\" \/>\n<meta property=\"article:published_time\" content=\"2021-10-25T23:55:57+00:00\" \/>\n<meta property=\"article:modified_time\" content=\"2021-10-25T23:55:58+00:00\" \/>\n<meta property=\"og:image\" content=\"https:\/\/fuentesfidedignas.com.mx\/wp-content\/uploads\/2021\/10\/COMPARECENCIA-SRIO.-SEGURIDAD-4.jpeg\" \/>\n\t<meta property=\"og:image:width\" content=\"1600\" \/>\n\t<meta property=\"og:image:height\" content=\"1066\" \/>\n\t<meta property=\"og:image:type\" content=\"image\/jpeg\" \/>\n<meta name=\"author\" content=\"Redacci\u00f3n\" \/>\n<meta name=\"twitter:card\" content=\"summary_large_image\" \/>\n<meta name=\"twitter:creator\" content=\"@fidedignas\" \/>\n<meta name=\"twitter:site\" content=\"@fidedignas\" \/>\n<meta name=\"twitter:label1\" content=\"Escrito por\" \/>\n\t<meta name=\"twitter:data1\" content=\"Redacci\u00f3n\" \/>\n\t<meta name=\"twitter:label2\" content=\"Tiempo de lectura\" \/>\n\t<meta name=\"twitter:data2\" content=\"3 minutos\" \/>\n<script type=\"application\/ld+json\" class=\"yoast-schema-graph\">{\"@context\":\"https:\\\/\\\/schema.org\",\"@graph\":[{\"@type\":\"Article\",\"@id\":\"https:\\\/\\\/fuentesfidedignas.com.mx\\\/index.php\\\/2021\\\/10\\\/25\\\/comparece-secretario-de-seguridad-publica-ante-la-lxiv-legislatura\\\/#article\",\"isPartOf\":{\"@id\":\"https:\\\/\\\/fuentesfidedignas.com.mx\\\/index.php\\\/2021\\\/10\\\/25\\\/comparece-secretario-de-seguridad-publica-ante-la-lxiv-legislatura\\\/\"},\"author\":{\"name\":\"Redacci\u00f3n\",\"@id\":\"https:\\\/\\\/fuentesfidedignas.com.mx\\\/#\\\/schema\\\/person\\\/331be9283d37198e2acd5750279085b0\"},\"headline\":\"Comparece secretario de Seguridad P\u00fablica ante la LXIV Legislatura\",\"datePublished\":\"2021-10-25T23:55:57+00:00\",\"dateModified\":\"2021-10-25T23:55:58+00:00\",\"mainEntityOfPage\":{\"@id\":\"https:\\\/\\\/fuentesfidedignas.com.mx\\\/index.php\\\/2021\\\/10\\\/25\\\/comparece-secretario-de-seguridad-publica-ante-la-lxiv-legislatura\\\/\"},\"wordCount\":541,\"commentCount\":0,\"publisher\":{\"@id\":\"https:\\\/\\\/fuentesfidedignas.com.mx\\\/#organization\"},\"image\":{\"@id\":\"https:\\\/\\\/fuentesfidedignas.com.mx\\\/index.php\\\/2021\\\/10\\\/25\\\/comparece-secretario-de-seguridad-publica-ante-la-lxiv-legislatura\\\/#primaryimage\"},\"thumbnailUrl\":\"https:\\\/\\\/fuentesfidedignas.com.mx\\\/wp-content\\\/uploads\\\/2021\\\/10\\\/COMPARECENCIA-SRIO.-SEGURIDAD-4.jpeg\",\"articleSection\":[\"NOTA PRINCIPAL\"],\"inLanguage\":\"es\",\"potentialAction\":[{\"@type\":\"CommentAction\",\"name\":\"Comment\",\"target\":[\"https:\\\/\\\/fuentesfidedignas.com.mx\\\/index.php\\\/2021\\\/10\\\/25\\\/comparece-secretario-de-seguridad-publica-ante-la-lxiv-legislatura\\\/#respond\"]}]},{\"@type\":\"WebPage\",\"@id\":\"https:\\\/\\\/fuentesfidedignas.com.mx\\\/index.php\\\/2021\\\/10\\\/25\\\/comparece-secretario-de-seguridad-publica-ante-la-lxiv-legislatura\\\/\",\"url\":\"https:\\\/\\\/fuentesfidedignas.com.mx\\\/index.php\\\/2021\\\/10\\\/25\\\/comparece-secretario-de-seguridad-publica-ante-la-lxiv-legislatura\\\/\",\"name\":\"Comparece secretario de Seguridad P\u00fablica ante la LXIV Legislatura - Fuentes Fidedignas\",\"isPartOf\":{\"@id\":\"https:\\\/\\\/fuentesfidedignas.com.mx\\\/#website\"},\"primaryImageOfPage\":{\"@id\":\"https:\\\/\\\/fuentesfidedignas.com.mx\\\/index.php\\\/2021\\\/10\\\/25\\\/comparece-secretario-de-seguridad-publica-ante-la-lxiv-legislatura\\\/#primaryimage\"},\"image\":{\"@id\":\"https:\\\/\\\/fuentesfidedignas.com.mx\\\/index.php\\\/2021\\\/10\\\/25\\\/comparece-secretario-de-seguridad-publica-ante-la-lxiv-legislatura\\\/#primaryimage\"},\"thumbnailUrl\":\"https:\\\/\\\/fuentesfidedignas.com.mx\\\/wp-content\\\/uploads\\\/2021\\\/10\\\/COMPARECENCIA-SRIO.-SEGURIDAD-4.jpeg\",\"datePublished\":\"2021-10-25T23:55:57+00:00\",\"dateModified\":\"2021-10-25T23:55:58+00:00\",\"breadcrumb\":{\"@id\":\"https:\\\/\\\/fuentesfidedignas.com.mx\\\/index.php\\\/2021\\\/10\\\/25\\\/comparece-secretario-de-seguridad-publica-ante-la-lxiv-legislatura\\\/#breadcrumb\"},\"inLanguage\":\"es\",\"potentialAction\":[{\"@type\":\"ReadAction\",\"target\":[\"https:\\\/\\\/fuentesfidedignas.com.mx\\\/index.php\\\/2021\\\/10\\\/25\\\/comparece-secretario-de-seguridad-publica-ante-la-lxiv-legislatura\\\/\"]}]},{\"@type\":\"ImageObject\",\"inLanguage\":\"es\",\"@id\":\"https:\\\/\\\/fuentesfidedignas.com.mx\\\/index.php\\\/2021\\\/10\\\/25\\\/comparece-secretario-de-seguridad-publica-ante-la-lxiv-legislatura\\\/#primaryimage\",\"url\":\"https:\\\/\\\/fuentesfidedignas.com.mx\\\/wp-content\\\/uploads\\\/2021\\\/10\\\/COMPARECENCIA-SRIO.-SEGURIDAD-4.jpeg\",\"contentUrl\":\"https:\\\/\\\/fuentesfidedignas.com.mx\\\/wp-content\\\/uploads\\\/2021\\\/10\\\/COMPARECENCIA-SRIO.-SEGURIDAD-4.jpeg\",\"width\":1600,\"height\":1066},{\"@type\":\"BreadcrumbList\",\"@id\":\"https:\\\/\\\/fuentesfidedignas.com.mx\\\/index.php\\\/2021\\\/10\\\/25\\\/comparece-secretario-de-seguridad-publica-ante-la-lxiv-legislatura\\\/#breadcrumb\",\"itemListElement\":[{\"@type\":\"ListItem\",\"position\":1,\"name\":\"Inicio\",\"item\":\"https:\\\/\\\/fuentesfidedignas.com.mx\\\/\"},{\"@type\":\"ListItem\",\"position\":2,\"name\":\"Comparece secretario de Seguridad P\u00fablica ante la LXIV Legislatura\"}]},{\"@type\":\"WebSite\",\"@id\":\"https:\\\/\\\/fuentesfidedignas.com.mx\\\/#website\",\"url\":\"https:\\\/\\\/fuentesfidedignas.com.mx\\\/\",\"name\":\"Fuentes Fidedignas\",\"description\":\"Otro sitio realizado con WordPress\",\"publisher\":{\"@id\":\"https:\\\/\\\/fuentesfidedignas.com.mx\\\/#organization\"},\"potentialAction\":[{\"@type\":\"SearchAction\",\"target\":{\"@type\":\"EntryPoint\",\"urlTemplate\":\"https:\\\/\\\/fuentesfidedignas.com.mx\\\/?s={search_term_string}\"},\"query-input\":{\"@type\":\"PropertyValueSpecification\",\"valueRequired\":true,\"valueName\":\"search_term_string\"}}],\"inLanguage\":\"es\"},{\"@type\":\"Organization\",\"@id\":\"https:\\\/\\\/fuentesfidedignas.com.mx\\\/#organization\",\"name\":\"Fuentes Fidedignas\",\"url\":\"https:\\\/\\\/fuentesfidedignas.com.mx\\\/\",\"logo\":{\"@type\":\"ImageObject\",\"inLanguage\":\"es\",\"@id\":\"https:\\\/\\\/fuentesfidedignas.com.mx\\\/#\\\/schema\\\/logo\\\/image\\\/\",\"url\":\"https:\\\/\\\/fuentesfidedignas.com.mx\\\/wp-content\\\/uploads\\\/2021\\\/04\\\/logo-retina.png\",\"contentUrl\":\"https:\\\/\\\/fuentesfidedignas.com.mx\\\/wp-content\\\/uploads\\\/2021\\\/04\\\/logo-retina.png\",\"width\":280,\"height\":51,\"caption\":\"Fuentes Fidedignas\"},\"image\":{\"@id\":\"https:\\\/\\\/fuentesfidedignas.com.mx\\\/#\\\/schema\\\/logo\\\/image\\\/\"},\"sameAs\":[\"https:\\\/\\\/www.facebook.com\\\/Fuentes-Fidedignas-368234489921644\",\"https:\\\/\\\/x.com\\\/fidedignas\"]},{\"@type\":\"Person\",\"@id\":\"https:\\\/\\\/fuentesfidedignas.com.mx\\\/#\\\/schema\\\/person\\\/331be9283d37198e2acd5750279085b0\",\"name\":\"Redacci\u00f3n\",\"image\":{\"@type\":\"ImageObject\",\"inLanguage\":\"es\",\"@id\":\"https:\\\/\\\/secure.gravatar.com\\\/avatar\\\/f6d8782c11d12b2d4ad3fbb6931aeab5309937a4d6cd2fc9cfaa28a6396a5aec?s=96&d=mm&r=g\",\"url\":\"https:\\\/\\\/secure.gravatar.com\\\/avatar\\\/f6d8782c11d12b2d4ad3fbb6931aeab5309937a4d6cd2fc9cfaa28a6396a5aec?s=96&d=mm&r=g\",\"contentUrl\":\"https:\\\/\\\/secure.gravatar.com\\\/avatar\\\/f6d8782c11d12b2d4ad3fbb6931aeab5309937a4d6cd2fc9cfaa28a6396a5aec?s=96&d=mm&r=g\",\"caption\":\"Redacci\u00f3n\"},\"url\":\"https:\\\/\\\/fuentesfidedignas.com.mx\\\/index.php\\\/author\\\/redaccion\\\/\"}]}<\/script>\n<!-- \/ Yoast SEO plugin. -->","yoast_head_json":{"title":"Comparece secretario de Seguridad P\u00fablica ante la LXIV Legislatura - Fuentes Fidedignas","robots":{"index":"index","follow":"follow","max-snippet":"max-snippet:-1","max-image-preview":"max-image-preview:large","max-video-preview":"max-video-preview:-1"},"canonical":"https:\/\/fuentesfidedignas.com.mx\/index.php\/2021\/10\/25\/comparece-secretario-de-seguridad-publica-ante-la-lxiv-legislatura\/","og_locale":"es_MX","og_type":"article","og_title":"Comparece secretario de Seguridad P\u00fablica ante la LXIV Legislatura - Fuentes Fidedignas","og_description":"Crist\u00f3bal Casta\u00f1eda Camarillo atendi\u00f3 las inquietudes de los diputados, en el marco de la glosa del 5to. Informe de Gobierno Culiac\u00e1n, Sin.- El esfuerzo de las y los polic\u00edas de Sinaloa junto con una estrategia y un esquema de seguridad bien definido, es lo que ha permitido que el estado haya mejorado sus \u00edndices de [&hellip;]","og_url":"https:\/\/fuentesfidedignas.com.mx\/index.php\/2021\/10\/25\/comparece-secretario-de-seguridad-publica-ante-la-lxiv-legislatura\/","og_site_name":"Fuentes Fidedignas","article_publisher":"https:\/\/www.facebook.com\/Fuentes-Fidedignas-368234489921644","article_published_time":"2021-10-25T23:55:57+00:00","article_modified_time":"2021-10-25T23:55:58+00:00","og_image":[{"width":1600,"height":1066,"url":"https:\/\/fuentesfidedignas.com.mx\/wp-content\/uploads\/2021\/10\/COMPARECENCIA-SRIO.-SEGURIDAD-4.jpeg","type":"image\/jpeg"}],"author":"Redacci\u00f3n","twitter_card":"summary_large_image","twitter_creator":"@fidedignas","twitter_site":"@fidedignas","twitter_misc":{"Escrito por":"Redacci\u00f3n","Tiempo de lectura":"3 minutos"},"schema":{"@context":"https:\/\/schema.org","@graph":[{"@type":"Article","@id":"https:\/\/fuentesfidedignas.com.mx\/index.php\/2021\/10\/25\/comparece-secretario-de-seguridad-publica-ante-la-lxiv-legislatura\/#article","isPartOf":{"@id":"https:\/\/fuentesfidedignas.com.mx\/index.php\/2021\/10\/25\/comparece-secretario-de-seguridad-publica-ante-la-lxiv-legislatura\/"},"author":{"name":"Redacci\u00f3n","@id":"https:\/\/fuentesfidedignas.com.mx\/#\/schema\/person\/331be9283d37198e2acd5750279085b0"},"headline":"Comparece secretario de Seguridad P\u00fablica ante la LXIV Legislatura","datePublished":"2021-10-25T23:55:57+00:00","dateModified":"2021-10-25T23:55:58+00:00","mainEntityOfPage":{"@id":"https:\/\/fuentesfidedignas.com.mx\/index.php\/2021\/10\/25\/comparece-secretario-de-seguridad-publica-ante-la-lxiv-legislatura\/"},"wordCount":541,"commentCount":0,"publisher":{"@id":"https:\/\/fuentesfidedignas.com.mx\/#organization"},"image":{"@id":"https:\/\/fuentesfidedignas.com.mx\/index.php\/2021\/10\/25\/comparece-secretario-de-seguridad-publica-ante-la-lxiv-legislatura\/#primaryimage"},"thumbnailUrl":"https:\/\/fuentesfidedignas.com.mx\/wp-content\/uploads\/2021\/10\/COMPARECENCIA-SRIO.-SEGURIDAD-4.jpeg","articleSection":["NOTA PRINCIPAL"],"inLanguage":"es","potentialAction":[{"@type":"CommentAction","name":"Comment","target":["https:\/\/fuentesfidedignas.com.mx\/index.php\/2021\/10\/25\/comparece-secretario-de-seguridad-publica-ante-la-lxiv-legislatura\/#respond"]}]},{"@type":"WebPage","@id":"https:\/\/fuentesfidedignas.com.mx\/index.php\/2021\/10\/25\/comparece-secretario-de-seguridad-publica-ante-la-lxiv-legislatura\/","url":"https:\/\/fuentesfidedignas.com.mx\/index.php\/2021\/10\/25\/comparece-secretario-de-seguridad-publica-ante-la-lxiv-legislatura\/","name":"Comparece secretario de Seguridad P\u00fablica ante la LXIV Legislatura - Fuentes Fidedignas","isPartOf":{"@id":"https:\/\/fuentesfidedignas.com.mx\/#website"},"primaryImageOfPage":{"@id":"https:\/\/fuentesfidedignas.com.mx\/index.php\/2021\/10\/25\/comparece-secretario-de-seguridad-publica-ante-la-lxiv-legislatura\/#primaryimage"},"image":{"@id":"https:\/\/fuentesfidedignas.com.mx\/index.php\/2021\/10\/25\/comparece-secretario-de-seguridad-publica-ante-la-lxiv-legislatura\/#primaryimage"},"thumbnailUrl":"https:\/\/fuentesfidedignas.com.mx\/wp-content\/uploads\/2021\/10\/COMPARECENCIA-SRIO.-SEGURIDAD-4.jpeg","datePublished":"2021-10-25T23:55:57+00:00","dateModified":"2021-10-25T23:55:58+00:00","breadcrumb":{"@id":"https:\/\/fuentesfidedignas.com.mx\/index.php\/2021\/10\/25\/comparece-secretario-de-seguridad-publica-ante-la-lxiv-legislatura\/#breadcrumb"},"inLanguage":"es","potentialAction":[{"@type":"ReadAction","target":["https:\/\/fuentesfidedignas.com.mx\/index.php\/2021\/10\/25\/comparece-secretario-de-seguridad-publica-ante-la-lxiv-legislatura\/"]}]},{"@type":"ImageObject","inLanguage":"es","@id":"https:\/\/fuentesfidedignas.com.mx\/index.php\/2021\/10\/25\/comparece-secretario-de-seguridad-publica-ante-la-lxiv-legislatura\/#primaryimage","url":"https:\/\/fuentesfidedignas.com.mx\/wp-content\/uploads\/2021\/10\/COMPARECENCIA-SRIO.-SEGURIDAD-4.jpeg","contentUrl":"https:\/\/fuentesfidedignas.com.mx\/wp-content\/uploads\/2021\/10\/COMPARECENCIA-SRIO.-SEGURIDAD-4.jpeg","width":1600,"height":1066},{"@type":"BreadcrumbList","@id":"https:\/\/fuentesfidedignas.com.mx\/index.php\/2021\/10\/25\/comparece-secretario-de-seguridad-publica-ante-la-lxiv-legislatura\/#breadcrumb","itemListElement":[{"@type":"ListItem","position":1,"name":"Inicio","item":"https:\/\/fuentesfidedignas.com.mx\/"},{"@type":"ListItem","position":2,"name":"Comparece secretario de Seguridad P\u00fablica ante la LXIV Legislatura"}]},{"@type":"WebSite","@id":"https:\/\/fuentesfidedignas.com.mx\/#website","url":"https:\/\/fuentesfidedignas.com.mx\/","name":"Fuentes Fidedignas","description":"Otro sitio realizado con WordPress","publisher":{"@id":"https:\/\/fuentesfidedignas.com.mx\/#organization"},"potentialAction":[{"@type":"SearchAction","target":{"@type":"EntryPoint","urlTemplate":"https:\/\/fuentesfidedignas.com.mx\/?s={search_term_string}"},"query-input":{"@type":"PropertyValueSpecification","valueRequired":true,"valueName":"search_term_string"}}],"inLanguage":"es"},{"@type":"Organization","@id":"https:\/\/fuentesfidedignas.com.mx\/#organization","name":"Fuentes Fidedignas","url":"https:\/\/fuentesfidedignas.com.mx\/","logo":{"@type":"ImageObject","inLanguage":"es","@id":"https:\/\/fuentesfidedignas.com.mx\/#\/schema\/logo\/image\/","url":"https:\/\/fuentesfidedignas.com.mx\/wp-content\/uploads\/2021\/04\/logo-retina.png","contentUrl":"https:\/\/fuentesfidedignas.com.mx\/wp-content\/uploads\/2021\/04\/logo-retina.png","width":280,"height":51,"caption":"Fuentes Fidedignas"},"image":{"@id":"https:\/\/fuentesfidedignas.com.mx\/#\/schema\/logo\/image\/"},"sameAs":["https:\/\/www.facebook.com\/Fuentes-Fidedignas-368234489921644","https:\/\/x.com\/fidedignas"]},{"@type":"Person","@id":"https:\/\/fuentesfidedignas.com.mx\/#\/schema\/person\/331be9283d37198e2acd5750279085b0","name":"Redacci\u00f3n","image":{"@type":"ImageObject","inLanguage":"es","@id":"https:\/\/secure.gravatar.com\/avatar\/f6d8782c11d12b2d4ad3fbb6931aeab5309937a4d6cd2fc9cfaa28a6396a5aec?s=96&d=mm&r=g","url":"https:\/\/secure.gravatar.com\/avatar\/f6d8782c11d12b2d4ad3fbb6931aeab5309937a4d6cd2fc9cfaa28a6396a5aec?s=96&d=mm&r=g","contentUrl":"https:\/\/secure.gravatar.com\/avatar\/f6d8782c11d12b2d4ad3fbb6931aeab5309937a4d6cd2fc9cfaa28a6396a5aec?s=96&d=mm&r=g","caption":"Redacci\u00f3n"},"url":"https:\/\/fuentesfidedignas.com.mx\/index.php\/author\/redaccion\/"}]}},"_links":{"self":[{"href":"https:\/\/fuentesfidedignas.com.mx\/index.php\/wp-json\/wp\/v2\/posts\/15882","targetHints":{"allow":["GET"]}}],"collection":[{"href":"https:\/\/fuentesfidedignas.com.mx\/index.php\/wp-json\/wp\/v2\/posts"}],"about":[{"href":"https:\/\/fuentesfidedignas.com.mx\/index.php\/wp-json\/wp\/v2\/types\/post"}],"author":[{"embeddable":true,"href":"https:\/\/fuentesfidedignas.com.mx\/index.php\/wp-json\/wp\/v2\/users\/4"}],"replies":[{"embeddable":true,"href":"https:\/\/fuentesfidedignas.com.mx\/index.php\/wp-json\/wp\/v2\/comments?post=15882"}],"version-history":[{"count":1,"href":"https:\/\/fuentesfidedignas.com.mx\/index.php\/wp-json\/wp\/v2\/posts\/15882\/revisions"}],"predecessor-version":[{"id":15884,"href":"https:\/\/fuentesfidedignas.com.mx\/index.php\/wp-json\/wp\/v2\/posts\/15882\/revisions\/15884"}],"wp:featuredmedia":[{"embeddable":true,"href":"https:\/\/fuentesfidedignas.com.mx\/index.php\/wp-json\/wp\/v2\/media\/15883"}],"wp:attachment":[{"href":"https:\/\/fuentesfidedignas.com.mx\/index.php\/wp-json\/wp\/v2\/media?parent=15882"}],"wp:term":[{"taxonomy":"category","embeddable":true,"href":"https:\/\/fuentesfidedignas.com.mx\/index.php\/wp-json\/wp\/v2\/categories?post=15882"},{"taxonomy":"post_tag","embeddable":true,"href":"https:\/\/fuentesfidedignas.com.mx\/index.php\/wp-json\/wp\/v2\/tags?post=15882"}],"curies":[{"name":"wp","href":"https:\/\/api.w.org\/{rel}","templated":true}]}}